{"id":63095,"date":"2021-05-27T03:18:46","date_gmt":"2021-05-27T08:18:46","guid":{"rendered":"https:\/\/akunq.net\/tr\/?p=63095"},"modified":"2021-05-27T03:18:46","modified_gmt":"2021-05-27T08:18:46","slug":"teskilat-i-mahsusadan-bugune-sembiyotik-devlet-mafya-iliskisi","status":"publish","type":"post","link":"https:\/\/akunq.net\/tr\/?p=63095","title":{"rendered":"Te\u015fkilat-\u0131 Mahsusa\u2019dan bug\u00fcne sembiyotik devlet-mafya ili\u015fkisi"},"content":{"rendered":"<p><img loading=\"lazy\" decoding=\"async\" class=\"aligncenter size-medium wp-image-63096\" src=\"https:\/\/akunq.net\/tr\/wp-content\/uploads\/2021\/05\/Bask\u0131n-Oran-360x180.jpg\" alt=\"\" width=\"360\" height=\"180\" srcset=\"https:\/\/akunq.net\/tr\/wp-content\/uploads\/sites\/6\/2021\/05\/Bask\u0131n-Oran-360x180.jpg 360w, https:\/\/akunq.net\/tr\/wp-content\/uploads\/sites\/6\/2021\/05\/Bask\u0131n-Oran-560x280.jpg 560w, https:\/\/akunq.net\/tr\/wp-content\/uploads\/sites\/6\/2021\/05\/Bask\u0131n-Oran-260x130.jpg 260w, https:\/\/akunq.net\/tr\/wp-content\/uploads\/sites\/6\/2021\/05\/Bask\u0131n-Oran-160x80.jpg 160w, https:\/\/akunq.net\/tr\/wp-content\/uploads\/sites\/6\/2021\/05\/Bask\u0131n-Oran.jpg 625w\" sizes=\"auto, (max-width: 360px) 100vw, 360px\" \/><\/p>\n<p><a title=\"Bask\u0131n Oran \" href=\"http:\/\/www.agos.com.tr\/tr\/yazar\/18\/baskin-oran\" rel=\"author\"><strong>Bask\u0131n Oran<\/strong><\/a><\/p>\n<p><em><strong><span style=\"color: #333333; font-family: 'Cantata One', serif; letter-spacing: 0.05em;\">Teslim olmay\u0131 reddedince Pa\u015fa taraf\u0131ndan vurdurulan Topal Osman\u2019\u0131n ba\u015fs\u0131z cesedi TBMM\u2019yi yat\u0131\u015ft\u0131rmak i\u00e7in Ulus Meydan\u0131nda aya\u011f\u0131ndan as\u0131l\u0131yor. Ama 1925\u2019te kendisine Giresun\u2019da bir an\u0131t mezar yap\u0131lacak ve Ergenekon davas\u0131n\u0131n en \u00f6nemli san\u0131klar\u0131ndan olan, Hrant Dink cinayetinden de iyi tan\u0131d\u0131\u011f\u0131m\u0131z Tu\u011fgeneral Veli K\u00fc\u00e7\u00fck\u2019\u00fcn 2001\u2019de yapt\u0131rd\u0131\u011f\u0131 heykeli, bu i\u015f i\u00e7in y\u0131kt\u0131r\u0131lan saat kulesinin yerine 2008\u2019de dikilecek.<\/span><\/strong><\/em><\/p>\n<p>\u00d6nce, iki tane temel tan\u0131m: 1)\u00a0<strong>Devlet\u00a0<\/strong>= \u00dclkedeki me\u015fru g\u00fc\u00e7 oda\u011f\u0131.\u00a0<strong>Mafya<\/strong>\u00a0= \u00dclkedeki gayrime\u015fru g\u00fc\u00e7 oda\u011f\u0131; 2) Bunlar aras\u0131ndaki sembiyoz (ortakya\u015fam) ili\u015fkisinin her devirde kulland\u0131\u011f\u0131 \u201cresm\u00ee\u201d gerek\u00e7e:\u00a0<strong>Devletin bekas\u0131n\u0131 sa\u011flamak<\/strong>. Genellikle \u201cBayrak ve Ezan\u201d<strong>\u00a0<\/strong>slogan\u0131n\u0131 kullanarak.<\/p>\n<p>\u015eimdi ba\u015flayabiliriz.<\/p>\n<p>Devlet-mafya ili\u015fkisinin, \u0130ttihat-Terakki y\u00f6netiminde 1911\u2019den itibaren \u00e7ok etkili olmaya ba\u015flayan Te\u015fkilat-\u0131 Mahsusa\u2019dan\u00a0<strong>\u00f6nce<\/strong>\u00a0ba\u015flad\u0131\u011f\u0131n\u0131 iki hafta \u00f6nce\u00a0<a href=\"http:\/\/www.agos.com.tr\/tr\/yazi\/25672\/mafya-turk-devletinin-kadrosuna-ne-vesileyle-ve-ne-zaman-dahil-edildi\">yazm\u0131\u015ft\u0131m\u00a0<\/a>. Fakat bu ikilinin hemhal olmas\u0131 Te\u015fkilat-\u0131 Mahsusa zaman\u0131nda ve sayesinde ger\u00e7ekle\u015fiyor. \u00c7\u00fcnk\u00fc bu gizli \u00f6rg\u00fct 1) Devlete de\u011fil, Enver Pa\u015fa\u2019n\u0131n \u015fahs\u0131na ba\u011fl\u0131; 2) Mesela \u0130ttihat-Terakki\u2019nin katib-i mes\u2019ul\u00fc Dr. Bahattin \u015eakir\u2019in hi\u00e7bir devlet g\u00f6revi yok ama Diyarbak\u0131r Valisi Dr. Re\u015fit\u2019le el ele kucak kuca\u011fa y\u00fcr\u00fct\u00fcyorlar Ermeni K\u0131y\u0131m\u0131\u2019n\u0131.<\/p>\n<p align=\"center\">***<\/p>\n<p><strong>Devlet-mafya ikilisinin bu sembiyotik ili\u015fkisi<\/strong>, 1915 Ermeni K\u0131y\u0131m\u0131\u2019ndan da \u00f6nce, devletin en zay\u0131flad\u0131\u011f\u0131 bir durumda olu\u015fuyor:\u00a0<strong>1912-13 Balkan bozgunu<\/strong>. Yani bu ili\u015fkinin g\u00fcc\u00fc, devletin g\u00fcc\u00fcn\u00fc yitirmesiyle do\u011fru orant\u0131l\u0131 olarak artmakta.<\/p>\n<p>Tabii, o zamanlar\u00a0<strong>mafya<\/strong>\u00a0terimi sadece Amerika\u2019da var; T\u00fcrkiye\u2019de gayrime\u015fru g\u00fc\u00e7 odaklar\u0131 \u201c<strong>\u00e7ete<\/strong>\u201d olarak an\u0131l\u0131yor; Yunanistan\u2019\u0131n Balkanlardaki galibiyetine kar\u015f\u0131 \u00fclkeyi Rumlardan temizleyip<strong>\u00a0devletin bekas\u0131n\u0131\u00a0<\/strong>sa\u011flamak i\u00e7in bu\u00a0<strong>milli \u00e7eteler\u00a0<\/strong>devreye\u00a0<a href=\"https:\/\/birikimdergisi.com\/dergiler\/birikim\/1\/sayi-71-72-mart-nisan-1995\/2270\/hizla-turklesiyoruz\/5686\">sokuluyor<\/a>\u00a0. Bu \u00e7eteleri Marmara ve Ege b\u00f6lgelerinde Galip Hoca (=\u00a0<strong>Celal Bayar<\/strong>) ve Ku\u015f\u00e7uba\u015f\u0131 E\u015fref, Karadeniz\u2019de de Giresunlu\u00a0<strong>Topal Osman<\/strong>\u00a0y\u00f6netiyor. Buralardaki y\u00fcz binlerce Rum ya i\u00e7erilere s\u00fcr\u00fcl\u00fcyor yahut yurt d\u0131\u015f\u0131na ka\u00e7mak zorunda b\u0131rak\u0131l\u0131yor.<\/p>\n<p>Topal Osman konusunda Ay\u015fe H\u00fcr\u2019\u00fcn \u00e7ok \u00f6nemli\u00a0<a href=\"https:\/\/birikimdergisi.com\/guncel\/70\/cagimizin-bir-baska-kahramani-topal-osman\">yaz\u0131s\u0131n\u0131\u00a0<\/a>\u00a0okuman\u0131z\u0131 \u00f6nerip ge\u00e7iyorum \u00e7\u00fcnk\u00fc fazla uzun ve \u201cderin\u201d bir konu. Bizi burada ilgilendirdi\u011fi kadar\u0131yla (ve\u00a0<strong>g\u00fcn\u00fcm\u00fcze ders olmas\u0131 a\u00e7\u0131s\u0131ndan<\/strong>) \u00f6zetleyeyim:<\/p>\n<p>\u00d6ld\u00fcr\u00fclme tehlikesi alt\u0131ndaki M. Kemal Pa\u015fa korunma i\u015fini kestirmeden halletmek i\u00e7in, Karadeniz\u2019de Gayrim\u00fcslimlere deh\u015fet salmas\u0131yla tan\u0131nm\u0131\u015f\u00a0<strong>Topal Osman\u2019\u0131<\/strong>\u00a0Giresun\u2019dan getirtiyor. Ama ba\u015f\u0131 da b\u00fcy\u00fck belaya giriyor \u00e7\u00fcnk\u00fc adam kalk\u0131yor, Pa\u015fa\u2019n\u0131n TBMM\u2019deki ba\u015fl\u0131ca muhalifi Trabzon Mebusu Ali \u015e\u00fckr\u00fc Bey\u2019i\u00a0\u00a0evine\u00a0<a href=\"https:\/\/tr.wikipedia.org\/wiki\/Ali_%C5%9E%C3%BCkr%C3%BC\">\u00e7a\u011f\u0131r\u0131p\u00a0<\/a>bo\u011farak \u00f6ld\u00fcr\u00fcyor. Sonu\u00e7: Teslim olmay\u0131 reddedince Pa\u015fa taraf\u0131ndan vurdurulan Topal Osman\u2019\u0131n ba\u015fs\u0131z cesedi TBMM\u2019yi yat\u0131\u015ft\u0131rmak i\u00e7in Ulus Meydan\u0131nda aya\u011f\u0131ndan as\u0131l\u0131yor. Ama 1925\u2019te kendisine Giresun\u2019da bir an\u0131t mezar yap\u0131lacak ve\u00a0<span lang=\"EN-US\">Ergenekon\u00a0<\/span>davas\u0131n\u0131n en \u00f6nemli san\u0131klar\u0131ndan olan, Hrant Dink cinayetinden de iyi tan\u0131d\u0131\u011f\u0131m\u0131z Tu\u011fgeneral Veli K\u00fc\u00e7\u00fck\u2019\u00fcn 2001\u2019de yapt\u0131rd\u0131\u011f\u0131 heykeli, bu i\u015f i\u00e7in y\u0131kt\u0131r\u0131lan saat kulesinin yerine 2008\u2019de\u00a0<a href=\"https:\/\/www.sozcu.com.tr\/2020\/gundem\/gitti-saat-kulesi-geldi-osman-aga-heykeli-5593241\/\">dikilecek<\/a>\u00a0<span lang=\"EN-US\">.<\/span><\/p>\n<p>Bu olaydan sonra M. Kemal Pa\u015fa \u00c7ankaya\u2019dan inip \u0130stasyon\u2019daki konuta ge\u00e7iyor fakat orada da tehlikede. \u0130stanbul\u2019un tahrik etti\u011fi isyanlara kar\u015f\u0131 ba\u015far\u0131yla m\u00fccadele eden bir ba\u015fka\u00a0<strong>milli \u00e7etecinin<\/strong>, \u00c7erkez Ethem\u2019in gece vakti usulca odas\u0131na girdi\u011fi, Pa\u015fa\u2019n\u0131n elini hemen yast\u0131k alt\u0131na atmas\u0131 \u00fczerine geri \u00e7\u0131kt\u0131\u011f\u0131 \u00e7ok yaz\u0131lm\u0131\u015f \u00e7izilmi\u015ftir. Tabii, bunun arkas\u0131 malum: Topal Osman\u2019dan sonra \u00c7erkez Ethem de tasfiye ediliyor.<\/p>\n<p>Ama sembiyoz tabii ki devam ediyor ve art\u0131k bizzat devletin mafyala\u015fmas\u0131, pardon, \u00e7etele\u015fmesi ba\u015fl\u0131yor. Kronolojik gidersek:<\/p>\n<p align=\"center\">***<\/p>\n<p>ABD\u2019nin 1952\u2019de \u0130talya\u2019da \u201ccephe gerisi\u201d direni\u015f \u00f6rg\u00fct\u00fc olarak kurdurdu\u011fu ve finansman\u0131 C\u0130A taraf\u0131ndan sa\u011flanan\u00a0<strong>Gladio<\/strong>\u00a0b\u00fct\u00fcn NATO \u00fclkelerine, bu arada da tabii ki T\u00fcrkiye\u2019ye uygulan\u0131yor. \u00d6nce kom\u00fcnizme, sonra da \u00f6zellikle K\u00fcrtlere kar\u015f\u0131 operasyon y\u00fcr\u00fctecek bu kurulu\u015fun 1953\u2019teki ilk ad\u0131 \u00e7ok masum:\u00a0<strong>Seferberlik Tetkik Kurulu<\/strong>. Sonra do\u011frudan Genelkurmay Ba\u015fkanl\u0131\u011f\u0131na ba\u011fl\u0131\u00a0<strong>\u00d6zel Harp Dairesi<\/strong>\u00a0\u00a0<a href=\"https:\/\/tr.wikipedia.org\/wiki\/%C3%96zel_Harp_Dairesi\">ad\u0131n\u0131\u00a0<\/a>alan,\u00a0<strong>Kontrgerilla<\/strong>\u00a0<a href=\"https:\/\/tr.wikipedia.org\/wiki\/Kontrgerilla\">olarak\u00a0<\/a>da an\u0131lan bu\u00a0<strong>resm\u00ee \u00e7ete<\/strong>nin varl\u0131\u011f\u0131n\u0131 Ba\u015fbakan B\u00fclent Ecevit ancak 1974&#8217;te ve tesad\u00fcfen \u00f6\u011freniyor. C\u0130A\u2019n\u0131n paray\u0131 kesmesi \u00fczerine d\u00f6nemin Genelkurmay Ba\u015fkan\u0131 Semih Sancar&#8217;\u0131n gelip \u00f6rt\u00fcl\u00fc \u00f6denek i\u00e7in para istemesi\u00a0<a href=\"https:\/\/www.evrensel.net\/haber\/168403\/ecevit-ozel-harp-i-1974-te-duydu\">\u00fczerine\u00a0<\/a>.<\/p>\n<p>12 Eyl\u00fcl 1980 darbesi geliyor. \u0130lan edilen s\u0131k\u0131y\u00f6netimin sonu\u00e7lar\u0131ndan \u00f6nemli birine var\u0131yoruz burada: Uyu\u015fturucunun do\u011fudan bat\u0131ya bu sefer cemselerle (asker\u00ee ara\u00e7larla) ta\u015f\u0131nmaya ba\u015flanmas\u0131 ve dolay\u0131s\u0131yla \u00e7ok daha kolayla\u015fmas\u0131 olay\u0131na. \u0130\u015fte bu, resmen,\u00a0<strong>devletin mafyala\u015fmas\u0131<\/strong>. Bi kere ba\u015flad\u0131 m\u0131 durmak bilmeyen bir s\u00fcre\u00e7.<\/p>\n<p>Di\u011fer yandan, nas\u0131l mafya \u201cgerekti\u011fi zaman\u201d adam ka\u00e7\u0131r\u0131p i\u015fkence yap\u0131yorsa ve \u00f6ld\u00fcr\u00fcyorsa, devletin organlar\u0131 ve adamlar\u0131 da ayn\u0131 \u015feye ba\u015fl\u0131yor. 1990\u2019larda insanlar \u00fcnl\u00fc\u00a0<strong>Beyaz Toros<\/strong>\u2019larla ka\u00e7\u0131r\u0131l\u0131yor, g\u00f6zleri ba\u011flan\u0131yor, \u0131ss\u0131z yerlere g\u00f6t\u00fcr\u00fclerek d\u00f6v\u00fcl\u00fcyor, i\u015fkence g\u00f6r\u00fcyor, \u00f6ld\u00fcr\u00fcl\u00fcyor. \u201cFaili me\u00e7hul\u201d denilen bu y\u00fczlerce olay\u0131n mazlumlar\u0131ndan bir daha haber al\u0131nam\u0131yor.\u00a0<strong>Cumartesi Anneleri<\/strong>\u00a0b\u00f6yle do\u011fuyor i\u015fte. Bu arada baz\u0131 ki\u015filer de tehditle ajan olmaya zorlan\u0131yor.<\/p>\n<p>G\u00fcn\u00fcm\u00fczde durum biraz de\u011fi\u015fik. Ka\u00e7\u0131rmalar art\u0131k do\u011fudan bat\u0131ya, mesela Ankara\u2019ya kaym\u0131\u015f vaziyette, \u00fcstelik art\u0131k<strong>\u00a0Siyah Transporter<\/strong>\u2019lar ve\u00a0<strong>Ranger<\/strong>\u2019larla yap\u0131lmakta. Ama gerisi ayn\u0131: \u0130HD verilerine g\u00f6re 2017-18\u2019de 35 ki\u015fi b\u00f6yle ka\u00e7\u0131r\u0131l\u0131yor ve i\u015flemden ge\u00e7irildikten sonra farkl\u0131 yerlere b\u0131rak\u0131l\u0131yor. 01.01.2015-30.04.2021 aras\u0131 i\u015fkence g\u00f6r\u00fcp TH\u0130V\u2019e\u00a0<a href=\"https:\/\/www.gazeteduvar.com.tr\/6-yilda-4-bin-141-kisi-iskence-sikayetiyle-tihvye-basvurdu-haber-1523337\">ba\u015fvuranlar\u00a0<\/a>4.141 ki\u015fi ve en \u00e7ok \u015fikayet de 2019\u2019da.<\/p>\n<p>Medyaya yans\u0131yan durumlarda\u00a0<strong>izahat\u00a0<\/strong>otomatik: Ya PKK\u2019li ter\u00f6rist yakalan\u0131yor ya da FET\u00d6\u2019c\u00fc. Yani, her \u015fey yine\u00a0<strong>devletin bekas\u0131<\/strong>\u00a0i\u00e7in.<\/p>\n<p align=\"center\">***<\/p>\n<p>Kronolojiyi bozduk, tekrar s\u0131radan devam edelim.\u00a0\u00a0\u0130ttihat-Terakki\u2019nin yapt\u0131\u011f\u0131 Ermeni K\u0131y\u0131m\u0131\u2019n\u0131 bir as\u0131r boyunca inkar etmenin do\u011furdu\u011fu, T\u00fcrk diplomatlar\u0131n\u0131 1975-85 aras\u0131nda katletmeye giri\u015fen\u00a0<strong>ASALA<\/strong>\u2019y\u0131 ortadan kald\u0131rmak i\u00e7in yine\u00a0<strong>devletin bekas\u0131<\/strong>\u00a0devreye giriyor. Bu ama\u00e7la yine mafya (mesela Abdullah \u00c7atl\u0131) devlet taraf\u0131ndan g\u00f6reve davet ediliyor ve Kas\u0131m 1996\u2019da\u00a0<strong>Susurluk<\/strong>\u00a0\u00a0<a href=\"https:\/\/tr.wikipedia.org\/wiki\/Susurluk_kazas%C4%B1#:~:text=Susurluk%20kazas%C4%B1%20ya%20da%20Susurluk,Cumhuriyeti%20tarihinin%20en%20%C3%B6nemli%20skandallar%C4%B1ndand%C4%B1r\">patlak\u00a0<\/a>veriyor.<\/p>\n<p>Susurluk olay\u0131n\u0131n \u015fu andaki videolar olay\u0131ndan fark\u0131 \u015fu ki, bug\u00fcn bunca rezalete ra\u011fmen yap\u0131lmayan \u015fey, yani olay\u0131n kovu\u015fturulmas\u0131, o zaman yap\u0131l\u0131yor. TBMM\u2019de bir\u00a0<strong>Susurluk Komisyonu<\/strong>\u00a0kuruluyor ve J. Gn. Kom. Org. Teoman Koman\u2019\u0131 bile sorguluyor. MGK\u2019nin haz\u0131rlad\u0131\u011f\u0131 bir raporda da ge\u00e7mekte olan J\u0130TEM\u2019in\u00a0<a href=\"https:\/\/tr.wikipedia.org\/wiki\/J%C4%B0TEM\">ad\u0131\u00a0<\/a>da (Jandarma \u0130stihbarat ve Ter\u00f6rle M\u00fccadele)\u00a0\u00a0zaten bu vesileyle duyuluyor ilk\u00a0<a href=\"http:\/\/www.radikal.com.tr\/yazarlar\/ayse-hur\/devletin-karanlik-yuzu-jitem-1420112\/\">defa\u00a0<\/a>. 2011\u2019de Ankara Cumhuriyet Ba\u015fsavc\u0131l\u0131\u011f\u0131 soru\u015fturma a\u00e7\u0131yor ve J\u0130TEM&#8217;in &#8220;\u0130\u00e7i\u015fleri Bakanl\u0131\u011f\u0131&#8217;n\u0131n onay\u0131 olmadan ve Genelkurmay&#8217;dan g\u00f6r\u00fc\u015f al\u0131nmadan J. Gn. Kom.\u2019n\u0131n kendi inisiyatifiyle kurulmu\u015f oldu\u011fu&#8221; ifade ediliyor. Dava da a\u00e7\u0131l\u0131yor.<\/p>\n<p>Bika\u00e7 g\u00fcn \u00f6nce \u0130stinaf\u2019\u0131n beraatlar\u0131n\u0131 bozdu\u011fu dava i\u015fte bu J\u0130TEM davas\u0131. Mehmet A\u011far ve di\u011fer san\u0131klar bundan 2019\u2019da beraat\u00a0<a href=\"https:\/\/artigercek.com\/haberler\/jitem-davasi\">etmi\u015flerdi\u00a0<\/a>.<\/p>\n<p>Yaz\u0131 fazla uzuyor ama gen\u00e7ler \u00f6zellikle son yar\u0131n y\u00fczy\u0131l\u0131\u00a0<a href=\"https:\/\/t24.com.tr\/haber\/mehmet-agar-ve-yaklasik-50-yildir-devlet-adina-yapilanlarin-hikayesi,954560\">bilmeli\u00a0<\/a>: Devlet taraf\u0131ndan varl\u0131\u011f\u0131 inkar edilen\u00a0<strong>resm\u00ee mafya J\u0130TEM<\/strong>\u2019in maa\u015f bordrosu bile\u00a0<a href=\"https:\/\/www.yenisafak.com\/yerel\/jitemin-yokluk-sirri-233075\">yay\u0131nland\u0131<\/a>. Devletin i\u00e7indeki bu \u00e7etenin y\u00f6neticileri o kadar f\u00fctursuzdu ki, bunlardan Y\u00fczba\u015f\u0131 Cem Ersever\u2019in makam kap\u0131s\u0131nda \u201cJ\u0130TEM\u201d tabelas\u0131\u00a0<a href=\"https:\/\/t24.com.tr\/haber\/itirafci-aygan-jitem-tabelasi-bile-vardi,21156\">as\u0131l\u0131yd\u0131\u00a0<\/a>.<\/p>\n<p align=\"center\">***<\/p>\n<p>Olay\u0131n\u00a0<strong>devlet taraf\u0131<\/strong>\u00a0\u00e7ok k\u0131sa olarak bu \u015fekilde. Bi de\u00a0<strong>mafya taraf\u0131<\/strong>\u00a0var: Devletin kendisine bu kadar muhta\u00e7 oldu\u011funu g\u00f6r\u00fcnce ba\u015fl\u0131yor kendisini kullanmaya kalkan devleti kullanmaya. R\u00fc\u015fvet ba\u015fta olmak \u00fczere her t\u00fcrl\u00fc y\u00f6ntemle ve tabii \u201cdevletin bekas\u0131\u201d gerek\u00e7esini kullanarak.<\/p>\n<p>Ve sonunda i\u015fin \u201c\u015feyi\u201d \u00e7\u0131k\u0131yor. \u015eu andaki, Venezuela\u2019ya\u00a0<strong>test kiti ve maske yard\u0131m\u0131<\/strong>\u00a0yapmak gibi \u201cinsanc\u0131l\u201d bir niyetle gitme olay\u0131nda \u00e7\u0131kt\u0131\u011f\u0131 gibi. Ki, o tarihte T\u00fcrkiye\u2019deki vaka say\u0131s\u0131 31.807, Venezuela\u2019daki vaka say\u0131s\u0131\u00a0<a href=\"https:\/\/artigercek.com\/haberler\/binali-yildirim-in-aciklamasi-sosyal-medyanin-gundeminde-hangi-sifatla-gitti\">307\u00a0<\/a>(\u00fc\u00e7 y\u00fcz yedi)\u00a0.<\/p>\n<p>Bi de i\u015fin ak\u00e7al\u0131 taraf\u0131na de\u011finelim elimiz de\u011fmi\u015fken: K\u00fcrt (i\u00e7 politika) ve Ermeni (d\u0131\u015f politika) meselelerini demokratik yoldan halletmek yerine\u00a0<strong>\u00fcst\u00fcn\u00fc \u00f6rtmek<\/strong>\u00a0<strong>i\u00e7in<\/strong>\u00a0harcanan paralar, bu meseleleri halletmek i\u00e7in harcanacak paradan \u00e7ok fazla. Mesela, ABD\u2019deki lobi \u015firketlerine \u00f6denen y\u0131ll\u0131k paralar.<\/p>\n<p>Neden bu b\u00f6yle? \u00c7\u00fcnk\u00fc\u00a0<strong>devletin bekas\u0131<\/strong>\u00a0ile\u00a0<strong>mafya\u2019n\u0131n k\u00e2r\u0131<\/strong>\u00a0aras\u0131nda y\u0131k\u0131lmaz bir k\u00f6pr\u00fc kuruldu da ondan.<\/p>\n<p>Oysa, T\u00fcrkiye\u2019nin\u00a0<strong>en b\u00fcy\u00fck i\u00e7 sorunu<\/strong>\u00a0olan K\u00fcrt meselesini halletmek i\u00e7in yerel y\u00f6netimleri b\u00fct\u00fcn T\u00fcrkiye sath\u0131nda g\u00fc\u00e7lendirmek yeter. Hatta, bu insanlara Lozan Md. 39\/4 ve 5 h\u00fck\u00fcmlerini uygulamak bile kafi.<\/p>\n<p>T\u00fcrkiye\u2019nin\u00a0<strong>en b\u00fcy\u00fck d\u0131\u015f sorunu<\/strong>\u00a0olan Ermeni meselesinin halli de, \u201c<strong>Osmanl\u0131 d\u00f6neminde yap\u0131lan k\u00f6t\u00fcl\u00fcklerde T\u00fcrkiye Cumhuriyeti\u2019nin sorumlulu\u011fu yoktur. Ama bunlar\u0131 \u015fimdiye kadar halk\u0131m\u0131zla payla\u015fmad\u0131\u011f\u0131m\u0131z i\u00e7in \u00fczg\u00fcn\u00fcz. O zamanlar zarar g\u00f6renlerin kanuni miras\u00e7\u0131lar\u0131na da bu \u00fcz\u00fcnt\u00fcm\u00fcz\u00fc simgeleyecek sembolik \u00f6demeler yapaca\u011f\u0131z<\/strong>\u201d demek olay\u0131 b\u00fct\u00fcn\u00fcyle bitirir.<\/p>\n<p>Mayfa da en az\u0131ndan K\u00fcrt ve Ermeni meselelerinde tasfiye edilmi\u015f olur. Fena m\u0131 olur dersiniz?<\/p>\n<p>Not: Yaz\u0131y\u0131 yazd\u0131ktan sonra, Meral Ak\u015fener\u2019e Rize\u2019de\u00a0<a href=\"https:\/\/www.youtube.com\/watch?v=3ClkTI0rasw\">sald\u0131r\u0131lmas\u0131<\/a>\u00a0hakk\u0131nda CB Erdo\u011fan\u2019\u0131n ilgin\u00e7 \u015feyler s\u00f6yledi\u011fini okudum. Bunlar\u0131n buradaki devlet-mafya ili\u015fkisiyle tabii ki hi\u00e7bir ilgisi olamaz. Sadece, \u00f6zellikle \u201cdaha neler olacak neler\u201d demesi a\u00e7\u0131s\u0131ndan \u00f6nemli buldu\u011fum i\u00e7in not\u00a0<a href=\"https:\/\/t24.com.tr\/haber\/cumhurbaskani-erdogan-dan-aksener-e-rize-hatirlamasi-gelin-hanim-dua-et-ki-cok-ileriye-gitmeden-ders-verdiler-bunlar-iyi-gunler-daha-neler-olacak-neler,954713\">ediyorum<\/a>:<\/p>\n<p>\u201c<strong>Gelin han\u0131ma gayet g\u00fczel ders veriliyor. Yine dua et ki gelin han\u0131ma \u00e7ok ileriye gitmeden ders verdiler. \u0130kizdere yetmedi, \u00c7ayeli&#8217;ne gittin. Orada da gerekeni yapt\u0131lar. Daha neler olacak neler&#8230;<\/strong>\u201d<\/p>\n<p><em><strong>http:\/\/www.agos.com.tr\/tr\/yazi\/25727\/teskilat-i-mahsusadan-bugune-sembiyotik-devlet-mafya-iliskisi<\/strong><\/em><\/p>\n","protected":false},"excerpt":{"rendered":"<p>Bask\u0131n Oran Teslim olmay\u0131 reddedince Pa\u015fa taraf\u0131ndan vurdurulan Topal Osman\u2019\u0131n ba\u015fs\u0131z cesedi TBMM\u2019yi yat\u0131\u015ft\u0131rmak i\u00e7in Ulus Meydan\u0131nda aya\u011f\u0131ndan as\u0131l\u0131yor. Ama 1925\u2019te kendisine Giresun\u2019da bir an\u0131t mezar yap\u0131lacak ve Ergenekon davas\u0131n\u0131n en \u00f6nemli san\u0131klar\u0131ndan olan, Hrant Dink cinayetinden de iyi tan\u0131d\u0131\u011f\u0131m\u0131z Tu\u011fgeneral Veli K\u00fc\u00e7\u00fck\u2019\u00fcn 2001\u2019de yapt\u0131rd\u0131\u011f\u0131 heykeli, bu i\u015f i\u00e7in y\u0131kt\u0131r\u0131lan saat kulesinin yerine 2008\u2019de dikilecek. [&hellip;]<\/p>\n","protected":false},"author":7,"featured_media":63096,"comment_status":"open","ping_status":"open","sticky":false,"template":"","format":"standard","meta":{"footnotes":""},"categories":[1,70],"tags":[],"class_list":["post-63095","post","type-post","status-publish","format-standard","has-post-thumbnail","hentry","category-haberler","category-makaleler"],"yoast_head":"<!-- This site is optimized with the Yoast SEO plugin v27.4 - https:\/\/yoast.com\/product\/yoast-seo-wordpress\/ -->\n<title>Te\u015fkilat-\u0131 Mahsusa\u2019dan bug\u00fcne sembiyotik devlet-mafya ili\u015fkisi - Bati Ermenistan Ve Bati Ermenileri Sorunlari Ara\u015ftirmalar Merkezi<\/title>\n<meta name=\"robots\" content=\"index, follow, max-snippet:-1, max-image-preview:large, max-video-preview:-1\" \/>\n<link rel=\"canonical\" href=\"https:\/\/akunq.net\/tr\/?p=63095\" \/>\n<meta property=\"og:locale\" content=\"en_US\" \/>\n<meta property=\"og:type\" content=\"article\" \/>\n<meta property=\"og:title\" content=\"Te\u015fkilat-\u0131 Mahsusa\u2019dan bug\u00fcne sembiyotik devlet-mafya ili\u015fkisi - Bati Ermenistan Ve Bati Ermenileri Sorunlari Ara\u015ftirmalar Merkezi\" \/>\n<meta property=\"og:description\" content=\"Bask\u0131n Oran Teslim olmay\u0131 reddedince Pa\u015fa taraf\u0131ndan vurdurulan Topal Osman\u2019\u0131n ba\u015fs\u0131z cesedi TBMM\u2019yi yat\u0131\u015ft\u0131rmak i\u00e7in Ulus Meydan\u0131nda aya\u011f\u0131ndan as\u0131l\u0131yor. Ama 1925\u2019te kendisine Giresun\u2019da bir an\u0131t mezar yap\u0131lacak ve Ergenekon davas\u0131n\u0131n en \u00f6nemli san\u0131klar\u0131ndan olan, Hrant Dink cinayetinden de iyi tan\u0131d\u0131\u011f\u0131m\u0131z Tu\u011fgeneral Veli K\u00fc\u00e7\u00fck\u2019\u00fcn 2001\u2019de yapt\u0131rd\u0131\u011f\u0131 heykeli, bu i\u015f i\u00e7in y\u0131kt\u0131r\u0131lan saat kulesinin yerine 2008\u2019de dikilecek. [&hellip;]\" \/>\n<meta property=\"og:url\" content=\"https:\/\/akunq.net\/tr\/?p=63095\" \/>\n<meta property=\"og:site_name\" content=\"Bati Ermenistan Ve Bati Ermenileri Sorunlari Ara\u015ftirmalar Merkezi\" \/>\n<meta property=\"article:published_time\" content=\"2021-05-27T08:18:46+00:00\" \/>\n<meta property=\"og:image\" content=\"https:\/\/akunq.net\/tr\/wp-content\/uploads\/sites\/6\/2021\/05\/Bask\u0131n-Oran.jpg\" \/>\n\t<meta property=\"og:image:width\" content=\"625\" \/>\n\t<meta property=\"og:image:height\" content=\"313\" \/>\n\t<meta property=\"og:image:type\" content=\"image\/jpeg\" \/>\n<meta name=\"author\" content=\"admin\" \/>\n<meta name=\"twitter:card\" content=\"summary_large_image\" \/>\n<meta name=\"twitter:label1\" content=\"Written by\" \/>\n\t<meta name=\"twitter:data1\" content=\"admin\" \/>\n\t<meta name=\"twitter:label2\" content=\"Est. reading time\" \/>\n\t<meta name=\"twitter:data2\" content=\"9 minutes\" \/>\n<script type=\"application\/ld+json\" class=\"yoast-schema-graph\">{\"@context\":\"https:\\\/\\\/schema.org\",\"@graph\":[{\"@type\":\"Article\",\"@id\":\"https:\\\/\\\/akunq.net\\\/tr\\\/?p=63095#article\",\"isPartOf\":{\"@id\":\"https:\\\/\\\/akunq.net\\\/tr\\\/?p=63095\"},\"author\":{\"name\":\"admin\",\"@id\":\"https:\\\/\\\/akunq.net\\\/tr\\\/#\\\/schema\\\/person\\\/096f1d38a12cce57fb855b485ed24c9e\"},\"headline\":\"Te\u015fkilat-\u0131 Mahsusa\u2019dan bug\u00fcne sembiyotik devlet-mafya ili\u015fkisi\",\"datePublished\":\"2021-05-27T08:18:46+00:00\",\"mainEntityOfPage\":{\"@id\":\"https:\\\/\\\/akunq.net\\\/tr\\\/?p=63095\"},\"wordCount\":1731,\"commentCount\":0,\"image\":{\"@id\":\"https:\\\/\\\/akunq.net\\\/tr\\\/?p=63095#primaryimage\"},\"thumbnailUrl\":\"https:\\\/\\\/akunq.net\\\/tr\\\/wp-content\\\/uploads\\\/sites\\\/6\\\/2021\\\/05\\\/Bask\u0131n-Oran.jpg\",\"articleSection\":[\"Haberler\",\"Makaleler\"],\"inLanguage\":\"en-US\",\"potentialAction\":[{\"@type\":\"CommentAction\",\"name\":\"Comment\",\"target\":[\"https:\\\/\\\/akunq.net\\\/tr\\\/?p=63095#respond\"]}]},{\"@type\":\"WebPage\",\"@id\":\"https:\\\/\\\/akunq.net\\\/tr\\\/?p=63095\",\"url\":\"https:\\\/\\\/akunq.net\\\/tr\\\/?p=63095\",\"name\":\"Te\u015fkilat-\u0131 Mahsusa\u2019dan bug\u00fcne sembiyotik devlet-mafya ili\u015fkisi - Bati Ermenistan Ve Bati Ermenileri Sorunlari Ara\u015ftirmalar Merkezi\",\"isPartOf\":{\"@id\":\"https:\\\/\\\/akunq.net\\\/tr\\\/#website\"},\"primaryImageOfPage\":{\"@id\":\"https:\\\/\\\/akunq.net\\\/tr\\\/?p=63095#primaryimage\"},\"image\":{\"@id\":\"https:\\\/\\\/akunq.net\\\/tr\\\/?p=63095#primaryimage\"},\"thumbnailUrl\":\"https:\\\/\\\/akunq.net\\\/tr\\\/wp-content\\\/uploads\\\/sites\\\/6\\\/2021\\\/05\\\/Bask\u0131n-Oran.jpg\",\"datePublished\":\"2021-05-27T08:18:46+00:00\",\"author\":{\"@id\":\"https:\\\/\\\/akunq.net\\\/tr\\\/#\\\/schema\\\/person\\\/096f1d38a12cce57fb855b485ed24c9e\"},\"breadcrumb\":{\"@id\":\"https:\\\/\\\/akunq.net\\\/tr\\\/?p=63095#breadcrumb\"},\"inLanguage\":\"en-US\",\"potentialAction\":[{\"@type\":\"ReadAction\",\"target\":[\"https:\\\/\\\/akunq.net\\\/tr\\\/?p=63095\"]}]},{\"@type\":\"ImageObject\",\"inLanguage\":\"en-US\",\"@id\":\"https:\\\/\\\/akunq.net\\\/tr\\\/?p=63095#primaryimage\",\"url\":\"https:\\\/\\\/akunq.net\\\/tr\\\/wp-content\\\/uploads\\\/sites\\\/6\\\/2021\\\/05\\\/Bask\u0131n-Oran.jpg\",\"contentUrl\":\"https:\\\/\\\/akunq.net\\\/tr\\\/wp-content\\\/uploads\\\/sites\\\/6\\\/2021\\\/05\\\/Bask\u0131n-Oran.jpg\",\"width\":625,\"height\":313},{\"@type\":\"BreadcrumbList\",\"@id\":\"https:\\\/\\\/akunq.net\\\/tr\\\/?p=63095#breadcrumb\",\"itemListElement\":[{\"@type\":\"ListItem\",\"position\":1,\"name\":\"Home\",\"item\":\"https:\\\/\\\/akunq.net\\\/tr\"},{\"@type\":\"ListItem\",\"position\":2,\"name\":\"Te\u015fkilat-\u0131 Mahsusa\u2019dan bug\u00fcne sembiyotik devlet-mafya ili\u015fkisi\"}]},{\"@type\":\"WebSite\",\"@id\":\"https:\\\/\\\/akunq.net\\\/tr\\\/#website\",\"url\":\"https:\\\/\\\/akunq.net\\\/tr\\\/\",\"name\":\"Bati Ermenistan Ve Bati Ermenileri Sorunlari Ara\u015ftirmalar Merkezi\",\"description\":\"\",\"potentialAction\":[{\"@type\":\"SearchAction\",\"target\":{\"@type\":\"EntryPoint\",\"urlTemplate\":\"https:\\\/\\\/akunq.net\\\/tr\\\/?s={search_term_string}\"},\"query-input\":{\"@type\":\"PropertyValueSpecification\",\"valueRequired\":true,\"valueName\":\"search_term_string\"}}],\"inLanguage\":\"en-US\"},{\"@type\":\"Person\",\"@id\":\"https:\\\/\\\/akunq.net\\\/tr\\\/#\\\/schema\\\/person\\\/096f1d38a12cce57fb855b485ed24c9e\",\"name\":\"admin\",\"url\":\"https:\\\/\\\/akunq.net\\\/tr\\\/?author=7\"}]}<\/script>\n<!-- \/ Yoast SEO plugin. -->","yoast_head_json":{"title":"Te\u015fkilat-\u0131 Mahsusa\u2019dan bug\u00fcne sembiyotik devlet-mafya ili\u015fkisi - Bati Ermenistan Ve Bati Ermenileri Sorunlari Ara\u015ftirmalar Merkezi","robots":{"index":"index","follow":"follow","max-snippet":"max-snippet:-1","max-image-preview":"max-image-preview:large","max-video-preview":"max-video-preview:-1"},"canonical":"https:\/\/akunq.net\/tr\/?p=63095","og_locale":"en_US","og_type":"article","og_title":"Te\u015fkilat-\u0131 Mahsusa\u2019dan bug\u00fcne sembiyotik devlet-mafya ili\u015fkisi - Bati Ermenistan Ve Bati Ermenileri Sorunlari Ara\u015ftirmalar Merkezi","og_description":"Bask\u0131n Oran Teslim olmay\u0131 reddedince Pa\u015fa taraf\u0131ndan vurdurulan Topal Osman\u2019\u0131n ba\u015fs\u0131z cesedi TBMM\u2019yi yat\u0131\u015ft\u0131rmak i\u00e7in Ulus Meydan\u0131nda aya\u011f\u0131ndan as\u0131l\u0131yor. Ama 1925\u2019te kendisine Giresun\u2019da bir an\u0131t mezar yap\u0131lacak ve Ergenekon davas\u0131n\u0131n en \u00f6nemli san\u0131klar\u0131ndan olan, Hrant Dink cinayetinden de iyi tan\u0131d\u0131\u011f\u0131m\u0131z Tu\u011fgeneral Veli K\u00fc\u00e7\u00fck\u2019\u00fcn 2001\u2019de yapt\u0131rd\u0131\u011f\u0131 heykeli, bu i\u015f i\u00e7in y\u0131kt\u0131r\u0131lan saat kulesinin yerine 2008\u2019de dikilecek. [&hellip;]","og_url":"https:\/\/akunq.net\/tr\/?p=63095","og_site_name":"Bati Ermenistan Ve Bati Ermenileri Sorunlari Ara\u015ftirmalar Merkezi","article_published_time":"2021-05-27T08:18:46+00:00","og_image":[{"width":625,"height":313,"url":"https:\/\/akunq.net\/tr\/wp-content\/uploads\/sites\/6\/2021\/05\/Bask\u0131n-Oran.jpg","type":"image\/jpeg"}],"author":"admin","twitter_card":"summary_large_image","twitter_misc":{"Written by":"admin","Est. reading time":"9 minutes"},"schema":{"@context":"https:\/\/schema.org","@graph":[{"@type":"Article","@id":"https:\/\/akunq.net\/tr\/?p=63095#article","isPartOf":{"@id":"https:\/\/akunq.net\/tr\/?p=63095"},"author":{"name":"admin","@id":"https:\/\/akunq.net\/tr\/#\/schema\/person\/096f1d38a12cce57fb855b485ed24c9e"},"headline":"Te\u015fkilat-\u0131 Mahsusa\u2019dan bug\u00fcne sembiyotik devlet-mafya ili\u015fkisi","datePublished":"2021-05-27T08:18:46+00:00","mainEntityOfPage":{"@id":"https:\/\/akunq.net\/tr\/?p=63095"},"wordCount":1731,"commentCount":0,"image":{"@id":"https:\/\/akunq.net\/tr\/?p=63095#primaryimage"},"thumbnailUrl":"https:\/\/akunq.net\/tr\/wp-content\/uploads\/sites\/6\/2021\/05\/Bask\u0131n-Oran.jpg","articleSection":["Haberler","Makaleler"],"inLanguage":"en-US","potentialAction":[{"@type":"CommentAction","name":"Comment","target":["https:\/\/akunq.net\/tr\/?p=63095#respond"]}]},{"@type":"WebPage","@id":"https:\/\/akunq.net\/tr\/?p=63095","url":"https:\/\/akunq.net\/tr\/?p=63095","name":"Te\u015fkilat-\u0131 Mahsusa\u2019dan bug\u00fcne sembiyotik devlet-mafya ili\u015fkisi - Bati Ermenistan Ve Bati Ermenileri Sorunlari Ara\u015ftirmalar Merkezi","isPartOf":{"@id":"https:\/\/akunq.net\/tr\/#website"},"primaryImageOfPage":{"@id":"https:\/\/akunq.net\/tr\/?p=63095#primaryimage"},"image":{"@id":"https:\/\/akunq.net\/tr\/?p=63095#primaryimage"},"thumbnailUrl":"https:\/\/akunq.net\/tr\/wp-content\/uploads\/sites\/6\/2021\/05\/Bask\u0131n-Oran.jpg","datePublished":"2021-05-27T08:18:46+00:00","author":{"@id":"https:\/\/akunq.net\/tr\/#\/schema\/person\/096f1d38a12cce57fb855b485ed24c9e"},"breadcrumb":{"@id":"https:\/\/akunq.net\/tr\/?p=63095#breadcrumb"},"inLanguage":"en-US","potentialAction":[{"@type":"ReadAction","target":["https:\/\/akunq.net\/tr\/?p=63095"]}]},{"@type":"ImageObject","inLanguage":"en-US","@id":"https:\/\/akunq.net\/tr\/?p=63095#primaryimage","url":"https:\/\/akunq.net\/tr\/wp-content\/uploads\/sites\/6\/2021\/05\/Bask\u0131n-Oran.jpg","contentUrl":"https:\/\/akunq.net\/tr\/wp-content\/uploads\/sites\/6\/2021\/05\/Bask\u0131n-Oran.jpg","width":625,"height":313},{"@type":"BreadcrumbList","@id":"https:\/\/akunq.net\/tr\/?p=63095#breadcrumb","itemListElement":[{"@type":"ListItem","position":1,"name":"Home","item":"https:\/\/akunq.net\/tr"},{"@type":"ListItem","position":2,"name":"Te\u015fkilat-\u0131 Mahsusa\u2019dan bug\u00fcne sembiyotik devlet-mafya ili\u015fkisi"}]},{"@type":"WebSite","@id":"https:\/\/akunq.net\/tr\/#website","url":"https:\/\/akunq.net\/tr\/","name":"Bati Ermenistan Ve Bati Ermenileri Sorunlari Ara\u015ftirmalar Merkezi","description":"","potentialAction":[{"@type":"SearchAction","target":{"@type":"EntryPoint","urlTemplate":"https:\/\/akunq.net\/tr\/?s={search_term_string}"},"query-input":{"@type":"PropertyValueSpecification","valueRequired":true,"valueName":"search_term_string"}}],"inLanguage":"en-US"},{"@type":"Person","@id":"https:\/\/akunq.net\/tr\/#\/schema\/person\/096f1d38a12cce57fb855b485ed24c9e","name":"admin","url":"https:\/\/akunq.net\/tr\/?author=7"}]}},"_links":{"self":[{"href":"https:\/\/akunq.net\/tr\/index.php?rest_route=\/wp\/v2\/posts\/63095","targetHints":{"allow":["GET"]}}],"collection":[{"href":"https:\/\/akunq.net\/tr\/index.php?rest_route=\/wp\/v2\/posts"}],"about":[{"href":"https:\/\/akunq.net\/tr\/index.php?rest_route=\/wp\/v2\/types\/post"}],"author":[{"embeddable":true,"href":"https:\/\/akunq.net\/tr\/index.php?rest_route=\/wp\/v2\/users\/7"}],"replies":[{"embeddable":true,"href":"https:\/\/akunq.net\/tr\/index.php?rest_route=%2Fwp%2Fv2%2Fcomments&post=63095"}],"version-history":[{"count":1,"href":"https:\/\/akunq.net\/tr\/index.php?rest_route=\/wp\/v2\/posts\/63095\/revisions"}],"predecessor-version":[{"id":63097,"href":"https:\/\/akunq.net\/tr\/index.php?rest_route=\/wp\/v2\/posts\/63095\/revisions\/63097"}],"wp:featuredmedia":[{"embeddable":true,"href":"https:\/\/akunq.net\/tr\/index.php?rest_route=\/wp\/v2\/media\/63096"}],"wp:attachment":[{"href":"https:\/\/akunq.net\/tr\/index.php?rest_route=%2Fwp%2Fv2%2Fmedia&parent=63095"}],"wp:term":[{"taxonomy":"category","embeddable":true,"href":"https:\/\/akunq.net\/tr\/index.php?rest_route=%2Fwp%2Fv2%2Fcategories&post=63095"},{"taxonomy":"post_tag","embeddable":true,"href":"https:\/\/akunq.net\/tr\/index.php?rest_route=%2Fwp%2Fv2%2Ftags&post=63095"}],"curies":[{"name":"wp","href":"https:\/\/api.w.org\/{rel}","templated":true}]}}