{"id":63086,"date":"2021-05-27T01:33:28","date_gmt":"2021-05-27T06:33:28","guid":{"rendered":"https:\/\/akunq.net\/tr\/?p=63086"},"modified":"2021-05-27T01:33:28","modified_gmt":"2021-05-27T06:33:28","slug":"peker-tuncel-iliskisi-iddiasina-dair-soru-onergesi","status":"publish","type":"post","link":"https:\/\/akunq.net\/tr\/?p=63086","title":{"rendered":"Peker-Tuncel ili\u015fkisi iddias\u0131na dair soru \u00f6nergesi"},"content":{"rendered":"<p><img loading=\"lazy\" decoding=\"async\" class=\"aligncenter size-medium wp-image-63087\" src=\"https:\/\/akunq.net\/tr\/wp-content\/uploads\/2021\/05\/\u054f\u056b\u0576\u0584-360x240.jpg\" alt=\"\" width=\"360\" height=\"240\" srcset=\"https:\/\/akunq.net\/tr\/wp-content\/uploads\/sites\/6\/2021\/05\/\u054f\u056b\u0576\u0584-360x240.jpg 360w, https:\/\/akunq.net\/tr\/wp-content\/uploads\/sites\/6\/2021\/05\/\u054f\u056b\u0576\u0584-560x374.jpg 560w, https:\/\/akunq.net\/tr\/wp-content\/uploads\/sites\/6\/2021\/05\/\u054f\u056b\u0576\u0584-260x173.jpg 260w, https:\/\/akunq.net\/tr\/wp-content\/uploads\/sites\/6\/2021\/05\/\u054f\u056b\u0576\u0584-160x107.jpg 160w, https:\/\/akunq.net\/tr\/wp-content\/uploads\/sites\/6\/2021\/05\/\u054f\u056b\u0576\u0584.jpg 730w\" sizes=\"auto, (max-width: 360px) 100vw, 360px\" \/><\/p>\n<p><em><strong>HDP milletvekili Garo Paylan \u0130\u00e7i\u015fleri Bakan\u0131 S\u00fcleyman Soylu&#8217;nun \u00f6ne s\u00fcrd\u00fc\u011f\u00fc Sedat Peker- Erhan Tuncel ili\u015fkisine dair, Soylu&#8217;nun yan\u0131tlamas\u0131 talebiyle TBMM&#8217;ye soru \u00f6nergesi verdi.<\/strong><\/em><\/p>\n<p>24 May\u0131s Pazartesi gecesi Habert\u00fcrk televizyonunda K\u00fcbra Par\u2019\u0131n moderat\u00f6rl\u00fc\u011f\u00fcnde gazeteciler Merdan Yanarda\u011f, \u0130smail Saymaz, Veyis Ate\u015f ve Mehmet Akif Ersoy&#8217;un sorular\u0131n\u0131 yan\u0131tlayan Soylu, a\u00e7\u0131klamalar\u0131n\u0131n bir b\u00f6l\u00fcm\u00fcnde Hrant Dink Cinayeti h\u00fck\u00fcml\u00fclerinden Erhan Tuncel ile organize su\u00e7 \u00f6rg\u00fct\u00fc lideri oldu\u011fu gerek\u00e7esiyle ge\u00e7mi\u015f y\u0131llarda h\u00fck\u00fcm giyen Sedat Peker aras\u0131nda\u00a0 bir ili\u015fki oldu\u011funu \u00f6ne s\u00fcrd\u00fc. Soylu Peker\u2019in ayr\u0131ca Veli K\u00fc\u00e7\u00fck ile de irtibatta oldu\u011funu s\u00f6yledi.<\/p>\n<p>A\u00e7\u0131klamalar\u0131n ard\u0131ndan HDP milletvekili Garo Paylan \u0130\u00e7i\u015fleri Bakan\u0131 S\u00fcleyman Soylu\u2019nun yan\u0131tlamas\u0131 talebiyle TBMM\u2019ye bir soru \u00f6nergesi verdi. Paylan\u2019\u0131n \u00f6nergesi \u015f\u00f6yle:<br \/>\n\u201cHabert\u00fcrk kanal\u0131nda kat\u0131ld\u0131\u011f\u0131n\u0131z programda, Hrant Dink cinayetinin faillerinden Erhan Tuncel ile Sedat Peker\u2019i ili\u015fkilendirerek: \u2018Erhan Tuncel ile Sedat Peker\u2019i kim ortak yapar? Sedat Peker\u2019e Erhan Tuncel\u2019i kim emanet eder? Bireylerden de\u011fil bir sistemden bahsediyorum. Erhan Tuncel y\u0131llardan beri bu \u00fclkenin en \u00f6nemli meselelerinden birisi olan Hrant Dink cinayetinin azmettiricisi g\u00f6z\u00fckm\u00fcyor mu? Hangi anlay\u0131\u015f emanet eder?\u2019 dediniz.<\/p>\n<p>Bu ba\u011flamda,<br \/>\n1. Sedat Peker\u2019in, Dink cinayetiyle ili\u015fkisi hakk\u0131nda bildiklerinizi neden yarg\u0131yla payla\u015fmad\u0131n\u0131z?<br \/>\n2. Erhan Tuncel\u2019i, Sedat Peker\u2019e kim ve hangi sistem emanet etmi\u015ftir?<br \/>\n3. Hrant Dink cinayetini organize eden \u2018sistem\u2019 hakk\u0131nda bildiklerinizi yarg\u0131yla ne zaman payla\u015facaks\u0131n\u0131z?\u201d<\/p>\n<p><em><strong>http:\/\/www.agos.com.tr\/tr\/yazi\/25717\/peker-tuncel-iliskisi-iddiasina-dair-soru-onergesi\u00a0<\/strong><\/em><\/p>\n","protected":false},"excerpt":{"rendered":"<p>HDP milletvekili Garo Paylan \u0130\u00e7i\u015fleri Bakan\u0131 S\u00fcleyman Soylu&#8217;nun \u00f6ne s\u00fcrd\u00fc\u011f\u00fc Sedat Peker- Erhan Tuncel ili\u015fkisine dair, Soylu&#8217;nun yan\u0131tlamas\u0131 talebiyle TBMM&#8217;ye soru \u00f6nergesi verdi. 24 May\u0131s Pazartesi gecesi Habert\u00fcrk televizyonunda K\u00fcbra Par\u2019\u0131n moderat\u00f6rl\u00fc\u011f\u00fcnde gazeteciler Merdan Yanarda\u011f, \u0130smail Saymaz, Veyis Ate\u015f ve Mehmet Akif Ersoy&#8217;un sorular\u0131n\u0131 yan\u0131tlayan Soylu, a\u00e7\u0131klamalar\u0131n\u0131n bir b\u00f6l\u00fcm\u00fcnde Hrant Dink Cinayeti h\u00fck\u00fcml\u00fclerinden Erhan Tuncel [&hellip;]<\/p>\n","protected":false},"author":7,"featured_media":63087,"comment_status":"open","ping_status":"open","sticky":false,"template":"","format":"standard","meta":{"footnotes":""},"categories":[1],"tags":[],"class_list":["post-63086","post","type-post","status-publish","format-standard","has-post-thumbnail","hentry","category-haberler"],"yoast_head":"<!-- This site is optimized with the Yoast SEO plugin v27.4 - https:\/\/yoast.com\/product\/yoast-seo-wordpress\/ -->\n<title>Peker-Tuncel ili\u015fkisi iddias\u0131na dair soru \u00f6nergesi - Bati Ermenistan Ve Bati Ermenileri Sorunlari Ara\u015ftirmalar Merkezi<\/title>\n<meta name=\"robots\" content=\"index, follow, max-snippet:-1, max-image-preview:large, max-video-preview:-1\" \/>\n<link rel=\"canonical\" href=\"https:\/\/akunq.net\/tr\/?p=63086\" \/>\n<meta property=\"og:locale\" content=\"en_US\" \/>\n<meta property=\"og:type\" content=\"article\" \/>\n<meta property=\"og:title\" content=\"Peker-Tuncel ili\u015fkisi iddias\u0131na dair soru \u00f6nergesi - Bati Ermenistan Ve Bati Ermenileri Sorunlari Ara\u015ftirmalar Merkezi\" \/>\n<meta property=\"og:description\" content=\"HDP milletvekili Garo Paylan \u0130\u00e7i\u015fleri Bakan\u0131 S\u00fcleyman Soylu&#8217;nun \u00f6ne s\u00fcrd\u00fc\u011f\u00fc Sedat Peker- Erhan Tuncel ili\u015fkisine dair, Soylu&#8217;nun yan\u0131tlamas\u0131 talebiyle TBMM&#8217;ye soru \u00f6nergesi verdi. 24 May\u0131s Pazartesi gecesi Habert\u00fcrk televizyonunda K\u00fcbra Par\u2019\u0131n moderat\u00f6rl\u00fc\u011f\u00fcnde gazeteciler Merdan Yanarda\u011f, \u0130smail Saymaz, Veyis Ate\u015f ve Mehmet Akif Ersoy&#8217;un sorular\u0131n\u0131 yan\u0131tlayan Soylu, a\u00e7\u0131klamalar\u0131n\u0131n bir b\u00f6l\u00fcm\u00fcnde Hrant Dink Cinayeti h\u00fck\u00fcml\u00fclerinden Erhan Tuncel [&hellip;]\" \/>\n<meta property=\"og:url\" content=\"https:\/\/akunq.net\/tr\/?p=63086\" \/>\n<meta property=\"og:site_name\" content=\"Bati Ermenistan Ve Bati Ermenileri Sorunlari Ara\u015ftirmalar Merkezi\" \/>\n<meta property=\"article:published_time\" content=\"2021-05-27T06:33:28+00:00\" \/>\n<meta property=\"og:image\" content=\"https:\/\/akunq.net\/tr\/wp-content\/uploads\/sites\/6\/2021\/05\/\u054f\u056b\u0576\u0584.jpg\" \/>\n\t<meta property=\"og:image:width\" content=\"730\" \/>\n\t<meta property=\"og:image:height\" content=\"487\" \/>\n\t<meta property=\"og:image:type\" content=\"image\/jpeg\" \/>\n<meta name=\"author\" content=\"admin\" \/>\n<meta name=\"twitter:card\" content=\"summary_large_image\" \/>\n<meta name=\"twitter:label1\" content=\"Written by\" \/>\n\t<meta name=\"twitter:data1\" content=\"admin\" \/>\n\t<meta name=\"twitter:label2\" content=\"Est. reading time\" \/>\n\t<meta name=\"twitter:data2\" content=\"1 minute\" \/>\n<script type=\"application\/ld+json\" class=\"yoast-schema-graph\">{\"@context\":\"https:\\\/\\\/schema.org\",\"@graph\":[{\"@type\":\"Article\",\"@id\":\"https:\\\/\\\/akunq.net\\\/tr\\\/?p=63086#article\",\"isPartOf\":{\"@id\":\"https:\\\/\\\/akunq.net\\\/tr\\\/?p=63086\"},\"author\":{\"name\":\"admin\",\"@id\":\"https:\\\/\\\/akunq.net\\\/tr\\\/#\\\/schema\\\/person\\\/096f1d38a12cce57fb855b485ed24c9e\"},\"headline\":\"Peker-Tuncel ili\u015fkisi iddias\u0131na dair soru \u00f6nergesi\",\"datePublished\":\"2021-05-27T06:33:28+00:00\",\"mainEntityOfPage\":{\"@id\":\"https:\\\/\\\/akunq.net\\\/tr\\\/?p=63086\"},\"wordCount\":287,\"commentCount\":0,\"image\":{\"@id\":\"https:\\\/\\\/akunq.net\\\/tr\\\/?p=63086#primaryimage\"},\"thumbnailUrl\":\"https:\\\/\\\/akunq.net\\\/tr\\\/wp-content\\\/uploads\\\/sites\\\/6\\\/2021\\\/05\\\/\u054f\u056b\u0576\u0584.jpg\",\"articleSection\":[\"Haberler\"],\"inLanguage\":\"en-US\",\"potentialAction\":[{\"@type\":\"CommentAction\",\"name\":\"Comment\",\"target\":[\"https:\\\/\\\/akunq.net\\\/tr\\\/?p=63086#respond\"]}]},{\"@type\":\"WebPage\",\"@id\":\"https:\\\/\\\/akunq.net\\\/tr\\\/?p=63086\",\"url\":\"https:\\\/\\\/akunq.net\\\/tr\\\/?p=63086\",\"name\":\"Peker-Tuncel ili\u015fkisi iddias\u0131na dair soru \u00f6nergesi - Bati Ermenistan Ve Bati Ermenileri Sorunlari Ara\u015ftirmalar Merkezi\",\"isPartOf\":{\"@id\":\"https:\\\/\\\/akunq.net\\\/tr\\\/#website\"},\"primaryImageOfPage\":{\"@id\":\"https:\\\/\\\/akunq.net\\\/tr\\\/?p=63086#primaryimage\"},\"image\":{\"@id\":\"https:\\\/\\\/akunq.net\\\/tr\\\/?p=63086#primaryimage\"},\"thumbnailUrl\":\"https:\\\/\\\/akunq.net\\\/tr\\\/wp-content\\\/uploads\\\/sites\\\/6\\\/2021\\\/05\\\/\u054f\u056b\u0576\u0584.jpg\",\"datePublished\":\"2021-05-27T06:33:28+00:00\",\"author\":{\"@id\":\"https:\\\/\\\/akunq.net\\\/tr\\\/#\\\/schema\\\/person\\\/096f1d38a12cce57fb855b485ed24c9e\"},\"breadcrumb\":{\"@id\":\"https:\\\/\\\/akunq.net\\\/tr\\\/?p=63086#breadcrumb\"},\"inLanguage\":\"en-US\",\"potentialAction\":[{\"@type\":\"ReadAction\",\"target\":[\"https:\\\/\\\/akunq.net\\\/tr\\\/?p=63086\"]}]},{\"@type\":\"ImageObject\",\"inLanguage\":\"en-US\",\"@id\":\"https:\\\/\\\/akunq.net\\\/tr\\\/?p=63086#primaryimage\",\"url\":\"https:\\\/\\\/akunq.net\\\/tr\\\/wp-content\\\/uploads\\\/sites\\\/6\\\/2021\\\/05\\\/\u054f\u056b\u0576\u0584.jpg\",\"contentUrl\":\"https:\\\/\\\/akunq.net\\\/tr\\\/wp-content\\\/uploads\\\/sites\\\/6\\\/2021\\\/05\\\/\u054f\u056b\u0576\u0584.jpg\",\"width\":730,\"height\":487},{\"@type\":\"BreadcrumbList\",\"@id\":\"https:\\\/\\\/akunq.net\\\/tr\\\/?p=63086#breadcrumb\",\"itemListElement\":[{\"@type\":\"ListItem\",\"position\":1,\"name\":\"Home\",\"item\":\"https:\\\/\\\/akunq.net\\\/tr\"},{\"@type\":\"ListItem\",\"position\":2,\"name\":\"Peker-Tuncel ili\u015fkisi iddias\u0131na dair soru \u00f6nergesi\"}]},{\"@type\":\"WebSite\",\"@id\":\"https:\\\/\\\/akunq.net\\\/tr\\\/#website\",\"url\":\"https:\\\/\\\/akunq.net\\\/tr\\\/\",\"name\":\"Bati Ermenistan Ve Bati Ermenileri Sorunlari Ara\u015ftirmalar Merkezi\",\"description\":\"\",\"potentialAction\":[{\"@type\":\"SearchAction\",\"target\":{\"@type\":\"EntryPoint\",\"urlTemplate\":\"https:\\\/\\\/akunq.net\\\/tr\\\/?s={search_term_string}\"},\"query-input\":{\"@type\":\"PropertyValueSpecification\",\"valueRequired\":true,\"valueName\":\"search_term_string\"}}],\"inLanguage\":\"en-US\"},{\"@type\":\"Person\",\"@id\":\"https:\\\/\\\/akunq.net\\\/tr\\\/#\\\/schema\\\/person\\\/096f1d38a12cce57fb855b485ed24c9e\",\"name\":\"admin\",\"url\":\"https:\\\/\\\/akunq.net\\\/tr\\\/?author=7\"}]}<\/script>\n<!-- \/ Yoast SEO plugin. -->","yoast_head_json":{"title":"Peker-Tuncel ili\u015fkisi iddias\u0131na dair soru \u00f6nergesi - Bati Ermenistan Ve Bati Ermenileri Sorunlari Ara\u015ftirmalar Merkezi","robots":{"index":"index","follow":"follow","max-snippet":"max-snippet:-1","max-image-preview":"max-image-preview:large","max-video-preview":"max-video-preview:-1"},"canonical":"https:\/\/akunq.net\/tr\/?p=63086","og_locale":"en_US","og_type":"article","og_title":"Peker-Tuncel ili\u015fkisi iddias\u0131na dair soru \u00f6nergesi - Bati Ermenistan Ve Bati Ermenileri Sorunlari Ara\u015ftirmalar Merkezi","og_description":"HDP milletvekili Garo Paylan \u0130\u00e7i\u015fleri Bakan\u0131 S\u00fcleyman Soylu&#8217;nun \u00f6ne s\u00fcrd\u00fc\u011f\u00fc Sedat Peker- Erhan Tuncel ili\u015fkisine dair, Soylu&#8217;nun yan\u0131tlamas\u0131 talebiyle TBMM&#8217;ye soru \u00f6nergesi verdi. 24 May\u0131s Pazartesi gecesi Habert\u00fcrk televizyonunda K\u00fcbra Par\u2019\u0131n moderat\u00f6rl\u00fc\u011f\u00fcnde gazeteciler Merdan Yanarda\u011f, \u0130smail Saymaz, Veyis Ate\u015f ve Mehmet Akif Ersoy&#8217;un sorular\u0131n\u0131 yan\u0131tlayan Soylu, a\u00e7\u0131klamalar\u0131n\u0131n bir b\u00f6l\u00fcm\u00fcnde Hrant Dink Cinayeti h\u00fck\u00fcml\u00fclerinden Erhan Tuncel [&hellip;]","og_url":"https:\/\/akunq.net\/tr\/?p=63086","og_site_name":"Bati Ermenistan Ve Bati Ermenileri Sorunlari Ara\u015ftirmalar Merkezi","article_published_time":"2021-05-27T06:33:28+00:00","og_image":[{"width":730,"height":487,"url":"https:\/\/akunq.net\/tr\/wp-content\/uploads\/sites\/6\/2021\/05\/\u054f\u056b\u0576\u0584.jpg","type":"image\/jpeg"}],"author":"admin","twitter_card":"summary_large_image","twitter_misc":{"Written by":"admin","Est. reading time":"1 minute"},"schema":{"@context":"https:\/\/schema.org","@graph":[{"@type":"Article","@id":"https:\/\/akunq.net\/tr\/?p=63086#article","isPartOf":{"@id":"https:\/\/akunq.net\/tr\/?p=63086"},"author":{"name":"admin","@id":"https:\/\/akunq.net\/tr\/#\/schema\/person\/096f1d38a12cce57fb855b485ed24c9e"},"headline":"Peker-Tuncel ili\u015fkisi iddias\u0131na dair soru \u00f6nergesi","datePublished":"2021-05-27T06:33:28+00:00","mainEntityOfPage":{"@id":"https:\/\/akunq.net\/tr\/?p=63086"},"wordCount":287,"commentCount":0,"image":{"@id":"https:\/\/akunq.net\/tr\/?p=63086#primaryimage"},"thumbnailUrl":"https:\/\/akunq.net\/tr\/wp-content\/uploads\/sites\/6\/2021\/05\/\u054f\u056b\u0576\u0584.jpg","articleSection":["Haberler"],"inLanguage":"en-US","potentialAction":[{"@type":"CommentAction","name":"Comment","target":["https:\/\/akunq.net\/tr\/?p=63086#respond"]}]},{"@type":"WebPage","@id":"https:\/\/akunq.net\/tr\/?p=63086","url":"https:\/\/akunq.net\/tr\/?p=63086","name":"Peker-Tuncel ili\u015fkisi iddias\u0131na dair soru \u00f6nergesi - Bati Ermenistan Ve Bati Ermenileri Sorunlari Ara\u015ftirmalar Merkezi","isPartOf":{"@id":"https:\/\/akunq.net\/tr\/#website"},"primaryImageOfPage":{"@id":"https:\/\/akunq.net\/tr\/?p=63086#primaryimage"},"image":{"@id":"https:\/\/akunq.net\/tr\/?p=63086#primaryimage"},"thumbnailUrl":"https:\/\/akunq.net\/tr\/wp-content\/uploads\/sites\/6\/2021\/05\/\u054f\u056b\u0576\u0584.jpg","datePublished":"2021-05-27T06:33:28+00:00","author":{"@id":"https:\/\/akunq.net\/tr\/#\/schema\/person\/096f1d38a12cce57fb855b485ed24c9e"},"breadcrumb":{"@id":"https:\/\/akunq.net\/tr\/?p=63086#breadcrumb"},"inLanguage":"en-US","potentialAction":[{"@type":"ReadAction","target":["https:\/\/akunq.net\/tr\/?p=63086"]}]},{"@type":"ImageObject","inLanguage":"en-US","@id":"https:\/\/akunq.net\/tr\/?p=63086#primaryimage","url":"https:\/\/akunq.net\/tr\/wp-content\/uploads\/sites\/6\/2021\/05\/\u054f\u056b\u0576\u0584.jpg","contentUrl":"https:\/\/akunq.net\/tr\/wp-content\/uploads\/sites\/6\/2021\/05\/\u054f\u056b\u0576\u0584.jpg","width":730,"height":487},{"@type":"BreadcrumbList","@id":"https:\/\/akunq.net\/tr\/?p=63086#breadcrumb","itemListElement":[{"@type":"ListItem","position":1,"name":"Home","item":"https:\/\/akunq.net\/tr"},{"@type":"ListItem","position":2,"name":"Peker-Tuncel ili\u015fkisi iddias\u0131na dair soru \u00f6nergesi"}]},{"@type":"WebSite","@id":"https:\/\/akunq.net\/tr\/#website","url":"https:\/\/akunq.net\/tr\/","name":"Bati Ermenistan Ve Bati Ermenileri Sorunlari Ara\u015ftirmalar Merkezi","description":"","potentialAction":[{"@type":"SearchAction","target":{"@type":"EntryPoint","urlTemplate":"https:\/\/akunq.net\/tr\/?s={search_term_string}"},"query-input":{"@type":"PropertyValueSpecification","valueRequired":true,"valueName":"search_term_string"}}],"inLanguage":"en-US"},{"@type":"Person","@id":"https:\/\/akunq.net\/tr\/#\/schema\/person\/096f1d38a12cce57fb855b485ed24c9e","name":"admin","url":"https:\/\/akunq.net\/tr\/?author=7"}]}},"_links":{"self":[{"href":"https:\/\/akunq.net\/tr\/index.php?rest_route=\/wp\/v2\/posts\/63086","targetHints":{"allow":["GET"]}}],"collection":[{"href":"https:\/\/akunq.net\/tr\/index.php?rest_route=\/wp\/v2\/posts"}],"about":[{"href":"https:\/\/akunq.net\/tr\/index.php?rest_route=\/wp\/v2\/types\/post"}],"author":[{"embeddable":true,"href":"https:\/\/akunq.net\/tr\/index.php?rest_route=\/wp\/v2\/users\/7"}],"replies":[{"embeddable":true,"href":"https:\/\/akunq.net\/tr\/index.php?rest_route=%2Fwp%2Fv2%2Fcomments&post=63086"}],"version-history":[{"count":1,"href":"https:\/\/akunq.net\/tr\/index.php?rest_route=\/wp\/v2\/posts\/63086\/revisions"}],"predecessor-version":[{"id":63088,"href":"https:\/\/akunq.net\/tr\/index.php?rest_route=\/wp\/v2\/posts\/63086\/revisions\/63088"}],"wp:featuredmedia":[{"embeddable":true,"href":"https:\/\/akunq.net\/tr\/index.php?rest_route=\/wp\/v2\/media\/63087"}],"wp:attachment":[{"href":"https:\/\/akunq.net\/tr\/index.php?rest_route=%2Fwp%2Fv2%2Fmedia&parent=63086"}],"wp:term":[{"taxonomy":"category","embeddable":true,"href":"https:\/\/akunq.net\/tr\/index.php?rest_route=%2Fwp%2Fv2%2Fcategories&post=63086"},{"taxonomy":"post_tag","embeddable":true,"href":"https:\/\/akunq.net\/tr\/index.php?rest_route=%2Fwp%2Fv2%2Ftags&post=63086"}],"curies":[{"name":"wp","href":"https:\/\/api.w.org\/{rel}","templated":true}]}}