{"id":63083,"date":"2021-05-27T01:28:03","date_gmt":"2021-05-27T06:28:03","guid":{"rendered":"https:\/\/akunq.net\/tr\/?p=63083"},"modified":"2021-05-27T01:28:03","modified_gmt":"2021-05-27T06:28:03","slug":"zarif-uluslararasai-taninmis-sinirlar-ve-toprak-butunlugu-bizim-kirmizi-cizgimizdir","status":"publish","type":"post","link":"https:\/\/akunq.net\/tr\/?p=63083","title":{"rendered":"Zarif: &#8220;Uluslararasa\u0131 tan\u0131nm\u0131\u015f s\u0131n\u0131rlar ve toprak b\u00fct\u00fcnl\u00fc\u011f\u00fc, bizim k\u0131rm\u0131z\u0131 \u00e7izgimizdir&#8221;"},"content":{"rendered":"<p><img loading=\"lazy\" decoding=\"async\" class=\"aligncenter size-medium wp-image-63084\" src=\"https:\/\/akunq.net\/tr\/wp-content\/uploads\/2021\/05\/\u0130ran-D\u0131\u015fi\u015fleri-Bakan\u0131-Muhammed-Cevad-Zarif-360x240.jpg\" alt=\"\" width=\"360\" height=\"240\" srcset=\"https:\/\/akunq.net\/tr\/wp-content\/uploads\/sites\/6\/2021\/05\/\u0130ran-D\u0131\u015fi\u015fleri-Bakan\u0131-Muhammed-Cevad-Zarif-360x240.jpg 360w, https:\/\/akunq.net\/tr\/wp-content\/uploads\/sites\/6\/2021\/05\/\u0130ran-D\u0131\u015fi\u015fleri-Bakan\u0131-Muhammed-Cevad-Zarif-560x373.jpg 560w, https:\/\/akunq.net\/tr\/wp-content\/uploads\/sites\/6\/2021\/05\/\u0130ran-D\u0131\u015fi\u015fleri-Bakan\u0131-Muhammed-Cevad-Zarif-260x173.jpg 260w, https:\/\/akunq.net\/tr\/wp-content\/uploads\/sites\/6\/2021\/05\/\u0130ran-D\u0131\u015fi\u015fleri-Bakan\u0131-Muhammed-Cevad-Zarif-160x107.jpg 160w, https:\/\/akunq.net\/tr\/wp-content\/uploads\/sites\/6\/2021\/05\/\u0130ran-D\u0131\u015fi\u015fleri-Bakan\u0131-Muhammed-Cevad-Zarif.jpg 600w\" sizes=\"auto, (max-width: 360px) 100vw, 360px\" \/><\/p>\n<p><em><strong>Ermenistan\u2019da bulunan \u0130ran D\u0131\u015fi\u015fleri Bakan\u0131 Muhammed Cevad Zarif, \u0130ran\u2019\u0131n, son iki haftada Ermenistan \u2013 Azerbaycan s\u0131n\u0131r\u0131nda ya\u015fanan gerginlikten endi\u015feli oldu\u011funu ve durumun bar\u0131\u015f yoluyla \u00e7\u00f6z\u00fclece\u011fini \u00fcmit etti\u011fini ifade etti.<\/strong><\/em><\/p>\n<p>Ermenistan D\u0131\u015fi\u015fleri Bakan\u0131\u2019n\u0131n g\u00f6revini yerine getiren Ara Ayvazyan ile yapt\u0131\u011f\u0131 g\u00f6r\u00fc\u015fmede Zarif, \u201cBiz \u00f6l\u00e7\u00fcl\u00fc olma \u00e7a\u011fr\u0131s\u0131nda bulunduk. Bu ziyaretimin amac\u0131 da, bu t\u00fcr gerginliklerin \u00e7\u00f6z\u00fcm\u00fc konusunda yard\u0131mc\u0131 olma iste\u011fimdir. D\u00fcn Azerbaycan\u2019da \u00e7ok ayr\u0131nt\u0131l\u0131 temaslarda bulundum. Bug\u00fcn Sizinle g\u00f6r\u00fc\u015f\u00fcyorum, daha sonra \u00e7ok \u00f6nemli konular hakk\u0131nda Ba\u015fbakan ve Cumhurba\u015fkan\u0131 ile de konu\u015faca\u011f\u0131m. Ve son d\u00f6nemde gerilen durum i\u00e7in \u00e7\u00f6z\u00fcmler bulabilece\u011fimizi \u00fcmit ediyorum. Biz hep dedik ve bir kez daha alt\u0131n\u0131 \u00e7iziyoruz: uluslararas\u0131 \u00e7apta tan\u0131nm\u0131\u015f s\u0131n\u0131rlar ve toprak b\u00fct\u00fcnl\u00fc\u011f\u00fc, bizim k\u0131rm\u0131z\u0131 \u00e7izgimizdir\u201d ifadelerine yer verdi.<\/p>\n<p>Ermenistan\u2019\u0131n, \u0130ran \u0130slam Cumhuriyeti i\u00e7in her zaman \u00e7ok iyi bir kom\u015fu oldu\u011funu vurgulayan Zarif, \u201cG\u00fcney Kafkasya\u2019n\u0131n bizim i\u00e7in hayati \u00f6nemi var. B\u00f6lgesel bar\u0131\u015f ve istirar\u0131n korunmas\u0131 ise ulusal g\u00fcvenlik meselesidir.\u00a0 \u0130ran\u2019\u0131n politikas\u0131, b\u00f6lgesel bar\u0131\u015f ve istikrar\u0131n korunmas\u0131na y\u00f6nelikdir. Biz bu politikaya devam ediyoruz ve t\u00fcm \u00fclkelerin egemenli\u011fine ve toprak b\u00fct\u00fcnl\u00fc\u011f\u00fcne sayg\u0131 g\u00f6steriyoruz\u201d \u015feklinde konu\u015ftu.<\/p>\n<p>Da\u011fl\u0131k Karaba\u011f sava\u015f\u0131 s\u0131ras\u0131nda krizin bar\u0131\u015f yoluyla \u00e7\u00f6z\u00fclmesi i\u00e7in Azerbaycan ve Ermenistan\u2019a yard\u0131mc\u0131 olmaya \u00e7al\u0131\u015ft\u0131klar\u0131n\u0131 dile getiren bakan, bu yeni krizde de arabuluculuk yapmak istediklerini ve bu hedefle D\u0131\u015fi\u015fleri Bakan Yard\u0131mc\u0131s\u0131n\u0131 da b\u00f6lgeye g\u00f6nderdiklerini vurgulad\u0131.<\/p>\n<p><em><strong>https:\/\/www.ermenihaber.am\/tr\/news\/2021\/05\/26\/Ermenistan-%C4%B0ran-Zarif-Azerbaycan\/208809\u00a0<\/strong><\/em><\/p>\n","protected":false},"excerpt":{"rendered":"<p>Ermenistan\u2019da bulunan \u0130ran D\u0131\u015fi\u015fleri Bakan\u0131 Muhammed Cevad Zarif, \u0130ran\u2019\u0131n, son iki haftada Ermenistan \u2013 Azerbaycan s\u0131n\u0131r\u0131nda ya\u015fanan gerginlikten endi\u015feli oldu\u011funu ve durumun bar\u0131\u015f yoluyla \u00e7\u00f6z\u00fclece\u011fini \u00fcmit etti\u011fini ifade etti. Ermenistan D\u0131\u015fi\u015fleri Bakan\u0131\u2019n\u0131n g\u00f6revini yerine getiren Ara Ayvazyan ile yapt\u0131\u011f\u0131 g\u00f6r\u00fc\u015fmede Zarif, \u201cBiz \u00f6l\u00e7\u00fcl\u00fc olma \u00e7a\u011fr\u0131s\u0131nda bulunduk. Bu ziyaretimin amac\u0131 da, bu t\u00fcr gerginliklerin \u00e7\u00f6z\u00fcm\u00fc konusunda [&hellip;]<\/p>\n","protected":false},"author":7,"featured_media":63084,"comment_status":"open","ping_status":"open","sticky":false,"template":"","format":"standard","meta":{"footnotes":""},"categories":[1],"tags":[],"class_list":["post-63083","post","type-post","status-publish","format-standard","has-post-thumbnail","hentry","category-haberler"],"yoast_head":"<!-- This site is optimized with the Yoast SEO plugin v27.4 - https:\/\/yoast.com\/product\/yoast-seo-wordpress\/ -->\n<title>Zarif: &quot;Uluslararasa\u0131 tan\u0131nm\u0131\u015f s\u0131n\u0131rlar ve toprak b\u00fct\u00fcnl\u00fc\u011f\u00fc, bizim k\u0131rm\u0131z\u0131 \u00e7izgimizdir&quot; - Bati Ermenistan Ve Bati Ermenileri Sorunlari Ara\u015ftirmalar Merkezi<\/title>\n<meta name=\"robots\" content=\"index, follow, max-snippet:-1, max-image-preview:large, max-video-preview:-1\" \/>\n<link rel=\"canonical\" href=\"https:\/\/akunq.net\/tr\/?p=63083\" \/>\n<meta property=\"og:locale\" content=\"en_US\" \/>\n<meta property=\"og:type\" content=\"article\" \/>\n<meta property=\"og:title\" content=\"Zarif: &quot;Uluslararasa\u0131 tan\u0131nm\u0131\u015f s\u0131n\u0131rlar ve toprak b\u00fct\u00fcnl\u00fc\u011f\u00fc, bizim k\u0131rm\u0131z\u0131 \u00e7izgimizdir&quot; - Bati Ermenistan Ve Bati Ermenileri Sorunlari Ara\u015ftirmalar Merkezi\" \/>\n<meta property=\"og:description\" content=\"Ermenistan\u2019da bulunan \u0130ran D\u0131\u015fi\u015fleri Bakan\u0131 Muhammed Cevad Zarif, \u0130ran\u2019\u0131n, son iki haftada Ermenistan \u2013 Azerbaycan s\u0131n\u0131r\u0131nda ya\u015fanan gerginlikten endi\u015feli oldu\u011funu ve durumun bar\u0131\u015f yoluyla \u00e7\u00f6z\u00fclece\u011fini \u00fcmit etti\u011fini ifade etti. Ermenistan D\u0131\u015fi\u015fleri Bakan\u0131\u2019n\u0131n g\u00f6revini yerine getiren Ara Ayvazyan ile yapt\u0131\u011f\u0131 g\u00f6r\u00fc\u015fmede Zarif, \u201cBiz \u00f6l\u00e7\u00fcl\u00fc olma \u00e7a\u011fr\u0131s\u0131nda bulunduk. Bu ziyaretimin amac\u0131 da, bu t\u00fcr gerginliklerin \u00e7\u00f6z\u00fcm\u00fc konusunda [&hellip;]\" \/>\n<meta property=\"og:url\" content=\"https:\/\/akunq.net\/tr\/?p=63083\" \/>\n<meta property=\"og:site_name\" content=\"Bati Ermenistan Ve Bati Ermenileri Sorunlari Ara\u015ftirmalar Merkezi\" \/>\n<meta property=\"article:published_time\" content=\"2021-05-27T06:28:03+00:00\" \/>\n<meta property=\"og:image\" content=\"https:\/\/akunq.net\/tr\/wp-content\/uploads\/sites\/6\/2021\/05\/\u0130ran-D\u0131\u015fi\u015fleri-Bakan\u0131-Muhammed-Cevad-Zarif.jpg\" \/>\n\t<meta property=\"og:image:width\" content=\"600\" \/>\n\t<meta property=\"og:image:height\" content=\"400\" \/>\n\t<meta property=\"og:image:type\" content=\"image\/jpeg\" \/>\n<meta name=\"author\" content=\"admin\" \/>\n<meta name=\"twitter:card\" content=\"summary_large_image\" \/>\n<meta name=\"twitter:label1\" content=\"Written by\" \/>\n\t<meta name=\"twitter:data1\" content=\"admin\" \/>\n\t<meta name=\"twitter:label2\" content=\"Est. reading time\" \/>\n\t<meta name=\"twitter:data2\" content=\"2 minutes\" \/>\n<script type=\"application\/ld+json\" class=\"yoast-schema-graph\">{\"@context\":\"https:\\\/\\\/schema.org\",\"@graph\":[{\"@type\":\"Article\",\"@id\":\"https:\\\/\\\/akunq.net\\\/tr\\\/?p=63083#article\",\"isPartOf\":{\"@id\":\"https:\\\/\\\/akunq.net\\\/tr\\\/?p=63083\"},\"author\":{\"name\":\"admin\",\"@id\":\"https:\\\/\\\/akunq.net\\\/tr\\\/#\\\/schema\\\/person\\\/096f1d38a12cce57fb855b485ed24c9e\"},\"headline\":\"Zarif: &#8220;Uluslararasa\u0131 tan\u0131nm\u0131\u015f s\u0131n\u0131rlar ve toprak b\u00fct\u00fcnl\u00fc\u011f\u00fc, bizim k\u0131rm\u0131z\u0131 \u00e7izgimizdir&#8221;\",\"datePublished\":\"2021-05-27T06:28:03+00:00\",\"mainEntityOfPage\":{\"@id\":\"https:\\\/\\\/akunq.net\\\/tr\\\/?p=63083\"},\"wordCount\":319,\"commentCount\":0,\"image\":{\"@id\":\"https:\\\/\\\/akunq.net\\\/tr\\\/?p=63083#primaryimage\"},\"thumbnailUrl\":\"https:\\\/\\\/akunq.net\\\/tr\\\/wp-content\\\/uploads\\\/sites\\\/6\\\/2021\\\/05\\\/\u0130ran-D\u0131\u015fi\u015fleri-Bakan\u0131-Muhammed-Cevad-Zarif.jpg\",\"articleSection\":[\"Haberler\"],\"inLanguage\":\"en-US\",\"potentialAction\":[{\"@type\":\"CommentAction\",\"name\":\"Comment\",\"target\":[\"https:\\\/\\\/akunq.net\\\/tr\\\/?p=63083#respond\"]}]},{\"@type\":\"WebPage\",\"@id\":\"https:\\\/\\\/akunq.net\\\/tr\\\/?p=63083\",\"url\":\"https:\\\/\\\/akunq.net\\\/tr\\\/?p=63083\",\"name\":\"Zarif: \\\"Uluslararasa\u0131 tan\u0131nm\u0131\u015f s\u0131n\u0131rlar ve toprak b\u00fct\u00fcnl\u00fc\u011f\u00fc, bizim k\u0131rm\u0131z\u0131 \u00e7izgimizdir\\\" - Bati Ermenistan Ve Bati Ermenileri Sorunlari Ara\u015ftirmalar Merkezi\",\"isPartOf\":{\"@id\":\"https:\\\/\\\/akunq.net\\\/tr\\\/#website\"},\"primaryImageOfPage\":{\"@id\":\"https:\\\/\\\/akunq.net\\\/tr\\\/?p=63083#primaryimage\"},\"image\":{\"@id\":\"https:\\\/\\\/akunq.net\\\/tr\\\/?p=63083#primaryimage\"},\"thumbnailUrl\":\"https:\\\/\\\/akunq.net\\\/tr\\\/wp-content\\\/uploads\\\/sites\\\/6\\\/2021\\\/05\\\/\u0130ran-D\u0131\u015fi\u015fleri-Bakan\u0131-Muhammed-Cevad-Zarif.jpg\",\"datePublished\":\"2021-05-27T06:28:03+00:00\",\"author\":{\"@id\":\"https:\\\/\\\/akunq.net\\\/tr\\\/#\\\/schema\\\/person\\\/096f1d38a12cce57fb855b485ed24c9e\"},\"breadcrumb\":{\"@id\":\"https:\\\/\\\/akunq.net\\\/tr\\\/?p=63083#breadcrumb\"},\"inLanguage\":\"en-US\",\"potentialAction\":[{\"@type\":\"ReadAction\",\"target\":[\"https:\\\/\\\/akunq.net\\\/tr\\\/?p=63083\"]}]},{\"@type\":\"ImageObject\",\"inLanguage\":\"en-US\",\"@id\":\"https:\\\/\\\/akunq.net\\\/tr\\\/?p=63083#primaryimage\",\"url\":\"https:\\\/\\\/akunq.net\\\/tr\\\/wp-content\\\/uploads\\\/sites\\\/6\\\/2021\\\/05\\\/\u0130ran-D\u0131\u015fi\u015fleri-Bakan\u0131-Muhammed-Cevad-Zarif.jpg\",\"contentUrl\":\"https:\\\/\\\/akunq.net\\\/tr\\\/wp-content\\\/uploads\\\/sites\\\/6\\\/2021\\\/05\\\/\u0130ran-D\u0131\u015fi\u015fleri-Bakan\u0131-Muhammed-Cevad-Zarif.jpg\",\"width\":600,\"height\":400},{\"@type\":\"BreadcrumbList\",\"@id\":\"https:\\\/\\\/akunq.net\\\/tr\\\/?p=63083#breadcrumb\",\"itemListElement\":[{\"@type\":\"ListItem\",\"position\":1,\"name\":\"Home\",\"item\":\"https:\\\/\\\/akunq.net\\\/tr\"},{\"@type\":\"ListItem\",\"position\":2,\"name\":\"Zarif: &#8220;Uluslararasa\u0131 tan\u0131nm\u0131\u015f s\u0131n\u0131rlar ve toprak b\u00fct\u00fcnl\u00fc\u011f\u00fc, bizim k\u0131rm\u0131z\u0131 \u00e7izgimizdir&#8221;\"}]},{\"@type\":\"WebSite\",\"@id\":\"https:\\\/\\\/akunq.net\\\/tr\\\/#website\",\"url\":\"https:\\\/\\\/akunq.net\\\/tr\\\/\",\"name\":\"Bati Ermenistan Ve Bati Ermenileri Sorunlari Ara\u015ftirmalar Merkezi\",\"description\":\"\",\"potentialAction\":[{\"@type\":\"SearchAction\",\"target\":{\"@type\":\"EntryPoint\",\"urlTemplate\":\"https:\\\/\\\/akunq.net\\\/tr\\\/?s={search_term_string}\"},\"query-input\":{\"@type\":\"PropertyValueSpecification\",\"valueRequired\":true,\"valueName\":\"search_term_string\"}}],\"inLanguage\":\"en-US\"},{\"@type\":\"Person\",\"@id\":\"https:\\\/\\\/akunq.net\\\/tr\\\/#\\\/schema\\\/person\\\/096f1d38a12cce57fb855b485ed24c9e\",\"name\":\"admin\",\"url\":\"https:\\\/\\\/akunq.net\\\/tr\\\/?author=7\"}]}<\/script>\n<!-- \/ Yoast SEO plugin. -->","yoast_head_json":{"title":"Zarif: \"Uluslararasa\u0131 tan\u0131nm\u0131\u015f s\u0131n\u0131rlar ve toprak b\u00fct\u00fcnl\u00fc\u011f\u00fc, bizim k\u0131rm\u0131z\u0131 \u00e7izgimizdir\" - Bati Ermenistan Ve Bati Ermenileri Sorunlari Ara\u015ftirmalar Merkezi","robots":{"index":"index","follow":"follow","max-snippet":"max-snippet:-1","max-image-preview":"max-image-preview:large","max-video-preview":"max-video-preview:-1"},"canonical":"https:\/\/akunq.net\/tr\/?p=63083","og_locale":"en_US","og_type":"article","og_title":"Zarif: \"Uluslararasa\u0131 tan\u0131nm\u0131\u015f s\u0131n\u0131rlar ve toprak b\u00fct\u00fcnl\u00fc\u011f\u00fc, bizim k\u0131rm\u0131z\u0131 \u00e7izgimizdir\" - Bati Ermenistan Ve Bati Ermenileri Sorunlari Ara\u015ftirmalar Merkezi","og_description":"Ermenistan\u2019da bulunan \u0130ran D\u0131\u015fi\u015fleri Bakan\u0131 Muhammed Cevad Zarif, \u0130ran\u2019\u0131n, son iki haftada Ermenistan \u2013 Azerbaycan s\u0131n\u0131r\u0131nda ya\u015fanan gerginlikten endi\u015feli oldu\u011funu ve durumun bar\u0131\u015f yoluyla \u00e7\u00f6z\u00fclece\u011fini \u00fcmit etti\u011fini ifade etti. Ermenistan D\u0131\u015fi\u015fleri Bakan\u0131\u2019n\u0131n g\u00f6revini yerine getiren Ara Ayvazyan ile yapt\u0131\u011f\u0131 g\u00f6r\u00fc\u015fmede Zarif, \u201cBiz \u00f6l\u00e7\u00fcl\u00fc olma \u00e7a\u011fr\u0131s\u0131nda bulunduk. Bu ziyaretimin amac\u0131 da, bu t\u00fcr gerginliklerin \u00e7\u00f6z\u00fcm\u00fc konusunda [&hellip;]","og_url":"https:\/\/akunq.net\/tr\/?p=63083","og_site_name":"Bati Ermenistan Ve Bati Ermenileri Sorunlari Ara\u015ftirmalar Merkezi","article_published_time":"2021-05-27T06:28:03+00:00","og_image":[{"width":600,"height":400,"url":"https:\/\/akunq.net\/tr\/wp-content\/uploads\/sites\/6\/2021\/05\/\u0130ran-D\u0131\u015fi\u015fleri-Bakan\u0131-Muhammed-Cevad-Zarif.jpg","type":"image\/jpeg"}],"author":"admin","twitter_card":"summary_large_image","twitter_misc":{"Written by":"admin","Est. reading time":"2 minutes"},"schema":{"@context":"https:\/\/schema.org","@graph":[{"@type":"Article","@id":"https:\/\/akunq.net\/tr\/?p=63083#article","isPartOf":{"@id":"https:\/\/akunq.net\/tr\/?p=63083"},"author":{"name":"admin","@id":"https:\/\/akunq.net\/tr\/#\/schema\/person\/096f1d38a12cce57fb855b485ed24c9e"},"headline":"Zarif: &#8220;Uluslararasa\u0131 tan\u0131nm\u0131\u015f s\u0131n\u0131rlar ve toprak b\u00fct\u00fcnl\u00fc\u011f\u00fc, bizim k\u0131rm\u0131z\u0131 \u00e7izgimizdir&#8221;","datePublished":"2021-05-27T06:28:03+00:00","mainEntityOfPage":{"@id":"https:\/\/akunq.net\/tr\/?p=63083"},"wordCount":319,"commentCount":0,"image":{"@id":"https:\/\/akunq.net\/tr\/?p=63083#primaryimage"},"thumbnailUrl":"https:\/\/akunq.net\/tr\/wp-content\/uploads\/sites\/6\/2021\/05\/\u0130ran-D\u0131\u015fi\u015fleri-Bakan\u0131-Muhammed-Cevad-Zarif.jpg","articleSection":["Haberler"],"inLanguage":"en-US","potentialAction":[{"@type":"CommentAction","name":"Comment","target":["https:\/\/akunq.net\/tr\/?p=63083#respond"]}]},{"@type":"WebPage","@id":"https:\/\/akunq.net\/tr\/?p=63083","url":"https:\/\/akunq.net\/tr\/?p=63083","name":"Zarif: \"Uluslararasa\u0131 tan\u0131nm\u0131\u015f s\u0131n\u0131rlar ve toprak b\u00fct\u00fcnl\u00fc\u011f\u00fc, bizim k\u0131rm\u0131z\u0131 \u00e7izgimizdir\" - Bati Ermenistan Ve Bati Ermenileri Sorunlari Ara\u015ftirmalar Merkezi","isPartOf":{"@id":"https:\/\/akunq.net\/tr\/#website"},"primaryImageOfPage":{"@id":"https:\/\/akunq.net\/tr\/?p=63083#primaryimage"},"image":{"@id":"https:\/\/akunq.net\/tr\/?p=63083#primaryimage"},"thumbnailUrl":"https:\/\/akunq.net\/tr\/wp-content\/uploads\/sites\/6\/2021\/05\/\u0130ran-D\u0131\u015fi\u015fleri-Bakan\u0131-Muhammed-Cevad-Zarif.jpg","datePublished":"2021-05-27T06:28:03+00:00","author":{"@id":"https:\/\/akunq.net\/tr\/#\/schema\/person\/096f1d38a12cce57fb855b485ed24c9e"},"breadcrumb":{"@id":"https:\/\/akunq.net\/tr\/?p=63083#breadcrumb"},"inLanguage":"en-US","potentialAction":[{"@type":"ReadAction","target":["https:\/\/akunq.net\/tr\/?p=63083"]}]},{"@type":"ImageObject","inLanguage":"en-US","@id":"https:\/\/akunq.net\/tr\/?p=63083#primaryimage","url":"https:\/\/akunq.net\/tr\/wp-content\/uploads\/sites\/6\/2021\/05\/\u0130ran-D\u0131\u015fi\u015fleri-Bakan\u0131-Muhammed-Cevad-Zarif.jpg","contentUrl":"https:\/\/akunq.net\/tr\/wp-content\/uploads\/sites\/6\/2021\/05\/\u0130ran-D\u0131\u015fi\u015fleri-Bakan\u0131-Muhammed-Cevad-Zarif.jpg","width":600,"height":400},{"@type":"BreadcrumbList","@id":"https:\/\/akunq.net\/tr\/?p=63083#breadcrumb","itemListElement":[{"@type":"ListItem","position":1,"name":"Home","item":"https:\/\/akunq.net\/tr"},{"@type":"ListItem","position":2,"name":"Zarif: &#8220;Uluslararasa\u0131 tan\u0131nm\u0131\u015f s\u0131n\u0131rlar ve toprak b\u00fct\u00fcnl\u00fc\u011f\u00fc, bizim k\u0131rm\u0131z\u0131 \u00e7izgimizdir&#8221;"}]},{"@type":"WebSite","@id":"https:\/\/akunq.net\/tr\/#website","url":"https:\/\/akunq.net\/tr\/","name":"Bati Ermenistan Ve Bati Ermenileri Sorunlari Ara\u015ftirmalar Merkezi","description":"","potentialAction":[{"@type":"SearchAction","target":{"@type":"EntryPoint","urlTemplate":"https:\/\/akunq.net\/tr\/?s={search_term_string}"},"query-input":{"@type":"PropertyValueSpecification","valueRequired":true,"valueName":"search_term_string"}}],"inLanguage":"en-US"},{"@type":"Person","@id":"https:\/\/akunq.net\/tr\/#\/schema\/person\/096f1d38a12cce57fb855b485ed24c9e","name":"admin","url":"https:\/\/akunq.net\/tr\/?author=7"}]}},"_links":{"self":[{"href":"https:\/\/akunq.net\/tr\/index.php?rest_route=\/wp\/v2\/posts\/63083","targetHints":{"allow":["GET"]}}],"collection":[{"href":"https:\/\/akunq.net\/tr\/index.php?rest_route=\/wp\/v2\/posts"}],"about":[{"href":"https:\/\/akunq.net\/tr\/index.php?rest_route=\/wp\/v2\/types\/post"}],"author":[{"embeddable":true,"href":"https:\/\/akunq.net\/tr\/index.php?rest_route=\/wp\/v2\/users\/7"}],"replies":[{"embeddable":true,"href":"https:\/\/akunq.net\/tr\/index.php?rest_route=%2Fwp%2Fv2%2Fcomments&post=63083"}],"version-history":[{"count":1,"href":"https:\/\/akunq.net\/tr\/index.php?rest_route=\/wp\/v2\/posts\/63083\/revisions"}],"predecessor-version":[{"id":63085,"href":"https:\/\/akunq.net\/tr\/index.php?rest_route=\/wp\/v2\/posts\/63083\/revisions\/63085"}],"wp:featuredmedia":[{"embeddable":true,"href":"https:\/\/akunq.net\/tr\/index.php?rest_route=\/wp\/v2\/media\/63084"}],"wp:attachment":[{"href":"https:\/\/akunq.net\/tr\/index.php?rest_route=%2Fwp%2Fv2%2Fmedia&parent=63083"}],"wp:term":[{"taxonomy":"category","embeddable":true,"href":"https:\/\/akunq.net\/tr\/index.php?rest_route=%2Fwp%2Fv2%2Fcategories&post=63083"},{"taxonomy":"post_tag","embeddable":true,"href":"https:\/\/akunq.net\/tr\/index.php?rest_route=%2Fwp%2Fv2%2Ftags&post=63083"}],"curies":[{"name":"wp","href":"https:\/\/api.w.org\/{rel}","templated":true}]}}