{"id":63079,"date":"2021-05-26T03:06:40","date_gmt":"2021-05-26T08:06:40","guid":{"rendered":"https:\/\/akunq.net\/tr\/?p=63079"},"modified":"2021-05-26T03:06:40","modified_gmt":"2021-05-26T08:06:40","slug":"bakirkoy-kilisesi-yoneticilerinin-ziareti","status":"publish","type":"post","link":"https:\/\/akunq.net\/tr\/?p=63079","title":{"rendered":"Bak\u0131rk\u00f6y Kilisesi y\u00f6neticilerinin ziareti"},"content":{"rendered":"<p><img loading=\"lazy\" decoding=\"async\" class=\"aligncenter size-medium wp-image-63080\" src=\"https:\/\/akunq.net\/tr\/wp-content\/uploads\/2021\/05\/patrik-360x270.jpg\" alt=\"\" width=\"360\" height=\"270\" srcset=\"https:\/\/akunq.net\/tr\/wp-content\/uploads\/sites\/6\/2021\/05\/patrik-360x270.jpg 360w, https:\/\/akunq.net\/tr\/wp-content\/uploads\/sites\/6\/2021\/05\/patrik-768x576.jpg 768w, https:\/\/akunq.net\/tr\/wp-content\/uploads\/sites\/6\/2021\/05\/patrik-1536x1152.jpg 1536w, https:\/\/akunq.net\/tr\/wp-content\/uploads\/sites\/6\/2021\/05\/patrik-560x420.jpg 560w, https:\/\/akunq.net\/tr\/wp-content\/uploads\/sites\/6\/2021\/05\/patrik-260x195.jpg 260w, https:\/\/akunq.net\/tr\/wp-content\/uploads\/sites\/6\/2021\/05\/patrik-160x120.jpg 160w, https:\/\/akunq.net\/tr\/wp-content\/uploads\/sites\/6\/2021\/05\/patrik.jpg 2000w\" sizes=\"auto, (max-width: 360px) 100vw, 360px\" \/><\/p>\n<p><em><strong>Kadasetli Patrik Sahak II. Hazretleri, 24 May\u0131s 2021, Pazartesi, Patrikhane\u2019de, Y\u00f6netim Kurulu Ba\u015fkan\u0131 Mesut \u00d6zdemir \u00f6nderli\u011findeki Bak\u0131rk\u00f6y Dznunt S. Asdvadzadzni Kilisesi\u2019nin Vak\u0131f Y\u00f6netim Kurulu \u00dcyeleri kabul etti.<\/strong><\/em><\/p>\n<p>Ziyaret\u00e7iler, bu nezaket ziyaretini daha \u00f6nce vermek istediklerini, fakat Coronavir\u00fcs pandemi s\u00fcreci nedeniyle, ziyaretlerini ertelemek durumunda kald\u0131klar\u0131n\u0131 belirttiler. Sohbet esnas\u0131nda, kilisedeki, okuldaki ve semtteki \u00e7al\u0131\u015fmalar hakk\u0131nda Patrik Hazretleri\u2019ne bilgiler sunuldu.<\/p>\n<p>Patrik Hazretleri, ziyaret\u00e7ileri selamlad\u0131ktan sonra, Ermeni Cemaati \u00fcyelerinin yo\u011fun olarak ya\u015fad\u0131\u011f\u0131 Bak\u0131rk\u00f6y\u2019\u00fcn \u00f6nemine de\u011findi. Bu ba\u011flamda, ziyaret\u00e7ilere iyi dileklerini sundu ve ba\u015far\u0131lar diledi.<\/p>\n<p><em><strong><a href=\"https:\/\/www.facebook.com\/TRArmenianPatriarchate\/\">https:\/\/www.facebook.com\/TRArmenianPatriarchate\/<\/a> \u00a0<\/strong><\/em><\/p>\n","protected":false},"excerpt":{"rendered":"<p>Kadasetli Patrik Sahak II. Hazretleri, 24 May\u0131s 2021, Pazartesi, Patrikhane\u2019de, Y\u00f6netim Kurulu Ba\u015fkan\u0131 Mesut \u00d6zdemir \u00f6nderli\u011findeki Bak\u0131rk\u00f6y Dznunt S. Asdvadzadzni Kilisesi\u2019nin Vak\u0131f Y\u00f6netim Kurulu \u00dcyeleri kabul etti. Ziyaret\u00e7iler, bu nezaket ziyaretini daha \u00f6nce vermek istediklerini, fakat Coronavir\u00fcs pandemi s\u00fcreci nedeniyle, ziyaretlerini ertelemek durumunda kald\u0131klar\u0131n\u0131 belirttiler. Sohbet esnas\u0131nda, kilisedeki, okuldaki ve semtteki \u00e7al\u0131\u015fmalar hakk\u0131nda Patrik Hazretleri\u2019ne [&hellip;]<\/p>\n","protected":false},"author":7,"featured_media":63080,"comment_status":"open","ping_status":"open","sticky":false,"template":"","format":"standard","meta":{"footnotes":""},"categories":[1],"tags":[],"class_list":["post-63079","post","type-post","status-publish","format-standard","has-post-thumbnail","hentry","category-haberler"],"yoast_head":"<!-- This site is optimized with the Yoast SEO plugin v27.4 - https:\/\/yoast.com\/product\/yoast-seo-wordpress\/ -->\n<title>Bak\u0131rk\u00f6y Kilisesi y\u00f6neticilerinin ziareti - Bati Ermenistan Ve Bati Ermenileri Sorunlari Ara\u015ftirmalar Merkezi<\/title>\n<meta name=\"robots\" content=\"index, follow, max-snippet:-1, max-image-preview:large, max-video-preview:-1\" \/>\n<link rel=\"canonical\" href=\"https:\/\/akunq.net\/tr\/?p=63079\" \/>\n<meta property=\"og:locale\" content=\"en_US\" \/>\n<meta property=\"og:type\" content=\"article\" \/>\n<meta property=\"og:title\" content=\"Bak\u0131rk\u00f6y Kilisesi y\u00f6neticilerinin ziareti - Bati Ermenistan Ve Bati Ermenileri Sorunlari Ara\u015ftirmalar Merkezi\" \/>\n<meta property=\"og:description\" content=\"Kadasetli Patrik Sahak II. Hazretleri, 24 May\u0131s 2021, Pazartesi, Patrikhane\u2019de, Y\u00f6netim Kurulu Ba\u015fkan\u0131 Mesut \u00d6zdemir \u00f6nderli\u011findeki Bak\u0131rk\u00f6y Dznunt S. Asdvadzadzni Kilisesi\u2019nin Vak\u0131f Y\u00f6netim Kurulu \u00dcyeleri kabul etti. Ziyaret\u00e7iler, bu nezaket ziyaretini daha \u00f6nce vermek istediklerini, fakat Coronavir\u00fcs pandemi s\u00fcreci nedeniyle, ziyaretlerini ertelemek durumunda kald\u0131klar\u0131n\u0131 belirttiler. Sohbet esnas\u0131nda, kilisedeki, okuldaki ve semtteki \u00e7al\u0131\u015fmalar hakk\u0131nda Patrik Hazretleri\u2019ne [&hellip;]\" \/>\n<meta property=\"og:url\" content=\"https:\/\/akunq.net\/tr\/?p=63079\" \/>\n<meta property=\"og:site_name\" content=\"Bati Ermenistan Ve Bati Ermenileri Sorunlari Ara\u015ftirmalar Merkezi\" \/>\n<meta property=\"article:published_time\" content=\"2021-05-26T08:06:40+00:00\" \/>\n<meta property=\"og:image\" content=\"https:\/\/akunq.net\/tr\/wp-content\/uploads\/sites\/6\/2021\/05\/patrik.jpg\" \/>\n\t<meta property=\"og:image:width\" content=\"2000\" \/>\n\t<meta property=\"og:image:height\" content=\"1500\" \/>\n\t<meta property=\"og:image:type\" content=\"image\/jpeg\" \/>\n<meta name=\"author\" content=\"admin\" \/>\n<meta name=\"twitter:card\" content=\"summary_large_image\" \/>\n<meta name=\"twitter:label1\" content=\"Written by\" \/>\n\t<meta name=\"twitter:data1\" content=\"admin\" \/>\n\t<meta name=\"twitter:label2\" content=\"Est. reading time\" \/>\n\t<meta name=\"twitter:data2\" content=\"1 minute\" \/>\n<script type=\"application\/ld+json\" class=\"yoast-schema-graph\">{\"@context\":\"https:\\\/\\\/schema.org\",\"@graph\":[{\"@type\":\"Article\",\"@id\":\"https:\\\/\\\/akunq.net\\\/tr\\\/?p=63079#article\",\"isPartOf\":{\"@id\":\"https:\\\/\\\/akunq.net\\\/tr\\\/?p=63079\"},\"author\":{\"name\":\"admin\",\"@id\":\"https:\\\/\\\/akunq.net\\\/tr\\\/#\\\/schema\\\/person\\\/096f1d38a12cce57fb855b485ed24c9e\"},\"headline\":\"Bak\u0131rk\u00f6y Kilisesi y\u00f6neticilerinin ziareti\",\"datePublished\":\"2021-05-26T08:06:40+00:00\",\"mainEntityOfPage\":{\"@id\":\"https:\\\/\\\/akunq.net\\\/tr\\\/?p=63079\"},\"wordCount\":121,\"commentCount\":0,\"image\":{\"@id\":\"https:\\\/\\\/akunq.net\\\/tr\\\/?p=63079#primaryimage\"},\"thumbnailUrl\":\"https:\\\/\\\/akunq.net\\\/tr\\\/wp-content\\\/uploads\\\/sites\\\/6\\\/2021\\\/05\\\/patrik.jpg\",\"articleSection\":[\"Haberler\"],\"inLanguage\":\"en-US\",\"potentialAction\":[{\"@type\":\"CommentAction\",\"name\":\"Comment\",\"target\":[\"https:\\\/\\\/akunq.net\\\/tr\\\/?p=63079#respond\"]}]},{\"@type\":\"WebPage\",\"@id\":\"https:\\\/\\\/akunq.net\\\/tr\\\/?p=63079\",\"url\":\"https:\\\/\\\/akunq.net\\\/tr\\\/?p=63079\",\"name\":\"Bak\u0131rk\u00f6y Kilisesi y\u00f6neticilerinin ziareti - Bati Ermenistan Ve Bati Ermenileri Sorunlari Ara\u015ftirmalar Merkezi\",\"isPartOf\":{\"@id\":\"https:\\\/\\\/akunq.net\\\/tr\\\/#website\"},\"primaryImageOfPage\":{\"@id\":\"https:\\\/\\\/akunq.net\\\/tr\\\/?p=63079#primaryimage\"},\"image\":{\"@id\":\"https:\\\/\\\/akunq.net\\\/tr\\\/?p=63079#primaryimage\"},\"thumbnailUrl\":\"https:\\\/\\\/akunq.net\\\/tr\\\/wp-content\\\/uploads\\\/sites\\\/6\\\/2021\\\/05\\\/patrik.jpg\",\"datePublished\":\"2021-05-26T08:06:40+00:00\",\"author\":{\"@id\":\"https:\\\/\\\/akunq.net\\\/tr\\\/#\\\/schema\\\/person\\\/096f1d38a12cce57fb855b485ed24c9e\"},\"breadcrumb\":{\"@id\":\"https:\\\/\\\/akunq.net\\\/tr\\\/?p=63079#breadcrumb\"},\"inLanguage\":\"en-US\",\"potentialAction\":[{\"@type\":\"ReadAction\",\"target\":[\"https:\\\/\\\/akunq.net\\\/tr\\\/?p=63079\"]}]},{\"@type\":\"ImageObject\",\"inLanguage\":\"en-US\",\"@id\":\"https:\\\/\\\/akunq.net\\\/tr\\\/?p=63079#primaryimage\",\"url\":\"https:\\\/\\\/akunq.net\\\/tr\\\/wp-content\\\/uploads\\\/sites\\\/6\\\/2021\\\/05\\\/patrik.jpg\",\"contentUrl\":\"https:\\\/\\\/akunq.net\\\/tr\\\/wp-content\\\/uploads\\\/sites\\\/6\\\/2021\\\/05\\\/patrik.jpg\",\"width\":2000,\"height\":1500},{\"@type\":\"BreadcrumbList\",\"@id\":\"https:\\\/\\\/akunq.net\\\/tr\\\/?p=63079#breadcrumb\",\"itemListElement\":[{\"@type\":\"ListItem\",\"position\":1,\"name\":\"Home\",\"item\":\"https:\\\/\\\/akunq.net\\\/tr\"},{\"@type\":\"ListItem\",\"position\":2,\"name\":\"Bak\u0131rk\u00f6y Kilisesi y\u00f6neticilerinin ziareti\"}]},{\"@type\":\"WebSite\",\"@id\":\"https:\\\/\\\/akunq.net\\\/tr\\\/#website\",\"url\":\"https:\\\/\\\/akunq.net\\\/tr\\\/\",\"name\":\"Bati Ermenistan Ve Bati Ermenileri Sorunlari Ara\u015ftirmalar Merkezi\",\"description\":\"\",\"potentialAction\":[{\"@type\":\"SearchAction\",\"target\":{\"@type\":\"EntryPoint\",\"urlTemplate\":\"https:\\\/\\\/akunq.net\\\/tr\\\/?s={search_term_string}\"},\"query-input\":{\"@type\":\"PropertyValueSpecification\",\"valueRequired\":true,\"valueName\":\"search_term_string\"}}],\"inLanguage\":\"en-US\"},{\"@type\":\"Person\",\"@id\":\"https:\\\/\\\/akunq.net\\\/tr\\\/#\\\/schema\\\/person\\\/096f1d38a12cce57fb855b485ed24c9e\",\"name\":\"admin\",\"url\":\"https:\\\/\\\/akunq.net\\\/tr\\\/?author=7\"}]}<\/script>\n<!-- \/ Yoast SEO plugin. -->","yoast_head_json":{"title":"Bak\u0131rk\u00f6y Kilisesi y\u00f6neticilerinin ziareti - Bati Ermenistan Ve Bati Ermenileri Sorunlari Ara\u015ftirmalar Merkezi","robots":{"index":"index","follow":"follow","max-snippet":"max-snippet:-1","max-image-preview":"max-image-preview:large","max-video-preview":"max-video-preview:-1"},"canonical":"https:\/\/akunq.net\/tr\/?p=63079","og_locale":"en_US","og_type":"article","og_title":"Bak\u0131rk\u00f6y Kilisesi y\u00f6neticilerinin ziareti - Bati Ermenistan Ve Bati Ermenileri Sorunlari Ara\u015ftirmalar Merkezi","og_description":"Kadasetli Patrik Sahak II. Hazretleri, 24 May\u0131s 2021, Pazartesi, Patrikhane\u2019de, Y\u00f6netim Kurulu Ba\u015fkan\u0131 Mesut \u00d6zdemir \u00f6nderli\u011findeki Bak\u0131rk\u00f6y Dznunt S. Asdvadzadzni Kilisesi\u2019nin Vak\u0131f Y\u00f6netim Kurulu \u00dcyeleri kabul etti. Ziyaret\u00e7iler, bu nezaket ziyaretini daha \u00f6nce vermek istediklerini, fakat Coronavir\u00fcs pandemi s\u00fcreci nedeniyle, ziyaretlerini ertelemek durumunda kald\u0131klar\u0131n\u0131 belirttiler. Sohbet esnas\u0131nda, kilisedeki, okuldaki ve semtteki \u00e7al\u0131\u015fmalar hakk\u0131nda Patrik Hazretleri\u2019ne [&hellip;]","og_url":"https:\/\/akunq.net\/tr\/?p=63079","og_site_name":"Bati Ermenistan Ve Bati Ermenileri Sorunlari Ara\u015ftirmalar Merkezi","article_published_time":"2021-05-26T08:06:40+00:00","og_image":[{"width":2000,"height":1500,"url":"https:\/\/akunq.net\/tr\/wp-content\/uploads\/sites\/6\/2021\/05\/patrik.jpg","type":"image\/jpeg"}],"author":"admin","twitter_card":"summary_large_image","twitter_misc":{"Written by":"admin","Est. reading time":"1 minute"},"schema":{"@context":"https:\/\/schema.org","@graph":[{"@type":"Article","@id":"https:\/\/akunq.net\/tr\/?p=63079#article","isPartOf":{"@id":"https:\/\/akunq.net\/tr\/?p=63079"},"author":{"name":"admin","@id":"https:\/\/akunq.net\/tr\/#\/schema\/person\/096f1d38a12cce57fb855b485ed24c9e"},"headline":"Bak\u0131rk\u00f6y Kilisesi y\u00f6neticilerinin ziareti","datePublished":"2021-05-26T08:06:40+00:00","mainEntityOfPage":{"@id":"https:\/\/akunq.net\/tr\/?p=63079"},"wordCount":121,"commentCount":0,"image":{"@id":"https:\/\/akunq.net\/tr\/?p=63079#primaryimage"},"thumbnailUrl":"https:\/\/akunq.net\/tr\/wp-content\/uploads\/sites\/6\/2021\/05\/patrik.jpg","articleSection":["Haberler"],"inLanguage":"en-US","potentialAction":[{"@type":"CommentAction","name":"Comment","target":["https:\/\/akunq.net\/tr\/?p=63079#respond"]}]},{"@type":"WebPage","@id":"https:\/\/akunq.net\/tr\/?p=63079","url":"https:\/\/akunq.net\/tr\/?p=63079","name":"Bak\u0131rk\u00f6y Kilisesi y\u00f6neticilerinin ziareti - Bati Ermenistan Ve Bati Ermenileri Sorunlari Ara\u015ftirmalar Merkezi","isPartOf":{"@id":"https:\/\/akunq.net\/tr\/#website"},"primaryImageOfPage":{"@id":"https:\/\/akunq.net\/tr\/?p=63079#primaryimage"},"image":{"@id":"https:\/\/akunq.net\/tr\/?p=63079#primaryimage"},"thumbnailUrl":"https:\/\/akunq.net\/tr\/wp-content\/uploads\/sites\/6\/2021\/05\/patrik.jpg","datePublished":"2021-05-26T08:06:40+00:00","author":{"@id":"https:\/\/akunq.net\/tr\/#\/schema\/person\/096f1d38a12cce57fb855b485ed24c9e"},"breadcrumb":{"@id":"https:\/\/akunq.net\/tr\/?p=63079#breadcrumb"},"inLanguage":"en-US","potentialAction":[{"@type":"ReadAction","target":["https:\/\/akunq.net\/tr\/?p=63079"]}]},{"@type":"ImageObject","inLanguage":"en-US","@id":"https:\/\/akunq.net\/tr\/?p=63079#primaryimage","url":"https:\/\/akunq.net\/tr\/wp-content\/uploads\/sites\/6\/2021\/05\/patrik.jpg","contentUrl":"https:\/\/akunq.net\/tr\/wp-content\/uploads\/sites\/6\/2021\/05\/patrik.jpg","width":2000,"height":1500},{"@type":"BreadcrumbList","@id":"https:\/\/akunq.net\/tr\/?p=63079#breadcrumb","itemListElement":[{"@type":"ListItem","position":1,"name":"Home","item":"https:\/\/akunq.net\/tr"},{"@type":"ListItem","position":2,"name":"Bak\u0131rk\u00f6y Kilisesi y\u00f6neticilerinin ziareti"}]},{"@type":"WebSite","@id":"https:\/\/akunq.net\/tr\/#website","url":"https:\/\/akunq.net\/tr\/","name":"Bati Ermenistan Ve Bati Ermenileri Sorunlari Ara\u015ftirmalar Merkezi","description":"","potentialAction":[{"@type":"SearchAction","target":{"@type":"EntryPoint","urlTemplate":"https:\/\/akunq.net\/tr\/?s={search_term_string}"},"query-input":{"@type":"PropertyValueSpecification","valueRequired":true,"valueName":"search_term_string"}}],"inLanguage":"en-US"},{"@type":"Person","@id":"https:\/\/akunq.net\/tr\/#\/schema\/person\/096f1d38a12cce57fb855b485ed24c9e","name":"admin","url":"https:\/\/akunq.net\/tr\/?author=7"}]}},"_links":{"self":[{"href":"https:\/\/akunq.net\/tr\/index.php?rest_route=\/wp\/v2\/posts\/63079","targetHints":{"allow":["GET"]}}],"collection":[{"href":"https:\/\/akunq.net\/tr\/index.php?rest_route=\/wp\/v2\/posts"}],"about":[{"href":"https:\/\/akunq.net\/tr\/index.php?rest_route=\/wp\/v2\/types\/post"}],"author":[{"embeddable":true,"href":"https:\/\/akunq.net\/tr\/index.php?rest_route=\/wp\/v2\/users\/7"}],"replies":[{"embeddable":true,"href":"https:\/\/akunq.net\/tr\/index.php?rest_route=%2Fwp%2Fv2%2Fcomments&post=63079"}],"version-history":[{"count":1,"href":"https:\/\/akunq.net\/tr\/index.php?rest_route=\/wp\/v2\/posts\/63079\/revisions"}],"predecessor-version":[{"id":63081,"href":"https:\/\/akunq.net\/tr\/index.php?rest_route=\/wp\/v2\/posts\/63079\/revisions\/63081"}],"wp:featuredmedia":[{"embeddable":true,"href":"https:\/\/akunq.net\/tr\/index.php?rest_route=\/wp\/v2\/media\/63080"}],"wp:attachment":[{"href":"https:\/\/akunq.net\/tr\/index.php?rest_route=%2Fwp%2Fv2%2Fmedia&parent=63079"}],"wp:term":[{"taxonomy":"category","embeddable":true,"href":"https:\/\/akunq.net\/tr\/index.php?rest_route=%2Fwp%2Fv2%2Fcategories&post=63079"},{"taxonomy":"post_tag","embeddable":true,"href":"https:\/\/akunq.net\/tr\/index.php?rest_route=%2Fwp%2Fv2%2Ftags&post=63079"}],"curies":[{"name":"wp","href":"https:\/\/api.w.org\/{rel}","templated":true}]}}