{"id":63072,"date":"2021-05-26T02:53:19","date_gmt":"2021-05-26T07:53:19","guid":{"rendered":"https:\/\/akunq.net\/tr\/?p=63072"},"modified":"2021-05-26T02:53:19","modified_gmt":"2021-05-26T07:53:19","slug":"kadasetli-krikor-bedros-20-katolikos-patrik-ebedi-hayata-intikal-etmistir","status":"publish","type":"post","link":"https:\/\/akunq.net\/tr\/?p=63072","title":{"rendered":"Kadasetli Krikor Bedros 20. Katolikos Patrik ebedi hayata intikal etmi\u015ftir"},"content":{"rendered":"<p><img loading=\"lazy\" decoding=\"async\" class=\"aligncenter size-medium wp-image-63073\" src=\"https:\/\/akunq.net\/tr\/wp-content\/uploads\/2021\/05\/Kadasetli-Krikor-Bedros-20.-Katolikos-280x270.jpg\" alt=\"\" width=\"280\" height=\"270\" srcset=\"https:\/\/akunq.net\/tr\/wp-content\/uploads\/sites\/6\/2021\/05\/Kadasetli-Krikor-Bedros-20.-Katolikos-280x270.jpg 280w, https:\/\/akunq.net\/tr\/wp-content\/uploads\/sites\/6\/2021\/05\/Kadasetli-Krikor-Bedros-20.-Katolikos-560x540.jpg 560w, https:\/\/akunq.net\/tr\/wp-content\/uploads\/sites\/6\/2021\/05\/Kadasetli-Krikor-Bedros-20.-Katolikos-260x251.jpg 260w, https:\/\/akunq.net\/tr\/wp-content\/uploads\/sites\/6\/2021\/05\/Kadasetli-Krikor-Bedros-20.-Katolikos-160x154.jpg 160w, https:\/\/akunq.net\/tr\/wp-content\/uploads\/sites\/6\/2021\/05\/Kadasetli-Krikor-Bedros-20.-Katolikos.jpg 600w\" sizes=\"auto, (max-width: 280px) 100vw, 280px\" \/><\/p>\n<p><em><strong>Kadasetli Krikor Bedros 20. Katolikos Patrik, Bzommar Manast\u0131r\u0131n\u0131n Patrikli\u011fe ait Ruhaniler Toplulu\u011funun \u00fcyelerinden biri olmu\u015ftur. 14 Kas\u0131m 1934\u2019te Halep\u2019te do\u011fan Greguar, Tanr\u0131\u2019n\u0131n \u00e7a\u011fr\u0131s\u0131n\u0131 duymu\u015f ve L\u00fcbnan Bzommar manast\u0131r\u0131na g\u00f6nderilmi\u015ftir. \u201cMarist\u201d karde\u015flerine ait kolejde (Juniye) e\u011fitimine devam etmi\u015f, ayn\u0131 zamanda Bzommar Manast\u0131r\u0131nda ya\u015fam\u0131\u015f ve ruhanilik e\u011fitimi alm\u0131\u015ft\u0131r. Y\u00fcksek \u00f6\u011frenimi i\u00e7in Roma\u2019ya g\u00f6nderilmi\u015f ve Levonyan Ermeni Koleji\u2019nde \u00f6\u011frenimine devam etmi\u015ftir. Gregorian \u00dcniversitesi\u2019nde Felsefe ve Teoloji alan\u0131nda y\u00fcksek lisans e\u011fitimini ba\u015far\u0131l\u0131 bir \u015fekilde tamamlam\u0131\u015ft\u0131r. Mezun olduktan sonra 28 Mart 1959\u2019da L\u00fcbnan\u2019da rahip takdis edilmi\u015ftir.<\/strong><\/em><\/p>\n<p>Peder Krikor Gabroyan, 1960 y\u0131l\u0131nda Bzommar Manast\u0131r\u0131n\u0131n Ruhban Okulu\u2019nda e\u011fitmen olmu\u015f ve 1962\u2019den 1996\u2019ya kadar Beyrut\u2019taki Ermeni Katolik Mesrobian Okulu\u2019nun m\u00fcd\u00fcr\u00fc olmu\u015ftur. 1969\u2019dan 1975\u2019e kadar Bzommar Manast\u0131r\u0131n\u0131n Ruhban Okulu\u2019nun m\u00fcd\u00fcr\u00fc, ayn\u0131 zamanda Manast\u0131r\u2019\u0131n ve Patrikli\u011fe ait Ruhaniler Toplulu\u011funun Y\u00f6netim Kurulu sekreteri olarak g\u00f6rev yapm\u0131\u015ft\u0131r.<\/p>\n<p>1976\u2019da Fransa\u2019daki Ermeni Katoliklere hizmet etmek \u00fczere atanm\u0131\u015f ve 13 \u015eubat 1977\u2019de Ermeni Katolik Katolikos-Patri\u011fi 17. H\u0131mayag Bedros Gedigyan kendisini episkopos takdis etmi\u015ftir. 1977-1986 y\u0131llar\u0131 aras\u0131nda Fransa\u2019da Apostolik Eksark olarak g\u00f6rev yapm\u0131\u015ft\u0131r. 1986\u2019dan Nisan 2013\u2019e kadar Epark olarak Kutsal Ha\u00e7 Ermeni Katolik cemaatine hizmet g\u00f6revine devam etmi\u015ftir. 2013\u2019te Papa Hazretleri taraf\u0131ndan bu hizmetten istifas\u0131 kabul edilmi\u015ftir.<\/p>\n<p>25 Haziran 2015 tarihinde Ermeni Katolik Katolikos Patri\u011fi Nerses Bedros XIX Tarmouni\u2019nin vefat\u0131 \u00fczerine yeni Patrik se\u00e7imine kadar Patriklik y\u00f6neticisi olarak g\u00f6rev yapm\u0131\u015ft\u0131r. Ermeni Katolik Episkoposlar Kutsal Sinodu taraf\u0131ndan 24 Temmuz 2015\u2019te Krikor Bedros 20. ad\u0131yla, Katolikos Patrik olarak se\u00e7ilmi\u015ftir. Ertesi g\u00fcn Papa Fran\u00e7esko taraf\u0131ndan kom\u00fcnyon mektubu ile onayland\u0131ktan sonra, resmi olarak 9 A\u011fustos 2015\u2019te tahta \u00e7\u0131km\u0131\u015ft\u0131r.<\/p>\n<p>Son aylarda bir rahats\u0131zl\u0131k sebebiyle hastanede tedavi g\u00f6rm\u00fc\u015ft\u00fcr. 25 May\u0131s 2021 tarihinde \u00f6\u011fle saatlerinde, ebedi hayata g\u00f6zlerini a\u00e7mak \u00fczere d\u00fcnyevi hayata g\u00f6zlerini yummu\u015ftur.<\/p>\n<p>Cenaze t\u00f6reni 29 May\u0131s 2021 Cumartesi g\u00fcn\u00fc saat 10:30\u2019da Beyrut Surp Krikor Lusavori\u00e7-Surp Ye\u011fya kilisesinde ger\u00e7ekle\u015fecektir.<\/p>\n<p><em><strong>Kaynak: https:\/\/www.facebook.com\/Vosgeperan1863\u00a0<\/strong><\/em><\/p>\n","protected":false},"excerpt":{"rendered":"<p>Kadasetli Krikor Bedros 20. Katolikos Patrik, Bzommar Manast\u0131r\u0131n\u0131n Patrikli\u011fe ait Ruhaniler Toplulu\u011funun \u00fcyelerinden biri olmu\u015ftur. 14 Kas\u0131m 1934\u2019te Halep\u2019te do\u011fan Greguar, Tanr\u0131\u2019n\u0131n \u00e7a\u011fr\u0131s\u0131n\u0131 duymu\u015f ve L\u00fcbnan Bzommar manast\u0131r\u0131na g\u00f6nderilmi\u015ftir. \u201cMarist\u201d karde\u015flerine ait kolejde (Juniye) e\u011fitimine devam etmi\u015f, ayn\u0131 zamanda Bzommar Manast\u0131r\u0131nda ya\u015fam\u0131\u015f ve ruhanilik e\u011fitimi alm\u0131\u015ft\u0131r. Y\u00fcksek \u00f6\u011frenimi i\u00e7in Roma\u2019ya g\u00f6nderilmi\u015f ve Levonyan Ermeni Koleji\u2019nde [&hellip;]<\/p>\n","protected":false},"author":7,"featured_media":63073,"comment_status":"open","ping_status":"open","sticky":false,"template":"","format":"standard","meta":{"footnotes":""},"categories":[1],"tags":[],"class_list":["post-63072","post","type-post","status-publish","format-standard","has-post-thumbnail","hentry","category-haberler"],"yoast_head":"<!-- This site is optimized with the Yoast SEO plugin v27.4 - https:\/\/yoast.com\/product\/yoast-seo-wordpress\/ -->\n<title>Kadasetli Krikor Bedros 20. Katolikos Patrik ebedi hayata intikal etmi\u015ftir - Bati Ermenistan Ve Bati Ermenileri Sorunlari Ara\u015ftirmalar Merkezi<\/title>\n<meta name=\"robots\" content=\"index, follow, max-snippet:-1, max-image-preview:large, max-video-preview:-1\" \/>\n<link rel=\"canonical\" href=\"https:\/\/akunq.net\/tr\/?p=63072\" \/>\n<meta property=\"og:locale\" content=\"en_US\" \/>\n<meta property=\"og:type\" content=\"article\" \/>\n<meta property=\"og:title\" content=\"Kadasetli Krikor Bedros 20. Katolikos Patrik ebedi hayata intikal etmi\u015ftir - Bati Ermenistan Ve Bati Ermenileri Sorunlari Ara\u015ftirmalar Merkezi\" \/>\n<meta property=\"og:description\" content=\"Kadasetli Krikor Bedros 20. Katolikos Patrik, Bzommar Manast\u0131r\u0131n\u0131n Patrikli\u011fe ait Ruhaniler Toplulu\u011funun \u00fcyelerinden biri olmu\u015ftur. 14 Kas\u0131m 1934\u2019te Halep\u2019te do\u011fan Greguar, Tanr\u0131\u2019n\u0131n \u00e7a\u011fr\u0131s\u0131n\u0131 duymu\u015f ve L\u00fcbnan Bzommar manast\u0131r\u0131na g\u00f6nderilmi\u015ftir. \u201cMarist\u201d karde\u015flerine ait kolejde (Juniye) e\u011fitimine devam etmi\u015f, ayn\u0131 zamanda Bzommar Manast\u0131r\u0131nda ya\u015fam\u0131\u015f ve ruhanilik e\u011fitimi alm\u0131\u015ft\u0131r. Y\u00fcksek \u00f6\u011frenimi i\u00e7in Roma\u2019ya g\u00f6nderilmi\u015f ve Levonyan Ermeni Koleji\u2019nde [&hellip;]\" \/>\n<meta property=\"og:url\" content=\"https:\/\/akunq.net\/tr\/?p=63072\" \/>\n<meta property=\"og:site_name\" content=\"Bati Ermenistan Ve Bati Ermenileri Sorunlari Ara\u015ftirmalar Merkezi\" \/>\n<meta property=\"article:published_time\" content=\"2021-05-26T07:53:19+00:00\" \/>\n<meta property=\"og:image\" content=\"https:\/\/akunq.net\/tr\/wp-content\/uploads\/sites\/6\/2021\/05\/Kadasetli-Krikor-Bedros-20.-Katolikos.jpg\" \/>\n\t<meta property=\"og:image:width\" content=\"600\" \/>\n\t<meta property=\"og:image:height\" content=\"579\" \/>\n\t<meta property=\"og:image:type\" content=\"image\/jpeg\" \/>\n<meta name=\"author\" content=\"admin\" \/>\n<meta name=\"twitter:card\" content=\"summary_large_image\" \/>\n<meta name=\"twitter:label1\" content=\"Written by\" \/>\n\t<meta name=\"twitter:data1\" content=\"admin\" \/>\n\t<meta name=\"twitter:label2\" content=\"Est. reading time\" \/>\n\t<meta name=\"twitter:data2\" content=\"2 minutes\" \/>\n<script type=\"application\/ld+json\" class=\"yoast-schema-graph\">{\"@context\":\"https:\\\/\\\/schema.org\",\"@graph\":[{\"@type\":\"Article\",\"@id\":\"https:\\\/\\\/akunq.net\\\/tr\\\/?p=63072#article\",\"isPartOf\":{\"@id\":\"https:\\\/\\\/akunq.net\\\/tr\\\/?p=63072\"},\"author\":{\"name\":\"admin\",\"@id\":\"https:\\\/\\\/akunq.net\\\/tr\\\/#\\\/schema\\\/person\\\/096f1d38a12cce57fb855b485ed24c9e\"},\"headline\":\"Kadasetli Krikor Bedros 20. Katolikos Patrik ebedi hayata intikal etmi\u015ftir\",\"datePublished\":\"2021-05-26T07:53:19+00:00\",\"mainEntityOfPage\":{\"@id\":\"https:\\\/\\\/akunq.net\\\/tr\\\/?p=63072\"},\"wordCount\":399,\"commentCount\":0,\"image\":{\"@id\":\"https:\\\/\\\/akunq.net\\\/tr\\\/?p=63072#primaryimage\"},\"thumbnailUrl\":\"https:\\\/\\\/akunq.net\\\/tr\\\/wp-content\\\/uploads\\\/sites\\\/6\\\/2021\\\/05\\\/Kadasetli-Krikor-Bedros-20.-Katolikos.jpg\",\"articleSection\":[\"Haberler\"],\"inLanguage\":\"en-US\",\"potentialAction\":[{\"@type\":\"CommentAction\",\"name\":\"Comment\",\"target\":[\"https:\\\/\\\/akunq.net\\\/tr\\\/?p=63072#respond\"]}]},{\"@type\":\"WebPage\",\"@id\":\"https:\\\/\\\/akunq.net\\\/tr\\\/?p=63072\",\"url\":\"https:\\\/\\\/akunq.net\\\/tr\\\/?p=63072\",\"name\":\"Kadasetli Krikor Bedros 20. Katolikos Patrik ebedi hayata intikal etmi\u015ftir - Bati Ermenistan Ve Bati Ermenileri Sorunlari Ara\u015ftirmalar Merkezi\",\"isPartOf\":{\"@id\":\"https:\\\/\\\/akunq.net\\\/tr\\\/#website\"},\"primaryImageOfPage\":{\"@id\":\"https:\\\/\\\/akunq.net\\\/tr\\\/?p=63072#primaryimage\"},\"image\":{\"@id\":\"https:\\\/\\\/akunq.net\\\/tr\\\/?p=63072#primaryimage\"},\"thumbnailUrl\":\"https:\\\/\\\/akunq.net\\\/tr\\\/wp-content\\\/uploads\\\/sites\\\/6\\\/2021\\\/05\\\/Kadasetli-Krikor-Bedros-20.-Katolikos.jpg\",\"datePublished\":\"2021-05-26T07:53:19+00:00\",\"author\":{\"@id\":\"https:\\\/\\\/akunq.net\\\/tr\\\/#\\\/schema\\\/person\\\/096f1d38a12cce57fb855b485ed24c9e\"},\"breadcrumb\":{\"@id\":\"https:\\\/\\\/akunq.net\\\/tr\\\/?p=63072#breadcrumb\"},\"inLanguage\":\"en-US\",\"potentialAction\":[{\"@type\":\"ReadAction\",\"target\":[\"https:\\\/\\\/akunq.net\\\/tr\\\/?p=63072\"]}]},{\"@type\":\"ImageObject\",\"inLanguage\":\"en-US\",\"@id\":\"https:\\\/\\\/akunq.net\\\/tr\\\/?p=63072#primaryimage\",\"url\":\"https:\\\/\\\/akunq.net\\\/tr\\\/wp-content\\\/uploads\\\/sites\\\/6\\\/2021\\\/05\\\/Kadasetli-Krikor-Bedros-20.-Katolikos.jpg\",\"contentUrl\":\"https:\\\/\\\/akunq.net\\\/tr\\\/wp-content\\\/uploads\\\/sites\\\/6\\\/2021\\\/05\\\/Kadasetli-Krikor-Bedros-20.-Katolikos.jpg\",\"width\":600,\"height\":579},{\"@type\":\"BreadcrumbList\",\"@id\":\"https:\\\/\\\/akunq.net\\\/tr\\\/?p=63072#breadcrumb\",\"itemListElement\":[{\"@type\":\"ListItem\",\"position\":1,\"name\":\"Home\",\"item\":\"https:\\\/\\\/akunq.net\\\/tr\"},{\"@type\":\"ListItem\",\"position\":2,\"name\":\"Kadasetli Krikor Bedros 20. Katolikos Patrik ebedi hayata intikal etmi\u015ftir\"}]},{\"@type\":\"WebSite\",\"@id\":\"https:\\\/\\\/akunq.net\\\/tr\\\/#website\",\"url\":\"https:\\\/\\\/akunq.net\\\/tr\\\/\",\"name\":\"Bati Ermenistan Ve Bati Ermenileri Sorunlari Ara\u015ftirmalar Merkezi\",\"description\":\"\",\"potentialAction\":[{\"@type\":\"SearchAction\",\"target\":{\"@type\":\"EntryPoint\",\"urlTemplate\":\"https:\\\/\\\/akunq.net\\\/tr\\\/?s={search_term_string}\"},\"query-input\":{\"@type\":\"PropertyValueSpecification\",\"valueRequired\":true,\"valueName\":\"search_term_string\"}}],\"inLanguage\":\"en-US\"},{\"@type\":\"Person\",\"@id\":\"https:\\\/\\\/akunq.net\\\/tr\\\/#\\\/schema\\\/person\\\/096f1d38a12cce57fb855b485ed24c9e\",\"name\":\"admin\",\"url\":\"https:\\\/\\\/akunq.net\\\/tr\\\/?author=7\"}]}<\/script>\n<!-- \/ Yoast SEO plugin. -->","yoast_head_json":{"title":"Kadasetli Krikor Bedros 20. Katolikos Patrik ebedi hayata intikal etmi\u015ftir - Bati Ermenistan Ve Bati Ermenileri Sorunlari Ara\u015ftirmalar Merkezi","robots":{"index":"index","follow":"follow","max-snippet":"max-snippet:-1","max-image-preview":"max-image-preview:large","max-video-preview":"max-video-preview:-1"},"canonical":"https:\/\/akunq.net\/tr\/?p=63072","og_locale":"en_US","og_type":"article","og_title":"Kadasetli Krikor Bedros 20. Katolikos Patrik ebedi hayata intikal etmi\u015ftir - Bati Ermenistan Ve Bati Ermenileri Sorunlari Ara\u015ftirmalar Merkezi","og_description":"Kadasetli Krikor Bedros 20. Katolikos Patrik, Bzommar Manast\u0131r\u0131n\u0131n Patrikli\u011fe ait Ruhaniler Toplulu\u011funun \u00fcyelerinden biri olmu\u015ftur. 14 Kas\u0131m 1934\u2019te Halep\u2019te do\u011fan Greguar, Tanr\u0131\u2019n\u0131n \u00e7a\u011fr\u0131s\u0131n\u0131 duymu\u015f ve L\u00fcbnan Bzommar manast\u0131r\u0131na g\u00f6nderilmi\u015ftir. \u201cMarist\u201d karde\u015flerine ait kolejde (Juniye) e\u011fitimine devam etmi\u015f, ayn\u0131 zamanda Bzommar Manast\u0131r\u0131nda ya\u015fam\u0131\u015f ve ruhanilik e\u011fitimi alm\u0131\u015ft\u0131r. Y\u00fcksek \u00f6\u011frenimi i\u00e7in Roma\u2019ya g\u00f6nderilmi\u015f ve Levonyan Ermeni Koleji\u2019nde [&hellip;]","og_url":"https:\/\/akunq.net\/tr\/?p=63072","og_site_name":"Bati Ermenistan Ve Bati Ermenileri Sorunlari Ara\u015ftirmalar Merkezi","article_published_time":"2021-05-26T07:53:19+00:00","og_image":[{"width":600,"height":579,"url":"https:\/\/akunq.net\/tr\/wp-content\/uploads\/sites\/6\/2021\/05\/Kadasetli-Krikor-Bedros-20.-Katolikos.jpg","type":"image\/jpeg"}],"author":"admin","twitter_card":"summary_large_image","twitter_misc":{"Written by":"admin","Est. reading time":"2 minutes"},"schema":{"@context":"https:\/\/schema.org","@graph":[{"@type":"Article","@id":"https:\/\/akunq.net\/tr\/?p=63072#article","isPartOf":{"@id":"https:\/\/akunq.net\/tr\/?p=63072"},"author":{"name":"admin","@id":"https:\/\/akunq.net\/tr\/#\/schema\/person\/096f1d38a12cce57fb855b485ed24c9e"},"headline":"Kadasetli Krikor Bedros 20. Katolikos Patrik ebedi hayata intikal etmi\u015ftir","datePublished":"2021-05-26T07:53:19+00:00","mainEntityOfPage":{"@id":"https:\/\/akunq.net\/tr\/?p=63072"},"wordCount":399,"commentCount":0,"image":{"@id":"https:\/\/akunq.net\/tr\/?p=63072#primaryimage"},"thumbnailUrl":"https:\/\/akunq.net\/tr\/wp-content\/uploads\/sites\/6\/2021\/05\/Kadasetli-Krikor-Bedros-20.-Katolikos.jpg","articleSection":["Haberler"],"inLanguage":"en-US","potentialAction":[{"@type":"CommentAction","name":"Comment","target":["https:\/\/akunq.net\/tr\/?p=63072#respond"]}]},{"@type":"WebPage","@id":"https:\/\/akunq.net\/tr\/?p=63072","url":"https:\/\/akunq.net\/tr\/?p=63072","name":"Kadasetli Krikor Bedros 20. Katolikos Patrik ebedi hayata intikal etmi\u015ftir - Bati Ermenistan Ve Bati Ermenileri Sorunlari Ara\u015ftirmalar Merkezi","isPartOf":{"@id":"https:\/\/akunq.net\/tr\/#website"},"primaryImageOfPage":{"@id":"https:\/\/akunq.net\/tr\/?p=63072#primaryimage"},"image":{"@id":"https:\/\/akunq.net\/tr\/?p=63072#primaryimage"},"thumbnailUrl":"https:\/\/akunq.net\/tr\/wp-content\/uploads\/sites\/6\/2021\/05\/Kadasetli-Krikor-Bedros-20.-Katolikos.jpg","datePublished":"2021-05-26T07:53:19+00:00","author":{"@id":"https:\/\/akunq.net\/tr\/#\/schema\/person\/096f1d38a12cce57fb855b485ed24c9e"},"breadcrumb":{"@id":"https:\/\/akunq.net\/tr\/?p=63072#breadcrumb"},"inLanguage":"en-US","potentialAction":[{"@type":"ReadAction","target":["https:\/\/akunq.net\/tr\/?p=63072"]}]},{"@type":"ImageObject","inLanguage":"en-US","@id":"https:\/\/akunq.net\/tr\/?p=63072#primaryimage","url":"https:\/\/akunq.net\/tr\/wp-content\/uploads\/sites\/6\/2021\/05\/Kadasetli-Krikor-Bedros-20.-Katolikos.jpg","contentUrl":"https:\/\/akunq.net\/tr\/wp-content\/uploads\/sites\/6\/2021\/05\/Kadasetli-Krikor-Bedros-20.-Katolikos.jpg","width":600,"height":579},{"@type":"BreadcrumbList","@id":"https:\/\/akunq.net\/tr\/?p=63072#breadcrumb","itemListElement":[{"@type":"ListItem","position":1,"name":"Home","item":"https:\/\/akunq.net\/tr"},{"@type":"ListItem","position":2,"name":"Kadasetli Krikor Bedros 20. Katolikos Patrik ebedi hayata intikal etmi\u015ftir"}]},{"@type":"WebSite","@id":"https:\/\/akunq.net\/tr\/#website","url":"https:\/\/akunq.net\/tr\/","name":"Bati Ermenistan Ve Bati Ermenileri Sorunlari Ara\u015ftirmalar Merkezi","description":"","potentialAction":[{"@type":"SearchAction","target":{"@type":"EntryPoint","urlTemplate":"https:\/\/akunq.net\/tr\/?s={search_term_string}"},"query-input":{"@type":"PropertyValueSpecification","valueRequired":true,"valueName":"search_term_string"}}],"inLanguage":"en-US"},{"@type":"Person","@id":"https:\/\/akunq.net\/tr\/#\/schema\/person\/096f1d38a12cce57fb855b485ed24c9e","name":"admin","url":"https:\/\/akunq.net\/tr\/?author=7"}]}},"_links":{"self":[{"href":"https:\/\/akunq.net\/tr\/index.php?rest_route=\/wp\/v2\/posts\/63072","targetHints":{"allow":["GET"]}}],"collection":[{"href":"https:\/\/akunq.net\/tr\/index.php?rest_route=\/wp\/v2\/posts"}],"about":[{"href":"https:\/\/akunq.net\/tr\/index.php?rest_route=\/wp\/v2\/types\/post"}],"author":[{"embeddable":true,"href":"https:\/\/akunq.net\/tr\/index.php?rest_route=\/wp\/v2\/users\/7"}],"replies":[{"embeddable":true,"href":"https:\/\/akunq.net\/tr\/index.php?rest_route=%2Fwp%2Fv2%2Fcomments&post=63072"}],"version-history":[{"count":1,"href":"https:\/\/akunq.net\/tr\/index.php?rest_route=\/wp\/v2\/posts\/63072\/revisions"}],"predecessor-version":[{"id":63074,"href":"https:\/\/akunq.net\/tr\/index.php?rest_route=\/wp\/v2\/posts\/63072\/revisions\/63074"}],"wp:featuredmedia":[{"embeddable":true,"href":"https:\/\/akunq.net\/tr\/index.php?rest_route=\/wp\/v2\/media\/63073"}],"wp:attachment":[{"href":"https:\/\/akunq.net\/tr\/index.php?rest_route=%2Fwp%2Fv2%2Fmedia&parent=63072"}],"wp:term":[{"taxonomy":"category","embeddable":true,"href":"https:\/\/akunq.net\/tr\/index.php?rest_route=%2Fwp%2Fv2%2Fcategories&post=63072"},{"taxonomy":"post_tag","embeddable":true,"href":"https:\/\/akunq.net\/tr\/index.php?rest_route=%2Fwp%2Fv2%2Ftags&post=63072"}],"curies":[{"name":"wp","href":"https:\/\/api.w.org\/{rel}","templated":true}]}}