{"id":63069,"date":"2021-05-26T02:37:10","date_gmt":"2021-05-26T07:37:10","guid":{"rendered":"https:\/\/akunq.net\/tr\/?p=63069"},"modified":"2021-05-26T02:37:10","modified_gmt":"2021-05-26T07:37:10","slug":"iktidar-derin-devlet-bir-cuvalda","status":"publish","type":"post","link":"https:\/\/akunq.net\/tr\/?p=63069","title":{"rendered":"\u0130ktidar &#8211; derin devlet bir \u00e7uvalda"},"content":{"rendered":"<p><img loading=\"lazy\" decoding=\"async\" class=\"aligncenter size-medium wp-image-63070\" src=\"https:\/\/akunq.net\/tr\/wp-content\/uploads\/2021\/05\/\u0130ktidar-derin-devlet-360x203.jpg\" alt=\"\" width=\"360\" height=\"203\" srcset=\"https:\/\/akunq.net\/tr\/wp-content\/uploads\/sites\/6\/2021\/05\/\u0130ktidar-derin-devlet-360x203.jpg 360w, https:\/\/akunq.net\/tr\/wp-content\/uploads\/sites\/6\/2021\/05\/\u0130ktidar-derin-devlet-560x315.jpg 560w, https:\/\/akunq.net\/tr\/wp-content\/uploads\/sites\/6\/2021\/05\/\u0130ktidar-derin-devlet-260x146.jpg 260w, https:\/\/akunq.net\/tr\/wp-content\/uploads\/sites\/6\/2021\/05\/\u0130ktidar-derin-devlet-160x90.jpg 160w, https:\/\/akunq.net\/tr\/wp-content\/uploads\/sites\/6\/2021\/05\/\u0130ktidar-derin-devlet.jpg 700w\" sizes=\"auto, (max-width: 360px) 100vw, 360px\" \/><\/p>\n<p><strong>\u00a0Banu G\u00fcven\u00a0<\/strong><\/p>\n<p><em><strong>&#8220;Kutlu Adal\u0131 ve U\u011fur Mumcu suikastleri, Peker\u2019in anlatt\u0131klar\u0131 \u00fczerine soru\u015fturulacak m\u0131? Erdo\u011fan, kendisine yak\u0131n vekilin adam d\u00f6vd\u00fcrd\u00fc\u011f\u00fcn\u00fc bilmiyor mu?&#8221; Banu G\u00fcven DW T\u00fcrk\u00e7e i\u00e7in yazd\u0131.<\/strong><\/em><\/p>\n<p>Sedat Peker daha \u00f6nce K\u0131br\u0131sl\u0131 gazeteci Kutlu Adal\u0131&#8217;n\u0131n 1996&#8217;da bir suikaste kurban gitmesiyle ilgili konu\u015faca\u011f\u0131n\u0131 s\u00f6ylemi\u015fti. Bu kadar somut bir itiraf ve if\u015fa beklemiyordum do\u011frusu. Peker, bu suikastin bizzat tan\u0131\u011f\u0131. Mehmet A\u011far ile beraber hareket eden Korkut Eken&#8217;in Kutlu Adal\u0131&#8217;y\u0131 \u00f6ld\u00fcrmek i\u00e7in &#8220;iki profesyonel&#8221; ayarlamas\u0131n\u0131 istedi\u011fini, kendisinin de karde\u015fi Atilla Peker&#8217;i &#8220;Bu i\u015flerde \u00e7ok iyidir&#8221; diyerek &#8220;verdi\u011fini&#8221;, ama suikasti ba\u015fkalar\u0131n\u0131n yapt\u0131\u011f\u0131n\u0131 anlatt\u0131. Peker, videoda soyad\u0131n\u0131 yanl\u0131\u015fl\u0131kla Y\u0131ld\u0131r\u0131m olarak s\u00f6yledi\u011fi karde\u015fiyle Eken&#8217;in K\u0131br\u0131s&#8217;a gitti\u011fini, ama Adal\u0131 ile kar\u015f\u0131la\u015f\u0131lamad\u0131\u011f\u0131n\u0131, sonra &#8220;onlara ba\u011fl\u0131 ba\u015fka bir ekibin Adal\u0131&#8217;y\u0131 \u00f6ld\u00fcrd\u00fc\u011f\u00fcn\u00fc&#8221; s\u00f6yledi: &#8220;Kar\u015f\u0131la\u015ft\u0131k sonra Korkut Abi&#8217;yle, &#8216;Abi?&#8217; dedim; dedi &#8216;Halloldu o i\u015f.&#8221; \u0130\u015fte K\u0131br\u0131s&#8217;ta 25 y\u0131l \u00f6nce i\u015flenen gazeteci Kutlu Adal\u0131 cinayetinin faillerinin hi\u00e7 de me\u00e7hul olmad\u0131\u011f\u0131, cinayetin T\u00fcrkiye&#8217;de planland\u0131\u011f\u0131 ilk kez bu kadar somut ve yak\u0131n bir tan\u0131kl\u0131kla anlat\u0131ld\u0131. Sedat Peker&#8217;in anlatt\u0131klar\u0131na g\u00f6re Kutlu Adal\u0131&#8217;y\u0131, s\u0131rt\u0131n\u0131 devlete dayayan ve \u00e7eteleri ta\u015feron olarak kullanan derin devlet \u00f6ld\u00fcrd\u00fc. O derin devlet bug\u00fcn de h\u00e2l\u00e2 ayakta ve s\u0131rt\u0131n\u0131 devlete dayam\u0131\u015f, elini kolunu sallayarak dola\u015fmakta. Google&#8217;a girip bir aray\u0131n, Alaattin \u00c7ak\u0131c\u0131&#8217;n\u0131n da kareye girdi\u011fi, Mehmet A\u011far&#8217;l\u0131, Korkut Eken&#8217;li, Engin Alan&#8217;l\u0131 Bodrum Marina foto\u011fraf\u0131n\u0131 g\u00f6r\u00fcrs\u00fcn\u00fcz.<\/p>\n<h2>AKP&#8217;de Mehmet A\u011far etkisi<\/h2>\n<p>Mehmet A\u011far bug\u00fcn AKP&#8217;nin en kuvvetli destek\u00e7ilerinden. Ad\u0131 Kazakistanl\u0131 gazeteci Yeldana Kaharman&#8217;\u0131n \u015f\u00fcpheli \u00f6l\u00fcm\u00fcyle an\u0131lan o\u011flu Tolga A\u011far&#8217;\u0131 memleketi Elaz\u0131\u011f&#8217;da milletvekili yapt\u0131. 2018&#8217;deki Elaz\u0131\u011f mitinginde, eski ba\u015fbakan Binali Y\u0131ld\u0131r\u0131m&#8217;la beraber sahnedeydi. Sedat Peker, Binali Y\u0131ld\u0131r\u0131m&#8217;\u0131n o\u011flu Erkan Y\u0131ld\u0131r\u0131m&#8217;\u0131n da ad\u0131n\u0131 hem kokain ticareti, Venezuela&#8217;dan a\u00e7\u0131lan yeni yollar ve K\u0131br\u0131s&#8217;taki su\u00e7 \u00f6rg\u00fctleriyle beraber \u00e7ok and\u0131. Mehmet A\u011far, Mart 2019&#8217;da da &#8220;Sa\u011fduyunun Birlikteli\u011fi&#8221; mitinginde Erdo\u011fan&#8217;\u0131n yan\u0131ndayd\u0131. K\u0131sacas\u0131, Susurluk&#8217;ta kar\u015f\u0131m\u0131za dikilen derin devletin en \u00f6nemli akt\u00f6r\u00fc, bug\u00fcn h\u00e2l\u00e2 iktidar\u0131n orta\u011f\u0131. Derin devlet hala iktidar\u0131n orta\u011f\u0131. Ne demi\u015fti Cumhurba\u015fkan\u0131 Erdo\u011fan? &#8220;Ter\u00f6r \u00f6rg\u00fctleri gibi su\u00e7 \u00e7eteleri de zehirli bir y\u0131lan gibidir. Onlarla ayn\u0131 \u00e7uvala girerseniz ba\u015f\u0131n\u0131za geleceklere r\u0131za g\u00f6stermi\u015f olursunuz.&#8221; \u015eimdi iktidar\u0131n ba\u015f\u0131na gelen geliyor, biz de izliyoruz.<\/p>\n<div class=\"picBox medium\n\"><a class=\"overlayLink init\" href=\"https:\/\/www.dw.com\/tr\/iktidar-derin-devlet-bir-%C3%A7uvalda\/a-57635626#\" rel=\"nofollow\"><img decoding=\"async\" title=\"Banu G\u00fcven\" src=\"https:\/\/static.dw.com\/image\/43206455_404.jpg\" alt=\"Banu G\u00fcven\" \/><\/a>Banu G\u00fcven<\/p>\n<\/div>\n<h2>U\u011fur Mumcu suikasti ve A\u011far<\/h2>\n<p>\u00d6\u011frendiklerimize ve Cumhurba\u015fkan\u0131&#8217;n\u0131n cevaplamas\u0131 gereken sorular, halletmesi gereken meselelere ge\u00e7meden \u00f6nce, \u00e7ok \u00f6nemli bir ba\u015fl\u0131\u011f\u0131 daha a\u00e7mal\u0131y\u0131z elbette. U\u011fur Mumcu suikasti. G\u00fcldal Mumcu, e\u015fine d\u00fczenlenen suikastle ilgili Mehmet A\u011far&#8217;\u0131n &#8220;Bir tu\u011fla var, onu \u00e7ekersem b\u00fct\u00fcn duvar y\u0131k\u0131l\u0131r&#8221; dedi\u011fini anlatm\u0131\u015f, A\u011far \u00e7ok sonra bunu yalanlam\u0131\u015ft\u0131. Hakk\u0131nda bu kadar iddia olan Mehmet A\u011far&#8217;\u0131n, U\u011fur Mumcu suikast\u0131yla ilgili soru\u015fturulmas\u0131 \u015fart. Ama herkes A\u011far ile ayn\u0131 \u00e7uvaldayken, bunu kim yapacak?<\/p>\n<p>Tolga A\u011far ile ilgili iddialar\u0131 kim soru\u015fturacak?<\/p>\n<p>Peker&#8217;in uyu\u015fturucu ticaretiyle su\u00e7lad\u0131\u011f\u0131 Binali Y\u0131ld\u0131r\u0131m&#8217;\u0131n o\u011flu Erkan Y\u0131ld\u0131r\u0131m&#8217;\u0131n Venezuela seyahatlerini kim ara\u015ft\u0131racak? Peki ya K\u0131br\u0131s ba\u011flant\u0131s\u0131n\u0131?<\/p>\n<h2>Di\u011fer sorular ve muhatab\u0131<\/h2>\n<p>Sedat Peker&#8217;in if\u015faat\u0131ndan daha \u00f6nce \u00f6\u011frendiklerimizi de hat\u0131rlat\u0131p, haf\u0131za tazeleyip, soru sormaya devam edelim. Sorular\u0131n muhatab\u0131 Recep Tayyip Erdo\u011fan. Erdo\u011fan&#8217;\u0131n eski milletvekilinin d\u00f6v\u00fclmesinden, H\u00fcrriyet bask\u0131n\u0131na kadar bir dizi soruyu yan\u0131tlamas\u0131 gerekiyor.<\/p>\n<ul>\n<li>H\u00fcrriyet Gazetesi&#8217;ne 2015&#8217;te d\u00fczenlenen bask\u0131n\u0131, &#8220;Bizim gen\u00e7lik kollar\u0131 bu i\u015fi beceremez&#8221; diyen bir AKP milletvekilinin &#8220;ricas\u0131&#8221; \u00fczerine, Sedat Peker&#8217;in yapt\u0131rd\u0131\u011f\u0131n\u0131 \u00f6\u011frendik. Bu vekilin kim oldu\u011funa dair bir tahminim var, ama ad\u0131 \u00fczerinde tahmin, yaz\u0131lmaz. O y\u00fczden soral\u0131m. Bu vekil kimdi ve Erdo\u011fan AKP&#8217;li bir vekilin Peker&#8217;den H\u00fcrriyet Gazetesi&#8217;ne bask\u0131n d\u00fczenlemesini talep etti\u011fini yeni mi duydu? Bug\u00fcn kendisine sad\u0131k bir genel yay\u0131n y\u00f6netmeni olan Ahmet Hakan&#8217;\u0131 kimin d\u00f6vd\u00fcrd\u00fc\u011f\u00fcn\u00fc bilmiyor mu?<\/li>\n<li>Erdo\u011fan&#8217;a ve e\u015fi Emine Erdo\u011fan&#8217;a hakaret etti\u011fi i\u00e7in 2014&#8217;te tutuklanan eski milletvekili Fevzi \u0130\u015fbilir&#8217;i karakolda ve savc\u0131l\u0131\u011fa giderken, yine eski bir AKP milletvekili d\u00f6vd\u00fcrd\u00fc. Peker&#8217;in verdi\u011fi e\u015fkale g\u00f6re, bu ki\u015fi Erdo\u011fan&#8217;\u0131n gen\u00e7li\u011finden beri tan\u0131d\u0131\u011f\u0131, hem\u015ferisi Metin K\u00fcl\u00fcnk&#8217;t\u00fc.\u00a0 Erdo\u011fan, yak\u0131n\u0131 diyebilece\u011fimiz K\u00fcl\u00fcnk&#8217;\u00fcn Sedat Peker ile ili\u015fkilerini bilmiyor muydu? Metin K\u00fcl\u00fcnk&#8217;\u00fcn, Fevzi \u0130\u015fbilir&#8217;i, Peker&#8217;in adamlar\u0131na d\u00f6vd\u00fcrd\u00fc\u011f\u00fcnden Erdo\u011fan&#8217;\u0131n haberi yok muydu?<\/li>\n<li>Sedat Peker&#8217;e Erdo\u011fan i\u00e7in adam d\u00f6vd\u00fcren K\u00fcl\u00fcnk, Almanya&#8217;da da tan\u0131nan bir isim. O d\u00f6nem de partinin D\u0131\u015f \u0130li\u015fkilerden Sorumlu Genel Ba\u015fkan Yard\u0131mc\u0131s\u0131 olan K\u00fcl\u00fcnk, Almanya&#8217;da kurulan AKP&#8217;li Osmanen Germania&#8217;ya da muhaliflere sald\u0131rmalar\u0131, bu esnada videoya \u00e7ekmeleri konusunda talimat vermi\u015fti. Metin K\u00fcl\u00fcnk&#8217;\u00fcn bu olu\u015fuma elden 20 bin Euro verdi\u011fi, bu parayla silah al\u0131nd\u0131\u011f\u0131 da Alman makamlar\u0131nca tespit edildi. Ermeni soyk\u0131r\u0131m\u0131nda Almanya&#8217;n\u0131n sorumlulu\u011funu tan\u0131yan yasan\u0131n Federal Meclis&#8217;ten ge\u00e7mesi \u00fczerine Berlin&#8217;de g\u00f6steri organize etmeye \u00e7al\u0131\u015fan K\u00fcl\u00fcnk&#8217;\u00fcn, Cumhurba\u015fkan\u0131 Erdo\u011fan ve D\u0131\u015fi\u015fleri Bakan\u0131 \u00c7avu\u015fo\u011flu&#8217;na do\u011frudan rapor verdi\u011fi telefon g\u00f6r\u00fc\u015fmesi de kay\u0131tlara ge\u00e7mi\u015fti. Soru: Sedat Peker&#8217;e karakolda adam d\u00f6vd\u00fcren eski milletvekili K\u00fcl\u00fcnk, Erdo\u011fan&#8217;\u0131n hayat\u0131na ve AKP&#8217;ye yeni mi girdi? (Cevab\u0131 &#8220;Hay\u0131r&#8221;.) Hat\u0131rlatal\u0131m, K\u00fcl\u00fcnk bug\u00fcn de Erdo\u011fan&#8217;\u0131n genel ba\u015fkan\u0131 oldu\u011fu AKP&#8217;nin Merkez Karar Y\u00f6netim Kurulu \u00fcyesi.<\/li>\n<li>AKP&#8217;li &#8220;gazeteci&#8221; biraderler Hadi ve S\u00fcleyman \u00d6z\u0131\u015f\u0131k&#8217;\u0131n, Sedat Peker&#8217;le \u0130\u00e7i\u015fleri Bakan\u0131 S\u00fcleyman Soylu aras\u0131nda laf ta\u015f\u0131d\u0131klar\u0131 ortaya \u00e7\u0131kt\u0131. Hadi \u00d6z\u0131\u015f\u0131k, Peker&#8217;e, \u0130\u00e7i\u015fleri Bakan\u0131 S\u00fcleyman Soylu&#8217;nun &#8220;Cumhurba\u015fkan\u0131m\u0131z da ben de onu \u00e7ok seviyoruz&#8221; dedi\u011fini, bunu hem kendisine, hem de karde\u015fi S\u00fcleyman&#8217;a s\u00f6yledi\u011fini anlatt\u0131. Soru: Erdo\u011fan, Hadi \u00d6z\u0131\u015f\u0131k&#8217;\u0131n aktard\u0131\u011f\u0131 gibi, Sedat Peker&#8217;i seviyor mu? Bunlarla alakas\u0131z gibi g\u00f6r\u00fcnen bir soru daha, merak\u0131mdan soruyorum: Alaattin \u00c7ak\u0131c\u0131 ile ilgili ne d\u00fc\u015f\u00fcn\u00fcyor?<\/li>\n<li>S\u00fcleyman Soylu TRT&#8217;de, rejiyi ele ge\u00e7irdi\u011fi programda, AKP&#8217;li bir vekilin Peker&#8217;den para ald\u0131\u011f\u0131n\u0131 s\u00f6yleyerek, dikkati kendi \u00fczerinden bu vekilin \u00fczerine \u00e7ekmeye \u00e7al\u0131\u015ft\u0131. Sesini ve sadakatini Erdo\u011fan&#8217;a duyurmaya \u00e7al\u0131\u015f\u0131r gibi g\u00f6r\u00fcn\u00fcrken, parti i\u00e7inde, ucu Erdo\u011fan&#8217;a dokunabilecek baz\u0131 gizli sakl\u0131 i\u015fleri de if\u015fa edebilece\u011fi mesaj\u0131n\u0131 vermi\u015f oldu. Soylu&#8217;nun s\u00f6z\u00fcn\u00fc etti\u011fi vekil kimdi?<\/li>\n<\/ul>\n<p>Bu kavgan\u0131n i\u00e7indekilerin &#8220;Tayyip Abi&#8221;, &#8220;Babam\u0131z&#8221;, &#8220;Allah gibi&#8221; diyerek yere g\u00f6\u011fe koyamad\u0131klar\u0131 Erdo\u011fan&#8217;\u0131n yukar\u0131daki spesifik sorulara cevap vermesinin zaman\u0131. Tabii sorabilen olursa.<\/p>\n<p><em><strong>https:\/\/www.dw.com\/tr\/iktidar-derin-devlet-bir-%C3%A7uvalda\/a-57635626\u00a0<\/strong><\/em><\/p>\n","protected":false},"excerpt":{"rendered":"<p>\u00a0Banu G\u00fcven\u00a0 &#8220;Kutlu Adal\u0131 ve U\u011fur Mumcu suikastleri, Peker\u2019in anlatt\u0131klar\u0131 \u00fczerine soru\u015fturulacak m\u0131? Erdo\u011fan, kendisine yak\u0131n vekilin adam d\u00f6vd\u00fcrd\u00fc\u011f\u00fcn\u00fc bilmiyor mu?&#8221; Banu G\u00fcven DW T\u00fcrk\u00e7e i\u00e7in yazd\u0131. Sedat Peker daha \u00f6nce K\u0131br\u0131sl\u0131 gazeteci Kutlu Adal\u0131&#8217;n\u0131n 1996&#8217;da bir suikaste kurban gitmesiyle ilgili konu\u015faca\u011f\u0131n\u0131 s\u00f6ylemi\u015fti. Bu kadar somut bir itiraf ve if\u015fa beklemiyordum do\u011frusu. Peker, bu suikastin [&hellip;]<\/p>\n","protected":false},"author":7,"featured_media":63070,"comment_status":"open","ping_status":"open","sticky":false,"template":"","format":"standard","meta":{"footnotes":""},"categories":[1,70],"tags":[],"class_list":["post-63069","post","type-post","status-publish","format-standard","has-post-thumbnail","hentry","category-haberler","category-makaleler"],"yoast_head":"<!-- This site is optimized with the Yoast SEO plugin v27.4 - https:\/\/yoast.com\/product\/yoast-seo-wordpress\/ -->\n<title>\u0130ktidar - derin devlet bir \u00e7uvalda - Bati Ermenistan Ve Bati Ermenileri Sorunlari Ara\u015ftirmalar Merkezi<\/title>\n<meta name=\"robots\" content=\"index, follow, max-snippet:-1, max-image-preview:large, max-video-preview:-1\" \/>\n<link rel=\"canonical\" href=\"https:\/\/akunq.net\/tr\/?p=63069\" \/>\n<meta property=\"og:locale\" content=\"en_US\" \/>\n<meta property=\"og:type\" content=\"article\" \/>\n<meta property=\"og:title\" content=\"\u0130ktidar - derin devlet bir \u00e7uvalda - Bati Ermenistan Ve Bati Ermenileri Sorunlari Ara\u015ftirmalar Merkezi\" \/>\n<meta property=\"og:description\" content=\"\u00a0Banu G\u00fcven\u00a0 &#8220;Kutlu Adal\u0131 ve U\u011fur Mumcu suikastleri, Peker\u2019in anlatt\u0131klar\u0131 \u00fczerine soru\u015fturulacak m\u0131? Erdo\u011fan, kendisine yak\u0131n vekilin adam d\u00f6vd\u00fcrd\u00fc\u011f\u00fcn\u00fc bilmiyor mu?&#8221; Banu G\u00fcven DW T\u00fcrk\u00e7e i\u00e7in yazd\u0131. Sedat Peker daha \u00f6nce K\u0131br\u0131sl\u0131 gazeteci Kutlu Adal\u0131&#8217;n\u0131n 1996&#8217;da bir suikaste kurban gitmesiyle ilgili konu\u015faca\u011f\u0131n\u0131 s\u00f6ylemi\u015fti. Bu kadar somut bir itiraf ve if\u015fa beklemiyordum do\u011frusu. Peker, bu suikastin [&hellip;]\" \/>\n<meta property=\"og:url\" content=\"https:\/\/akunq.net\/tr\/?p=63069\" \/>\n<meta property=\"og:site_name\" content=\"Bati Ermenistan Ve Bati Ermenileri Sorunlari Ara\u015ftirmalar Merkezi\" \/>\n<meta property=\"article:published_time\" content=\"2021-05-26T07:37:10+00:00\" \/>\n<meta property=\"og:image\" content=\"https:\/\/akunq.net\/tr\/wp-content\/uploads\/sites\/6\/2021\/05\/\u0130ktidar-derin-devlet.jpg\" \/>\n\t<meta property=\"og:image:width\" content=\"700\" \/>\n\t<meta property=\"og:image:height\" content=\"394\" \/>\n\t<meta property=\"og:image:type\" content=\"image\/jpeg\" \/>\n<meta name=\"author\" content=\"admin\" \/>\n<meta name=\"twitter:card\" content=\"summary_large_image\" \/>\n<meta name=\"twitter:label1\" content=\"Written by\" \/>\n\t<meta name=\"twitter:data1\" content=\"admin\" \/>\n\t<meta name=\"twitter:label2\" content=\"Est. reading time\" \/>\n\t<meta name=\"twitter:data2\" content=\"6 minutes\" \/>\n<script type=\"application\/ld+json\" class=\"yoast-schema-graph\">{\"@context\":\"https:\\\/\\\/schema.org\",\"@graph\":[{\"@type\":\"Article\",\"@id\":\"https:\\\/\\\/akunq.net\\\/tr\\\/?p=63069#article\",\"isPartOf\":{\"@id\":\"https:\\\/\\\/akunq.net\\\/tr\\\/?p=63069\"},\"author\":{\"name\":\"admin\",\"@id\":\"https:\\\/\\\/akunq.net\\\/tr\\\/#\\\/schema\\\/person\\\/096f1d38a12cce57fb855b485ed24c9e\"},\"headline\":\"\u0130ktidar &#8211; derin devlet bir \u00e7uvalda\",\"datePublished\":\"2021-05-26T07:37:10+00:00\",\"mainEntityOfPage\":{\"@id\":\"https:\\\/\\\/akunq.net\\\/tr\\\/?p=63069\"},\"wordCount\":1255,\"commentCount\":0,\"image\":{\"@id\":\"https:\\\/\\\/akunq.net\\\/tr\\\/?p=63069#primaryimage\"},\"thumbnailUrl\":\"https:\\\/\\\/akunq.net\\\/tr\\\/wp-content\\\/uploads\\\/sites\\\/6\\\/2021\\\/05\\\/\u0130ktidar-derin-devlet.jpg\",\"articleSection\":[\"Haberler\",\"Makaleler\"],\"inLanguage\":\"en-US\",\"potentialAction\":[{\"@type\":\"CommentAction\",\"name\":\"Comment\",\"target\":[\"https:\\\/\\\/akunq.net\\\/tr\\\/?p=63069#respond\"]}]},{\"@type\":\"WebPage\",\"@id\":\"https:\\\/\\\/akunq.net\\\/tr\\\/?p=63069\",\"url\":\"https:\\\/\\\/akunq.net\\\/tr\\\/?p=63069\",\"name\":\"\u0130ktidar - derin devlet bir \u00e7uvalda - Bati Ermenistan Ve Bati Ermenileri Sorunlari Ara\u015ftirmalar Merkezi\",\"isPartOf\":{\"@id\":\"https:\\\/\\\/akunq.net\\\/tr\\\/#website\"},\"primaryImageOfPage\":{\"@id\":\"https:\\\/\\\/akunq.net\\\/tr\\\/?p=63069#primaryimage\"},\"image\":{\"@id\":\"https:\\\/\\\/akunq.net\\\/tr\\\/?p=63069#primaryimage\"},\"thumbnailUrl\":\"https:\\\/\\\/akunq.net\\\/tr\\\/wp-content\\\/uploads\\\/sites\\\/6\\\/2021\\\/05\\\/\u0130ktidar-derin-devlet.jpg\",\"datePublished\":\"2021-05-26T07:37:10+00:00\",\"author\":{\"@id\":\"https:\\\/\\\/akunq.net\\\/tr\\\/#\\\/schema\\\/person\\\/096f1d38a12cce57fb855b485ed24c9e\"},\"breadcrumb\":{\"@id\":\"https:\\\/\\\/akunq.net\\\/tr\\\/?p=63069#breadcrumb\"},\"inLanguage\":\"en-US\",\"potentialAction\":[{\"@type\":\"ReadAction\",\"target\":[\"https:\\\/\\\/akunq.net\\\/tr\\\/?p=63069\"]}]},{\"@type\":\"ImageObject\",\"inLanguage\":\"en-US\",\"@id\":\"https:\\\/\\\/akunq.net\\\/tr\\\/?p=63069#primaryimage\",\"url\":\"https:\\\/\\\/akunq.net\\\/tr\\\/wp-content\\\/uploads\\\/sites\\\/6\\\/2021\\\/05\\\/\u0130ktidar-derin-devlet.jpg\",\"contentUrl\":\"https:\\\/\\\/akunq.net\\\/tr\\\/wp-content\\\/uploads\\\/sites\\\/6\\\/2021\\\/05\\\/\u0130ktidar-derin-devlet.jpg\",\"width\":700,\"height\":394},{\"@type\":\"BreadcrumbList\",\"@id\":\"https:\\\/\\\/akunq.net\\\/tr\\\/?p=63069#breadcrumb\",\"itemListElement\":[{\"@type\":\"ListItem\",\"position\":1,\"name\":\"Home\",\"item\":\"https:\\\/\\\/akunq.net\\\/tr\"},{\"@type\":\"ListItem\",\"position\":2,\"name\":\"\u0130ktidar &#8211; derin devlet bir \u00e7uvalda\"}]},{\"@type\":\"WebSite\",\"@id\":\"https:\\\/\\\/akunq.net\\\/tr\\\/#website\",\"url\":\"https:\\\/\\\/akunq.net\\\/tr\\\/\",\"name\":\"Bati Ermenistan Ve Bati Ermenileri Sorunlari Ara\u015ftirmalar Merkezi\",\"description\":\"\",\"potentialAction\":[{\"@type\":\"SearchAction\",\"target\":{\"@type\":\"EntryPoint\",\"urlTemplate\":\"https:\\\/\\\/akunq.net\\\/tr\\\/?s={search_term_string}\"},\"query-input\":{\"@type\":\"PropertyValueSpecification\",\"valueRequired\":true,\"valueName\":\"search_term_string\"}}],\"inLanguage\":\"en-US\"},{\"@type\":\"Person\",\"@id\":\"https:\\\/\\\/akunq.net\\\/tr\\\/#\\\/schema\\\/person\\\/096f1d38a12cce57fb855b485ed24c9e\",\"name\":\"admin\",\"url\":\"https:\\\/\\\/akunq.net\\\/tr\\\/?author=7\"}]}<\/script>\n<!-- \/ Yoast SEO plugin. -->","yoast_head_json":{"title":"\u0130ktidar - derin devlet bir \u00e7uvalda - Bati Ermenistan Ve Bati Ermenileri Sorunlari Ara\u015ftirmalar Merkezi","robots":{"index":"index","follow":"follow","max-snippet":"max-snippet:-1","max-image-preview":"max-image-preview:large","max-video-preview":"max-video-preview:-1"},"canonical":"https:\/\/akunq.net\/tr\/?p=63069","og_locale":"en_US","og_type":"article","og_title":"\u0130ktidar - derin devlet bir \u00e7uvalda - Bati Ermenistan Ve Bati Ermenileri Sorunlari Ara\u015ftirmalar Merkezi","og_description":"\u00a0Banu G\u00fcven\u00a0 &#8220;Kutlu Adal\u0131 ve U\u011fur Mumcu suikastleri, Peker\u2019in anlatt\u0131klar\u0131 \u00fczerine soru\u015fturulacak m\u0131? Erdo\u011fan, kendisine yak\u0131n vekilin adam d\u00f6vd\u00fcrd\u00fc\u011f\u00fcn\u00fc bilmiyor mu?&#8221; Banu G\u00fcven DW T\u00fcrk\u00e7e i\u00e7in yazd\u0131. Sedat Peker daha \u00f6nce K\u0131br\u0131sl\u0131 gazeteci Kutlu Adal\u0131&#8217;n\u0131n 1996&#8217;da bir suikaste kurban gitmesiyle ilgili konu\u015faca\u011f\u0131n\u0131 s\u00f6ylemi\u015fti. Bu kadar somut bir itiraf ve if\u015fa beklemiyordum do\u011frusu. Peker, bu suikastin [&hellip;]","og_url":"https:\/\/akunq.net\/tr\/?p=63069","og_site_name":"Bati Ermenistan Ve Bati Ermenileri Sorunlari Ara\u015ftirmalar Merkezi","article_published_time":"2021-05-26T07:37:10+00:00","og_image":[{"width":700,"height":394,"url":"https:\/\/akunq.net\/tr\/wp-content\/uploads\/sites\/6\/2021\/05\/\u0130ktidar-derin-devlet.jpg","type":"image\/jpeg"}],"author":"admin","twitter_card":"summary_large_image","twitter_misc":{"Written by":"admin","Est. reading time":"6 minutes"},"schema":{"@context":"https:\/\/schema.org","@graph":[{"@type":"Article","@id":"https:\/\/akunq.net\/tr\/?p=63069#article","isPartOf":{"@id":"https:\/\/akunq.net\/tr\/?p=63069"},"author":{"name":"admin","@id":"https:\/\/akunq.net\/tr\/#\/schema\/person\/096f1d38a12cce57fb855b485ed24c9e"},"headline":"\u0130ktidar &#8211; derin devlet bir \u00e7uvalda","datePublished":"2021-05-26T07:37:10+00:00","mainEntityOfPage":{"@id":"https:\/\/akunq.net\/tr\/?p=63069"},"wordCount":1255,"commentCount":0,"image":{"@id":"https:\/\/akunq.net\/tr\/?p=63069#primaryimage"},"thumbnailUrl":"https:\/\/akunq.net\/tr\/wp-content\/uploads\/sites\/6\/2021\/05\/\u0130ktidar-derin-devlet.jpg","articleSection":["Haberler","Makaleler"],"inLanguage":"en-US","potentialAction":[{"@type":"CommentAction","name":"Comment","target":["https:\/\/akunq.net\/tr\/?p=63069#respond"]}]},{"@type":"WebPage","@id":"https:\/\/akunq.net\/tr\/?p=63069","url":"https:\/\/akunq.net\/tr\/?p=63069","name":"\u0130ktidar - derin devlet bir \u00e7uvalda - Bati Ermenistan Ve Bati Ermenileri Sorunlari Ara\u015ftirmalar Merkezi","isPartOf":{"@id":"https:\/\/akunq.net\/tr\/#website"},"primaryImageOfPage":{"@id":"https:\/\/akunq.net\/tr\/?p=63069#primaryimage"},"image":{"@id":"https:\/\/akunq.net\/tr\/?p=63069#primaryimage"},"thumbnailUrl":"https:\/\/akunq.net\/tr\/wp-content\/uploads\/sites\/6\/2021\/05\/\u0130ktidar-derin-devlet.jpg","datePublished":"2021-05-26T07:37:10+00:00","author":{"@id":"https:\/\/akunq.net\/tr\/#\/schema\/person\/096f1d38a12cce57fb855b485ed24c9e"},"breadcrumb":{"@id":"https:\/\/akunq.net\/tr\/?p=63069#breadcrumb"},"inLanguage":"en-US","potentialAction":[{"@type":"ReadAction","target":["https:\/\/akunq.net\/tr\/?p=63069"]}]},{"@type":"ImageObject","inLanguage":"en-US","@id":"https:\/\/akunq.net\/tr\/?p=63069#primaryimage","url":"https:\/\/akunq.net\/tr\/wp-content\/uploads\/sites\/6\/2021\/05\/\u0130ktidar-derin-devlet.jpg","contentUrl":"https:\/\/akunq.net\/tr\/wp-content\/uploads\/sites\/6\/2021\/05\/\u0130ktidar-derin-devlet.jpg","width":700,"height":394},{"@type":"BreadcrumbList","@id":"https:\/\/akunq.net\/tr\/?p=63069#breadcrumb","itemListElement":[{"@type":"ListItem","position":1,"name":"Home","item":"https:\/\/akunq.net\/tr"},{"@type":"ListItem","position":2,"name":"\u0130ktidar &#8211; derin devlet bir \u00e7uvalda"}]},{"@type":"WebSite","@id":"https:\/\/akunq.net\/tr\/#website","url":"https:\/\/akunq.net\/tr\/","name":"Bati Ermenistan Ve Bati Ermenileri Sorunlari Ara\u015ftirmalar Merkezi","description":"","potentialAction":[{"@type":"SearchAction","target":{"@type":"EntryPoint","urlTemplate":"https:\/\/akunq.net\/tr\/?s={search_term_string}"},"query-input":{"@type":"PropertyValueSpecification","valueRequired":true,"valueName":"search_term_string"}}],"inLanguage":"en-US"},{"@type":"Person","@id":"https:\/\/akunq.net\/tr\/#\/schema\/person\/096f1d38a12cce57fb855b485ed24c9e","name":"admin","url":"https:\/\/akunq.net\/tr\/?author=7"}]}},"_links":{"self":[{"href":"https:\/\/akunq.net\/tr\/index.php?rest_route=\/wp\/v2\/posts\/63069","targetHints":{"allow":["GET"]}}],"collection":[{"href":"https:\/\/akunq.net\/tr\/index.php?rest_route=\/wp\/v2\/posts"}],"about":[{"href":"https:\/\/akunq.net\/tr\/index.php?rest_route=\/wp\/v2\/types\/post"}],"author":[{"embeddable":true,"href":"https:\/\/akunq.net\/tr\/index.php?rest_route=\/wp\/v2\/users\/7"}],"replies":[{"embeddable":true,"href":"https:\/\/akunq.net\/tr\/index.php?rest_route=%2Fwp%2Fv2%2Fcomments&post=63069"}],"version-history":[{"count":1,"href":"https:\/\/akunq.net\/tr\/index.php?rest_route=\/wp\/v2\/posts\/63069\/revisions"}],"predecessor-version":[{"id":63071,"href":"https:\/\/akunq.net\/tr\/index.php?rest_route=\/wp\/v2\/posts\/63069\/revisions\/63071"}],"wp:featuredmedia":[{"embeddable":true,"href":"https:\/\/akunq.net\/tr\/index.php?rest_route=\/wp\/v2\/media\/63070"}],"wp:attachment":[{"href":"https:\/\/akunq.net\/tr\/index.php?rest_route=%2Fwp%2Fv2%2Fmedia&parent=63069"}],"wp:term":[{"taxonomy":"category","embeddable":true,"href":"https:\/\/akunq.net\/tr\/index.php?rest_route=%2Fwp%2Fv2%2Fcategories&post=63069"},{"taxonomy":"post_tag","embeddable":true,"href":"https:\/\/akunq.net\/tr\/index.php?rest_route=%2Fwp%2Fv2%2Ftags&post=63069"}],"curies":[{"name":"wp","href":"https:\/\/api.w.org\/{rel}","templated":true}]}}