{"id":63059,"date":"2021-05-25T02:25:44","date_gmt":"2021-05-25T07:25:44","guid":{"rendered":"https:\/\/akunq.net\/tr\/?p=63059"},"modified":"2021-05-25T02:25:44","modified_gmt":"2021-05-25T07:25:44","slug":"izmirden-sonra-diyarbakir-barosu-da-sedat-pekerin-iddialari-konusunda-suc-duyurusunda-bulundu","status":"publish","type":"post","link":"https:\/\/akunq.net\/tr\/?p=63059","title":{"rendered":"\u0130zmir&#8217;den sonra Diyarbak\u0131r Barosu da Sedat Peker&#8217;in iddialar\u0131 konusunda su\u00e7 duyurusunda bulundu"},"content":{"rendered":"<p><img loading=\"lazy\" decoding=\"async\" class=\"aligncenter size-medium wp-image-63060\" src=\"https:\/\/akunq.net\/tr\/wp-content\/uploads\/2021\/05\/Diyarbak\u0131r-Barosu-360x203.jpg\" alt=\"\" width=\"360\" height=\"203\" srcset=\"https:\/\/akunq.net\/tr\/wp-content\/uploads\/sites\/6\/2021\/05\/Diyarbak\u0131r-Barosu-360x203.jpg 360w, https:\/\/akunq.net\/tr\/wp-content\/uploads\/sites\/6\/2021\/05\/Diyarbak\u0131r-Barosu-768x432.jpg 768w, https:\/\/akunq.net\/tr\/wp-content\/uploads\/sites\/6\/2021\/05\/Diyarbak\u0131r-Barosu-560x315.jpg 560w, https:\/\/akunq.net\/tr\/wp-content\/uploads\/sites\/6\/2021\/05\/Diyarbak\u0131r-Barosu-260x146.jpg 260w, https:\/\/akunq.net\/tr\/wp-content\/uploads\/sites\/6\/2021\/05\/Diyarbak\u0131r-Barosu-160x90.jpg 160w, https:\/\/akunq.net\/tr\/wp-content\/uploads\/sites\/6\/2021\/05\/Diyarbak\u0131r-Barosu.jpg 773w\" sizes=\"auto, (max-width: 360px) 100vw, 360px\" \/><\/p>\n<p><strong><em>Diyarbak\u0131r Barosu, Sedat Peker&#8217;in sosyal medya platformlar\u0131nda payla\u015ft\u0131\u011f\u0131 if\u015fa videolar\u0131ndaki iddialar sonras\u0131 90&#8217;l\u0131 y\u0131llarda ba\u015fta Diyarbak\u0131r olmak \u00fczere T\u00fcrkiye&#8217;nin \u00e7e\u015fitli kentlerinde ya\u015fanan cinayetlere ili\u015fkin \u015f\u00fcphelilerin tespiti ile haklar\u0131nda etkin soru\u015fturma y\u00fcr\u00fct\u00fclmesi talebiyle su\u00e7 duyurusunda bulundu.<\/em><\/strong><\/p>\n<p>\u0130zmir Barosu da daha \u00f6nce benzer nedenler gerek\u00e7esiyle Peker&#8217;in videolar\u0131nda ismi ge\u00e7en \u0130\u00e7i\u015fleri Bakan\u0131 S\u00fcleyman Soylu, eski \u0130\u00e7i\u015fleri Bakan\u0131 Mehmet A\u011far ve o\u011flu AKP Elaz\u0131\u011f Milletvekili Tolga A\u011far ile eski Ba\u015fbakan Binali Y\u0131ld\u0131r\u0131m&#8217;\u0131n o\u011flu Erkam Y\u0131ld\u0131r\u0131m hakk\u0131nda su\u00e7 duyurusunda bulunmu\u015ftu.<\/p>\n<p>\u0130zmir Barosu ayr\u0131ca s\u00f6z konusu if\u015fa videolar\u0131 sonras\u0131 Sedat Peker&#8217;in kendisi hakk\u0131nda da su\u00e7 duyurusunda bulundu.<\/p>\n<p>Diyarbak\u0131r Barosu yapt\u0131\u011f\u0131 yaz\u0131l\u0131 a\u00e7\u0131klamada 90&#8217;l\u0131 y\u0131llarda T\u00fcrkiye&#8217;nin \u00f6zellikle G\u00fcneydo\u011fu Anadolu B\u00f6lgesi ba\u015fta olmak \u00fczere, \u00e7e\u015fitli kentlerinde hukuk d\u0131\u015f\u0131 al\u0131koyma, faili me\u00e7hul ve faili belli olan cinayet ve olaylar\u0131n \u00f6nemli bir k\u0131sm\u0131n\u0131n cezas\u0131zl\u0131kla sonu\u00e7land\u0131\u011f\u0131n\u0131n alt\u0131n\u0131 \u00e7izdi.<\/p>\n<div class=\"widget widget--type-tweet widget--size-fullwidth widget--align-center\">\n<div class=\"widget__wrapper\">\n<div class=\"widget__ratio widget__ratio\u2014auto\">\n<div class=\"widget__contents\">\n<figure class=\"widget__figure\">\n<div class=\"widget__tweet\" data-tweet-id=\"1396809522958802945\" data-tweetloaded=\"true\">\n<div class=\"twitter-tweet twitter-tweet-rendered\"><iframe id=\"twitter-widget-0\" class=\"\" title=\"Twitter Tweet\" src=\"https:\/\/platform.twitter.com\/embed\/Tweet.html?dnt=false&amp;embedId=twitter-widget-0&amp;features=eyJ0ZndfZXhwZXJpbWVudHNfY29va2llX2V4cGlyYXRpb24iOnsiYnVja2V0IjoxMjA5NjAwLCJ2ZXJzaW9uIjpudWxsfSwidGZ3X2hvcml6b25fdHdlZXRfZW1iZWRfOTU1NSI6eyJidWNrZXQiOiJodGUiLCJ2ZXJzaW9uIjpudWxsfSwidGZ3X3R3ZWV0X2VtYmVkX2NsaWNrYWJpbGl0eV8xMjEwMiI6eyJidWNrZXQiOiJjb250cm9sIiwidmVyc2lvbiI6bnVsbH19&amp;frame=false&amp;hideCard=false&amp;hideThread=false&amp;id=1396809522958802945&amp;lang=en&amp;origin=https%3A%2F%2Ftr.euronews.com%2F2021%2F05%2F24%2Fizmir-den-sonra-diyarbak-r-barosu-da-sedat-peker-in-iddialar-konusunda-suc-duyurusunda-bul&amp;sessionId=fd1cd53eee2ee3a230313f4cb41ff87980e72110&amp;siteScreenName=euronews&amp;theme=light&amp;widgetsVersion=82e1070%3A1619632193066&amp;width=550px\" frameborder=\"0\" scrolling=\"no\" allowfullscreen=\"allowfullscreen\" data-tweet-id=\"1396809522958802945\" data-mce-fragment=\"1\"><\/iframe><\/div>\n<\/div>\n<\/figure>\n<\/div>\n<\/div>\n<\/div>\n<\/div>\n<p>Peker, pazar g\u00fcn\u00fc yay\u0131mlad\u0131\u011f\u0131 7&#8217;nci videosunda gazeteci U\u011fur Mumcu, Kutlu Adal\u0131, K\u00fcrt i\u015f insanlar\u0131 Sava\u015f Buldan, Beh\u00e7et Cant\u00fcrk, H\u00fcseyin Bayba\u015fin, Hac\u0131 Karay, Fevzi Aslan ve ye\u011feni \u015eahin Aslan suikastlerinde Mehmet A\u011far&#8217;\u0131n parma\u011f\u0131 oldu\u011funu \u00f6ne s\u00fcrm\u00fc\u015ft\u00fc.<\/p>\n<h2>&#8216;Jitem davalar\u0131 iyi ara\u015ft\u0131r\u0131lmad\u0131, takipsizlikle sonu\u00e7land\u0131&#8217;<\/h2>\n<p>Baro a\u00e7\u0131klamas\u0131nda, &#8221;Sedat Peker isimli \u015fahs\u0131n beyanlar\u0131nda belirtti\u011fi \u00fczere, Mehmet A\u011far, Korkut Eken ve di\u011fer ilgili \u015f\u00fcpheli \u015fah\u0131slar taraf\u0131ndan, devlet i\u00e7erisinde \u00f6rg\u00fctlenen yap\u0131 veya olu\u015fum i\u00e7erisinde siyasal, felsefi, \u0131rki veya dini saiklerle toplumun bir kesimine kar\u015f\u0131 bir plan do\u011frultusunda sistemli olarak i\u015flenmesi, insanl\u0131\u011fa kar\u015f\u0131 su\u00e7 olu\u015fturmaktad\u0131r&#8221; ifadeleri yer ald\u0131.<\/p>\n<p>Baro ayr\u0131ca Ankara Jitem Davas\u0131, Kulp Davas\u0131, K\u0131z\u0131ltepe Jitem, Darge\u00e7it Jitem ve Musa Anter Cinayeti ile birle\u015ftirilen Jitem Ana Davas\u0131 ile ilgili etkili soru\u015fturmalar yap\u0131lmad\u0131\u011f\u0131n\u0131 ve bu dosyalar\u0131n takipsizlikle sonu\u00e7land\u0131\u011f\u0131n\u0131 belirtti.<\/p>\n<p><em>Diyarbak\u0131r Barosu, Cumhuriyet Ba\u015fsavc\u0131l\u0131\u011f\u0131&#8217;na yapt\u0131\u011f\u0131 su\u00e7 duyurusunda \u015fu taleplerde bulundu:<\/em><\/p>\n<ul>\n<li>Sedat Peker isimli \u015fahs\u0131n beyanlar\u0131 g\u00f6zetilerek soru\u015fturma ba\u015flat\u0131lmas\u0131,<\/li>\n<li>Derdest faili me\u00e7hul soru\u015fturma dosyalar\u0131nda, konu\u015fma i\u00e7erikleri ve Mehmet A\u011far, Korkut Eken ba\u015fta olmak \u00fczere ilgili \u015fah\u0131slar\u0131n \u015f\u00fcpheli s\u0131fat\u0131yla beyanlar\u0131n\u0131n al\u0131nmas\u0131,<\/li>\n<li>Takipsizlik karar\u0131 verilen faili me\u00e7hul soru\u015fturma dosyalar\u0131n\u0131n 5271 say\u0131l\u0131 yasan\u0131n 172\/2. Maddesi gere\u011fince Sedat Peker isimli \u015fahs\u0131n bilgi ve g\u00f6rg\u00fcye dayal\u0131 beyan\u0131 g\u00f6zetilerek, yeterli \u015f\u00fcphenin mevcudiyeti ile yeniden soru\u015fturmalar\u0131n ba\u015flat\u0131lmas\u0131,<\/li>\n<li>Konu\u015fma i\u00e7eri\u011fi g\u00f6zetilerek, ilgili Milli G\u00fcvenlik Kurulu karar\u0131n\u0131n temini,<\/li>\n<li>Soru\u015fturman\u0131n etkin bir \u015fekilde y\u00fcr\u00fct\u00fclerek, ilgili \u015f\u00fcphelilerinin cezaland\u0131r\u0131lmas\u0131 amac\u0131yla ivedi bir \u015fekilde yarg\u0131sal faaliyetlerin y\u00fcr\u00fct\u00fclmesi.<\/li>\n<\/ul>\n<div class=\"widget widget--type-related widget--size-fullwidth widget--align-center\" data-stories-id=\"5688148,5688022\" data-event=\"widget_related\">\n<div class=\"widget__wrapper\">\n<div class=\"widget__ratio widget__ratio--auto\">\n<div class=\"widget__contents\"><\/div>\n<\/div>\n<\/div>\n<\/div>\n<h2>Mehmet A\u011far, Tansu \u00c7iller&#8217;in kat\u0131ld\u0131\u011f\u0131 ve MGK toplant\u0131s\u0131nda sunum yapt\u0131<\/h2>\n<p><a href=\"https:\/\/www.diyarbakirbarosu.org.tr\/haberler\/baromuz-sedat-pekerin-1990li-yillarda-islenen-faili-mechul-cinayetlere-yonelik-aciklamalari-ile-ilgili-diyarbakir-cumhuriyet-bassavciligina-ihbar-suc-duyurusunda-bulundu\" target=\"_blank\" rel=\"noopener noreferrer\">Diyarbak\u0131r Barosu&#8217;nun su\u00e7 duyurusunda<\/a>\u00a0d\u00f6nemin Ba\u015fbakan\u0131 Tansu \u00c7iller kat\u0131ld\u0131\u011f\u0131 Milli G\u00fcvenlik Kurulu&#8217;nda (MGK) Mehmet A\u011far&#8217;\u0131n sunum yapt\u0131\u011f\u0131 ve &#8220;devletlerin kendi gelecekleri i\u00e7in bu tip eylemlerde bulunabilece\u011fi&#8221; belirtilerek al\u0131nan karar\u0131n gere\u011finin yerine getirildi\u011fi ifadeleri de dikkati \u00e7ekti.<\/p>\n<p>Baro, Peker&#8217;in videolar\u0131nda ad\u0131 ge\u00e7en t\u00fcm ki\u015filerle alakal\u0131 uyu\u015fturucu ticareti, cinayet, tecav\u00fcz, gasp, yasa d\u0131\u015f\u0131 faaliyetlerde bulunmak \u00fczere \u00e7ete kurma ve benzeri iddialar\u0131n soru\u015fturulmas\u0131 istendi.<\/p>\n<p><em><strong>https:\/\/tr.euronews.com\/2021\/05\/24\/izmir-den-sonra-diyarbak-r-barosu-da-sedat-peker-in-iddialar-konusunda-suc-duyurusunda-bul\u00a0<\/strong><\/em><\/p>\n","protected":false},"excerpt":{"rendered":"<p>Diyarbak\u0131r Barosu, Sedat Peker&#8217;in sosyal medya platformlar\u0131nda payla\u015ft\u0131\u011f\u0131 if\u015fa videolar\u0131ndaki iddialar sonras\u0131 90&#8217;l\u0131 y\u0131llarda ba\u015fta Diyarbak\u0131r olmak \u00fczere T\u00fcrkiye&#8217;nin \u00e7e\u015fitli kentlerinde ya\u015fanan cinayetlere ili\u015fkin \u015f\u00fcphelilerin tespiti ile haklar\u0131nda etkin soru\u015fturma y\u00fcr\u00fct\u00fclmesi talebiyle su\u00e7 duyurusunda bulundu. \u0130zmir Barosu da daha \u00f6nce benzer nedenler gerek\u00e7esiyle Peker&#8217;in videolar\u0131nda ismi ge\u00e7en \u0130\u00e7i\u015fleri Bakan\u0131 S\u00fcleyman Soylu, eski \u0130\u00e7i\u015fleri Bakan\u0131 Mehmet [&hellip;]<\/p>\n","protected":false},"author":7,"featured_media":63060,"comment_status":"open","ping_status":"open","sticky":false,"template":"","format":"standard","meta":{"footnotes":""},"categories":[1],"tags":[],"class_list":["post-63059","post","type-post","status-publish","format-standard","has-post-thumbnail","hentry","category-haberler"],"yoast_head":"<!-- This site is optimized with the Yoast SEO plugin v27.4 - https:\/\/yoast.com\/product\/yoast-seo-wordpress\/ -->\n<title>\u0130zmir&#039;den sonra Diyarbak\u0131r Barosu da Sedat Peker&#039;in iddialar\u0131 konusunda su\u00e7 duyurusunda bulundu - Bati Ermenistan Ve Bati Ermenileri Sorunlari Ara\u015ftirmalar Merkezi<\/title>\n<meta name=\"robots\" content=\"index, follow, max-snippet:-1, max-image-preview:large, max-video-preview:-1\" \/>\n<link rel=\"canonical\" href=\"https:\/\/akunq.net\/tr\/?p=63059\" \/>\n<meta property=\"og:locale\" content=\"en_US\" \/>\n<meta property=\"og:type\" content=\"article\" \/>\n<meta property=\"og:title\" content=\"\u0130zmir&#039;den sonra Diyarbak\u0131r Barosu da Sedat Peker&#039;in iddialar\u0131 konusunda su\u00e7 duyurusunda bulundu - Bati Ermenistan Ve Bati Ermenileri Sorunlari Ara\u015ftirmalar Merkezi\" \/>\n<meta property=\"og:description\" content=\"Diyarbak\u0131r Barosu, Sedat Peker&#8217;in sosyal medya platformlar\u0131nda payla\u015ft\u0131\u011f\u0131 if\u015fa videolar\u0131ndaki iddialar sonras\u0131 90&#8217;l\u0131 y\u0131llarda ba\u015fta Diyarbak\u0131r olmak \u00fczere T\u00fcrkiye&#8217;nin \u00e7e\u015fitli kentlerinde ya\u015fanan cinayetlere ili\u015fkin \u015f\u00fcphelilerin tespiti ile haklar\u0131nda etkin soru\u015fturma y\u00fcr\u00fct\u00fclmesi talebiyle su\u00e7 duyurusunda bulundu. \u0130zmir Barosu da daha \u00f6nce benzer nedenler gerek\u00e7esiyle Peker&#8217;in videolar\u0131nda ismi ge\u00e7en \u0130\u00e7i\u015fleri Bakan\u0131 S\u00fcleyman Soylu, eski \u0130\u00e7i\u015fleri Bakan\u0131 Mehmet [&hellip;]\" \/>\n<meta property=\"og:url\" content=\"https:\/\/akunq.net\/tr\/?p=63059\" \/>\n<meta property=\"og:site_name\" content=\"Bati Ermenistan Ve Bati Ermenileri Sorunlari Ara\u015ftirmalar Merkezi\" \/>\n<meta property=\"article:published_time\" content=\"2021-05-25T07:25:44+00:00\" \/>\n<meta property=\"og:image\" content=\"https:\/\/akunq.net\/tr\/wp-content\/uploads\/sites\/6\/2021\/05\/Diyarbak\u0131r-Barosu.jpg\" \/>\n\t<meta property=\"og:image:width\" content=\"773\" \/>\n\t<meta property=\"og:image:height\" content=\"435\" \/>\n\t<meta property=\"og:image:type\" content=\"image\/jpeg\" \/>\n<meta name=\"author\" content=\"admin\" \/>\n<meta name=\"twitter:card\" content=\"summary_large_image\" \/>\n<meta name=\"twitter:label1\" content=\"Written by\" \/>\n\t<meta name=\"twitter:data1\" content=\"admin\" \/>\n\t<meta name=\"twitter:label2\" content=\"Est. reading time\" \/>\n\t<meta name=\"twitter:data2\" content=\"3 minutes\" \/>\n<script type=\"application\/ld+json\" class=\"yoast-schema-graph\">{\"@context\":\"https:\\\/\\\/schema.org\",\"@graph\":[{\"@type\":\"Article\",\"@id\":\"https:\\\/\\\/akunq.net\\\/tr\\\/?p=63059#article\",\"isPartOf\":{\"@id\":\"https:\\\/\\\/akunq.net\\\/tr\\\/?p=63059\"},\"author\":{\"name\":\"admin\",\"@id\":\"https:\\\/\\\/akunq.net\\\/tr\\\/#\\\/schema\\\/person\\\/096f1d38a12cce57fb855b485ed24c9e\"},\"headline\":\"\u0130zmir&#8217;den sonra Diyarbak\u0131r Barosu da Sedat Peker&#8217;in iddialar\u0131 konusunda su\u00e7 duyurusunda bulundu\",\"datePublished\":\"2021-05-25T07:25:44+00:00\",\"mainEntityOfPage\":{\"@id\":\"https:\\\/\\\/akunq.net\\\/tr\\\/?p=63059\"},\"wordCount\":621,\"commentCount\":0,\"image\":{\"@id\":\"https:\\\/\\\/akunq.net\\\/tr\\\/?p=63059#primaryimage\"},\"thumbnailUrl\":\"https:\\\/\\\/akunq.net\\\/tr\\\/wp-content\\\/uploads\\\/sites\\\/6\\\/2021\\\/05\\\/Diyarbak\u0131r-Barosu.jpg\",\"articleSection\":[\"Haberler\"],\"inLanguage\":\"en-US\",\"potentialAction\":[{\"@type\":\"CommentAction\",\"name\":\"Comment\",\"target\":[\"https:\\\/\\\/akunq.net\\\/tr\\\/?p=63059#respond\"]}]},{\"@type\":\"WebPage\",\"@id\":\"https:\\\/\\\/akunq.net\\\/tr\\\/?p=63059\",\"url\":\"https:\\\/\\\/akunq.net\\\/tr\\\/?p=63059\",\"name\":\"\u0130zmir'den sonra Diyarbak\u0131r Barosu da Sedat Peker'in iddialar\u0131 konusunda su\u00e7 duyurusunda bulundu - Bati Ermenistan Ve Bati Ermenileri Sorunlari Ara\u015ftirmalar Merkezi\",\"isPartOf\":{\"@id\":\"https:\\\/\\\/akunq.net\\\/tr\\\/#website\"},\"primaryImageOfPage\":{\"@id\":\"https:\\\/\\\/akunq.net\\\/tr\\\/?p=63059#primaryimage\"},\"image\":{\"@id\":\"https:\\\/\\\/akunq.net\\\/tr\\\/?p=63059#primaryimage\"},\"thumbnailUrl\":\"https:\\\/\\\/akunq.net\\\/tr\\\/wp-content\\\/uploads\\\/sites\\\/6\\\/2021\\\/05\\\/Diyarbak\u0131r-Barosu.jpg\",\"datePublished\":\"2021-05-25T07:25:44+00:00\",\"author\":{\"@id\":\"https:\\\/\\\/akunq.net\\\/tr\\\/#\\\/schema\\\/person\\\/096f1d38a12cce57fb855b485ed24c9e\"},\"breadcrumb\":{\"@id\":\"https:\\\/\\\/akunq.net\\\/tr\\\/?p=63059#breadcrumb\"},\"inLanguage\":\"en-US\",\"potentialAction\":[{\"@type\":\"ReadAction\",\"target\":[\"https:\\\/\\\/akunq.net\\\/tr\\\/?p=63059\"]}]},{\"@type\":\"ImageObject\",\"inLanguage\":\"en-US\",\"@id\":\"https:\\\/\\\/akunq.net\\\/tr\\\/?p=63059#primaryimage\",\"url\":\"https:\\\/\\\/akunq.net\\\/tr\\\/wp-content\\\/uploads\\\/sites\\\/6\\\/2021\\\/05\\\/Diyarbak\u0131r-Barosu.jpg\",\"contentUrl\":\"https:\\\/\\\/akunq.net\\\/tr\\\/wp-content\\\/uploads\\\/sites\\\/6\\\/2021\\\/05\\\/Diyarbak\u0131r-Barosu.jpg\",\"width\":773,\"height\":435},{\"@type\":\"BreadcrumbList\",\"@id\":\"https:\\\/\\\/akunq.net\\\/tr\\\/?p=63059#breadcrumb\",\"itemListElement\":[{\"@type\":\"ListItem\",\"position\":1,\"name\":\"Home\",\"item\":\"https:\\\/\\\/akunq.net\\\/tr\"},{\"@type\":\"ListItem\",\"position\":2,\"name\":\"\u0130zmir&#8217;den sonra Diyarbak\u0131r Barosu da Sedat Peker&#8217;in iddialar\u0131 konusunda su\u00e7 duyurusunda bulundu\"}]},{\"@type\":\"WebSite\",\"@id\":\"https:\\\/\\\/akunq.net\\\/tr\\\/#website\",\"url\":\"https:\\\/\\\/akunq.net\\\/tr\\\/\",\"name\":\"Bati Ermenistan Ve Bati Ermenileri Sorunlari Ara\u015ftirmalar Merkezi\",\"description\":\"\",\"potentialAction\":[{\"@type\":\"SearchAction\",\"target\":{\"@type\":\"EntryPoint\",\"urlTemplate\":\"https:\\\/\\\/akunq.net\\\/tr\\\/?s={search_term_string}\"},\"query-input\":{\"@type\":\"PropertyValueSpecification\",\"valueRequired\":true,\"valueName\":\"search_term_string\"}}],\"inLanguage\":\"en-US\"},{\"@type\":\"Person\",\"@id\":\"https:\\\/\\\/akunq.net\\\/tr\\\/#\\\/schema\\\/person\\\/096f1d38a12cce57fb855b485ed24c9e\",\"name\":\"admin\",\"url\":\"https:\\\/\\\/akunq.net\\\/tr\\\/?author=7\"}]}<\/script>\n<!-- \/ Yoast SEO plugin. -->","yoast_head_json":{"title":"\u0130zmir'den sonra Diyarbak\u0131r Barosu da Sedat Peker'in iddialar\u0131 konusunda su\u00e7 duyurusunda bulundu - Bati Ermenistan Ve Bati Ermenileri Sorunlari Ara\u015ftirmalar Merkezi","robots":{"index":"index","follow":"follow","max-snippet":"max-snippet:-1","max-image-preview":"max-image-preview:large","max-video-preview":"max-video-preview:-1"},"canonical":"https:\/\/akunq.net\/tr\/?p=63059","og_locale":"en_US","og_type":"article","og_title":"\u0130zmir'den sonra Diyarbak\u0131r Barosu da Sedat Peker'in iddialar\u0131 konusunda su\u00e7 duyurusunda bulundu - Bati Ermenistan Ve Bati Ermenileri Sorunlari Ara\u015ftirmalar Merkezi","og_description":"Diyarbak\u0131r Barosu, Sedat Peker&#8217;in sosyal medya platformlar\u0131nda payla\u015ft\u0131\u011f\u0131 if\u015fa videolar\u0131ndaki iddialar sonras\u0131 90&#8217;l\u0131 y\u0131llarda ba\u015fta Diyarbak\u0131r olmak \u00fczere T\u00fcrkiye&#8217;nin \u00e7e\u015fitli kentlerinde ya\u015fanan cinayetlere ili\u015fkin \u015f\u00fcphelilerin tespiti ile haklar\u0131nda etkin soru\u015fturma y\u00fcr\u00fct\u00fclmesi talebiyle su\u00e7 duyurusunda bulundu. \u0130zmir Barosu da daha \u00f6nce benzer nedenler gerek\u00e7esiyle Peker&#8217;in videolar\u0131nda ismi ge\u00e7en \u0130\u00e7i\u015fleri Bakan\u0131 S\u00fcleyman Soylu, eski \u0130\u00e7i\u015fleri Bakan\u0131 Mehmet [&hellip;]","og_url":"https:\/\/akunq.net\/tr\/?p=63059","og_site_name":"Bati Ermenistan Ve Bati Ermenileri Sorunlari Ara\u015ftirmalar Merkezi","article_published_time":"2021-05-25T07:25:44+00:00","og_image":[{"width":773,"height":435,"url":"https:\/\/akunq.net\/tr\/wp-content\/uploads\/sites\/6\/2021\/05\/Diyarbak\u0131r-Barosu.jpg","type":"image\/jpeg"}],"author":"admin","twitter_card":"summary_large_image","twitter_misc":{"Written by":"admin","Est. reading time":"3 minutes"},"schema":{"@context":"https:\/\/schema.org","@graph":[{"@type":"Article","@id":"https:\/\/akunq.net\/tr\/?p=63059#article","isPartOf":{"@id":"https:\/\/akunq.net\/tr\/?p=63059"},"author":{"name":"admin","@id":"https:\/\/akunq.net\/tr\/#\/schema\/person\/096f1d38a12cce57fb855b485ed24c9e"},"headline":"\u0130zmir&#8217;den sonra Diyarbak\u0131r Barosu da Sedat Peker&#8217;in iddialar\u0131 konusunda su\u00e7 duyurusunda bulundu","datePublished":"2021-05-25T07:25:44+00:00","mainEntityOfPage":{"@id":"https:\/\/akunq.net\/tr\/?p=63059"},"wordCount":621,"commentCount":0,"image":{"@id":"https:\/\/akunq.net\/tr\/?p=63059#primaryimage"},"thumbnailUrl":"https:\/\/akunq.net\/tr\/wp-content\/uploads\/sites\/6\/2021\/05\/Diyarbak\u0131r-Barosu.jpg","articleSection":["Haberler"],"inLanguage":"en-US","potentialAction":[{"@type":"CommentAction","name":"Comment","target":["https:\/\/akunq.net\/tr\/?p=63059#respond"]}]},{"@type":"WebPage","@id":"https:\/\/akunq.net\/tr\/?p=63059","url":"https:\/\/akunq.net\/tr\/?p=63059","name":"\u0130zmir'den sonra Diyarbak\u0131r Barosu da Sedat Peker'in iddialar\u0131 konusunda su\u00e7 duyurusunda bulundu - Bati Ermenistan Ve Bati Ermenileri Sorunlari Ara\u015ftirmalar Merkezi","isPartOf":{"@id":"https:\/\/akunq.net\/tr\/#website"},"primaryImageOfPage":{"@id":"https:\/\/akunq.net\/tr\/?p=63059#primaryimage"},"image":{"@id":"https:\/\/akunq.net\/tr\/?p=63059#primaryimage"},"thumbnailUrl":"https:\/\/akunq.net\/tr\/wp-content\/uploads\/sites\/6\/2021\/05\/Diyarbak\u0131r-Barosu.jpg","datePublished":"2021-05-25T07:25:44+00:00","author":{"@id":"https:\/\/akunq.net\/tr\/#\/schema\/person\/096f1d38a12cce57fb855b485ed24c9e"},"breadcrumb":{"@id":"https:\/\/akunq.net\/tr\/?p=63059#breadcrumb"},"inLanguage":"en-US","potentialAction":[{"@type":"ReadAction","target":["https:\/\/akunq.net\/tr\/?p=63059"]}]},{"@type":"ImageObject","inLanguage":"en-US","@id":"https:\/\/akunq.net\/tr\/?p=63059#primaryimage","url":"https:\/\/akunq.net\/tr\/wp-content\/uploads\/sites\/6\/2021\/05\/Diyarbak\u0131r-Barosu.jpg","contentUrl":"https:\/\/akunq.net\/tr\/wp-content\/uploads\/sites\/6\/2021\/05\/Diyarbak\u0131r-Barosu.jpg","width":773,"height":435},{"@type":"BreadcrumbList","@id":"https:\/\/akunq.net\/tr\/?p=63059#breadcrumb","itemListElement":[{"@type":"ListItem","position":1,"name":"Home","item":"https:\/\/akunq.net\/tr"},{"@type":"ListItem","position":2,"name":"\u0130zmir&#8217;den sonra Diyarbak\u0131r Barosu da Sedat Peker&#8217;in iddialar\u0131 konusunda su\u00e7 duyurusunda bulundu"}]},{"@type":"WebSite","@id":"https:\/\/akunq.net\/tr\/#website","url":"https:\/\/akunq.net\/tr\/","name":"Bati Ermenistan Ve Bati Ermenileri Sorunlari Ara\u015ftirmalar Merkezi","description":"","potentialAction":[{"@type":"SearchAction","target":{"@type":"EntryPoint","urlTemplate":"https:\/\/akunq.net\/tr\/?s={search_term_string}"},"query-input":{"@type":"PropertyValueSpecification","valueRequired":true,"valueName":"search_term_string"}}],"inLanguage":"en-US"},{"@type":"Person","@id":"https:\/\/akunq.net\/tr\/#\/schema\/person\/096f1d38a12cce57fb855b485ed24c9e","name":"admin","url":"https:\/\/akunq.net\/tr\/?author=7"}]}},"_links":{"self":[{"href":"https:\/\/akunq.net\/tr\/index.php?rest_route=\/wp\/v2\/posts\/63059","targetHints":{"allow":["GET"]}}],"collection":[{"href":"https:\/\/akunq.net\/tr\/index.php?rest_route=\/wp\/v2\/posts"}],"about":[{"href":"https:\/\/akunq.net\/tr\/index.php?rest_route=\/wp\/v2\/types\/post"}],"author":[{"embeddable":true,"href":"https:\/\/akunq.net\/tr\/index.php?rest_route=\/wp\/v2\/users\/7"}],"replies":[{"embeddable":true,"href":"https:\/\/akunq.net\/tr\/index.php?rest_route=%2Fwp%2Fv2%2Fcomments&post=63059"}],"version-history":[{"count":1,"href":"https:\/\/akunq.net\/tr\/index.php?rest_route=\/wp\/v2\/posts\/63059\/revisions"}],"predecessor-version":[{"id":63061,"href":"https:\/\/akunq.net\/tr\/index.php?rest_route=\/wp\/v2\/posts\/63059\/revisions\/63061"}],"wp:featuredmedia":[{"embeddable":true,"href":"https:\/\/akunq.net\/tr\/index.php?rest_route=\/wp\/v2\/media\/63060"}],"wp:attachment":[{"href":"https:\/\/akunq.net\/tr\/index.php?rest_route=%2Fwp%2Fv2%2Fmedia&parent=63059"}],"wp:term":[{"taxonomy":"category","embeddable":true,"href":"https:\/\/akunq.net\/tr\/index.php?rest_route=%2Fwp%2Fv2%2Fcategories&post=63059"},{"taxonomy":"post_tag","embeddable":true,"href":"https:\/\/akunq.net\/tr\/index.php?rest_route=%2Fwp%2Fv2%2Ftags&post=63059"}],"curies":[{"name":"wp","href":"https:\/\/api.w.org\/{rel}","templated":true}]}}