{"id":63053,"date":"2021-05-25T02:04:20","date_gmt":"2021-05-25T07:04:20","guid":{"rendered":"https:\/\/akunq.net\/tr\/?p=63053"},"modified":"2021-05-25T02:04:20","modified_gmt":"2021-05-25T07:04:20","slug":"lavrov-kievi-kirim-konusunda-cesaretlendirmenin-rusyanin-butunlugune-kastetmek-oldugunu-turkiyeye-acikca-soyluyoruz","status":"publish","type":"post","link":"https:\/\/akunq.net\/tr\/?p=63053","title":{"rendered":"Lavrov: Kiev\u2019i K\u0131r\u0131m konusunda cesaretlendirmenin Rusya\u2019n\u0131n b\u00fct\u00fcnl\u00fc\u011f\u00fcne kastetmek oldu\u011funu T\u00fcrkiye\u2019ye a\u00e7\u0131k\u00e7a s\u00f6yl\u00fcyoruz"},"content":{"rendered":"<div class=\"b-article__lead\">\n<p><img loading=\"lazy\" decoding=\"async\" class=\"aligncenter size-medium wp-image-63054\" src=\"https:\/\/akunq.net\/tr\/wp-content\/uploads\/2021\/05\/Lavrov-360x201.jpeg\" alt=\"\" width=\"360\" height=\"201\" srcset=\"https:\/\/akunq.net\/tr\/wp-content\/uploads\/sites\/6\/2021\/05\/Lavrov-360x201.jpeg 360w, https:\/\/akunq.net\/tr\/wp-content\/uploads\/sites\/6\/2021\/05\/Lavrov-768x429.jpeg 768w, https:\/\/akunq.net\/tr\/wp-content\/uploads\/sites\/6\/2021\/05\/Lavrov-560x312.jpeg 560w, https:\/\/akunq.net\/tr\/wp-content\/uploads\/sites\/6\/2021\/05\/Lavrov-260x145.jpeg 260w, https:\/\/akunq.net\/tr\/wp-content\/uploads\/sites\/6\/2021\/05\/Lavrov-160x89.jpeg 160w, https:\/\/akunq.net\/tr\/wp-content\/uploads\/sites\/6\/2021\/05\/Lavrov.jpeg 1000w\" sizes=\"auto, (max-width: 360px) 100vw, 360px\" \/><\/p>\n<p><em><strong>Rusya D\u0131\u015fi\u015fleri Bakan\u0131 Sergey Lavrov, Ukrayna\u2019y\u0131 K\u0131r\u0131m konusunda cesaretlendirmeyi, Rusya\u2019n\u0131n toprak b\u00fct\u00fcnl\u00fc\u011f\u00fcne kastetmek ile e\u015fde\u011fer g\u00f6rd\u00fcklerini T\u00fcrkiye\u2019ye son derece a\u00e7\u0131k bir bi\u00e7imde ilettiklerini belirtti.<\/strong><\/em><\/p>\n<\/div>\n<div class=\"b-article__text\">\n<p>Rusya D\u0131\u015fi\u015fleri Bakan\u0131\u00a0<strong>Sergey Lavrov<\/strong>, Rusya\u2019da yay\u0131nlanan\u00a0<strong>Argument\u0131 i Fakt\u0131 gazetesine<\/strong>\u00a0demecinde,\u00a0<em>\u201cUkrayna ili\u015fkilerine gelince, T\u00fcrk meslekta\u015flar\u0131m\u0131za, durumu\u00a0<a href=\"https:\/\/tr.sputniknews.com\/rusya\/202105211044558086-zaharova-turk-hukumetinin-kirim-tatarlarinin-haklariyla-ilgili-endiseleri-konjonkturel-nitelik\/\" target=\"_blank\" rel=\"noopener noreferrer\">itinal\u0131 bir bi\u00e7imde<\/a>\u00a0analiz etmelerini, Ukrayna\u2019n\u0131n militarist d\u00fc\u015f\u00fcncelerini desteklemeyi b\u0131rakmalar\u0131n\u0131 her d\u00fczeyde tavsiye ediyoruz\u201d<\/em>\u00a0dedi.<\/p>\n<p>Lavrov,\u00a0<em>\u201cUkrayna\u2019n\u0131n K\u0131r\u0131m konusundaki agresif giri\u015fimlerini cesaretlendirmenin, Rusya\u2019n\u0131n toprak b\u00fct\u00fcnl\u00fc\u011f\u00fcne kastetmek ile e\u015fde\u011fer oldu\u011fu g\u00f6r\u00fc\u015f\u00fcm\u00fcz\u00fc onlara (T\u00fcrk meslekta\u015flar\u0131m\u0131za) son derece a\u00e7\u0131k bir bi\u00e7imde iletiyoruz\u201d<\/em>\u00a0diye ekledi.<\/p>\n<p>Rusya D\u0131\u015fi\u015fleri Bakan\u0131, bununla ilgili olarak, T\u00fcrkiye\u2019nin, Rusya\u2019n\u0131n<strong>\u00a0\u2018me\u015fru endi\u015felerini dikkate alarak izledi\u011fi \u00e7izgiyi de\u011fi\u015ftirece\u011fini\u2019<\/strong>\u00a0umduklar\u0131n\u0131 da belirtti.<\/p>\n<h2>&#8216;G\u00f6r\u00fc\u015f ayr\u0131l\u0131klar\u0131na ra\u011fmen yo\u011fun siyasi diyalo\u011fu s\u00fcrd\u00fcr\u00fcyoruz&#8217;<\/h2>\n<p>Bir dizi uluslararas\u0131 konuda T\u00fcrkiye&#8217;yle ciddi g\u00f6r\u00fc\u015f ayr\u0131l\u0131klar\u0131n\u0131n bulundu\u011funu ancak bunun T\u00fcrk parterlerle yo\u011fun siyasi diyalo\u011fu s\u00fcrd\u00fcrmeye ve \u00e7e\u015fitli alanlarda kar\u015f\u0131l\u0131kl\u0131 faydaya dayal\u0131 i\u015fbirli\u011fini geli\u015ftirmeye engel olu\u015fturmad\u0131\u011f\u0131n\u0131 belirten Lavrov,\u00a0<em>&#8220;NATO \u00fcyesi olan T\u00fcrkiye, Washington&#8217;un ciddi bask\u0131s\u0131na ra\u011fmen S-400 f\u00fcze savunma sistemlerinin sat\u0131n al\u0131nmas\u0131na ili\u015fkin b\u00fcy\u00fck bir anla\u015fmay\u0131 hayata ge\u00e7irdi. T\u00fcrkiye&#8217;yle etkile\u015fimi geli\u015ftirirken ortak \u00e7\u0131karlara y\u00f6nelik stratejik vizyonu esas almaya devam edece\u011fiz. Bunun hem Rus hem de T\u00fcrk halk\u0131n\u0131n beklentilerine yan\u0131t verdi\u011finden eminim&#8221;<\/em>\u00a0ifadelerini kulland\u0131.<\/p>\n<h3>&#8216;Karaba\u011f&#8217;daki Rus-T\u00fcrk Ate\u015fkes \u0130zleme Merkezi g\u00f6rsel g\u00f6zlem metotlar\u0131n\u0131 kullan\u0131yor&#8217;<\/h3>\n<p>Lavrov, Da\u011fl\u0131k Karaba\u011f&#8217;daki Rus-T\u00fcrk Ate\u015fkes \u0130zleme Merkezi&#8217;nin g\u00f6rsel g\u00f6zlem metotlar\u0131n\u0131 kulland\u0131\u011f\u0131n\u0131 s\u00f6yledi.Lavrov, bu konu hakk\u0131nda \u015funlar\u0131 s\u00f6yledi:<\/p>\n<p><em>&#8220;Karaba\u011f&#8217;daki \u00e7at\u0131\u015fma b\u00f6lgesinde 30 Ocak&#8217;tan bu yana T\u00fcrk partnerlerimizle birlikte ate\u015fkesin ve t\u00fcm askeri faaliyetlerin izlenmesine y\u00f6nelik ortak merkez faaliyet y\u00fcr\u00fct\u00fcyor. Bu merkez, olas\u0131 ihlalleri yaln\u0131zca g\u00f6rsel g\u00f6zlem metotlar\u0131yla ger\u00e7ekle\u015ftiriyor.&#8221;<\/em><\/p>\n<h4>&#8216;Suriye&#8217;de yeniden ter\u00f6r yuvalar\u0131 kurulmas\u0131 engelleniyor&#8217;<\/h4>\n<p>Suriye&#8217;deki durumun Rusya, T\u00fcrkiye ve \u0130ran&#8217;\u0131n da \u00e7abalar\u0131yla istikrara kavu\u015ftu\u011funu kaydeden Lavrov, bu \u00fclkede yeniden ter\u00f6r yuvalar\u0131 kurulmas\u0131n\u0131n engellendi\u011fini belirtti.<\/p>\n<p>Bug\u00fcn itibar\u0131yla daha uygulanabilir olan bir kriz \u00e7\u00f6zme mekanizmas\u0131 kuruldu\u011funa dikkat \u00e7eken Rusya D\u0131\u015fi\u015fleri Bakan\u0131, Moskova, Ankara ve Tahran&#8217;\u0131n Suriye toplumunun farkl\u0131 katmanlar\u0131n\u0131 konsolide etmeyi ve \u00fclkenin gelecekteki siyasi d\u00fczeniyle ilgili \u00e7al\u0131\u015fmalar\u0131 anayasa komitesi format\u0131nda organize etmeyi ba\u015fard\u0131\u011f\u0131n\u0131n alt\u0131n\u0131 \u00e7izdi.<\/p>\n<h2>&#8216;AB&#8217;nin Rusya&#8217;y\u0131 dizginleme politikas\u0131n\u0131n \u015fiddeti art\u0131yor&#8217;<\/h2>\n<p>AB&#8217;nin Rusya&#8217;n\u0131n i\u015flerine m\u00fcdahale etmeyi s\u00fcrd\u00fcrd\u00fc\u011f\u00fcn\u00fc belirten\u00a0<strong>Lavrov,<\/strong>\u00a0art\u0131k Avrupal\u0131 h\u00fck\u00fcmetlerin \u00f6nceliklerinin\u00a0<strong>Moskova&#8217;yla<\/strong>\u00a0i\u015fbirli\u011fi yapmak de\u011fil, Rusya&#8217;y\u0131 dizginlemek oldu\u011funu ifade etti.<\/p>\n<p>&#8220;<em>AB&#8217;nin Rusya&#8217;y\u0131 dizginleme politikas\u0131n\u0131n \u015fiddeti art\u0131yor. Rusya&#8217;n\u0131n i\u00e7i\u015flerine y\u00f6nelik z\u0131mni m\u00fcdahale devam ediyor. Aleksey Navaln\u0131y vakas\u0131, bunun bir \u00f6rne\u011fi. Navaln\u0131y&#8217;\u0131n s\u00f6zde zehirlenme vakas\u0131n\u0131n ard\u0131ndan AB, Federal G\u00fcvenlik Servisi (FSB) direkt\u00f6r\u00fcn\u00fc ve Devlet Ba\u015fkanl\u0131\u011f\u0131 \u0130daresi ba\u015fkan yard\u0131mc\u0131s\u0131n\u0131 ekleyerek kara listeyi geni\u015fletti<\/em>&#8221; diye devam eden Lavrov,\u00a0<strong>Rusya&#8217;ya<\/strong>\u00a0y\u00f6neltilen t\u00fcm su\u00e7lamalar\u0131n as\u0131ls\u0131z oldu\u011funun alt\u0131n\u0131 \u00e7izdi.<\/p>\n<p>AB&#8217;nin\u00a0<strong>Moskova&#8217;ya<\/strong>\u00a0y\u00f6nelik eylemlerinin kar\u015f\u0131l\u0131ks\u0131z kalmayaca\u011f\u0131 mesaj\u0131n\u0131 da veren Lavrov, Rusya&#8217;n\u0131n pragmatizm ve kar\u015f\u0131l\u0131kl\u0131 sayg\u0131 temelinde AB&#8217;yle \u00e7al\u0131\u015fmaya ilgi duymaya devam etti\u011fini kaydetti.<\/p>\n<h3>&#8216;Rusya, Belarus&#8217;u zor durumdayken yaln\u0131z b\u0131rakmayacak&#8217;<\/h3>\n<p>Lavrov&#8217;a Belaruslu muhalif siyaset\u00e7i\u00a0<strong>Svetlana Tihanovskaya&#8217;n\u0131n yeni protesto eylemleri<\/strong>\u00a0i\u00e7in yapt\u0131\u011f\u0131 \u00e7a\u011fr\u0131lar da soruldu.<\/p>\n<p>Lavrov, &#8220;<em>Rusya, Belarus&#8217;u zor durumdayken yaln\u0131z b\u0131rakmayacak. Kom\u015fumuzun ve\u00a0<strong>stratejik m\u00fcttefikimizin<\/strong>\u00a0yard\u0131m\u0131na ko\u015fmaya her zaman haz\u0131r\u0131z. Zira ili\u015fkilerimizin temelinde karde\u015flik ve k\u0131smen aile ba\u011flar\u0131, ortak tarih ve manevi de\u011ferler yat\u0131yor<\/em>&#8221; diye konu\u015ftu.<\/p>\n<p>\u00dclkede durumun istikrara kavu\u015ftu\u011funu ve\u00a0<strong>Belarus halk\u0131n\u0131n<\/strong>\u00a0b\u00fcy\u00fck b\u00f6l\u00fcm\u00fcn\u00fcn sokak eylemlerinden b\u0131kt\u0131\u011f\u0131n\u0131, bunlar\u0131n yap\u0131c\u0131l\u0131ktan uzak oldu\u011funun bilincine vard\u0131\u011f\u0131n\u0131 anlatan Lavrov, s\u00f6zlerini \u015f\u00f6yle s\u00fcrd\u00fcrd\u00fc:<\/p>\n<blockquote class=\"marker-quote1\"><p>&#8220;Belarus&#8217;un &#8216;g\u00f6\u00e7men&#8217; muhalefetine verilen b\u00fcy\u00fck medya, siyaset ve finans deste\u011fi devam ediyor. Belarus&#8217;taki &#8216;iyilikseverlerin&#8217; bununla kalmayaca\u011f\u0131 \u00f6ng\u00f6r\u00fclebilir. Tihanovskaya&#8217;n\u0131n a\u011fustos ve eyl\u00fclde protestolar d\u00fczenlemeye y\u00f6nelik \u00e7a\u011fr\u0131lar\u0131 endi\u015fe verici. Belarus halk\u0131n\u0131n kendine has erdemini sergileyece\u011fini ve mevcut durumu kendi \u00e7\u0131karlar\u0131 i\u00e7in kullanmak isteyenlerin s\u00f6z\u00fcn\u00fc dinlemeyece\u011fini umuyoruz.&#8221;<\/p><\/blockquote>\n<h3>&#8216;Luka\u015fenko&#8217;ya darbe giri\u015fiminin ABD istihbarat\u0131n\u0131n bilgisi olmadan ger\u00e7ekle\u015ftirildi\u011fini d\u00fc\u015f\u00fcnmek zor&#8217;<\/h3>\n<p>Devlet Ba\u015fkan\u0131 Aleksandr Luka\u015fenko&#8217;ya y\u00f6nelik\u00a0<strong>darbe<\/strong>\u00a0ve\u00a0<strong>suikast<\/strong>\u00a0giri\u015fimlerini de de\u011ferlendiren Lavrov, &#8220;<em>ABD vatanda\u015f\u0131n\u0131n yer ald\u0131\u011f\u0131 silahl\u0131 darbe giri\u015fimi, Bat\u0131&#8217;n\u0131n t\u00fcm renkli devrim metotlar\u0131n\u0131 kullanarak post-Sovyet \u00fclkelerinin i\u00e7i\u015flerine m\u00fcdahale etme \u00e7izgisine uyuyor. Bu kapsamdaki eylemlerin\u00a0<strong>ABD istihbarat servislerinin<\/strong>\u00a0bilgisi olmadan ger\u00e7ekle\u015ftirildi\u011fini d\u00fc\u015f\u00fcnmek zor olur. Bu nedenle hayat\u0131n\u0131 kaybetmesi halinde y\u00f6netim yetkilerinin\u00a0<strong>Belarus G\u00fcvenlik Konseyi&#8217;ne<\/strong>\u00a0devrini \u00f6ng\u00f6ren kararnameyi imzalayan Luka\u015fenko, bu &#8216;<strong>s\u0131ra d\u0131\u015f\u0131 ad\u0131m\u0131<\/strong>&#8216; atmak zorunda kald\u0131<\/em>&#8221; diye ekledi.<\/p>\n<p><em><strong>https:\/\/tr.sputniknews.com\/rusya\/202105241044572885-lavrov-kievi-kirim-konusunda-cesaretlendirmenin-rusyanin-butunlugune-kastetmek-oldugunu-turkiyeye\/\u00a0<\/strong><\/em><\/p>\n<\/div>\n","protected":false},"excerpt":{"rendered":"<p>Rusya D\u0131\u015fi\u015fleri Bakan\u0131 Sergey Lavrov, Ukrayna\u2019y\u0131 K\u0131r\u0131m konusunda cesaretlendirmeyi, Rusya\u2019n\u0131n toprak b\u00fct\u00fcnl\u00fc\u011f\u00fcne kastetmek ile e\u015fde\u011fer g\u00f6rd\u00fcklerini T\u00fcrkiye\u2019ye son derece a\u00e7\u0131k bir bi\u00e7imde ilettiklerini belirtti. Rusya D\u0131\u015fi\u015fleri Bakan\u0131\u00a0Sergey Lavrov, Rusya\u2019da yay\u0131nlanan\u00a0Argument\u0131 i Fakt\u0131 gazetesine\u00a0demecinde,\u00a0\u201cUkrayna ili\u015fkilerine gelince, T\u00fcrk meslekta\u015flar\u0131m\u0131za, durumu\u00a0itinal\u0131 bir bi\u00e7imde\u00a0analiz etmelerini, Ukrayna\u2019n\u0131n militarist d\u00fc\u015f\u00fcncelerini desteklemeyi b\u0131rakmalar\u0131n\u0131 her d\u00fczeyde tavsiye ediyoruz\u201d\u00a0dedi. Lavrov,\u00a0\u201cUkrayna\u2019n\u0131n K\u0131r\u0131m konusundaki agresif giri\u015fimlerini [&hellip;]<\/p>\n","protected":false},"author":7,"featured_media":63054,"comment_status":"open","ping_status":"open","sticky":false,"template":"","format":"standard","meta":{"footnotes":""},"categories":[1],"tags":[],"class_list":["post-63053","post","type-post","status-publish","format-standard","has-post-thumbnail","hentry","category-haberler"],"yoast_head":"<!-- This site is optimized with the Yoast SEO plugin v27.4 - https:\/\/yoast.com\/product\/yoast-seo-wordpress\/ -->\n<title>Lavrov: Kiev\u2019i K\u0131r\u0131m konusunda cesaretlendirmenin Rusya\u2019n\u0131n b\u00fct\u00fcnl\u00fc\u011f\u00fcne kastetmek oldu\u011funu T\u00fcrkiye\u2019ye a\u00e7\u0131k\u00e7a s\u00f6yl\u00fcyoruz - Bati Ermenistan Ve Bati Ermenileri Sorunlari Ara\u015ftirmalar Merkezi<\/title>\n<meta name=\"robots\" content=\"index, follow, max-snippet:-1, max-image-preview:large, max-video-preview:-1\" \/>\n<link rel=\"canonical\" href=\"https:\/\/akunq.net\/tr\/?p=63053\" \/>\n<meta property=\"og:locale\" content=\"en_US\" \/>\n<meta property=\"og:type\" content=\"article\" \/>\n<meta property=\"og:title\" content=\"Lavrov: Kiev\u2019i K\u0131r\u0131m konusunda cesaretlendirmenin Rusya\u2019n\u0131n b\u00fct\u00fcnl\u00fc\u011f\u00fcne kastetmek oldu\u011funu T\u00fcrkiye\u2019ye a\u00e7\u0131k\u00e7a s\u00f6yl\u00fcyoruz - Bati Ermenistan Ve Bati Ermenileri Sorunlari Ara\u015ftirmalar Merkezi\" \/>\n<meta property=\"og:description\" content=\"Rusya D\u0131\u015fi\u015fleri Bakan\u0131 Sergey Lavrov, Ukrayna\u2019y\u0131 K\u0131r\u0131m konusunda cesaretlendirmeyi, Rusya\u2019n\u0131n toprak b\u00fct\u00fcnl\u00fc\u011f\u00fcne kastetmek ile e\u015fde\u011fer g\u00f6rd\u00fcklerini T\u00fcrkiye\u2019ye son derece a\u00e7\u0131k bir bi\u00e7imde ilettiklerini belirtti. Rusya D\u0131\u015fi\u015fleri Bakan\u0131\u00a0Sergey Lavrov, Rusya\u2019da yay\u0131nlanan\u00a0Argument\u0131 i Fakt\u0131 gazetesine\u00a0demecinde,\u00a0\u201cUkrayna ili\u015fkilerine gelince, T\u00fcrk meslekta\u015flar\u0131m\u0131za, durumu\u00a0itinal\u0131 bir bi\u00e7imde\u00a0analiz etmelerini, Ukrayna\u2019n\u0131n militarist d\u00fc\u015f\u00fcncelerini desteklemeyi b\u0131rakmalar\u0131n\u0131 her d\u00fczeyde tavsiye ediyoruz\u201d\u00a0dedi. Lavrov,\u00a0\u201cUkrayna\u2019n\u0131n K\u0131r\u0131m konusundaki agresif giri\u015fimlerini [&hellip;]\" \/>\n<meta property=\"og:url\" content=\"https:\/\/akunq.net\/tr\/?p=63053\" \/>\n<meta property=\"og:site_name\" content=\"Bati Ermenistan Ve Bati Ermenileri Sorunlari Ara\u015ftirmalar Merkezi\" \/>\n<meta property=\"article:published_time\" content=\"2021-05-25T07:04:20+00:00\" \/>\n<meta property=\"og:image\" content=\"https:\/\/akunq.net\/tr\/wp-content\/uploads\/sites\/6\/2021\/05\/Lavrov.jpeg\" \/>\n\t<meta property=\"og:image:width\" content=\"1000\" \/>\n\t<meta property=\"og:image:height\" content=\"558\" \/>\n\t<meta property=\"og:image:type\" content=\"image\/jpeg\" \/>\n<meta name=\"author\" content=\"admin\" \/>\n<meta name=\"twitter:card\" content=\"summary_large_image\" \/>\n<meta name=\"twitter:label1\" content=\"Written by\" \/>\n\t<meta name=\"twitter:data1\" content=\"admin\" \/>\n\t<meta name=\"twitter:label2\" content=\"Est. reading time\" \/>\n\t<meta name=\"twitter:data2\" content=\"5 minutes\" \/>\n<script type=\"application\/ld+json\" class=\"yoast-schema-graph\">{\"@context\":\"https:\\\/\\\/schema.org\",\"@graph\":[{\"@type\":\"Article\",\"@id\":\"https:\\\/\\\/akunq.net\\\/tr\\\/?p=63053#article\",\"isPartOf\":{\"@id\":\"https:\\\/\\\/akunq.net\\\/tr\\\/?p=63053\"},\"author\":{\"name\":\"admin\",\"@id\":\"https:\\\/\\\/akunq.net\\\/tr\\\/#\\\/schema\\\/person\\\/096f1d38a12cce57fb855b485ed24c9e\"},\"headline\":\"Lavrov: Kiev\u2019i K\u0131r\u0131m konusunda cesaretlendirmenin Rusya\u2019n\u0131n b\u00fct\u00fcnl\u00fc\u011f\u00fcne kastetmek oldu\u011funu T\u00fcrkiye\u2019ye a\u00e7\u0131k\u00e7a s\u00f6yl\u00fcyoruz\",\"datePublished\":\"2021-05-25T07:04:20+00:00\",\"mainEntityOfPage\":{\"@id\":\"https:\\\/\\\/akunq.net\\\/tr\\\/?p=63053\"},\"wordCount\":977,\"commentCount\":0,\"image\":{\"@id\":\"https:\\\/\\\/akunq.net\\\/tr\\\/?p=63053#primaryimage\"},\"thumbnailUrl\":\"https:\\\/\\\/akunq.net\\\/tr\\\/wp-content\\\/uploads\\\/sites\\\/6\\\/2021\\\/05\\\/Lavrov.jpeg\",\"articleSection\":[\"Haberler\"],\"inLanguage\":\"en-US\",\"potentialAction\":[{\"@type\":\"CommentAction\",\"name\":\"Comment\",\"target\":[\"https:\\\/\\\/akunq.net\\\/tr\\\/?p=63053#respond\"]}]},{\"@type\":\"WebPage\",\"@id\":\"https:\\\/\\\/akunq.net\\\/tr\\\/?p=63053\",\"url\":\"https:\\\/\\\/akunq.net\\\/tr\\\/?p=63053\",\"name\":\"Lavrov: Kiev\u2019i K\u0131r\u0131m konusunda cesaretlendirmenin Rusya\u2019n\u0131n b\u00fct\u00fcnl\u00fc\u011f\u00fcne kastetmek oldu\u011funu T\u00fcrkiye\u2019ye a\u00e7\u0131k\u00e7a s\u00f6yl\u00fcyoruz - Bati Ermenistan Ve Bati Ermenileri Sorunlari Ara\u015ftirmalar Merkezi\",\"isPartOf\":{\"@id\":\"https:\\\/\\\/akunq.net\\\/tr\\\/#website\"},\"primaryImageOfPage\":{\"@id\":\"https:\\\/\\\/akunq.net\\\/tr\\\/?p=63053#primaryimage\"},\"image\":{\"@id\":\"https:\\\/\\\/akunq.net\\\/tr\\\/?p=63053#primaryimage\"},\"thumbnailUrl\":\"https:\\\/\\\/akunq.net\\\/tr\\\/wp-content\\\/uploads\\\/sites\\\/6\\\/2021\\\/05\\\/Lavrov.jpeg\",\"datePublished\":\"2021-05-25T07:04:20+00:00\",\"author\":{\"@id\":\"https:\\\/\\\/akunq.net\\\/tr\\\/#\\\/schema\\\/person\\\/096f1d38a12cce57fb855b485ed24c9e\"},\"breadcrumb\":{\"@id\":\"https:\\\/\\\/akunq.net\\\/tr\\\/?p=63053#breadcrumb\"},\"inLanguage\":\"en-US\",\"potentialAction\":[{\"@type\":\"ReadAction\",\"target\":[\"https:\\\/\\\/akunq.net\\\/tr\\\/?p=63053\"]}]},{\"@type\":\"ImageObject\",\"inLanguage\":\"en-US\",\"@id\":\"https:\\\/\\\/akunq.net\\\/tr\\\/?p=63053#primaryimage\",\"url\":\"https:\\\/\\\/akunq.net\\\/tr\\\/wp-content\\\/uploads\\\/sites\\\/6\\\/2021\\\/05\\\/Lavrov.jpeg\",\"contentUrl\":\"https:\\\/\\\/akunq.net\\\/tr\\\/wp-content\\\/uploads\\\/sites\\\/6\\\/2021\\\/05\\\/Lavrov.jpeg\",\"width\":1000,\"height\":558},{\"@type\":\"BreadcrumbList\",\"@id\":\"https:\\\/\\\/akunq.net\\\/tr\\\/?p=63053#breadcrumb\",\"itemListElement\":[{\"@type\":\"ListItem\",\"position\":1,\"name\":\"Home\",\"item\":\"https:\\\/\\\/akunq.net\\\/tr\"},{\"@type\":\"ListItem\",\"position\":2,\"name\":\"Lavrov: Kiev\u2019i K\u0131r\u0131m konusunda cesaretlendirmenin Rusya\u2019n\u0131n b\u00fct\u00fcnl\u00fc\u011f\u00fcne kastetmek oldu\u011funu T\u00fcrkiye\u2019ye a\u00e7\u0131k\u00e7a s\u00f6yl\u00fcyoruz\"}]},{\"@type\":\"WebSite\",\"@id\":\"https:\\\/\\\/akunq.net\\\/tr\\\/#website\",\"url\":\"https:\\\/\\\/akunq.net\\\/tr\\\/\",\"name\":\"Bati Ermenistan Ve Bati Ermenileri Sorunlari Ara\u015ftirmalar Merkezi\",\"description\":\"\",\"potentialAction\":[{\"@type\":\"SearchAction\",\"target\":{\"@type\":\"EntryPoint\",\"urlTemplate\":\"https:\\\/\\\/akunq.net\\\/tr\\\/?s={search_term_string}\"},\"query-input\":{\"@type\":\"PropertyValueSpecification\",\"valueRequired\":true,\"valueName\":\"search_term_string\"}}],\"inLanguage\":\"en-US\"},{\"@type\":\"Person\",\"@id\":\"https:\\\/\\\/akunq.net\\\/tr\\\/#\\\/schema\\\/person\\\/096f1d38a12cce57fb855b485ed24c9e\",\"name\":\"admin\",\"url\":\"https:\\\/\\\/akunq.net\\\/tr\\\/?author=7\"}]}<\/script>\n<!-- \/ Yoast SEO plugin. -->","yoast_head_json":{"title":"Lavrov: Kiev\u2019i K\u0131r\u0131m konusunda cesaretlendirmenin Rusya\u2019n\u0131n b\u00fct\u00fcnl\u00fc\u011f\u00fcne kastetmek oldu\u011funu T\u00fcrkiye\u2019ye a\u00e7\u0131k\u00e7a s\u00f6yl\u00fcyoruz - Bati Ermenistan Ve Bati Ermenileri Sorunlari Ara\u015ftirmalar Merkezi","robots":{"index":"index","follow":"follow","max-snippet":"max-snippet:-1","max-image-preview":"max-image-preview:large","max-video-preview":"max-video-preview:-1"},"canonical":"https:\/\/akunq.net\/tr\/?p=63053","og_locale":"en_US","og_type":"article","og_title":"Lavrov: Kiev\u2019i K\u0131r\u0131m konusunda cesaretlendirmenin Rusya\u2019n\u0131n b\u00fct\u00fcnl\u00fc\u011f\u00fcne kastetmek oldu\u011funu T\u00fcrkiye\u2019ye a\u00e7\u0131k\u00e7a s\u00f6yl\u00fcyoruz - Bati Ermenistan Ve Bati Ermenileri Sorunlari Ara\u015ftirmalar Merkezi","og_description":"Rusya D\u0131\u015fi\u015fleri Bakan\u0131 Sergey Lavrov, Ukrayna\u2019y\u0131 K\u0131r\u0131m konusunda cesaretlendirmeyi, Rusya\u2019n\u0131n toprak b\u00fct\u00fcnl\u00fc\u011f\u00fcne kastetmek ile e\u015fde\u011fer g\u00f6rd\u00fcklerini T\u00fcrkiye\u2019ye son derece a\u00e7\u0131k bir bi\u00e7imde ilettiklerini belirtti. Rusya D\u0131\u015fi\u015fleri Bakan\u0131\u00a0Sergey Lavrov, Rusya\u2019da yay\u0131nlanan\u00a0Argument\u0131 i Fakt\u0131 gazetesine\u00a0demecinde,\u00a0\u201cUkrayna ili\u015fkilerine gelince, T\u00fcrk meslekta\u015flar\u0131m\u0131za, durumu\u00a0itinal\u0131 bir bi\u00e7imde\u00a0analiz etmelerini, Ukrayna\u2019n\u0131n militarist d\u00fc\u015f\u00fcncelerini desteklemeyi b\u0131rakmalar\u0131n\u0131 her d\u00fczeyde tavsiye ediyoruz\u201d\u00a0dedi. Lavrov,\u00a0\u201cUkrayna\u2019n\u0131n K\u0131r\u0131m konusundaki agresif giri\u015fimlerini [&hellip;]","og_url":"https:\/\/akunq.net\/tr\/?p=63053","og_site_name":"Bati Ermenistan Ve Bati Ermenileri Sorunlari Ara\u015ftirmalar Merkezi","article_published_time":"2021-05-25T07:04:20+00:00","og_image":[{"width":1000,"height":558,"url":"https:\/\/akunq.net\/tr\/wp-content\/uploads\/sites\/6\/2021\/05\/Lavrov.jpeg","type":"image\/jpeg"}],"author":"admin","twitter_card":"summary_large_image","twitter_misc":{"Written by":"admin","Est. reading time":"5 minutes"},"schema":{"@context":"https:\/\/schema.org","@graph":[{"@type":"Article","@id":"https:\/\/akunq.net\/tr\/?p=63053#article","isPartOf":{"@id":"https:\/\/akunq.net\/tr\/?p=63053"},"author":{"name":"admin","@id":"https:\/\/akunq.net\/tr\/#\/schema\/person\/096f1d38a12cce57fb855b485ed24c9e"},"headline":"Lavrov: Kiev\u2019i K\u0131r\u0131m konusunda cesaretlendirmenin Rusya\u2019n\u0131n b\u00fct\u00fcnl\u00fc\u011f\u00fcne kastetmek oldu\u011funu T\u00fcrkiye\u2019ye a\u00e7\u0131k\u00e7a s\u00f6yl\u00fcyoruz","datePublished":"2021-05-25T07:04:20+00:00","mainEntityOfPage":{"@id":"https:\/\/akunq.net\/tr\/?p=63053"},"wordCount":977,"commentCount":0,"image":{"@id":"https:\/\/akunq.net\/tr\/?p=63053#primaryimage"},"thumbnailUrl":"https:\/\/akunq.net\/tr\/wp-content\/uploads\/sites\/6\/2021\/05\/Lavrov.jpeg","articleSection":["Haberler"],"inLanguage":"en-US","potentialAction":[{"@type":"CommentAction","name":"Comment","target":["https:\/\/akunq.net\/tr\/?p=63053#respond"]}]},{"@type":"WebPage","@id":"https:\/\/akunq.net\/tr\/?p=63053","url":"https:\/\/akunq.net\/tr\/?p=63053","name":"Lavrov: Kiev\u2019i K\u0131r\u0131m konusunda cesaretlendirmenin Rusya\u2019n\u0131n b\u00fct\u00fcnl\u00fc\u011f\u00fcne kastetmek oldu\u011funu T\u00fcrkiye\u2019ye a\u00e7\u0131k\u00e7a s\u00f6yl\u00fcyoruz - Bati Ermenistan Ve Bati Ermenileri Sorunlari Ara\u015ftirmalar Merkezi","isPartOf":{"@id":"https:\/\/akunq.net\/tr\/#website"},"primaryImageOfPage":{"@id":"https:\/\/akunq.net\/tr\/?p=63053#primaryimage"},"image":{"@id":"https:\/\/akunq.net\/tr\/?p=63053#primaryimage"},"thumbnailUrl":"https:\/\/akunq.net\/tr\/wp-content\/uploads\/sites\/6\/2021\/05\/Lavrov.jpeg","datePublished":"2021-05-25T07:04:20+00:00","author":{"@id":"https:\/\/akunq.net\/tr\/#\/schema\/person\/096f1d38a12cce57fb855b485ed24c9e"},"breadcrumb":{"@id":"https:\/\/akunq.net\/tr\/?p=63053#breadcrumb"},"inLanguage":"en-US","potentialAction":[{"@type":"ReadAction","target":["https:\/\/akunq.net\/tr\/?p=63053"]}]},{"@type":"ImageObject","inLanguage":"en-US","@id":"https:\/\/akunq.net\/tr\/?p=63053#primaryimage","url":"https:\/\/akunq.net\/tr\/wp-content\/uploads\/sites\/6\/2021\/05\/Lavrov.jpeg","contentUrl":"https:\/\/akunq.net\/tr\/wp-content\/uploads\/sites\/6\/2021\/05\/Lavrov.jpeg","width":1000,"height":558},{"@type":"BreadcrumbList","@id":"https:\/\/akunq.net\/tr\/?p=63053#breadcrumb","itemListElement":[{"@type":"ListItem","position":1,"name":"Home","item":"https:\/\/akunq.net\/tr"},{"@type":"ListItem","position":2,"name":"Lavrov: Kiev\u2019i K\u0131r\u0131m konusunda cesaretlendirmenin Rusya\u2019n\u0131n b\u00fct\u00fcnl\u00fc\u011f\u00fcne kastetmek oldu\u011funu T\u00fcrkiye\u2019ye a\u00e7\u0131k\u00e7a s\u00f6yl\u00fcyoruz"}]},{"@type":"WebSite","@id":"https:\/\/akunq.net\/tr\/#website","url":"https:\/\/akunq.net\/tr\/","name":"Bati Ermenistan Ve Bati Ermenileri Sorunlari Ara\u015ftirmalar Merkezi","description":"","potentialAction":[{"@type":"SearchAction","target":{"@type":"EntryPoint","urlTemplate":"https:\/\/akunq.net\/tr\/?s={search_term_string}"},"query-input":{"@type":"PropertyValueSpecification","valueRequired":true,"valueName":"search_term_string"}}],"inLanguage":"en-US"},{"@type":"Person","@id":"https:\/\/akunq.net\/tr\/#\/schema\/person\/096f1d38a12cce57fb855b485ed24c9e","name":"admin","url":"https:\/\/akunq.net\/tr\/?author=7"}]}},"_links":{"self":[{"href":"https:\/\/akunq.net\/tr\/index.php?rest_route=\/wp\/v2\/posts\/63053","targetHints":{"allow":["GET"]}}],"collection":[{"href":"https:\/\/akunq.net\/tr\/index.php?rest_route=\/wp\/v2\/posts"}],"about":[{"href":"https:\/\/akunq.net\/tr\/index.php?rest_route=\/wp\/v2\/types\/post"}],"author":[{"embeddable":true,"href":"https:\/\/akunq.net\/tr\/index.php?rest_route=\/wp\/v2\/users\/7"}],"replies":[{"embeddable":true,"href":"https:\/\/akunq.net\/tr\/index.php?rest_route=%2Fwp%2Fv2%2Fcomments&post=63053"}],"version-history":[{"count":1,"href":"https:\/\/akunq.net\/tr\/index.php?rest_route=\/wp\/v2\/posts\/63053\/revisions"}],"predecessor-version":[{"id":63055,"href":"https:\/\/akunq.net\/tr\/index.php?rest_route=\/wp\/v2\/posts\/63053\/revisions\/63055"}],"wp:featuredmedia":[{"embeddable":true,"href":"https:\/\/akunq.net\/tr\/index.php?rest_route=\/wp\/v2\/media\/63054"}],"wp:attachment":[{"href":"https:\/\/akunq.net\/tr\/index.php?rest_route=%2Fwp%2Fv2%2Fmedia&parent=63053"}],"wp:term":[{"taxonomy":"category","embeddable":true,"href":"https:\/\/akunq.net\/tr\/index.php?rest_route=%2Fwp%2Fv2%2Fcategories&post=63053"},{"taxonomy":"post_tag","embeddable":true,"href":"https:\/\/akunq.net\/tr\/index.php?rest_route=%2Fwp%2Fv2%2Ftags&post=63053"}],"curies":[{"name":"wp","href":"https:\/\/api.w.org\/{rel}","templated":true}]}}