{"id":63040,"date":"2021-05-25T01:19:51","date_gmt":"2021-05-25T06:19:51","guid":{"rendered":"https:\/\/akunq.net\/tr\/?p=63040"},"modified":"2021-05-25T01:19:51","modified_gmt":"2021-05-25T06:19:51","slug":"turkiye-yahudileri-yabanci-olarak-konumlandiriliyoruz","status":"publish","type":"post","link":"https:\/\/akunq.net\/tr\/?p=63040","title":{"rendered":"T\u00fcrkiye Yahudileri: Yabanc\u0131 olarak konumland\u0131r\u0131l\u0131yoruz"},"content":{"rendered":"<p><img loading=\"lazy\" decoding=\"async\" class=\"aligncenter size-medium wp-image-63041\" src=\"https:\/\/akunq.net\/tr\/wp-content\/uploads\/2021\/05\/T\u00fcrkiye-Yahudileri-360x203.jpg\" alt=\"\" width=\"360\" height=\"203\" srcset=\"https:\/\/akunq.net\/tr\/wp-content\/uploads\/sites\/6\/2021\/05\/T\u00fcrkiye-Yahudileri-360x203.jpg 360w, https:\/\/akunq.net\/tr\/wp-content\/uploads\/sites\/6\/2021\/05\/T\u00fcrkiye-Yahudileri-768x432.jpg 768w, https:\/\/akunq.net\/tr\/wp-content\/uploads\/sites\/6\/2021\/05\/T\u00fcrkiye-Yahudileri-560x315.jpg 560w, https:\/\/akunq.net\/tr\/wp-content\/uploads\/sites\/6\/2021\/05\/T\u00fcrkiye-Yahudileri-260x146.jpg 260w, https:\/\/akunq.net\/tr\/wp-content\/uploads\/sites\/6\/2021\/05\/T\u00fcrkiye-Yahudileri-160x90.jpg 160w, https:\/\/akunq.net\/tr\/wp-content\/uploads\/sites\/6\/2021\/05\/T\u00fcrkiye-Yahudileri.jpg 940w\" sizes=\"auto, (max-width: 360px) 100vw, 360px\" \/><\/p>\n<p><em><strong>T\u00fcrkiye\u2019de ya\u015fayan Yahudi toplumu, Ortado\u011fu\u2019da ya\u015fanan geli\u015fmeler s\u0131ras\u0131nda artan antisemitizimden rahats\u0131zl\u0131k duyuyor. Yazar Karel Valansi, \u201cVatanda\u015fl\u0131k kavram\u0131n\u0131n tam anla\u015f\u0131lmamas\u0131 tedirginli\u011fi artt\u0131r\u0131yor\u201d diyor.<\/strong><\/em><\/p>\n<p>\u201cBir T\u00fcrk Yahudisi d\u00fc\u015f\u00fcn. Belki hayat\u0131nda hi\u00e7 \u0130srail\u2019e gitmedi bile. Ama sanki T\u00fcrkiye\u2019nin e\u015fit bir vatanda\u015f\u0131 de\u011fil, \u0130srail\u2019in bir el\u00e7isiymi\u015f gibi hesap sorulabiliyor.\u201d<\/p>\n<p>T\u00fcrkiyeli Yahudiler, son g\u00fcnlerde \u0130srail ve Filistin aras\u0131nda ya\u015fanan \u00e7at\u0131\u015fmalar nedeniyle \u0131rk\u00e7\u0131 s\u00f6ylemlere maruz kal\u0131yor. \u015ealom gazetesi yazarlar\u0131ndan Karel Valansi de gerek geleneksel medya gerekse sosyal medya kullan\u0131c\u0131lar\u0131 taraf\u0131ndan tehditlere maruz kalan isimlerden biri\u2026<\/p>\n<p>Valansi, Mart ay\u0131nda Takvim gazetesi taraf\u0131ndan \u201cT\u00fcrkiye\u2019de \u00e7al\u0131\u015fan Yahudi gazeteci\u201d s\u00f6zleriyle hedef g\u00f6sterildi. Ayn\u0131 gazete May\u0131s ay\u0131nda ise Valansi\u2019yi \u201cSiyonist ter\u00f6r devleti \u0130srail\u2019i savunuyor\u201d s\u00f6zleriyle hedef ald\u0131. Sosyal medyada da benzer \u0131rk\u00e7\u0131 s\u00f6ylemlere maruz b\u0131rak\u0131lan Valansi, genel olarak \u0130srail politikalar\u0131 ile Yahudileri \u00f6zde\u015fle\u015ftirme durumu oldu\u011funu ve T\u00fcrkiye\u2019de ya\u015fayan bir Yahudi vatanda\u015f olarak bu durumdan duydu\u011fu rahats\u0131zl\u0131\u011f\u0131 dile getiriyor.<\/p>\n<p>\u201cBir arkada\u015f\u0131m Golan Tepeleri ile ilgili bana \u00e7\u0131k\u0131\u015ft\u0131\u011f\u0131nda ortaokuldayd\u0131m. Anlayamam\u0131\u015ft\u0131m ne oldu\u011funu. Oradaki herhangi bir \u00e7at\u0131\u015fmada \u2018Biz sizi kurtard\u0131k nank\u00f6rl\u00fck etmeyin\u2019 denebiliyor. Son zamanlarda buna bir de hem baz\u0131 medya organlar\u0131 hem de sosyal medyada arac\u0131l\u0131\u011f\u0131yla \u2018\u0130srail\u2019i k\u0131nay\u0131n\u2019 bask\u0131s\u0131 eklendi.\u201d<\/p>\n<p>Hrant Dink Vakf\u0131\u2019n\u0131n \u201cMedyada Nefret S\u00f6ylemi ve Ayr\u0131mc\u0131 S\u00f6ylem 2019 Raporu\u201dna g\u00f6re, Yahudi vatanda\u015flar \u00e7o\u011funlukla \u0130srail-Filistin \u00e7at\u0131\u015fmalar\u0131n\u0131 konu alan haberlerde b\u00fct\u00fcn bir toplum olarak \u015fiddetle \u00f6zde\u015fle\u015ftirilip d\u00fc\u015fmanla\u015ft\u0131r\u0131l\u0131yor. Haberlerde \u201cYahudi\u201d kelimesinin hakaret ifadesi olarak kullan\u0131ld\u0131\u011f\u0131na dikkat \u00e7eken rapora g\u00f6re, \u201c\u0130srail devleti\u201d ya da \u201c\u0130srail Savunma Kuvvetleri\u201d gibi kurumlar\u0131 ifade eden s\u00f6zc\u00fckler yerine Yahudi kimli\u011fi genelleme yap\u0131larak kullan\u0131l\u0131yor ve Yahudiler T\u00fcrkiye\u2019ye y\u00f6nelik bir tehdit olarak g\u00f6steriliyor.<\/p>\n<p><strong>\u201cNeden \u0130srail\u2019de ya\u015famad\u0131\u011f\u0131m soruluyor\u201d<\/strong><\/p>\n<p>Valansi, \u201cyabanc\u0131\u201d olarak konumland\u0131r\u0131lmaktan da rahats\u0131z\u2026 T\u00fcrk\u00e7e konu\u015fmas\u0131na, T\u00fcrkiye vatanda\u015f\u0131 olmas\u0131na \u015fa\u015f\u0131ranlar\u0131n olduk\u00e7a fazla oldu\u011funu, hemen her seferinde anadilinin T\u00fcrk\u00e7e oldu\u011funu anlatmak zorunda kald\u0131\u011f\u0131n\u0131 s\u00f6yl\u00fcyor. Valansi\u2019ye din de\u011fi\u015ftirmesini tavsiye edenler bile oluyormu\u015f.<\/p>\n<p>\u201cDin de\u011fi\u015ftirmeyeceksem neden \u0130srail\u2019de kendi dinda\u015flar\u0131mla ya\u015famad\u0131\u011f\u0131m sorulur. Bunda vatanda\u015fl\u0131k kavram\u0131n\u0131n tam anla\u015f\u0131lmamas\u0131, empati kuramama da rol oynuyor ve bunlar tedirginli\u011fi artt\u0131r\u0131yor. Yahudi toplumu \u00fcyeleri daha i\u00e7e kapan\u0131yor. B\u00f6ylece kendini bir nebze g\u00fcvende hissediyor.\u201d<\/p>\n<p>1927 n\u00fcfus say\u0131m\u0131 verilerinde 81 bin olan Yahudi n\u00fcfusu \u015fu an T\u00fcrk Yahudi toplumunun tahminlerine g\u00f6re 17 bin civar\u0131nda\u2026 Ancak bu say\u0131, her ge\u00e7en sene azal\u0131yor. Nedeni ise, T\u00fcrkiyeli Yahudilerin ba\u015fta \u0130srail olmak \u00fczere farkl\u0131 \u00fclkelere g\u00f6\u00e7 etmesi. T\u00fcrkiye\u2019de artan antisemitizm, g\u00f6\u00e7e yol a\u00e7an sebeplerden biri. T\u00fcrkiye\u2019yi Eurovision \u015eark\u0131 Yar\u0131\u015fmas\u0131\u2019nda temsil eden m\u00fczisyen Can Bonomo\u2019nun Karel Valansi gibi maruz kald\u0131\u011f\u0131 ifadeler, antisemit s\u00f6yleme \u00f6rnek g\u00f6sterilebilir. Instagram hesab\u0131ndan yapt\u0131\u011f\u0131 payla\u015f\u0131mlar\u0131n alt\u0131na Filistin bayraklar\u0131 koyan ve \u201cKe\u015fke Yahudilerin yapt\u0131\u011f\u0131na bir tepki verseydiniz\u201d gibi s\u00f6zlere maruz kalan Bonomo son olarak, \u201cSizler \u0131rk\u00e7\u0131s\u0131n\u0131z \u00e7ocuklar\u201d tepkisi ile kamuoyunu g\u00fcndemine geldi. Irk\u00e7\u0131 s\u00f6ylem ve eylemlere maruz kalanlar aras\u0131nda T\u00fcrkiyeli Yahudilere ses olan medya kurulu\u015flar\u0131 da var.<\/p>\n<p><strong>\u201c\u015ealom, bar\u0131\u015f\u0131n dilini kullanmaya devam edecek\u201d<\/strong><\/p>\n<p>T\u00fcrkiye\u2019nin tek Yahudi gazetesi \u015ealom\u2019un internet sitesi 13 May\u0131s\u2019ta \u201c\u0130BDA-Siber Cephesi\u201d adl\u0131 bir grup taraf\u0131ndan hacklendi. Hackleyen grup sitede, Necip Faz\u0131l K\u0131sak\u00fcrek\u2019in \u201cBizim \u015eark\u0131m\u0131z\u201d \u015fiirinden \u201cSapan ta\u015flar\u0131n\u0131n yan\u0131nda f\u00fcze\/Ba\u015fka alemlerle fark\u0131m\u0131z bizim\u201d dizeleri ile \u201cFilistin \u00f6zg\u00fcr ve ba\u011f\u0131ms\u0131z olana dek eylemlerimiz s\u00fcrecek\u201d s\u00f6zlerini payla\u015ft\u0131. \u015ealom gazetesi, hacklenme olay\u0131na ili\u015fkin su\u00e7 duyurusunda bulundu. \u015ealom Genel Yay\u0131n Y\u00f6netmeni \u0130vo Molinas, \u201cT\u00fcrk Yahudi toplumunun yegane ve 73 y\u0131ll\u0131k gazetesi \u015ealom\u2019un her daim bar\u0131\u015f dilini kullanmas\u0131na ra\u011fmen, sanki gazetenin meselede bir dahli varm\u0131\u015f gibi siber sald\u0131r\u0131ya u\u011framas\u0131 son derece moral bozucu ve \u00fcz\u00fcc\u00fc bir hadise olarak tarihe ge\u00e7ti\u201d diyor. \u015ealom gazetesi hacklenmenin ard\u0131ndan 19 May\u0131s tarihli bask\u0131s\u0131nda, \u201cTek Yol Bar\u0131\u015f\u201d man\u015fetiyle okuyucuyla bulu\u015ftu. Molinas, Ortado\u011fu\u2019da \u00e7at\u0131\u015fmalar\u0131n oldu\u011fu d\u00f6nemlerde \u00f6zellikle sosyal medyada art\u0131\u015f g\u00f6steren antisemitizmin T\u00fcrkiyeli Yahudileri olumsuz etkiledi\u011fini ifade ediyor ve ekliyor:<\/p>\n<p>\u201c\u015ealom, her \u015feye ra\u011fmen makul\u00fcn ve bar\u0131\u015f\u0131n dilini kullanmaya devam edecek.\u201d<\/p>\n<p><strong>\u201cT\u00fcrkiye\u2019de antisemitizm yoktur\u2019 mitini y\u0131kmak istedik\u201d<\/strong><\/p>\n<p>\u015ealom, T\u00fcrkiye\u2019nin tek Yahudi gazetesi olsa da yeni nesil aras\u0131nda farkl\u0131 seslerin duyulmas\u0131n\u0131 ve tart\u0131\u015fmalar\u0131n \u00e7e\u015fitlenmesini isteyenlerin bir araya gelerek olu\u015fturdu\u011fu platformlar da var. Ladino dilinde \u201cKonu\u015fal\u0131m\u201d anlam\u0131na gelen \u201cAvlaremoz\u201d sitesi, gen\u00e7 ku\u015fak Yahudiler taraf\u0131ndan antisemit s\u00f6ylemlere kar\u015f\u0131 2016 y\u0131l\u0131nda kuruldu. Nesi Altaras, platformun iki ihtiya\u00e7tan do\u011fdu\u011funu s\u00f6yl\u00fcyor.<\/p>\n<p>\u201cBirincisi \u2018T\u00fcrkiye\u2019de antisemitizm yoktur\u2019 mitini y\u0131kmak. Bu g\u00f6r\u00fc\u015f varolan nefreti anlamam\u0131z\u0131 engelliyor. \u0130kinci ihtiya\u00e7 ise Yahudilerin toplumla ve kendi aralar\u0131nda \u00f6zg\u00fcrce tart\u0131\u015fabilmesiydi. Avlaremoz, fikrini belirtmek isteyen, birbiriyle ayn\u0131 fikirde olmayan Yahudilere alan a\u00e7\u0131yor. Bu \u015fekilde Yahudilerin sessizlik zihniyetini y\u0131k\u0131yor.\u201d<\/p>\n<p>Nesi Altaras, Avlaremoz ekibi olarak Holokost e\u011fitimine y\u00f6nelik k\u00fclliyattan \u00f6nemli say\u0131da yay\u0131n\u0131 T\u00fcrk\u00e7e\u2019ye \u00e7evirdiklerini, sitede T\u00fcrkiye vatanda\u015flar\u0131n\u0131n Yahudileri daha iyi anlayabilmesi i\u00e7in k\u00fclt\u00fcr ve tarih konulu yaz\u0131lara \u00f6zellikle yer verdiklerini ekliyor. Farkl\u0131 seslere yer vermek konusunda \u0131srarc\u0131 olan Avlaremoz ekibine olumlu tepkiler geldi\u011fi gibi, \u0131rk\u00e7\u0131 ve ayr\u0131mc\u0131 mesajlar da var.<\/p>\n<p>\u201cNefret mesajlar\u0131 mutlaka al\u0131yoruz. Bu hafta gelen bir e-posta, \u2018Siz Yahudiler yery\u00fcz\u00fcndeki en a\u015fa\u011f\u0131l\u0131k canl\u0131lars\u0131n\u0131z\u2019 diye ba\u015fl\u0131yor, gerisini anlatmama gerek yok. \u00d6te yandan i\u00e7eri\u011fin alt\u0131na, konu ne olursa olsun, \u2018Peki ama Filistin\u2019 diyenler var.\u201d<\/p>\n<p><em><strong>Burcu Karaka\u015f<\/strong><\/em><\/p>\n<p><em><strong><a href=\"https:\/\/www.dw.com\/tr\/t%C3%BCrkiye-yahudileri-yabanc%C4%B1-olarak-konumland%C4%B1r%C4%B1l%C4%B1yoruz\/a-57639343?maca=tur-rss-tur-all-1495-rdf\" target=\"_blank\" rel=\"noopener noreferrer\">Deutsche Welle<\/a>\u00a0<\/strong><\/em><\/p>\n","protected":false},"excerpt":{"rendered":"<p>T\u00fcrkiye\u2019de ya\u015fayan Yahudi toplumu, Ortado\u011fu\u2019da ya\u015fanan geli\u015fmeler s\u0131ras\u0131nda artan antisemitizimden rahats\u0131zl\u0131k duyuyor. Yazar Karel Valansi, \u201cVatanda\u015fl\u0131k kavram\u0131n\u0131n tam anla\u015f\u0131lmamas\u0131 tedirginli\u011fi artt\u0131r\u0131yor\u201d diyor. \u201cBir T\u00fcrk Yahudisi d\u00fc\u015f\u00fcn. Belki hayat\u0131nda hi\u00e7 \u0130srail\u2019e gitmedi bile. Ama sanki T\u00fcrkiye\u2019nin e\u015fit bir vatanda\u015f\u0131 de\u011fil, \u0130srail\u2019in bir el\u00e7isiymi\u015f gibi hesap sorulabiliyor.\u201d T\u00fcrkiyeli Yahudiler, son g\u00fcnlerde \u0130srail ve Filistin aras\u0131nda ya\u015fanan \u00e7at\u0131\u015fmalar [&hellip;]<\/p>\n","protected":false},"author":7,"featured_media":63041,"comment_status":"open","ping_status":"open","sticky":false,"template":"","format":"standard","meta":{"footnotes":""},"categories":[1,53],"tags":[],"class_list":["post-63040","post","type-post","status-publish","format-standard","has-post-thumbnail","hentry","category-haberler","category-turkiyede-azinliklar"],"yoast_head":"<!-- This site is optimized with the Yoast SEO plugin v27.4 - https:\/\/yoast.com\/product\/yoast-seo-wordpress\/ -->\n<title>T\u00fcrkiye Yahudileri: Yabanc\u0131 olarak konumland\u0131r\u0131l\u0131yoruz - Bati Ermenistan Ve Bati Ermenileri Sorunlari Ara\u015ftirmalar Merkezi<\/title>\n<meta name=\"robots\" content=\"index, follow, max-snippet:-1, max-image-preview:large, max-video-preview:-1\" \/>\n<link rel=\"canonical\" href=\"https:\/\/akunq.net\/tr\/?p=63040\" \/>\n<meta property=\"og:locale\" content=\"en_US\" \/>\n<meta property=\"og:type\" content=\"article\" \/>\n<meta property=\"og:title\" content=\"T\u00fcrkiye Yahudileri: Yabanc\u0131 olarak konumland\u0131r\u0131l\u0131yoruz - Bati Ermenistan Ve Bati Ermenileri Sorunlari Ara\u015ftirmalar Merkezi\" \/>\n<meta property=\"og:description\" content=\"T\u00fcrkiye\u2019de ya\u015fayan Yahudi toplumu, Ortado\u011fu\u2019da ya\u015fanan geli\u015fmeler s\u0131ras\u0131nda artan antisemitizimden rahats\u0131zl\u0131k duyuyor. Yazar Karel Valansi, \u201cVatanda\u015fl\u0131k kavram\u0131n\u0131n tam anla\u015f\u0131lmamas\u0131 tedirginli\u011fi artt\u0131r\u0131yor\u201d diyor. \u201cBir T\u00fcrk Yahudisi d\u00fc\u015f\u00fcn. Belki hayat\u0131nda hi\u00e7 \u0130srail\u2019e gitmedi bile. Ama sanki T\u00fcrkiye\u2019nin e\u015fit bir vatanda\u015f\u0131 de\u011fil, \u0130srail\u2019in bir el\u00e7isiymi\u015f gibi hesap sorulabiliyor.\u201d T\u00fcrkiyeli Yahudiler, son g\u00fcnlerde \u0130srail ve Filistin aras\u0131nda ya\u015fanan \u00e7at\u0131\u015fmalar [&hellip;]\" \/>\n<meta property=\"og:url\" content=\"https:\/\/akunq.net\/tr\/?p=63040\" \/>\n<meta property=\"og:site_name\" content=\"Bati Ermenistan Ve Bati Ermenileri Sorunlari Ara\u015ftirmalar Merkezi\" \/>\n<meta property=\"article:published_time\" content=\"2021-05-25T06:19:51+00:00\" \/>\n<meta property=\"og:image\" content=\"https:\/\/akunq.net\/tr\/wp-content\/uploads\/sites\/6\/2021\/05\/T\u00fcrkiye-Yahudileri.jpg\" \/>\n\t<meta property=\"og:image:width\" content=\"940\" \/>\n\t<meta property=\"og:image:height\" content=\"529\" \/>\n\t<meta property=\"og:image:type\" content=\"image\/jpeg\" \/>\n<meta name=\"author\" content=\"admin\" \/>\n<meta name=\"twitter:card\" content=\"summary_large_image\" \/>\n<meta name=\"twitter:label1\" content=\"Written by\" \/>\n\t<meta name=\"twitter:data1\" content=\"admin\" \/>\n\t<meta name=\"twitter:label2\" content=\"Est. reading time\" \/>\n\t<meta name=\"twitter:data2\" content=\"5 minutes\" \/>\n<script type=\"application\/ld+json\" class=\"yoast-schema-graph\">{\"@context\":\"https:\\\/\\\/schema.org\",\"@graph\":[{\"@type\":\"Article\",\"@id\":\"https:\\\/\\\/akunq.net\\\/tr\\\/?p=63040#article\",\"isPartOf\":{\"@id\":\"https:\\\/\\\/akunq.net\\\/tr\\\/?p=63040\"},\"author\":{\"name\":\"admin\",\"@id\":\"https:\\\/\\\/akunq.net\\\/tr\\\/#\\\/schema\\\/person\\\/096f1d38a12cce57fb855b485ed24c9e\"},\"headline\":\"T\u00fcrkiye Yahudileri: Yabanc\u0131 olarak konumland\u0131r\u0131l\u0131yoruz\",\"datePublished\":\"2021-05-25T06:19:51+00:00\",\"mainEntityOfPage\":{\"@id\":\"https:\\\/\\\/akunq.net\\\/tr\\\/?p=63040\"},\"wordCount\":1072,\"commentCount\":0,\"image\":{\"@id\":\"https:\\\/\\\/akunq.net\\\/tr\\\/?p=63040#primaryimage\"},\"thumbnailUrl\":\"https:\\\/\\\/akunq.net\\\/tr\\\/wp-content\\\/uploads\\\/sites\\\/6\\\/2021\\\/05\\\/T\u00fcrkiye-Yahudileri.jpg\",\"articleSection\":[\"Haberler\",\"T\u00fcrkiye\u2019de Az\u0131nl\u0131klar\"],\"inLanguage\":\"en-US\",\"potentialAction\":[{\"@type\":\"CommentAction\",\"name\":\"Comment\",\"target\":[\"https:\\\/\\\/akunq.net\\\/tr\\\/?p=63040#respond\"]}]},{\"@type\":\"WebPage\",\"@id\":\"https:\\\/\\\/akunq.net\\\/tr\\\/?p=63040\",\"url\":\"https:\\\/\\\/akunq.net\\\/tr\\\/?p=63040\",\"name\":\"T\u00fcrkiye Yahudileri: Yabanc\u0131 olarak konumland\u0131r\u0131l\u0131yoruz - Bati Ermenistan Ve Bati Ermenileri Sorunlari Ara\u015ftirmalar Merkezi\",\"isPartOf\":{\"@id\":\"https:\\\/\\\/akunq.net\\\/tr\\\/#website\"},\"primaryImageOfPage\":{\"@id\":\"https:\\\/\\\/akunq.net\\\/tr\\\/?p=63040#primaryimage\"},\"image\":{\"@id\":\"https:\\\/\\\/akunq.net\\\/tr\\\/?p=63040#primaryimage\"},\"thumbnailUrl\":\"https:\\\/\\\/akunq.net\\\/tr\\\/wp-content\\\/uploads\\\/sites\\\/6\\\/2021\\\/05\\\/T\u00fcrkiye-Yahudileri.jpg\",\"datePublished\":\"2021-05-25T06:19:51+00:00\",\"author\":{\"@id\":\"https:\\\/\\\/akunq.net\\\/tr\\\/#\\\/schema\\\/person\\\/096f1d38a12cce57fb855b485ed24c9e\"},\"breadcrumb\":{\"@id\":\"https:\\\/\\\/akunq.net\\\/tr\\\/?p=63040#breadcrumb\"},\"inLanguage\":\"en-US\",\"potentialAction\":[{\"@type\":\"ReadAction\",\"target\":[\"https:\\\/\\\/akunq.net\\\/tr\\\/?p=63040\"]}]},{\"@type\":\"ImageObject\",\"inLanguage\":\"en-US\",\"@id\":\"https:\\\/\\\/akunq.net\\\/tr\\\/?p=63040#primaryimage\",\"url\":\"https:\\\/\\\/akunq.net\\\/tr\\\/wp-content\\\/uploads\\\/sites\\\/6\\\/2021\\\/05\\\/T\u00fcrkiye-Yahudileri.jpg\",\"contentUrl\":\"https:\\\/\\\/akunq.net\\\/tr\\\/wp-content\\\/uploads\\\/sites\\\/6\\\/2021\\\/05\\\/T\u00fcrkiye-Yahudileri.jpg\",\"width\":940,\"height\":529},{\"@type\":\"BreadcrumbList\",\"@id\":\"https:\\\/\\\/akunq.net\\\/tr\\\/?p=63040#breadcrumb\",\"itemListElement\":[{\"@type\":\"ListItem\",\"position\":1,\"name\":\"Home\",\"item\":\"https:\\\/\\\/akunq.net\\\/tr\"},{\"@type\":\"ListItem\",\"position\":2,\"name\":\"T\u00fcrkiye Yahudileri: Yabanc\u0131 olarak konumland\u0131r\u0131l\u0131yoruz\"}]},{\"@type\":\"WebSite\",\"@id\":\"https:\\\/\\\/akunq.net\\\/tr\\\/#website\",\"url\":\"https:\\\/\\\/akunq.net\\\/tr\\\/\",\"name\":\"Bati Ermenistan Ve Bati Ermenileri Sorunlari Ara\u015ftirmalar Merkezi\",\"description\":\"\",\"potentialAction\":[{\"@type\":\"SearchAction\",\"target\":{\"@type\":\"EntryPoint\",\"urlTemplate\":\"https:\\\/\\\/akunq.net\\\/tr\\\/?s={search_term_string}\"},\"query-input\":{\"@type\":\"PropertyValueSpecification\",\"valueRequired\":true,\"valueName\":\"search_term_string\"}}],\"inLanguage\":\"en-US\"},{\"@type\":\"Person\",\"@id\":\"https:\\\/\\\/akunq.net\\\/tr\\\/#\\\/schema\\\/person\\\/096f1d38a12cce57fb855b485ed24c9e\",\"name\":\"admin\",\"url\":\"https:\\\/\\\/akunq.net\\\/tr\\\/?author=7\"}]}<\/script>\n<!-- \/ Yoast SEO plugin. -->","yoast_head_json":{"title":"T\u00fcrkiye Yahudileri: Yabanc\u0131 olarak konumland\u0131r\u0131l\u0131yoruz - Bati Ermenistan Ve Bati Ermenileri Sorunlari Ara\u015ftirmalar Merkezi","robots":{"index":"index","follow":"follow","max-snippet":"max-snippet:-1","max-image-preview":"max-image-preview:large","max-video-preview":"max-video-preview:-1"},"canonical":"https:\/\/akunq.net\/tr\/?p=63040","og_locale":"en_US","og_type":"article","og_title":"T\u00fcrkiye Yahudileri: Yabanc\u0131 olarak konumland\u0131r\u0131l\u0131yoruz - Bati Ermenistan Ve Bati Ermenileri Sorunlari Ara\u015ftirmalar Merkezi","og_description":"T\u00fcrkiye\u2019de ya\u015fayan Yahudi toplumu, Ortado\u011fu\u2019da ya\u015fanan geli\u015fmeler s\u0131ras\u0131nda artan antisemitizimden rahats\u0131zl\u0131k duyuyor. Yazar Karel Valansi, \u201cVatanda\u015fl\u0131k kavram\u0131n\u0131n tam anla\u015f\u0131lmamas\u0131 tedirginli\u011fi artt\u0131r\u0131yor\u201d diyor. \u201cBir T\u00fcrk Yahudisi d\u00fc\u015f\u00fcn. Belki hayat\u0131nda hi\u00e7 \u0130srail\u2019e gitmedi bile. Ama sanki T\u00fcrkiye\u2019nin e\u015fit bir vatanda\u015f\u0131 de\u011fil, \u0130srail\u2019in bir el\u00e7isiymi\u015f gibi hesap sorulabiliyor.\u201d T\u00fcrkiyeli Yahudiler, son g\u00fcnlerde \u0130srail ve Filistin aras\u0131nda ya\u015fanan \u00e7at\u0131\u015fmalar [&hellip;]","og_url":"https:\/\/akunq.net\/tr\/?p=63040","og_site_name":"Bati Ermenistan Ve Bati Ermenileri Sorunlari Ara\u015ftirmalar Merkezi","article_published_time":"2021-05-25T06:19:51+00:00","og_image":[{"width":940,"height":529,"url":"https:\/\/akunq.net\/tr\/wp-content\/uploads\/sites\/6\/2021\/05\/T\u00fcrkiye-Yahudileri.jpg","type":"image\/jpeg"}],"author":"admin","twitter_card":"summary_large_image","twitter_misc":{"Written by":"admin","Est. reading time":"5 minutes"},"schema":{"@context":"https:\/\/schema.org","@graph":[{"@type":"Article","@id":"https:\/\/akunq.net\/tr\/?p=63040#article","isPartOf":{"@id":"https:\/\/akunq.net\/tr\/?p=63040"},"author":{"name":"admin","@id":"https:\/\/akunq.net\/tr\/#\/schema\/person\/096f1d38a12cce57fb855b485ed24c9e"},"headline":"T\u00fcrkiye Yahudileri: Yabanc\u0131 olarak konumland\u0131r\u0131l\u0131yoruz","datePublished":"2021-05-25T06:19:51+00:00","mainEntityOfPage":{"@id":"https:\/\/akunq.net\/tr\/?p=63040"},"wordCount":1072,"commentCount":0,"image":{"@id":"https:\/\/akunq.net\/tr\/?p=63040#primaryimage"},"thumbnailUrl":"https:\/\/akunq.net\/tr\/wp-content\/uploads\/sites\/6\/2021\/05\/T\u00fcrkiye-Yahudileri.jpg","articleSection":["Haberler","T\u00fcrkiye\u2019de Az\u0131nl\u0131klar"],"inLanguage":"en-US","potentialAction":[{"@type":"CommentAction","name":"Comment","target":["https:\/\/akunq.net\/tr\/?p=63040#respond"]}]},{"@type":"WebPage","@id":"https:\/\/akunq.net\/tr\/?p=63040","url":"https:\/\/akunq.net\/tr\/?p=63040","name":"T\u00fcrkiye Yahudileri: Yabanc\u0131 olarak konumland\u0131r\u0131l\u0131yoruz - Bati Ermenistan Ve Bati Ermenileri Sorunlari Ara\u015ftirmalar Merkezi","isPartOf":{"@id":"https:\/\/akunq.net\/tr\/#website"},"primaryImageOfPage":{"@id":"https:\/\/akunq.net\/tr\/?p=63040#primaryimage"},"image":{"@id":"https:\/\/akunq.net\/tr\/?p=63040#primaryimage"},"thumbnailUrl":"https:\/\/akunq.net\/tr\/wp-content\/uploads\/sites\/6\/2021\/05\/T\u00fcrkiye-Yahudileri.jpg","datePublished":"2021-05-25T06:19:51+00:00","author":{"@id":"https:\/\/akunq.net\/tr\/#\/schema\/person\/096f1d38a12cce57fb855b485ed24c9e"},"breadcrumb":{"@id":"https:\/\/akunq.net\/tr\/?p=63040#breadcrumb"},"inLanguage":"en-US","potentialAction":[{"@type":"ReadAction","target":["https:\/\/akunq.net\/tr\/?p=63040"]}]},{"@type":"ImageObject","inLanguage":"en-US","@id":"https:\/\/akunq.net\/tr\/?p=63040#primaryimage","url":"https:\/\/akunq.net\/tr\/wp-content\/uploads\/sites\/6\/2021\/05\/T\u00fcrkiye-Yahudileri.jpg","contentUrl":"https:\/\/akunq.net\/tr\/wp-content\/uploads\/sites\/6\/2021\/05\/T\u00fcrkiye-Yahudileri.jpg","width":940,"height":529},{"@type":"BreadcrumbList","@id":"https:\/\/akunq.net\/tr\/?p=63040#breadcrumb","itemListElement":[{"@type":"ListItem","position":1,"name":"Home","item":"https:\/\/akunq.net\/tr"},{"@type":"ListItem","position":2,"name":"T\u00fcrkiye Yahudileri: Yabanc\u0131 olarak konumland\u0131r\u0131l\u0131yoruz"}]},{"@type":"WebSite","@id":"https:\/\/akunq.net\/tr\/#website","url":"https:\/\/akunq.net\/tr\/","name":"Bati Ermenistan Ve Bati Ermenileri Sorunlari Ara\u015ftirmalar Merkezi","description":"","potentialAction":[{"@type":"SearchAction","target":{"@type":"EntryPoint","urlTemplate":"https:\/\/akunq.net\/tr\/?s={search_term_string}"},"query-input":{"@type":"PropertyValueSpecification","valueRequired":true,"valueName":"search_term_string"}}],"inLanguage":"en-US"},{"@type":"Person","@id":"https:\/\/akunq.net\/tr\/#\/schema\/person\/096f1d38a12cce57fb855b485ed24c9e","name":"admin","url":"https:\/\/akunq.net\/tr\/?author=7"}]}},"_links":{"self":[{"href":"https:\/\/akunq.net\/tr\/index.php?rest_route=\/wp\/v2\/posts\/63040","targetHints":{"allow":["GET"]}}],"collection":[{"href":"https:\/\/akunq.net\/tr\/index.php?rest_route=\/wp\/v2\/posts"}],"about":[{"href":"https:\/\/akunq.net\/tr\/index.php?rest_route=\/wp\/v2\/types\/post"}],"author":[{"embeddable":true,"href":"https:\/\/akunq.net\/tr\/index.php?rest_route=\/wp\/v2\/users\/7"}],"replies":[{"embeddable":true,"href":"https:\/\/akunq.net\/tr\/index.php?rest_route=%2Fwp%2Fv2%2Fcomments&post=63040"}],"version-history":[{"count":1,"href":"https:\/\/akunq.net\/tr\/index.php?rest_route=\/wp\/v2\/posts\/63040\/revisions"}],"predecessor-version":[{"id":63042,"href":"https:\/\/akunq.net\/tr\/index.php?rest_route=\/wp\/v2\/posts\/63040\/revisions\/63042"}],"wp:featuredmedia":[{"embeddable":true,"href":"https:\/\/akunq.net\/tr\/index.php?rest_route=\/wp\/v2\/media\/63041"}],"wp:attachment":[{"href":"https:\/\/akunq.net\/tr\/index.php?rest_route=%2Fwp%2Fv2%2Fmedia&parent=63040"}],"wp:term":[{"taxonomy":"category","embeddable":true,"href":"https:\/\/akunq.net\/tr\/index.php?rest_route=%2Fwp%2Fv2%2Fcategories&post=63040"},{"taxonomy":"post_tag","embeddable":true,"href":"https:\/\/akunq.net\/tr\/index.php?rest_route=%2Fwp%2Fv2%2Ftags&post=63040"}],"curies":[{"name":"wp","href":"https:\/\/api.w.org\/{rel}","templated":true}]}}