{"id":63036,"date":"2021-05-24T03:49:30","date_gmt":"2021-05-24T08:49:30","guid":{"rendered":"https:\/\/akunq.net\/tr\/?p=63036"},"modified":"2021-05-24T03:49:30","modified_gmt":"2021-05-24T08:49:30","slug":"germus-ermeni-kilisesinin-sonu-ne-olacak","status":"publish","type":"post","link":"https:\/\/akunq.net\/tr\/?p=63036","title":{"rendered":"Germu\u015f Ermeni Kilisesi\u2019nin sonu ne olacak?"},"content":{"rendered":"<p><img loading=\"lazy\" decoding=\"async\" class=\"aligncenter size-medium wp-image-63037\" src=\"https:\/\/akunq.net\/tr\/wp-content\/uploads\/2021\/05\/Germu\u015f-Ermeni-Kilisesi-360x220.jpg\" alt=\"\" width=\"360\" height=\"220\" srcset=\"https:\/\/akunq.net\/tr\/wp-content\/uploads\/sites\/6\/2021\/05\/Germu\u015f-Ermeni-Kilisesi-360x220.jpg 360w, https:\/\/akunq.net\/tr\/wp-content\/uploads\/sites\/6\/2021\/05\/Germu\u015f-Ermeni-Kilisesi-768x468.jpg 768w, https:\/\/akunq.net\/tr\/wp-content\/uploads\/sites\/6\/2021\/05\/Germu\u015f-Ermeni-Kilisesi-560x341.jpg 560w, https:\/\/akunq.net\/tr\/wp-content\/uploads\/sites\/6\/2021\/05\/Germu\u015f-Ermeni-Kilisesi-260x159.jpg 260w, https:\/\/akunq.net\/tr\/wp-content\/uploads\/sites\/6\/2021\/05\/Germu\u015f-Ermeni-Kilisesi-160x98.jpg 160w, https:\/\/akunq.net\/tr\/wp-content\/uploads\/sites\/6\/2021\/05\/Germu\u015f-Ermeni-Kilisesi.jpg 820w\" sizes=\"auto, (max-width: 360px) 100vw, 360px\" \/><\/p>\n<p><em><strong>Bisiklet \u0130nsiyatifi \u015eanl\u0131urfa e\u011fitmeni Mehmet Gergerli, Tarihi Germu\u015f Ermeni Kilisesi\u2019ne yapt\u0131\u011f\u0131 gezide g\u00f6rd\u00fcklerini Timet\u00fcrk\u2019e anlatt\u0131.<\/strong><\/em><\/p>\n<p>\u015eanl\u0131urfa\u2019da bisiklet s\u00fcr\u00fc\u015f e\u011fitimi veren bisiklet sevdal\u0131s\u0131 Mehmet Gergerli, Germu\u015f Kilisesi\u2019ne yapt\u0131\u011f\u0131 gezi sonras\u0131 g\u00f6rd\u00fckleri kar\u015f\u0131s\u0131nda hayal k\u0131r\u0131kl\u0131\u011f\u0131 ya\u015fad\u0131.<\/p>\n<p><strong>\u201cYa\u015fad\u0131\u011f\u0131m duygular\u0131 anlatmakta zorlan\u0131yorum.\u201d<\/strong><\/p>\n<p>\u201cKilise kolonlar\u0131n\u0131n her bir temeli kaz\u0131lm\u0131\u015f. Defineciler taraf\u0131ndan her yer delik de\u015fik edilmi\u015f. Tam bir rezalet i\u00e7inde. Ya\u015fad\u0131\u011f\u0131m duygular\u0131 anlatmakta zorlan\u0131yorum.\u201d dedi. Kilisenin yan\u0131nda bulunan ibadet yeri, sohbet evi, yemekhane ve misafirhanenin bak\u0131ms\u0131zl\u0131ktan yok oldu\u011funu s\u00f6yleyen Gergerli, tarihi kilisenin de yok olmamas\u0131 i\u00e7in yetkililerin ilgilenmesi gerekti\u011fini s\u00f6zlerine ekledi.<\/p>\n<p><strong>\u201cGermu\u015f turizm i\u00e7in \u00e7ok \u00f6nemli bir yer.\u201d<\/strong><\/p>\n<p>Gerekli bak\u0131m ve onar\u0131m\u0131n yap\u0131ld\u0131\u011f\u0131nda, Germu\u015f\u2019un turizm a\u00e7\u0131s\u0131ndan \u00e7ok \u00f6nemli bir yer olabilece\u011fini ve Urfa i\u00e7in kazan\u00e7 olaca\u011f\u0131n\u0131 s\u00f6yleyen Gergerli, bu konuda yetkililerden gerekenin yap\u0131lmas\u0131n\u0131 bekliyor.<\/p>\n<p>Germu\u015f Ermeni Kilisesi\u2019nin 17.yy\u2019da in\u015fa edildi\u011fi tahmin ediliyor. 1881\u2019de restore edilmesine ra\u011fmen \u015fu an y\u0131k\u0131lma tehlikesi alt\u0131nda olan kilise, kaderine terk edilmi\u015f durumda. Di\u011fer bir isimle \u2018Da\u011fete\u011fi\u2019 olarak bilinen b\u00f6lge, \u015eanl\u0131urfa\u2019n\u0131n merkezine 10 km uzakl\u0131kta bulunuyor.<\/p>\n<p><em><strong>Edit\u00f6r:S\u00fcleyman CENG\u0130Z<\/strong><\/em><\/p>\n<hr \/>\n<p><em><strong><a href=\"https:\/\/www.timeturk.com\/bisiklet\/germus-ermeni-kilisesi-nin-sonu-ne-olacak\/haber-1686826\">https:\/\/www.timeturk.com\/bisiklet\/germus-ermeni-kilisesi-nin-sonu-ne-olacak\/haber-1686826<\/a>\u00a0<\/strong><\/em><\/p>\n","protected":false},"excerpt":{"rendered":"<p>Bisiklet \u0130nsiyatifi \u015eanl\u0131urfa e\u011fitmeni Mehmet Gergerli, Tarihi Germu\u015f Ermeni Kilisesi\u2019ne yapt\u0131\u011f\u0131 gezide g\u00f6rd\u00fcklerini Timet\u00fcrk\u2019e anlatt\u0131. \u015eanl\u0131urfa\u2019da bisiklet s\u00fcr\u00fc\u015f e\u011fitimi veren bisiklet sevdal\u0131s\u0131 Mehmet Gergerli, Germu\u015f Kilisesi\u2019ne yapt\u0131\u011f\u0131 gezi sonras\u0131 g\u00f6rd\u00fckleri kar\u015f\u0131s\u0131nda hayal k\u0131r\u0131kl\u0131\u011f\u0131 ya\u015fad\u0131. \u201cYa\u015fad\u0131\u011f\u0131m duygular\u0131 anlatmakta zorlan\u0131yorum.\u201d \u201cKilise kolonlar\u0131n\u0131n her bir temeli kaz\u0131lm\u0131\u015f. Defineciler taraf\u0131ndan her yer delik de\u015fik edilmi\u015f. Tam bir rezalet i\u00e7inde. [&hellip;]<\/p>\n","protected":false},"author":7,"featured_media":63037,"comment_status":"open","ping_status":"open","sticky":false,"template":"","format":"standard","meta":{"footnotes":""},"categories":[22,1],"tags":[],"class_list":["post-63036","post","type-post","status-publish","format-standard","has-post-thumbnail","hentry","category-gunumuzde-bati-ermenistan","category-haberler"],"yoast_head":"<!-- This site is optimized with the Yoast SEO plugin v27.4 - https:\/\/yoast.com\/product\/yoast-seo-wordpress\/ -->\n<title>Germu\u015f Ermeni Kilisesi\u2019nin sonu ne olacak? - Bati Ermenistan Ve Bati Ermenileri Sorunlari Ara\u015ftirmalar Merkezi<\/title>\n<meta name=\"robots\" content=\"index, follow, max-snippet:-1, max-image-preview:large, max-video-preview:-1\" \/>\n<link rel=\"canonical\" href=\"https:\/\/akunq.net\/tr\/?p=63036\" \/>\n<meta property=\"og:locale\" content=\"en_US\" \/>\n<meta property=\"og:type\" content=\"article\" \/>\n<meta property=\"og:title\" content=\"Germu\u015f Ermeni Kilisesi\u2019nin sonu ne olacak? - Bati Ermenistan Ve Bati Ermenileri Sorunlari Ara\u015ftirmalar Merkezi\" \/>\n<meta property=\"og:description\" content=\"Bisiklet \u0130nsiyatifi \u015eanl\u0131urfa e\u011fitmeni Mehmet Gergerli, Tarihi Germu\u015f Ermeni Kilisesi\u2019ne yapt\u0131\u011f\u0131 gezide g\u00f6rd\u00fcklerini Timet\u00fcrk\u2019e anlatt\u0131. \u015eanl\u0131urfa\u2019da bisiklet s\u00fcr\u00fc\u015f e\u011fitimi veren bisiklet sevdal\u0131s\u0131 Mehmet Gergerli, Germu\u015f Kilisesi\u2019ne yapt\u0131\u011f\u0131 gezi sonras\u0131 g\u00f6rd\u00fckleri kar\u015f\u0131s\u0131nda hayal k\u0131r\u0131kl\u0131\u011f\u0131 ya\u015fad\u0131. \u201cYa\u015fad\u0131\u011f\u0131m duygular\u0131 anlatmakta zorlan\u0131yorum.\u201d \u201cKilise kolonlar\u0131n\u0131n her bir temeli kaz\u0131lm\u0131\u015f. Defineciler taraf\u0131ndan her yer delik de\u015fik edilmi\u015f. Tam bir rezalet i\u00e7inde. [&hellip;]\" \/>\n<meta property=\"og:url\" content=\"https:\/\/akunq.net\/tr\/?p=63036\" \/>\n<meta property=\"og:site_name\" content=\"Bati Ermenistan Ve Bati Ermenileri Sorunlari Ara\u015ftirmalar Merkezi\" \/>\n<meta property=\"article:published_time\" content=\"2021-05-24T08:49:30+00:00\" \/>\n<meta property=\"og:image\" content=\"https:\/\/akunq.net\/tr\/wp-content\/uploads\/sites\/6\/2021\/05\/Germu\u015f-Ermeni-Kilisesi.jpg\" \/>\n\t<meta property=\"og:image:width\" content=\"820\" \/>\n\t<meta property=\"og:image:height\" content=\"500\" \/>\n\t<meta property=\"og:image:type\" content=\"image\/jpeg\" \/>\n<meta name=\"author\" content=\"admin\" \/>\n<meta name=\"twitter:card\" content=\"summary_large_image\" \/>\n<meta name=\"twitter:label1\" content=\"Written by\" \/>\n\t<meta name=\"twitter:data1\" content=\"admin\" \/>\n\t<meta name=\"twitter:label2\" content=\"Est. reading time\" \/>\n\t<meta name=\"twitter:data2\" content=\"1 minute\" \/>\n<script type=\"application\/ld+json\" class=\"yoast-schema-graph\">{\"@context\":\"https:\\\/\\\/schema.org\",\"@graph\":[{\"@type\":\"Article\",\"@id\":\"https:\\\/\\\/akunq.net\\\/tr\\\/?p=63036#article\",\"isPartOf\":{\"@id\":\"https:\\\/\\\/akunq.net\\\/tr\\\/?p=63036\"},\"author\":{\"name\":\"admin\",\"@id\":\"https:\\\/\\\/akunq.net\\\/tr\\\/#\\\/schema\\\/person\\\/096f1d38a12cce57fb855b485ed24c9e\"},\"headline\":\"Germu\u015f Ermeni Kilisesi\u2019nin sonu ne olacak?\",\"datePublished\":\"2021-05-24T08:49:30+00:00\",\"mainEntityOfPage\":{\"@id\":\"https:\\\/\\\/akunq.net\\\/tr\\\/?p=63036\"},\"wordCount\":246,\"commentCount\":0,\"image\":{\"@id\":\"https:\\\/\\\/akunq.net\\\/tr\\\/?p=63036#primaryimage\"},\"thumbnailUrl\":\"https:\\\/\\\/akunq.net\\\/tr\\\/wp-content\\\/uploads\\\/sites\\\/6\\\/2021\\\/05\\\/Germu\u015f-Ermeni-Kilisesi.jpg\",\"articleSection\":[\"G\u00fcn\u00fcm\u00fczde Bat\u0131 Ermenistan\",\"Haberler\"],\"inLanguage\":\"en-US\",\"potentialAction\":[{\"@type\":\"CommentAction\",\"name\":\"Comment\",\"target\":[\"https:\\\/\\\/akunq.net\\\/tr\\\/?p=63036#respond\"]}]},{\"@type\":\"WebPage\",\"@id\":\"https:\\\/\\\/akunq.net\\\/tr\\\/?p=63036\",\"url\":\"https:\\\/\\\/akunq.net\\\/tr\\\/?p=63036\",\"name\":\"Germu\u015f Ermeni Kilisesi\u2019nin sonu ne olacak? - Bati Ermenistan Ve Bati Ermenileri Sorunlari Ara\u015ftirmalar Merkezi\",\"isPartOf\":{\"@id\":\"https:\\\/\\\/akunq.net\\\/tr\\\/#website\"},\"primaryImageOfPage\":{\"@id\":\"https:\\\/\\\/akunq.net\\\/tr\\\/?p=63036#primaryimage\"},\"image\":{\"@id\":\"https:\\\/\\\/akunq.net\\\/tr\\\/?p=63036#primaryimage\"},\"thumbnailUrl\":\"https:\\\/\\\/akunq.net\\\/tr\\\/wp-content\\\/uploads\\\/sites\\\/6\\\/2021\\\/05\\\/Germu\u015f-Ermeni-Kilisesi.jpg\",\"datePublished\":\"2021-05-24T08:49:30+00:00\",\"author\":{\"@id\":\"https:\\\/\\\/akunq.net\\\/tr\\\/#\\\/schema\\\/person\\\/096f1d38a12cce57fb855b485ed24c9e\"},\"breadcrumb\":{\"@id\":\"https:\\\/\\\/akunq.net\\\/tr\\\/?p=63036#breadcrumb\"},\"inLanguage\":\"en-US\",\"potentialAction\":[{\"@type\":\"ReadAction\",\"target\":[\"https:\\\/\\\/akunq.net\\\/tr\\\/?p=63036\"]}]},{\"@type\":\"ImageObject\",\"inLanguage\":\"en-US\",\"@id\":\"https:\\\/\\\/akunq.net\\\/tr\\\/?p=63036#primaryimage\",\"url\":\"https:\\\/\\\/akunq.net\\\/tr\\\/wp-content\\\/uploads\\\/sites\\\/6\\\/2021\\\/05\\\/Germu\u015f-Ermeni-Kilisesi.jpg\",\"contentUrl\":\"https:\\\/\\\/akunq.net\\\/tr\\\/wp-content\\\/uploads\\\/sites\\\/6\\\/2021\\\/05\\\/Germu\u015f-Ermeni-Kilisesi.jpg\",\"width\":820,\"height\":500},{\"@type\":\"BreadcrumbList\",\"@id\":\"https:\\\/\\\/akunq.net\\\/tr\\\/?p=63036#breadcrumb\",\"itemListElement\":[{\"@type\":\"ListItem\",\"position\":1,\"name\":\"Home\",\"item\":\"https:\\\/\\\/akunq.net\\\/tr\"},{\"@type\":\"ListItem\",\"position\":2,\"name\":\"Germu\u015f Ermeni Kilisesi\u2019nin sonu ne olacak?\"}]},{\"@type\":\"WebSite\",\"@id\":\"https:\\\/\\\/akunq.net\\\/tr\\\/#website\",\"url\":\"https:\\\/\\\/akunq.net\\\/tr\\\/\",\"name\":\"Bati Ermenistan Ve Bati Ermenileri Sorunlari Ara\u015ftirmalar Merkezi\",\"description\":\"\",\"potentialAction\":[{\"@type\":\"SearchAction\",\"target\":{\"@type\":\"EntryPoint\",\"urlTemplate\":\"https:\\\/\\\/akunq.net\\\/tr\\\/?s={search_term_string}\"},\"query-input\":{\"@type\":\"PropertyValueSpecification\",\"valueRequired\":true,\"valueName\":\"search_term_string\"}}],\"inLanguage\":\"en-US\"},{\"@type\":\"Person\",\"@id\":\"https:\\\/\\\/akunq.net\\\/tr\\\/#\\\/schema\\\/person\\\/096f1d38a12cce57fb855b485ed24c9e\",\"name\":\"admin\",\"url\":\"https:\\\/\\\/akunq.net\\\/tr\\\/?author=7\"}]}<\/script>\n<!-- \/ Yoast SEO plugin. -->","yoast_head_json":{"title":"Germu\u015f Ermeni Kilisesi\u2019nin sonu ne olacak? - Bati Ermenistan Ve Bati Ermenileri Sorunlari Ara\u015ftirmalar Merkezi","robots":{"index":"index","follow":"follow","max-snippet":"max-snippet:-1","max-image-preview":"max-image-preview:large","max-video-preview":"max-video-preview:-1"},"canonical":"https:\/\/akunq.net\/tr\/?p=63036","og_locale":"en_US","og_type":"article","og_title":"Germu\u015f Ermeni Kilisesi\u2019nin sonu ne olacak? - Bati Ermenistan Ve Bati Ermenileri Sorunlari Ara\u015ftirmalar Merkezi","og_description":"Bisiklet \u0130nsiyatifi \u015eanl\u0131urfa e\u011fitmeni Mehmet Gergerli, Tarihi Germu\u015f Ermeni Kilisesi\u2019ne yapt\u0131\u011f\u0131 gezide g\u00f6rd\u00fcklerini Timet\u00fcrk\u2019e anlatt\u0131. \u015eanl\u0131urfa\u2019da bisiklet s\u00fcr\u00fc\u015f e\u011fitimi veren bisiklet sevdal\u0131s\u0131 Mehmet Gergerli, Germu\u015f Kilisesi\u2019ne yapt\u0131\u011f\u0131 gezi sonras\u0131 g\u00f6rd\u00fckleri kar\u015f\u0131s\u0131nda hayal k\u0131r\u0131kl\u0131\u011f\u0131 ya\u015fad\u0131. \u201cYa\u015fad\u0131\u011f\u0131m duygular\u0131 anlatmakta zorlan\u0131yorum.\u201d \u201cKilise kolonlar\u0131n\u0131n her bir temeli kaz\u0131lm\u0131\u015f. Defineciler taraf\u0131ndan her yer delik de\u015fik edilmi\u015f. Tam bir rezalet i\u00e7inde. [&hellip;]","og_url":"https:\/\/akunq.net\/tr\/?p=63036","og_site_name":"Bati Ermenistan Ve Bati Ermenileri Sorunlari Ara\u015ftirmalar Merkezi","article_published_time":"2021-05-24T08:49:30+00:00","og_image":[{"width":820,"height":500,"url":"https:\/\/akunq.net\/tr\/wp-content\/uploads\/sites\/6\/2021\/05\/Germu\u015f-Ermeni-Kilisesi.jpg","type":"image\/jpeg"}],"author":"admin","twitter_card":"summary_large_image","twitter_misc":{"Written by":"admin","Est. reading time":"1 minute"},"schema":{"@context":"https:\/\/schema.org","@graph":[{"@type":"Article","@id":"https:\/\/akunq.net\/tr\/?p=63036#article","isPartOf":{"@id":"https:\/\/akunq.net\/tr\/?p=63036"},"author":{"name":"admin","@id":"https:\/\/akunq.net\/tr\/#\/schema\/person\/096f1d38a12cce57fb855b485ed24c9e"},"headline":"Germu\u015f Ermeni Kilisesi\u2019nin sonu ne olacak?","datePublished":"2021-05-24T08:49:30+00:00","mainEntityOfPage":{"@id":"https:\/\/akunq.net\/tr\/?p=63036"},"wordCount":246,"commentCount":0,"image":{"@id":"https:\/\/akunq.net\/tr\/?p=63036#primaryimage"},"thumbnailUrl":"https:\/\/akunq.net\/tr\/wp-content\/uploads\/sites\/6\/2021\/05\/Germu\u015f-Ermeni-Kilisesi.jpg","articleSection":["G\u00fcn\u00fcm\u00fczde Bat\u0131 Ermenistan","Haberler"],"inLanguage":"en-US","potentialAction":[{"@type":"CommentAction","name":"Comment","target":["https:\/\/akunq.net\/tr\/?p=63036#respond"]}]},{"@type":"WebPage","@id":"https:\/\/akunq.net\/tr\/?p=63036","url":"https:\/\/akunq.net\/tr\/?p=63036","name":"Germu\u015f Ermeni Kilisesi\u2019nin sonu ne olacak? - Bati Ermenistan Ve Bati Ermenileri Sorunlari Ara\u015ftirmalar Merkezi","isPartOf":{"@id":"https:\/\/akunq.net\/tr\/#website"},"primaryImageOfPage":{"@id":"https:\/\/akunq.net\/tr\/?p=63036#primaryimage"},"image":{"@id":"https:\/\/akunq.net\/tr\/?p=63036#primaryimage"},"thumbnailUrl":"https:\/\/akunq.net\/tr\/wp-content\/uploads\/sites\/6\/2021\/05\/Germu\u015f-Ermeni-Kilisesi.jpg","datePublished":"2021-05-24T08:49:30+00:00","author":{"@id":"https:\/\/akunq.net\/tr\/#\/schema\/person\/096f1d38a12cce57fb855b485ed24c9e"},"breadcrumb":{"@id":"https:\/\/akunq.net\/tr\/?p=63036#breadcrumb"},"inLanguage":"en-US","potentialAction":[{"@type":"ReadAction","target":["https:\/\/akunq.net\/tr\/?p=63036"]}]},{"@type":"ImageObject","inLanguage":"en-US","@id":"https:\/\/akunq.net\/tr\/?p=63036#primaryimage","url":"https:\/\/akunq.net\/tr\/wp-content\/uploads\/sites\/6\/2021\/05\/Germu\u015f-Ermeni-Kilisesi.jpg","contentUrl":"https:\/\/akunq.net\/tr\/wp-content\/uploads\/sites\/6\/2021\/05\/Germu\u015f-Ermeni-Kilisesi.jpg","width":820,"height":500},{"@type":"BreadcrumbList","@id":"https:\/\/akunq.net\/tr\/?p=63036#breadcrumb","itemListElement":[{"@type":"ListItem","position":1,"name":"Home","item":"https:\/\/akunq.net\/tr"},{"@type":"ListItem","position":2,"name":"Germu\u015f Ermeni Kilisesi\u2019nin sonu ne olacak?"}]},{"@type":"WebSite","@id":"https:\/\/akunq.net\/tr\/#website","url":"https:\/\/akunq.net\/tr\/","name":"Bati Ermenistan Ve Bati Ermenileri Sorunlari Ara\u015ftirmalar Merkezi","description":"","potentialAction":[{"@type":"SearchAction","target":{"@type":"EntryPoint","urlTemplate":"https:\/\/akunq.net\/tr\/?s={search_term_string}"},"query-input":{"@type":"PropertyValueSpecification","valueRequired":true,"valueName":"search_term_string"}}],"inLanguage":"en-US"},{"@type":"Person","@id":"https:\/\/akunq.net\/tr\/#\/schema\/person\/096f1d38a12cce57fb855b485ed24c9e","name":"admin","url":"https:\/\/akunq.net\/tr\/?author=7"}]}},"_links":{"self":[{"href":"https:\/\/akunq.net\/tr\/index.php?rest_route=\/wp\/v2\/posts\/63036","targetHints":{"allow":["GET"]}}],"collection":[{"href":"https:\/\/akunq.net\/tr\/index.php?rest_route=\/wp\/v2\/posts"}],"about":[{"href":"https:\/\/akunq.net\/tr\/index.php?rest_route=\/wp\/v2\/types\/post"}],"author":[{"embeddable":true,"href":"https:\/\/akunq.net\/tr\/index.php?rest_route=\/wp\/v2\/users\/7"}],"replies":[{"embeddable":true,"href":"https:\/\/akunq.net\/tr\/index.php?rest_route=%2Fwp%2Fv2%2Fcomments&post=63036"}],"version-history":[{"count":1,"href":"https:\/\/akunq.net\/tr\/index.php?rest_route=\/wp\/v2\/posts\/63036\/revisions"}],"predecessor-version":[{"id":63038,"href":"https:\/\/akunq.net\/tr\/index.php?rest_route=\/wp\/v2\/posts\/63036\/revisions\/63038"}],"wp:featuredmedia":[{"embeddable":true,"href":"https:\/\/akunq.net\/tr\/index.php?rest_route=\/wp\/v2\/media\/63037"}],"wp:attachment":[{"href":"https:\/\/akunq.net\/tr\/index.php?rest_route=%2Fwp%2Fv2%2Fmedia&parent=63036"}],"wp:term":[{"taxonomy":"category","embeddable":true,"href":"https:\/\/akunq.net\/tr\/index.php?rest_route=%2Fwp%2Fv2%2Fcategories&post=63036"},{"taxonomy":"post_tag","embeddable":true,"href":"https:\/\/akunq.net\/tr\/index.php?rest_route=%2Fwp%2Fv2%2Ftags&post=63036"}],"curies":[{"name":"wp","href":"https:\/\/api.w.org\/{rel}","templated":true}]}}