{"id":63033,"date":"2021-05-24T03:15:44","date_gmt":"2021-05-24T08:15:44","guid":{"rendered":"https:\/\/akunq.net\/tr\/?p=63033"},"modified":"2021-05-24T03:15:44","modified_gmt":"2021-05-24T08:15:44","slug":"sahak-sarksyani-ziyareti","status":"publish","type":"post","link":"https:\/\/akunq.net\/tr\/?p=63033","title":{"rendered":"Sahak Sarksyan&#8217;\u0131 ziyareti"},"content":{"rendered":"<p><img loading=\"lazy\" decoding=\"async\" class=\"aligncenter size-medium wp-image-63034\" src=\"https:\/\/akunq.net\/tr\/wp-content\/uploads\/2021\/05\/\u054d\u0531\u0540\u0531\u053f-\u054d\u0531\u0550\u0533\u054d\u0535\u0531\u0546-360x270.jpg\" alt=\"\" width=\"360\" height=\"270\" srcset=\"https:\/\/akunq.net\/tr\/wp-content\/uploads\/sites\/6\/2021\/05\/\u054d\u0531\u0540\u0531\u053f-\u054d\u0531\u0550\u0533\u054d\u0535\u0531\u0546-360x270.jpg 360w, https:\/\/akunq.net\/tr\/wp-content\/uploads\/sites\/6\/2021\/05\/\u054d\u0531\u0540\u0531\u053f-\u054d\u0531\u0550\u0533\u054d\u0535\u0531\u0546-768x576.jpg 768w, https:\/\/akunq.net\/tr\/wp-content\/uploads\/sites\/6\/2021\/05\/\u054d\u0531\u0540\u0531\u053f-\u054d\u0531\u0550\u0533\u054d\u0535\u0531\u0546-1536x1152.jpg 1536w, https:\/\/akunq.net\/tr\/wp-content\/uploads\/sites\/6\/2021\/05\/\u054d\u0531\u0540\u0531\u053f-\u054d\u0531\u0550\u0533\u054d\u0535\u0531\u0546-560x420.jpg 560w, https:\/\/akunq.net\/tr\/wp-content\/uploads\/sites\/6\/2021\/05\/\u054d\u0531\u0540\u0531\u053f-\u054d\u0531\u0550\u0533\u054d\u0535\u0531\u0546-260x195.jpg 260w, https:\/\/akunq.net\/tr\/wp-content\/uploads\/sites\/6\/2021\/05\/\u054d\u0531\u0540\u0531\u053f-\u054d\u0531\u0550\u0533\u054d\u0535\u0531\u0546-160x120.jpg 160w, https:\/\/akunq.net\/tr\/wp-content\/uploads\/sites\/6\/2021\/05\/\u054d\u0531\u0540\u0531\u053f-\u054d\u0531\u0550\u0533\u054d\u0535\u0531\u0546.jpg 2000w\" sizes=\"auto, (max-width: 360px) 100vw, 360px\" \/><\/p>\n<p>Kadasetli Patrik Sahak II. Hazretleri, 21 May\u0131s 2021, Cuma sabah\u0131, nezaket ziyaretinde bulunan Karadeniz Ekonomik \u0130\u015fbirli\u011fi Toplulu\u011fu (KE\u0130T) Ermenistan Cumhuriyeti Daimi Temsilcisi Sahak Sarksyan\u2019\u0131 ve m\u00fcste\u015far Na\u011fa\u015f Hagopyan\u2019\u0131 Patrikhane\u2019de kabul etti. G\u00f6r\u00fc\u015fmede Patriklik Kalem M\u00fcd\u00fcr Yard\u0131mc\u0131s\u0131 Rahip Hovagim Serovpyan da haz\u0131r bulundu.<\/p>\n<p><em><strong><a href=\"https:\/\/www.facebook.com\/TRArmenianPatriarchate\/photos\/a.127587797401112\/1852160351610506\/\">https:\/\/www.facebook.com\/TRArmenianPatriarchate\/photos\/a.127587797401112\/1852160351610506\/<\/a><\/strong><\/em><\/p>\n","protected":false},"excerpt":{"rendered":"<p>Kadasetli Patrik Sahak II. Hazretleri, 21 May\u0131s 2021, Cuma sabah\u0131, nezaket ziyaretinde bulunan Karadeniz Ekonomik \u0130\u015fbirli\u011fi Toplulu\u011fu (KE\u0130T) Ermenistan Cumhuriyeti Daimi Temsilcisi Sahak Sarksyan\u2019\u0131 ve m\u00fcste\u015far Na\u011fa\u015f Hagopyan\u2019\u0131 Patrikhane\u2019de kabul etti. G\u00f6r\u00fc\u015fmede Patriklik Kalem M\u00fcd\u00fcr Yard\u0131mc\u0131s\u0131 Rahip Hovagim Serovpyan da haz\u0131r bulundu. https:\/\/www.facebook.com\/TRArmenianPatriarchate\/photos\/a.127587797401112\/1852160351610506\/<\/p>\n","protected":false},"author":7,"featured_media":63034,"comment_status":"open","ping_status":"open","sticky":false,"template":"","format":"standard","meta":{"footnotes":""},"categories":[1],"tags":[],"class_list":["post-63033","post","type-post","status-publish","format-standard","has-post-thumbnail","hentry","category-haberler"],"yoast_head":"<!-- This site is optimized with the Yoast SEO plugin v27.4 - https:\/\/yoast.com\/product\/yoast-seo-wordpress\/ -->\n<title>Sahak Sarksyan&#039;\u0131 ziyareti - Bati Ermenistan Ve Bati Ermenileri Sorunlari Ara\u015ftirmalar Merkezi<\/title>\n<meta name=\"robots\" content=\"index, follow, max-snippet:-1, max-image-preview:large, max-video-preview:-1\" \/>\n<link rel=\"canonical\" href=\"https:\/\/akunq.net\/tr\/?p=63033\" \/>\n<meta property=\"og:locale\" content=\"en_US\" \/>\n<meta property=\"og:type\" content=\"article\" \/>\n<meta property=\"og:title\" content=\"Sahak Sarksyan&#039;\u0131 ziyareti - Bati Ermenistan Ve Bati Ermenileri Sorunlari Ara\u015ftirmalar Merkezi\" \/>\n<meta property=\"og:description\" content=\"Kadasetli Patrik Sahak II. Hazretleri, 21 May\u0131s 2021, Cuma sabah\u0131, nezaket ziyaretinde bulunan Karadeniz Ekonomik \u0130\u015fbirli\u011fi Toplulu\u011fu (KE\u0130T) Ermenistan Cumhuriyeti Daimi Temsilcisi Sahak Sarksyan\u2019\u0131 ve m\u00fcste\u015far Na\u011fa\u015f Hagopyan\u2019\u0131 Patrikhane\u2019de kabul etti. G\u00f6r\u00fc\u015fmede Patriklik Kalem M\u00fcd\u00fcr Yard\u0131mc\u0131s\u0131 Rahip Hovagim Serovpyan da haz\u0131r bulundu. https:\/\/www.facebook.com\/TRArmenianPatriarchate\/photos\/a.127587797401112\/1852160351610506\/\" \/>\n<meta property=\"og:url\" content=\"https:\/\/akunq.net\/tr\/?p=63033\" \/>\n<meta property=\"og:site_name\" content=\"Bati Ermenistan Ve Bati Ermenileri Sorunlari Ara\u015ftirmalar Merkezi\" \/>\n<meta property=\"article:published_time\" content=\"2021-05-24T08:15:44+00:00\" \/>\n<meta property=\"og:image\" content=\"https:\/\/akunq.net\/tr\/wp-content\/uploads\/sites\/6\/2021\/05\/\u054d\u0531\u0540\u0531\u053f-\u054d\u0531\u0550\u0533\u054d\u0535\u0531\u0546.jpg\" \/>\n\t<meta property=\"og:image:width\" content=\"2000\" \/>\n\t<meta property=\"og:image:height\" content=\"1500\" \/>\n\t<meta property=\"og:image:type\" content=\"image\/jpeg\" \/>\n<meta name=\"author\" content=\"admin\" \/>\n<meta name=\"twitter:card\" content=\"summary_large_image\" \/>\n<meta name=\"twitter:label1\" content=\"Written by\" \/>\n\t<meta name=\"twitter:data1\" content=\"admin\" \/>\n<script type=\"application\/ld+json\" class=\"yoast-schema-graph\">{\"@context\":\"https:\\\/\\\/schema.org\",\"@graph\":[{\"@type\":\"Article\",\"@id\":\"https:\\\/\\\/akunq.net\\\/tr\\\/?p=63033#article\",\"isPartOf\":{\"@id\":\"https:\\\/\\\/akunq.net\\\/tr\\\/?p=63033\"},\"author\":{\"name\":\"admin\",\"@id\":\"https:\\\/\\\/akunq.net\\\/tr\\\/#\\\/schema\\\/person\\\/096f1d38a12cce57fb855b485ed24c9e\"},\"headline\":\"Sahak Sarksyan&#8217;\u0131 ziyareti\",\"datePublished\":\"2021-05-24T08:15:44+00:00\",\"mainEntityOfPage\":{\"@id\":\"https:\\\/\\\/akunq.net\\\/tr\\\/?p=63033\"},\"wordCount\":65,\"commentCount\":0,\"image\":{\"@id\":\"https:\\\/\\\/akunq.net\\\/tr\\\/?p=63033#primaryimage\"},\"thumbnailUrl\":\"https:\\\/\\\/akunq.net\\\/tr\\\/wp-content\\\/uploads\\\/sites\\\/6\\\/2021\\\/05\\\/\u054d\u0531\u0540\u0531\u053f-\u054d\u0531\u0550\u0533\u054d\u0535\u0531\u0546.jpg\",\"articleSection\":[\"Haberler\"],\"inLanguage\":\"en-US\",\"potentialAction\":[{\"@type\":\"CommentAction\",\"name\":\"Comment\",\"target\":[\"https:\\\/\\\/akunq.net\\\/tr\\\/?p=63033#respond\"]}]},{\"@type\":\"WebPage\",\"@id\":\"https:\\\/\\\/akunq.net\\\/tr\\\/?p=63033\",\"url\":\"https:\\\/\\\/akunq.net\\\/tr\\\/?p=63033\",\"name\":\"Sahak Sarksyan'\u0131 ziyareti - Bati Ermenistan Ve Bati Ermenileri Sorunlari Ara\u015ftirmalar Merkezi\",\"isPartOf\":{\"@id\":\"https:\\\/\\\/akunq.net\\\/tr\\\/#website\"},\"primaryImageOfPage\":{\"@id\":\"https:\\\/\\\/akunq.net\\\/tr\\\/?p=63033#primaryimage\"},\"image\":{\"@id\":\"https:\\\/\\\/akunq.net\\\/tr\\\/?p=63033#primaryimage\"},\"thumbnailUrl\":\"https:\\\/\\\/akunq.net\\\/tr\\\/wp-content\\\/uploads\\\/sites\\\/6\\\/2021\\\/05\\\/\u054d\u0531\u0540\u0531\u053f-\u054d\u0531\u0550\u0533\u054d\u0535\u0531\u0546.jpg\",\"datePublished\":\"2021-05-24T08:15:44+00:00\",\"author\":{\"@id\":\"https:\\\/\\\/akunq.net\\\/tr\\\/#\\\/schema\\\/person\\\/096f1d38a12cce57fb855b485ed24c9e\"},\"breadcrumb\":{\"@id\":\"https:\\\/\\\/akunq.net\\\/tr\\\/?p=63033#breadcrumb\"},\"inLanguage\":\"en-US\",\"potentialAction\":[{\"@type\":\"ReadAction\",\"target\":[\"https:\\\/\\\/akunq.net\\\/tr\\\/?p=63033\"]}]},{\"@type\":\"ImageObject\",\"inLanguage\":\"en-US\",\"@id\":\"https:\\\/\\\/akunq.net\\\/tr\\\/?p=63033#primaryimage\",\"url\":\"https:\\\/\\\/akunq.net\\\/tr\\\/wp-content\\\/uploads\\\/sites\\\/6\\\/2021\\\/05\\\/\u054d\u0531\u0540\u0531\u053f-\u054d\u0531\u0550\u0533\u054d\u0535\u0531\u0546.jpg\",\"contentUrl\":\"https:\\\/\\\/akunq.net\\\/tr\\\/wp-content\\\/uploads\\\/sites\\\/6\\\/2021\\\/05\\\/\u054d\u0531\u0540\u0531\u053f-\u054d\u0531\u0550\u0533\u054d\u0535\u0531\u0546.jpg\",\"width\":2000,\"height\":1500},{\"@type\":\"BreadcrumbList\",\"@id\":\"https:\\\/\\\/akunq.net\\\/tr\\\/?p=63033#breadcrumb\",\"itemListElement\":[{\"@type\":\"ListItem\",\"position\":1,\"name\":\"Home\",\"item\":\"https:\\\/\\\/akunq.net\\\/tr\"},{\"@type\":\"ListItem\",\"position\":2,\"name\":\"Sahak Sarksyan&#8217;\u0131 ziyareti\"}]},{\"@type\":\"WebSite\",\"@id\":\"https:\\\/\\\/akunq.net\\\/tr\\\/#website\",\"url\":\"https:\\\/\\\/akunq.net\\\/tr\\\/\",\"name\":\"Bati Ermenistan Ve Bati Ermenileri Sorunlari Ara\u015ftirmalar Merkezi\",\"description\":\"\",\"potentialAction\":[{\"@type\":\"SearchAction\",\"target\":{\"@type\":\"EntryPoint\",\"urlTemplate\":\"https:\\\/\\\/akunq.net\\\/tr\\\/?s={search_term_string}\"},\"query-input\":{\"@type\":\"PropertyValueSpecification\",\"valueRequired\":true,\"valueName\":\"search_term_string\"}}],\"inLanguage\":\"en-US\"},{\"@type\":\"Person\",\"@id\":\"https:\\\/\\\/akunq.net\\\/tr\\\/#\\\/schema\\\/person\\\/096f1d38a12cce57fb855b485ed24c9e\",\"name\":\"admin\",\"url\":\"https:\\\/\\\/akunq.net\\\/tr\\\/?author=7\"}]}<\/script>\n<!-- \/ Yoast SEO plugin. -->","yoast_head_json":{"title":"Sahak Sarksyan'\u0131 ziyareti - Bati Ermenistan Ve Bati Ermenileri Sorunlari Ara\u015ftirmalar Merkezi","robots":{"index":"index","follow":"follow","max-snippet":"max-snippet:-1","max-image-preview":"max-image-preview:large","max-video-preview":"max-video-preview:-1"},"canonical":"https:\/\/akunq.net\/tr\/?p=63033","og_locale":"en_US","og_type":"article","og_title":"Sahak Sarksyan'\u0131 ziyareti - Bati Ermenistan Ve Bati Ermenileri Sorunlari Ara\u015ftirmalar Merkezi","og_description":"Kadasetli Patrik Sahak II. Hazretleri, 21 May\u0131s 2021, Cuma sabah\u0131, nezaket ziyaretinde bulunan Karadeniz Ekonomik \u0130\u015fbirli\u011fi Toplulu\u011fu (KE\u0130T) Ermenistan Cumhuriyeti Daimi Temsilcisi Sahak Sarksyan\u2019\u0131 ve m\u00fcste\u015far Na\u011fa\u015f Hagopyan\u2019\u0131 Patrikhane\u2019de kabul etti. G\u00f6r\u00fc\u015fmede Patriklik Kalem M\u00fcd\u00fcr Yard\u0131mc\u0131s\u0131 Rahip Hovagim Serovpyan da haz\u0131r bulundu. https:\/\/www.facebook.com\/TRArmenianPatriarchate\/photos\/a.127587797401112\/1852160351610506\/","og_url":"https:\/\/akunq.net\/tr\/?p=63033","og_site_name":"Bati Ermenistan Ve Bati Ermenileri Sorunlari Ara\u015ftirmalar Merkezi","article_published_time":"2021-05-24T08:15:44+00:00","og_image":[{"width":2000,"height":1500,"url":"https:\/\/akunq.net\/tr\/wp-content\/uploads\/sites\/6\/2021\/05\/\u054d\u0531\u0540\u0531\u053f-\u054d\u0531\u0550\u0533\u054d\u0535\u0531\u0546.jpg","type":"image\/jpeg"}],"author":"admin","twitter_card":"summary_large_image","twitter_misc":{"Written by":"admin"},"schema":{"@context":"https:\/\/schema.org","@graph":[{"@type":"Article","@id":"https:\/\/akunq.net\/tr\/?p=63033#article","isPartOf":{"@id":"https:\/\/akunq.net\/tr\/?p=63033"},"author":{"name":"admin","@id":"https:\/\/akunq.net\/tr\/#\/schema\/person\/096f1d38a12cce57fb855b485ed24c9e"},"headline":"Sahak Sarksyan&#8217;\u0131 ziyareti","datePublished":"2021-05-24T08:15:44+00:00","mainEntityOfPage":{"@id":"https:\/\/akunq.net\/tr\/?p=63033"},"wordCount":65,"commentCount":0,"image":{"@id":"https:\/\/akunq.net\/tr\/?p=63033#primaryimage"},"thumbnailUrl":"https:\/\/akunq.net\/tr\/wp-content\/uploads\/sites\/6\/2021\/05\/\u054d\u0531\u0540\u0531\u053f-\u054d\u0531\u0550\u0533\u054d\u0535\u0531\u0546.jpg","articleSection":["Haberler"],"inLanguage":"en-US","potentialAction":[{"@type":"CommentAction","name":"Comment","target":["https:\/\/akunq.net\/tr\/?p=63033#respond"]}]},{"@type":"WebPage","@id":"https:\/\/akunq.net\/tr\/?p=63033","url":"https:\/\/akunq.net\/tr\/?p=63033","name":"Sahak Sarksyan'\u0131 ziyareti - Bati Ermenistan Ve Bati Ermenileri Sorunlari Ara\u015ftirmalar Merkezi","isPartOf":{"@id":"https:\/\/akunq.net\/tr\/#website"},"primaryImageOfPage":{"@id":"https:\/\/akunq.net\/tr\/?p=63033#primaryimage"},"image":{"@id":"https:\/\/akunq.net\/tr\/?p=63033#primaryimage"},"thumbnailUrl":"https:\/\/akunq.net\/tr\/wp-content\/uploads\/sites\/6\/2021\/05\/\u054d\u0531\u0540\u0531\u053f-\u054d\u0531\u0550\u0533\u054d\u0535\u0531\u0546.jpg","datePublished":"2021-05-24T08:15:44+00:00","author":{"@id":"https:\/\/akunq.net\/tr\/#\/schema\/person\/096f1d38a12cce57fb855b485ed24c9e"},"breadcrumb":{"@id":"https:\/\/akunq.net\/tr\/?p=63033#breadcrumb"},"inLanguage":"en-US","potentialAction":[{"@type":"ReadAction","target":["https:\/\/akunq.net\/tr\/?p=63033"]}]},{"@type":"ImageObject","inLanguage":"en-US","@id":"https:\/\/akunq.net\/tr\/?p=63033#primaryimage","url":"https:\/\/akunq.net\/tr\/wp-content\/uploads\/sites\/6\/2021\/05\/\u054d\u0531\u0540\u0531\u053f-\u054d\u0531\u0550\u0533\u054d\u0535\u0531\u0546.jpg","contentUrl":"https:\/\/akunq.net\/tr\/wp-content\/uploads\/sites\/6\/2021\/05\/\u054d\u0531\u0540\u0531\u053f-\u054d\u0531\u0550\u0533\u054d\u0535\u0531\u0546.jpg","width":2000,"height":1500},{"@type":"BreadcrumbList","@id":"https:\/\/akunq.net\/tr\/?p=63033#breadcrumb","itemListElement":[{"@type":"ListItem","position":1,"name":"Home","item":"https:\/\/akunq.net\/tr"},{"@type":"ListItem","position":2,"name":"Sahak Sarksyan&#8217;\u0131 ziyareti"}]},{"@type":"WebSite","@id":"https:\/\/akunq.net\/tr\/#website","url":"https:\/\/akunq.net\/tr\/","name":"Bati Ermenistan Ve Bati Ermenileri Sorunlari Ara\u015ftirmalar Merkezi","description":"","potentialAction":[{"@type":"SearchAction","target":{"@type":"EntryPoint","urlTemplate":"https:\/\/akunq.net\/tr\/?s={search_term_string}"},"query-input":{"@type":"PropertyValueSpecification","valueRequired":true,"valueName":"search_term_string"}}],"inLanguage":"en-US"},{"@type":"Person","@id":"https:\/\/akunq.net\/tr\/#\/schema\/person\/096f1d38a12cce57fb855b485ed24c9e","name":"admin","url":"https:\/\/akunq.net\/tr\/?author=7"}]}},"_links":{"self":[{"href":"https:\/\/akunq.net\/tr\/index.php?rest_route=\/wp\/v2\/posts\/63033","targetHints":{"allow":["GET"]}}],"collection":[{"href":"https:\/\/akunq.net\/tr\/index.php?rest_route=\/wp\/v2\/posts"}],"about":[{"href":"https:\/\/akunq.net\/tr\/index.php?rest_route=\/wp\/v2\/types\/post"}],"author":[{"embeddable":true,"href":"https:\/\/akunq.net\/tr\/index.php?rest_route=\/wp\/v2\/users\/7"}],"replies":[{"embeddable":true,"href":"https:\/\/akunq.net\/tr\/index.php?rest_route=%2Fwp%2Fv2%2Fcomments&post=63033"}],"version-history":[{"count":1,"href":"https:\/\/akunq.net\/tr\/index.php?rest_route=\/wp\/v2\/posts\/63033\/revisions"}],"predecessor-version":[{"id":63035,"href":"https:\/\/akunq.net\/tr\/index.php?rest_route=\/wp\/v2\/posts\/63033\/revisions\/63035"}],"wp:featuredmedia":[{"embeddable":true,"href":"https:\/\/akunq.net\/tr\/index.php?rest_route=\/wp\/v2\/media\/63034"}],"wp:attachment":[{"href":"https:\/\/akunq.net\/tr\/index.php?rest_route=%2Fwp%2Fv2%2Fmedia&parent=63033"}],"wp:term":[{"taxonomy":"category","embeddable":true,"href":"https:\/\/akunq.net\/tr\/index.php?rest_route=%2Fwp%2Fv2%2Fcategories&post=63033"},{"taxonomy":"post_tag","embeddable":true,"href":"https:\/\/akunq.net\/tr\/index.php?rest_route=%2Fwp%2Fv2%2Ftags&post=63033"}],"curies":[{"name":"wp","href":"https:\/\/api.w.org\/{rel}","templated":true}]}}