{"id":63014,"date":"2021-05-21T07:58:33","date_gmt":"2021-05-21T12:58:33","guid":{"rendered":"https:\/\/akunq.net\/tr\/?p=63014"},"modified":"2021-05-21T07:58:33","modified_gmt":"2021-05-21T12:58:33","slug":"yuksek-kilise-ihtisamiyla-ziyaretcilerini-bekliyor","status":"publish","type":"post","link":"https:\/\/akunq.net\/tr\/?p=63014","title":{"rendered":"Y\u00fcksek Kilise ihti\u015fam\u0131yla ziyaret\u00e7ilerini bekliyor"},"content":{"rendered":"<p><img loading=\"lazy\" decoding=\"async\" class=\"aligncenter size-medium wp-image-63015\" src=\"https:\/\/akunq.net\/tr\/wp-content\/uploads\/2021\/05\/Y\u00fcksek-Kilise-360x203.jpg\" alt=\"\" width=\"360\" height=\"203\" srcset=\"https:\/\/akunq.net\/tr\/wp-content\/uploads\/sites\/6\/2021\/05\/Y\u00fcksek-Kilise-360x203.jpg 360w, https:\/\/akunq.net\/tr\/wp-content\/uploads\/sites\/6\/2021\/05\/Y\u00fcksek-Kilise-768x432.jpg 768w, https:\/\/akunq.net\/tr\/wp-content\/uploads\/sites\/6\/2021\/05\/Y\u00fcksek-Kilise-560x315.jpg 560w, https:\/\/akunq.net\/tr\/wp-content\/uploads\/sites\/6\/2021\/05\/Y\u00fcksek-Kilise-260x146.jpg 260w, https:\/\/akunq.net\/tr\/wp-content\/uploads\/sites\/6\/2021\/05\/Y\u00fcksek-Kilise-160x90.jpg 160w, https:\/\/akunq.net\/tr\/wp-content\/uploads\/sites\/6\/2021\/05\/Y\u00fcksek-Kilise.jpg 864w\" sizes=\"auto, (max-width: 360px) 100vw, 360px\" \/><\/p>\n<p><em><strong>Aksaray\u2019da, Bizans d\u00f6neminden kalma \u015fapelin i\u00e7ine 19. y\u00fczy\u0131lda yap\u0131lan Y\u00fcksek Kilise, ihti\u015fam\u0131yla etkiliyor.<\/strong><\/em><\/p>\n<p><strong>Zekeriya Karadavut<\/strong><\/p>\n<p>G\u00fczelyurt il\u00e7e merkezine 3 kilometre mesafede, g\u00f6l kenar\u0131na dik kayalar \u00fczerine ta\u015f oyma olarak in\u015fa edilen ve K\u0131zlar Manast\u0131r\u0131 ad\u0131yla da an\u0131lan tarihi yap\u0131, ge\u00e7mi\u015fte Hristiyanlar\u0131n kutsal hac yolu \u00fczerinde yer ald\u0131\u011f\u0131 i\u00e7in ilgi g\u00f6r\u00fcyor.<\/p>\n<p>K\u00fclt\u00fcr ve Turizm Bakanl\u0131\u011f\u0131nca 2001 y\u0131l\u0131nda restorasyonuna ba\u015flanan ve ayn\u0131 y\u0131l ziyaret\u00e7ilere a\u00e7\u0131lan Y\u00fcksek Kilise\u2019ye gelen turistler, su sarn\u0131c\u0131 ve g\u00fcvercinli\u011fi de ziyaret ediyor.<\/p>\n<p>G\u00fczelyurt Kaymakam\u0131 Nurullah Cemil Erciyas, AA muhabirine, il\u00e7enin Kapadokya b\u00f6lgesinin do\u011fu giri\u015f kap\u0131s\u0131 oldu\u011funu an\u0131msatt\u0131.<\/p>\n<p>\u0130l\u00e7enin Kapadokya b\u00f6lgesinin k\u00fclt\u00fcr hazinesi oldu\u011funu anlatan Erciyas, \u201cB\u00f6lgemizde Hristiyanl\u0131kla birlikte ya\u015fam ba\u015flam\u0131\u015f. 4. y\u00fczy\u0131lda Aziz Gregorius Theologos\u2019un buraya gelmesiyle birlikte bu b\u00f6lgede Ortodoksluk mezhebinin ilk fikirleri ya\u015fam alan\u0131 bulmu\u015f.\u201d diye konu\u015ftu.<\/p>\n<p>Erciyas, Y\u00fcksek Kilise\u2019nin b\u00f6lgeye hakim y\u00fcksek bir tepenin \u00fczerine ta\u015f oyma olarak in\u015fa edildi\u011fini aktard\u0131.<\/p>\n<p>Yap\u0131n\u0131n tam kar\u015f\u0131s\u0131nda Sivrihisar Kalesi\u2019nin yer ald\u0131\u011f\u0131n\u0131 vurgulayan Erciyas, \u015f\u00f6yle konu\u015ftu:<\/p>\n<p>\u201cY\u00fcksek Kilise, Ihlara Vadisi ve Hasan Da\u011f\u0131 eteklerine kurulan Mokissos Antik Kenti ile bir haberle\u015fme a\u011f\u0131na sahip. Yap\u0131 bu b\u00f6lgede bir tehlike oldu\u011funda onu g\u00f6rebilen fiziki konumda. Y\u00fcksek Kilise\u2019nin, g\u00f6l kenar\u0131nda dik kayalar \u00fczerinde harika bir yap\u0131s\u0131 var. Sonraki y\u0131llarda kad\u0131n cezaevi olarak da kullan\u0131lm\u0131\u015f. K\u00fclt\u00fcr ve Turizm Bakanl\u0131\u011f\u0131m\u0131zca 2001\u2019de ba\u015flat\u0131lan restorasyon \u00e7al\u0131\u015fmalar\u0131n\u0131n ard\u0131ndan ziyarete a\u00e7\u0131lm\u0131\u015f. Yerli ve yabanc\u0131 t\u00fcm misafirlerimizi bekliyoruz.\u201d<\/p>\n<p><strong>\u201cMisafirlerimiz tarihe tan\u0131kl\u0131k ediyor\u201d<\/strong><br \/>\nErciyas, Kovid-19 salg\u0131n\u0131 \u00f6ncesinde il\u00e7edeki tarihi ve do\u011fal g\u00fczellikleri g\u00f6rmeye y\u0131lda yakla\u015f\u0131k 600 bin ziyaret\u00e7i geldi\u011fini anlatt\u0131.<\/p>\n<p>G\u00fczelyurt\u2019un turistler i\u00e7in bir cazibe noktas\u0131 haline geldi\u011fini aktaran Erciyas, \u201cZiyaretler devam ediyor, \u015fu anda da ziyarete a\u00e7\u0131k. Y\u00fcksek Kilise\u2019ye gelen misafirlerimiz tarihe tan\u0131kl\u0131k ediyor. Kovid-19\u2019un getirdi\u011fi \u015fartlar\u0131n ard\u0131ndan b\u00f6lgemizdeki turizm hareketlili\u011finin artaca\u011f\u0131n\u0131 d\u00fc\u015f\u00fcn\u00fcyoruz.\u201d ifadesini kulland\u0131.<\/p>\n<hr \/>\n<p><em><strong><a href=\"https:\/\/www.aa.com.tr\/tr\/kultur-sanat\/yuksek-kilise-ihtisamiyla-ziyaretcilerini-bekliyor\/2249749\" target=\"_blank\" rel=\"noopener noreferrer\">AA<\/a>\u00a0<\/strong><\/em><\/p>\n","protected":false},"excerpt":{"rendered":"<p>Aksaray\u2019da, Bizans d\u00f6neminden kalma \u015fapelin i\u00e7ine 19. y\u00fczy\u0131lda yap\u0131lan Y\u00fcksek Kilise, ihti\u015fam\u0131yla etkiliyor. Zekeriya Karadavut G\u00fczelyurt il\u00e7e merkezine 3 kilometre mesafede, g\u00f6l kenar\u0131na dik kayalar \u00fczerine ta\u015f oyma olarak in\u015fa edilen ve K\u0131zlar Manast\u0131r\u0131 ad\u0131yla da an\u0131lan tarihi yap\u0131, ge\u00e7mi\u015fte Hristiyanlar\u0131n kutsal hac yolu \u00fczerinde yer ald\u0131\u011f\u0131 i\u00e7in ilgi g\u00f6r\u00fcyor. K\u00fclt\u00fcr ve Turizm Bakanl\u0131\u011f\u0131nca 2001 [&hellip;]<\/p>\n","protected":false},"author":7,"featured_media":63015,"comment_status":"open","ping_status":"open","sticky":false,"template":"","format":"standard","meta":{"footnotes":""},"categories":[1],"tags":[],"class_list":["post-63014","post","type-post","status-publish","format-standard","has-post-thumbnail","hentry","category-haberler"],"yoast_head":"<!-- This site is optimized with the Yoast SEO plugin v27.4 - https:\/\/yoast.com\/product\/yoast-seo-wordpress\/ -->\n<title>Y\u00fcksek Kilise ihti\u015fam\u0131yla ziyaret\u00e7ilerini bekliyor - Bati Ermenistan Ve Bati Ermenileri Sorunlari Ara\u015ftirmalar Merkezi<\/title>\n<meta name=\"robots\" content=\"index, follow, max-snippet:-1, max-image-preview:large, max-video-preview:-1\" \/>\n<link rel=\"canonical\" href=\"https:\/\/akunq.net\/tr\/?p=63014\" \/>\n<meta property=\"og:locale\" content=\"en_US\" \/>\n<meta property=\"og:type\" content=\"article\" \/>\n<meta property=\"og:title\" content=\"Y\u00fcksek Kilise ihti\u015fam\u0131yla ziyaret\u00e7ilerini bekliyor - Bati Ermenistan Ve Bati Ermenileri Sorunlari Ara\u015ftirmalar Merkezi\" \/>\n<meta property=\"og:description\" content=\"Aksaray\u2019da, Bizans d\u00f6neminden kalma \u015fapelin i\u00e7ine 19. y\u00fczy\u0131lda yap\u0131lan Y\u00fcksek Kilise, ihti\u015fam\u0131yla etkiliyor. Zekeriya Karadavut G\u00fczelyurt il\u00e7e merkezine 3 kilometre mesafede, g\u00f6l kenar\u0131na dik kayalar \u00fczerine ta\u015f oyma olarak in\u015fa edilen ve K\u0131zlar Manast\u0131r\u0131 ad\u0131yla da an\u0131lan tarihi yap\u0131, ge\u00e7mi\u015fte Hristiyanlar\u0131n kutsal hac yolu \u00fczerinde yer ald\u0131\u011f\u0131 i\u00e7in ilgi g\u00f6r\u00fcyor. K\u00fclt\u00fcr ve Turizm Bakanl\u0131\u011f\u0131nca 2001 [&hellip;]\" \/>\n<meta property=\"og:url\" content=\"https:\/\/akunq.net\/tr\/?p=63014\" \/>\n<meta property=\"og:site_name\" content=\"Bati Ermenistan Ve Bati Ermenileri Sorunlari Ara\u015ftirmalar Merkezi\" \/>\n<meta property=\"article:published_time\" content=\"2021-05-21T12:58:33+00:00\" \/>\n<meta property=\"og:image\" content=\"https:\/\/akunq.net\/tr\/wp-content\/uploads\/sites\/6\/2021\/05\/Y\u00fcksek-Kilise.jpg\" \/>\n\t<meta property=\"og:image:width\" content=\"864\" \/>\n\t<meta property=\"og:image:height\" content=\"486\" \/>\n\t<meta property=\"og:image:type\" content=\"image\/jpeg\" \/>\n<meta name=\"author\" content=\"admin\" \/>\n<meta name=\"twitter:card\" content=\"summary_large_image\" \/>\n<meta name=\"twitter:label1\" content=\"Written by\" \/>\n\t<meta name=\"twitter:data1\" content=\"admin\" \/>\n\t<meta name=\"twitter:label2\" content=\"Est. reading time\" \/>\n\t<meta name=\"twitter:data2\" content=\"2 minutes\" \/>\n<script type=\"application\/ld+json\" class=\"yoast-schema-graph\">{\"@context\":\"https:\\\/\\\/schema.org\",\"@graph\":[{\"@type\":\"Article\",\"@id\":\"https:\\\/\\\/akunq.net\\\/tr\\\/?p=63014#article\",\"isPartOf\":{\"@id\":\"https:\\\/\\\/akunq.net\\\/tr\\\/?p=63014\"},\"author\":{\"name\":\"admin\",\"@id\":\"https:\\\/\\\/akunq.net\\\/tr\\\/#\\\/schema\\\/person\\\/096f1d38a12cce57fb855b485ed24c9e\"},\"headline\":\"Y\u00fcksek Kilise ihti\u015fam\u0131yla ziyaret\u00e7ilerini bekliyor\",\"datePublished\":\"2021-05-21T12:58:33+00:00\",\"mainEntityOfPage\":{\"@id\":\"https:\\\/\\\/akunq.net\\\/tr\\\/?p=63014\"},\"wordCount\":399,\"commentCount\":0,\"image\":{\"@id\":\"https:\\\/\\\/akunq.net\\\/tr\\\/?p=63014#primaryimage\"},\"thumbnailUrl\":\"https:\\\/\\\/akunq.net\\\/tr\\\/wp-content\\\/uploads\\\/sites\\\/6\\\/2021\\\/05\\\/Y\u00fcksek-Kilise.jpg\",\"articleSection\":[\"Haberler\"],\"inLanguage\":\"en-US\",\"potentialAction\":[{\"@type\":\"CommentAction\",\"name\":\"Comment\",\"target\":[\"https:\\\/\\\/akunq.net\\\/tr\\\/?p=63014#respond\"]}]},{\"@type\":\"WebPage\",\"@id\":\"https:\\\/\\\/akunq.net\\\/tr\\\/?p=63014\",\"url\":\"https:\\\/\\\/akunq.net\\\/tr\\\/?p=63014\",\"name\":\"Y\u00fcksek Kilise ihti\u015fam\u0131yla ziyaret\u00e7ilerini bekliyor - Bati Ermenistan Ve Bati Ermenileri Sorunlari Ara\u015ftirmalar Merkezi\",\"isPartOf\":{\"@id\":\"https:\\\/\\\/akunq.net\\\/tr\\\/#website\"},\"primaryImageOfPage\":{\"@id\":\"https:\\\/\\\/akunq.net\\\/tr\\\/?p=63014#primaryimage\"},\"image\":{\"@id\":\"https:\\\/\\\/akunq.net\\\/tr\\\/?p=63014#primaryimage\"},\"thumbnailUrl\":\"https:\\\/\\\/akunq.net\\\/tr\\\/wp-content\\\/uploads\\\/sites\\\/6\\\/2021\\\/05\\\/Y\u00fcksek-Kilise.jpg\",\"datePublished\":\"2021-05-21T12:58:33+00:00\",\"author\":{\"@id\":\"https:\\\/\\\/akunq.net\\\/tr\\\/#\\\/schema\\\/person\\\/096f1d38a12cce57fb855b485ed24c9e\"},\"breadcrumb\":{\"@id\":\"https:\\\/\\\/akunq.net\\\/tr\\\/?p=63014#breadcrumb\"},\"inLanguage\":\"en-US\",\"potentialAction\":[{\"@type\":\"ReadAction\",\"target\":[\"https:\\\/\\\/akunq.net\\\/tr\\\/?p=63014\"]}]},{\"@type\":\"ImageObject\",\"inLanguage\":\"en-US\",\"@id\":\"https:\\\/\\\/akunq.net\\\/tr\\\/?p=63014#primaryimage\",\"url\":\"https:\\\/\\\/akunq.net\\\/tr\\\/wp-content\\\/uploads\\\/sites\\\/6\\\/2021\\\/05\\\/Y\u00fcksek-Kilise.jpg\",\"contentUrl\":\"https:\\\/\\\/akunq.net\\\/tr\\\/wp-content\\\/uploads\\\/sites\\\/6\\\/2021\\\/05\\\/Y\u00fcksek-Kilise.jpg\",\"width\":864,\"height\":486},{\"@type\":\"BreadcrumbList\",\"@id\":\"https:\\\/\\\/akunq.net\\\/tr\\\/?p=63014#breadcrumb\",\"itemListElement\":[{\"@type\":\"ListItem\",\"position\":1,\"name\":\"Home\",\"item\":\"https:\\\/\\\/akunq.net\\\/tr\"},{\"@type\":\"ListItem\",\"position\":2,\"name\":\"Y\u00fcksek Kilise ihti\u015fam\u0131yla ziyaret\u00e7ilerini bekliyor\"}]},{\"@type\":\"WebSite\",\"@id\":\"https:\\\/\\\/akunq.net\\\/tr\\\/#website\",\"url\":\"https:\\\/\\\/akunq.net\\\/tr\\\/\",\"name\":\"Bati Ermenistan Ve Bati Ermenileri Sorunlari Ara\u015ftirmalar Merkezi\",\"description\":\"\",\"potentialAction\":[{\"@type\":\"SearchAction\",\"target\":{\"@type\":\"EntryPoint\",\"urlTemplate\":\"https:\\\/\\\/akunq.net\\\/tr\\\/?s={search_term_string}\"},\"query-input\":{\"@type\":\"PropertyValueSpecification\",\"valueRequired\":true,\"valueName\":\"search_term_string\"}}],\"inLanguage\":\"en-US\"},{\"@type\":\"Person\",\"@id\":\"https:\\\/\\\/akunq.net\\\/tr\\\/#\\\/schema\\\/person\\\/096f1d38a12cce57fb855b485ed24c9e\",\"name\":\"admin\",\"url\":\"https:\\\/\\\/akunq.net\\\/tr\\\/?author=7\"}]}<\/script>\n<!-- \/ Yoast SEO plugin. -->","yoast_head_json":{"title":"Y\u00fcksek Kilise ihti\u015fam\u0131yla ziyaret\u00e7ilerini bekliyor - Bati Ermenistan Ve Bati Ermenileri Sorunlari Ara\u015ftirmalar Merkezi","robots":{"index":"index","follow":"follow","max-snippet":"max-snippet:-1","max-image-preview":"max-image-preview:large","max-video-preview":"max-video-preview:-1"},"canonical":"https:\/\/akunq.net\/tr\/?p=63014","og_locale":"en_US","og_type":"article","og_title":"Y\u00fcksek Kilise ihti\u015fam\u0131yla ziyaret\u00e7ilerini bekliyor - Bati Ermenistan Ve Bati Ermenileri Sorunlari Ara\u015ftirmalar Merkezi","og_description":"Aksaray\u2019da, Bizans d\u00f6neminden kalma \u015fapelin i\u00e7ine 19. y\u00fczy\u0131lda yap\u0131lan Y\u00fcksek Kilise, ihti\u015fam\u0131yla etkiliyor. Zekeriya Karadavut G\u00fczelyurt il\u00e7e merkezine 3 kilometre mesafede, g\u00f6l kenar\u0131na dik kayalar \u00fczerine ta\u015f oyma olarak in\u015fa edilen ve K\u0131zlar Manast\u0131r\u0131 ad\u0131yla da an\u0131lan tarihi yap\u0131, ge\u00e7mi\u015fte Hristiyanlar\u0131n kutsal hac yolu \u00fczerinde yer ald\u0131\u011f\u0131 i\u00e7in ilgi g\u00f6r\u00fcyor. K\u00fclt\u00fcr ve Turizm Bakanl\u0131\u011f\u0131nca 2001 [&hellip;]","og_url":"https:\/\/akunq.net\/tr\/?p=63014","og_site_name":"Bati Ermenistan Ve Bati Ermenileri Sorunlari Ara\u015ftirmalar Merkezi","article_published_time":"2021-05-21T12:58:33+00:00","og_image":[{"width":864,"height":486,"url":"https:\/\/akunq.net\/tr\/wp-content\/uploads\/sites\/6\/2021\/05\/Y\u00fcksek-Kilise.jpg","type":"image\/jpeg"}],"author":"admin","twitter_card":"summary_large_image","twitter_misc":{"Written by":"admin","Est. reading time":"2 minutes"},"schema":{"@context":"https:\/\/schema.org","@graph":[{"@type":"Article","@id":"https:\/\/akunq.net\/tr\/?p=63014#article","isPartOf":{"@id":"https:\/\/akunq.net\/tr\/?p=63014"},"author":{"name":"admin","@id":"https:\/\/akunq.net\/tr\/#\/schema\/person\/096f1d38a12cce57fb855b485ed24c9e"},"headline":"Y\u00fcksek Kilise ihti\u015fam\u0131yla ziyaret\u00e7ilerini bekliyor","datePublished":"2021-05-21T12:58:33+00:00","mainEntityOfPage":{"@id":"https:\/\/akunq.net\/tr\/?p=63014"},"wordCount":399,"commentCount":0,"image":{"@id":"https:\/\/akunq.net\/tr\/?p=63014#primaryimage"},"thumbnailUrl":"https:\/\/akunq.net\/tr\/wp-content\/uploads\/sites\/6\/2021\/05\/Y\u00fcksek-Kilise.jpg","articleSection":["Haberler"],"inLanguage":"en-US","potentialAction":[{"@type":"CommentAction","name":"Comment","target":["https:\/\/akunq.net\/tr\/?p=63014#respond"]}]},{"@type":"WebPage","@id":"https:\/\/akunq.net\/tr\/?p=63014","url":"https:\/\/akunq.net\/tr\/?p=63014","name":"Y\u00fcksek Kilise ihti\u015fam\u0131yla ziyaret\u00e7ilerini bekliyor - Bati Ermenistan Ve Bati Ermenileri Sorunlari Ara\u015ftirmalar Merkezi","isPartOf":{"@id":"https:\/\/akunq.net\/tr\/#website"},"primaryImageOfPage":{"@id":"https:\/\/akunq.net\/tr\/?p=63014#primaryimage"},"image":{"@id":"https:\/\/akunq.net\/tr\/?p=63014#primaryimage"},"thumbnailUrl":"https:\/\/akunq.net\/tr\/wp-content\/uploads\/sites\/6\/2021\/05\/Y\u00fcksek-Kilise.jpg","datePublished":"2021-05-21T12:58:33+00:00","author":{"@id":"https:\/\/akunq.net\/tr\/#\/schema\/person\/096f1d38a12cce57fb855b485ed24c9e"},"breadcrumb":{"@id":"https:\/\/akunq.net\/tr\/?p=63014#breadcrumb"},"inLanguage":"en-US","potentialAction":[{"@type":"ReadAction","target":["https:\/\/akunq.net\/tr\/?p=63014"]}]},{"@type":"ImageObject","inLanguage":"en-US","@id":"https:\/\/akunq.net\/tr\/?p=63014#primaryimage","url":"https:\/\/akunq.net\/tr\/wp-content\/uploads\/sites\/6\/2021\/05\/Y\u00fcksek-Kilise.jpg","contentUrl":"https:\/\/akunq.net\/tr\/wp-content\/uploads\/sites\/6\/2021\/05\/Y\u00fcksek-Kilise.jpg","width":864,"height":486},{"@type":"BreadcrumbList","@id":"https:\/\/akunq.net\/tr\/?p=63014#breadcrumb","itemListElement":[{"@type":"ListItem","position":1,"name":"Home","item":"https:\/\/akunq.net\/tr"},{"@type":"ListItem","position":2,"name":"Y\u00fcksek Kilise ihti\u015fam\u0131yla ziyaret\u00e7ilerini bekliyor"}]},{"@type":"WebSite","@id":"https:\/\/akunq.net\/tr\/#website","url":"https:\/\/akunq.net\/tr\/","name":"Bati Ermenistan Ve Bati Ermenileri Sorunlari Ara\u015ftirmalar Merkezi","description":"","potentialAction":[{"@type":"SearchAction","target":{"@type":"EntryPoint","urlTemplate":"https:\/\/akunq.net\/tr\/?s={search_term_string}"},"query-input":{"@type":"PropertyValueSpecification","valueRequired":true,"valueName":"search_term_string"}}],"inLanguage":"en-US"},{"@type":"Person","@id":"https:\/\/akunq.net\/tr\/#\/schema\/person\/096f1d38a12cce57fb855b485ed24c9e","name":"admin","url":"https:\/\/akunq.net\/tr\/?author=7"}]}},"_links":{"self":[{"href":"https:\/\/akunq.net\/tr\/index.php?rest_route=\/wp\/v2\/posts\/63014","targetHints":{"allow":["GET"]}}],"collection":[{"href":"https:\/\/akunq.net\/tr\/index.php?rest_route=\/wp\/v2\/posts"}],"about":[{"href":"https:\/\/akunq.net\/tr\/index.php?rest_route=\/wp\/v2\/types\/post"}],"author":[{"embeddable":true,"href":"https:\/\/akunq.net\/tr\/index.php?rest_route=\/wp\/v2\/users\/7"}],"replies":[{"embeddable":true,"href":"https:\/\/akunq.net\/tr\/index.php?rest_route=%2Fwp%2Fv2%2Fcomments&post=63014"}],"version-history":[{"count":1,"href":"https:\/\/akunq.net\/tr\/index.php?rest_route=\/wp\/v2\/posts\/63014\/revisions"}],"predecessor-version":[{"id":63016,"href":"https:\/\/akunq.net\/tr\/index.php?rest_route=\/wp\/v2\/posts\/63014\/revisions\/63016"}],"wp:featuredmedia":[{"embeddable":true,"href":"https:\/\/akunq.net\/tr\/index.php?rest_route=\/wp\/v2\/media\/63015"}],"wp:attachment":[{"href":"https:\/\/akunq.net\/tr\/index.php?rest_route=%2Fwp%2Fv2%2Fmedia&parent=63014"}],"wp:term":[{"taxonomy":"category","embeddable":true,"href":"https:\/\/akunq.net\/tr\/index.php?rest_route=%2Fwp%2Fv2%2Fcategories&post=63014"},{"taxonomy":"post_tag","embeddable":true,"href":"https:\/\/akunq.net\/tr\/index.php?rest_route=%2Fwp%2Fv2%2Ftags&post=63014"}],"curies":[{"name":"wp","href":"https:\/\/api.w.org\/{rel}","templated":true}]}}