{"id":62977,"date":"2021-05-20T02:42:50","date_gmt":"2021-05-20T07:42:50","guid":{"rendered":"https:\/\/akunq.net\/tr\/?p=62977"},"modified":"2021-05-20T02:42:50","modified_gmt":"2021-05-20T07:42:50","slug":"esu-1915-soykirimi-inkar-edilmeye-devam-ediyor","status":"publish","type":"post","link":"https:\/\/akunq.net\/tr\/?p=62977","title":{"rendered":"ESU: \u201c1915 Soyk\u0131r\u0131m\u0131 inkar edilmeye devam ediyor\u201d"},"content":{"rendered":"<p><img loading=\"lazy\" decoding=\"async\" class=\"aligncenter size-medium wp-image-62978\" src=\"https:\/\/akunq.net\/tr\/wp-content\/uploads\/2021\/05\/1915-Soyk\u0131r\u0131m\u0131-360x263.jpg\" alt=\"\" width=\"360\" height=\"263\" srcset=\"https:\/\/akunq.net\/tr\/wp-content\/uploads\/sites\/6\/2021\/05\/1915-Soyk\u0131r\u0131m\u0131-360x263.jpg 360w, https:\/\/akunq.net\/tr\/wp-content\/uploads\/sites\/6\/2021\/05\/1915-Soyk\u0131r\u0131m\u0131-768x562.jpg 768w, https:\/\/akunq.net\/tr\/wp-content\/uploads\/sites\/6\/2021\/05\/1915-Soyk\u0131r\u0131m\u0131-560x410.jpg 560w, https:\/\/akunq.net\/tr\/wp-content\/uploads\/sites\/6\/2021\/05\/1915-Soyk\u0131r\u0131m\u0131-260x190.jpg 260w, https:\/\/akunq.net\/tr\/wp-content\/uploads\/sites\/6\/2021\/05\/1915-Soyk\u0131r\u0131m\u0131-160x117.jpg 160w, https:\/\/akunq.net\/tr\/wp-content\/uploads\/sites\/6\/2021\/05\/1915-Soyk\u0131r\u0131m\u0131.jpg 800w\" sizes=\"auto, (max-width: 360px) 100vw, 360px\" \/><\/p>\n<p><em><strong>Avrupa S\u00fcryaniler Birli\u011fi (ESU), Pontos Rum Soyk\u0131r\u0131m\u0131\u2019n\u0131n 102\u2019nci y\u0131l\u0131nda yaz\u0131l\u0131 bir a\u00e7\u0131klama yay\u0131nlayarak katledilenleri and\u0131. \u201cPontos Rum Soyk\u0131r\u0131m\u0131 Anma G\u00fcn\u00fc\u2019nde \u015fehitlerin kutsal hat\u0131ralar\u0131n\u0131 an\u0131yor, d\u00fcnyan\u0131n d\u00f6rt bir yan\u0131ndaki Pontos Rum\u2019lar\u0131n\u0131n ya\u015fad\u0131\u011f\u0131 soyk\u0131r\u0131m\u0131n tan\u0131nmas\u0131 ve adaletin sa\u011flanmas\u0131 i\u00e7in yanlar\u0131nday\u0131z\u201d diyen ESU, soyk\u0131r\u0131m\u0131n tan\u0131nmas\u0131n\u0131n gelecekteki soyk\u0131r\u0131mlar\u0131 \u00f6nlemek i\u00e7in hayati bir \u00f6nem ta\u015f\u0131d\u0131\u011f\u0131na de\u011findi.<\/strong><\/em><\/p>\n<p>Avrupa S\u00fcryaniler Birli\u011fi (ESU), 1915\u2019te \u0130ttihat ve Terakki y\u00f6netimi taraf\u0131ndan 1,5 milyon Ermeni ve 300 bine yak\u0131n S\u00fcryani\u2019nin katledildi\u011fi Soyk\u0131r\u0131m\u0131n son aya\u011f\u0131 olan Pontus Rum Soyk\u0131r\u0131m\u0131\u2019n\u0131n y\u0131l d\u00f6n\u00fcm\u00fcnde yaz\u0131l\u0131 bir a\u00e7\u0131klama yay\u0131nlad\u0131. Katledilen Pontos Rum\u2019lar\u0131n\u0131n an\u0131ld\u0131\u011f\u0131 a\u00e7\u0131klamada soyk\u0131r\u0131m\u0131n tan\u0131nmas\u0131n\u0131n gelecekteki soyk\u0131r\u0131mlar\u0131 \u00f6nlemek i\u00e7in hayati bir \u00f6nem ta\u015f\u0131d\u0131\u011f\u0131n\u0131n da vurgusu yap\u0131ld\u0131.<\/p>\n<figure class=\"wp-block-image size-large\"><img loading=\"lazy\" decoding=\"async\" class=\"wp-image-406136\" src=\"https:\/\/i1.wp.com\/hyetert.org\/wp-content\/uploads\/2021\/05\/Pontos-Rum-Soykirimini-unutma-1024x597-1.jpg?resize=1024%2C597&amp;ssl=1\" sizes=\"auto, (max-width: 1000px) 100vw, 1000px\" srcset=\"https:\/\/i1.wp.com\/hyetert.org\/wp-content\/uploads\/2021\/05\/Pontos-Rum-Soykirimini-unutma-1024x597-1.jpg?w=1024&amp;ssl=1 1024w, https:\/\/i1.wp.com\/hyetert.org\/wp-content\/uploads\/2021\/05\/Pontos-Rum-Soykirimini-unutma-1024x597-1.jpg?resize=300%2C175&amp;ssl=1 300w, https:\/\/i1.wp.com\/hyetert.org\/wp-content\/uploads\/2021\/05\/Pontos-Rum-Soykirimini-unutma-1024x597-1.jpg?resize=768%2C448&amp;ssl=1 768w\" alt=\"\" width=\"1024\" height=\"597\" data-recalc-dims=\"1\" \/><\/figure>\n<p>ESU\u2019nun a\u00e7\u0131klamas\u0131nda, \u201cBug\u00fcn 19 May\u0131s\u2019ta, Osmanl\u0131\u2019n\u0131n T\u00fcrk y\u00f6netimi taraf\u0131ndan Pontos Rum halk\u0131na kar\u015f\u0131 i\u015flenen 1915 Pontus Rum Soyk\u0131r\u0131m\u0131\u2019yla 353 bin insan katledildi, y\u00fczbinlerce insan ise insanl\u0131k d\u0131\u015f\u0131 ko\u015fullarda k\u00fclt\u00fcrel, sosyal ve ekonomik y\u0131k\u0131mlarla hayat\u0131n\u0131 kaybetti\u201d denildi.<\/p>\n<p>Yerli halk olan Pontos Rumlar\u0131n\u0131n, 1914-15 d\u00f6neminde S\u00fcryani ve Ermeni halklar\u0131 ile di\u011fer H\u0131ristiyan varl\u0131klar gibi soyk\u0131r\u0131m ve imha politikalar\u0131 ile kar\u015f\u0131 kar\u015f\u0131ya kald\u0131klar\u0131 vurgulanan a\u00e7\u0131klamada \u015fu ifadelere yer verildi: \u201c1915 soyk\u0131r\u0131m\u0131 s\u0131ras\u0131nda 3 milyondan fazla H\u0131ristiyan katledildi, \u00e7ocuklar ve kad\u0131nlar M\u00fcsl\u00fcmanla\u015ft\u0131r\u0131ld\u0131. Dini, k\u00fclt\u00fcrel, sosyal an\u0131tlar, tarihi miraslar tahrip ve gasp edilerek el konuldu. Pontos Soyk\u0131r\u0131m\u0131 s\u0131ras\u0131nda 353 bin insan katledildi, binlercesi can verdi, 300\u2019den fazla okul, 500 kilise, manast\u0131r ve an\u0131t y\u0131k\u0131ld\u0131. 1915 soyk\u0131r\u0131m\u0131n\u0131n ard\u0131ndan b\u00f6lgede art\u0131k H\u0131ristiyan Pontos Rum\u2019lar\u0131 kalmad\u0131.\u201d<\/p>\n<p><strong>\u201cSoyk\u0131r\u0131m\u0131n travma ve haf\u0131zas\u0131 hala mevcut ve canl\u0131\u201d<\/strong><\/p>\n<figure class=\"wp-block-embed is-type-rich is-provider-twitter wp-block-embed-twitter\">\n<div class=\"wp-block-embed__wrapper\">\n<div class=\"twitter-tweet twitter-tweet-rendered\"><iframe id=\"twitter-widget-0\" class=\"\" title=\"Twitter Tweet\" src=\"https:\/\/platform.twitter.com\/embed\/Tweet.html?creatorScreenName=HyeTert&amp;dnt=true&amp;embedId=twitter-widget-0&amp;features=eyJ0ZndfZXhwZXJpbWVudHNfY29va2llX2V4cGlyYXRpb24iOnsiYnVja2V0IjoxMjA5NjAwLCJ2ZXJzaW9uIjpudWxsfSwidGZ3X2hvcml6b25fdHdlZXRfZW1iZWRfOTU1NSI6eyJidWNrZXQiOiJodGUiLCJ2ZXJzaW9uIjpudWxsfSwidGZ3X3R3ZWV0X2VtYmVkX2NsaWNrYWJpbGl0eV8xMjEwMiI6eyJidWNrZXQiOiJjb250cm9sIiwidmVyc2lvbiI6bnVsbH19&amp;frame=false&amp;hideCard=false&amp;hideThread=false&amp;id=1394883511912439810&amp;lang=tr&amp;origin=https%3A%2F%2Fhyetert.org%2F2021%2F05%2F19%2Fesu-1915-soykirimi-inkar-edilmeye-devam-ediyor%2F&amp;sessionId=86b87f3fd8ba42f0c2e1f2af2fc8491c6a23f98b&amp;siteScreenName=HyeTert&amp;theme=light&amp;widgetsVersion=82e1070%3A1619632193066&amp;width=500px\" frameborder=\"0\" scrolling=\"no\" allowfullscreen=\"allowfullscreen\" data-tweet-id=\"1394883511912439810\" data-mce-fragment=\"1\"><\/iframe><\/div>\n<\/div>\n<\/figure>\n<p>Soyk\u0131r\u0131m\u0131n travma ve haf\u0131zas\u0131n\u0131n bug\u00fcn hala canl\u0131 oldu\u011funu dile getiren ESU, \u201cH\u0131ristiyan topluluklara kar\u015f\u0131 1915 Soyk\u0131r\u0131m\u0131 ve bug\u00fcn Pontos Rum Soyk\u0131r\u0131m\u0131\u2019n\u0131 hat\u0131rlad\u0131\u011f\u0131m\u0131z gibi zorunlu g\u00f6\u00e7 ve diaspora ile kar\u015f\u0131 kar\u015f\u0131ya kald\u0131k\u00e7a, d\u00fcnyan\u0131n d\u00f6rt bir yan\u0131na da\u011f\u0131lm\u0131\u015f ilgili topluluklar aras\u0131nda unutulmayan haf\u0131za ve travma hala \u00e7ok mevcuttur ve canl\u0131d\u0131r\u201d dedi.<\/p>\n<p><strong>\u0130nkar s\u00fcr\u00fcyor<\/strong><\/p>\n<figure class=\"wp-block-image size-large\"><img loading=\"lazy\" decoding=\"async\" class=\"wp-image-406137\" src=\"https:\/\/i1.wp.com\/hyetert.org\/wp-content\/uploads\/2021\/05\/EYXdX69WAAAlk6a.jpg?resize=567%2C567&amp;ssl=1\" sizes=\"auto, (max-width: 567px) 100vw, 567px\" srcset=\"https:\/\/i1.wp.com\/hyetert.org\/wp-content\/uploads\/2021\/05\/EYXdX69WAAAlk6a.jpg?w=567&amp;ssl=1 567w, https:\/\/i1.wp.com\/hyetert.org\/wp-content\/uploads\/2021\/05\/EYXdX69WAAAlk6a.jpg?resize=300%2C300&amp;ssl=1 300w, https:\/\/i1.wp.com\/hyetert.org\/wp-content\/uploads\/2021\/05\/EYXdX69WAAAlk6a.jpg?resize=200%2C200&amp;ssl=1 200w\" alt=\"\" width=\"567\" height=\"567\" \/><\/figure>\n<p>Bir as\u0131rdan fazlad\u0131r T\u00fcrkiye\u2019nin 1915 Soyk\u0131r\u0131m\u0131n\u0131 inkar etmeye devam etti\u011finin alt\u0131 \u00e7izilen a\u00e7\u0131mlamada, ayr\u0131ca Cumhuriyet siyaseti ve uygulamalar\u0131n\u0131n da Pontos Rum\u2019lar\u0131n\u0131n k\u00f6kl\u00fc tarihini yok etmek i\u00e7in bir ba\u015fka ad\u0131m oldu\u011funa de\u011finildi.<\/p>\n<p>ESU\u2019nun a\u00e7\u0131klamas\u0131 \u015f\u00f6yle devam ediyor: \u201c\u00dclkede 1915 Soyk\u0131r\u0131m\u0131na de\u011finilmezken, nefret s\u00f6ylemi ve H\u0131ristiyan d\u00fc\u015fmanl\u0131\u011f\u0131 T\u00fcrkiye\u2019de derin bir \u015fekilde kaz\u0131nmaya devam ediyor ve genellikle siyasi liderler taraf\u0131ndan kullan\u0131l\u0131yor. Pontos Rum Soyk\u0131r\u0131m\u0131 Anma G\u00fcn\u00fc\u2019nde \u015fehitlerin kutsal hat\u0131ralar\u0131n\u0131 an\u0131yor, d\u00fcnyan\u0131n d\u00f6rt bir yan\u0131ndaki Pontos Rum halk\u0131n\u0131n ya\u015fad\u0131\u011f\u0131 soyk\u0131r\u0131m\u0131n tan\u0131nmas\u0131 ve adaletin sa\u011flanmas\u0131 i\u00e7in yanlar\u0131nday\u0131z. Soyk\u0131r\u0131m\u0131n tan\u0131nmas\u0131, gelecekteki soyk\u0131r\u0131mlar\u0131 \u00f6nlemek i\u00e7in de hayati \u00f6nem ta\u015f\u0131r.\u201d<\/p>\n<p><em><strong>https:\/\/www.gazetesabro.org\/2021\/05\/19\/esu-1915-soykirimi-inkar-edilmeye-devam-ediyor\/\u00a0<\/strong><\/em><\/p>\n","protected":false},"excerpt":{"rendered":"<p>Avrupa S\u00fcryaniler Birli\u011fi (ESU), Pontos Rum Soyk\u0131r\u0131m\u0131\u2019n\u0131n 102\u2019nci y\u0131l\u0131nda yaz\u0131l\u0131 bir a\u00e7\u0131klama yay\u0131nlayarak katledilenleri and\u0131. \u201cPontos Rum Soyk\u0131r\u0131m\u0131 Anma G\u00fcn\u00fc\u2019nde \u015fehitlerin kutsal hat\u0131ralar\u0131n\u0131 an\u0131yor, d\u00fcnyan\u0131n d\u00f6rt bir yan\u0131ndaki Pontos Rum\u2019lar\u0131n\u0131n ya\u015fad\u0131\u011f\u0131 soyk\u0131r\u0131m\u0131n tan\u0131nmas\u0131 ve adaletin sa\u011flanmas\u0131 i\u00e7in yanlar\u0131nday\u0131z\u201d diyen ESU, soyk\u0131r\u0131m\u0131n tan\u0131nmas\u0131n\u0131n gelecekteki soyk\u0131r\u0131mlar\u0131 \u00f6nlemek i\u00e7in hayati bir \u00f6nem ta\u015f\u0131d\u0131\u011f\u0131na de\u011findi. Avrupa S\u00fcryaniler Birli\u011fi (ESU), [&hellip;]<\/p>\n","protected":false},"author":7,"featured_media":62978,"comment_status":"open","ping_status":"open","sticky":false,"template":"","format":"standard","meta":{"footnotes":""},"categories":[1,53],"tags":[],"class_list":["post-62977","post","type-post","status-publish","format-standard","has-post-thumbnail","hentry","category-haberler","category-turkiyede-azinliklar"],"yoast_head":"<!-- This site is optimized with the Yoast SEO plugin v27.4 - https:\/\/yoast.com\/product\/yoast-seo-wordpress\/ -->\n<title>ESU: \u201c1915 Soyk\u0131r\u0131m\u0131 inkar edilmeye devam ediyor\u201d - Bati Ermenistan Ve Bati Ermenileri Sorunlari Ara\u015ftirmalar Merkezi<\/title>\n<meta name=\"robots\" content=\"index, follow, max-snippet:-1, max-image-preview:large, max-video-preview:-1\" \/>\n<link rel=\"canonical\" href=\"https:\/\/akunq.net\/tr\/?p=62977\" \/>\n<meta property=\"og:locale\" content=\"en_US\" \/>\n<meta property=\"og:type\" content=\"article\" \/>\n<meta property=\"og:title\" content=\"ESU: \u201c1915 Soyk\u0131r\u0131m\u0131 inkar edilmeye devam ediyor\u201d - Bati Ermenistan Ve Bati Ermenileri Sorunlari Ara\u015ftirmalar Merkezi\" \/>\n<meta property=\"og:description\" content=\"Avrupa S\u00fcryaniler Birli\u011fi (ESU), Pontos Rum Soyk\u0131r\u0131m\u0131\u2019n\u0131n 102\u2019nci y\u0131l\u0131nda yaz\u0131l\u0131 bir a\u00e7\u0131klama yay\u0131nlayarak katledilenleri and\u0131. \u201cPontos Rum Soyk\u0131r\u0131m\u0131 Anma G\u00fcn\u00fc\u2019nde \u015fehitlerin kutsal hat\u0131ralar\u0131n\u0131 an\u0131yor, d\u00fcnyan\u0131n d\u00f6rt bir yan\u0131ndaki Pontos Rum\u2019lar\u0131n\u0131n ya\u015fad\u0131\u011f\u0131 soyk\u0131r\u0131m\u0131n tan\u0131nmas\u0131 ve adaletin sa\u011flanmas\u0131 i\u00e7in yanlar\u0131nday\u0131z\u201d diyen ESU, soyk\u0131r\u0131m\u0131n tan\u0131nmas\u0131n\u0131n gelecekteki soyk\u0131r\u0131mlar\u0131 \u00f6nlemek i\u00e7in hayati bir \u00f6nem ta\u015f\u0131d\u0131\u011f\u0131na de\u011findi. Avrupa S\u00fcryaniler Birli\u011fi (ESU), [&hellip;]\" \/>\n<meta property=\"og:url\" content=\"https:\/\/akunq.net\/tr\/?p=62977\" \/>\n<meta property=\"og:site_name\" content=\"Bati Ermenistan Ve Bati Ermenileri Sorunlari Ara\u015ftirmalar Merkezi\" \/>\n<meta property=\"article:published_time\" content=\"2021-05-20T07:42:50+00:00\" \/>\n<meta property=\"og:image\" content=\"https:\/\/akunq.net\/tr\/wp-content\/uploads\/sites\/6\/2021\/05\/1915-Soyk\u0131r\u0131m\u0131.jpg\" \/>\n\t<meta property=\"og:image:width\" content=\"800\" \/>\n\t<meta property=\"og:image:height\" content=\"585\" \/>\n\t<meta property=\"og:image:type\" content=\"image\/jpeg\" \/>\n<meta name=\"author\" content=\"admin\" \/>\n<meta name=\"twitter:card\" content=\"summary_large_image\" \/>\n<meta name=\"twitter:label1\" content=\"Written by\" \/>\n\t<meta name=\"twitter:data1\" content=\"admin\" \/>\n\t<meta name=\"twitter:label2\" content=\"Est. reading time\" \/>\n\t<meta name=\"twitter:data2\" content=\"3 minutes\" \/>\n<script type=\"application\/ld+json\" class=\"yoast-schema-graph\">{\"@context\":\"https:\\\/\\\/schema.org\",\"@graph\":[{\"@type\":\"Article\",\"@id\":\"https:\\\/\\\/akunq.net\\\/tr\\\/?p=62977#article\",\"isPartOf\":{\"@id\":\"https:\\\/\\\/akunq.net\\\/tr\\\/?p=62977\"},\"author\":{\"name\":\"admin\",\"@id\":\"https:\\\/\\\/akunq.net\\\/tr\\\/#\\\/schema\\\/person\\\/096f1d38a12cce57fb855b485ed24c9e\"},\"headline\":\"ESU: \u201c1915 Soyk\u0131r\u0131m\u0131 inkar edilmeye devam ediyor\u201d\",\"datePublished\":\"2021-05-20T07:42:50+00:00\",\"mainEntityOfPage\":{\"@id\":\"https:\\\/\\\/akunq.net\\\/tr\\\/?p=62977\"},\"wordCount\":626,\"commentCount\":0,\"image\":{\"@id\":\"https:\\\/\\\/akunq.net\\\/tr\\\/?p=62977#primaryimage\"},\"thumbnailUrl\":\"https:\\\/\\\/akunq.net\\\/tr\\\/wp-content\\\/uploads\\\/sites\\\/6\\\/2021\\\/05\\\/1915-Soyk\u0131r\u0131m\u0131.jpg\",\"articleSection\":[\"Haberler\",\"T\u00fcrkiye\u2019de Az\u0131nl\u0131klar\"],\"inLanguage\":\"en-US\",\"potentialAction\":[{\"@type\":\"CommentAction\",\"name\":\"Comment\",\"target\":[\"https:\\\/\\\/akunq.net\\\/tr\\\/?p=62977#respond\"]}]},{\"@type\":\"WebPage\",\"@id\":\"https:\\\/\\\/akunq.net\\\/tr\\\/?p=62977\",\"url\":\"https:\\\/\\\/akunq.net\\\/tr\\\/?p=62977\",\"name\":\"ESU: \u201c1915 Soyk\u0131r\u0131m\u0131 inkar edilmeye devam ediyor\u201d - Bati Ermenistan Ve Bati Ermenileri Sorunlari Ara\u015ftirmalar Merkezi\",\"isPartOf\":{\"@id\":\"https:\\\/\\\/akunq.net\\\/tr\\\/#website\"},\"primaryImageOfPage\":{\"@id\":\"https:\\\/\\\/akunq.net\\\/tr\\\/?p=62977#primaryimage\"},\"image\":{\"@id\":\"https:\\\/\\\/akunq.net\\\/tr\\\/?p=62977#primaryimage\"},\"thumbnailUrl\":\"https:\\\/\\\/akunq.net\\\/tr\\\/wp-content\\\/uploads\\\/sites\\\/6\\\/2021\\\/05\\\/1915-Soyk\u0131r\u0131m\u0131.jpg\",\"datePublished\":\"2021-05-20T07:42:50+00:00\",\"author\":{\"@id\":\"https:\\\/\\\/akunq.net\\\/tr\\\/#\\\/schema\\\/person\\\/096f1d38a12cce57fb855b485ed24c9e\"},\"breadcrumb\":{\"@id\":\"https:\\\/\\\/akunq.net\\\/tr\\\/?p=62977#breadcrumb\"},\"inLanguage\":\"en-US\",\"potentialAction\":[{\"@type\":\"ReadAction\",\"target\":[\"https:\\\/\\\/akunq.net\\\/tr\\\/?p=62977\"]}]},{\"@type\":\"ImageObject\",\"inLanguage\":\"en-US\",\"@id\":\"https:\\\/\\\/akunq.net\\\/tr\\\/?p=62977#primaryimage\",\"url\":\"https:\\\/\\\/akunq.net\\\/tr\\\/wp-content\\\/uploads\\\/sites\\\/6\\\/2021\\\/05\\\/1915-Soyk\u0131r\u0131m\u0131.jpg\",\"contentUrl\":\"https:\\\/\\\/akunq.net\\\/tr\\\/wp-content\\\/uploads\\\/sites\\\/6\\\/2021\\\/05\\\/1915-Soyk\u0131r\u0131m\u0131.jpg\",\"width\":800,\"height\":585},{\"@type\":\"BreadcrumbList\",\"@id\":\"https:\\\/\\\/akunq.net\\\/tr\\\/?p=62977#breadcrumb\",\"itemListElement\":[{\"@type\":\"ListItem\",\"position\":1,\"name\":\"Home\",\"item\":\"https:\\\/\\\/akunq.net\\\/tr\"},{\"@type\":\"ListItem\",\"position\":2,\"name\":\"ESU: \u201c1915 Soyk\u0131r\u0131m\u0131 inkar edilmeye devam ediyor\u201d\"}]},{\"@type\":\"WebSite\",\"@id\":\"https:\\\/\\\/akunq.net\\\/tr\\\/#website\",\"url\":\"https:\\\/\\\/akunq.net\\\/tr\\\/\",\"name\":\"Bati Ermenistan Ve Bati Ermenileri Sorunlari Ara\u015ftirmalar Merkezi\",\"description\":\"\",\"potentialAction\":[{\"@type\":\"SearchAction\",\"target\":{\"@type\":\"EntryPoint\",\"urlTemplate\":\"https:\\\/\\\/akunq.net\\\/tr\\\/?s={search_term_string}\"},\"query-input\":{\"@type\":\"PropertyValueSpecification\",\"valueRequired\":true,\"valueName\":\"search_term_string\"}}],\"inLanguage\":\"en-US\"},{\"@type\":\"Person\",\"@id\":\"https:\\\/\\\/akunq.net\\\/tr\\\/#\\\/schema\\\/person\\\/096f1d38a12cce57fb855b485ed24c9e\",\"name\":\"admin\",\"url\":\"https:\\\/\\\/akunq.net\\\/tr\\\/?author=7\"}]}<\/script>\n<!-- \/ Yoast SEO plugin. -->","yoast_head_json":{"title":"ESU: \u201c1915 Soyk\u0131r\u0131m\u0131 inkar edilmeye devam ediyor\u201d - Bati Ermenistan Ve Bati Ermenileri Sorunlari Ara\u015ftirmalar Merkezi","robots":{"index":"index","follow":"follow","max-snippet":"max-snippet:-1","max-image-preview":"max-image-preview:large","max-video-preview":"max-video-preview:-1"},"canonical":"https:\/\/akunq.net\/tr\/?p=62977","og_locale":"en_US","og_type":"article","og_title":"ESU: \u201c1915 Soyk\u0131r\u0131m\u0131 inkar edilmeye devam ediyor\u201d - Bati Ermenistan Ve Bati Ermenileri Sorunlari Ara\u015ftirmalar Merkezi","og_description":"Avrupa S\u00fcryaniler Birli\u011fi (ESU), Pontos Rum Soyk\u0131r\u0131m\u0131\u2019n\u0131n 102\u2019nci y\u0131l\u0131nda yaz\u0131l\u0131 bir a\u00e7\u0131klama yay\u0131nlayarak katledilenleri and\u0131. \u201cPontos Rum Soyk\u0131r\u0131m\u0131 Anma G\u00fcn\u00fc\u2019nde \u015fehitlerin kutsal hat\u0131ralar\u0131n\u0131 an\u0131yor, d\u00fcnyan\u0131n d\u00f6rt bir yan\u0131ndaki Pontos Rum\u2019lar\u0131n\u0131n ya\u015fad\u0131\u011f\u0131 soyk\u0131r\u0131m\u0131n tan\u0131nmas\u0131 ve adaletin sa\u011flanmas\u0131 i\u00e7in yanlar\u0131nday\u0131z\u201d diyen ESU, soyk\u0131r\u0131m\u0131n tan\u0131nmas\u0131n\u0131n gelecekteki soyk\u0131r\u0131mlar\u0131 \u00f6nlemek i\u00e7in hayati bir \u00f6nem ta\u015f\u0131d\u0131\u011f\u0131na de\u011findi. Avrupa S\u00fcryaniler Birli\u011fi (ESU), [&hellip;]","og_url":"https:\/\/akunq.net\/tr\/?p=62977","og_site_name":"Bati Ermenistan Ve Bati Ermenileri Sorunlari Ara\u015ftirmalar Merkezi","article_published_time":"2021-05-20T07:42:50+00:00","og_image":[{"width":800,"height":585,"url":"https:\/\/akunq.net\/tr\/wp-content\/uploads\/sites\/6\/2021\/05\/1915-Soyk\u0131r\u0131m\u0131.jpg","type":"image\/jpeg"}],"author":"admin","twitter_card":"summary_large_image","twitter_misc":{"Written by":"admin","Est. reading time":"3 minutes"},"schema":{"@context":"https:\/\/schema.org","@graph":[{"@type":"Article","@id":"https:\/\/akunq.net\/tr\/?p=62977#article","isPartOf":{"@id":"https:\/\/akunq.net\/tr\/?p=62977"},"author":{"name":"admin","@id":"https:\/\/akunq.net\/tr\/#\/schema\/person\/096f1d38a12cce57fb855b485ed24c9e"},"headline":"ESU: \u201c1915 Soyk\u0131r\u0131m\u0131 inkar edilmeye devam ediyor\u201d","datePublished":"2021-05-20T07:42:50+00:00","mainEntityOfPage":{"@id":"https:\/\/akunq.net\/tr\/?p=62977"},"wordCount":626,"commentCount":0,"image":{"@id":"https:\/\/akunq.net\/tr\/?p=62977#primaryimage"},"thumbnailUrl":"https:\/\/akunq.net\/tr\/wp-content\/uploads\/sites\/6\/2021\/05\/1915-Soyk\u0131r\u0131m\u0131.jpg","articleSection":["Haberler","T\u00fcrkiye\u2019de Az\u0131nl\u0131klar"],"inLanguage":"en-US","potentialAction":[{"@type":"CommentAction","name":"Comment","target":["https:\/\/akunq.net\/tr\/?p=62977#respond"]}]},{"@type":"WebPage","@id":"https:\/\/akunq.net\/tr\/?p=62977","url":"https:\/\/akunq.net\/tr\/?p=62977","name":"ESU: \u201c1915 Soyk\u0131r\u0131m\u0131 inkar edilmeye devam ediyor\u201d - Bati Ermenistan Ve Bati Ermenileri Sorunlari Ara\u015ftirmalar Merkezi","isPartOf":{"@id":"https:\/\/akunq.net\/tr\/#website"},"primaryImageOfPage":{"@id":"https:\/\/akunq.net\/tr\/?p=62977#primaryimage"},"image":{"@id":"https:\/\/akunq.net\/tr\/?p=62977#primaryimage"},"thumbnailUrl":"https:\/\/akunq.net\/tr\/wp-content\/uploads\/sites\/6\/2021\/05\/1915-Soyk\u0131r\u0131m\u0131.jpg","datePublished":"2021-05-20T07:42:50+00:00","author":{"@id":"https:\/\/akunq.net\/tr\/#\/schema\/person\/096f1d38a12cce57fb855b485ed24c9e"},"breadcrumb":{"@id":"https:\/\/akunq.net\/tr\/?p=62977#breadcrumb"},"inLanguage":"en-US","potentialAction":[{"@type":"ReadAction","target":["https:\/\/akunq.net\/tr\/?p=62977"]}]},{"@type":"ImageObject","inLanguage":"en-US","@id":"https:\/\/akunq.net\/tr\/?p=62977#primaryimage","url":"https:\/\/akunq.net\/tr\/wp-content\/uploads\/sites\/6\/2021\/05\/1915-Soyk\u0131r\u0131m\u0131.jpg","contentUrl":"https:\/\/akunq.net\/tr\/wp-content\/uploads\/sites\/6\/2021\/05\/1915-Soyk\u0131r\u0131m\u0131.jpg","width":800,"height":585},{"@type":"BreadcrumbList","@id":"https:\/\/akunq.net\/tr\/?p=62977#breadcrumb","itemListElement":[{"@type":"ListItem","position":1,"name":"Home","item":"https:\/\/akunq.net\/tr"},{"@type":"ListItem","position":2,"name":"ESU: \u201c1915 Soyk\u0131r\u0131m\u0131 inkar edilmeye devam ediyor\u201d"}]},{"@type":"WebSite","@id":"https:\/\/akunq.net\/tr\/#website","url":"https:\/\/akunq.net\/tr\/","name":"Bati Ermenistan Ve Bati Ermenileri Sorunlari Ara\u015ftirmalar Merkezi","description":"","potentialAction":[{"@type":"SearchAction","target":{"@type":"EntryPoint","urlTemplate":"https:\/\/akunq.net\/tr\/?s={search_term_string}"},"query-input":{"@type":"PropertyValueSpecification","valueRequired":true,"valueName":"search_term_string"}}],"inLanguage":"en-US"},{"@type":"Person","@id":"https:\/\/akunq.net\/tr\/#\/schema\/person\/096f1d38a12cce57fb855b485ed24c9e","name":"admin","url":"https:\/\/akunq.net\/tr\/?author=7"}]}},"_links":{"self":[{"href":"https:\/\/akunq.net\/tr\/index.php?rest_route=\/wp\/v2\/posts\/62977","targetHints":{"allow":["GET"]}}],"collection":[{"href":"https:\/\/akunq.net\/tr\/index.php?rest_route=\/wp\/v2\/posts"}],"about":[{"href":"https:\/\/akunq.net\/tr\/index.php?rest_route=\/wp\/v2\/types\/post"}],"author":[{"embeddable":true,"href":"https:\/\/akunq.net\/tr\/index.php?rest_route=\/wp\/v2\/users\/7"}],"replies":[{"embeddable":true,"href":"https:\/\/akunq.net\/tr\/index.php?rest_route=%2Fwp%2Fv2%2Fcomments&post=62977"}],"version-history":[{"count":1,"href":"https:\/\/akunq.net\/tr\/index.php?rest_route=\/wp\/v2\/posts\/62977\/revisions"}],"predecessor-version":[{"id":62979,"href":"https:\/\/akunq.net\/tr\/index.php?rest_route=\/wp\/v2\/posts\/62977\/revisions\/62979"}],"wp:featuredmedia":[{"embeddable":true,"href":"https:\/\/akunq.net\/tr\/index.php?rest_route=\/wp\/v2\/media\/62978"}],"wp:attachment":[{"href":"https:\/\/akunq.net\/tr\/index.php?rest_route=%2Fwp%2Fv2%2Fmedia&parent=62977"}],"wp:term":[{"taxonomy":"category","embeddable":true,"href":"https:\/\/akunq.net\/tr\/index.php?rest_route=%2Fwp%2Fv2%2Fcategories&post=62977"},{"taxonomy":"post_tag","embeddable":true,"href":"https:\/\/akunq.net\/tr\/index.php?rest_route=%2Fwp%2Fv2%2Ftags&post=62977"}],"curies":[{"name":"wp","href":"https:\/\/api.w.org\/{rel}","templated":true}]}}