{"id":62961,"date":"2021-05-19T02:15:46","date_gmt":"2021-05-19T07:15:46","guid":{"rendered":"https:\/\/akunq.net\/tr\/?p=62961"},"modified":"2021-05-19T02:15:46","modified_gmt":"2021-05-19T07:15:46","slug":"giresun-adasinda-4-yil-aradan-sonra-ilk-bircok-buluntu-ele-gecti","status":"publish","type":"post","link":"https:\/\/akunq.net\/tr\/?p=62961","title":{"rendered":"Giresun Adas\u0131\u2019nda 4 y\u0131l aradan sonra ilk! \u2018Bir\u00e7ok buluntu ele ge\u00e7ti\u2019"},"content":{"rendered":"<p><img loading=\"lazy\" decoding=\"async\" class=\"aligncenter size-medium wp-image-62962\" src=\"https:\/\/akunq.net\/tr\/wp-content\/uploads\/2021\/05\/Giresun-Adas\u0131-360x203.jpg\" alt=\"\" width=\"360\" height=\"203\" srcset=\"https:\/\/akunq.net\/tr\/wp-content\/uploads\/sites\/6\/2021\/05\/Giresun-Adas\u0131-360x203.jpg 360w, https:\/\/akunq.net\/tr\/wp-content\/uploads\/sites\/6\/2021\/05\/Giresun-Adas\u0131-560x315.jpg 560w, https:\/\/akunq.net\/tr\/wp-content\/uploads\/sites\/6\/2021\/05\/Giresun-Adas\u0131-260x146.jpg 260w, https:\/\/akunq.net\/tr\/wp-content\/uploads\/sites\/6\/2021\/05\/Giresun-Adas\u0131-160x90.jpg 160w, https:\/\/akunq.net\/tr\/wp-content\/uploads\/sites\/6\/2021\/05\/Giresun-Adas\u0131.jpg 750w\" sizes=\"auto, (max-width: 360px) 100vw, 360px\" \/><\/p>\n<p><em><strong>Hakan KABAHASANO\u011eLU\/G\u0130RESUN, (DHA)- <\/strong><strong>Giresun\u2019da UNESCO\u2019nun D\u00fcnya Miras\u0131 Ge\u00e7ici Listesi\u2019ne al\u0131nmas\u0131 i\u00e7in ba\u015fvuru yap\u0131lan Giresun Adas\u0131\u2019nda, 4 y\u0131l aradan sonra yeniden arkeolojik kaz\u0131 yap\u0131lacak. Giresun Valili\u011fi\u2019nden yap\u0131lan yaz\u0131l\u0131 a\u00e7\u0131klamada, ge\u00e7mi\u015fte Aretias, Nesos, Areos ve Khalkeritis gibi pek \u00e7ok isimle an\u0131lan, antik\u00e7a\u011fdan beri s\u00fcregelen ya\u015fam izlerine sahip olan adan\u0131n bir\u00e7ok efsane ve mitolojik anlat\u0131ma konu oldu\u011funa yer verildi.<\/strong><\/em><\/p>\n<p>Karadeniz\u2019de yer alan iki adadan biri olan ve 38 bin metrekare alan\u0131 ile Akdeniz defnesi ve yalanc\u0131 akasya ba\u015fta olmak \u00fczere 71 t\u00fcr do\u011fal otsu ve odunsu bitki t\u00fcr\u00fc ile karabatak ve mart\u0131lar\u0131n do\u011fal olarak \u00fcredi\u011fi do\u011fal ve arkeolojik sit alan\u0131 Giresun Adas\u0131\u2019nda kaz\u0131lar yeniden ba\u015fl\u0131yor. Birle\u015fmi\u015f Milletler (BM) E\u011fitim, Bilim ve K\u00fclt\u00fcr Te\u015fkilat\u0131 UNESCO\u2019nun D\u00fcnya Miras Ge\u00e7ici Listesi\u2019ne al\u0131nmas\u0131 i\u00e7in \u00e7al\u0131\u015fma y\u00fcr\u00fct\u00fclen adada 4 y\u0131l sonra yeniden arkeolojik kaz\u0131lar yap\u0131lacak.<\/p>\n<p><strong>\u2018B\u0130R\u00c7OK BULUNTU ELE GE\u00c7T\u0130\u2019<\/strong><\/p>\n<p><span style=\"letter-spacing: 0.05em;\">Giresun Valili\u011fi\u2019nden yap\u0131lan yaz\u0131l\u0131 a\u00e7\u0131klamada, ge\u00e7mi\u015fte Aretias, Nesos, Areos ve Khalkeritis gibi pek \u00e7ok isimle an\u0131lan, antik\u00e7a\u011fdan beri s\u00fcregelen ya\u015fam izlerine sahip olan adan\u0131n bir\u00e7ok efsane ve mitolojik anlat\u0131ma konu oldu\u011funa yer verildi. A\u00e7\u0131klamada, \u201cAday\u0131 boydan boya \u00e7evreleyen sur kal\u0131nt\u0131lar\u0131, M.S. 2\u2019nci y\u00fczy\u0131l ile tarihlendirilen tap\u0131nak kal\u0131nt\u0131s\u0131, M.S. 12\u2019nci y\u00fczy\u0131lda yap\u0131ld\u0131\u011f\u0131 bilinen kilise kal\u0131nt\u0131s\u0131, \u015fapel, su kuyusu ve \u00e7ok say\u0131da mezar yap\u0131s\u0131n\u0131n adadaki ya\u015fam\u0131 ve tarihsel zenginli\u011fi g\u00f6zler \u00f6n\u00fcne seriyor. Giresun Adas\u0131\u2019n\u0131n tarihsel s\u00fcre\u00e7teki medeniyet kurgusunu ortaya \u00e7\u0131kartmak ve ele ge\u00e7en bulgular\u0131n \u015fehrin k\u00fclt\u00fcr ve tarihsel zenginli\u011fine kat\u0131lmas\u0131 amac\u0131yla 2009-2010 y\u0131llar\u0131nda 2 y\u0131l \u00fcst \u00fcste arkeolojik y\u00fczey ara\u015ft\u0131rmas\u0131 yap\u0131larak bir\u00e7ok buluntu ele ge\u00e7ti. Bu buluntular \u0131\u015f\u0131\u011f\u0131nda ve Giresun Adas\u0131\u2019n\u0131n Karadeniz tarihinde korudu\u011fu \u00f6neme istinaden 2011 ve 2012 y\u0131l\u0131nda yine Giresun M\u00fczesi Ba\u015fkanl\u0131\u011f\u0131\u2019nda Sel\u00e7uk \u00dcniversitesi Arkeoloji B\u00f6l\u00fcm\u00fc ile birlikte arkeolojik kaz\u0131 \u00e7al\u0131\u015fmalar\u0131 devam etmi\u015ftir\u201d denildi.<\/span><\/p>\n<p><strong>\u2018YAPILAR KISMEN ORTAYA \u00c7IKARILDI\u2019<\/strong><\/p>\n<p>Kaz\u0131larda surlarla \u00e7evrili adada yer alan yap\u0131lar\u0131n baz\u0131lar\u0131n\u0131n k\u0131smen ortaya \u00e7\u0131kar\u0131ld\u0131\u011f\u0131na vurgu yap\u0131lan a\u00e7\u0131klamada \u015fu ifadelere yer verildi:<\/p>\n<p>\u201cAdada Orta\u00e7a\u011f yerle\u015fimine ait tap\u0131nak \u00fczerinde in\u015fa edilmi\u015f kilise, kule, y\u00f6netici yap\u0131s\u0131, \u015fapel ve sarn\u0131\u00e7 gibi yap\u0131larla birlikte Klasik ve Helenistik d\u00f6neme ait liman sahas\u0131 ve sunu \u00e7ukurlar\u0131 tespit edilmi\u015ftir. 2015 y\u0131l\u0131nda yap\u0131lan arkeolojik kaz\u0131 \u00e7al\u0131\u015fmalar\u0131nda \u015fapel kal\u0131nt\u0131s\u0131 ve \u015farap k\u00fcp\u00fc olarak bilinen Pithoslar\u0131n yer ald\u0131\u011f\u0131 alanlar ortaya \u00e7\u0131kar\u0131lm\u0131\u015ft\u0131r. Ayr\u0131ca kal\u0131nt\u0131lar i\u00e7erisinde Bizans d\u00f6nemine ait sikkeler yine Bizans d\u00f6nemine ait b\u00fcy\u00fck b\u00f6l\u00fcm\u00fc sa\u011flam kalm\u0131\u015f s\u0131rl\u0131 seramik kase, \u00e7at\u0131 ve mezar kiremitleri ile birlikte \u00e7ok say\u0131da iskelet bulunmu\u015ftur. 2016 ve 2017 y\u0131llar\u0131nda yap\u0131lan arkeolojik kaz\u0131 \u00e7al\u0131\u015fmalar\u0131nda ise \u00f6nceki y\u0131llarda a\u00e7\u0131lm\u0131\u015f olan kaz\u0131 alan\u0131 \u00fczerinde detayland\u0131r\u0131larak ilerlenmi\u015f ve seramik, fresk ve mozaik par\u00e7alar\u0131na, cam boncuk ve mimari ta\u015f par\u00e7alar\u0131 gibi buluntulara rastlanm\u0131\u015ft\u0131r.\u201d<\/p>\n<p><strong>\u2018EYL\u00dcL AYINDA BA\u015eLIYOR\u2019<\/strong><\/p>\n<p>Giresun Adas\u0131\u2019nda ara verilen bilimsel \u00e7al\u0131\u015fmalar\u0131n eyl\u00fcl ay\u0131ndan itibaren yeniden ba\u015flamas\u0131 karar\u0131 al\u0131nd\u0131\u011f\u0131n\u0131n dile getirildi\u011fi a\u00e7\u0131klamada, \u201cAdan\u0131n y\u00fczeyinde ve topra\u011f\u0131n alt\u0131nda bir hazine gibi yatan ge\u00e7mi\u015fin kal\u0131nt\u0131lar\u0131 g\u00fcn\u00fcm\u00fcze de\u011fin bir\u00e7ok bilimsel \u00e7al\u0131\u015fma ile g\u00fcn y\u00fcz\u00fcne \u00e7\u0131kart\u0131lmaya \u00e7al\u0131\u015f\u0131lm\u0131\u015ft\u0131r. Ancak Karadeniz\u2019in engin mavi sular\u0131nda adeta b\u00fcy\u00fcl\u00fc g\u00f6r\u00fcnt\u00fcs\u00fcyle daha bir\u00e7ok bilinmeze gebe olan ada elbette ki bir\u00e7ok yeni ara\u015ft\u0131rmay\u0131 ve bilimsel \u00e7al\u0131\u015fmay\u0131 beklemektedir. Giresun ili turizmine katk\u0131s\u0131 sonsuz olacak bu tabiat \u015faheserinin bilimsel anlamdaki arkeolojik kaz\u0131 \u00e7al\u0131\u015fmalar\u0131n\u0131n yap\u0131labilmesi i\u00e7in Eyl\u00fcl-Ekim 2021 D\u00f6neminde K\u00fclt\u00fcr ve Turizm Bakanl\u0131\u011f\u0131 K\u00fclt\u00fcr Varl\u0131klar\u0131 ve M\u00fczeler Genel M\u00fcd\u00fcrl\u00fc\u011f\u00fc\u2019n\u00fcn izni ile Giresun M\u00fcze M\u00fcd\u00fcrl\u00fc\u011f\u00fc taraf\u0131ndan arkeolog ve sanat tarih\u00e7ilerinden olu\u015fan uzman kadrosu ve teknik ekibiyle tekrar kaz\u0131lara ba\u015flanacakt\u0131r\u201d ifadelerine yer verildi.<\/p>\n<p><strong>G\u0130RESUN ADASI<\/strong><\/p>\n<p>Karadeniz\u2019deki iki adadan biri olan Giresun Adas\u0131 k\u0131y\u0131dan 1,6 km a\u00e7\u0131kta olup, 38 bin metrekare alana sahiptir. Adada \u00f6zellikle Akdeniz defnesi ve yalanc\u0131 akasya ba\u015fta olmak \u00fczere 71 t\u00fcr do\u011fal otsu ve odunsu bitki t\u00fcr\u00fc bulunmaktad\u0131r. Sonradan 10 adet a\u011fa\u00e7 t\u00fcr\u00fc daha ilave edilmi\u015ftir. Karadeniz\u2019de karabatak ve mart\u0131lar\u0131n do\u011fal olarak \u00fcredi\u011fi ada ayn\u0131 zamanda g\u00f6\u00e7men ku\u015flar\u0131n u\u011frak ve dinlenme yeridir. Hakk\u0131nda bir\u00e7ok efsaneler anlat\u0131lan, Amozanlar\u0131n ve bir\u00e7ok kavmin ya\u015fad\u0131\u011f\u0131 adada mitolojik \u00e7a\u011flara ait bir\u00e7ok kal\u0131nt\u0131 bulunmaktad\u0131r. Amazon kad\u0131nlar\u0131n\u0131n burada ya\u015fad\u0131\u011f\u0131na ve mitolojide Kaptan Yason \u00f6nderli\u011findeki Argonotlar\u2019\u0131n Herk\u00fcl ile birlikte alt\u0131n postu aramak i\u00e7in geldiklerine ve \u2018Aretias, Nesos ve Khalkeritis\u2019 isimleriyle an\u0131lan adada M.\u00d6. 2 bin y\u0131l\u0131ndan itibaren yerle\u015fimin ba\u015flad\u0131\u011f\u0131 san\u0131l\u0131yor. Adada, 2011 y\u0131l\u0131nda ba\u015flayan arkeolojik kaz\u0131larda kilise kal\u0131nt\u0131lar\u0131, tap\u0131nak, iskeletler, \u015farap f\u0131\u00e7\u0131lar\u0131 bulundu. Kaz\u0131lar sonucunda adan\u0131n tarihte bir dini merkez oldu\u011fu belirlendi.<\/p>\n<hr \/>\n<p><em><strong><a href=\"https:\/\/www.hurriyet.com.tr\/gundem\/giresun-adasinda-4-yil-aradan-sonra-ilk-bircok-buluntu-ele-gecti-41813236\" target=\"_blank\" rel=\"noopener noreferrer\">H\u00fcrriyet Gazetesi<\/a>\u00a0<\/strong><\/em><\/p>\n","protected":false},"excerpt":{"rendered":"<p>Hakan KABAHASANO\u011eLU\/G\u0130RESUN, (DHA)- Giresun\u2019da UNESCO\u2019nun D\u00fcnya Miras\u0131 Ge\u00e7ici Listesi\u2019ne al\u0131nmas\u0131 i\u00e7in ba\u015fvuru yap\u0131lan Giresun Adas\u0131\u2019nda, 4 y\u0131l aradan sonra yeniden arkeolojik kaz\u0131 yap\u0131lacak. Giresun Valili\u011fi\u2019nden yap\u0131lan yaz\u0131l\u0131 a\u00e7\u0131klamada, ge\u00e7mi\u015fte Aretias, Nesos, Areos ve Khalkeritis gibi pek \u00e7ok isimle an\u0131lan, antik\u00e7a\u011fdan beri s\u00fcregelen ya\u015fam izlerine sahip olan adan\u0131n bir\u00e7ok efsane ve mitolojik anlat\u0131ma konu oldu\u011funa yer [&hellip;]<\/p>\n","protected":false},"author":7,"featured_media":62962,"comment_status":"open","ping_status":"open","sticky":false,"template":"","format":"standard","meta":{"footnotes":""},"categories":[1],"tags":[],"class_list":["post-62961","post","type-post","status-publish","format-standard","has-post-thumbnail","hentry","category-haberler"],"yoast_head":"<!-- This site is optimized with the Yoast SEO plugin v27.4 - https:\/\/yoast.com\/product\/yoast-seo-wordpress\/ -->\n<title>Giresun Adas\u0131\u2019nda 4 y\u0131l aradan sonra ilk! \u2018Bir\u00e7ok buluntu ele ge\u00e7ti\u2019 - Bati Ermenistan Ve Bati Ermenileri Sorunlari Ara\u015ftirmalar Merkezi<\/title>\n<meta name=\"robots\" content=\"index, follow, max-snippet:-1, max-image-preview:large, max-video-preview:-1\" \/>\n<link rel=\"canonical\" href=\"https:\/\/akunq.net\/tr\/?p=62961\" \/>\n<meta property=\"og:locale\" content=\"en_US\" \/>\n<meta property=\"og:type\" content=\"article\" \/>\n<meta property=\"og:title\" content=\"Giresun Adas\u0131\u2019nda 4 y\u0131l aradan sonra ilk! \u2018Bir\u00e7ok buluntu ele ge\u00e7ti\u2019 - Bati Ermenistan Ve Bati Ermenileri Sorunlari Ara\u015ftirmalar Merkezi\" \/>\n<meta property=\"og:description\" content=\"Hakan KABAHASANO\u011eLU\/G\u0130RESUN, (DHA)- Giresun\u2019da UNESCO\u2019nun D\u00fcnya Miras\u0131 Ge\u00e7ici Listesi\u2019ne al\u0131nmas\u0131 i\u00e7in ba\u015fvuru yap\u0131lan Giresun Adas\u0131\u2019nda, 4 y\u0131l aradan sonra yeniden arkeolojik kaz\u0131 yap\u0131lacak. Giresun Valili\u011fi\u2019nden yap\u0131lan yaz\u0131l\u0131 a\u00e7\u0131klamada, ge\u00e7mi\u015fte Aretias, Nesos, Areos ve Khalkeritis gibi pek \u00e7ok isimle an\u0131lan, antik\u00e7a\u011fdan beri s\u00fcregelen ya\u015fam izlerine sahip olan adan\u0131n bir\u00e7ok efsane ve mitolojik anlat\u0131ma konu oldu\u011funa yer [&hellip;]\" \/>\n<meta property=\"og:url\" content=\"https:\/\/akunq.net\/tr\/?p=62961\" \/>\n<meta property=\"og:site_name\" content=\"Bati Ermenistan Ve Bati Ermenileri Sorunlari Ara\u015ftirmalar Merkezi\" \/>\n<meta property=\"article:published_time\" content=\"2021-05-19T07:15:46+00:00\" \/>\n<meta property=\"og:image\" content=\"https:\/\/akunq.net\/tr\/wp-content\/uploads\/sites\/6\/2021\/05\/Giresun-Adas\u0131.jpg\" \/>\n\t<meta property=\"og:image:width\" content=\"750\" \/>\n\t<meta property=\"og:image:height\" content=\"422\" \/>\n\t<meta property=\"og:image:type\" content=\"image\/jpeg\" \/>\n<meta name=\"author\" content=\"admin\" \/>\n<meta name=\"twitter:card\" content=\"summary_large_image\" \/>\n<meta name=\"twitter:label1\" content=\"Written by\" \/>\n\t<meta name=\"twitter:data1\" content=\"admin\" \/>\n\t<meta name=\"twitter:label2\" content=\"Est. reading time\" \/>\n\t<meta name=\"twitter:data2\" content=\"5 minutes\" \/>\n<script type=\"application\/ld+json\" class=\"yoast-schema-graph\">{\"@context\":\"https:\\\/\\\/schema.org\",\"@graph\":[{\"@type\":\"Article\",\"@id\":\"https:\\\/\\\/akunq.net\\\/tr\\\/?p=62961#article\",\"isPartOf\":{\"@id\":\"https:\\\/\\\/akunq.net\\\/tr\\\/?p=62961\"},\"author\":{\"name\":\"admin\",\"@id\":\"https:\\\/\\\/akunq.net\\\/tr\\\/#\\\/schema\\\/person\\\/096f1d38a12cce57fb855b485ed24c9e\"},\"headline\":\"Giresun Adas\u0131\u2019nda 4 y\u0131l aradan sonra ilk! \u2018Bir\u00e7ok buluntu ele ge\u00e7ti\u2019\",\"datePublished\":\"2021-05-19T07:15:46+00:00\",\"mainEntityOfPage\":{\"@id\":\"https:\\\/\\\/akunq.net\\\/tr\\\/?p=62961\"},\"wordCount\":978,\"commentCount\":0,\"image\":{\"@id\":\"https:\\\/\\\/akunq.net\\\/tr\\\/?p=62961#primaryimage\"},\"thumbnailUrl\":\"https:\\\/\\\/akunq.net\\\/tr\\\/wp-content\\\/uploads\\\/sites\\\/6\\\/2021\\\/05\\\/Giresun-Adas\u0131.jpg\",\"articleSection\":[\"Haberler\"],\"inLanguage\":\"en-US\",\"potentialAction\":[{\"@type\":\"CommentAction\",\"name\":\"Comment\",\"target\":[\"https:\\\/\\\/akunq.net\\\/tr\\\/?p=62961#respond\"]}]},{\"@type\":\"WebPage\",\"@id\":\"https:\\\/\\\/akunq.net\\\/tr\\\/?p=62961\",\"url\":\"https:\\\/\\\/akunq.net\\\/tr\\\/?p=62961\",\"name\":\"Giresun Adas\u0131\u2019nda 4 y\u0131l aradan sonra ilk! \u2018Bir\u00e7ok buluntu ele ge\u00e7ti\u2019 - Bati Ermenistan Ve Bati Ermenileri Sorunlari Ara\u015ftirmalar Merkezi\",\"isPartOf\":{\"@id\":\"https:\\\/\\\/akunq.net\\\/tr\\\/#website\"},\"primaryImageOfPage\":{\"@id\":\"https:\\\/\\\/akunq.net\\\/tr\\\/?p=62961#primaryimage\"},\"image\":{\"@id\":\"https:\\\/\\\/akunq.net\\\/tr\\\/?p=62961#primaryimage\"},\"thumbnailUrl\":\"https:\\\/\\\/akunq.net\\\/tr\\\/wp-content\\\/uploads\\\/sites\\\/6\\\/2021\\\/05\\\/Giresun-Adas\u0131.jpg\",\"datePublished\":\"2021-05-19T07:15:46+00:00\",\"author\":{\"@id\":\"https:\\\/\\\/akunq.net\\\/tr\\\/#\\\/schema\\\/person\\\/096f1d38a12cce57fb855b485ed24c9e\"},\"breadcrumb\":{\"@id\":\"https:\\\/\\\/akunq.net\\\/tr\\\/?p=62961#breadcrumb\"},\"inLanguage\":\"en-US\",\"potentialAction\":[{\"@type\":\"ReadAction\",\"target\":[\"https:\\\/\\\/akunq.net\\\/tr\\\/?p=62961\"]}]},{\"@type\":\"ImageObject\",\"inLanguage\":\"en-US\",\"@id\":\"https:\\\/\\\/akunq.net\\\/tr\\\/?p=62961#primaryimage\",\"url\":\"https:\\\/\\\/akunq.net\\\/tr\\\/wp-content\\\/uploads\\\/sites\\\/6\\\/2021\\\/05\\\/Giresun-Adas\u0131.jpg\",\"contentUrl\":\"https:\\\/\\\/akunq.net\\\/tr\\\/wp-content\\\/uploads\\\/sites\\\/6\\\/2021\\\/05\\\/Giresun-Adas\u0131.jpg\",\"width\":750,\"height\":422},{\"@type\":\"BreadcrumbList\",\"@id\":\"https:\\\/\\\/akunq.net\\\/tr\\\/?p=62961#breadcrumb\",\"itemListElement\":[{\"@type\":\"ListItem\",\"position\":1,\"name\":\"Home\",\"item\":\"https:\\\/\\\/akunq.net\\\/tr\"},{\"@type\":\"ListItem\",\"position\":2,\"name\":\"Giresun Adas\u0131\u2019nda 4 y\u0131l aradan sonra ilk! \u2018Bir\u00e7ok buluntu ele ge\u00e7ti\u2019\"}]},{\"@type\":\"WebSite\",\"@id\":\"https:\\\/\\\/akunq.net\\\/tr\\\/#website\",\"url\":\"https:\\\/\\\/akunq.net\\\/tr\\\/\",\"name\":\"Bati Ermenistan Ve Bati Ermenileri Sorunlari Ara\u015ftirmalar Merkezi\",\"description\":\"\",\"potentialAction\":[{\"@type\":\"SearchAction\",\"target\":{\"@type\":\"EntryPoint\",\"urlTemplate\":\"https:\\\/\\\/akunq.net\\\/tr\\\/?s={search_term_string}\"},\"query-input\":{\"@type\":\"PropertyValueSpecification\",\"valueRequired\":true,\"valueName\":\"search_term_string\"}}],\"inLanguage\":\"en-US\"},{\"@type\":\"Person\",\"@id\":\"https:\\\/\\\/akunq.net\\\/tr\\\/#\\\/schema\\\/person\\\/096f1d38a12cce57fb855b485ed24c9e\",\"name\":\"admin\",\"url\":\"https:\\\/\\\/akunq.net\\\/tr\\\/?author=7\"}]}<\/script>\n<!-- \/ Yoast SEO plugin. -->","yoast_head_json":{"title":"Giresun Adas\u0131\u2019nda 4 y\u0131l aradan sonra ilk! \u2018Bir\u00e7ok buluntu ele ge\u00e7ti\u2019 - Bati Ermenistan Ve Bati Ermenileri Sorunlari Ara\u015ftirmalar Merkezi","robots":{"index":"index","follow":"follow","max-snippet":"max-snippet:-1","max-image-preview":"max-image-preview:large","max-video-preview":"max-video-preview:-1"},"canonical":"https:\/\/akunq.net\/tr\/?p=62961","og_locale":"en_US","og_type":"article","og_title":"Giresun Adas\u0131\u2019nda 4 y\u0131l aradan sonra ilk! \u2018Bir\u00e7ok buluntu ele ge\u00e7ti\u2019 - Bati Ermenistan Ve Bati Ermenileri Sorunlari Ara\u015ftirmalar Merkezi","og_description":"Hakan KABAHASANO\u011eLU\/G\u0130RESUN, (DHA)- Giresun\u2019da UNESCO\u2019nun D\u00fcnya Miras\u0131 Ge\u00e7ici Listesi\u2019ne al\u0131nmas\u0131 i\u00e7in ba\u015fvuru yap\u0131lan Giresun Adas\u0131\u2019nda, 4 y\u0131l aradan sonra yeniden arkeolojik kaz\u0131 yap\u0131lacak. Giresun Valili\u011fi\u2019nden yap\u0131lan yaz\u0131l\u0131 a\u00e7\u0131klamada, ge\u00e7mi\u015fte Aretias, Nesos, Areos ve Khalkeritis gibi pek \u00e7ok isimle an\u0131lan, antik\u00e7a\u011fdan beri s\u00fcregelen ya\u015fam izlerine sahip olan adan\u0131n bir\u00e7ok efsane ve mitolojik anlat\u0131ma konu oldu\u011funa yer [&hellip;]","og_url":"https:\/\/akunq.net\/tr\/?p=62961","og_site_name":"Bati Ermenistan Ve Bati Ermenileri Sorunlari Ara\u015ftirmalar Merkezi","article_published_time":"2021-05-19T07:15:46+00:00","og_image":[{"width":750,"height":422,"url":"https:\/\/akunq.net\/tr\/wp-content\/uploads\/sites\/6\/2021\/05\/Giresun-Adas\u0131.jpg","type":"image\/jpeg"}],"author":"admin","twitter_card":"summary_large_image","twitter_misc":{"Written by":"admin","Est. reading time":"5 minutes"},"schema":{"@context":"https:\/\/schema.org","@graph":[{"@type":"Article","@id":"https:\/\/akunq.net\/tr\/?p=62961#article","isPartOf":{"@id":"https:\/\/akunq.net\/tr\/?p=62961"},"author":{"name":"admin","@id":"https:\/\/akunq.net\/tr\/#\/schema\/person\/096f1d38a12cce57fb855b485ed24c9e"},"headline":"Giresun Adas\u0131\u2019nda 4 y\u0131l aradan sonra ilk! \u2018Bir\u00e7ok buluntu ele ge\u00e7ti\u2019","datePublished":"2021-05-19T07:15:46+00:00","mainEntityOfPage":{"@id":"https:\/\/akunq.net\/tr\/?p=62961"},"wordCount":978,"commentCount":0,"image":{"@id":"https:\/\/akunq.net\/tr\/?p=62961#primaryimage"},"thumbnailUrl":"https:\/\/akunq.net\/tr\/wp-content\/uploads\/sites\/6\/2021\/05\/Giresun-Adas\u0131.jpg","articleSection":["Haberler"],"inLanguage":"en-US","potentialAction":[{"@type":"CommentAction","name":"Comment","target":["https:\/\/akunq.net\/tr\/?p=62961#respond"]}]},{"@type":"WebPage","@id":"https:\/\/akunq.net\/tr\/?p=62961","url":"https:\/\/akunq.net\/tr\/?p=62961","name":"Giresun Adas\u0131\u2019nda 4 y\u0131l aradan sonra ilk! \u2018Bir\u00e7ok buluntu ele ge\u00e7ti\u2019 - Bati Ermenistan Ve Bati Ermenileri Sorunlari Ara\u015ftirmalar Merkezi","isPartOf":{"@id":"https:\/\/akunq.net\/tr\/#website"},"primaryImageOfPage":{"@id":"https:\/\/akunq.net\/tr\/?p=62961#primaryimage"},"image":{"@id":"https:\/\/akunq.net\/tr\/?p=62961#primaryimage"},"thumbnailUrl":"https:\/\/akunq.net\/tr\/wp-content\/uploads\/sites\/6\/2021\/05\/Giresun-Adas\u0131.jpg","datePublished":"2021-05-19T07:15:46+00:00","author":{"@id":"https:\/\/akunq.net\/tr\/#\/schema\/person\/096f1d38a12cce57fb855b485ed24c9e"},"breadcrumb":{"@id":"https:\/\/akunq.net\/tr\/?p=62961#breadcrumb"},"inLanguage":"en-US","potentialAction":[{"@type":"ReadAction","target":["https:\/\/akunq.net\/tr\/?p=62961"]}]},{"@type":"ImageObject","inLanguage":"en-US","@id":"https:\/\/akunq.net\/tr\/?p=62961#primaryimage","url":"https:\/\/akunq.net\/tr\/wp-content\/uploads\/sites\/6\/2021\/05\/Giresun-Adas\u0131.jpg","contentUrl":"https:\/\/akunq.net\/tr\/wp-content\/uploads\/sites\/6\/2021\/05\/Giresun-Adas\u0131.jpg","width":750,"height":422},{"@type":"BreadcrumbList","@id":"https:\/\/akunq.net\/tr\/?p=62961#breadcrumb","itemListElement":[{"@type":"ListItem","position":1,"name":"Home","item":"https:\/\/akunq.net\/tr"},{"@type":"ListItem","position":2,"name":"Giresun Adas\u0131\u2019nda 4 y\u0131l aradan sonra ilk! \u2018Bir\u00e7ok buluntu ele ge\u00e7ti\u2019"}]},{"@type":"WebSite","@id":"https:\/\/akunq.net\/tr\/#website","url":"https:\/\/akunq.net\/tr\/","name":"Bati Ermenistan Ve Bati Ermenileri Sorunlari Ara\u015ftirmalar Merkezi","description":"","potentialAction":[{"@type":"SearchAction","target":{"@type":"EntryPoint","urlTemplate":"https:\/\/akunq.net\/tr\/?s={search_term_string}"},"query-input":{"@type":"PropertyValueSpecification","valueRequired":true,"valueName":"search_term_string"}}],"inLanguage":"en-US"},{"@type":"Person","@id":"https:\/\/akunq.net\/tr\/#\/schema\/person\/096f1d38a12cce57fb855b485ed24c9e","name":"admin","url":"https:\/\/akunq.net\/tr\/?author=7"}]}},"_links":{"self":[{"href":"https:\/\/akunq.net\/tr\/index.php?rest_route=\/wp\/v2\/posts\/62961","targetHints":{"allow":["GET"]}}],"collection":[{"href":"https:\/\/akunq.net\/tr\/index.php?rest_route=\/wp\/v2\/posts"}],"about":[{"href":"https:\/\/akunq.net\/tr\/index.php?rest_route=\/wp\/v2\/types\/post"}],"author":[{"embeddable":true,"href":"https:\/\/akunq.net\/tr\/index.php?rest_route=\/wp\/v2\/users\/7"}],"replies":[{"embeddable":true,"href":"https:\/\/akunq.net\/tr\/index.php?rest_route=%2Fwp%2Fv2%2Fcomments&post=62961"}],"version-history":[{"count":1,"href":"https:\/\/akunq.net\/tr\/index.php?rest_route=\/wp\/v2\/posts\/62961\/revisions"}],"predecessor-version":[{"id":62963,"href":"https:\/\/akunq.net\/tr\/index.php?rest_route=\/wp\/v2\/posts\/62961\/revisions\/62963"}],"wp:featuredmedia":[{"embeddable":true,"href":"https:\/\/akunq.net\/tr\/index.php?rest_route=\/wp\/v2\/media\/62962"}],"wp:attachment":[{"href":"https:\/\/akunq.net\/tr\/index.php?rest_route=%2Fwp%2Fv2%2Fmedia&parent=62961"}],"wp:term":[{"taxonomy":"category","embeddable":true,"href":"https:\/\/akunq.net\/tr\/index.php?rest_route=%2Fwp%2Fv2%2Fcategories&post=62961"},{"taxonomy":"post_tag","embeddable":true,"href":"https:\/\/akunq.net\/tr\/index.php?rest_route=%2Fwp%2Fv2%2Ftags&post=62961"}],"curies":[{"name":"wp","href":"https:\/\/api.w.org\/{rel}","templated":true}]}}