{"id":62958,"date":"2021-05-19T02:06:57","date_gmt":"2021-05-19T07:06:57","guid":{"rendered":"https:\/\/akunq.net\/tr\/?p=62958"},"modified":"2021-05-19T02:06:57","modified_gmt":"2021-05-19T07:06:57","slug":"gazzede-sivillerin-hedef-alinmasi-savas-sucu-olarak-sorusturumali","status":"publish","type":"post","link":"https:\/\/akunq.net\/tr\/?p=62958","title":{"rendered":"&#8220;Gazze&#8217;de sivillerin hedef al\u0131nmas\u0131 sava\u015f su\u00e7u olarak soru\u015fturumal\u0131&#8221;"},"content":{"rendered":"<p><img loading=\"lazy\" decoding=\"async\" class=\"aligncenter size-medium wp-image-62959\" src=\"https:\/\/akunq.net\/tr\/wp-content\/uploads\/2021\/05\/Gazze-360x240.jpeg\" alt=\"\" width=\"360\" height=\"240\" srcset=\"https:\/\/akunq.net\/tr\/wp-content\/uploads\/sites\/6\/2021\/05\/Gazze-360x240.jpeg 360w, https:\/\/akunq.net\/tr\/wp-content\/uploads\/sites\/6\/2021\/05\/Gazze-768x512.jpeg 768w, https:\/\/akunq.net\/tr\/wp-content\/uploads\/sites\/6\/2021\/05\/Gazze-560x374.jpeg 560w, https:\/\/akunq.net\/tr\/wp-content\/uploads\/sites\/6\/2021\/05\/Gazze-260x173.jpeg 260w, https:\/\/akunq.net\/tr\/wp-content\/uploads\/sites\/6\/2021\/05\/Gazze-160x107.jpeg 160w, https:\/\/akunq.net\/tr\/wp-content\/uploads\/sites\/6\/2021\/05\/Gazze.jpeg 1120w\" sizes=\"auto, (max-width: 360px) 100vw, 360px\" \/><\/p>\n<p><em><strong>Uluslararas\u0131 Af \u00d6rg\u00fct\u00fc bir rapor yay\u0131mlayarak, \u0130srail g\u00fc\u00e7lerinin sivillerin ya\u015fad\u0131\u011f\u0131 binalar\u0131 hedef alan \u00e7ok say\u0131da hava sald\u0131r\u0131s\u0131yla Filistinlilerin hayat\u0131n\u0131 hi\u00e7e sayd\u0131\u011f\u0131n\u0131 belirtti. Filistinli gruplar\u0131n sald\u0131r\u0131lar\u0131na da de\u011finen Kurulu\u015f, Uluslararas\u0131 Ceza Mahkemesi\u2019ni (UCM) t\u00fcm bu sald\u0131r\u0131lar\u0131 acilen soru\u015fturmaya \u00e7a\u011f\u0131rd\u0131.<\/strong><\/em><\/p>\n<p>\u0130srail\u2019in sivillerin ya\u015fad\u0131\u011f\u0131 binalara \u00f6nceden uyar\u0131da bulunmaks\u0131z\u0131n ger\u00e7ekle\u015ftirdi\u011fi d\u00f6rt sald\u0131r\u0131y\u0131 belgeleyen Uluslararas\u0131 Af \u00d6rg\u00fct\u00fc, raporunda &#8220;58 \u00e7ocu\u011fun aralar\u0131nda bulundu\u011fu en az 198 Filistinli\u2019nin \u00f6ld\u00fcr\u00fcld\u00fc\u011f\u00fc, 1.220\u2019nin \u00fczerinde sivilin ise yaraland\u0131\u011f\u0131 Gazze\u2019de \u00f6l\u00fcmlerin say\u0131s\u0131 artmaya devam ediyor&#8221; notunu payla\u015ft\u0131. Kurulu\u015fa g\u00f6re\u00a0 Filistinli silahl\u0131 gruplar\u0131n \u0130srail\u2019de ger\u00e7ekle\u015ftirdi\u011fi sald\u0131r\u0131larda iki \u00e7ocuk dahil 10 ki\u015fi \u00f6ld\u00fcr\u00fcld\u00fc ve en az 27 ki\u015fi yaraland\u0131.<\/p>\n<p>Uluslararas\u0131 Af \u00d6rg\u00fct\u00fc Orta Do\u011fu ve Kuzey Afrika Direkt\u00f6r Yard\u0131mc\u0131s\u0131 Saleh Higazi konu hakk\u0131nda yapt\u0131\u011f\u0131 a\u00e7\u0131klamada, \u201c\u0130srail\u2019in Gazze\u2019de ger\u00e7ekle\u015ftirdi\u011fi hava sald\u0131r\u0131lar\u0131nda sivillerin ya\u015fad\u0131\u011f\u0131 binalar\u0131n ve aile evlerinin kasten hedef al\u0131nd\u0131\u011f\u0131 korkun\u00e7 bir e\u011filim ortaya \u00e7\u0131k\u0131yor. Baz\u0131 durumlarla, ya\u015fad\u0131klar\u0131 binalar\u0131n \u00e7\u00f6kmesinin ard\u0131ndan aileler toplu halde enkaz alt\u0131nda kald\u0131. Belgeledi\u011fimiz vakalarda sivillere ka\u00e7abilmeleri i\u00e7in \u00f6nceden herhangi bir uyar\u0131 yap\u0131lmad\u0131. Uluslararas\u0131 insanc\u0131l hukuk gere\u011fince t\u00fcm taraflar askeri hedeflerle siviller aras\u0131nda ayr\u0131m yapmak ve sald\u0131r\u0131lar\u0131n\u0131 yaln\u0131zca askeri hedeflere y\u00f6neltmek zorundad\u0131r. Taraflar, sald\u0131r\u0131larda sivillere y\u00f6nelik zarar\u0131 en aza indirmek i\u00e7in m\u00fcmk\u00fcn olan t\u00fcm tedbirleri almakla y\u00fck\u00fcml\u00fcd\u00fcr\u201d dedi.<\/p>\n<p>Higazi \u015f\u00f6yle devam etti:<\/p>\n<p>\u201c\u0130srail ordusu bu sald\u0131r\u0131lar\u0131 hangi askeri ama\u00e7larla ger\u00e7ekle\u015ftirdi\u011fine ili\u015fkin a\u00e7\u0131klama yapmad\u0131; ancak sivil ailelerle dolu binalar\u0131n hem de \u00f6nceden uyar\u0131da bulunmaks\u0131z\u0131n bombalanmas\u0131n\u0131n uluslararas\u0131 insanc\u0131l hukuka g\u00f6re nas\u0131l orant\u0131l\u0131 kabul edilebildi\u011fini anlamak m\u00fcmk\u00fcn de\u011fil. U\u00e7aklardan at\u0131lan ve y\u00fczlerce metrelik alanda patlama etkisi olan bombalar gibi b\u00fcy\u00fck patlay\u0131c\u0131 silahlar, sivillerin ya\u015fad\u0131\u011f\u0131 b\u00f6lgelerde \u00f6nemli sivil kay\u0131plara yol a\u00e7acaklar\u0131 \u00f6ng\u00f6r\u00fclmeden kullan\u0131lm\u0131\u015f olamaz\u201d<\/p>\n<p>Higazi s\u00f6zlerini \u015f\u00f6yle s\u00fcrd\u00fcrd\u00fc, \u201c\u0130srail herhangi bir uyar\u0131 yapmadan ailelerin evlerine bu \u00f6ld\u00fcr\u00fcc\u00fc sald\u0131r\u0131lar\u0131 ger\u00e7ekle\u015ftirerek, 2007\u2019den bu yana Gazze\u2019de \u0130srail\u2019in yasa d\u0131\u015f\u0131 ablukas\u0131 alt\u0131nda toplu halde cezaland\u0131r\u0131lan ve bu nedenle ac\u0131 \u00e7eken Filistinlilerin hayat\u0131n\u0131 utanmazca hi\u00e7e sayd\u0131.\u201d<\/p>\n<p>Kurulu\u015fun raporunda \u015fu not da payla\u015f\u0131ld\u0131:<\/p>\n<p>&#8220;\u0130srail ordusu yaln\u0131zca askeri hedeflere sald\u0131rd\u0131\u011f\u0131n\u0131 iddia ediyor ve sivillerin ya\u015fad\u0131\u011f\u0131 binalara y\u00f6nelik sald\u0131r\u0131lar\u0131 bu temelde hakl\u0131 g\u00f6stermeye \u00e7al\u0131\u015f\u0131yor. Ancak b\u00f6lgede ya\u015fayanlar, Uluslararas\u0131 Af \u00d6rg\u00fct\u00fc\u2019ne, belgelenen sald\u0131r\u0131lar\u0131n ger\u00e7ekle\u015ftirildi\u011fi esnada civarda hi\u00e7bir sava\u015f\u00e7\u0131n\u0131n veya askeri hedefin bulunmad\u0131\u011f\u0131n\u0131 s\u00f6yledi&#8221;<\/p>\n<p>Saleh Higazi \u015f\u00f6yle devam etti:\u00a0 \u201cSivilleri, sivil m\u00fclkleri ve altyap\u0131y\u0131 kasten hedef alan sald\u0131r\u0131lar orant\u0131s\u0131z sald\u0131r\u0131lard\u0131r ve sava\u015f su\u00e7udur. Filistin\u2019deki duruma ili\u015fkin aktif bir soru\u015fturman\u0131n devam etti\u011fi Uluslararas\u0131 Ceza Mahkemesi bu sald\u0131r\u0131lar\u0131 da acilen sava\u015f su\u00e7u olarak soru\u015fturmal\u0131d\u0131r. Ayr\u0131ca, devletler, sava\u015f su\u00e7u i\u015fleyen taraflar \u00fczerinde evrensel yarg\u0131 yetkilerini kullanmay\u0131 de\u011ferlendirmelidir. Cezas\u0131zl\u0131k, \u0130srail\u2019in Gazze\u2019de daha \u00f6nce yapt\u0131\u011f\u0131 harekatlarda defalarca belgeledi\u011fimiz hukuka ayk\u0131r\u0131 sald\u0131r\u0131lar ger\u00e7ekle\u015ftirme e\u011filimini ve sivil katliam\u0131n\u0131 k\u00f6r\u00fcklemekten ba\u015fka bir \u015feye hizmet etmez\u201d<\/p>\n<p>Kurulu\u015fun raporunda Gazze merkezli bir insan haklar\u0131 \u00f6rg\u00fct\u00fc olan El Mizan \u0130nsan Haklar\u0131 Merkezi\u2019nin verileri de yer ald\u0131. Buna g\u00f6re\u00a0 11 May\u0131s\u2019tan bu yana Gazze\u2019de en az 152 konut y\u0131k\u0131ld\u0131. Gazze\u2019deki Filistin Bay\u0131nd\u0131rl\u0131k ve \u0130skan Bakanl\u0131\u011f\u0131, \u0130srail\u2019in sald\u0131r\u0131lar\u0131nda, 461 konut ve ticari i\u015fletmenin i\u00e7inde bulundu\u011fu 94 binan\u0131n y\u0131k\u0131ld\u0131\u011f\u0131n\u0131, 285 konutun ise b\u00fcy\u00fck hasar g\u00f6rerek oturulamaz duruma geldi\u011fini a\u00e7\u0131klad\u0131.<\/p>\n<p>Birle\u015fmi\u015f Milletler \u0130nsani Yard\u0131m Koordinasyon Ofisi\u2019nin (UNOCHA) bildirdi\u011fine g\u00f6re, 2 bin 500\u2019\u00fcn \u00fczerine ki\u015fi evlerinin y\u0131k\u0131lmas\u0131 nedeniyle evsiz kald\u0131, 38 binin \u00fczerinde ki\u015fi ise \u00fclke i\u00e7inde yerinden edildi ve Gazze\u2019nin \u00e7e\u015fitli yerlerinde Birle\u015fmi\u015f Milletler Yak\u0131ndo\u011fu\u2019daki Filistinliler i\u00e7in Yard\u0131m ve Bay\u0131nd\u0131rl\u0131k Ajans\u0131\u2019n\u0131n (UNRWA) y\u00f6netimindeki 48 okula s\u0131\u011f\u0131nd\u0131.<\/p>\n<p><strong>Filistinli gruplar\u0131n eylemleri<\/strong><\/p>\n<p>Af \u00d6rg\u00fct\u00fc&#8217;n\u00fcn raporuna g\u00f6re Filistinli silahl\u0131 gruplar\u0131n \u0130srail\u2019de sivillerin ya\u015fad\u0131\u011f\u0131 b\u00f6lgelere y\u00f6nelik geli\u015fig\u00fczel roket sald\u0131r\u0131lar\u0131nda da siviller \u00f6ld\u00fcr\u00fcld\u00fc ve yaraland\u0131, evler ve sivillere ait di\u011fer yap\u0131lar zarar g\u00f6rd\u00fc. Raporda &#8220;Gazze\u2019den \u0130srail\u2019e ate\u015flenen roketler hedef g\u00f6zetmeyen silahlard\u0131r ve bu roketlerin kullan\u0131m\u0131, do\u011fas\u0131 gere\u011fi geli\u015fig\u00fczel olan silahlar\u0131n kullan\u0131m\u0131n\u0131 yasaklayan uluslararas\u0131 insanc\u0131l hukuku ihlal eder. UCM bu sald\u0131r\u0131lar\u0131 da sava\u015f su\u00e7lar\u0131 kapsam\u0131nda soru\u015fturmal\u0131d\u0131r.&#8221; dendi.<\/p>\n<p><em><strong>Raporun\u00a0<a href=\"https:\/\/amnesty.org.tr\/icerik\/israilisgal-altindaki-filistin-topraklari-israilin-gazzede-sivillerin-yasadigi-binalari-kasten-hedef-alan-saldirilari-savas-suclari-kapsaminda-sorusturulmali\">tamam\u0131<\/a>\u00a0<\/strong><\/em><\/p>\n<p><em><strong>http:\/\/www.agos.com.tr\/tr\/yazi\/25687\/gazze-de-sivillerin-hedef-alinmasi-savas-sucu-olarak-sorusturumali\u00a0<\/strong><\/em><\/p>\n","protected":false},"excerpt":{"rendered":"<p>Uluslararas\u0131 Af \u00d6rg\u00fct\u00fc bir rapor yay\u0131mlayarak, \u0130srail g\u00fc\u00e7lerinin sivillerin ya\u015fad\u0131\u011f\u0131 binalar\u0131 hedef alan \u00e7ok say\u0131da hava sald\u0131r\u0131s\u0131yla Filistinlilerin hayat\u0131n\u0131 hi\u00e7e sayd\u0131\u011f\u0131n\u0131 belirtti. Filistinli gruplar\u0131n sald\u0131r\u0131lar\u0131na da de\u011finen Kurulu\u015f, Uluslararas\u0131 Ceza Mahkemesi\u2019ni (UCM) t\u00fcm bu sald\u0131r\u0131lar\u0131 acilen soru\u015fturmaya \u00e7a\u011f\u0131rd\u0131. \u0130srail\u2019in sivillerin ya\u015fad\u0131\u011f\u0131 binalara \u00f6nceden uyar\u0131da bulunmaks\u0131z\u0131n ger\u00e7ekle\u015ftirdi\u011fi d\u00f6rt sald\u0131r\u0131y\u0131 belgeleyen Uluslararas\u0131 Af \u00d6rg\u00fct\u00fc, raporunda &#8220;58 \u00e7ocu\u011fun [&hellip;]<\/p>\n","protected":false},"author":7,"featured_media":62959,"comment_status":"open","ping_status":"open","sticky":false,"template":"","format":"standard","meta":{"footnotes":""},"categories":[1],"tags":[],"class_list":["post-62958","post","type-post","status-publish","format-standard","has-post-thumbnail","hentry","category-haberler"],"yoast_head":"<!-- This site is optimized with the Yoast SEO plugin v27.4 - https:\/\/yoast.com\/product\/yoast-seo-wordpress\/ -->\n<title>&quot;Gazze&#039;de sivillerin hedef al\u0131nmas\u0131 sava\u015f su\u00e7u olarak soru\u015fturumal\u0131&quot; - Bati Ermenistan Ve Bati Ermenileri Sorunlari Ara\u015ftirmalar Merkezi<\/title>\n<meta name=\"robots\" content=\"index, follow, max-snippet:-1, max-image-preview:large, max-video-preview:-1\" \/>\n<link rel=\"canonical\" href=\"https:\/\/akunq.net\/tr\/?p=62958\" \/>\n<meta property=\"og:locale\" content=\"en_US\" \/>\n<meta property=\"og:type\" content=\"article\" \/>\n<meta property=\"og:title\" content=\"&quot;Gazze&#039;de sivillerin hedef al\u0131nmas\u0131 sava\u015f su\u00e7u olarak soru\u015fturumal\u0131&quot; - Bati Ermenistan Ve Bati Ermenileri Sorunlari Ara\u015ftirmalar Merkezi\" \/>\n<meta property=\"og:description\" content=\"Uluslararas\u0131 Af \u00d6rg\u00fct\u00fc bir rapor yay\u0131mlayarak, \u0130srail g\u00fc\u00e7lerinin sivillerin ya\u015fad\u0131\u011f\u0131 binalar\u0131 hedef alan \u00e7ok say\u0131da hava sald\u0131r\u0131s\u0131yla Filistinlilerin hayat\u0131n\u0131 hi\u00e7e sayd\u0131\u011f\u0131n\u0131 belirtti. Filistinli gruplar\u0131n sald\u0131r\u0131lar\u0131na da de\u011finen Kurulu\u015f, Uluslararas\u0131 Ceza Mahkemesi\u2019ni (UCM) t\u00fcm bu sald\u0131r\u0131lar\u0131 acilen soru\u015fturmaya \u00e7a\u011f\u0131rd\u0131. \u0130srail\u2019in sivillerin ya\u015fad\u0131\u011f\u0131 binalara \u00f6nceden uyar\u0131da bulunmaks\u0131z\u0131n ger\u00e7ekle\u015ftirdi\u011fi d\u00f6rt sald\u0131r\u0131y\u0131 belgeleyen Uluslararas\u0131 Af \u00d6rg\u00fct\u00fc, raporunda &#8220;58 \u00e7ocu\u011fun [&hellip;]\" \/>\n<meta property=\"og:url\" content=\"https:\/\/akunq.net\/tr\/?p=62958\" \/>\n<meta property=\"og:site_name\" content=\"Bati Ermenistan Ve Bati Ermenileri Sorunlari Ara\u015ftirmalar Merkezi\" \/>\n<meta property=\"article:published_time\" content=\"2021-05-19T07:06:57+00:00\" \/>\n<meta property=\"og:image\" content=\"https:\/\/akunq.net\/tr\/wp-content\/uploads\/sites\/6\/2021\/05\/Gazze.jpeg\" \/>\n\t<meta property=\"og:image:width\" content=\"1120\" \/>\n\t<meta property=\"og:image:height\" content=\"747\" \/>\n\t<meta property=\"og:image:type\" content=\"image\/jpeg\" \/>\n<meta name=\"author\" content=\"admin\" \/>\n<meta name=\"twitter:card\" content=\"summary_large_image\" \/>\n<meta name=\"twitter:label1\" content=\"Written by\" \/>\n\t<meta name=\"twitter:data1\" content=\"admin\" \/>\n\t<meta name=\"twitter:label2\" content=\"Est. reading time\" \/>\n\t<meta name=\"twitter:data2\" content=\"4 minutes\" \/>\n<script type=\"application\/ld+json\" class=\"yoast-schema-graph\">{\"@context\":\"https:\\\/\\\/schema.org\",\"@graph\":[{\"@type\":\"Article\",\"@id\":\"https:\\\/\\\/akunq.net\\\/tr\\\/?p=62958#article\",\"isPartOf\":{\"@id\":\"https:\\\/\\\/akunq.net\\\/tr\\\/?p=62958\"},\"author\":{\"name\":\"admin\",\"@id\":\"https:\\\/\\\/akunq.net\\\/tr\\\/#\\\/schema\\\/person\\\/096f1d38a12cce57fb855b485ed24c9e\"},\"headline\":\"&#8220;Gazze&#8217;de sivillerin hedef al\u0131nmas\u0131 sava\u015f su\u00e7u olarak soru\u015fturumal\u0131&#8221;\",\"datePublished\":\"2021-05-19T07:06:57+00:00\",\"mainEntityOfPage\":{\"@id\":\"https:\\\/\\\/akunq.net\\\/tr\\\/?p=62958\"},\"wordCount\":899,\"commentCount\":0,\"image\":{\"@id\":\"https:\\\/\\\/akunq.net\\\/tr\\\/?p=62958#primaryimage\"},\"thumbnailUrl\":\"https:\\\/\\\/akunq.net\\\/tr\\\/wp-content\\\/uploads\\\/sites\\\/6\\\/2021\\\/05\\\/Gazze.jpeg\",\"articleSection\":[\"Haberler\"],\"inLanguage\":\"en-US\",\"potentialAction\":[{\"@type\":\"CommentAction\",\"name\":\"Comment\",\"target\":[\"https:\\\/\\\/akunq.net\\\/tr\\\/?p=62958#respond\"]}]},{\"@type\":\"WebPage\",\"@id\":\"https:\\\/\\\/akunq.net\\\/tr\\\/?p=62958\",\"url\":\"https:\\\/\\\/akunq.net\\\/tr\\\/?p=62958\",\"name\":\"\\\"Gazze'de sivillerin hedef al\u0131nmas\u0131 sava\u015f su\u00e7u olarak soru\u015fturumal\u0131\\\" - Bati Ermenistan Ve Bati Ermenileri Sorunlari Ara\u015ftirmalar Merkezi\",\"isPartOf\":{\"@id\":\"https:\\\/\\\/akunq.net\\\/tr\\\/#website\"},\"primaryImageOfPage\":{\"@id\":\"https:\\\/\\\/akunq.net\\\/tr\\\/?p=62958#primaryimage\"},\"image\":{\"@id\":\"https:\\\/\\\/akunq.net\\\/tr\\\/?p=62958#primaryimage\"},\"thumbnailUrl\":\"https:\\\/\\\/akunq.net\\\/tr\\\/wp-content\\\/uploads\\\/sites\\\/6\\\/2021\\\/05\\\/Gazze.jpeg\",\"datePublished\":\"2021-05-19T07:06:57+00:00\",\"author\":{\"@id\":\"https:\\\/\\\/akunq.net\\\/tr\\\/#\\\/schema\\\/person\\\/096f1d38a12cce57fb855b485ed24c9e\"},\"breadcrumb\":{\"@id\":\"https:\\\/\\\/akunq.net\\\/tr\\\/?p=62958#breadcrumb\"},\"inLanguage\":\"en-US\",\"potentialAction\":[{\"@type\":\"ReadAction\",\"target\":[\"https:\\\/\\\/akunq.net\\\/tr\\\/?p=62958\"]}]},{\"@type\":\"ImageObject\",\"inLanguage\":\"en-US\",\"@id\":\"https:\\\/\\\/akunq.net\\\/tr\\\/?p=62958#primaryimage\",\"url\":\"https:\\\/\\\/akunq.net\\\/tr\\\/wp-content\\\/uploads\\\/sites\\\/6\\\/2021\\\/05\\\/Gazze.jpeg\",\"contentUrl\":\"https:\\\/\\\/akunq.net\\\/tr\\\/wp-content\\\/uploads\\\/sites\\\/6\\\/2021\\\/05\\\/Gazze.jpeg\",\"width\":1120,\"height\":747},{\"@type\":\"BreadcrumbList\",\"@id\":\"https:\\\/\\\/akunq.net\\\/tr\\\/?p=62958#breadcrumb\",\"itemListElement\":[{\"@type\":\"ListItem\",\"position\":1,\"name\":\"Home\",\"item\":\"https:\\\/\\\/akunq.net\\\/tr\"},{\"@type\":\"ListItem\",\"position\":2,\"name\":\"&#8220;Gazze&#8217;de sivillerin hedef al\u0131nmas\u0131 sava\u015f su\u00e7u olarak soru\u015fturumal\u0131&#8221;\"}]},{\"@type\":\"WebSite\",\"@id\":\"https:\\\/\\\/akunq.net\\\/tr\\\/#website\",\"url\":\"https:\\\/\\\/akunq.net\\\/tr\\\/\",\"name\":\"Bati Ermenistan Ve Bati Ermenileri Sorunlari Ara\u015ftirmalar Merkezi\",\"description\":\"\",\"potentialAction\":[{\"@type\":\"SearchAction\",\"target\":{\"@type\":\"EntryPoint\",\"urlTemplate\":\"https:\\\/\\\/akunq.net\\\/tr\\\/?s={search_term_string}\"},\"query-input\":{\"@type\":\"PropertyValueSpecification\",\"valueRequired\":true,\"valueName\":\"search_term_string\"}}],\"inLanguage\":\"en-US\"},{\"@type\":\"Person\",\"@id\":\"https:\\\/\\\/akunq.net\\\/tr\\\/#\\\/schema\\\/person\\\/096f1d38a12cce57fb855b485ed24c9e\",\"name\":\"admin\",\"url\":\"https:\\\/\\\/akunq.net\\\/tr\\\/?author=7\"}]}<\/script>\n<!-- \/ Yoast SEO plugin. -->","yoast_head_json":{"title":"\"Gazze'de sivillerin hedef al\u0131nmas\u0131 sava\u015f su\u00e7u olarak soru\u015fturumal\u0131\" - Bati Ermenistan Ve Bati Ermenileri Sorunlari Ara\u015ftirmalar Merkezi","robots":{"index":"index","follow":"follow","max-snippet":"max-snippet:-1","max-image-preview":"max-image-preview:large","max-video-preview":"max-video-preview:-1"},"canonical":"https:\/\/akunq.net\/tr\/?p=62958","og_locale":"en_US","og_type":"article","og_title":"\"Gazze'de sivillerin hedef al\u0131nmas\u0131 sava\u015f su\u00e7u olarak soru\u015fturumal\u0131\" - Bati Ermenistan Ve Bati Ermenileri Sorunlari Ara\u015ftirmalar Merkezi","og_description":"Uluslararas\u0131 Af \u00d6rg\u00fct\u00fc bir rapor yay\u0131mlayarak, \u0130srail g\u00fc\u00e7lerinin sivillerin ya\u015fad\u0131\u011f\u0131 binalar\u0131 hedef alan \u00e7ok say\u0131da hava sald\u0131r\u0131s\u0131yla Filistinlilerin hayat\u0131n\u0131 hi\u00e7e sayd\u0131\u011f\u0131n\u0131 belirtti. Filistinli gruplar\u0131n sald\u0131r\u0131lar\u0131na da de\u011finen Kurulu\u015f, Uluslararas\u0131 Ceza Mahkemesi\u2019ni (UCM) t\u00fcm bu sald\u0131r\u0131lar\u0131 acilen soru\u015fturmaya \u00e7a\u011f\u0131rd\u0131. \u0130srail\u2019in sivillerin ya\u015fad\u0131\u011f\u0131 binalara \u00f6nceden uyar\u0131da bulunmaks\u0131z\u0131n ger\u00e7ekle\u015ftirdi\u011fi d\u00f6rt sald\u0131r\u0131y\u0131 belgeleyen Uluslararas\u0131 Af \u00d6rg\u00fct\u00fc, raporunda &#8220;58 \u00e7ocu\u011fun [&hellip;]","og_url":"https:\/\/akunq.net\/tr\/?p=62958","og_site_name":"Bati Ermenistan Ve Bati Ermenileri Sorunlari Ara\u015ftirmalar Merkezi","article_published_time":"2021-05-19T07:06:57+00:00","og_image":[{"width":1120,"height":747,"url":"https:\/\/akunq.net\/tr\/wp-content\/uploads\/sites\/6\/2021\/05\/Gazze.jpeg","type":"image\/jpeg"}],"author":"admin","twitter_card":"summary_large_image","twitter_misc":{"Written by":"admin","Est. reading time":"4 minutes"},"schema":{"@context":"https:\/\/schema.org","@graph":[{"@type":"Article","@id":"https:\/\/akunq.net\/tr\/?p=62958#article","isPartOf":{"@id":"https:\/\/akunq.net\/tr\/?p=62958"},"author":{"name":"admin","@id":"https:\/\/akunq.net\/tr\/#\/schema\/person\/096f1d38a12cce57fb855b485ed24c9e"},"headline":"&#8220;Gazze&#8217;de sivillerin hedef al\u0131nmas\u0131 sava\u015f su\u00e7u olarak soru\u015fturumal\u0131&#8221;","datePublished":"2021-05-19T07:06:57+00:00","mainEntityOfPage":{"@id":"https:\/\/akunq.net\/tr\/?p=62958"},"wordCount":899,"commentCount":0,"image":{"@id":"https:\/\/akunq.net\/tr\/?p=62958#primaryimage"},"thumbnailUrl":"https:\/\/akunq.net\/tr\/wp-content\/uploads\/sites\/6\/2021\/05\/Gazze.jpeg","articleSection":["Haberler"],"inLanguage":"en-US","potentialAction":[{"@type":"CommentAction","name":"Comment","target":["https:\/\/akunq.net\/tr\/?p=62958#respond"]}]},{"@type":"WebPage","@id":"https:\/\/akunq.net\/tr\/?p=62958","url":"https:\/\/akunq.net\/tr\/?p=62958","name":"\"Gazze'de sivillerin hedef al\u0131nmas\u0131 sava\u015f su\u00e7u olarak soru\u015fturumal\u0131\" - Bati Ermenistan Ve Bati Ermenileri Sorunlari Ara\u015ftirmalar Merkezi","isPartOf":{"@id":"https:\/\/akunq.net\/tr\/#website"},"primaryImageOfPage":{"@id":"https:\/\/akunq.net\/tr\/?p=62958#primaryimage"},"image":{"@id":"https:\/\/akunq.net\/tr\/?p=62958#primaryimage"},"thumbnailUrl":"https:\/\/akunq.net\/tr\/wp-content\/uploads\/sites\/6\/2021\/05\/Gazze.jpeg","datePublished":"2021-05-19T07:06:57+00:00","author":{"@id":"https:\/\/akunq.net\/tr\/#\/schema\/person\/096f1d38a12cce57fb855b485ed24c9e"},"breadcrumb":{"@id":"https:\/\/akunq.net\/tr\/?p=62958#breadcrumb"},"inLanguage":"en-US","potentialAction":[{"@type":"ReadAction","target":["https:\/\/akunq.net\/tr\/?p=62958"]}]},{"@type":"ImageObject","inLanguage":"en-US","@id":"https:\/\/akunq.net\/tr\/?p=62958#primaryimage","url":"https:\/\/akunq.net\/tr\/wp-content\/uploads\/sites\/6\/2021\/05\/Gazze.jpeg","contentUrl":"https:\/\/akunq.net\/tr\/wp-content\/uploads\/sites\/6\/2021\/05\/Gazze.jpeg","width":1120,"height":747},{"@type":"BreadcrumbList","@id":"https:\/\/akunq.net\/tr\/?p=62958#breadcrumb","itemListElement":[{"@type":"ListItem","position":1,"name":"Home","item":"https:\/\/akunq.net\/tr"},{"@type":"ListItem","position":2,"name":"&#8220;Gazze&#8217;de sivillerin hedef al\u0131nmas\u0131 sava\u015f su\u00e7u olarak soru\u015fturumal\u0131&#8221;"}]},{"@type":"WebSite","@id":"https:\/\/akunq.net\/tr\/#website","url":"https:\/\/akunq.net\/tr\/","name":"Bati Ermenistan Ve Bati Ermenileri Sorunlari Ara\u015ftirmalar Merkezi","description":"","potentialAction":[{"@type":"SearchAction","target":{"@type":"EntryPoint","urlTemplate":"https:\/\/akunq.net\/tr\/?s={search_term_string}"},"query-input":{"@type":"PropertyValueSpecification","valueRequired":true,"valueName":"search_term_string"}}],"inLanguage":"en-US"},{"@type":"Person","@id":"https:\/\/akunq.net\/tr\/#\/schema\/person\/096f1d38a12cce57fb855b485ed24c9e","name":"admin","url":"https:\/\/akunq.net\/tr\/?author=7"}]}},"_links":{"self":[{"href":"https:\/\/akunq.net\/tr\/index.php?rest_route=\/wp\/v2\/posts\/62958","targetHints":{"allow":["GET"]}}],"collection":[{"href":"https:\/\/akunq.net\/tr\/index.php?rest_route=\/wp\/v2\/posts"}],"about":[{"href":"https:\/\/akunq.net\/tr\/index.php?rest_route=\/wp\/v2\/types\/post"}],"author":[{"embeddable":true,"href":"https:\/\/akunq.net\/tr\/index.php?rest_route=\/wp\/v2\/users\/7"}],"replies":[{"embeddable":true,"href":"https:\/\/akunq.net\/tr\/index.php?rest_route=%2Fwp%2Fv2%2Fcomments&post=62958"}],"version-history":[{"count":1,"href":"https:\/\/akunq.net\/tr\/index.php?rest_route=\/wp\/v2\/posts\/62958\/revisions"}],"predecessor-version":[{"id":62960,"href":"https:\/\/akunq.net\/tr\/index.php?rest_route=\/wp\/v2\/posts\/62958\/revisions\/62960"}],"wp:featuredmedia":[{"embeddable":true,"href":"https:\/\/akunq.net\/tr\/index.php?rest_route=\/wp\/v2\/media\/62959"}],"wp:attachment":[{"href":"https:\/\/akunq.net\/tr\/index.php?rest_route=%2Fwp%2Fv2%2Fmedia&parent=62958"}],"wp:term":[{"taxonomy":"category","embeddable":true,"href":"https:\/\/akunq.net\/tr\/index.php?rest_route=%2Fwp%2Fv2%2Fcategories&post=62958"},{"taxonomy":"post_tag","embeddable":true,"href":"https:\/\/akunq.net\/tr\/index.php?rest_route=%2Fwp%2Fv2%2Ftags&post=62958"}],"curies":[{"name":"wp","href":"https:\/\/api.w.org\/{rel}","templated":true}]}}