{"id":62952,"date":"2021-05-19T01:48:33","date_gmt":"2021-05-19T06:48:33","guid":{"rendered":"https:\/\/akunq.net\/tr\/?p=62952"},"modified":"2021-05-19T01:48:33","modified_gmt":"2021-05-19T06:48:33","slug":"zonguldakta-defineci-talani","status":"publish","type":"post","link":"https:\/\/akunq.net\/tr\/?p=62952","title":{"rendered":"Zonguldak\u2019ta defineci talan\u0131"},"content":{"rendered":"<p><img loading=\"lazy\" decoding=\"async\" class=\"aligncenter size-medium wp-image-62953\" src=\"https:\/\/akunq.net\/tr\/wp-content\/uploads\/2021\/05\/Zonguldak-360x203.jpg\" alt=\"\" width=\"360\" height=\"203\" srcset=\"https:\/\/akunq.net\/tr\/wp-content\/uploads\/sites\/6\/2021\/05\/Zonguldak-360x203.jpg 360w, https:\/\/akunq.net\/tr\/wp-content\/uploads\/sites\/6\/2021\/05\/Zonguldak-560x315.jpg 560w, https:\/\/akunq.net\/tr\/wp-content\/uploads\/sites\/6\/2021\/05\/Zonguldak-260x146.jpg 260w, https:\/\/akunq.net\/tr\/wp-content\/uploads\/sites\/6\/2021\/05\/Zonguldak-160x90.jpg 160w, https:\/\/akunq.net\/tr\/wp-content\/uploads\/sites\/6\/2021\/05\/Zonguldak.jpg 750w\" sizes=\"auto, (max-width: 360px) 100vw, 360px\" \/><\/p>\n<p><em><strong>Zonguldak\u2019\u0131n Ere\u011fli il\u00e7esine ba\u011fl\u0131 G\u00fczelyurt k\u00f6y\u00fc yak\u0131nlar\u0131ndaki ormanl\u0131k alanda kaya ma\u011faralar\u0131n bulundu\u011fu alan y\u0131llard\u0131r defineciler taraf\u0131ndan talan edilirken, b\u00f6lgede bulunan G\u00f6veli\u00e7 Ma\u011faras\u0131\u2019ndaki duvar resimleri de s\u00f6k\u00fcld\u00fc.<\/strong><\/em><\/p>\n<p>Ere\u011fli il\u00e7esine 20 kilometre uzakl\u0131ktaki G\u00fczelyurt k\u00f6y\u00fc yak\u0131nlar\u0131nda ormanl\u0131k alanda bulunan kaya ma\u011faralar, bug\u00fcne kadar defineciler taraf\u0131ndan talan edildi. Bir\u00e7ok ma\u011farada kaz\u0131 izlerine rastlan\u0131rken k\u00f6y halk\u0131 da s\u0131k s\u0131k b\u00f6lgeye gelen definecilerden b\u0131kt\u0131\u011f\u0131n\u0131 s\u00f6yledi. Binlerce y\u0131ll\u0131k oldu\u011fu tahmin edilen G\u00f6veli\u00e7 Ma\u011faras\u0131\u2019ndaki duvar resimleri de definecilerin hedefi oldu. \u00c7amur \u00fczerine i\u015flenmi\u015f resimlerin \u00e7o\u011funun s\u00f6k\u00fcld\u00fc\u011f\u00fc g\u00f6r\u00fcld\u00fc. \u00c7ok az k\u0131sm\u0131n\u0131n duvarda kald\u0131\u011f\u0131 resimlerin, b\u00f6lgedeki antik ya\u015fam hakk\u0131nda bilgiler verdi\u011fi d\u00fc\u015f\u00fcn\u00fcl\u00fcyor. Ere\u011fli M\u00fcze M\u00fcd\u00fcrl\u00fc\u011f\u00fc yetkililerinin \u00f6nceki y\u0131llarda yapt\u0131\u011f\u0131 incelemede ma\u011faradaki resmin tahrip edilmesinden dolay\u0131 tarih tespiti yap\u0131lamad\u0131\u011f\u0131 \u00f6\u011frenildi.<\/p>\n<p>Ma\u011fara turizmi \u00fczerine ara\u015ft\u0131rmalar yapan Engin Zaman, b\u00f6lgenin do\u011fal g\u00fczelli\u011fiyle \u00f6n plana \u00e7\u0131kt\u0131\u011f\u0131n\u0131 s\u00f6yledi. Do\u011faseverler taraf\u0131ndan ke\u015ffedilmeyi bekleyen b\u00f6lgenin defineciler taraf\u0131ndan y\u0131llard\u0131r talan edildi\u011fini ifade eden Zaman, \u201cBuras\u0131 volkanik alan\u0131n \u00fczerinde \u015felale mevcut. \u00d6zellikle volkanik s\u00fctunlar\u0131n \u00fczerinde \u015felale, ben ba\u015fka bir yerde bu \u015fekilde yer g\u00f6rmedim. Do\u011faseverler i\u00e7in \u00e7ok keyifli. Manzara a\u00e7\u0131s\u0131ndan \u00e7ok g\u00fczel. Hemen denizi g\u00f6rebiliyorsunuz burada. M\u00fcthi\u015f konumu olan bir yer. Maalesef defineciler taraf\u0131ndan talan edilmi\u015f. Bu da ger\u00e7ekten bizim de\u011ferimizdi. Bu b\u00f6lge bizim i\u00e7in \u00f6nemli bir de\u011fer. Maalesef defineciler buna m\u00fcsaade etmiyorlar. Kendi h\u0131rslar\u0131 u\u011fruna do\u011fay\u0131 talan ediyorlar. Fer\u015fler komple a\u015fa\u011f\u0131ya kadar devam etti\u011fini g\u00f6rebiliyoruz. Bu k\u0131sm\u0131n maalesef defineciler taraf\u0131ndan talan edildi\u011fi bur\u00e7 ve dinamit izlerinden belli oluyor. Burada \u00e7al\u0131\u015fm\u0131\u015f belli. Burada \u00e7ok g\u00fczel duvar resimleri varm\u0131\u015f. \u00c7ok az k\u0131sm\u0131 kalm\u0131\u015f burada\u201d dedi.<\/p>\n<hr \/>\n<p><em><strong>G\u00fcrkay G\u00dcNDO\u011eAN\/ZONGULDAK, (DHA)\u00a0<\/strong><\/em><\/p>\n<p><em><strong><a href=\"https:\/\/www.hurriyet.com.tr\/gundem\/zonguldakta-defineci-talani-41813122\" target=\"_blank\" rel=\"noopener noreferrer\">H\u00fcrriyet Gazetesi<\/a><\/strong><\/em><\/p>\n<p>&nbsp;<\/p>\n","protected":false},"excerpt":{"rendered":"<p>Zonguldak\u2019\u0131n Ere\u011fli il\u00e7esine ba\u011fl\u0131 G\u00fczelyurt k\u00f6y\u00fc yak\u0131nlar\u0131ndaki ormanl\u0131k alanda kaya ma\u011faralar\u0131n bulundu\u011fu alan y\u0131llard\u0131r defineciler taraf\u0131ndan talan edilirken, b\u00f6lgede bulunan G\u00f6veli\u00e7 Ma\u011faras\u0131\u2019ndaki duvar resimleri de s\u00f6k\u00fcld\u00fc. Ere\u011fli il\u00e7esine 20 kilometre uzakl\u0131ktaki G\u00fczelyurt k\u00f6y\u00fc yak\u0131nlar\u0131nda ormanl\u0131k alanda bulunan kaya ma\u011faralar, bug\u00fcne kadar defineciler taraf\u0131ndan talan edildi. Bir\u00e7ok ma\u011farada kaz\u0131 izlerine rastlan\u0131rken k\u00f6y halk\u0131 da s\u0131k s\u0131k [&hellip;]<\/p>\n","protected":false},"author":7,"featured_media":62953,"comment_status":"open","ping_status":"open","sticky":false,"template":"","format":"standard","meta":{"footnotes":""},"categories":[1],"tags":[],"class_list":["post-62952","post","type-post","status-publish","format-standard","has-post-thumbnail","hentry","category-haberler"],"yoast_head":"<!-- This site is optimized with the Yoast SEO plugin v27.4 - https:\/\/yoast.com\/product\/yoast-seo-wordpress\/ -->\n<title>Zonguldak\u2019ta defineci talan\u0131 - Bati Ermenistan Ve Bati Ermenileri Sorunlari Ara\u015ftirmalar Merkezi<\/title>\n<meta name=\"robots\" content=\"index, follow, max-snippet:-1, max-image-preview:large, max-video-preview:-1\" \/>\n<link rel=\"canonical\" href=\"https:\/\/akunq.net\/tr\/?p=62952\" \/>\n<meta property=\"og:locale\" content=\"en_US\" \/>\n<meta property=\"og:type\" content=\"article\" \/>\n<meta property=\"og:title\" content=\"Zonguldak\u2019ta defineci talan\u0131 - Bati Ermenistan Ve Bati Ermenileri Sorunlari Ara\u015ftirmalar Merkezi\" \/>\n<meta property=\"og:description\" content=\"Zonguldak\u2019\u0131n Ere\u011fli il\u00e7esine ba\u011fl\u0131 G\u00fczelyurt k\u00f6y\u00fc yak\u0131nlar\u0131ndaki ormanl\u0131k alanda kaya ma\u011faralar\u0131n bulundu\u011fu alan y\u0131llard\u0131r defineciler taraf\u0131ndan talan edilirken, b\u00f6lgede bulunan G\u00f6veli\u00e7 Ma\u011faras\u0131\u2019ndaki duvar resimleri de s\u00f6k\u00fcld\u00fc. Ere\u011fli il\u00e7esine 20 kilometre uzakl\u0131ktaki G\u00fczelyurt k\u00f6y\u00fc yak\u0131nlar\u0131nda ormanl\u0131k alanda bulunan kaya ma\u011faralar, bug\u00fcne kadar defineciler taraf\u0131ndan talan edildi. Bir\u00e7ok ma\u011farada kaz\u0131 izlerine rastlan\u0131rken k\u00f6y halk\u0131 da s\u0131k s\u0131k [&hellip;]\" \/>\n<meta property=\"og:url\" content=\"https:\/\/akunq.net\/tr\/?p=62952\" \/>\n<meta property=\"og:site_name\" content=\"Bati Ermenistan Ve Bati Ermenileri Sorunlari Ara\u015ftirmalar Merkezi\" \/>\n<meta property=\"article:published_time\" content=\"2021-05-19T06:48:33+00:00\" \/>\n<meta property=\"og:image\" content=\"https:\/\/akunq.net\/tr\/wp-content\/uploads\/sites\/6\/2021\/05\/Zonguldak.jpg\" \/>\n\t<meta property=\"og:image:width\" content=\"750\" \/>\n\t<meta property=\"og:image:height\" content=\"422\" \/>\n\t<meta property=\"og:image:type\" content=\"image\/jpeg\" \/>\n<meta name=\"author\" content=\"admin\" \/>\n<meta name=\"twitter:card\" content=\"summary_large_image\" \/>\n<meta name=\"twitter:label1\" content=\"Written by\" \/>\n\t<meta name=\"twitter:data1\" content=\"admin\" \/>\n\t<meta name=\"twitter:label2\" content=\"Est. reading time\" \/>\n\t<meta name=\"twitter:data2\" content=\"2 minutes\" \/>\n<script type=\"application\/ld+json\" class=\"yoast-schema-graph\">{\"@context\":\"https:\\\/\\\/schema.org\",\"@graph\":[{\"@type\":\"Article\",\"@id\":\"https:\\\/\\\/akunq.net\\\/tr\\\/?p=62952#article\",\"isPartOf\":{\"@id\":\"https:\\\/\\\/akunq.net\\\/tr\\\/?p=62952\"},\"author\":{\"name\":\"admin\",\"@id\":\"https:\\\/\\\/akunq.net\\\/tr\\\/#\\\/schema\\\/person\\\/096f1d38a12cce57fb855b485ed24c9e\"},\"headline\":\"Zonguldak\u2019ta defineci talan\u0131\",\"datePublished\":\"2021-05-19T06:48:33+00:00\",\"mainEntityOfPage\":{\"@id\":\"https:\\\/\\\/akunq.net\\\/tr\\\/?p=62952\"},\"wordCount\":372,\"commentCount\":0,\"image\":{\"@id\":\"https:\\\/\\\/akunq.net\\\/tr\\\/?p=62952#primaryimage\"},\"thumbnailUrl\":\"https:\\\/\\\/akunq.net\\\/tr\\\/wp-content\\\/uploads\\\/sites\\\/6\\\/2021\\\/05\\\/Zonguldak.jpg\",\"articleSection\":[\"Haberler\"],\"inLanguage\":\"en-US\",\"potentialAction\":[{\"@type\":\"CommentAction\",\"name\":\"Comment\",\"target\":[\"https:\\\/\\\/akunq.net\\\/tr\\\/?p=62952#respond\"]}]},{\"@type\":\"WebPage\",\"@id\":\"https:\\\/\\\/akunq.net\\\/tr\\\/?p=62952\",\"url\":\"https:\\\/\\\/akunq.net\\\/tr\\\/?p=62952\",\"name\":\"Zonguldak\u2019ta defineci talan\u0131 - Bati Ermenistan Ve Bati Ermenileri Sorunlari Ara\u015ftirmalar Merkezi\",\"isPartOf\":{\"@id\":\"https:\\\/\\\/akunq.net\\\/tr\\\/#website\"},\"primaryImageOfPage\":{\"@id\":\"https:\\\/\\\/akunq.net\\\/tr\\\/?p=62952#primaryimage\"},\"image\":{\"@id\":\"https:\\\/\\\/akunq.net\\\/tr\\\/?p=62952#primaryimage\"},\"thumbnailUrl\":\"https:\\\/\\\/akunq.net\\\/tr\\\/wp-content\\\/uploads\\\/sites\\\/6\\\/2021\\\/05\\\/Zonguldak.jpg\",\"datePublished\":\"2021-05-19T06:48:33+00:00\",\"author\":{\"@id\":\"https:\\\/\\\/akunq.net\\\/tr\\\/#\\\/schema\\\/person\\\/096f1d38a12cce57fb855b485ed24c9e\"},\"breadcrumb\":{\"@id\":\"https:\\\/\\\/akunq.net\\\/tr\\\/?p=62952#breadcrumb\"},\"inLanguage\":\"en-US\",\"potentialAction\":[{\"@type\":\"ReadAction\",\"target\":[\"https:\\\/\\\/akunq.net\\\/tr\\\/?p=62952\"]}]},{\"@type\":\"ImageObject\",\"inLanguage\":\"en-US\",\"@id\":\"https:\\\/\\\/akunq.net\\\/tr\\\/?p=62952#primaryimage\",\"url\":\"https:\\\/\\\/akunq.net\\\/tr\\\/wp-content\\\/uploads\\\/sites\\\/6\\\/2021\\\/05\\\/Zonguldak.jpg\",\"contentUrl\":\"https:\\\/\\\/akunq.net\\\/tr\\\/wp-content\\\/uploads\\\/sites\\\/6\\\/2021\\\/05\\\/Zonguldak.jpg\",\"width\":750,\"height\":422},{\"@type\":\"BreadcrumbList\",\"@id\":\"https:\\\/\\\/akunq.net\\\/tr\\\/?p=62952#breadcrumb\",\"itemListElement\":[{\"@type\":\"ListItem\",\"position\":1,\"name\":\"Home\",\"item\":\"https:\\\/\\\/akunq.net\\\/tr\"},{\"@type\":\"ListItem\",\"position\":2,\"name\":\"Zonguldak\u2019ta defineci talan\u0131\"}]},{\"@type\":\"WebSite\",\"@id\":\"https:\\\/\\\/akunq.net\\\/tr\\\/#website\",\"url\":\"https:\\\/\\\/akunq.net\\\/tr\\\/\",\"name\":\"Bati Ermenistan Ve Bati Ermenileri Sorunlari Ara\u015ftirmalar Merkezi\",\"description\":\"\",\"potentialAction\":[{\"@type\":\"SearchAction\",\"target\":{\"@type\":\"EntryPoint\",\"urlTemplate\":\"https:\\\/\\\/akunq.net\\\/tr\\\/?s={search_term_string}\"},\"query-input\":{\"@type\":\"PropertyValueSpecification\",\"valueRequired\":true,\"valueName\":\"search_term_string\"}}],\"inLanguage\":\"en-US\"},{\"@type\":\"Person\",\"@id\":\"https:\\\/\\\/akunq.net\\\/tr\\\/#\\\/schema\\\/person\\\/096f1d38a12cce57fb855b485ed24c9e\",\"name\":\"admin\",\"url\":\"https:\\\/\\\/akunq.net\\\/tr\\\/?author=7\"}]}<\/script>\n<!-- \/ Yoast SEO plugin. -->","yoast_head_json":{"title":"Zonguldak\u2019ta defineci talan\u0131 - Bati Ermenistan Ve Bati Ermenileri Sorunlari Ara\u015ftirmalar Merkezi","robots":{"index":"index","follow":"follow","max-snippet":"max-snippet:-1","max-image-preview":"max-image-preview:large","max-video-preview":"max-video-preview:-1"},"canonical":"https:\/\/akunq.net\/tr\/?p=62952","og_locale":"en_US","og_type":"article","og_title":"Zonguldak\u2019ta defineci talan\u0131 - Bati Ermenistan Ve Bati Ermenileri Sorunlari Ara\u015ftirmalar Merkezi","og_description":"Zonguldak\u2019\u0131n Ere\u011fli il\u00e7esine ba\u011fl\u0131 G\u00fczelyurt k\u00f6y\u00fc yak\u0131nlar\u0131ndaki ormanl\u0131k alanda kaya ma\u011faralar\u0131n bulundu\u011fu alan y\u0131llard\u0131r defineciler taraf\u0131ndan talan edilirken, b\u00f6lgede bulunan G\u00f6veli\u00e7 Ma\u011faras\u0131\u2019ndaki duvar resimleri de s\u00f6k\u00fcld\u00fc. Ere\u011fli il\u00e7esine 20 kilometre uzakl\u0131ktaki G\u00fczelyurt k\u00f6y\u00fc yak\u0131nlar\u0131nda ormanl\u0131k alanda bulunan kaya ma\u011faralar, bug\u00fcne kadar defineciler taraf\u0131ndan talan edildi. Bir\u00e7ok ma\u011farada kaz\u0131 izlerine rastlan\u0131rken k\u00f6y halk\u0131 da s\u0131k s\u0131k [&hellip;]","og_url":"https:\/\/akunq.net\/tr\/?p=62952","og_site_name":"Bati Ermenistan Ve Bati Ermenileri Sorunlari Ara\u015ftirmalar Merkezi","article_published_time":"2021-05-19T06:48:33+00:00","og_image":[{"width":750,"height":422,"url":"https:\/\/akunq.net\/tr\/wp-content\/uploads\/sites\/6\/2021\/05\/Zonguldak.jpg","type":"image\/jpeg"}],"author":"admin","twitter_card":"summary_large_image","twitter_misc":{"Written by":"admin","Est. reading time":"2 minutes"},"schema":{"@context":"https:\/\/schema.org","@graph":[{"@type":"Article","@id":"https:\/\/akunq.net\/tr\/?p=62952#article","isPartOf":{"@id":"https:\/\/akunq.net\/tr\/?p=62952"},"author":{"name":"admin","@id":"https:\/\/akunq.net\/tr\/#\/schema\/person\/096f1d38a12cce57fb855b485ed24c9e"},"headline":"Zonguldak\u2019ta defineci talan\u0131","datePublished":"2021-05-19T06:48:33+00:00","mainEntityOfPage":{"@id":"https:\/\/akunq.net\/tr\/?p=62952"},"wordCount":372,"commentCount":0,"image":{"@id":"https:\/\/akunq.net\/tr\/?p=62952#primaryimage"},"thumbnailUrl":"https:\/\/akunq.net\/tr\/wp-content\/uploads\/sites\/6\/2021\/05\/Zonguldak.jpg","articleSection":["Haberler"],"inLanguage":"en-US","potentialAction":[{"@type":"CommentAction","name":"Comment","target":["https:\/\/akunq.net\/tr\/?p=62952#respond"]}]},{"@type":"WebPage","@id":"https:\/\/akunq.net\/tr\/?p=62952","url":"https:\/\/akunq.net\/tr\/?p=62952","name":"Zonguldak\u2019ta defineci talan\u0131 - Bati Ermenistan Ve Bati Ermenileri Sorunlari Ara\u015ftirmalar Merkezi","isPartOf":{"@id":"https:\/\/akunq.net\/tr\/#website"},"primaryImageOfPage":{"@id":"https:\/\/akunq.net\/tr\/?p=62952#primaryimage"},"image":{"@id":"https:\/\/akunq.net\/tr\/?p=62952#primaryimage"},"thumbnailUrl":"https:\/\/akunq.net\/tr\/wp-content\/uploads\/sites\/6\/2021\/05\/Zonguldak.jpg","datePublished":"2021-05-19T06:48:33+00:00","author":{"@id":"https:\/\/akunq.net\/tr\/#\/schema\/person\/096f1d38a12cce57fb855b485ed24c9e"},"breadcrumb":{"@id":"https:\/\/akunq.net\/tr\/?p=62952#breadcrumb"},"inLanguage":"en-US","potentialAction":[{"@type":"ReadAction","target":["https:\/\/akunq.net\/tr\/?p=62952"]}]},{"@type":"ImageObject","inLanguage":"en-US","@id":"https:\/\/akunq.net\/tr\/?p=62952#primaryimage","url":"https:\/\/akunq.net\/tr\/wp-content\/uploads\/sites\/6\/2021\/05\/Zonguldak.jpg","contentUrl":"https:\/\/akunq.net\/tr\/wp-content\/uploads\/sites\/6\/2021\/05\/Zonguldak.jpg","width":750,"height":422},{"@type":"BreadcrumbList","@id":"https:\/\/akunq.net\/tr\/?p=62952#breadcrumb","itemListElement":[{"@type":"ListItem","position":1,"name":"Home","item":"https:\/\/akunq.net\/tr"},{"@type":"ListItem","position":2,"name":"Zonguldak\u2019ta defineci talan\u0131"}]},{"@type":"WebSite","@id":"https:\/\/akunq.net\/tr\/#website","url":"https:\/\/akunq.net\/tr\/","name":"Bati Ermenistan Ve Bati Ermenileri Sorunlari Ara\u015ftirmalar Merkezi","description":"","potentialAction":[{"@type":"SearchAction","target":{"@type":"EntryPoint","urlTemplate":"https:\/\/akunq.net\/tr\/?s={search_term_string}"},"query-input":{"@type":"PropertyValueSpecification","valueRequired":true,"valueName":"search_term_string"}}],"inLanguage":"en-US"},{"@type":"Person","@id":"https:\/\/akunq.net\/tr\/#\/schema\/person\/096f1d38a12cce57fb855b485ed24c9e","name":"admin","url":"https:\/\/akunq.net\/tr\/?author=7"}]}},"_links":{"self":[{"href":"https:\/\/akunq.net\/tr\/index.php?rest_route=\/wp\/v2\/posts\/62952","targetHints":{"allow":["GET"]}}],"collection":[{"href":"https:\/\/akunq.net\/tr\/index.php?rest_route=\/wp\/v2\/posts"}],"about":[{"href":"https:\/\/akunq.net\/tr\/index.php?rest_route=\/wp\/v2\/types\/post"}],"author":[{"embeddable":true,"href":"https:\/\/akunq.net\/tr\/index.php?rest_route=\/wp\/v2\/users\/7"}],"replies":[{"embeddable":true,"href":"https:\/\/akunq.net\/tr\/index.php?rest_route=%2Fwp%2Fv2%2Fcomments&post=62952"}],"version-history":[{"count":1,"href":"https:\/\/akunq.net\/tr\/index.php?rest_route=\/wp\/v2\/posts\/62952\/revisions"}],"predecessor-version":[{"id":62954,"href":"https:\/\/akunq.net\/tr\/index.php?rest_route=\/wp\/v2\/posts\/62952\/revisions\/62954"}],"wp:featuredmedia":[{"embeddable":true,"href":"https:\/\/akunq.net\/tr\/index.php?rest_route=\/wp\/v2\/media\/62953"}],"wp:attachment":[{"href":"https:\/\/akunq.net\/tr\/index.php?rest_route=%2Fwp%2Fv2%2Fmedia&parent=62952"}],"wp:term":[{"taxonomy":"category","embeddable":true,"href":"https:\/\/akunq.net\/tr\/index.php?rest_route=%2Fwp%2Fv2%2Fcategories&post=62952"},{"taxonomy":"post_tag","embeddable":true,"href":"https:\/\/akunq.net\/tr\/index.php?rest_route=%2Fwp%2Fv2%2Ftags&post=62952"}],"curies":[{"name":"wp","href":"https:\/\/api.w.org\/{rel}","templated":true}]}}