{"id":62942,"date":"2021-05-18T05:36:45","date_gmt":"2021-05-18T10:36:45","guid":{"rendered":"https:\/\/akunq.net\/tr\/?p=62942"},"modified":"2021-05-18T05:36:45","modified_gmt":"2021-05-18T10:36:45","slug":"gazeteci-adnan-genc-hayatini-kaybetti","status":"publish","type":"post","link":"https:\/\/akunq.net\/tr\/?p=62942","title":{"rendered":"Gazeteci Adnan Gen\u00e7 hayat\u0131n\u0131 kaybetti"},"content":{"rendered":"<p><img loading=\"lazy\" decoding=\"async\" class=\"aligncenter size-medium wp-image-62943\" src=\"https:\/\/akunq.net\/tr\/wp-content\/uploads\/2021\/05\/Adnan-Gen\u00e7-360x233.jpeg\" alt=\"\" width=\"360\" height=\"233\" srcset=\"https:\/\/akunq.net\/tr\/wp-content\/uploads\/sites\/6\/2021\/05\/Adnan-Gen\u00e7-360x233.jpeg 360w, https:\/\/akunq.net\/tr\/wp-content\/uploads\/sites\/6\/2021\/05\/Adnan-Gen\u00e7-260x168.jpeg 260w, https:\/\/akunq.net\/tr\/wp-content\/uploads\/sites\/6\/2021\/05\/Adnan-Gen\u00e7-160x104.jpeg 160w, https:\/\/akunq.net\/tr\/wp-content\/uploads\/sites\/6\/2021\/05\/Adnan-Gen\u00e7.jpeg 510w\" sizes=\"auto, (max-width: 360px) 100vw, 360px\" \/><\/p>\n<p><em><strong>\u00c7e\u015fitli mecralarda uzun s\u00fcredir gazetecilik yapan Adnan Gen\u00e7 Covid-19 nedeniyle hayat\u0131n\u0131 kaybetti.<\/strong><\/em><\/p>\n<p>Adnan Gen\u00e7 pek\u00e7ok mecrada gazetecilik yapm\u0131\u015ft\u0131. Son olarak mesele121.org sitesine bir r\u00f6portaj veren Gen\u00e7, gazetecili\u011fe ba\u015flamas\u0131n\u0131 \u015fu\u00a0<a href=\"https:\/\/bianet.org\/bianet\/yasam\/244235-medyada-bir-omur-adnan-genc\">s\u00f6zlerle<\/a>\u00a0anlatm\u0131\u015ft\u0131:<\/p>\n<p>&#8220;K\u0131rk y\u0131l \u00f6nce mesle\u011fe ba\u015flam\u0131\u015ft\u0131m. \u2018Kamuoyu olu\u015fturma i\u015flevi\u2019 akl\u0131m\u0131 \u00e7elmi\u015fti. Bu ba\u011flamda kamuoyunun ortalama bilin\u00e7 sahibi insanlar\u0131ndan birka\u00e7 ad\u0131m \u00f6nde olmak i\u00e7in mesle\u011fe daha s\u0131k\u0131 sar\u0131lmal\u0131yd\u0131m. Okudum, biriktirdim; hem okudum, hem yazd\u0131m\u2026 45 y\u0131l boyunca hep \u00e7al\u0131\u015ft\u0131m. Bu iyi bir \u2018istikrar\u2019 gibi g\u00f6r\u00fcn\u00fcyor\u2026&#8221;<\/p>\n<p>Hem\u015fin Dergisi GOR\u2019un kurucular\u0131ndan olan Gen\u00e7, do\u011fa ve insan haklar\u0131 savunucusuydu ve T\u00fcrkiye&#8217;deki Ye\u015filler Partisi&#8217;nin de kurucusuydu.<\/p>\n<p>Gen\u00e7 zaman zaman Agos&#8217;a da\u00a0<a href=\"http:\/\/www.agos.com.tr\/tr\/yazi\/1950\/hemsinlilerin-vartevoru\">yaz\u0131lar\u0131yla<\/a>\u00a0katk\u0131da bulunmu\u015ftu.<\/p>\n<p>Adnan Gen\u00e7&#8217;in \u201c\u00c7al\u0131\u015fkan Kad\u0131nlar \u00dclkesi Hem\u015fin\u201d, \u201cSolcunun Biri Bir G\u00fcn\u201d isimli kitaplar\u0131 vard\u0131.<\/p>\n<p><em><strong>FOTO: U\u011fur Biryol\u00a0<\/strong><\/em><\/p>\n<p><em><strong>http:\/\/www.agos.com.tr\/tr\/yazi\/25686\/gazeteci-adnan-genc-hayatini-kaybetti<\/strong><\/em><\/p>\n","protected":false},"excerpt":{"rendered":"<p>\u00c7e\u015fitli mecralarda uzun s\u00fcredir gazetecilik yapan Adnan Gen\u00e7 Covid-19 nedeniyle hayat\u0131n\u0131 kaybetti. Adnan Gen\u00e7 pek\u00e7ok mecrada gazetecilik yapm\u0131\u015ft\u0131. Son olarak mesele121.org sitesine bir r\u00f6portaj veren Gen\u00e7, gazetecili\u011fe ba\u015flamas\u0131n\u0131 \u015fu\u00a0s\u00f6zlerle\u00a0anlatm\u0131\u015ft\u0131: &#8220;K\u0131rk y\u0131l \u00f6nce mesle\u011fe ba\u015flam\u0131\u015ft\u0131m. \u2018Kamuoyu olu\u015fturma i\u015flevi\u2019 akl\u0131m\u0131 \u00e7elmi\u015fti. Bu ba\u011flamda kamuoyunun ortalama bilin\u00e7 sahibi insanlar\u0131ndan birka\u00e7 ad\u0131m \u00f6nde olmak i\u00e7in mesle\u011fe daha s\u0131k\u0131 sar\u0131lmal\u0131yd\u0131m. [&hellip;]<\/p>\n","protected":false},"author":7,"featured_media":62943,"comment_status":"open","ping_status":"open","sticky":false,"template":"","format":"standard","meta":{"footnotes":""},"categories":[1],"tags":[],"class_list":["post-62942","post","type-post","status-publish","format-standard","has-post-thumbnail","hentry","category-haberler"],"yoast_head":"<!-- This site is optimized with the Yoast SEO plugin v27.4 - https:\/\/yoast.com\/product\/yoast-seo-wordpress\/ -->\n<title>Gazeteci Adnan Gen\u00e7 hayat\u0131n\u0131 kaybetti - Bati Ermenistan Ve Bati Ermenileri Sorunlari Ara\u015ftirmalar Merkezi<\/title>\n<meta name=\"robots\" content=\"index, follow, max-snippet:-1, max-image-preview:large, max-video-preview:-1\" \/>\n<link rel=\"canonical\" href=\"https:\/\/akunq.net\/tr\/?p=62942\" \/>\n<meta property=\"og:locale\" content=\"en_US\" \/>\n<meta property=\"og:type\" content=\"article\" \/>\n<meta property=\"og:title\" content=\"Gazeteci Adnan Gen\u00e7 hayat\u0131n\u0131 kaybetti - Bati Ermenistan Ve Bati Ermenileri Sorunlari Ara\u015ftirmalar Merkezi\" \/>\n<meta property=\"og:description\" content=\"\u00c7e\u015fitli mecralarda uzun s\u00fcredir gazetecilik yapan Adnan Gen\u00e7 Covid-19 nedeniyle hayat\u0131n\u0131 kaybetti. Adnan Gen\u00e7 pek\u00e7ok mecrada gazetecilik yapm\u0131\u015ft\u0131. Son olarak mesele121.org sitesine bir r\u00f6portaj veren Gen\u00e7, gazetecili\u011fe ba\u015flamas\u0131n\u0131 \u015fu\u00a0s\u00f6zlerle\u00a0anlatm\u0131\u015ft\u0131: &#8220;K\u0131rk y\u0131l \u00f6nce mesle\u011fe ba\u015flam\u0131\u015ft\u0131m. \u2018Kamuoyu olu\u015fturma i\u015flevi\u2019 akl\u0131m\u0131 \u00e7elmi\u015fti. Bu ba\u011flamda kamuoyunun ortalama bilin\u00e7 sahibi insanlar\u0131ndan birka\u00e7 ad\u0131m \u00f6nde olmak i\u00e7in mesle\u011fe daha s\u0131k\u0131 sar\u0131lmal\u0131yd\u0131m. [&hellip;]\" \/>\n<meta property=\"og:url\" content=\"https:\/\/akunq.net\/tr\/?p=62942\" \/>\n<meta property=\"og:site_name\" content=\"Bati Ermenistan Ve Bati Ermenileri Sorunlari Ara\u015ftirmalar Merkezi\" \/>\n<meta property=\"article:published_time\" content=\"2021-05-18T10:36:45+00:00\" \/>\n<meta property=\"og:image\" content=\"https:\/\/akunq.net\/tr\/wp-content\/uploads\/sites\/6\/2021\/05\/Adnan-Gen\u00e7.jpeg\" \/>\n\t<meta property=\"og:image:width\" content=\"510\" \/>\n\t<meta property=\"og:image:height\" content=\"330\" \/>\n\t<meta property=\"og:image:type\" content=\"image\/jpeg\" \/>\n<meta name=\"author\" content=\"admin\" \/>\n<meta name=\"twitter:card\" content=\"summary_large_image\" \/>\n<meta name=\"twitter:label1\" content=\"Written by\" \/>\n\t<meta name=\"twitter:data1\" content=\"admin\" \/>\n\t<meta name=\"twitter:label2\" content=\"Est. reading time\" \/>\n\t<meta name=\"twitter:data2\" content=\"1 minute\" \/>\n<script type=\"application\/ld+json\" class=\"yoast-schema-graph\">{\"@context\":\"https:\\\/\\\/schema.org\",\"@graph\":[{\"@type\":\"Article\",\"@id\":\"https:\\\/\\\/akunq.net\\\/tr\\\/?p=62942#article\",\"isPartOf\":{\"@id\":\"https:\\\/\\\/akunq.net\\\/tr\\\/?p=62942\"},\"author\":{\"name\":\"admin\",\"@id\":\"https:\\\/\\\/akunq.net\\\/tr\\\/#\\\/schema\\\/person\\\/096f1d38a12cce57fb855b485ed24c9e\"},\"headline\":\"Gazeteci Adnan Gen\u00e7 hayat\u0131n\u0131 kaybetti\",\"datePublished\":\"2021-05-18T10:36:45+00:00\",\"mainEntityOfPage\":{\"@id\":\"https:\\\/\\\/akunq.net\\\/tr\\\/?p=62942\"},\"wordCount\":182,\"commentCount\":0,\"image\":{\"@id\":\"https:\\\/\\\/akunq.net\\\/tr\\\/?p=62942#primaryimage\"},\"thumbnailUrl\":\"https:\\\/\\\/akunq.net\\\/tr\\\/wp-content\\\/uploads\\\/sites\\\/6\\\/2021\\\/05\\\/Adnan-Gen\u00e7.jpeg\",\"articleSection\":[\"Haberler\"],\"inLanguage\":\"en-US\",\"potentialAction\":[{\"@type\":\"CommentAction\",\"name\":\"Comment\",\"target\":[\"https:\\\/\\\/akunq.net\\\/tr\\\/?p=62942#respond\"]}]},{\"@type\":\"WebPage\",\"@id\":\"https:\\\/\\\/akunq.net\\\/tr\\\/?p=62942\",\"url\":\"https:\\\/\\\/akunq.net\\\/tr\\\/?p=62942\",\"name\":\"Gazeteci Adnan Gen\u00e7 hayat\u0131n\u0131 kaybetti - Bati Ermenistan Ve Bati Ermenileri Sorunlari Ara\u015ftirmalar Merkezi\",\"isPartOf\":{\"@id\":\"https:\\\/\\\/akunq.net\\\/tr\\\/#website\"},\"primaryImageOfPage\":{\"@id\":\"https:\\\/\\\/akunq.net\\\/tr\\\/?p=62942#primaryimage\"},\"image\":{\"@id\":\"https:\\\/\\\/akunq.net\\\/tr\\\/?p=62942#primaryimage\"},\"thumbnailUrl\":\"https:\\\/\\\/akunq.net\\\/tr\\\/wp-content\\\/uploads\\\/sites\\\/6\\\/2021\\\/05\\\/Adnan-Gen\u00e7.jpeg\",\"datePublished\":\"2021-05-18T10:36:45+00:00\",\"author\":{\"@id\":\"https:\\\/\\\/akunq.net\\\/tr\\\/#\\\/schema\\\/person\\\/096f1d38a12cce57fb855b485ed24c9e\"},\"breadcrumb\":{\"@id\":\"https:\\\/\\\/akunq.net\\\/tr\\\/?p=62942#breadcrumb\"},\"inLanguage\":\"en-US\",\"potentialAction\":[{\"@type\":\"ReadAction\",\"target\":[\"https:\\\/\\\/akunq.net\\\/tr\\\/?p=62942\"]}]},{\"@type\":\"ImageObject\",\"inLanguage\":\"en-US\",\"@id\":\"https:\\\/\\\/akunq.net\\\/tr\\\/?p=62942#primaryimage\",\"url\":\"https:\\\/\\\/akunq.net\\\/tr\\\/wp-content\\\/uploads\\\/sites\\\/6\\\/2021\\\/05\\\/Adnan-Gen\u00e7.jpeg\",\"contentUrl\":\"https:\\\/\\\/akunq.net\\\/tr\\\/wp-content\\\/uploads\\\/sites\\\/6\\\/2021\\\/05\\\/Adnan-Gen\u00e7.jpeg\",\"width\":510,\"height\":330},{\"@type\":\"BreadcrumbList\",\"@id\":\"https:\\\/\\\/akunq.net\\\/tr\\\/?p=62942#breadcrumb\",\"itemListElement\":[{\"@type\":\"ListItem\",\"position\":1,\"name\":\"Home\",\"item\":\"https:\\\/\\\/akunq.net\\\/tr\"},{\"@type\":\"ListItem\",\"position\":2,\"name\":\"Gazeteci Adnan Gen\u00e7 hayat\u0131n\u0131 kaybetti\"}]},{\"@type\":\"WebSite\",\"@id\":\"https:\\\/\\\/akunq.net\\\/tr\\\/#website\",\"url\":\"https:\\\/\\\/akunq.net\\\/tr\\\/\",\"name\":\"Bati Ermenistan Ve Bati Ermenileri Sorunlari Ara\u015ftirmalar Merkezi\",\"description\":\"\",\"potentialAction\":[{\"@type\":\"SearchAction\",\"target\":{\"@type\":\"EntryPoint\",\"urlTemplate\":\"https:\\\/\\\/akunq.net\\\/tr\\\/?s={search_term_string}\"},\"query-input\":{\"@type\":\"PropertyValueSpecification\",\"valueRequired\":true,\"valueName\":\"search_term_string\"}}],\"inLanguage\":\"en-US\"},{\"@type\":\"Person\",\"@id\":\"https:\\\/\\\/akunq.net\\\/tr\\\/#\\\/schema\\\/person\\\/096f1d38a12cce57fb855b485ed24c9e\",\"name\":\"admin\",\"url\":\"https:\\\/\\\/akunq.net\\\/tr\\\/?author=7\"}]}<\/script>\n<!-- \/ Yoast SEO plugin. -->","yoast_head_json":{"title":"Gazeteci Adnan Gen\u00e7 hayat\u0131n\u0131 kaybetti - Bati Ermenistan Ve Bati Ermenileri Sorunlari Ara\u015ftirmalar Merkezi","robots":{"index":"index","follow":"follow","max-snippet":"max-snippet:-1","max-image-preview":"max-image-preview:large","max-video-preview":"max-video-preview:-1"},"canonical":"https:\/\/akunq.net\/tr\/?p=62942","og_locale":"en_US","og_type":"article","og_title":"Gazeteci Adnan Gen\u00e7 hayat\u0131n\u0131 kaybetti - Bati Ermenistan Ve Bati Ermenileri Sorunlari Ara\u015ftirmalar Merkezi","og_description":"\u00c7e\u015fitli mecralarda uzun s\u00fcredir gazetecilik yapan Adnan Gen\u00e7 Covid-19 nedeniyle hayat\u0131n\u0131 kaybetti. Adnan Gen\u00e7 pek\u00e7ok mecrada gazetecilik yapm\u0131\u015ft\u0131. Son olarak mesele121.org sitesine bir r\u00f6portaj veren Gen\u00e7, gazetecili\u011fe ba\u015flamas\u0131n\u0131 \u015fu\u00a0s\u00f6zlerle\u00a0anlatm\u0131\u015ft\u0131: &#8220;K\u0131rk y\u0131l \u00f6nce mesle\u011fe ba\u015flam\u0131\u015ft\u0131m. \u2018Kamuoyu olu\u015fturma i\u015flevi\u2019 akl\u0131m\u0131 \u00e7elmi\u015fti. Bu ba\u011flamda kamuoyunun ortalama bilin\u00e7 sahibi insanlar\u0131ndan birka\u00e7 ad\u0131m \u00f6nde olmak i\u00e7in mesle\u011fe daha s\u0131k\u0131 sar\u0131lmal\u0131yd\u0131m. [&hellip;]","og_url":"https:\/\/akunq.net\/tr\/?p=62942","og_site_name":"Bati Ermenistan Ve Bati Ermenileri Sorunlari Ara\u015ftirmalar Merkezi","article_published_time":"2021-05-18T10:36:45+00:00","og_image":[{"width":510,"height":330,"url":"https:\/\/akunq.net\/tr\/wp-content\/uploads\/sites\/6\/2021\/05\/Adnan-Gen\u00e7.jpeg","type":"image\/jpeg"}],"author":"admin","twitter_card":"summary_large_image","twitter_misc":{"Written by":"admin","Est. reading time":"1 minute"},"schema":{"@context":"https:\/\/schema.org","@graph":[{"@type":"Article","@id":"https:\/\/akunq.net\/tr\/?p=62942#article","isPartOf":{"@id":"https:\/\/akunq.net\/tr\/?p=62942"},"author":{"name":"admin","@id":"https:\/\/akunq.net\/tr\/#\/schema\/person\/096f1d38a12cce57fb855b485ed24c9e"},"headline":"Gazeteci Adnan Gen\u00e7 hayat\u0131n\u0131 kaybetti","datePublished":"2021-05-18T10:36:45+00:00","mainEntityOfPage":{"@id":"https:\/\/akunq.net\/tr\/?p=62942"},"wordCount":182,"commentCount":0,"image":{"@id":"https:\/\/akunq.net\/tr\/?p=62942#primaryimage"},"thumbnailUrl":"https:\/\/akunq.net\/tr\/wp-content\/uploads\/sites\/6\/2021\/05\/Adnan-Gen\u00e7.jpeg","articleSection":["Haberler"],"inLanguage":"en-US","potentialAction":[{"@type":"CommentAction","name":"Comment","target":["https:\/\/akunq.net\/tr\/?p=62942#respond"]}]},{"@type":"WebPage","@id":"https:\/\/akunq.net\/tr\/?p=62942","url":"https:\/\/akunq.net\/tr\/?p=62942","name":"Gazeteci Adnan Gen\u00e7 hayat\u0131n\u0131 kaybetti - Bati Ermenistan Ve Bati Ermenileri Sorunlari Ara\u015ftirmalar Merkezi","isPartOf":{"@id":"https:\/\/akunq.net\/tr\/#website"},"primaryImageOfPage":{"@id":"https:\/\/akunq.net\/tr\/?p=62942#primaryimage"},"image":{"@id":"https:\/\/akunq.net\/tr\/?p=62942#primaryimage"},"thumbnailUrl":"https:\/\/akunq.net\/tr\/wp-content\/uploads\/sites\/6\/2021\/05\/Adnan-Gen\u00e7.jpeg","datePublished":"2021-05-18T10:36:45+00:00","author":{"@id":"https:\/\/akunq.net\/tr\/#\/schema\/person\/096f1d38a12cce57fb855b485ed24c9e"},"breadcrumb":{"@id":"https:\/\/akunq.net\/tr\/?p=62942#breadcrumb"},"inLanguage":"en-US","potentialAction":[{"@type":"ReadAction","target":["https:\/\/akunq.net\/tr\/?p=62942"]}]},{"@type":"ImageObject","inLanguage":"en-US","@id":"https:\/\/akunq.net\/tr\/?p=62942#primaryimage","url":"https:\/\/akunq.net\/tr\/wp-content\/uploads\/sites\/6\/2021\/05\/Adnan-Gen\u00e7.jpeg","contentUrl":"https:\/\/akunq.net\/tr\/wp-content\/uploads\/sites\/6\/2021\/05\/Adnan-Gen\u00e7.jpeg","width":510,"height":330},{"@type":"BreadcrumbList","@id":"https:\/\/akunq.net\/tr\/?p=62942#breadcrumb","itemListElement":[{"@type":"ListItem","position":1,"name":"Home","item":"https:\/\/akunq.net\/tr"},{"@type":"ListItem","position":2,"name":"Gazeteci Adnan Gen\u00e7 hayat\u0131n\u0131 kaybetti"}]},{"@type":"WebSite","@id":"https:\/\/akunq.net\/tr\/#website","url":"https:\/\/akunq.net\/tr\/","name":"Bati Ermenistan Ve Bati Ermenileri Sorunlari Ara\u015ftirmalar Merkezi","description":"","potentialAction":[{"@type":"SearchAction","target":{"@type":"EntryPoint","urlTemplate":"https:\/\/akunq.net\/tr\/?s={search_term_string}"},"query-input":{"@type":"PropertyValueSpecification","valueRequired":true,"valueName":"search_term_string"}}],"inLanguage":"en-US"},{"@type":"Person","@id":"https:\/\/akunq.net\/tr\/#\/schema\/person\/096f1d38a12cce57fb855b485ed24c9e","name":"admin","url":"https:\/\/akunq.net\/tr\/?author=7"}]}},"_links":{"self":[{"href":"https:\/\/akunq.net\/tr\/index.php?rest_route=\/wp\/v2\/posts\/62942","targetHints":{"allow":["GET"]}}],"collection":[{"href":"https:\/\/akunq.net\/tr\/index.php?rest_route=\/wp\/v2\/posts"}],"about":[{"href":"https:\/\/akunq.net\/tr\/index.php?rest_route=\/wp\/v2\/types\/post"}],"author":[{"embeddable":true,"href":"https:\/\/akunq.net\/tr\/index.php?rest_route=\/wp\/v2\/users\/7"}],"replies":[{"embeddable":true,"href":"https:\/\/akunq.net\/tr\/index.php?rest_route=%2Fwp%2Fv2%2Fcomments&post=62942"}],"version-history":[{"count":1,"href":"https:\/\/akunq.net\/tr\/index.php?rest_route=\/wp\/v2\/posts\/62942\/revisions"}],"predecessor-version":[{"id":62944,"href":"https:\/\/akunq.net\/tr\/index.php?rest_route=\/wp\/v2\/posts\/62942\/revisions\/62944"}],"wp:featuredmedia":[{"embeddable":true,"href":"https:\/\/akunq.net\/tr\/index.php?rest_route=\/wp\/v2\/media\/62943"}],"wp:attachment":[{"href":"https:\/\/akunq.net\/tr\/index.php?rest_route=%2Fwp%2Fv2%2Fmedia&parent=62942"}],"wp:term":[{"taxonomy":"category","embeddable":true,"href":"https:\/\/akunq.net\/tr\/index.php?rest_route=%2Fwp%2Fv2%2Fcategories&post=62942"},{"taxonomy":"post_tag","embeddable":true,"href":"https:\/\/akunq.net\/tr\/index.php?rest_route=%2Fwp%2Fv2%2Ftags&post=62942"}],"curies":[{"name":"wp","href":"https:\/\/api.w.org\/{rel}","templated":true}]}}