{"id":62935,"date":"2021-05-18T01:40:58","date_gmt":"2021-05-18T06:40:58","guid":{"rendered":"https:\/\/akunq.net\/tr\/?p=62935"},"modified":"2021-05-18T01:40:58","modified_gmt":"2021-05-18T06:40:58","slug":"papa-francisin-dua-maratonuna-efes-meryem-ana-kilisesi-19-mayista-ev-sahipligi-yapacak","status":"publish","type":"post","link":"https:\/\/akunq.net\/tr\/?p=62935","title":{"rendered":"Papa Francis\u2019in Dua Maratonu\u2019na Efes Meryem Ana Kilise\u2019si 19 May\u0131s\u2019Ta ev sahipli\u011fi yapacak"},"content":{"rendered":"<p><img loading=\"lazy\" decoding=\"async\" class=\"aligncenter size-medium wp-image-62936\" src=\"https:\/\/akunq.net\/tr\/wp-content\/uploads\/2021\/05\/Efes-Meryem-Ana-Kilise\u2019si-294x270.png\" alt=\"\" width=\"294\" height=\"270\" srcset=\"https:\/\/akunq.net\/tr\/wp-content\/uploads\/sites\/6\/2021\/05\/Efes-Meryem-Ana-Kilise\u2019si-294x270.png 294w, https:\/\/akunq.net\/tr\/wp-content\/uploads\/sites\/6\/2021\/05\/Efes-Meryem-Ana-Kilise\u2019si-560x515.png 560w, https:\/\/akunq.net\/tr\/wp-content\/uploads\/sites\/6\/2021\/05\/Efes-Meryem-Ana-Kilise\u2019si-260x239.png 260w, https:\/\/akunq.net\/tr\/wp-content\/uploads\/sites\/6\/2021\/05\/Efes-Meryem-Ana-Kilise\u2019si-160x147.png 160w, https:\/\/akunq.net\/tr\/wp-content\/uploads\/sites\/6\/2021\/05\/Efes-Meryem-Ana-Kilise\u2019si.png 680w\" sizes=\"auto, (max-width: 294px) 100vw, 294px\" \/><\/p>\n<p><em><strong>HYETERT \u2013 May\u0131s ay\u0131 Hristiyan d\u00fcnyas\u0131nda Meryem Ana ay\u0131 olarak da an\u0131l\u0131r. May\u0131s ay\u0131 boyunca her g\u00fcn yap\u0131lan Tesbih Duas\u0131 ile imanl\u0131lar Meryem Ana\u2019dan \u015fefaat diler.<\/strong><\/em><\/p>\n<p>Bu y\u0131l Papa Francis, i\u00e7inde bulundu\u011fumuz Pandemi ko\u015fullar\u0131n\u0131 dikkate alarak bu pandeminin sona ermesi i\u00e7in d\u00fcnyan\u0131n d\u00f6rt bir yan\u0131nda Bakire Meryem\u2019e adanan ibadethanelerle birlik i\u00e7inde dua etmek i\u00e7in bir takvim yay\u0131mlad\u0131. May\u0131s ay\u0131n\u0131n her g\u00fcn\u00fc i\u00e7in belirli dua niyetleri olan bu takvimin rehberli\u011finde, d\u00fcnyan\u0131n d\u00f6rt bir yan\u0131nda Meryem\u2019e adanm\u0131\u015f t\u00fcm ibadethaneler, tek bir cemaat olarak dualar\u0131n\u0131 g\u00f6\u011fe y\u00fckseltiyorlar.<\/p>\n<p>Tesbih Dualar\u0131, Vatikan\u2019\u0131n resmi haber ajans\u0131 Vatican News\u2019un\u00a0<a href=\"https:\/\/www.facebook.com\/vaticannews\">Facebook<\/a>\u00a0sayfas\u0131 \u00fczerinden veya\u00a0<a href=\"https:\/\/www.youtube.com\/user\/vatican\">Youtube<\/a>\u00a0kanal\u0131ndan her g\u00fcn T<strong>\u00fcrkiye saati ile saat 19.00\u2019da canl\u0131\u00a0<\/strong>yay\u0131nlan\u0131yor.<\/p>\n<figure class=\"wp-block-image size-large\"><img loading=\"lazy\" decoding=\"async\" class=\"wp-image-405908\" src=\"https:\/\/i1.wp.com\/hyetert.org\/wp-content\/uploads\/2021\/05\/Meryem-Anaya-Dua.png?resize=578%2C447&amp;ssl=1\" sizes=\"auto, (max-width: 578px) 100vw, 578px\" srcset=\"https:\/\/i1.wp.com\/hyetert.org\/wp-content\/uploads\/2021\/05\/Meryem-Anaya-Dua.png?w=578&amp;ssl=1 578w, https:\/\/i1.wp.com\/hyetert.org\/wp-content\/uploads\/2021\/05\/Meryem-Anaya-Dua.png?resize=300%2C232&amp;ssl=1 300w\" alt=\"\" width=\"578\" height=\"447\" data-recalc-dims=\"1\" \/><\/figure>\n<p>T\u00fcrkiye\u2019de Meryem Ana\u2019ya adanm\u0131\u015f ibadethanelerin belki de en bilineni olan Efes\u2019teki Meryem Ana Evi de bu takvimde yerini alm\u0131\u015ft\u0131. 19 May\u0131s tarihine \u00f6zel se\u00e7ilmi\u015f dua niyeti ise \u2018Sava\u015f halindeki halklar ve d\u00fcnya bar\u0131\u015f\u0131\u2019 olarak se\u00e7ilmi\u015f. Pandemi k\u0131s\u0131tlamalar\u0131 devam etti\u011fi i\u00e7in cemaatin kat\u0131l\u0131m\u0131n\u0131n<strong>\u00a0<\/strong>olamayaca\u011f\u0131 Tesbih Duas\u0131,\u00a0<a href=\"https:\/\/www.youtube.com\/channel\/UCXMIXfuHWAmBWApIiDxiNQw\">\u0130zmir Ba\u015fpiskoposlu\u011fu resmi YouTube<\/a>\u00a0kanal\u0131ndan da naklen izlenebilecek.<\/p>\n<p><em><strong>Hyetert.org<\/strong><\/em><\/p>\n","protected":false},"excerpt":{"rendered":"<p>HYETERT \u2013 May\u0131s ay\u0131 Hristiyan d\u00fcnyas\u0131nda Meryem Ana ay\u0131 olarak da an\u0131l\u0131r. May\u0131s ay\u0131 boyunca her g\u00fcn yap\u0131lan Tesbih Duas\u0131 ile imanl\u0131lar Meryem Ana\u2019dan \u015fefaat diler. Bu y\u0131l Papa Francis, i\u00e7inde bulundu\u011fumuz Pandemi ko\u015fullar\u0131n\u0131 dikkate alarak bu pandeminin sona ermesi i\u00e7in d\u00fcnyan\u0131n d\u00f6rt bir yan\u0131nda Bakire Meryem\u2019e adanan ibadethanelerle birlik i\u00e7inde dua etmek i\u00e7in bir [&hellip;]<\/p>\n","protected":false},"author":7,"featured_media":62936,"comment_status":"open","ping_status":"open","sticky":false,"template":"","format":"standard","meta":{"footnotes":""},"categories":[1],"tags":[],"class_list":["post-62935","post","type-post","status-publish","format-standard","has-post-thumbnail","hentry","category-haberler"],"yoast_head":"<!-- This site is optimized with the Yoast SEO plugin v27.4 - https:\/\/yoast.com\/product\/yoast-seo-wordpress\/ -->\n<title>Papa Francis\u2019in Dua Maratonu\u2019na Efes Meryem Ana Kilise\u2019si 19 May\u0131s\u2019Ta ev sahipli\u011fi yapacak - Bati Ermenistan Ve Bati Ermenileri Sorunlari Ara\u015ftirmalar Merkezi<\/title>\n<meta name=\"robots\" content=\"index, follow, max-snippet:-1, max-image-preview:large, max-video-preview:-1\" \/>\n<link rel=\"canonical\" href=\"https:\/\/akunq.net\/tr\/?p=62935\" \/>\n<meta property=\"og:locale\" content=\"en_US\" \/>\n<meta property=\"og:type\" content=\"article\" \/>\n<meta property=\"og:title\" content=\"Papa Francis\u2019in Dua Maratonu\u2019na Efes Meryem Ana Kilise\u2019si 19 May\u0131s\u2019Ta ev sahipli\u011fi yapacak - Bati Ermenistan Ve Bati Ermenileri Sorunlari Ara\u015ftirmalar Merkezi\" \/>\n<meta property=\"og:description\" content=\"HYETERT \u2013 May\u0131s ay\u0131 Hristiyan d\u00fcnyas\u0131nda Meryem Ana ay\u0131 olarak da an\u0131l\u0131r. May\u0131s ay\u0131 boyunca her g\u00fcn yap\u0131lan Tesbih Duas\u0131 ile imanl\u0131lar Meryem Ana\u2019dan \u015fefaat diler. Bu y\u0131l Papa Francis, i\u00e7inde bulundu\u011fumuz Pandemi ko\u015fullar\u0131n\u0131 dikkate alarak bu pandeminin sona ermesi i\u00e7in d\u00fcnyan\u0131n d\u00f6rt bir yan\u0131nda Bakire Meryem\u2019e adanan ibadethanelerle birlik i\u00e7inde dua etmek i\u00e7in bir [&hellip;]\" \/>\n<meta property=\"og:url\" content=\"https:\/\/akunq.net\/tr\/?p=62935\" \/>\n<meta property=\"og:site_name\" content=\"Bati Ermenistan Ve Bati Ermenileri Sorunlari Ara\u015ftirmalar Merkezi\" \/>\n<meta property=\"article:published_time\" content=\"2021-05-18T06:40:58+00:00\" \/>\n<meta property=\"og:image\" content=\"https:\/\/akunq.net\/tr\/wp-content\/uploads\/sites\/6\/2021\/05\/Efes-Meryem-Ana-Kilise\u2019si.png\" \/>\n\t<meta property=\"og:image:width\" content=\"680\" \/>\n\t<meta property=\"og:image:height\" content=\"625\" \/>\n\t<meta property=\"og:image:type\" content=\"image\/png\" \/>\n<meta name=\"author\" content=\"admin\" \/>\n<meta name=\"twitter:card\" content=\"summary_large_image\" \/>\n<meta name=\"twitter:label1\" content=\"Written by\" \/>\n\t<meta name=\"twitter:data1\" content=\"admin\" \/>\n\t<meta name=\"twitter:label2\" content=\"Est. reading time\" \/>\n\t<meta name=\"twitter:data2\" content=\"1 minute\" \/>\n<script type=\"application\/ld+json\" class=\"yoast-schema-graph\">{\"@context\":\"https:\\\/\\\/schema.org\",\"@graph\":[{\"@type\":\"Article\",\"@id\":\"https:\\\/\\\/akunq.net\\\/tr\\\/?p=62935#article\",\"isPartOf\":{\"@id\":\"https:\\\/\\\/akunq.net\\\/tr\\\/?p=62935\"},\"author\":{\"name\":\"admin\",\"@id\":\"https:\\\/\\\/akunq.net\\\/tr\\\/#\\\/schema\\\/person\\\/096f1d38a12cce57fb855b485ed24c9e\"},\"headline\":\"Papa Francis\u2019in Dua Maratonu\u2019na Efes Meryem Ana Kilise\u2019si 19 May\u0131s\u2019Ta ev sahipli\u011fi yapacak\",\"datePublished\":\"2021-05-18T06:40:58+00:00\",\"mainEntityOfPage\":{\"@id\":\"https:\\\/\\\/akunq.net\\\/tr\\\/?p=62935\"},\"wordCount\":244,\"commentCount\":0,\"image\":{\"@id\":\"https:\\\/\\\/akunq.net\\\/tr\\\/?p=62935#primaryimage\"},\"thumbnailUrl\":\"https:\\\/\\\/akunq.net\\\/tr\\\/wp-content\\\/uploads\\\/sites\\\/6\\\/2021\\\/05\\\/Efes-Meryem-Ana-Kilise\u2019si.png\",\"articleSection\":[\"Haberler\"],\"inLanguage\":\"en-US\",\"potentialAction\":[{\"@type\":\"CommentAction\",\"name\":\"Comment\",\"target\":[\"https:\\\/\\\/akunq.net\\\/tr\\\/?p=62935#respond\"]}]},{\"@type\":\"WebPage\",\"@id\":\"https:\\\/\\\/akunq.net\\\/tr\\\/?p=62935\",\"url\":\"https:\\\/\\\/akunq.net\\\/tr\\\/?p=62935\",\"name\":\"Papa Francis\u2019in Dua Maratonu\u2019na Efes Meryem Ana Kilise\u2019si 19 May\u0131s\u2019Ta ev sahipli\u011fi yapacak - Bati Ermenistan Ve Bati Ermenileri Sorunlari Ara\u015ftirmalar Merkezi\",\"isPartOf\":{\"@id\":\"https:\\\/\\\/akunq.net\\\/tr\\\/#website\"},\"primaryImageOfPage\":{\"@id\":\"https:\\\/\\\/akunq.net\\\/tr\\\/?p=62935#primaryimage\"},\"image\":{\"@id\":\"https:\\\/\\\/akunq.net\\\/tr\\\/?p=62935#primaryimage\"},\"thumbnailUrl\":\"https:\\\/\\\/akunq.net\\\/tr\\\/wp-content\\\/uploads\\\/sites\\\/6\\\/2021\\\/05\\\/Efes-Meryem-Ana-Kilise\u2019si.png\",\"datePublished\":\"2021-05-18T06:40:58+00:00\",\"author\":{\"@id\":\"https:\\\/\\\/akunq.net\\\/tr\\\/#\\\/schema\\\/person\\\/096f1d38a12cce57fb855b485ed24c9e\"},\"breadcrumb\":{\"@id\":\"https:\\\/\\\/akunq.net\\\/tr\\\/?p=62935#breadcrumb\"},\"inLanguage\":\"en-US\",\"potentialAction\":[{\"@type\":\"ReadAction\",\"target\":[\"https:\\\/\\\/akunq.net\\\/tr\\\/?p=62935\"]}]},{\"@type\":\"ImageObject\",\"inLanguage\":\"en-US\",\"@id\":\"https:\\\/\\\/akunq.net\\\/tr\\\/?p=62935#primaryimage\",\"url\":\"https:\\\/\\\/akunq.net\\\/tr\\\/wp-content\\\/uploads\\\/sites\\\/6\\\/2021\\\/05\\\/Efes-Meryem-Ana-Kilise\u2019si.png\",\"contentUrl\":\"https:\\\/\\\/akunq.net\\\/tr\\\/wp-content\\\/uploads\\\/sites\\\/6\\\/2021\\\/05\\\/Efes-Meryem-Ana-Kilise\u2019si.png\",\"width\":680,\"height\":625},{\"@type\":\"BreadcrumbList\",\"@id\":\"https:\\\/\\\/akunq.net\\\/tr\\\/?p=62935#breadcrumb\",\"itemListElement\":[{\"@type\":\"ListItem\",\"position\":1,\"name\":\"Home\",\"item\":\"https:\\\/\\\/akunq.net\\\/tr\"},{\"@type\":\"ListItem\",\"position\":2,\"name\":\"Papa Francis\u2019in Dua Maratonu\u2019na Efes Meryem Ana Kilise\u2019si 19 May\u0131s\u2019Ta ev sahipli\u011fi yapacak\"}]},{\"@type\":\"WebSite\",\"@id\":\"https:\\\/\\\/akunq.net\\\/tr\\\/#website\",\"url\":\"https:\\\/\\\/akunq.net\\\/tr\\\/\",\"name\":\"Bati Ermenistan Ve Bati Ermenileri Sorunlari Ara\u015ftirmalar Merkezi\",\"description\":\"\",\"potentialAction\":[{\"@type\":\"SearchAction\",\"target\":{\"@type\":\"EntryPoint\",\"urlTemplate\":\"https:\\\/\\\/akunq.net\\\/tr\\\/?s={search_term_string}\"},\"query-input\":{\"@type\":\"PropertyValueSpecification\",\"valueRequired\":true,\"valueName\":\"search_term_string\"}}],\"inLanguage\":\"en-US\"},{\"@type\":\"Person\",\"@id\":\"https:\\\/\\\/akunq.net\\\/tr\\\/#\\\/schema\\\/person\\\/096f1d38a12cce57fb855b485ed24c9e\",\"name\":\"admin\",\"url\":\"https:\\\/\\\/akunq.net\\\/tr\\\/?author=7\"}]}<\/script>\n<!-- \/ Yoast SEO plugin. -->","yoast_head_json":{"title":"Papa Francis\u2019in Dua Maratonu\u2019na Efes Meryem Ana Kilise\u2019si 19 May\u0131s\u2019Ta ev sahipli\u011fi yapacak - Bati Ermenistan Ve Bati Ermenileri Sorunlari Ara\u015ftirmalar Merkezi","robots":{"index":"index","follow":"follow","max-snippet":"max-snippet:-1","max-image-preview":"max-image-preview:large","max-video-preview":"max-video-preview:-1"},"canonical":"https:\/\/akunq.net\/tr\/?p=62935","og_locale":"en_US","og_type":"article","og_title":"Papa Francis\u2019in Dua Maratonu\u2019na Efes Meryem Ana Kilise\u2019si 19 May\u0131s\u2019Ta ev sahipli\u011fi yapacak - Bati Ermenistan Ve Bati Ermenileri Sorunlari Ara\u015ftirmalar Merkezi","og_description":"HYETERT \u2013 May\u0131s ay\u0131 Hristiyan d\u00fcnyas\u0131nda Meryem Ana ay\u0131 olarak da an\u0131l\u0131r. May\u0131s ay\u0131 boyunca her g\u00fcn yap\u0131lan Tesbih Duas\u0131 ile imanl\u0131lar Meryem Ana\u2019dan \u015fefaat diler. Bu y\u0131l Papa Francis, i\u00e7inde bulundu\u011fumuz Pandemi ko\u015fullar\u0131n\u0131 dikkate alarak bu pandeminin sona ermesi i\u00e7in d\u00fcnyan\u0131n d\u00f6rt bir yan\u0131nda Bakire Meryem\u2019e adanan ibadethanelerle birlik i\u00e7inde dua etmek i\u00e7in bir [&hellip;]","og_url":"https:\/\/akunq.net\/tr\/?p=62935","og_site_name":"Bati Ermenistan Ve Bati Ermenileri Sorunlari Ara\u015ftirmalar Merkezi","article_published_time":"2021-05-18T06:40:58+00:00","og_image":[{"width":680,"height":625,"url":"https:\/\/akunq.net\/tr\/wp-content\/uploads\/sites\/6\/2021\/05\/Efes-Meryem-Ana-Kilise\u2019si.png","type":"image\/png"}],"author":"admin","twitter_card":"summary_large_image","twitter_misc":{"Written by":"admin","Est. reading time":"1 minute"},"schema":{"@context":"https:\/\/schema.org","@graph":[{"@type":"Article","@id":"https:\/\/akunq.net\/tr\/?p=62935#article","isPartOf":{"@id":"https:\/\/akunq.net\/tr\/?p=62935"},"author":{"name":"admin","@id":"https:\/\/akunq.net\/tr\/#\/schema\/person\/096f1d38a12cce57fb855b485ed24c9e"},"headline":"Papa Francis\u2019in Dua Maratonu\u2019na Efes Meryem Ana Kilise\u2019si 19 May\u0131s\u2019Ta ev sahipli\u011fi yapacak","datePublished":"2021-05-18T06:40:58+00:00","mainEntityOfPage":{"@id":"https:\/\/akunq.net\/tr\/?p=62935"},"wordCount":244,"commentCount":0,"image":{"@id":"https:\/\/akunq.net\/tr\/?p=62935#primaryimage"},"thumbnailUrl":"https:\/\/akunq.net\/tr\/wp-content\/uploads\/sites\/6\/2021\/05\/Efes-Meryem-Ana-Kilise\u2019si.png","articleSection":["Haberler"],"inLanguage":"en-US","potentialAction":[{"@type":"CommentAction","name":"Comment","target":["https:\/\/akunq.net\/tr\/?p=62935#respond"]}]},{"@type":"WebPage","@id":"https:\/\/akunq.net\/tr\/?p=62935","url":"https:\/\/akunq.net\/tr\/?p=62935","name":"Papa Francis\u2019in Dua Maratonu\u2019na Efes Meryem Ana Kilise\u2019si 19 May\u0131s\u2019Ta ev sahipli\u011fi yapacak - Bati Ermenistan Ve Bati Ermenileri Sorunlari Ara\u015ftirmalar Merkezi","isPartOf":{"@id":"https:\/\/akunq.net\/tr\/#website"},"primaryImageOfPage":{"@id":"https:\/\/akunq.net\/tr\/?p=62935#primaryimage"},"image":{"@id":"https:\/\/akunq.net\/tr\/?p=62935#primaryimage"},"thumbnailUrl":"https:\/\/akunq.net\/tr\/wp-content\/uploads\/sites\/6\/2021\/05\/Efes-Meryem-Ana-Kilise\u2019si.png","datePublished":"2021-05-18T06:40:58+00:00","author":{"@id":"https:\/\/akunq.net\/tr\/#\/schema\/person\/096f1d38a12cce57fb855b485ed24c9e"},"breadcrumb":{"@id":"https:\/\/akunq.net\/tr\/?p=62935#breadcrumb"},"inLanguage":"en-US","potentialAction":[{"@type":"ReadAction","target":["https:\/\/akunq.net\/tr\/?p=62935"]}]},{"@type":"ImageObject","inLanguage":"en-US","@id":"https:\/\/akunq.net\/tr\/?p=62935#primaryimage","url":"https:\/\/akunq.net\/tr\/wp-content\/uploads\/sites\/6\/2021\/05\/Efes-Meryem-Ana-Kilise\u2019si.png","contentUrl":"https:\/\/akunq.net\/tr\/wp-content\/uploads\/sites\/6\/2021\/05\/Efes-Meryem-Ana-Kilise\u2019si.png","width":680,"height":625},{"@type":"BreadcrumbList","@id":"https:\/\/akunq.net\/tr\/?p=62935#breadcrumb","itemListElement":[{"@type":"ListItem","position":1,"name":"Home","item":"https:\/\/akunq.net\/tr"},{"@type":"ListItem","position":2,"name":"Papa Francis\u2019in Dua Maratonu\u2019na Efes Meryem Ana Kilise\u2019si 19 May\u0131s\u2019Ta ev sahipli\u011fi yapacak"}]},{"@type":"WebSite","@id":"https:\/\/akunq.net\/tr\/#website","url":"https:\/\/akunq.net\/tr\/","name":"Bati Ermenistan Ve Bati Ermenileri Sorunlari Ara\u015ftirmalar Merkezi","description":"","potentialAction":[{"@type":"SearchAction","target":{"@type":"EntryPoint","urlTemplate":"https:\/\/akunq.net\/tr\/?s={search_term_string}"},"query-input":{"@type":"PropertyValueSpecification","valueRequired":true,"valueName":"search_term_string"}}],"inLanguage":"en-US"},{"@type":"Person","@id":"https:\/\/akunq.net\/tr\/#\/schema\/person\/096f1d38a12cce57fb855b485ed24c9e","name":"admin","url":"https:\/\/akunq.net\/tr\/?author=7"}]}},"_links":{"self":[{"href":"https:\/\/akunq.net\/tr\/index.php?rest_route=\/wp\/v2\/posts\/62935","targetHints":{"allow":["GET"]}}],"collection":[{"href":"https:\/\/akunq.net\/tr\/index.php?rest_route=\/wp\/v2\/posts"}],"about":[{"href":"https:\/\/akunq.net\/tr\/index.php?rest_route=\/wp\/v2\/types\/post"}],"author":[{"embeddable":true,"href":"https:\/\/akunq.net\/tr\/index.php?rest_route=\/wp\/v2\/users\/7"}],"replies":[{"embeddable":true,"href":"https:\/\/akunq.net\/tr\/index.php?rest_route=%2Fwp%2Fv2%2Fcomments&post=62935"}],"version-history":[{"count":1,"href":"https:\/\/akunq.net\/tr\/index.php?rest_route=\/wp\/v2\/posts\/62935\/revisions"}],"predecessor-version":[{"id":62937,"href":"https:\/\/akunq.net\/tr\/index.php?rest_route=\/wp\/v2\/posts\/62935\/revisions\/62937"}],"wp:featuredmedia":[{"embeddable":true,"href":"https:\/\/akunq.net\/tr\/index.php?rest_route=\/wp\/v2\/media\/62936"}],"wp:attachment":[{"href":"https:\/\/akunq.net\/tr\/index.php?rest_route=%2Fwp%2Fv2%2Fmedia&parent=62935"}],"wp:term":[{"taxonomy":"category","embeddable":true,"href":"https:\/\/akunq.net\/tr\/index.php?rest_route=%2Fwp%2Fv2%2Fcategories&post=62935"},{"taxonomy":"post_tag","embeddable":true,"href":"https:\/\/akunq.net\/tr\/index.php?rest_route=%2Fwp%2Fv2%2Ftags&post=62935"}],"curies":[{"name":"wp","href":"https:\/\/api.w.org\/{rel}","templated":true}]}}