{"id":62932,"date":"2021-05-18T01:33:58","date_gmt":"2021-05-18T06:33:58","guid":{"rendered":"https:\/\/akunq.net\/tr\/?p=62932"},"modified":"2021-05-18T01:33:58","modified_gmt":"2021-05-18T06:33:58","slug":"azinlik-vakiflari-secimleri-istinaftan-vgmye-ret","status":"publish","type":"post","link":"https:\/\/akunq.net\/tr\/?p=62932","title":{"rendered":"Az\u0131nl\u0131k Vak\u0131flar\u0131 se\u00e7imleri: \u0130stinaf&#8217;tan VGM&#8217;ye ret"},"content":{"rendered":"<p><img loading=\"lazy\" decoding=\"async\" class=\"aligncenter size-medium wp-image-62933\" src=\"https:\/\/akunq.net\/tr\/wp-content\/uploads\/2021\/05\/ankara-adliyesi-360x203.jpeg\" alt=\"\" width=\"360\" height=\"203\" srcset=\"https:\/\/akunq.net\/tr\/wp-content\/uploads\/sites\/6\/2021\/05\/ankara-adliyesi-360x203.jpeg 360w, https:\/\/akunq.net\/tr\/wp-content\/uploads\/sites\/6\/2021\/05\/ankara-adliyesi-560x315.jpeg 560w, https:\/\/akunq.net\/tr\/wp-content\/uploads\/sites\/6\/2021\/05\/ankara-adliyesi-260x146.jpeg 260w, https:\/\/akunq.net\/tr\/wp-content\/uploads\/sites\/6\/2021\/05\/ankara-adliyesi-160x90.jpeg 160w, https:\/\/akunq.net\/tr\/wp-content\/uploads\/sites\/6\/2021\/05\/ankara-adliyesi.jpeg 750w\" sizes=\"auto, (max-width: 360px) 100vw, 360px\" \/><\/p>\n<p><em><strong>Az\u0131nl\u0131k Vak\u0131flar\u0131&#8217;n\u0131n y\u00f6netim kurullar\u0131n\u0131 se\u00e7imle belirlemesine imkan veren y\u00f6netmelik, Vak\u0131flar Genel M\u00fcd\u00fcrl\u00fc\u011f\u00fc taraf\u0131ndan iptal edilmi\u015f, y\u0131llar sonra yerine atama yoluyla se\u00e7ime imkan veren bir genelge yay\u0131nlanm\u0131\u015ft\u0131. Ankara 7. \u0130dare Mahkemesi VGM&#8217;nin bu i\u015flemlerini iptal etmi\u015fti. Karara kar\u015f\u0131 \u0130stinaf Mahkemesi&#8217;ne ba\u015fvuran VGM&#8217;ye mahkemeden ret karar\u0131 geldi.<\/strong><\/em><\/p>\n<p>Vak\u0131flar Genel M\u00fcd\u00fcrl\u00fc\u011f\u00fc 2013 y\u0131l\u0131nda az\u0131nl\u0131k vak\u0131flar\u0131n\u0131n y\u00f6netim kurullar\u0131n\u0131 se\u00e7im yoluyla olu\u015fturmalar\u0131na imkan veren y\u00f6netmeli\u011fi, daha iyisinin yap\u0131laca\u011f\u0131 gerek\u00e7esiyle iptal etmi\u015fti.<\/p>\n<p>Ancak aradan ge\u00e7en sekiz y\u0131ll\u0131k s\u00fcrede yeni y\u00f6netmelik yay\u0131nlanmad\u0131\u011f\u0131 i\u00e7in az\u0131nl\u0131k vak\u0131flar\u0131 y\u00f6netim kurullar\u0131n\u0131 se\u00e7emiyorlard\u0131. Olu\u015fan ma\u011fduriyet bir\u00e7ok defa h\u00fck\u00fcmet yetkililerine iletilmi\u015fti.<\/p>\n<p>VGM iki y\u0131l kadar \u00f6nce az\u0131nl\u0131k vak\u0131flar\u0131na \u00f6len ya da ayr\u0131lmak isteyen y\u00f6netim kurulu \u00fcyelerinin yerine &#8220;atama&#8221; yoluyla yeni \u00fcye getirme imkan\u0131 veren bir genelge de yay\u0131nlam\u0131\u015f, bu genelge de ele\u015ftirilere neden olmu\u015ftu.<\/p>\n<p>Her iki genelge i\u00e7in avukatlar Sebuh Aslangil ve Setrak Davuthan taraf\u0131ndan m\u00fcvekkilleri ad\u0131na Ankara&#8217;da iptal davas\u0131 a\u00e7\u0131lm\u0131\u015ft\u0131.<\/p>\n<p>Ankara 7. \u0130dare Mahkemesi Mart ay\u0131nda \u00f6nemli bir karar ald\u0131 ve\u00a0 VGM&#8217;nin i\u015flemlerini h\u00fck\u00fcms\u00fcz\u00a0<a href=\"http:\/\/www.agos.com.tr\/tr\/yazi\/25483\/vakif-secimlerini-iptal-eden-genelge-hukumsuz-mahkeme-karari\">k\u0131ld\u0131<\/a>.<\/p>\n<p>B\u00f6ylece az\u0131nl\u0131k vak\u0131flar\u0131n\u0131n se\u00e7im yapabilmelerini \u00f6n\u00fc a\u00e7\u0131ld\u0131. VGM ise Ankara 7. \u0130dare Mahkemesi karar\u0131na kar\u015f\u0131 \u0130stinaf Mahkemesi&#8217;ne ba\u015fvurdu.<\/p>\n<p>Ankara B\u00f6lge \u0130dare Mahkemesi y\u00fcr\u00fctmenin durdurulmas\u0131 istemini de reddetti.<\/p>\n<div id=\"photoholder1\" class=\"photoholder no-display appear\"><img loading=\"lazy\" decoding=\"async\" class=\"no-display appear\" src=\"http:\/\/admin.agos.com.tr\/Upload\/Agos\/Images\/Untitled-1%20karar%20enine%20sonn.jpg\" alt=\"\" width=\"500\" height=\"300\" \/><\/div>\n<div class=\"cf\"><em><strong>http:\/\/www.agos.com.tr\/tr\/yazi\/25685\/azinlik-vakiflari-secimleri-istinaf-tan-vgm-ye-ret\u00a0<\/strong><\/em><\/div>\n","protected":false},"excerpt":{"rendered":"<p>Az\u0131nl\u0131k Vak\u0131flar\u0131&#8217;n\u0131n y\u00f6netim kurullar\u0131n\u0131 se\u00e7imle belirlemesine imkan veren y\u00f6netmelik, Vak\u0131flar Genel M\u00fcd\u00fcrl\u00fc\u011f\u00fc taraf\u0131ndan iptal edilmi\u015f, y\u0131llar sonra yerine atama yoluyla se\u00e7ime imkan veren bir genelge yay\u0131nlanm\u0131\u015ft\u0131. Ankara 7. \u0130dare Mahkemesi VGM&#8217;nin bu i\u015flemlerini iptal etmi\u015fti. Karara kar\u015f\u0131 \u0130stinaf Mahkemesi&#8217;ne ba\u015fvuran VGM&#8217;ye mahkemeden ret karar\u0131 geldi. Vak\u0131flar Genel M\u00fcd\u00fcrl\u00fc\u011f\u00fc 2013 y\u0131l\u0131nda az\u0131nl\u0131k vak\u0131flar\u0131n\u0131n y\u00f6netim kurullar\u0131n\u0131 se\u00e7im [&hellip;]<\/p>\n","protected":false},"author":7,"featured_media":62933,"comment_status":"open","ping_status":"open","sticky":false,"template":"","format":"standard","meta":{"footnotes":""},"categories":[1,53],"tags":[],"class_list":["post-62932","post","type-post","status-publish","format-standard","has-post-thumbnail","hentry","category-haberler","category-turkiyede-azinliklar"],"yoast_head":"<!-- This site is optimized with the Yoast SEO plugin v27.4 - https:\/\/yoast.com\/product\/yoast-seo-wordpress\/ -->\n<title>Az\u0131nl\u0131k Vak\u0131flar\u0131 se\u00e7imleri: \u0130stinaf&#039;tan VGM&#039;ye ret - Bati Ermenistan Ve Bati Ermenileri Sorunlari Ara\u015ftirmalar Merkezi<\/title>\n<meta name=\"robots\" content=\"index, follow, max-snippet:-1, max-image-preview:large, max-video-preview:-1\" \/>\n<link rel=\"canonical\" href=\"https:\/\/akunq.net\/tr\/?p=62932\" \/>\n<meta property=\"og:locale\" content=\"en_US\" \/>\n<meta property=\"og:type\" content=\"article\" \/>\n<meta property=\"og:title\" content=\"Az\u0131nl\u0131k Vak\u0131flar\u0131 se\u00e7imleri: \u0130stinaf&#039;tan VGM&#039;ye ret - Bati Ermenistan Ve Bati Ermenileri Sorunlari Ara\u015ftirmalar Merkezi\" \/>\n<meta property=\"og:description\" content=\"Az\u0131nl\u0131k Vak\u0131flar\u0131&#8217;n\u0131n y\u00f6netim kurullar\u0131n\u0131 se\u00e7imle belirlemesine imkan veren y\u00f6netmelik, Vak\u0131flar Genel M\u00fcd\u00fcrl\u00fc\u011f\u00fc taraf\u0131ndan iptal edilmi\u015f, y\u0131llar sonra yerine atama yoluyla se\u00e7ime imkan veren bir genelge yay\u0131nlanm\u0131\u015ft\u0131. Ankara 7. \u0130dare Mahkemesi VGM&#8217;nin bu i\u015flemlerini iptal etmi\u015fti. Karara kar\u015f\u0131 \u0130stinaf Mahkemesi&#8217;ne ba\u015fvuran VGM&#8217;ye mahkemeden ret karar\u0131 geldi. Vak\u0131flar Genel M\u00fcd\u00fcrl\u00fc\u011f\u00fc 2013 y\u0131l\u0131nda az\u0131nl\u0131k vak\u0131flar\u0131n\u0131n y\u00f6netim kurullar\u0131n\u0131 se\u00e7im [&hellip;]\" \/>\n<meta property=\"og:url\" content=\"https:\/\/akunq.net\/tr\/?p=62932\" \/>\n<meta property=\"og:site_name\" content=\"Bati Ermenistan Ve Bati Ermenileri Sorunlari Ara\u015ftirmalar Merkezi\" \/>\n<meta property=\"article:published_time\" content=\"2021-05-18T06:33:58+00:00\" \/>\n<meta property=\"og:image\" content=\"https:\/\/akunq.net\/tr\/wp-content\/uploads\/sites\/6\/2021\/05\/ankara-adliyesi.jpeg\" \/>\n\t<meta property=\"og:image:width\" content=\"750\" \/>\n\t<meta property=\"og:image:height\" content=\"422\" \/>\n\t<meta property=\"og:image:type\" content=\"image\/jpeg\" \/>\n<meta name=\"author\" content=\"admin\" \/>\n<meta name=\"twitter:card\" content=\"summary_large_image\" \/>\n<meta name=\"twitter:label1\" content=\"Written by\" \/>\n\t<meta name=\"twitter:data1\" content=\"admin\" \/>\n\t<meta name=\"twitter:label2\" content=\"Est. reading time\" \/>\n\t<meta name=\"twitter:data2\" content=\"1 minute\" \/>\n<script type=\"application\/ld+json\" class=\"yoast-schema-graph\">{\"@context\":\"https:\\\/\\\/schema.org\",\"@graph\":[{\"@type\":\"Article\",\"@id\":\"https:\\\/\\\/akunq.net\\\/tr\\\/?p=62932#article\",\"isPartOf\":{\"@id\":\"https:\\\/\\\/akunq.net\\\/tr\\\/?p=62932\"},\"author\":{\"name\":\"admin\",\"@id\":\"https:\\\/\\\/akunq.net\\\/tr\\\/#\\\/schema\\\/person\\\/096f1d38a12cce57fb855b485ed24c9e\"},\"headline\":\"Az\u0131nl\u0131k Vak\u0131flar\u0131 se\u00e7imleri: \u0130stinaf&#8217;tan VGM&#8217;ye ret\",\"datePublished\":\"2021-05-18T06:33:58+00:00\",\"mainEntityOfPage\":{\"@id\":\"https:\\\/\\\/akunq.net\\\/tr\\\/?p=62932\"},\"wordCount\":288,\"commentCount\":0,\"image\":{\"@id\":\"https:\\\/\\\/akunq.net\\\/tr\\\/?p=62932#primaryimage\"},\"thumbnailUrl\":\"https:\\\/\\\/akunq.net\\\/tr\\\/wp-content\\\/uploads\\\/sites\\\/6\\\/2021\\\/05\\\/ankara-adliyesi.jpeg\",\"articleSection\":[\"Haberler\",\"T\u00fcrkiye\u2019de Az\u0131nl\u0131klar\"],\"inLanguage\":\"en-US\",\"potentialAction\":[{\"@type\":\"CommentAction\",\"name\":\"Comment\",\"target\":[\"https:\\\/\\\/akunq.net\\\/tr\\\/?p=62932#respond\"]}]},{\"@type\":\"WebPage\",\"@id\":\"https:\\\/\\\/akunq.net\\\/tr\\\/?p=62932\",\"url\":\"https:\\\/\\\/akunq.net\\\/tr\\\/?p=62932\",\"name\":\"Az\u0131nl\u0131k Vak\u0131flar\u0131 se\u00e7imleri: \u0130stinaf'tan VGM'ye ret - Bati Ermenistan Ve Bati Ermenileri Sorunlari Ara\u015ftirmalar Merkezi\",\"isPartOf\":{\"@id\":\"https:\\\/\\\/akunq.net\\\/tr\\\/#website\"},\"primaryImageOfPage\":{\"@id\":\"https:\\\/\\\/akunq.net\\\/tr\\\/?p=62932#primaryimage\"},\"image\":{\"@id\":\"https:\\\/\\\/akunq.net\\\/tr\\\/?p=62932#primaryimage\"},\"thumbnailUrl\":\"https:\\\/\\\/akunq.net\\\/tr\\\/wp-content\\\/uploads\\\/sites\\\/6\\\/2021\\\/05\\\/ankara-adliyesi.jpeg\",\"datePublished\":\"2021-05-18T06:33:58+00:00\",\"author\":{\"@id\":\"https:\\\/\\\/akunq.net\\\/tr\\\/#\\\/schema\\\/person\\\/096f1d38a12cce57fb855b485ed24c9e\"},\"breadcrumb\":{\"@id\":\"https:\\\/\\\/akunq.net\\\/tr\\\/?p=62932#breadcrumb\"},\"inLanguage\":\"en-US\",\"potentialAction\":[{\"@type\":\"ReadAction\",\"target\":[\"https:\\\/\\\/akunq.net\\\/tr\\\/?p=62932\"]}]},{\"@type\":\"ImageObject\",\"inLanguage\":\"en-US\",\"@id\":\"https:\\\/\\\/akunq.net\\\/tr\\\/?p=62932#primaryimage\",\"url\":\"https:\\\/\\\/akunq.net\\\/tr\\\/wp-content\\\/uploads\\\/sites\\\/6\\\/2021\\\/05\\\/ankara-adliyesi.jpeg\",\"contentUrl\":\"https:\\\/\\\/akunq.net\\\/tr\\\/wp-content\\\/uploads\\\/sites\\\/6\\\/2021\\\/05\\\/ankara-adliyesi.jpeg\",\"width\":750,\"height\":422},{\"@type\":\"BreadcrumbList\",\"@id\":\"https:\\\/\\\/akunq.net\\\/tr\\\/?p=62932#breadcrumb\",\"itemListElement\":[{\"@type\":\"ListItem\",\"position\":1,\"name\":\"Home\",\"item\":\"https:\\\/\\\/akunq.net\\\/tr\"},{\"@type\":\"ListItem\",\"position\":2,\"name\":\"Az\u0131nl\u0131k Vak\u0131flar\u0131 se\u00e7imleri: \u0130stinaf&#8217;tan VGM&#8217;ye ret\"}]},{\"@type\":\"WebSite\",\"@id\":\"https:\\\/\\\/akunq.net\\\/tr\\\/#website\",\"url\":\"https:\\\/\\\/akunq.net\\\/tr\\\/\",\"name\":\"Bati Ermenistan Ve Bati Ermenileri Sorunlari Ara\u015ftirmalar Merkezi\",\"description\":\"\",\"potentialAction\":[{\"@type\":\"SearchAction\",\"target\":{\"@type\":\"EntryPoint\",\"urlTemplate\":\"https:\\\/\\\/akunq.net\\\/tr\\\/?s={search_term_string}\"},\"query-input\":{\"@type\":\"PropertyValueSpecification\",\"valueRequired\":true,\"valueName\":\"search_term_string\"}}],\"inLanguage\":\"en-US\"},{\"@type\":\"Person\",\"@id\":\"https:\\\/\\\/akunq.net\\\/tr\\\/#\\\/schema\\\/person\\\/096f1d38a12cce57fb855b485ed24c9e\",\"name\":\"admin\",\"url\":\"https:\\\/\\\/akunq.net\\\/tr\\\/?author=7\"}]}<\/script>\n<!-- \/ Yoast SEO plugin. -->","yoast_head_json":{"title":"Az\u0131nl\u0131k Vak\u0131flar\u0131 se\u00e7imleri: \u0130stinaf'tan VGM'ye ret - Bati Ermenistan Ve Bati Ermenileri Sorunlari Ara\u015ftirmalar Merkezi","robots":{"index":"index","follow":"follow","max-snippet":"max-snippet:-1","max-image-preview":"max-image-preview:large","max-video-preview":"max-video-preview:-1"},"canonical":"https:\/\/akunq.net\/tr\/?p=62932","og_locale":"en_US","og_type":"article","og_title":"Az\u0131nl\u0131k Vak\u0131flar\u0131 se\u00e7imleri: \u0130stinaf'tan VGM'ye ret - Bati Ermenistan Ve Bati Ermenileri Sorunlari Ara\u015ftirmalar Merkezi","og_description":"Az\u0131nl\u0131k Vak\u0131flar\u0131&#8217;n\u0131n y\u00f6netim kurullar\u0131n\u0131 se\u00e7imle belirlemesine imkan veren y\u00f6netmelik, Vak\u0131flar Genel M\u00fcd\u00fcrl\u00fc\u011f\u00fc taraf\u0131ndan iptal edilmi\u015f, y\u0131llar sonra yerine atama yoluyla se\u00e7ime imkan veren bir genelge yay\u0131nlanm\u0131\u015ft\u0131. Ankara 7. \u0130dare Mahkemesi VGM&#8217;nin bu i\u015flemlerini iptal etmi\u015fti. Karara kar\u015f\u0131 \u0130stinaf Mahkemesi&#8217;ne ba\u015fvuran VGM&#8217;ye mahkemeden ret karar\u0131 geldi. Vak\u0131flar Genel M\u00fcd\u00fcrl\u00fc\u011f\u00fc 2013 y\u0131l\u0131nda az\u0131nl\u0131k vak\u0131flar\u0131n\u0131n y\u00f6netim kurullar\u0131n\u0131 se\u00e7im [&hellip;]","og_url":"https:\/\/akunq.net\/tr\/?p=62932","og_site_name":"Bati Ermenistan Ve Bati Ermenileri Sorunlari Ara\u015ftirmalar Merkezi","article_published_time":"2021-05-18T06:33:58+00:00","og_image":[{"width":750,"height":422,"url":"https:\/\/akunq.net\/tr\/wp-content\/uploads\/sites\/6\/2021\/05\/ankara-adliyesi.jpeg","type":"image\/jpeg"}],"author":"admin","twitter_card":"summary_large_image","twitter_misc":{"Written by":"admin","Est. reading time":"1 minute"},"schema":{"@context":"https:\/\/schema.org","@graph":[{"@type":"Article","@id":"https:\/\/akunq.net\/tr\/?p=62932#article","isPartOf":{"@id":"https:\/\/akunq.net\/tr\/?p=62932"},"author":{"name":"admin","@id":"https:\/\/akunq.net\/tr\/#\/schema\/person\/096f1d38a12cce57fb855b485ed24c9e"},"headline":"Az\u0131nl\u0131k Vak\u0131flar\u0131 se\u00e7imleri: \u0130stinaf&#8217;tan VGM&#8217;ye ret","datePublished":"2021-05-18T06:33:58+00:00","mainEntityOfPage":{"@id":"https:\/\/akunq.net\/tr\/?p=62932"},"wordCount":288,"commentCount":0,"image":{"@id":"https:\/\/akunq.net\/tr\/?p=62932#primaryimage"},"thumbnailUrl":"https:\/\/akunq.net\/tr\/wp-content\/uploads\/sites\/6\/2021\/05\/ankara-adliyesi.jpeg","articleSection":["Haberler","T\u00fcrkiye\u2019de Az\u0131nl\u0131klar"],"inLanguage":"en-US","potentialAction":[{"@type":"CommentAction","name":"Comment","target":["https:\/\/akunq.net\/tr\/?p=62932#respond"]}]},{"@type":"WebPage","@id":"https:\/\/akunq.net\/tr\/?p=62932","url":"https:\/\/akunq.net\/tr\/?p=62932","name":"Az\u0131nl\u0131k Vak\u0131flar\u0131 se\u00e7imleri: \u0130stinaf'tan VGM'ye ret - Bati Ermenistan Ve Bati Ermenileri Sorunlari Ara\u015ftirmalar Merkezi","isPartOf":{"@id":"https:\/\/akunq.net\/tr\/#website"},"primaryImageOfPage":{"@id":"https:\/\/akunq.net\/tr\/?p=62932#primaryimage"},"image":{"@id":"https:\/\/akunq.net\/tr\/?p=62932#primaryimage"},"thumbnailUrl":"https:\/\/akunq.net\/tr\/wp-content\/uploads\/sites\/6\/2021\/05\/ankara-adliyesi.jpeg","datePublished":"2021-05-18T06:33:58+00:00","author":{"@id":"https:\/\/akunq.net\/tr\/#\/schema\/person\/096f1d38a12cce57fb855b485ed24c9e"},"breadcrumb":{"@id":"https:\/\/akunq.net\/tr\/?p=62932#breadcrumb"},"inLanguage":"en-US","potentialAction":[{"@type":"ReadAction","target":["https:\/\/akunq.net\/tr\/?p=62932"]}]},{"@type":"ImageObject","inLanguage":"en-US","@id":"https:\/\/akunq.net\/tr\/?p=62932#primaryimage","url":"https:\/\/akunq.net\/tr\/wp-content\/uploads\/sites\/6\/2021\/05\/ankara-adliyesi.jpeg","contentUrl":"https:\/\/akunq.net\/tr\/wp-content\/uploads\/sites\/6\/2021\/05\/ankara-adliyesi.jpeg","width":750,"height":422},{"@type":"BreadcrumbList","@id":"https:\/\/akunq.net\/tr\/?p=62932#breadcrumb","itemListElement":[{"@type":"ListItem","position":1,"name":"Home","item":"https:\/\/akunq.net\/tr"},{"@type":"ListItem","position":2,"name":"Az\u0131nl\u0131k Vak\u0131flar\u0131 se\u00e7imleri: \u0130stinaf&#8217;tan VGM&#8217;ye ret"}]},{"@type":"WebSite","@id":"https:\/\/akunq.net\/tr\/#website","url":"https:\/\/akunq.net\/tr\/","name":"Bati Ermenistan Ve Bati Ermenileri Sorunlari Ara\u015ftirmalar Merkezi","description":"","potentialAction":[{"@type":"SearchAction","target":{"@type":"EntryPoint","urlTemplate":"https:\/\/akunq.net\/tr\/?s={search_term_string}"},"query-input":{"@type":"PropertyValueSpecification","valueRequired":true,"valueName":"search_term_string"}}],"inLanguage":"en-US"},{"@type":"Person","@id":"https:\/\/akunq.net\/tr\/#\/schema\/person\/096f1d38a12cce57fb855b485ed24c9e","name":"admin","url":"https:\/\/akunq.net\/tr\/?author=7"}]}},"_links":{"self":[{"href":"https:\/\/akunq.net\/tr\/index.php?rest_route=\/wp\/v2\/posts\/62932","targetHints":{"allow":["GET"]}}],"collection":[{"href":"https:\/\/akunq.net\/tr\/index.php?rest_route=\/wp\/v2\/posts"}],"about":[{"href":"https:\/\/akunq.net\/tr\/index.php?rest_route=\/wp\/v2\/types\/post"}],"author":[{"embeddable":true,"href":"https:\/\/akunq.net\/tr\/index.php?rest_route=\/wp\/v2\/users\/7"}],"replies":[{"embeddable":true,"href":"https:\/\/akunq.net\/tr\/index.php?rest_route=%2Fwp%2Fv2%2Fcomments&post=62932"}],"version-history":[{"count":1,"href":"https:\/\/akunq.net\/tr\/index.php?rest_route=\/wp\/v2\/posts\/62932\/revisions"}],"predecessor-version":[{"id":62934,"href":"https:\/\/akunq.net\/tr\/index.php?rest_route=\/wp\/v2\/posts\/62932\/revisions\/62934"}],"wp:featuredmedia":[{"embeddable":true,"href":"https:\/\/akunq.net\/tr\/index.php?rest_route=\/wp\/v2\/media\/62933"}],"wp:attachment":[{"href":"https:\/\/akunq.net\/tr\/index.php?rest_route=%2Fwp%2Fv2%2Fmedia&parent=62932"}],"wp:term":[{"taxonomy":"category","embeddable":true,"href":"https:\/\/akunq.net\/tr\/index.php?rest_route=%2Fwp%2Fv2%2Fcategories&post=62932"},{"taxonomy":"post_tag","embeddable":true,"href":"https:\/\/akunq.net\/tr\/index.php?rest_route=%2Fwp%2Fv2%2Ftags&post=62932"}],"curies":[{"name":"wp","href":"https:\/\/api.w.org\/{rel}","templated":true}]}}