{"id":62901,"date":"2021-05-17T01:41:18","date_gmt":"2021-05-17T06:41:18","guid":{"rendered":"https:\/\/akunq.net\/tr\/?p=62901"},"modified":"2021-05-17T01:41:18","modified_gmt":"2021-05-17T06:41:18","slug":"hdp-genel-merkezine-saldiri-gerceklesti-saldirganlar-hala-yakalanmadi","status":"publish","type":"post","link":"https:\/\/akunq.net\/tr\/?p=62901","title":{"rendered":"HDP genel merkezine sald\u0131r\u0131 ger\u00e7ekle\u015fti, sald\u0131rganlar h\u00e2l\u00e2 yakalanmad\u0131"},"content":{"rendered":"<div class=\"spot\">\n<p><img loading=\"lazy\" decoding=\"async\" class=\"aligncenter size-medium wp-image-62902\" src=\"https:\/\/akunq.net\/tr\/wp-content\/uploads\/2021\/05\/HDP-360x270.jpg\" alt=\"\" width=\"360\" height=\"270\" srcset=\"https:\/\/akunq.net\/tr\/wp-content\/uploads\/sites\/6\/2021\/05\/HDP-360x270.jpg 360w, https:\/\/akunq.net\/tr\/wp-content\/uploads\/sites\/6\/2021\/05\/HDP-260x195.jpg 260w, https:\/\/akunq.net\/tr\/wp-content\/uploads\/sites\/6\/2021\/05\/HDP-160x120.jpg 160w, https:\/\/akunq.net\/tr\/wp-content\/uploads\/sites\/6\/2021\/05\/HDP.jpg 400w\" sizes=\"auto, (max-width: 360px) 100vw, 360px\" \/><\/p>\n<p><em><strong>HDP Genel Merkezi&#8217;ne d\u00fcn gece 3 ki\u015filik bir grup taraf\u0131ndan sald\u0131r\u0131 d\u00fczenlendi. Sald\u0131rganlar h\u00e2l\u00e2 yakalanmazken, HDP orada bulunan polislerin sald\u0131r\u0131ya engel olmad\u0131\u011f\u0131n\u0131 a\u00e7\u0131klad\u0131.<\/strong><\/em><\/p>\n<\/div>\n<div class=\"haber\">\n<div id=\"haber-reklam\" class=\"haber-metin\">\n<p>HDP, d\u00fcn gece saat 00:05\u2019te parti genel merkez binas\u0131n\u0131n &#8220;belli \u00e7evreler taraf\u0131ndan y\u00f6nlendirildi\u011fi a\u00e7\u0131k olan 3 ki\u015filik bir grubunun sald\u0131r\u0131s\u0131na u\u011frad\u0131\u011f\u0131n\u0131&#8221; a\u00e7\u0131klad\u0131.<\/p>\n<p>Kamera kay\u0131tlar\u0131ndan anla\u015f\u0131ld\u0131\u011f\u0131 \u00fczere, iki ayr\u0131 noktada binay\u0131 korumakla g\u00f6revlendirilen polislerin sald\u0131r\u0131ya engel olmad\u0131klar\u0131 gibi sald\u0131r\u0131 giri\u015fimine adeta yard\u0131mc\u0131 olduklar\u0131 belirtilen a\u00e7\u0131klamada, \u201dSald\u0131rganlar\u0131n elini kolunu sallayarak, polislerin g\u00f6zetimi alt\u0131nda partimize sald\u0131rmas\u0131 ve halen g\u00f6zalt\u0131na al\u0131nmam\u0131\u015f olmalar\u0131, sald\u0131r\u0131n\u0131n amac\u0131n\u0131n ve hangi g\u00fc\u00e7ler taraf\u0131ndan y\u00f6nlendirildi\u011finin a\u00e7\u0131k g\u00f6stergesidir. Soka\u011fa \u00e7\u0131kma yasa\u011f\u0131na ra\u011fmen Ramazan Bayram\u0131\u2019n\u0131n birinci g\u00fcn\u00fcnde T\u00fcrkiye\u2019nin \u00fc\u00e7\u00fcnc\u00fc b\u00fcy\u00fck partisine y\u00f6nelik ger\u00e7ekle\u015ftirilen bu sald\u0131r\u0131n\u0131n faili; kaos ve karga\u015fadan beslenen siyasi \u00e7evrelerdir, partimizi her f\u0131rsatta hedef g\u00f6steren iktidard\u0131r. Mafya ve karanl\u0131k ortaklar\u0131 taraf\u0131ndan kirli ili\u015fkileri ortaya d\u00f6k\u00fclen ve bu tela\u015fla hedef sapt\u0131rmak i\u00e7in partimizi ve muhalefeti su\u00e7layan \u0130\u00e7i\u015fleri Bakan\u0131 S\u00fcleyman Soylu faildir\u201d denildi.<\/p>\n<p>Siyaset-mafya ili\u015fkilerinin aleni bir \u015fekilde ortaya d\u00f6k\u00fcld\u00fc\u011f\u00fc bir d\u00f6nemde, HDP\u2019ye y\u00f6nelik bu sald\u0131r\u0131lar\u0131n tesad\u00fcfi olmad\u0131\u011f\u0131 ifade edilen a\u00e7\u0131klamada, hi\u00e7bir g\u00fcc\u00fcn HDP\u2019ye sald\u0131rarak mafya-siyaset-b\u00fcrokrasi \u00fc\u00e7geninde ortaya \u00e7\u0131kan \u00e7\u00fcr\u00fcm\u00fc\u015fl\u00fc\u011f\u00fc gizleyemeyece\u011fi, bu \u00e7\u00fcr\u00fcm\u00fc\u015fl\u00fck \u00fczerinden in\u015fa edilen yoksullu\u011fu, yolsuzlu\u011fu ve topluma dayat\u0131lan \u00e7\u00f6z\u00fcms\u00fczl\u00fc\u011f\u00fc g\u00f6r\u00fcnmez k\u0131lamayaca\u011f\u0131 kaydedildi. A\u00e7\u0131klama \u015f\u00f6yle devam etti: \u201cHDP; parti binalar\u0131n\u0131 ve varl\u0131\u011f\u0131n\u0131 da \u00fclkeye umut veren \u00dc\u00e7\u00fcnc\u00fc Yol alternatif siyasetini de sadece savunarak de\u011fil, b\u00fcy\u00fcterek yoluna devam edecektir. \u00dclkeyi bu karanl\u0131k, sald\u0131rgan zihniyetin insaf\u0131na terk etmeyece\u011fiz. Kaos ve karga\u015fadan beslenen kesimlerin hesaplar\u0131n\u0131 bo\u015fa \u00e7\u0131karacak, demokratik siyaset \u00e7izgimizdeki \u0131srar\u0131m\u0131zla ortak m\u00fccadeleyi b\u00fcy\u00fctecek ve T\u00fcrkiye\u2019yi bu karanl\u0131ktan \u00e7\u0131karaca\u011f\u0131z.\u201d<\/p>\n<div class=\"twitter-tweet twitter-tweet-rendered\"><iframe id=\"twitter-widget-0\" class=\"\" title=\"Twitter Tweet\" src=\"https:\/\/platform.twitter.com\/embed\/Tweet.html?dnt=true&amp;embedId=twitter-widget-0&amp;features=eyJ0ZndfZXhwZXJpbWVudHNfY29va2llX2V4cGlyYXRpb24iOnsiYnVja2V0IjoxMjA5NjAwLCJ2ZXJzaW9uIjpudWxsfSwidGZ3X2hvcml6b25fdHdlZXRfZW1iZWRfOTU1NSI6eyJidWNrZXQiOiJodGUiLCJ2ZXJzaW9uIjpudWxsfSwidGZ3X3R3ZWV0X2VtYmVkX2NsaWNrYWJpbGl0eV8xMjEwMiI6eyJidWNrZXQiOiJjb250cm9sIiwidmVyc2lvbiI6bnVsbH19&amp;frame=false&amp;hideCard=false&amp;hideThread=false&amp;id=1393139632234242049&amp;lang=tr&amp;origin=https%3A%2F%2Fwww.evrensel.net%2Fhaber%2F432930%2Fhdp-genel-merkezine-saldiri-gerceklesti-saldirganlar-h-l-yakalanmadi&amp;sessionId=d0bdc9de8514e11ab58cccb674e92b452788e1ae&amp;siteScreenName=evrenselgzt&amp;theme=light&amp;widgetsVersion=82e1070%3A1619632193066&amp;width=550px\" frameborder=\"0\" scrolling=\"no\" allowfullscreen=\"allowfullscreen\" data-tweet-id=\"1393139632234242049\" data-mce-fragment=\"1\"><\/iframe><\/div>\n<p><strong>CHP&#8217;L\u0130 \u00d6ZEL&#8217;DEN DE SALDIRIYA TEPK\u0130<\/strong><\/p>\n<p>Cumhuriyet Halk Partisi (CHP) Grup Ba\u015fkanvekili \u00d6zg\u00fcr \u00d6zel, HDP Genel Merkezi&#8217;ne gece saatlerinde yap\u0131lan sald\u0131r\u0131y\u0131 k\u0131nad\u0131. Twitter hesab\u0131nda a\u00e7\u0131klamalarda bulunan \u00d6zel, faillerin bir an \u00f6nce bulunmas\u0131 i\u00e7in \u00e7a\u011fr\u0131 yapt\u0131. \u00d6zel, &#8220;Halklar\u0131n Demokratik Partisi Genel Merkezi&#8217;ne bayram gecesi yap\u0131lan sald\u0131r\u0131y\u0131 k\u0131n\u0131yorum. Failler bir an \u00f6nce bulunmal\u0131, siyasi partilere y\u00f6nelen sald\u0131r\u0131lar\u0131 azmettiren kutupla\u015ft\u0131r\u0131c\u0131, \u00f6tekile\u015ftirici eylem ve s\u00f6ylemlerden siyasiler bir an \u00f6nce vazge\u00e7melidir\u201d ifadelerini kulland\u0131.<\/p>\n<p><em><strong>https:\/\/www.evrensel.net\/haber\/432930\/hdp-genel-merkezine-saldiri-gerceklesti-saldirganlar-h-l-yakalanmadi\u00a0<\/strong><\/em><\/p>\n<\/div>\n<\/div>\n","protected":false},"excerpt":{"rendered":"<p>HDP Genel Merkezi&#8217;ne d\u00fcn gece 3 ki\u015filik bir grup taraf\u0131ndan sald\u0131r\u0131 d\u00fczenlendi. Sald\u0131rganlar h\u00e2l\u00e2 yakalanmazken, HDP orada bulunan polislerin sald\u0131r\u0131ya engel olmad\u0131\u011f\u0131n\u0131 a\u00e7\u0131klad\u0131. HDP, d\u00fcn gece saat 00:05\u2019te parti genel merkez binas\u0131n\u0131n &#8220;belli \u00e7evreler taraf\u0131ndan y\u00f6nlendirildi\u011fi a\u00e7\u0131k olan 3 ki\u015filik bir grubunun sald\u0131r\u0131s\u0131na u\u011frad\u0131\u011f\u0131n\u0131&#8221; a\u00e7\u0131klad\u0131. Kamera kay\u0131tlar\u0131ndan anla\u015f\u0131ld\u0131\u011f\u0131 \u00fczere, iki ayr\u0131 noktada binay\u0131 korumakla g\u00f6revlendirilen [&hellip;]<\/p>\n","protected":false},"author":7,"featured_media":62902,"comment_status":"open","ping_status":"open","sticky":false,"template":"","format":"standard","meta":{"footnotes":""},"categories":[1],"tags":[],"class_list":["post-62901","post","type-post","status-publish","format-standard","has-post-thumbnail","hentry","category-haberler"],"yoast_head":"<!-- This site is optimized with the Yoast SEO plugin v27.4 - https:\/\/yoast.com\/product\/yoast-seo-wordpress\/ -->\n<title>HDP genel merkezine sald\u0131r\u0131 ger\u00e7ekle\u015fti, sald\u0131rganlar h\u00e2l\u00e2 yakalanmad\u0131 - Bati Ermenistan Ve Bati Ermenileri Sorunlari Ara\u015ftirmalar Merkezi<\/title>\n<meta name=\"robots\" content=\"index, follow, max-snippet:-1, max-image-preview:large, max-video-preview:-1\" \/>\n<link rel=\"canonical\" href=\"https:\/\/akunq.net\/tr\/?p=62901\" \/>\n<meta property=\"og:locale\" content=\"en_US\" \/>\n<meta property=\"og:type\" content=\"article\" \/>\n<meta property=\"og:title\" content=\"HDP genel merkezine sald\u0131r\u0131 ger\u00e7ekle\u015fti, sald\u0131rganlar h\u00e2l\u00e2 yakalanmad\u0131 - Bati Ermenistan Ve Bati Ermenileri Sorunlari Ara\u015ftirmalar Merkezi\" \/>\n<meta property=\"og:description\" content=\"HDP Genel Merkezi&#8217;ne d\u00fcn gece 3 ki\u015filik bir grup taraf\u0131ndan sald\u0131r\u0131 d\u00fczenlendi. Sald\u0131rganlar h\u00e2l\u00e2 yakalanmazken, HDP orada bulunan polislerin sald\u0131r\u0131ya engel olmad\u0131\u011f\u0131n\u0131 a\u00e7\u0131klad\u0131. HDP, d\u00fcn gece saat 00:05\u2019te parti genel merkez binas\u0131n\u0131n &#8220;belli \u00e7evreler taraf\u0131ndan y\u00f6nlendirildi\u011fi a\u00e7\u0131k olan 3 ki\u015filik bir grubunun sald\u0131r\u0131s\u0131na u\u011frad\u0131\u011f\u0131n\u0131&#8221; a\u00e7\u0131klad\u0131. Kamera kay\u0131tlar\u0131ndan anla\u015f\u0131ld\u0131\u011f\u0131 \u00fczere, iki ayr\u0131 noktada binay\u0131 korumakla g\u00f6revlendirilen [&hellip;]\" \/>\n<meta property=\"og:url\" content=\"https:\/\/akunq.net\/tr\/?p=62901\" \/>\n<meta property=\"og:site_name\" content=\"Bati Ermenistan Ve Bati Ermenileri Sorunlari Ara\u015ftirmalar Merkezi\" \/>\n<meta property=\"article:published_time\" content=\"2021-05-17T06:41:18+00:00\" \/>\n<meta property=\"og:image\" content=\"https:\/\/akunq.net\/tr\/wp-content\/uploads\/sites\/6\/2021\/05\/HDP.jpg\" \/>\n\t<meta property=\"og:image:width\" content=\"400\" \/>\n\t<meta property=\"og:image:height\" content=\"300\" \/>\n\t<meta property=\"og:image:type\" content=\"image\/jpeg\" \/>\n<meta name=\"author\" content=\"admin\" \/>\n<meta name=\"twitter:card\" content=\"summary_large_image\" \/>\n<meta name=\"twitter:label1\" content=\"Written by\" \/>\n\t<meta name=\"twitter:data1\" content=\"admin\" \/>\n\t<meta name=\"twitter:label2\" content=\"Est. reading time\" \/>\n\t<meta name=\"twitter:data2\" content=\"2 minutes\" \/>\n<script type=\"application\/ld+json\" class=\"yoast-schema-graph\">{\"@context\":\"https:\\\/\\\/schema.org\",\"@graph\":[{\"@type\":\"Article\",\"@id\":\"https:\\\/\\\/akunq.net\\\/tr\\\/?p=62901#article\",\"isPartOf\":{\"@id\":\"https:\\\/\\\/akunq.net\\\/tr\\\/?p=62901\"},\"author\":{\"name\":\"admin\",\"@id\":\"https:\\\/\\\/akunq.net\\\/tr\\\/#\\\/schema\\\/person\\\/096f1d38a12cce57fb855b485ed24c9e\"},\"headline\":\"HDP genel merkezine sald\u0131r\u0131 ger\u00e7ekle\u015fti, sald\u0131rganlar h\u00e2l\u00e2 yakalanmad\u0131\",\"datePublished\":\"2021-05-17T06:41:18+00:00\",\"mainEntityOfPage\":{\"@id\":\"https:\\\/\\\/akunq.net\\\/tr\\\/?p=62901\"},\"wordCount\":489,\"commentCount\":0,\"image\":{\"@id\":\"https:\\\/\\\/akunq.net\\\/tr\\\/?p=62901#primaryimage\"},\"thumbnailUrl\":\"https:\\\/\\\/akunq.net\\\/tr\\\/wp-content\\\/uploads\\\/sites\\\/6\\\/2021\\\/05\\\/HDP.jpg\",\"articleSection\":[\"Haberler\"],\"inLanguage\":\"en-US\",\"potentialAction\":[{\"@type\":\"CommentAction\",\"name\":\"Comment\",\"target\":[\"https:\\\/\\\/akunq.net\\\/tr\\\/?p=62901#respond\"]}]},{\"@type\":\"WebPage\",\"@id\":\"https:\\\/\\\/akunq.net\\\/tr\\\/?p=62901\",\"url\":\"https:\\\/\\\/akunq.net\\\/tr\\\/?p=62901\",\"name\":\"HDP genel merkezine sald\u0131r\u0131 ger\u00e7ekle\u015fti, sald\u0131rganlar h\u00e2l\u00e2 yakalanmad\u0131 - Bati Ermenistan Ve Bati Ermenileri Sorunlari Ara\u015ftirmalar Merkezi\",\"isPartOf\":{\"@id\":\"https:\\\/\\\/akunq.net\\\/tr\\\/#website\"},\"primaryImageOfPage\":{\"@id\":\"https:\\\/\\\/akunq.net\\\/tr\\\/?p=62901#primaryimage\"},\"image\":{\"@id\":\"https:\\\/\\\/akunq.net\\\/tr\\\/?p=62901#primaryimage\"},\"thumbnailUrl\":\"https:\\\/\\\/akunq.net\\\/tr\\\/wp-content\\\/uploads\\\/sites\\\/6\\\/2021\\\/05\\\/HDP.jpg\",\"datePublished\":\"2021-05-17T06:41:18+00:00\",\"author\":{\"@id\":\"https:\\\/\\\/akunq.net\\\/tr\\\/#\\\/schema\\\/person\\\/096f1d38a12cce57fb855b485ed24c9e\"},\"breadcrumb\":{\"@id\":\"https:\\\/\\\/akunq.net\\\/tr\\\/?p=62901#breadcrumb\"},\"inLanguage\":\"en-US\",\"potentialAction\":[{\"@type\":\"ReadAction\",\"target\":[\"https:\\\/\\\/akunq.net\\\/tr\\\/?p=62901\"]}]},{\"@type\":\"ImageObject\",\"inLanguage\":\"en-US\",\"@id\":\"https:\\\/\\\/akunq.net\\\/tr\\\/?p=62901#primaryimage\",\"url\":\"https:\\\/\\\/akunq.net\\\/tr\\\/wp-content\\\/uploads\\\/sites\\\/6\\\/2021\\\/05\\\/HDP.jpg\",\"contentUrl\":\"https:\\\/\\\/akunq.net\\\/tr\\\/wp-content\\\/uploads\\\/sites\\\/6\\\/2021\\\/05\\\/HDP.jpg\",\"width\":400,\"height\":300},{\"@type\":\"BreadcrumbList\",\"@id\":\"https:\\\/\\\/akunq.net\\\/tr\\\/?p=62901#breadcrumb\",\"itemListElement\":[{\"@type\":\"ListItem\",\"position\":1,\"name\":\"Home\",\"item\":\"https:\\\/\\\/akunq.net\\\/tr\"},{\"@type\":\"ListItem\",\"position\":2,\"name\":\"HDP genel merkezine sald\u0131r\u0131 ger\u00e7ekle\u015fti, sald\u0131rganlar h\u00e2l\u00e2 yakalanmad\u0131\"}]},{\"@type\":\"WebSite\",\"@id\":\"https:\\\/\\\/akunq.net\\\/tr\\\/#website\",\"url\":\"https:\\\/\\\/akunq.net\\\/tr\\\/\",\"name\":\"Bati Ermenistan Ve Bati Ermenileri Sorunlari Ara\u015ftirmalar Merkezi\",\"description\":\"\",\"potentialAction\":[{\"@type\":\"SearchAction\",\"target\":{\"@type\":\"EntryPoint\",\"urlTemplate\":\"https:\\\/\\\/akunq.net\\\/tr\\\/?s={search_term_string}\"},\"query-input\":{\"@type\":\"PropertyValueSpecification\",\"valueRequired\":true,\"valueName\":\"search_term_string\"}}],\"inLanguage\":\"en-US\"},{\"@type\":\"Person\",\"@id\":\"https:\\\/\\\/akunq.net\\\/tr\\\/#\\\/schema\\\/person\\\/096f1d38a12cce57fb855b485ed24c9e\",\"name\":\"admin\",\"url\":\"https:\\\/\\\/akunq.net\\\/tr\\\/?author=7\"}]}<\/script>\n<!-- \/ Yoast SEO plugin. -->","yoast_head_json":{"title":"HDP genel merkezine sald\u0131r\u0131 ger\u00e7ekle\u015fti, sald\u0131rganlar h\u00e2l\u00e2 yakalanmad\u0131 - Bati Ermenistan Ve Bati Ermenileri Sorunlari Ara\u015ftirmalar Merkezi","robots":{"index":"index","follow":"follow","max-snippet":"max-snippet:-1","max-image-preview":"max-image-preview:large","max-video-preview":"max-video-preview:-1"},"canonical":"https:\/\/akunq.net\/tr\/?p=62901","og_locale":"en_US","og_type":"article","og_title":"HDP genel merkezine sald\u0131r\u0131 ger\u00e7ekle\u015fti, sald\u0131rganlar h\u00e2l\u00e2 yakalanmad\u0131 - Bati Ermenistan Ve Bati Ermenileri Sorunlari Ara\u015ftirmalar Merkezi","og_description":"HDP Genel Merkezi&#8217;ne d\u00fcn gece 3 ki\u015filik bir grup taraf\u0131ndan sald\u0131r\u0131 d\u00fczenlendi. Sald\u0131rganlar h\u00e2l\u00e2 yakalanmazken, HDP orada bulunan polislerin sald\u0131r\u0131ya engel olmad\u0131\u011f\u0131n\u0131 a\u00e7\u0131klad\u0131. HDP, d\u00fcn gece saat 00:05\u2019te parti genel merkez binas\u0131n\u0131n &#8220;belli \u00e7evreler taraf\u0131ndan y\u00f6nlendirildi\u011fi a\u00e7\u0131k olan 3 ki\u015filik bir grubunun sald\u0131r\u0131s\u0131na u\u011frad\u0131\u011f\u0131n\u0131&#8221; a\u00e7\u0131klad\u0131. Kamera kay\u0131tlar\u0131ndan anla\u015f\u0131ld\u0131\u011f\u0131 \u00fczere, iki ayr\u0131 noktada binay\u0131 korumakla g\u00f6revlendirilen [&hellip;]","og_url":"https:\/\/akunq.net\/tr\/?p=62901","og_site_name":"Bati Ermenistan Ve Bati Ermenileri Sorunlari Ara\u015ftirmalar Merkezi","article_published_time":"2021-05-17T06:41:18+00:00","og_image":[{"width":400,"height":300,"url":"https:\/\/akunq.net\/tr\/wp-content\/uploads\/sites\/6\/2021\/05\/HDP.jpg","type":"image\/jpeg"}],"author":"admin","twitter_card":"summary_large_image","twitter_misc":{"Written by":"admin","Est. reading time":"2 minutes"},"schema":{"@context":"https:\/\/schema.org","@graph":[{"@type":"Article","@id":"https:\/\/akunq.net\/tr\/?p=62901#article","isPartOf":{"@id":"https:\/\/akunq.net\/tr\/?p=62901"},"author":{"name":"admin","@id":"https:\/\/akunq.net\/tr\/#\/schema\/person\/096f1d38a12cce57fb855b485ed24c9e"},"headline":"HDP genel merkezine sald\u0131r\u0131 ger\u00e7ekle\u015fti, sald\u0131rganlar h\u00e2l\u00e2 yakalanmad\u0131","datePublished":"2021-05-17T06:41:18+00:00","mainEntityOfPage":{"@id":"https:\/\/akunq.net\/tr\/?p=62901"},"wordCount":489,"commentCount":0,"image":{"@id":"https:\/\/akunq.net\/tr\/?p=62901#primaryimage"},"thumbnailUrl":"https:\/\/akunq.net\/tr\/wp-content\/uploads\/sites\/6\/2021\/05\/HDP.jpg","articleSection":["Haberler"],"inLanguage":"en-US","potentialAction":[{"@type":"CommentAction","name":"Comment","target":["https:\/\/akunq.net\/tr\/?p=62901#respond"]}]},{"@type":"WebPage","@id":"https:\/\/akunq.net\/tr\/?p=62901","url":"https:\/\/akunq.net\/tr\/?p=62901","name":"HDP genel merkezine sald\u0131r\u0131 ger\u00e7ekle\u015fti, sald\u0131rganlar h\u00e2l\u00e2 yakalanmad\u0131 - Bati Ermenistan Ve Bati Ermenileri Sorunlari Ara\u015ftirmalar Merkezi","isPartOf":{"@id":"https:\/\/akunq.net\/tr\/#website"},"primaryImageOfPage":{"@id":"https:\/\/akunq.net\/tr\/?p=62901#primaryimage"},"image":{"@id":"https:\/\/akunq.net\/tr\/?p=62901#primaryimage"},"thumbnailUrl":"https:\/\/akunq.net\/tr\/wp-content\/uploads\/sites\/6\/2021\/05\/HDP.jpg","datePublished":"2021-05-17T06:41:18+00:00","author":{"@id":"https:\/\/akunq.net\/tr\/#\/schema\/person\/096f1d38a12cce57fb855b485ed24c9e"},"breadcrumb":{"@id":"https:\/\/akunq.net\/tr\/?p=62901#breadcrumb"},"inLanguage":"en-US","potentialAction":[{"@type":"ReadAction","target":["https:\/\/akunq.net\/tr\/?p=62901"]}]},{"@type":"ImageObject","inLanguage":"en-US","@id":"https:\/\/akunq.net\/tr\/?p=62901#primaryimage","url":"https:\/\/akunq.net\/tr\/wp-content\/uploads\/sites\/6\/2021\/05\/HDP.jpg","contentUrl":"https:\/\/akunq.net\/tr\/wp-content\/uploads\/sites\/6\/2021\/05\/HDP.jpg","width":400,"height":300},{"@type":"BreadcrumbList","@id":"https:\/\/akunq.net\/tr\/?p=62901#breadcrumb","itemListElement":[{"@type":"ListItem","position":1,"name":"Home","item":"https:\/\/akunq.net\/tr"},{"@type":"ListItem","position":2,"name":"HDP genel merkezine sald\u0131r\u0131 ger\u00e7ekle\u015fti, sald\u0131rganlar h\u00e2l\u00e2 yakalanmad\u0131"}]},{"@type":"WebSite","@id":"https:\/\/akunq.net\/tr\/#website","url":"https:\/\/akunq.net\/tr\/","name":"Bati Ermenistan Ve Bati Ermenileri Sorunlari Ara\u015ftirmalar Merkezi","description":"","potentialAction":[{"@type":"SearchAction","target":{"@type":"EntryPoint","urlTemplate":"https:\/\/akunq.net\/tr\/?s={search_term_string}"},"query-input":{"@type":"PropertyValueSpecification","valueRequired":true,"valueName":"search_term_string"}}],"inLanguage":"en-US"},{"@type":"Person","@id":"https:\/\/akunq.net\/tr\/#\/schema\/person\/096f1d38a12cce57fb855b485ed24c9e","name":"admin","url":"https:\/\/akunq.net\/tr\/?author=7"}]}},"_links":{"self":[{"href":"https:\/\/akunq.net\/tr\/index.php?rest_route=\/wp\/v2\/posts\/62901","targetHints":{"allow":["GET"]}}],"collection":[{"href":"https:\/\/akunq.net\/tr\/index.php?rest_route=\/wp\/v2\/posts"}],"about":[{"href":"https:\/\/akunq.net\/tr\/index.php?rest_route=\/wp\/v2\/types\/post"}],"author":[{"embeddable":true,"href":"https:\/\/akunq.net\/tr\/index.php?rest_route=\/wp\/v2\/users\/7"}],"replies":[{"embeddable":true,"href":"https:\/\/akunq.net\/tr\/index.php?rest_route=%2Fwp%2Fv2%2Fcomments&post=62901"}],"version-history":[{"count":1,"href":"https:\/\/akunq.net\/tr\/index.php?rest_route=\/wp\/v2\/posts\/62901\/revisions"}],"predecessor-version":[{"id":62903,"href":"https:\/\/akunq.net\/tr\/index.php?rest_route=\/wp\/v2\/posts\/62901\/revisions\/62903"}],"wp:featuredmedia":[{"embeddable":true,"href":"https:\/\/akunq.net\/tr\/index.php?rest_route=\/wp\/v2\/media\/62902"}],"wp:attachment":[{"href":"https:\/\/akunq.net\/tr\/index.php?rest_route=%2Fwp%2Fv2%2Fmedia&parent=62901"}],"wp:term":[{"taxonomy":"category","embeddable":true,"href":"https:\/\/akunq.net\/tr\/index.php?rest_route=%2Fwp%2Fv2%2Fcategories&post=62901"},{"taxonomy":"post_tag","embeddable":true,"href":"https:\/\/akunq.net\/tr\/index.php?rest_route=%2Fwp%2Fv2%2Ftags&post=62901"}],"curies":[{"name":"wp","href":"https:\/\/api.w.org\/{rel}","templated":true}]}}