{"id":62893,"date":"2021-05-14T07:30:13","date_gmt":"2021-05-14T12:30:13","guid":{"rendered":"https:\/\/akunq.net\/tr\/?p=62893"},"modified":"2021-05-14T07:30:13","modified_gmt":"2021-05-14T12:30:13","slug":"haber-alinamayan-dirilin-koyundeki-kiliseye-saldiri","status":"publish","type":"post","link":"https:\/\/akunq.net\/tr\/?p=62893","title":{"rendered":"Haber al\u0131namayan Diril\u2019in k\u00f6y\u00fcndeki kiliseye sald\u0131r\u0131"},"content":{"rendered":"<p><img loading=\"lazy\" decoding=\"async\" class=\"aligncenter size-medium wp-image-62894\" src=\"https:\/\/akunq.net\/tr\/wp-content\/uploads\/2021\/05\/Diril\u2019in-k\u00f6y\u00fcndeki-kiliseye-sald\u0131r\u0131-360x188.jpg\" alt=\"\" width=\"360\" height=\"188\" srcset=\"https:\/\/akunq.net\/tr\/wp-content\/uploads\/sites\/6\/2021\/05\/Diril\u2019in-k\u00f6y\u00fcndeki-kiliseye-sald\u0131r\u0131-360x188.jpg 360w, https:\/\/akunq.net\/tr\/wp-content\/uploads\/sites\/6\/2021\/05\/Diril\u2019in-k\u00f6y\u00fcndeki-kiliseye-sald\u0131r\u0131-768x402.jpg 768w, https:\/\/akunq.net\/tr\/wp-content\/uploads\/sites\/6\/2021\/05\/Diril\u2019in-k\u00f6y\u00fcndeki-kiliseye-sald\u0131r\u0131-560x293.jpg 560w, https:\/\/akunq.net\/tr\/wp-content\/uploads\/sites\/6\/2021\/05\/Diril\u2019in-k\u00f6y\u00fcndeki-kiliseye-sald\u0131r\u0131-260x136.jpg 260w, https:\/\/akunq.net\/tr\/wp-content\/uploads\/sites\/6\/2021\/05\/Diril\u2019in-k\u00f6y\u00fcndeki-kiliseye-sald\u0131r\u0131-160x84.jpg 160w, https:\/\/akunq.net\/tr\/wp-content\/uploads\/sites\/6\/2021\/05\/Diril\u2019in-k\u00f6y\u00fcndeki-kiliseye-sald\u0131r\u0131.jpg 1200w\" sizes=\"auto, (max-width: 360px) 100vw, 360px\" \/><\/p>\n<p><strong><em>Beyt\u00fc\u015f\u015febap\u2019ta Ocak 2020\u2019den bu yana kendisinden haber al\u0131namayan Hurm\u00fcz Diril\u2019in k\u00f6y\u00fc Kovankaya\u2019daki kiliseye sald\u0131r\u0131 ger\u00e7ekle\u015ftirildi.<\/em><\/strong><\/p>\n<p><strong>Ahmet KANBAL<\/strong><\/p>\n<p>\u015e\u0131rnak\u2019\u0131n Beyt\u00fc\u015f\u015febap il\u00e7esine ba\u011fl\u0131 Kovankaya (Meeri) k\u00f6y\u00fcnde bulunan Marta \u015eimoni Kilisesi\u2019ne kimli\u011fi belirsiz ki\u015fi ya da ki\u015filer taraf\u0131ndan sald\u0131r\u0131 ger\u00e7ekle\u015ftirildi. Kilisede bulunan heykeller yere at\u0131l\u0131rken, tespihler d\u0131\u015far\u0131 at\u0131l\u0131 halde bulundu. Yine hastalar\u0131n \u015fifa bulmas\u0131 dile\u011fiyle as\u0131lan kuma\u015flar kiliseden \u00e7\u0131kar\u0131larak bir yama\u00e7tan at\u0131l\u0131rken, kilisenin ha\u00e7\u0131 da araziye at\u0131lm\u0131\u015f bir \u015fekilde bulundu.<\/p>\n<p><strong>K\u00d6YE D\u00d6ND\u00dcKTEN SONRA\u2026<\/strong><\/p>\n<p>Olay, Kovankaya k\u00f6y\u00fcnde 8 Ocak 2020\u2019de kaybolan Hurm\u00fcz ve \u015eimoni Diril \u00e7ift\u00e7inin \u00e7ocuklar\u0131n\u0131n hen\u00fcz bulunamayan H\u00fcrm\u00fcz Diril\u2019e dair bir iz bulma umuduyla k\u00f6ye d\u00f6nmelerinin ard\u0131ndan ya\u015fand\u0131. Mezopotamya Ajans\u0131\u2019n\u0131n (MA) ula\u015ft\u0131\u011f\u0131 aile fertlerinden G\u00fclcan Diril \u00dcz\u00fcmc\u00fc, yakla\u015f\u0131k 3 hafta \u00f6nce aileyle k\u00f6ye gittiklerini belirtti. 20 Mart 2020 g\u00fcn\u00fc annesi \u015eimoni Diril\u2019in cenazesini kendi imkanlar\u0131yla bulduklar\u0131n\u0131 hat\u0131rlatan Diril, benzer bir ak\u0131betin ya\u015fanm\u0131\u015f olma d\u00fc\u015f\u00fcncesiyle babalar\u0131n\u0131 aramaya devam ettiklerini s\u00f6yledi.<\/p>\n<p><strong>ASKER\u0130 B\u0130R\u0130M<\/strong><\/p>\n<p>Tekrar aramak, bir iz bulmak ve anne babalar\u0131n\u0131n ba\u011f ve bah\u00e7elerine sahip \u00e7\u0131kmak amac\u0131yla k\u00f6ye d\u00f6nd\u00fcklerini dile getiren Diril, \u201c9 May\u0131s 2021 g\u00fcn\u00fc \u00f6\u011fle saatlerinde i\u00e7lerinde asker olup olmad\u0131\u011f\u0131n\u0131 bilmiyoruz ama 8 ki\u015filik bir g\u00fcvenlik personelini g\u00f6rd\u00fck. \u0130\u00e7lerinde asker var m\u0131yd\u0131 bilmiyorum ama yan\u0131m\u0131za gelirler diye tahmin ettik. Karakolu arad\u0131k, b\u00f6yle bir birim oldu\u011funu s\u00f6yledik. Karakolun bilgisi varm\u0131\u015f\u201d ifadesini kulland\u0131.<\/p>\n<p><strong>BA\u015eKA K\u0130MSE GELMEM\u0130\u015eT\u0130<\/strong><\/p>\n<p>S\u00f6z konusu ki\u015filerin ne zaman ayr\u0131ld\u0131klar\u0131n\u0131 bilmedi\u011fini ancak 11 May\u0131s g\u00fcn\u00fc tesad\u00fcfen kilisede hastalar\u0131n \u015fifa bulmas\u0131 amac\u0131yla as\u0131lan kuma\u015flar\u0131n bir yama\u00e7tan at\u0131lm\u0131\u015f halde oldu\u011funu g\u00f6rd\u00fcklerini s\u00f6yleyen Diril, \u201cDaha sonra gitti\u011fimizde kilisedeki dua tespihleri d\u0131\u015far\u0131 at\u0131lm\u0131\u015f, heykeller dere kenar\u0131na at\u0131lm\u0131\u015f, ha\u00e7 yak\u0131lm\u0131\u015f olarak g\u00f6rd\u00fck. G\u00fcvenlik personeli geldikten sonra oldu, onlardan ba\u015fka kimse gelmemi\u015fti o zamana kadar\u201d diye konu\u015ftu.<\/p>\n<p><strong>NEDEN YAPILDI?<\/strong><\/p>\n<p>Olay\u0131n \u0130srail\u2019in Filistinlilere d\u00f6n\u00fck sald\u0131r\u0131lar\u0131n\u0131n oldu\u011fu bir d\u00f6neme denk gelmesinin dikkat \u00e7ekti\u011fini belirten Diril, \u201cTam Mescid-i Aksa\u2019ya yap\u0131lan sald\u0131r\u0131 k\u0131nan\u0131rken, \u00f6fkeler hen\u00fcz dinmemi\u015fken, Kilisemizin i\u00e7i bo\u015falt\u0131lm\u0131\u015f alt\u00fcst edilmi\u015fti. Bunu yapan ki\u015filerin olaydan iki g\u00fcn \u00f6nce k\u00f6yde g\u00f6rd\u00fc\u011f\u00fcn\u00fcz g\u00fcvenlik personeli oldu\u011fundan \u015f\u00fcphe ediyoruz. Babam\u0131z Hurm\u00fcz Diril\u2019den g\u00fcnlerdir, aylard\u0131r haber alam\u0131yoruz. Hen\u00fcz tamamlanmam\u0131\u015f bir soru\u015fturma, ayd\u0131nlanmam\u0131\u015f bir cinayet varken, b\u00f6ylesi bir sald\u0131r\u0131y\u0131 neresinden tutsan\u0131z elinizde kal\u0131r. \u0130\u00e7inde sayg\u0131s\u0131zl\u0131k, i\u00e7inde empatisizlik, i\u00e7inde ho\u015fg\u00f6r\u00fcs\u00fczl\u00fck, en \u00f6nemlisi i\u00e7inde sevgisizlik bar\u0131nd\u0131ran bir hareket bu. Bunu temsil ettikleri devlet ad\u0131na m\u0131 yapt\u0131lar? Her defas\u0131nda ho\u015fg\u00f6r\u00fc dini \u0130slamiyet ad\u0131na m\u0131 yapt\u0131lar? Milliyet\u00e7ilik duygular\u0131n\u0131 m\u0131 \u00f6d\u00fcllendiriyorlar? Her defas\u0131nda semavi din olarak kabul ettikleri Hristiyanl\u0131k inanc\u0131 de\u011ferlerini onlar\u0131n de\u011ferlendirmesine b\u0131rak\u0131p, bizler i\u00e7in neyin kutsal olup olmayaca\u011f\u0131n\u0131 onlara m\u0131 sormak durumunday\u0131z\u201d sorular\u0131n\u0131 y\u00f6neltti.<\/p>\n<p>Kaybedilen babalar\u0131n\u0131n aramay\u0131 s\u00fcrd\u00fcrd\u00fcklerini, bu nedenle b\u00f6lgede kendilerine bir zarar gelmesini istemediklerini kaydeden Diril, gerekli \u00f6nlemlerin al\u0131nmas\u0131 \u00e7a\u011fr\u0131s\u0131nda bulundu.<\/p>\n<hr \/>\n<p><em><strong><a href=\"https:\/\/www.evrensel.net\/haber\/432890\/haber-alinamayan-dirilin-koyundeki-kiliseye-saldiri\" target=\"_blank\" rel=\"noopener noreferrer\">Evrensel Gazetesi<\/a>\u00a0<\/strong><\/em><\/p>\n","protected":false},"excerpt":{"rendered":"<p>Beyt\u00fc\u015f\u015febap\u2019ta Ocak 2020\u2019den bu yana kendisinden haber al\u0131namayan Hurm\u00fcz Diril\u2019in k\u00f6y\u00fc Kovankaya\u2019daki kiliseye sald\u0131r\u0131 ger\u00e7ekle\u015ftirildi. Ahmet KANBAL \u015e\u0131rnak\u2019\u0131n Beyt\u00fc\u015f\u015febap il\u00e7esine ba\u011fl\u0131 Kovankaya (Meeri) k\u00f6y\u00fcnde bulunan Marta \u015eimoni Kilisesi\u2019ne kimli\u011fi belirsiz ki\u015fi ya da ki\u015filer taraf\u0131ndan sald\u0131r\u0131 ger\u00e7ekle\u015ftirildi. Kilisede bulunan heykeller yere at\u0131l\u0131rken, tespihler d\u0131\u015far\u0131 at\u0131l\u0131 halde bulundu. Yine hastalar\u0131n \u015fifa bulmas\u0131 dile\u011fiyle as\u0131lan kuma\u015flar kiliseden [&hellip;]<\/p>\n","protected":false},"author":7,"featured_media":62894,"comment_status":"open","ping_status":"open","sticky":false,"template":"","format":"standard","meta":{"footnotes":""},"categories":[1],"tags":[],"class_list":["post-62893","post","type-post","status-publish","format-standard","has-post-thumbnail","hentry","category-haberler"],"yoast_head":"<!-- This site is optimized with the Yoast SEO plugin v27.4 - https:\/\/yoast.com\/product\/yoast-seo-wordpress\/ -->\n<title>Haber al\u0131namayan Diril\u2019in k\u00f6y\u00fcndeki kiliseye sald\u0131r\u0131 - Bati Ermenistan Ve Bati Ermenileri Sorunlari Ara\u015ftirmalar Merkezi<\/title>\n<meta name=\"robots\" content=\"index, follow, max-snippet:-1, max-image-preview:large, max-video-preview:-1\" \/>\n<link rel=\"canonical\" href=\"https:\/\/akunq.net\/tr\/?p=62893\" \/>\n<meta property=\"og:locale\" content=\"en_US\" \/>\n<meta property=\"og:type\" content=\"article\" \/>\n<meta property=\"og:title\" content=\"Haber al\u0131namayan Diril\u2019in k\u00f6y\u00fcndeki kiliseye sald\u0131r\u0131 - Bati Ermenistan Ve Bati Ermenileri Sorunlari Ara\u015ftirmalar Merkezi\" \/>\n<meta property=\"og:description\" content=\"Beyt\u00fc\u015f\u015febap\u2019ta Ocak 2020\u2019den bu yana kendisinden haber al\u0131namayan Hurm\u00fcz Diril\u2019in k\u00f6y\u00fc Kovankaya\u2019daki kiliseye sald\u0131r\u0131 ger\u00e7ekle\u015ftirildi. Ahmet KANBAL \u015e\u0131rnak\u2019\u0131n Beyt\u00fc\u015f\u015febap il\u00e7esine ba\u011fl\u0131 Kovankaya (Meeri) k\u00f6y\u00fcnde bulunan Marta \u015eimoni Kilisesi\u2019ne kimli\u011fi belirsiz ki\u015fi ya da ki\u015filer taraf\u0131ndan sald\u0131r\u0131 ger\u00e7ekle\u015ftirildi. Kilisede bulunan heykeller yere at\u0131l\u0131rken, tespihler d\u0131\u015far\u0131 at\u0131l\u0131 halde bulundu. Yine hastalar\u0131n \u015fifa bulmas\u0131 dile\u011fiyle as\u0131lan kuma\u015flar kiliseden [&hellip;]\" \/>\n<meta property=\"og:url\" content=\"https:\/\/akunq.net\/tr\/?p=62893\" \/>\n<meta property=\"og:site_name\" content=\"Bati Ermenistan Ve Bati Ermenileri Sorunlari Ara\u015ftirmalar Merkezi\" \/>\n<meta property=\"article:published_time\" content=\"2021-05-14T12:30:13+00:00\" \/>\n<meta property=\"og:image\" content=\"https:\/\/akunq.net\/tr\/wp-content\/uploads\/sites\/6\/2021\/05\/Diril\u2019in-k\u00f6y\u00fcndeki-kiliseye-sald\u0131r\u0131.jpg\" \/>\n\t<meta property=\"og:image:width\" content=\"1200\" \/>\n\t<meta property=\"og:image:height\" content=\"628\" \/>\n\t<meta property=\"og:image:type\" content=\"image\/jpeg\" \/>\n<meta name=\"author\" content=\"admin\" \/>\n<meta name=\"twitter:card\" content=\"summary_large_image\" \/>\n<meta name=\"twitter:label1\" content=\"Written by\" \/>\n\t<meta name=\"twitter:data1\" content=\"admin\" \/>\n\t<meta name=\"twitter:label2\" content=\"Est. reading time\" \/>\n\t<meta name=\"twitter:data2\" content=\"3 minutes\" \/>\n<script type=\"application\/ld+json\" class=\"yoast-schema-graph\">{\"@context\":\"https:\\\/\\\/schema.org\",\"@graph\":[{\"@type\":\"Article\",\"@id\":\"https:\\\/\\\/akunq.net\\\/tr\\\/?p=62893#article\",\"isPartOf\":{\"@id\":\"https:\\\/\\\/akunq.net\\\/tr\\\/?p=62893\"},\"author\":{\"name\":\"admin\",\"@id\":\"https:\\\/\\\/akunq.net\\\/tr\\\/#\\\/schema\\\/person\\\/096f1d38a12cce57fb855b485ed24c9e\"},\"headline\":\"Haber al\u0131namayan Diril\u2019in k\u00f6y\u00fcndeki kiliseye sald\u0131r\u0131\",\"datePublished\":\"2021-05-14T12:30:13+00:00\",\"mainEntityOfPage\":{\"@id\":\"https:\\\/\\\/akunq.net\\\/tr\\\/?p=62893\"},\"wordCount\":627,\"commentCount\":0,\"image\":{\"@id\":\"https:\\\/\\\/akunq.net\\\/tr\\\/?p=62893#primaryimage\"},\"thumbnailUrl\":\"https:\\\/\\\/akunq.net\\\/tr\\\/wp-content\\\/uploads\\\/sites\\\/6\\\/2021\\\/05\\\/Diril\u2019in-k\u00f6y\u00fcndeki-kiliseye-sald\u0131r\u0131.jpg\",\"articleSection\":[\"Haberler\"],\"inLanguage\":\"en-US\",\"potentialAction\":[{\"@type\":\"CommentAction\",\"name\":\"Comment\",\"target\":[\"https:\\\/\\\/akunq.net\\\/tr\\\/?p=62893#respond\"]}]},{\"@type\":\"WebPage\",\"@id\":\"https:\\\/\\\/akunq.net\\\/tr\\\/?p=62893\",\"url\":\"https:\\\/\\\/akunq.net\\\/tr\\\/?p=62893\",\"name\":\"Haber al\u0131namayan Diril\u2019in k\u00f6y\u00fcndeki kiliseye sald\u0131r\u0131 - Bati Ermenistan Ve Bati Ermenileri Sorunlari Ara\u015ftirmalar Merkezi\",\"isPartOf\":{\"@id\":\"https:\\\/\\\/akunq.net\\\/tr\\\/#website\"},\"primaryImageOfPage\":{\"@id\":\"https:\\\/\\\/akunq.net\\\/tr\\\/?p=62893#primaryimage\"},\"image\":{\"@id\":\"https:\\\/\\\/akunq.net\\\/tr\\\/?p=62893#primaryimage\"},\"thumbnailUrl\":\"https:\\\/\\\/akunq.net\\\/tr\\\/wp-content\\\/uploads\\\/sites\\\/6\\\/2021\\\/05\\\/Diril\u2019in-k\u00f6y\u00fcndeki-kiliseye-sald\u0131r\u0131.jpg\",\"datePublished\":\"2021-05-14T12:30:13+00:00\",\"author\":{\"@id\":\"https:\\\/\\\/akunq.net\\\/tr\\\/#\\\/schema\\\/person\\\/096f1d38a12cce57fb855b485ed24c9e\"},\"breadcrumb\":{\"@id\":\"https:\\\/\\\/akunq.net\\\/tr\\\/?p=62893#breadcrumb\"},\"inLanguage\":\"en-US\",\"potentialAction\":[{\"@type\":\"ReadAction\",\"target\":[\"https:\\\/\\\/akunq.net\\\/tr\\\/?p=62893\"]}]},{\"@type\":\"ImageObject\",\"inLanguage\":\"en-US\",\"@id\":\"https:\\\/\\\/akunq.net\\\/tr\\\/?p=62893#primaryimage\",\"url\":\"https:\\\/\\\/akunq.net\\\/tr\\\/wp-content\\\/uploads\\\/sites\\\/6\\\/2021\\\/05\\\/Diril\u2019in-k\u00f6y\u00fcndeki-kiliseye-sald\u0131r\u0131.jpg\",\"contentUrl\":\"https:\\\/\\\/akunq.net\\\/tr\\\/wp-content\\\/uploads\\\/sites\\\/6\\\/2021\\\/05\\\/Diril\u2019in-k\u00f6y\u00fcndeki-kiliseye-sald\u0131r\u0131.jpg\",\"width\":1200,\"height\":628},{\"@type\":\"BreadcrumbList\",\"@id\":\"https:\\\/\\\/akunq.net\\\/tr\\\/?p=62893#breadcrumb\",\"itemListElement\":[{\"@type\":\"ListItem\",\"position\":1,\"name\":\"Home\",\"item\":\"https:\\\/\\\/akunq.net\\\/tr\"},{\"@type\":\"ListItem\",\"position\":2,\"name\":\"Haber al\u0131namayan Diril\u2019in k\u00f6y\u00fcndeki kiliseye sald\u0131r\u0131\"}]},{\"@type\":\"WebSite\",\"@id\":\"https:\\\/\\\/akunq.net\\\/tr\\\/#website\",\"url\":\"https:\\\/\\\/akunq.net\\\/tr\\\/\",\"name\":\"Bati Ermenistan Ve Bati Ermenileri Sorunlari Ara\u015ftirmalar Merkezi\",\"description\":\"\",\"potentialAction\":[{\"@type\":\"SearchAction\",\"target\":{\"@type\":\"EntryPoint\",\"urlTemplate\":\"https:\\\/\\\/akunq.net\\\/tr\\\/?s={search_term_string}\"},\"query-input\":{\"@type\":\"PropertyValueSpecification\",\"valueRequired\":true,\"valueName\":\"search_term_string\"}}],\"inLanguage\":\"en-US\"},{\"@type\":\"Person\",\"@id\":\"https:\\\/\\\/akunq.net\\\/tr\\\/#\\\/schema\\\/person\\\/096f1d38a12cce57fb855b485ed24c9e\",\"name\":\"admin\",\"url\":\"https:\\\/\\\/akunq.net\\\/tr\\\/?author=7\"}]}<\/script>\n<!-- \/ Yoast SEO plugin. -->","yoast_head_json":{"title":"Haber al\u0131namayan Diril\u2019in k\u00f6y\u00fcndeki kiliseye sald\u0131r\u0131 - Bati Ermenistan Ve Bati Ermenileri Sorunlari Ara\u015ftirmalar Merkezi","robots":{"index":"index","follow":"follow","max-snippet":"max-snippet:-1","max-image-preview":"max-image-preview:large","max-video-preview":"max-video-preview:-1"},"canonical":"https:\/\/akunq.net\/tr\/?p=62893","og_locale":"en_US","og_type":"article","og_title":"Haber al\u0131namayan Diril\u2019in k\u00f6y\u00fcndeki kiliseye sald\u0131r\u0131 - Bati Ermenistan Ve Bati Ermenileri Sorunlari Ara\u015ftirmalar Merkezi","og_description":"Beyt\u00fc\u015f\u015febap\u2019ta Ocak 2020\u2019den bu yana kendisinden haber al\u0131namayan Hurm\u00fcz Diril\u2019in k\u00f6y\u00fc Kovankaya\u2019daki kiliseye sald\u0131r\u0131 ger\u00e7ekle\u015ftirildi. Ahmet KANBAL \u015e\u0131rnak\u2019\u0131n Beyt\u00fc\u015f\u015febap il\u00e7esine ba\u011fl\u0131 Kovankaya (Meeri) k\u00f6y\u00fcnde bulunan Marta \u015eimoni Kilisesi\u2019ne kimli\u011fi belirsiz ki\u015fi ya da ki\u015filer taraf\u0131ndan sald\u0131r\u0131 ger\u00e7ekle\u015ftirildi. Kilisede bulunan heykeller yere at\u0131l\u0131rken, tespihler d\u0131\u015far\u0131 at\u0131l\u0131 halde bulundu. Yine hastalar\u0131n \u015fifa bulmas\u0131 dile\u011fiyle as\u0131lan kuma\u015flar kiliseden [&hellip;]","og_url":"https:\/\/akunq.net\/tr\/?p=62893","og_site_name":"Bati Ermenistan Ve Bati Ermenileri Sorunlari Ara\u015ftirmalar Merkezi","article_published_time":"2021-05-14T12:30:13+00:00","og_image":[{"width":1200,"height":628,"url":"https:\/\/akunq.net\/tr\/wp-content\/uploads\/sites\/6\/2021\/05\/Diril\u2019in-k\u00f6y\u00fcndeki-kiliseye-sald\u0131r\u0131.jpg","type":"image\/jpeg"}],"author":"admin","twitter_card":"summary_large_image","twitter_misc":{"Written by":"admin","Est. reading time":"3 minutes"},"schema":{"@context":"https:\/\/schema.org","@graph":[{"@type":"Article","@id":"https:\/\/akunq.net\/tr\/?p=62893#article","isPartOf":{"@id":"https:\/\/akunq.net\/tr\/?p=62893"},"author":{"name":"admin","@id":"https:\/\/akunq.net\/tr\/#\/schema\/person\/096f1d38a12cce57fb855b485ed24c9e"},"headline":"Haber al\u0131namayan Diril\u2019in k\u00f6y\u00fcndeki kiliseye sald\u0131r\u0131","datePublished":"2021-05-14T12:30:13+00:00","mainEntityOfPage":{"@id":"https:\/\/akunq.net\/tr\/?p=62893"},"wordCount":627,"commentCount":0,"image":{"@id":"https:\/\/akunq.net\/tr\/?p=62893#primaryimage"},"thumbnailUrl":"https:\/\/akunq.net\/tr\/wp-content\/uploads\/sites\/6\/2021\/05\/Diril\u2019in-k\u00f6y\u00fcndeki-kiliseye-sald\u0131r\u0131.jpg","articleSection":["Haberler"],"inLanguage":"en-US","potentialAction":[{"@type":"CommentAction","name":"Comment","target":["https:\/\/akunq.net\/tr\/?p=62893#respond"]}]},{"@type":"WebPage","@id":"https:\/\/akunq.net\/tr\/?p=62893","url":"https:\/\/akunq.net\/tr\/?p=62893","name":"Haber al\u0131namayan Diril\u2019in k\u00f6y\u00fcndeki kiliseye sald\u0131r\u0131 - Bati Ermenistan Ve Bati Ermenileri Sorunlari Ara\u015ftirmalar Merkezi","isPartOf":{"@id":"https:\/\/akunq.net\/tr\/#website"},"primaryImageOfPage":{"@id":"https:\/\/akunq.net\/tr\/?p=62893#primaryimage"},"image":{"@id":"https:\/\/akunq.net\/tr\/?p=62893#primaryimage"},"thumbnailUrl":"https:\/\/akunq.net\/tr\/wp-content\/uploads\/sites\/6\/2021\/05\/Diril\u2019in-k\u00f6y\u00fcndeki-kiliseye-sald\u0131r\u0131.jpg","datePublished":"2021-05-14T12:30:13+00:00","author":{"@id":"https:\/\/akunq.net\/tr\/#\/schema\/person\/096f1d38a12cce57fb855b485ed24c9e"},"breadcrumb":{"@id":"https:\/\/akunq.net\/tr\/?p=62893#breadcrumb"},"inLanguage":"en-US","potentialAction":[{"@type":"ReadAction","target":["https:\/\/akunq.net\/tr\/?p=62893"]}]},{"@type":"ImageObject","inLanguage":"en-US","@id":"https:\/\/akunq.net\/tr\/?p=62893#primaryimage","url":"https:\/\/akunq.net\/tr\/wp-content\/uploads\/sites\/6\/2021\/05\/Diril\u2019in-k\u00f6y\u00fcndeki-kiliseye-sald\u0131r\u0131.jpg","contentUrl":"https:\/\/akunq.net\/tr\/wp-content\/uploads\/sites\/6\/2021\/05\/Diril\u2019in-k\u00f6y\u00fcndeki-kiliseye-sald\u0131r\u0131.jpg","width":1200,"height":628},{"@type":"BreadcrumbList","@id":"https:\/\/akunq.net\/tr\/?p=62893#breadcrumb","itemListElement":[{"@type":"ListItem","position":1,"name":"Home","item":"https:\/\/akunq.net\/tr"},{"@type":"ListItem","position":2,"name":"Haber al\u0131namayan Diril\u2019in k\u00f6y\u00fcndeki kiliseye sald\u0131r\u0131"}]},{"@type":"WebSite","@id":"https:\/\/akunq.net\/tr\/#website","url":"https:\/\/akunq.net\/tr\/","name":"Bati Ermenistan Ve Bati Ermenileri Sorunlari Ara\u015ftirmalar Merkezi","description":"","potentialAction":[{"@type":"SearchAction","target":{"@type":"EntryPoint","urlTemplate":"https:\/\/akunq.net\/tr\/?s={search_term_string}"},"query-input":{"@type":"PropertyValueSpecification","valueRequired":true,"valueName":"search_term_string"}}],"inLanguage":"en-US"},{"@type":"Person","@id":"https:\/\/akunq.net\/tr\/#\/schema\/person\/096f1d38a12cce57fb855b485ed24c9e","name":"admin","url":"https:\/\/akunq.net\/tr\/?author=7"}]}},"_links":{"self":[{"href":"https:\/\/akunq.net\/tr\/index.php?rest_route=\/wp\/v2\/posts\/62893","targetHints":{"allow":["GET"]}}],"collection":[{"href":"https:\/\/akunq.net\/tr\/index.php?rest_route=\/wp\/v2\/posts"}],"about":[{"href":"https:\/\/akunq.net\/tr\/index.php?rest_route=\/wp\/v2\/types\/post"}],"author":[{"embeddable":true,"href":"https:\/\/akunq.net\/tr\/index.php?rest_route=\/wp\/v2\/users\/7"}],"replies":[{"embeddable":true,"href":"https:\/\/akunq.net\/tr\/index.php?rest_route=%2Fwp%2Fv2%2Fcomments&post=62893"}],"version-history":[{"count":1,"href":"https:\/\/akunq.net\/tr\/index.php?rest_route=\/wp\/v2\/posts\/62893\/revisions"}],"predecessor-version":[{"id":62895,"href":"https:\/\/akunq.net\/tr\/index.php?rest_route=\/wp\/v2\/posts\/62893\/revisions\/62895"}],"wp:featuredmedia":[{"embeddable":true,"href":"https:\/\/akunq.net\/tr\/index.php?rest_route=\/wp\/v2\/media\/62894"}],"wp:attachment":[{"href":"https:\/\/akunq.net\/tr\/index.php?rest_route=%2Fwp%2Fv2%2Fmedia&parent=62893"}],"wp:term":[{"taxonomy":"category","embeddable":true,"href":"https:\/\/akunq.net\/tr\/index.php?rest_route=%2Fwp%2Fv2%2Fcategories&post=62893"},{"taxonomy":"post_tag","embeddable":true,"href":"https:\/\/akunq.net\/tr\/index.php?rest_route=%2Fwp%2Fv2%2Ftags&post=62893"}],"curies":[{"name":"wp","href":"https:\/\/api.w.org\/{rel}","templated":true}]}}