{"id":62889,"date":"2021-05-14T02:05:15","date_gmt":"2021-05-14T07:05:15","guid":{"rendered":"https:\/\/akunq.net\/tr\/?p=62889"},"modified":"2021-05-14T02:05:15","modified_gmt":"2021-05-14T07:05:15","slug":"papaya-suikastin-40-yili-agca-tek-basina-degildi","status":"publish","type":"post","link":"https:\/\/akunq.net\/tr\/?p=62889","title":{"rendered":"Papa\u2019ya suikastin 40. y\u0131l\u0131: \u201cA\u011fca tek ba\u015f\u0131na de\u011fildi\u201d"},"content":{"rendered":"<p><img loading=\"lazy\" decoding=\"async\" class=\"aligncenter size-medium wp-image-62890\" src=\"https:\/\/akunq.net\/tr\/wp-content\/uploads\/2021\/05\/Papa-360x203.jpg\" alt=\"\" width=\"360\" height=\"203\" srcset=\"https:\/\/akunq.net\/tr\/wp-content\/uploads\/sites\/6\/2021\/05\/Papa-360x203.jpg 360w, https:\/\/akunq.net\/tr\/wp-content\/uploads\/sites\/6\/2021\/05\/Papa-768x432.jpg 768w, https:\/\/akunq.net\/tr\/wp-content\/uploads\/sites\/6\/2021\/05\/Papa-560x315.jpg 560w, https:\/\/akunq.net\/tr\/wp-content\/uploads\/sites\/6\/2021\/05\/Papa-260x146.jpg 260w, https:\/\/akunq.net\/tr\/wp-content\/uploads\/sites\/6\/2021\/05\/Papa-160x90.jpg 160w, https:\/\/akunq.net\/tr\/wp-content\/uploads\/sites\/6\/2021\/05\/Papa.jpg 940w\" sizes=\"auto, (max-width: 360px) 100vw, 360px\" \/><\/p>\n<p><em><strong>Mehmet Ali A\u011fca\u2019n\u0131n Papa 2. Jean Paul\u2019a suikast giri\u015fiminin \u00fczerinden bug\u00fcn 40 y\u0131l ge\u00e7ti. Papa\u2019n\u0131n vurulma an\u0131na tan\u0131kl\u0131k eden foto\u011fraf\u00e7\u0131s\u0131 ve olay\u0131 ilk soru\u015fturan \u0130talyan savc\u0131 DW T\u00fcrk\u00e7e\u2019ye konu\u015ftu.<\/strong><\/em><\/p>\n<p>Vatikan\u2019\u0131n \u00fcnl\u00fc San Pietro Meydan\u0131, 13 May\u0131s 1981\u2019de sars\u0131c\u0131 bir olaya sahne olmu\u015f, saatler 17.20\u2019yi g\u00f6sterdi\u011finde Mehmet Ali A\u011fca\u2019n\u0131n tabancas\u0131, Papa 2. Jean Paul\u2019\u00fc hedefine alm\u0131\u015ft\u0131. Katolik Kilisesi\u2019nin 264\u2019\u00fcnc\u00fc lideri Jean Paul\u2019\u00fcn \u00c7ar\u015famba g\u00fcnleri geleneksel halkla bulu\u015fmas\u0131n\u0131 ger\u00e7ekle\u015ftirirken meydana gelen sald\u0131r\u0131, t\u00fcm d\u00fcnyay\u0131 \u015foke etti. Papa, kalabal\u0131\u011f\u0131n g\u00f6zleri \u00f6n\u00fcnde biri v\u00fccuduna di\u011feri de i\u015faret parma\u011f\u0131na isabet eden kur\u015funlarla kanlar i\u00e7inde cipe y\u0131\u011f\u0131ld\u0131. Doktorlar, durumu kritik olan Papa\u2019n\u0131n ya\u015famas\u0131n\u0131 beklemiyordu. O s\u0131rada 60 ya\u015f\u0131nda olan Papa, 5,5 saat s\u00fcren kritik bir operasyonun ard\u0131ndan hayata d\u00f6nd\u00fcr\u00fcld\u00fc.<\/p>\n<div class=\"twitter-tweet twitter-tweet-rendered\"><iframe id=\"twitter-widget-0\" class=\"\" title=\"Twitter Tweet\" src=\"https:\/\/platform.twitter.com\/embed\/Tweet.html?creatorScreenName=HyeTert&amp;dnt=true&amp;embedId=twitter-widget-0&amp;features=eyJ0ZndfZXhwZXJpbWVudHNfY29va2llX2V4cGlyYXRpb24iOnsiYnVja2V0IjoxMjA5NjAwLCJ2ZXJzaW9uIjpudWxsfSwidGZ3X2hvcml6b25fdHdlZXRfZW1iZWRfOTU1NSI6eyJidWNrZXQiOiJodGUiLCJ2ZXJzaW9uIjpudWxsfSwidGZ3X3R3ZWV0X2VtYmVkX2NsaWNrYWJpbGl0eV8xMjEwMiI6eyJidWNrZXQiOiJjb250cm9sIiwidmVyc2lvbiI6bnVsbH19&amp;frame=false&amp;hideCard=false&amp;hideThread=false&amp;id=1392746077149872130&amp;lang=tr&amp;origin=https%3A%2F%2Fhyetert.org%2F2021%2F05%2F13%2Fpapaya-suikastin-40-yili-agca-tek-basina-degildi%2F&amp;sessionId=6ea30c8bc6258dec8a97e7b3e2bb2ad30388bcb9&amp;siteScreenName=HyeTert&amp;theme=light&amp;widgetsVersion=82e1070%3A1619632193066&amp;width=500px\" frameborder=\"0\" scrolling=\"no\" allowfullscreen=\"allowfullscreen\" data-tweet-id=\"1392746077149872130\" data-mce-fragment=\"1\"><\/iframe><\/div>\n<p>Papa 2. Jean Paul\u2019\u00fcn 27 y\u0131ll\u0131k g\u00f6rev s\u00fcresi boyunca foto\u011fraf\u00e7\u0131l\u0131\u011f\u0131n\u0131 yapan Arturo Mari (81), suikast giri\u015fimi s\u0131ras\u0131nda onun yan\u0131ndayd\u0131. Mari\u2019nin, teti\u011fi \u00e7ekerken A\u011fca\u2019n\u0131n kolu ve tabancas\u0131n\u0131n g\u00f6r\u00fcnd\u00fc\u011f\u00fc, Papa\u2019n\u0131n cipe y\u0131\u011f\u0131ld\u0131\u011f\u0131 anlar\u0131 belgeleyen foto\u011fraflar\u0131 tarihe ge\u00e7ti. Mari, i\u015fte o g\u00fcn\u00fc DW T\u00fcrk\u00e7e\u2019ye anlatt\u0131. Mari, ate\u015f edenlerin birden fazla oldu\u011fu y\u00f6n\u00fcndeki iddialar\u0131 destekleyerek bu ki\u015finin Oral \u00c7elik oldu\u011funu s\u00f6yledi. Mari, \u201c\u2018\u0130ki kur\u015fun ate\u015flendi\u2019 deniyor, ama as\u0131l ate\u015flenen d\u00f6rtt\u00fc. \u00c7\u00fcnk\u00fc de\u011fi\u015fik a\u00e7\u0131lardan geliyorlar, ki bu da ba\u015fka bir ki\u015finin daha ate\u015f etti\u011fine i\u015faret. O g\u00fcn Papa\u2019yla birlikte iki ABD\u2019li kad\u0131n da yaraland\u0131 ve onlara isabet eden kur\u015funlardan biri Papa\u2019n\u0131n i\u015faret parma\u011f\u0131ndan seken kur\u015fun, di\u011feri ise A\u011fca\u2019n\u0131n bulundu\u011fu yerin kar\u015f\u0131s\u0131ndan ate\u015flenendi\u201d a\u00e7\u0131klamas\u0131n\u0131 yapt\u0131.<\/p>\n<p>A\u011fca\u2019n\u0131n Papa\u2019ya suikast giri\u015fimini soru\u015fturan ilk savc\u0131 olan Ilario Martella, DW T\u00fcrk\u00e7e\u2019nin sorular\u0131n\u0131 yan\u0131tlad\u0131. Martella da meydanda A\u011fca\u2019n\u0131n tek ba\u015f\u0131na olmad\u0131\u011f\u0131n\u0131, baz\u0131 deliller \u0131\u015f\u0131\u011f\u0131nda bu ki\u015finin Oral \u00c7elik oldu\u011funu savundu. Savc\u0131, y\u0131llar ge\u00e7ti\u011fi i\u00e7in bu olay\u0131n ayd\u0131nlat\u0131lmas\u0131nda art\u0131k zorluk ya\u015fanabilece\u011fini, ancak bunun tek bir yolu oldu\u011funu belirterek \u201cA\u011fca\u2019n\u0131n vicdan\u0131 konu\u015fmal\u0131\u201d dedi.<\/p>\n<p>Fransa\u2019da ba\u015fka su\u00e7tan hapis yatt\u0131ktan sonra \u0130talya\u2019ya iade edilerek yarg\u0131lanan Oral \u00c7elik, delil yetersizli\u011finden beraat etmi\u015fti.<\/p>\n<p>Papa\u2019ya yak\u0131n isimlerden Polonya as\u0131ll\u0131 Gianfranco Svidercoschi de DW T\u00fcrk\u00e7e\u2019ye yapt\u0131\u011f\u0131 a\u00e7\u0131klamada, Papa\u2019n\u0131n kendisini \u00f6ld\u00fcrme giri\u015fiminin ard\u0131nda Sovyetler Birli\u011fi\u2019nin oldu\u011funu d\u00fc\u015f\u00fcnd\u00fc\u011f\u00fcn\u00fc anlatt\u0131. Svidercoschi, \u201cPapa, kesinlikle iddia edildi\u011fi gibi bunun Bulgar ya da M\u00fcsl\u00fcman i\u015fi oldu\u011funa inanm\u0131yordu; Sovyet i\u015fi oldu\u011funu d\u00fc\u015f\u00fcn\u00fcyordu. \u00c7\u00fcnk\u00fc o d\u00f6nemde kom\u00fcnist rejimi \u00e7ok iyi tan\u0131yan bir Polonyal\u0131 Papa, Sovyetler Birli\u011fi\u2019ni rahats\u0131z ediyordu. Sovyetler Birli\u011fi, \u00f6zellikle Solidarnost\u2019un (siyasi parti) do\u011fu\u015fundan sonra bunun, b\u00fcy\u00fck rejimin tart\u0131\u015fmaya a\u00e7\u0131ld\u0131\u011f\u0131 an oldu\u011funu biliyordu\u201d dedi.<\/p>\n<p>Papa 2. Jean Paul\u2019e d\u00fczenlenen suikastin 40. y\u0131ld\u00f6n\u00fcm\u00fcnde olay\u0131n tan\u0131klar\u0131yla konu\u015fan Esma \u00c7ak\u0131r\u2019\u0131n haz\u0131rlad\u0131\u011f\u0131 videoyu DW T\u00fcrk\u00e7e\u2019nin YouTube kanal\u0131ndan izleyebilirsiniz.<\/p>\n<div class=\"fluid-width-video-wrapper\"><iframe id=\"fitvid185617\" title=\"Mehmet Ali A\u011fca yaln\u0131z m\u0131yd\u0131? | &quot;Papa bunun Sovyet i\u015f oldu\u011funu d\u00fc\u015f\u00fcn\u00fcyordu&quot; - DW T\u00fcrk\u00e7e\" src=\"https:\/\/www.youtube.com\/embed\/SMJ842NjH6s?feature=oembed\" frameborder=\"0\" allowfullscreen=\"allowfullscreen\" data-mce-fragment=\"1\"><\/iframe><\/div>\n<hr \/>\n<p><em><strong><a href=\"https:\/\/www.dw.com\/tr\/papaya-suikastin-40-y%C4%B1l%C4%B1-a%C4%9Fca-tek-ba%C5%9F%C4%B1na-de%C4%9Fildi\/a-57510139?maca=tur-rss-tur-all-1495-rdf\" target=\"_blank\" rel=\"noopener noreferrer\">Deutsche Welle<\/a>\u00a0<\/strong><\/em><\/p>\n","protected":false},"excerpt":{"rendered":"<p>Mehmet Ali A\u011fca\u2019n\u0131n Papa 2. Jean Paul\u2019a suikast giri\u015fiminin \u00fczerinden bug\u00fcn 40 y\u0131l ge\u00e7ti. Papa\u2019n\u0131n vurulma an\u0131na tan\u0131kl\u0131k eden foto\u011fraf\u00e7\u0131s\u0131 ve olay\u0131 ilk soru\u015fturan \u0130talyan savc\u0131 DW T\u00fcrk\u00e7e\u2019ye konu\u015ftu. Vatikan\u2019\u0131n \u00fcnl\u00fc San Pietro Meydan\u0131, 13 May\u0131s 1981\u2019de sars\u0131c\u0131 bir olaya sahne olmu\u015f, saatler 17.20\u2019yi g\u00f6sterdi\u011finde Mehmet Ali A\u011fca\u2019n\u0131n tabancas\u0131, Papa 2. Jean Paul\u2019\u00fc hedefine alm\u0131\u015ft\u0131. [&hellip;]<\/p>\n","protected":false},"author":7,"featured_media":62890,"comment_status":"open","ping_status":"open","sticky":false,"template":"","format":"standard","meta":{"footnotes":""},"categories":[1],"tags":[],"class_list":["post-62889","post","type-post","status-publish","format-standard","has-post-thumbnail","hentry","category-haberler"],"yoast_head":"<!-- This site is optimized with the Yoast SEO plugin v27.4 - https:\/\/yoast.com\/product\/yoast-seo-wordpress\/ -->\n<title>Papa\u2019ya suikastin 40. y\u0131l\u0131: \u201cA\u011fca tek ba\u015f\u0131na de\u011fildi\u201d - Bati Ermenistan Ve Bati Ermenileri Sorunlari Ara\u015ftirmalar Merkezi<\/title>\n<meta name=\"robots\" content=\"index, follow, max-snippet:-1, max-image-preview:large, max-video-preview:-1\" \/>\n<link rel=\"canonical\" href=\"https:\/\/akunq.net\/tr\/?p=62889\" \/>\n<meta property=\"og:locale\" content=\"en_US\" \/>\n<meta property=\"og:type\" content=\"article\" \/>\n<meta property=\"og:title\" content=\"Papa\u2019ya suikastin 40. y\u0131l\u0131: \u201cA\u011fca tek ba\u015f\u0131na de\u011fildi\u201d - Bati Ermenistan Ve Bati Ermenileri Sorunlari Ara\u015ftirmalar Merkezi\" \/>\n<meta property=\"og:description\" content=\"Mehmet Ali A\u011fca\u2019n\u0131n Papa 2. Jean Paul\u2019a suikast giri\u015fiminin \u00fczerinden bug\u00fcn 40 y\u0131l ge\u00e7ti. Papa\u2019n\u0131n vurulma an\u0131na tan\u0131kl\u0131k eden foto\u011fraf\u00e7\u0131s\u0131 ve olay\u0131 ilk soru\u015fturan \u0130talyan savc\u0131 DW T\u00fcrk\u00e7e\u2019ye konu\u015ftu. Vatikan\u2019\u0131n \u00fcnl\u00fc San Pietro Meydan\u0131, 13 May\u0131s 1981\u2019de sars\u0131c\u0131 bir olaya sahne olmu\u015f, saatler 17.20\u2019yi g\u00f6sterdi\u011finde Mehmet Ali A\u011fca\u2019n\u0131n tabancas\u0131, Papa 2. Jean Paul\u2019\u00fc hedefine alm\u0131\u015ft\u0131. [&hellip;]\" \/>\n<meta property=\"og:url\" content=\"https:\/\/akunq.net\/tr\/?p=62889\" \/>\n<meta property=\"og:site_name\" content=\"Bati Ermenistan Ve Bati Ermenileri Sorunlari Ara\u015ftirmalar Merkezi\" \/>\n<meta property=\"article:published_time\" content=\"2021-05-14T07:05:15+00:00\" \/>\n<meta property=\"og:image\" content=\"https:\/\/akunq.net\/tr\/wp-content\/uploads\/sites\/6\/2021\/05\/Papa.jpg\" \/>\n\t<meta property=\"og:image:width\" content=\"940\" \/>\n\t<meta property=\"og:image:height\" content=\"529\" \/>\n\t<meta property=\"og:image:type\" content=\"image\/jpeg\" \/>\n<meta name=\"author\" content=\"admin\" \/>\n<meta name=\"twitter:card\" content=\"summary_large_image\" \/>\n<meta name=\"twitter:label1\" content=\"Written by\" \/>\n\t<meta name=\"twitter:data1\" content=\"admin\" \/>\n\t<meta name=\"twitter:label2\" content=\"Est. reading time\" \/>\n\t<meta name=\"twitter:data2\" content=\"3 minutes\" \/>\n<script type=\"application\/ld+json\" class=\"yoast-schema-graph\">{\"@context\":\"https:\\\/\\\/schema.org\",\"@graph\":[{\"@type\":\"Article\",\"@id\":\"https:\\\/\\\/akunq.net\\\/tr\\\/?p=62889#article\",\"isPartOf\":{\"@id\":\"https:\\\/\\\/akunq.net\\\/tr\\\/?p=62889\"},\"author\":{\"name\":\"admin\",\"@id\":\"https:\\\/\\\/akunq.net\\\/tr\\\/#\\\/schema\\\/person\\\/096f1d38a12cce57fb855b485ed24c9e\"},\"headline\":\"Papa\u2019ya suikastin 40. y\u0131l\u0131: \u201cA\u011fca tek ba\u015f\u0131na de\u011fildi\u201d\",\"datePublished\":\"2021-05-14T07:05:15+00:00\",\"mainEntityOfPage\":{\"@id\":\"https:\\\/\\\/akunq.net\\\/tr\\\/?p=62889\"},\"wordCount\":615,\"commentCount\":0,\"image\":{\"@id\":\"https:\\\/\\\/akunq.net\\\/tr\\\/?p=62889#primaryimage\"},\"thumbnailUrl\":\"https:\\\/\\\/akunq.net\\\/tr\\\/wp-content\\\/uploads\\\/sites\\\/6\\\/2021\\\/05\\\/Papa.jpg\",\"articleSection\":[\"Haberler\"],\"inLanguage\":\"en-US\",\"potentialAction\":[{\"@type\":\"CommentAction\",\"name\":\"Comment\",\"target\":[\"https:\\\/\\\/akunq.net\\\/tr\\\/?p=62889#respond\"]}]},{\"@type\":\"WebPage\",\"@id\":\"https:\\\/\\\/akunq.net\\\/tr\\\/?p=62889\",\"url\":\"https:\\\/\\\/akunq.net\\\/tr\\\/?p=62889\",\"name\":\"Papa\u2019ya suikastin 40. y\u0131l\u0131: \u201cA\u011fca tek ba\u015f\u0131na de\u011fildi\u201d - Bati Ermenistan Ve Bati Ermenileri Sorunlari Ara\u015ftirmalar Merkezi\",\"isPartOf\":{\"@id\":\"https:\\\/\\\/akunq.net\\\/tr\\\/#website\"},\"primaryImageOfPage\":{\"@id\":\"https:\\\/\\\/akunq.net\\\/tr\\\/?p=62889#primaryimage\"},\"image\":{\"@id\":\"https:\\\/\\\/akunq.net\\\/tr\\\/?p=62889#primaryimage\"},\"thumbnailUrl\":\"https:\\\/\\\/akunq.net\\\/tr\\\/wp-content\\\/uploads\\\/sites\\\/6\\\/2021\\\/05\\\/Papa.jpg\",\"datePublished\":\"2021-05-14T07:05:15+00:00\",\"author\":{\"@id\":\"https:\\\/\\\/akunq.net\\\/tr\\\/#\\\/schema\\\/person\\\/096f1d38a12cce57fb855b485ed24c9e\"},\"breadcrumb\":{\"@id\":\"https:\\\/\\\/akunq.net\\\/tr\\\/?p=62889#breadcrumb\"},\"inLanguage\":\"en-US\",\"potentialAction\":[{\"@type\":\"ReadAction\",\"target\":[\"https:\\\/\\\/akunq.net\\\/tr\\\/?p=62889\"]}]},{\"@type\":\"ImageObject\",\"inLanguage\":\"en-US\",\"@id\":\"https:\\\/\\\/akunq.net\\\/tr\\\/?p=62889#primaryimage\",\"url\":\"https:\\\/\\\/akunq.net\\\/tr\\\/wp-content\\\/uploads\\\/sites\\\/6\\\/2021\\\/05\\\/Papa.jpg\",\"contentUrl\":\"https:\\\/\\\/akunq.net\\\/tr\\\/wp-content\\\/uploads\\\/sites\\\/6\\\/2021\\\/05\\\/Papa.jpg\",\"width\":940,\"height\":529},{\"@type\":\"BreadcrumbList\",\"@id\":\"https:\\\/\\\/akunq.net\\\/tr\\\/?p=62889#breadcrumb\",\"itemListElement\":[{\"@type\":\"ListItem\",\"position\":1,\"name\":\"Home\",\"item\":\"https:\\\/\\\/akunq.net\\\/tr\"},{\"@type\":\"ListItem\",\"position\":2,\"name\":\"Papa\u2019ya suikastin 40. y\u0131l\u0131: \u201cA\u011fca tek ba\u015f\u0131na de\u011fildi\u201d\"}]},{\"@type\":\"WebSite\",\"@id\":\"https:\\\/\\\/akunq.net\\\/tr\\\/#website\",\"url\":\"https:\\\/\\\/akunq.net\\\/tr\\\/\",\"name\":\"Bati Ermenistan Ve Bati Ermenileri Sorunlari Ara\u015ftirmalar Merkezi\",\"description\":\"\",\"potentialAction\":[{\"@type\":\"SearchAction\",\"target\":{\"@type\":\"EntryPoint\",\"urlTemplate\":\"https:\\\/\\\/akunq.net\\\/tr\\\/?s={search_term_string}\"},\"query-input\":{\"@type\":\"PropertyValueSpecification\",\"valueRequired\":true,\"valueName\":\"search_term_string\"}}],\"inLanguage\":\"en-US\"},{\"@type\":\"Person\",\"@id\":\"https:\\\/\\\/akunq.net\\\/tr\\\/#\\\/schema\\\/person\\\/096f1d38a12cce57fb855b485ed24c9e\",\"name\":\"admin\",\"url\":\"https:\\\/\\\/akunq.net\\\/tr\\\/?author=7\"}]}<\/script>\n<!-- \/ Yoast SEO plugin. -->","yoast_head_json":{"title":"Papa\u2019ya suikastin 40. y\u0131l\u0131: \u201cA\u011fca tek ba\u015f\u0131na de\u011fildi\u201d - Bati Ermenistan Ve Bati Ermenileri Sorunlari Ara\u015ftirmalar Merkezi","robots":{"index":"index","follow":"follow","max-snippet":"max-snippet:-1","max-image-preview":"max-image-preview:large","max-video-preview":"max-video-preview:-1"},"canonical":"https:\/\/akunq.net\/tr\/?p=62889","og_locale":"en_US","og_type":"article","og_title":"Papa\u2019ya suikastin 40. y\u0131l\u0131: \u201cA\u011fca tek ba\u015f\u0131na de\u011fildi\u201d - Bati Ermenistan Ve Bati Ermenileri Sorunlari Ara\u015ftirmalar Merkezi","og_description":"Mehmet Ali A\u011fca\u2019n\u0131n Papa 2. Jean Paul\u2019a suikast giri\u015fiminin \u00fczerinden bug\u00fcn 40 y\u0131l ge\u00e7ti. Papa\u2019n\u0131n vurulma an\u0131na tan\u0131kl\u0131k eden foto\u011fraf\u00e7\u0131s\u0131 ve olay\u0131 ilk soru\u015fturan \u0130talyan savc\u0131 DW T\u00fcrk\u00e7e\u2019ye konu\u015ftu. Vatikan\u2019\u0131n \u00fcnl\u00fc San Pietro Meydan\u0131, 13 May\u0131s 1981\u2019de sars\u0131c\u0131 bir olaya sahne olmu\u015f, saatler 17.20\u2019yi g\u00f6sterdi\u011finde Mehmet Ali A\u011fca\u2019n\u0131n tabancas\u0131, Papa 2. Jean Paul\u2019\u00fc hedefine alm\u0131\u015ft\u0131. [&hellip;]","og_url":"https:\/\/akunq.net\/tr\/?p=62889","og_site_name":"Bati Ermenistan Ve Bati Ermenileri Sorunlari Ara\u015ftirmalar Merkezi","article_published_time":"2021-05-14T07:05:15+00:00","og_image":[{"width":940,"height":529,"url":"https:\/\/akunq.net\/tr\/wp-content\/uploads\/sites\/6\/2021\/05\/Papa.jpg","type":"image\/jpeg"}],"author":"admin","twitter_card":"summary_large_image","twitter_misc":{"Written by":"admin","Est. reading time":"3 minutes"},"schema":{"@context":"https:\/\/schema.org","@graph":[{"@type":"Article","@id":"https:\/\/akunq.net\/tr\/?p=62889#article","isPartOf":{"@id":"https:\/\/akunq.net\/tr\/?p=62889"},"author":{"name":"admin","@id":"https:\/\/akunq.net\/tr\/#\/schema\/person\/096f1d38a12cce57fb855b485ed24c9e"},"headline":"Papa\u2019ya suikastin 40. y\u0131l\u0131: \u201cA\u011fca tek ba\u015f\u0131na de\u011fildi\u201d","datePublished":"2021-05-14T07:05:15+00:00","mainEntityOfPage":{"@id":"https:\/\/akunq.net\/tr\/?p=62889"},"wordCount":615,"commentCount":0,"image":{"@id":"https:\/\/akunq.net\/tr\/?p=62889#primaryimage"},"thumbnailUrl":"https:\/\/akunq.net\/tr\/wp-content\/uploads\/sites\/6\/2021\/05\/Papa.jpg","articleSection":["Haberler"],"inLanguage":"en-US","potentialAction":[{"@type":"CommentAction","name":"Comment","target":["https:\/\/akunq.net\/tr\/?p=62889#respond"]}]},{"@type":"WebPage","@id":"https:\/\/akunq.net\/tr\/?p=62889","url":"https:\/\/akunq.net\/tr\/?p=62889","name":"Papa\u2019ya suikastin 40. y\u0131l\u0131: \u201cA\u011fca tek ba\u015f\u0131na de\u011fildi\u201d - Bati Ermenistan Ve Bati Ermenileri Sorunlari Ara\u015ftirmalar Merkezi","isPartOf":{"@id":"https:\/\/akunq.net\/tr\/#website"},"primaryImageOfPage":{"@id":"https:\/\/akunq.net\/tr\/?p=62889#primaryimage"},"image":{"@id":"https:\/\/akunq.net\/tr\/?p=62889#primaryimage"},"thumbnailUrl":"https:\/\/akunq.net\/tr\/wp-content\/uploads\/sites\/6\/2021\/05\/Papa.jpg","datePublished":"2021-05-14T07:05:15+00:00","author":{"@id":"https:\/\/akunq.net\/tr\/#\/schema\/person\/096f1d38a12cce57fb855b485ed24c9e"},"breadcrumb":{"@id":"https:\/\/akunq.net\/tr\/?p=62889#breadcrumb"},"inLanguage":"en-US","potentialAction":[{"@type":"ReadAction","target":["https:\/\/akunq.net\/tr\/?p=62889"]}]},{"@type":"ImageObject","inLanguage":"en-US","@id":"https:\/\/akunq.net\/tr\/?p=62889#primaryimage","url":"https:\/\/akunq.net\/tr\/wp-content\/uploads\/sites\/6\/2021\/05\/Papa.jpg","contentUrl":"https:\/\/akunq.net\/tr\/wp-content\/uploads\/sites\/6\/2021\/05\/Papa.jpg","width":940,"height":529},{"@type":"BreadcrumbList","@id":"https:\/\/akunq.net\/tr\/?p=62889#breadcrumb","itemListElement":[{"@type":"ListItem","position":1,"name":"Home","item":"https:\/\/akunq.net\/tr"},{"@type":"ListItem","position":2,"name":"Papa\u2019ya suikastin 40. y\u0131l\u0131: \u201cA\u011fca tek ba\u015f\u0131na de\u011fildi\u201d"}]},{"@type":"WebSite","@id":"https:\/\/akunq.net\/tr\/#website","url":"https:\/\/akunq.net\/tr\/","name":"Bati Ermenistan Ve Bati Ermenileri Sorunlari Ara\u015ftirmalar Merkezi","description":"","potentialAction":[{"@type":"SearchAction","target":{"@type":"EntryPoint","urlTemplate":"https:\/\/akunq.net\/tr\/?s={search_term_string}"},"query-input":{"@type":"PropertyValueSpecification","valueRequired":true,"valueName":"search_term_string"}}],"inLanguage":"en-US"},{"@type":"Person","@id":"https:\/\/akunq.net\/tr\/#\/schema\/person\/096f1d38a12cce57fb855b485ed24c9e","name":"admin","url":"https:\/\/akunq.net\/tr\/?author=7"}]}},"_links":{"self":[{"href":"https:\/\/akunq.net\/tr\/index.php?rest_route=\/wp\/v2\/posts\/62889","targetHints":{"allow":["GET"]}}],"collection":[{"href":"https:\/\/akunq.net\/tr\/index.php?rest_route=\/wp\/v2\/posts"}],"about":[{"href":"https:\/\/akunq.net\/tr\/index.php?rest_route=\/wp\/v2\/types\/post"}],"author":[{"embeddable":true,"href":"https:\/\/akunq.net\/tr\/index.php?rest_route=\/wp\/v2\/users\/7"}],"replies":[{"embeddable":true,"href":"https:\/\/akunq.net\/tr\/index.php?rest_route=%2Fwp%2Fv2%2Fcomments&post=62889"}],"version-history":[{"count":1,"href":"https:\/\/akunq.net\/tr\/index.php?rest_route=\/wp\/v2\/posts\/62889\/revisions"}],"predecessor-version":[{"id":62891,"href":"https:\/\/akunq.net\/tr\/index.php?rest_route=\/wp\/v2\/posts\/62889\/revisions\/62891"}],"wp:featuredmedia":[{"embeddable":true,"href":"https:\/\/akunq.net\/tr\/index.php?rest_route=\/wp\/v2\/media\/62890"}],"wp:attachment":[{"href":"https:\/\/akunq.net\/tr\/index.php?rest_route=%2Fwp%2Fv2%2Fmedia&parent=62889"}],"wp:term":[{"taxonomy":"category","embeddable":true,"href":"https:\/\/akunq.net\/tr\/index.php?rest_route=%2Fwp%2Fv2%2Fcategories&post=62889"},{"taxonomy":"post_tag","embeddable":true,"href":"https:\/\/akunq.net\/tr\/index.php?rest_route=%2Fwp%2Fv2%2Ftags&post=62889"}],"curies":[{"name":"wp","href":"https:\/\/api.w.org\/{rel}","templated":true}]}}