{"id":62883,"date":"2021-05-14T01:46:17","date_gmt":"2021-05-14T06:46:17","guid":{"rendered":"https:\/\/akunq.net\/tr\/?p=62883"},"modified":"2021-05-14T01:46:17","modified_gmt":"2021-05-14T06:46:17","slug":"abdden-dini-ozgurlukler-raporu-turkiyeye-genis-yer-ayirildi","status":"publish","type":"post","link":"https:\/\/akunq.net\/tr\/?p=62883","title":{"rendered":"ABD\u2019den dini \u00f6zg\u00fcrl\u00fckler raporu: T\u00fcrkiye\u2019ye geni\u015f yer ay\u0131r\u0131ld\u0131"},"content":{"rendered":"<div class=\"b-article__lead\">\n<p><img loading=\"lazy\" decoding=\"async\" class=\"aligncenter size-medium wp-image-62884\" src=\"https:\/\/akunq.net\/tr\/wp-content\/uploads\/2021\/05\/\u0531\u0544\u0546-360x243.jpg\" alt=\"\" width=\"360\" height=\"243\" srcset=\"https:\/\/akunq.net\/tr\/wp-content\/uploads\/sites\/6\/2021\/05\/\u0531\u0544\u0546-360x243.jpg 360w, https:\/\/akunq.net\/tr\/wp-content\/uploads\/sites\/6\/2021\/05\/\u0531\u0544\u0546-560x378.jpg 560w, https:\/\/akunq.net\/tr\/wp-content\/uploads\/sites\/6\/2021\/05\/\u0531\u0544\u0546-260x175.jpg 260w, https:\/\/akunq.net\/tr\/wp-content\/uploads\/sites\/6\/2021\/05\/\u0531\u0544\u0546-160x108.jpg 160w, https:\/\/akunq.net\/tr\/wp-content\/uploads\/sites\/6\/2021\/05\/\u0531\u0544\u0546.jpg 750w\" sizes=\"auto, (max-width: 360px) 100vw, 360px\" \/><\/p>\n<p><em><strong>ABD 2020 Uluslararas\u0131\u00a0Dini\u00a0\u00d6zg\u00fcrl\u00fckler Raporu&#8217;nu a\u00e7\u0131klayan D\u0131\u015fi\u015fleri Bakan\u0131 Antony Blinken, d\u00fcnyan\u0131n farkl\u0131 b\u00f6lgelerinde \u0130slam, H\u0131ristiyanl\u0131k ve Yahudilik d\u00fc\u015fmanl\u0131\u011f\u0131n\u0131n artt\u0131\u011f\u0131n\u0131 s\u00f6yledi. Raporda ayr\u0131ca, T\u00fcrkiye&#8217;nin &#8216;az\u0131nl\u0131k okullar\u0131na gerekli deste\u011fi vermedi\u011fi&#8217; iddia edildi.<\/strong><\/em><\/p>\n<\/div>\n<div class=\"b-article__text\">\n<p>ABD D\u0131\u015fi\u015fleri Bakan\u0131 Blinken, ABD 2020 Uluslararas\u0131\u00a0Dini\u00a0\u00d6zg\u00fcrl\u00fckler Raporu&#8217;nun, ilgili komisyon taraf\u0131ndan, her y\u0131l d\u00fcnyadaki\u00a0dini\u00a0\u00f6zg\u00fcrl\u00fcklere ili\u015fkin geli\u015fmeler yak\u0131ndan takip edilerek haz\u0131rland\u0131\u011f\u0131n\u0131 belirtti.<\/p>\n<p>D\u00fcnyan\u0131n farkl\u0131 b\u00f6lgelerinde M\u00fcsl\u00fcmanlar\u0131, H\u0131ristiyanlar\u0131 ve Yahudileri hedef alan\u00a0<strong>sald\u0131r\u0131lar\u0131n ve ihlallerin artt\u0131\u011f\u0131na<\/strong>\u00a0i\u015faret eden Blinken, her t\u00fcrl\u00fc\u00a0dini\u00a0ayr\u0131mc\u0131l\u0131\u011f\u0131n ve\u00a0dini\u00a0\u00f6zg\u00fcrl\u00fck ihlalinin reddedilmesi gerekti\u011fini s\u00f6yledi.<\/p>\n<p><a href=\"https:\/\/www.state.gov\/wp-content\/uploads\/2021\/05\/240282-TURKEY-2020-INTERNATIONAL-RELIGIOUS-FREEDOM-REPORT.pdf\" target=\"_blank\" rel=\"noopener noreferrer\">Raporun T\u00fcrkiye b\u00f6l\u00fcm\u00fcnde<\/a>\u00a0ise, h\u00fck\u00fcmetin az\u0131nl\u0131klar ba\u015fta olmak \u00fczere \u00e7e\u015fitli inan\u00e7 gruplar\u0131na ili\u015fkin politikalar\u0131 de\u011ferlendirildi.<\/p>\n<p>Diyanet \u0130\u015fleri Ba\u015fkanl\u0131\u011f\u0131&#8217;n\u0131n tan\u0131t\u0131ld\u0131\u011f\u0131 raporda, &#8216;sivil toplum \u00f6rg\u00fctlerinden al\u0131nan verilere&#8217; dayand\u0131r\u0131larak<em>\u00a0&#8220;Protestan cemaatlerinin T\u00fcrk vatanda\u015f\u0131 olmayan liderlerinin giri\u015f yasaklar\u0131n\u0131n ve s\u0131n\u0131r d\u0131\u015f\u0131 edilmelerinin h\u0131zland\u0131\u011f\u0131 bildirildi&#8221;<\/em>\u00a0ifadelerine yer verildi.<\/p>\n<p><strong>&#8216;H\u00fck\u00fcmet gayrim\u00fcslimlerin liderli\u011fini kabul etmiyor&#8217;<\/strong><\/p>\n<p>Raporda, az\u0131nl\u0131klar\u0131n ibadethane a\u00e7malar\u0131n\u0131n zorla\u015ft\u0131\u011f\u0131 belirtilerek, h\u00fck\u00fcmetin &#8216;gayrim\u00fcslim az\u0131nl\u0131klar\u0131n liderli\u011fini veya idari yap\u0131lar\u0131n\u0131 tan\u0131mad\u0131\u011f\u0131&#8217; belirtildi.<\/p>\n<p>H\u00fck\u00fcmetin az\u0131nl\u0131k okullar\u0131na yeterli fon sa\u011flamad\u0131\u011f\u0131 da belirtilen raporda \u015fu ifadeler yer ald\u0131:<\/p>\n<p>&#8220;H\u00fck\u00fcmet, \u0130slam&#8217;\u0131 \u00f6\u011freten kamu, \u00f6zel ve dini okullara fon sa\u011flamaya devam etti. Ancak Lozan Antla\u015fmas\u0131 kapsam\u0131nda tan\u0131nan az\u0131nl\u0131k okullar\u0131 i\u00e7in, T\u00fcrk edebiyat\u0131 gibi T\u00fcrk\u00e7e \u00f6\u011fretilen derslerin maa\u015flar\u0131n\u0131 \u00f6demesi d\u0131\u015f\u0131nda herhangi bir destekte bulunmad\u0131. Az\u0131nl\u0131k cemaatler, t\u00fcm masraflar\u0131n\u0131, kilise vak\u0131flar\u0131 ve mezunlar\u0131 dahil olmak \u00fczere ba\u011f\u0131\u015flarla <strong>finanse etti.&#8221;<\/strong><strong>&#8216;Aleviler tehdit ediliyor&#8217;<\/strong><\/p>\n<p>Raporda ayr\u0131ca,\u00a0<strong>Alevilere y\u00f6nelik \u0131rk\u00e7\u0131 sald\u0131r\u0131lara<\/strong>\u00a0yer verilerek, Sivas&#8217;ta ger\u00e7ekle\u015fen\u00a0<strong>Mad\u0131mak katliam\u0131<\/strong>\u00a0anlat\u0131ld\u0131 ve<strong>\u00a0Tunceli&#8217;de ya\u015fayan Alevi n\u00fcfusun<\/strong>\u00a0&#8216;yerlerinden edilmeye \u00e7al\u0131\u015f\u0131ld\u0131\u011f\u0131&#8217; iddia edildi.Ayr\u0131ca, konuyla ilgili kimi aileler taraf\u0131ndan yasal yollara ba\u015fvurulan &#8216;zorunlu din dersleri&#8217; hat\u0131rlat\u0131larak, e\u011fitim sisteminde ve ibadet etme konular\u0131nda s\u0131k\u0131nt\u0131lar ya\u015fad\u0131klar\u0131 belirtildi.<\/p>\n<p>Diyanet destekli camilerin \u00fcniversiteler de dahil \u00fclkenin \u00e7o\u011fu yerinde bulundu\u011fu hat\u0131rlat\u0131lan raporda, Diyanetin &#8216;Camilerin Aleviler i\u00e7in uygun ibadethaneler oldu\u011fu&#8217; y\u00f6n\u00fcndeki a\u00e7\u0131klamas\u0131na yer verildi.<\/p>\n<p><strong>\u0130badethanelere sald\u0131r\u0131lar&#8217;<\/strong><\/p>\n<p>Bas\u0131nda \u00e7\u0131kan haberlere g\u00f6re, H\u0131ristiyan mezarl\u0131klar\u0131na y\u00f6nelik vandalizm eylemleri art\u0131yor&#8221; denilen raporda, sosyal medyada koronavir\u00fcs\u00fc Yahudilerle ili\u015fkilendiren ifadelerin de kullan\u0131ld\u0131\u011f\u0131 belirtildi.<\/p>\n<p><strong>Ayasofya&#8217;n\u0131n camiye \u00e7evirilmesi<\/strong><\/p>\n<p>Ayasofya ve Kariye&#8217;nin camiye \u00e7evrilmelerine de de\u011finilen raporda,<strong>\u00a0Fener Rum Patri\u011fi Bartholomeos\u2019un<\/strong>\u00a0da konuyla ilgili, \u201cAyasofya\u2019n\u0131n camiye d\u00f6n\u00fc\u015ft\u00fcr\u00fclmesi d\u00fcnya genelindeki milyonlarca H\u0131ristiyan\u2019\u0131 hayal k\u0131r\u0131kl\u0131\u011f\u0131na u\u011fratacak\u201d \u015feklindeki a\u00e7\u0131klamas\u0131na yer verildi.<\/p>\n<p><strong>\u00c7in&#8217;e Uygur su\u00e7lamalar\u0131\u00a0<\/strong><\/p>\n<p>Blinken ayr\u0131ca,\u00a0<strong>Sincan Uygur \u00d6zerk B\u00f6lgesi&#8217;ndeki<\/strong>\u00a0nedeniyle \u00c7in&#8217;e, Myanmar&#8217;da Arakanl\u0131 M\u00fcsl\u00fcmanlara y\u00f6nelik ihlalleri nedeniyle\u00a0<strong>Myanmar ordusuna<\/strong>\u00a0dikkati \u00e7ekti ve Rusya, \u0130ran ve Nijerya gibi \u00fclkelerdeki\u00a0dini\u00a0\u00f6zg\u00fcrl\u00fcklerle ilgili sorunlar\u0131n devam etti\u011fini iddia etti.<\/p>\n<p>Blinken,<em>\u00a0&#8220;\u00c7in, M\u00fcsl\u00fcman Uygulara y\u00f6nelik soyk\u0131r\u0131m ve insanl\u0131\u011fa kar\u015f\u0131 su\u00e7 i\u015flemeye devam ediyor,\u00a0dini\u00a0uygulamalar\u0131 su\u00e7 haline getiriyor&#8221;<\/em>\u00a0de\u011ferlendirmesini yapt\u0131.<\/p>\n<p>Bu kapsamda \u00c7in&#8217;de\u00a0<strong>&#8216;Falun Dafa&#8217; adl\u0131 y\u00f6ntemi takip edenlere<\/strong> kar\u015f\u0131 i\u015fledi\u011fi hak ihlalleri nedeniyle \u00c7inli yetkili Yu Hui&#8217;ye yapt\u0131r\u0131m getirdiklerini a\u00e7\u0131klayan Blinken, \u00c7in&#8217;deki insan haklar\u0131 ve dini \u00f6zg\u00fcrl\u00fck ihlallerini takip etmeye devam edeceklerini belirtti.<\/p>\n<p><em><strong>https:\/\/tr.sputniknews.com\/abd\/202105131044493787-abdnin-dini-ozgurlukler-raporunda-turkiye\/\u00a0<\/strong><\/em><\/p>\n<\/div>\n","protected":false},"excerpt":{"rendered":"<p>ABD 2020 Uluslararas\u0131\u00a0Dini\u00a0\u00d6zg\u00fcrl\u00fckler Raporu&#8217;nu a\u00e7\u0131klayan D\u0131\u015fi\u015fleri Bakan\u0131 Antony Blinken, d\u00fcnyan\u0131n farkl\u0131 b\u00f6lgelerinde \u0130slam, H\u0131ristiyanl\u0131k ve Yahudilik d\u00fc\u015fmanl\u0131\u011f\u0131n\u0131n artt\u0131\u011f\u0131n\u0131 s\u00f6yledi. Raporda ayr\u0131ca, T\u00fcrkiye&#8217;nin &#8216;az\u0131nl\u0131k okullar\u0131na gerekli deste\u011fi vermedi\u011fi&#8217; iddia edildi. ABD D\u0131\u015fi\u015fleri Bakan\u0131 Blinken, ABD 2020 Uluslararas\u0131\u00a0Dini\u00a0\u00d6zg\u00fcrl\u00fckler Raporu&#8217;nun, ilgili komisyon taraf\u0131ndan, her y\u0131l d\u00fcnyadaki\u00a0dini\u00a0\u00f6zg\u00fcrl\u00fcklere ili\u015fkin geli\u015fmeler yak\u0131ndan takip edilerek haz\u0131rland\u0131\u011f\u0131n\u0131 belirtti. D\u00fcnyan\u0131n farkl\u0131 b\u00f6lgelerinde M\u00fcsl\u00fcmanlar\u0131, H\u0131ristiyanlar\u0131 [&hellip;]<\/p>\n","protected":false},"author":7,"featured_media":62884,"comment_status":"open","ping_status":"open","sticky":false,"template":"","format":"standard","meta":{"footnotes":""},"categories":[1,53],"tags":[],"class_list":["post-62883","post","type-post","status-publish","format-standard","has-post-thumbnail","hentry","category-haberler","category-turkiyede-azinliklar"],"yoast_head":"<!-- This site is optimized with the Yoast SEO plugin v27.4 - https:\/\/yoast.com\/product\/yoast-seo-wordpress\/ -->\n<title>ABD\u2019den dini \u00f6zg\u00fcrl\u00fckler raporu: T\u00fcrkiye\u2019ye geni\u015f yer ay\u0131r\u0131ld\u0131 - Bati Ermenistan Ve Bati Ermenileri Sorunlari Ara\u015ftirmalar Merkezi<\/title>\n<meta name=\"robots\" content=\"index, follow, max-snippet:-1, max-image-preview:large, max-video-preview:-1\" \/>\n<link rel=\"canonical\" href=\"https:\/\/akunq.net\/tr\/?p=62883\" \/>\n<meta property=\"og:locale\" content=\"en_US\" \/>\n<meta property=\"og:type\" content=\"article\" \/>\n<meta property=\"og:title\" content=\"ABD\u2019den dini \u00f6zg\u00fcrl\u00fckler raporu: T\u00fcrkiye\u2019ye geni\u015f yer ay\u0131r\u0131ld\u0131 - Bati Ermenistan Ve Bati Ermenileri Sorunlari Ara\u015ftirmalar Merkezi\" \/>\n<meta property=\"og:description\" content=\"ABD 2020 Uluslararas\u0131\u00a0Dini\u00a0\u00d6zg\u00fcrl\u00fckler Raporu&#8217;nu a\u00e7\u0131klayan D\u0131\u015fi\u015fleri Bakan\u0131 Antony Blinken, d\u00fcnyan\u0131n farkl\u0131 b\u00f6lgelerinde \u0130slam, H\u0131ristiyanl\u0131k ve Yahudilik d\u00fc\u015fmanl\u0131\u011f\u0131n\u0131n artt\u0131\u011f\u0131n\u0131 s\u00f6yledi. Raporda ayr\u0131ca, T\u00fcrkiye&#8217;nin &#8216;az\u0131nl\u0131k okullar\u0131na gerekli deste\u011fi vermedi\u011fi&#8217; iddia edildi. ABD D\u0131\u015fi\u015fleri Bakan\u0131 Blinken, ABD 2020 Uluslararas\u0131\u00a0Dini\u00a0\u00d6zg\u00fcrl\u00fckler Raporu&#8217;nun, ilgili komisyon taraf\u0131ndan, her y\u0131l d\u00fcnyadaki\u00a0dini\u00a0\u00f6zg\u00fcrl\u00fcklere ili\u015fkin geli\u015fmeler yak\u0131ndan takip edilerek haz\u0131rland\u0131\u011f\u0131n\u0131 belirtti. D\u00fcnyan\u0131n farkl\u0131 b\u00f6lgelerinde M\u00fcsl\u00fcmanlar\u0131, H\u0131ristiyanlar\u0131 [&hellip;]\" \/>\n<meta property=\"og:url\" content=\"https:\/\/akunq.net\/tr\/?p=62883\" \/>\n<meta property=\"og:site_name\" content=\"Bati Ermenistan Ve Bati Ermenileri Sorunlari Ara\u015ftirmalar Merkezi\" \/>\n<meta property=\"article:published_time\" content=\"2021-05-14T06:46:17+00:00\" \/>\n<meta property=\"og:image\" content=\"https:\/\/akunq.net\/tr\/wp-content\/uploads\/sites\/6\/2021\/05\/\u0531\u0544\u0546.jpg\" \/>\n\t<meta property=\"og:image:width\" content=\"750\" \/>\n\t<meta property=\"og:image:height\" content=\"506\" \/>\n\t<meta property=\"og:image:type\" content=\"image\/jpeg\" \/>\n<meta name=\"author\" content=\"admin\" \/>\n<meta name=\"twitter:card\" content=\"summary_large_image\" \/>\n<meta name=\"twitter:label1\" content=\"Written by\" \/>\n\t<meta name=\"twitter:data1\" content=\"admin\" \/>\n\t<meta name=\"twitter:label2\" content=\"Est. reading time\" \/>\n\t<meta name=\"twitter:data2\" content=\"3 minutes\" \/>\n<script type=\"application\/ld+json\" class=\"yoast-schema-graph\">{\"@context\":\"https:\\\/\\\/schema.org\",\"@graph\":[{\"@type\":\"Article\",\"@id\":\"https:\\\/\\\/akunq.net\\\/tr\\\/?p=62883#article\",\"isPartOf\":{\"@id\":\"https:\\\/\\\/akunq.net\\\/tr\\\/?p=62883\"},\"author\":{\"name\":\"admin\",\"@id\":\"https:\\\/\\\/akunq.net\\\/tr\\\/#\\\/schema\\\/person\\\/096f1d38a12cce57fb855b485ed24c9e\"},\"headline\":\"ABD\u2019den dini \u00f6zg\u00fcrl\u00fckler raporu: T\u00fcrkiye\u2019ye geni\u015f yer ay\u0131r\u0131ld\u0131\",\"datePublished\":\"2021-05-14T06:46:17+00:00\",\"mainEntityOfPage\":{\"@id\":\"https:\\\/\\\/akunq.net\\\/tr\\\/?p=62883\"},\"wordCount\":663,\"commentCount\":0,\"image\":{\"@id\":\"https:\\\/\\\/akunq.net\\\/tr\\\/?p=62883#primaryimage\"},\"thumbnailUrl\":\"https:\\\/\\\/akunq.net\\\/tr\\\/wp-content\\\/uploads\\\/sites\\\/6\\\/2021\\\/05\\\/\u0531\u0544\u0546.jpg\",\"articleSection\":[\"Haberler\",\"T\u00fcrkiye\u2019de Az\u0131nl\u0131klar\"],\"inLanguage\":\"en-US\",\"potentialAction\":[{\"@type\":\"CommentAction\",\"name\":\"Comment\",\"target\":[\"https:\\\/\\\/akunq.net\\\/tr\\\/?p=62883#respond\"]}]},{\"@type\":\"WebPage\",\"@id\":\"https:\\\/\\\/akunq.net\\\/tr\\\/?p=62883\",\"url\":\"https:\\\/\\\/akunq.net\\\/tr\\\/?p=62883\",\"name\":\"ABD\u2019den dini \u00f6zg\u00fcrl\u00fckler raporu: T\u00fcrkiye\u2019ye geni\u015f yer ay\u0131r\u0131ld\u0131 - Bati Ermenistan Ve Bati Ermenileri Sorunlari Ara\u015ftirmalar Merkezi\",\"isPartOf\":{\"@id\":\"https:\\\/\\\/akunq.net\\\/tr\\\/#website\"},\"primaryImageOfPage\":{\"@id\":\"https:\\\/\\\/akunq.net\\\/tr\\\/?p=62883#primaryimage\"},\"image\":{\"@id\":\"https:\\\/\\\/akunq.net\\\/tr\\\/?p=62883#primaryimage\"},\"thumbnailUrl\":\"https:\\\/\\\/akunq.net\\\/tr\\\/wp-content\\\/uploads\\\/sites\\\/6\\\/2021\\\/05\\\/\u0531\u0544\u0546.jpg\",\"datePublished\":\"2021-05-14T06:46:17+00:00\",\"author\":{\"@id\":\"https:\\\/\\\/akunq.net\\\/tr\\\/#\\\/schema\\\/person\\\/096f1d38a12cce57fb855b485ed24c9e\"},\"breadcrumb\":{\"@id\":\"https:\\\/\\\/akunq.net\\\/tr\\\/?p=62883#breadcrumb\"},\"inLanguage\":\"en-US\",\"potentialAction\":[{\"@type\":\"ReadAction\",\"target\":[\"https:\\\/\\\/akunq.net\\\/tr\\\/?p=62883\"]}]},{\"@type\":\"ImageObject\",\"inLanguage\":\"en-US\",\"@id\":\"https:\\\/\\\/akunq.net\\\/tr\\\/?p=62883#primaryimage\",\"url\":\"https:\\\/\\\/akunq.net\\\/tr\\\/wp-content\\\/uploads\\\/sites\\\/6\\\/2021\\\/05\\\/\u0531\u0544\u0546.jpg\",\"contentUrl\":\"https:\\\/\\\/akunq.net\\\/tr\\\/wp-content\\\/uploads\\\/sites\\\/6\\\/2021\\\/05\\\/\u0531\u0544\u0546.jpg\",\"width\":750,\"height\":506},{\"@type\":\"BreadcrumbList\",\"@id\":\"https:\\\/\\\/akunq.net\\\/tr\\\/?p=62883#breadcrumb\",\"itemListElement\":[{\"@type\":\"ListItem\",\"position\":1,\"name\":\"Home\",\"item\":\"https:\\\/\\\/akunq.net\\\/tr\"},{\"@type\":\"ListItem\",\"position\":2,\"name\":\"ABD\u2019den dini \u00f6zg\u00fcrl\u00fckler raporu: T\u00fcrkiye\u2019ye geni\u015f yer ay\u0131r\u0131ld\u0131\"}]},{\"@type\":\"WebSite\",\"@id\":\"https:\\\/\\\/akunq.net\\\/tr\\\/#website\",\"url\":\"https:\\\/\\\/akunq.net\\\/tr\\\/\",\"name\":\"Bati Ermenistan Ve Bati Ermenileri Sorunlari Ara\u015ftirmalar Merkezi\",\"description\":\"\",\"potentialAction\":[{\"@type\":\"SearchAction\",\"target\":{\"@type\":\"EntryPoint\",\"urlTemplate\":\"https:\\\/\\\/akunq.net\\\/tr\\\/?s={search_term_string}\"},\"query-input\":{\"@type\":\"PropertyValueSpecification\",\"valueRequired\":true,\"valueName\":\"search_term_string\"}}],\"inLanguage\":\"en-US\"},{\"@type\":\"Person\",\"@id\":\"https:\\\/\\\/akunq.net\\\/tr\\\/#\\\/schema\\\/person\\\/096f1d38a12cce57fb855b485ed24c9e\",\"name\":\"admin\",\"url\":\"https:\\\/\\\/akunq.net\\\/tr\\\/?author=7\"}]}<\/script>\n<!-- \/ Yoast SEO plugin. -->","yoast_head_json":{"title":"ABD\u2019den dini \u00f6zg\u00fcrl\u00fckler raporu: T\u00fcrkiye\u2019ye geni\u015f yer ay\u0131r\u0131ld\u0131 - Bati Ermenistan Ve Bati Ermenileri Sorunlari Ara\u015ftirmalar Merkezi","robots":{"index":"index","follow":"follow","max-snippet":"max-snippet:-1","max-image-preview":"max-image-preview:large","max-video-preview":"max-video-preview:-1"},"canonical":"https:\/\/akunq.net\/tr\/?p=62883","og_locale":"en_US","og_type":"article","og_title":"ABD\u2019den dini \u00f6zg\u00fcrl\u00fckler raporu: T\u00fcrkiye\u2019ye geni\u015f yer ay\u0131r\u0131ld\u0131 - Bati Ermenistan Ve Bati Ermenileri Sorunlari Ara\u015ftirmalar Merkezi","og_description":"ABD 2020 Uluslararas\u0131\u00a0Dini\u00a0\u00d6zg\u00fcrl\u00fckler Raporu&#8217;nu a\u00e7\u0131klayan D\u0131\u015fi\u015fleri Bakan\u0131 Antony Blinken, d\u00fcnyan\u0131n farkl\u0131 b\u00f6lgelerinde \u0130slam, H\u0131ristiyanl\u0131k ve Yahudilik d\u00fc\u015fmanl\u0131\u011f\u0131n\u0131n artt\u0131\u011f\u0131n\u0131 s\u00f6yledi. Raporda ayr\u0131ca, T\u00fcrkiye&#8217;nin &#8216;az\u0131nl\u0131k okullar\u0131na gerekli deste\u011fi vermedi\u011fi&#8217; iddia edildi. ABD D\u0131\u015fi\u015fleri Bakan\u0131 Blinken, ABD 2020 Uluslararas\u0131\u00a0Dini\u00a0\u00d6zg\u00fcrl\u00fckler Raporu&#8217;nun, ilgili komisyon taraf\u0131ndan, her y\u0131l d\u00fcnyadaki\u00a0dini\u00a0\u00f6zg\u00fcrl\u00fcklere ili\u015fkin geli\u015fmeler yak\u0131ndan takip edilerek haz\u0131rland\u0131\u011f\u0131n\u0131 belirtti. D\u00fcnyan\u0131n farkl\u0131 b\u00f6lgelerinde M\u00fcsl\u00fcmanlar\u0131, H\u0131ristiyanlar\u0131 [&hellip;]","og_url":"https:\/\/akunq.net\/tr\/?p=62883","og_site_name":"Bati Ermenistan Ve Bati Ermenileri Sorunlari Ara\u015ftirmalar Merkezi","article_published_time":"2021-05-14T06:46:17+00:00","og_image":[{"width":750,"height":506,"url":"https:\/\/akunq.net\/tr\/wp-content\/uploads\/sites\/6\/2021\/05\/\u0531\u0544\u0546.jpg","type":"image\/jpeg"}],"author":"admin","twitter_card":"summary_large_image","twitter_misc":{"Written by":"admin","Est. reading time":"3 minutes"},"schema":{"@context":"https:\/\/schema.org","@graph":[{"@type":"Article","@id":"https:\/\/akunq.net\/tr\/?p=62883#article","isPartOf":{"@id":"https:\/\/akunq.net\/tr\/?p=62883"},"author":{"name":"admin","@id":"https:\/\/akunq.net\/tr\/#\/schema\/person\/096f1d38a12cce57fb855b485ed24c9e"},"headline":"ABD\u2019den dini \u00f6zg\u00fcrl\u00fckler raporu: T\u00fcrkiye\u2019ye geni\u015f yer ay\u0131r\u0131ld\u0131","datePublished":"2021-05-14T06:46:17+00:00","mainEntityOfPage":{"@id":"https:\/\/akunq.net\/tr\/?p=62883"},"wordCount":663,"commentCount":0,"image":{"@id":"https:\/\/akunq.net\/tr\/?p=62883#primaryimage"},"thumbnailUrl":"https:\/\/akunq.net\/tr\/wp-content\/uploads\/sites\/6\/2021\/05\/\u0531\u0544\u0546.jpg","articleSection":["Haberler","T\u00fcrkiye\u2019de Az\u0131nl\u0131klar"],"inLanguage":"en-US","potentialAction":[{"@type":"CommentAction","name":"Comment","target":["https:\/\/akunq.net\/tr\/?p=62883#respond"]}]},{"@type":"WebPage","@id":"https:\/\/akunq.net\/tr\/?p=62883","url":"https:\/\/akunq.net\/tr\/?p=62883","name":"ABD\u2019den dini \u00f6zg\u00fcrl\u00fckler raporu: T\u00fcrkiye\u2019ye geni\u015f yer ay\u0131r\u0131ld\u0131 - Bati Ermenistan Ve Bati Ermenileri Sorunlari Ara\u015ftirmalar Merkezi","isPartOf":{"@id":"https:\/\/akunq.net\/tr\/#website"},"primaryImageOfPage":{"@id":"https:\/\/akunq.net\/tr\/?p=62883#primaryimage"},"image":{"@id":"https:\/\/akunq.net\/tr\/?p=62883#primaryimage"},"thumbnailUrl":"https:\/\/akunq.net\/tr\/wp-content\/uploads\/sites\/6\/2021\/05\/\u0531\u0544\u0546.jpg","datePublished":"2021-05-14T06:46:17+00:00","author":{"@id":"https:\/\/akunq.net\/tr\/#\/schema\/person\/096f1d38a12cce57fb855b485ed24c9e"},"breadcrumb":{"@id":"https:\/\/akunq.net\/tr\/?p=62883#breadcrumb"},"inLanguage":"en-US","potentialAction":[{"@type":"ReadAction","target":["https:\/\/akunq.net\/tr\/?p=62883"]}]},{"@type":"ImageObject","inLanguage":"en-US","@id":"https:\/\/akunq.net\/tr\/?p=62883#primaryimage","url":"https:\/\/akunq.net\/tr\/wp-content\/uploads\/sites\/6\/2021\/05\/\u0531\u0544\u0546.jpg","contentUrl":"https:\/\/akunq.net\/tr\/wp-content\/uploads\/sites\/6\/2021\/05\/\u0531\u0544\u0546.jpg","width":750,"height":506},{"@type":"BreadcrumbList","@id":"https:\/\/akunq.net\/tr\/?p=62883#breadcrumb","itemListElement":[{"@type":"ListItem","position":1,"name":"Home","item":"https:\/\/akunq.net\/tr"},{"@type":"ListItem","position":2,"name":"ABD\u2019den dini \u00f6zg\u00fcrl\u00fckler raporu: T\u00fcrkiye\u2019ye geni\u015f yer ay\u0131r\u0131ld\u0131"}]},{"@type":"WebSite","@id":"https:\/\/akunq.net\/tr\/#website","url":"https:\/\/akunq.net\/tr\/","name":"Bati Ermenistan Ve Bati Ermenileri Sorunlari Ara\u015ftirmalar Merkezi","description":"","potentialAction":[{"@type":"SearchAction","target":{"@type":"EntryPoint","urlTemplate":"https:\/\/akunq.net\/tr\/?s={search_term_string}"},"query-input":{"@type":"PropertyValueSpecification","valueRequired":true,"valueName":"search_term_string"}}],"inLanguage":"en-US"},{"@type":"Person","@id":"https:\/\/akunq.net\/tr\/#\/schema\/person\/096f1d38a12cce57fb855b485ed24c9e","name":"admin","url":"https:\/\/akunq.net\/tr\/?author=7"}]}},"_links":{"self":[{"href":"https:\/\/akunq.net\/tr\/index.php?rest_route=\/wp\/v2\/posts\/62883","targetHints":{"allow":["GET"]}}],"collection":[{"href":"https:\/\/akunq.net\/tr\/index.php?rest_route=\/wp\/v2\/posts"}],"about":[{"href":"https:\/\/akunq.net\/tr\/index.php?rest_route=\/wp\/v2\/types\/post"}],"author":[{"embeddable":true,"href":"https:\/\/akunq.net\/tr\/index.php?rest_route=\/wp\/v2\/users\/7"}],"replies":[{"embeddable":true,"href":"https:\/\/akunq.net\/tr\/index.php?rest_route=%2Fwp%2Fv2%2Fcomments&post=62883"}],"version-history":[{"count":1,"href":"https:\/\/akunq.net\/tr\/index.php?rest_route=\/wp\/v2\/posts\/62883\/revisions"}],"predecessor-version":[{"id":62885,"href":"https:\/\/akunq.net\/tr\/index.php?rest_route=\/wp\/v2\/posts\/62883\/revisions\/62885"}],"wp:featuredmedia":[{"embeddable":true,"href":"https:\/\/akunq.net\/tr\/index.php?rest_route=\/wp\/v2\/media\/62884"}],"wp:attachment":[{"href":"https:\/\/akunq.net\/tr\/index.php?rest_route=%2Fwp%2Fv2%2Fmedia&parent=62883"}],"wp:term":[{"taxonomy":"category","embeddable":true,"href":"https:\/\/akunq.net\/tr\/index.php?rest_route=%2Fwp%2Fv2%2Fcategories&post=62883"},{"taxonomy":"post_tag","embeddable":true,"href":"https:\/\/akunq.net\/tr\/index.php?rest_route=%2Fwp%2Fv2%2Ftags&post=62883"}],"curies":[{"name":"wp","href":"https:\/\/api.w.org\/{rel}","templated":true}]}}