{"id":62880,"date":"2021-05-14T01:27:29","date_gmt":"2021-05-14T06:27:29","guid":{"rendered":"https:\/\/akunq.net\/tr\/?p=62880"},"modified":"2021-05-14T01:27:29","modified_gmt":"2021-05-14T06:27:29","slug":"twitter-umit-ozdagin-garo-paylan-hakkindaki-tehdit-paylasimini-sildi","status":"publish","type":"post","link":"https:\/\/akunq.net\/tr\/?p=62880","title":{"rendered":"Twitter, \u00dcmit \u00d6zda\u011f&#8217;\u0131n Garo Paylan hakk\u0131ndaki tehdit payla\u015f\u0131m\u0131n\u0131 sildi"},"content":{"rendered":"<p><img loading=\"lazy\" decoding=\"async\" class=\"aligncenter size-medium wp-image-62881\" src=\"https:\/\/akunq.net\/tr\/wp-content\/uploads\/2021\/05\/\u00dcmit-\u00d6zda\u011f-360x200.jpeg\" alt=\"\" width=\"360\" height=\"200\" srcset=\"https:\/\/akunq.net\/tr\/wp-content\/uploads\/sites\/6\/2021\/05\/\u00dcmit-\u00d6zda\u011f-360x200.jpeg 360w, https:\/\/akunq.net\/tr\/wp-content\/uploads\/sites\/6\/2021\/05\/\u00dcmit-\u00d6zda\u011f-560x311.jpeg 560w, https:\/\/akunq.net\/tr\/wp-content\/uploads\/sites\/6\/2021\/05\/\u00dcmit-\u00d6zda\u011f-260x144.jpeg 260w, https:\/\/akunq.net\/tr\/wp-content\/uploads\/sites\/6\/2021\/05\/\u00dcmit-\u00d6zda\u011f-160x89.jpeg 160w, https:\/\/akunq.net\/tr\/wp-content\/uploads\/sites\/6\/2021\/05\/\u00dcmit-\u00d6zda\u011f.jpeg 720w\" sizes=\"auto, (max-width: 360px) 100vw, 360px\" \/><\/p>\n<p><em><strong>Geli\u015fmeyi hukuk\u00e7u Yaman Akdeniz duyurdu. Akdeniz&#8217;in payla\u015f\u0131m\u0131na g\u00f6re Twitter \u00dcmit \u00d6zda\u011f&#8217;\u0131n Garo Paylan&#8217;a y\u00f6nelik tehdit i\u00e7eren payla\u015f\u0131m\u0131n\u0131 yap\u0131lan \u015fikayetler sonras\u0131 kendi kurallar\u0131na ayk\u0131r\u0131 buldu ve sildi.<\/strong><\/em><\/p>\n<p>Garo Paylan, 24 Nisan&#8217;da Twitter&#8217;da yapt\u0131\u011f\u0131 payla\u015f\u0131mda, &#8220;106 y\u0131l sonra, Soyk\u0131r\u0131m\u0131n mimar\u0131 Talat Pa\u015fa isimli caddelerde y\u00fcr\u00fcyoruz. Talat Pa\u015fa isimli okullarda \u00e7ocuklar\u0131m\u0131z\u0131 okutuyoruz. Almanya&#8217;da bug\u00fcn Hitler isimli caddeler olsayd\u0131, Hitler isimli okullarda \u00e7ocuklar okusayd\u0131 nas\u0131l bir Almanya olacaksa, \u00f6yle bir T\u00fcrkiye&#8217;de ya\u015f\u0131yoruz&#8221; dedi.<\/p>\n<p>Payla\u015f\u0131m\u0131 al\u0131nt\u0131layan \u00dcmit \u00d6zda\u011f &#8220;Terbiyesiz tahrik\u00e7i adam. \u00c7ok memnun de\u011filsen \u00e7ek git cehennemin dibine. Talat Pa\u015fa vatansever Ermenileri de\u011fil senin gibi arkadan vuranlar\u0131 s\u00fcrd\u00fc. Sen de zaman\u0131 gelince bir Talat Pa\u015fa deneyimi ya\u015fayacaks\u0131n ve ya\u015famal\u0131s\u0131n&#8221; ifadelerini kulland\u0131.<\/p>\n<p>Paylan ve \u0130HD, bu tehdit i\u00e7eren payla\u015f\u0131m sonras\u0131 su\u00e7 duyurusunda bulundu bir\u00e7ok kullan\u0131c\u0131 da \u00d6zda\u011f&#8217;\u0131n tehdit i\u00e7eren payla\u015f\u0131m\u0131n\u0131 Twitter&#8217;a \u015fikayet etti.<\/p>\n<p>Bili\u015fim hukuku alan\u0131ndaki\u00a0 \u00e7al\u0131\u015fmalar\u0131yla da tan\u0131nan Prof. Dr. Yaman Akdeniz bug\u00fcnk\u00fc sosyal medya hesab\u0131ndan yapt\u0131\u011f\u0131 a\u00e7\u0131klamada &#8220;Milletvekili \u00dcmit \u00d6zda\u011f&#8217;\u0131n Milletvekili Garo Paylan&#8217;a Talat Pa\u015fa g\u00f6ndermeli yazd\u0131\u011f\u0131 tehdit tweetini, Twitter \u015fikayetler sonras\u0131nda kendi kurallar\u0131na ayk\u0131r\u0131 buldu ve \u00d6zda\u011f&#8217;\u0131n tweetini sildirdi.&#8221; dedi.<\/p>\n<p>Akdeniz ilgili tweetin silindi\u011fi bir g\u00f6rseli de payla\u015ft\u0131.<\/p>\n<div id=\"photoholder1\" class=\"photoholder no-display appear\"><img loading=\"lazy\" decoding=\"async\" class=\"no-display appear\" src=\"http:\/\/admin.agos.com.tr\/Upload\/Agos\/Images\/umit%20ozdag%20silinen%20tweet.jpg\" alt=\"\" width=\"400\" height=\"100\" \/><\/div>\n<div class=\"cf\"><em><strong>http:\/\/www.agos.com.tr\/tr\/yazi\/25673\/twitter-umit-ozdag-in-garo-paylan-hakkindaki-tehdit-paylasimini-sildi\u00a0<\/strong><\/em><\/div>\n","protected":false},"excerpt":{"rendered":"<p>Geli\u015fmeyi hukuk\u00e7u Yaman Akdeniz duyurdu. Akdeniz&#8217;in payla\u015f\u0131m\u0131na g\u00f6re Twitter \u00dcmit \u00d6zda\u011f&#8217;\u0131n Garo Paylan&#8217;a y\u00f6nelik tehdit i\u00e7eren payla\u015f\u0131m\u0131n\u0131 yap\u0131lan \u015fikayetler sonras\u0131 kendi kurallar\u0131na ayk\u0131r\u0131 buldu ve sildi. Garo Paylan, 24 Nisan&#8217;da Twitter&#8217;da yapt\u0131\u011f\u0131 payla\u015f\u0131mda, &#8220;106 y\u0131l sonra, Soyk\u0131r\u0131m\u0131n mimar\u0131 Talat Pa\u015fa isimli caddelerde y\u00fcr\u00fcyoruz. Talat Pa\u015fa isimli okullarda \u00e7ocuklar\u0131m\u0131z\u0131 okutuyoruz. Almanya&#8217;da bug\u00fcn Hitler isimli caddeler olsayd\u0131, [&hellip;]<\/p>\n","protected":false},"author":7,"featured_media":62881,"comment_status":"open","ping_status":"open","sticky":false,"template":"","format":"standard","meta":{"footnotes":""},"categories":[1],"tags":[],"class_list":["post-62880","post","type-post","status-publish","format-standard","has-post-thumbnail","hentry","category-haberler"],"yoast_head":"<!-- This site is optimized with the Yoast SEO plugin v27.4 - https:\/\/yoast.com\/product\/yoast-seo-wordpress\/ -->\n<title>Twitter, \u00dcmit \u00d6zda\u011f&#039;\u0131n Garo Paylan hakk\u0131ndaki tehdit payla\u015f\u0131m\u0131n\u0131 sildi - Bati Ermenistan Ve Bati Ermenileri Sorunlari Ara\u015ftirmalar Merkezi<\/title>\n<meta name=\"robots\" content=\"index, follow, max-snippet:-1, max-image-preview:large, max-video-preview:-1\" \/>\n<link rel=\"canonical\" href=\"https:\/\/akunq.net\/tr\/?p=62880\" \/>\n<meta property=\"og:locale\" content=\"en_US\" \/>\n<meta property=\"og:type\" content=\"article\" \/>\n<meta property=\"og:title\" content=\"Twitter, \u00dcmit \u00d6zda\u011f&#039;\u0131n Garo Paylan hakk\u0131ndaki tehdit payla\u015f\u0131m\u0131n\u0131 sildi - Bati Ermenistan Ve Bati Ermenileri Sorunlari Ara\u015ftirmalar Merkezi\" \/>\n<meta property=\"og:description\" content=\"Geli\u015fmeyi hukuk\u00e7u Yaman Akdeniz duyurdu. Akdeniz&#8217;in payla\u015f\u0131m\u0131na g\u00f6re Twitter \u00dcmit \u00d6zda\u011f&#8217;\u0131n Garo Paylan&#8217;a y\u00f6nelik tehdit i\u00e7eren payla\u015f\u0131m\u0131n\u0131 yap\u0131lan \u015fikayetler sonras\u0131 kendi kurallar\u0131na ayk\u0131r\u0131 buldu ve sildi. Garo Paylan, 24 Nisan&#8217;da Twitter&#8217;da yapt\u0131\u011f\u0131 payla\u015f\u0131mda, &#8220;106 y\u0131l sonra, Soyk\u0131r\u0131m\u0131n mimar\u0131 Talat Pa\u015fa isimli caddelerde y\u00fcr\u00fcyoruz. Talat Pa\u015fa isimli okullarda \u00e7ocuklar\u0131m\u0131z\u0131 okutuyoruz. Almanya&#8217;da bug\u00fcn Hitler isimli caddeler olsayd\u0131, [&hellip;]\" \/>\n<meta property=\"og:url\" content=\"https:\/\/akunq.net\/tr\/?p=62880\" \/>\n<meta property=\"og:site_name\" content=\"Bati Ermenistan Ve Bati Ermenileri Sorunlari Ara\u015ftirmalar Merkezi\" \/>\n<meta property=\"article:published_time\" content=\"2021-05-14T06:27:29+00:00\" \/>\n<meta property=\"og:image\" content=\"https:\/\/akunq.net\/tr\/wp-content\/uploads\/sites\/6\/2021\/05\/\u00dcmit-\u00d6zda\u011f.jpeg\" \/>\n\t<meta property=\"og:image:width\" content=\"720\" \/>\n\t<meta property=\"og:image:height\" content=\"400\" \/>\n\t<meta property=\"og:image:type\" content=\"image\/jpeg\" \/>\n<meta name=\"author\" content=\"admin\" \/>\n<meta name=\"twitter:card\" content=\"summary_large_image\" \/>\n<meta name=\"twitter:label1\" content=\"Written by\" \/>\n\t<meta name=\"twitter:data1\" content=\"admin\" \/>\n\t<meta name=\"twitter:label2\" content=\"Est. reading time\" \/>\n\t<meta name=\"twitter:data2\" content=\"1 minute\" \/>\n<script type=\"application\/ld+json\" class=\"yoast-schema-graph\">{\"@context\":\"https:\\\/\\\/schema.org\",\"@graph\":[{\"@type\":\"Article\",\"@id\":\"https:\\\/\\\/akunq.net\\\/tr\\\/?p=62880#article\",\"isPartOf\":{\"@id\":\"https:\\\/\\\/akunq.net\\\/tr\\\/?p=62880\"},\"author\":{\"name\":\"admin\",\"@id\":\"https:\\\/\\\/akunq.net\\\/tr\\\/#\\\/schema\\\/person\\\/096f1d38a12cce57fb855b485ed24c9e\"},\"headline\":\"Twitter, \u00dcmit \u00d6zda\u011f&#8217;\u0131n Garo Paylan hakk\u0131ndaki tehdit payla\u015f\u0131m\u0131n\u0131 sildi\",\"datePublished\":\"2021-05-14T06:27:29+00:00\",\"mainEntityOfPage\":{\"@id\":\"https:\\\/\\\/akunq.net\\\/tr\\\/?p=62880\"},\"wordCount\":267,\"commentCount\":0,\"image\":{\"@id\":\"https:\\\/\\\/akunq.net\\\/tr\\\/?p=62880#primaryimage\"},\"thumbnailUrl\":\"https:\\\/\\\/akunq.net\\\/tr\\\/wp-content\\\/uploads\\\/sites\\\/6\\\/2021\\\/05\\\/\u00dcmit-\u00d6zda\u011f.jpeg\",\"articleSection\":[\"Haberler\"],\"inLanguage\":\"en-US\",\"potentialAction\":[{\"@type\":\"CommentAction\",\"name\":\"Comment\",\"target\":[\"https:\\\/\\\/akunq.net\\\/tr\\\/?p=62880#respond\"]}]},{\"@type\":\"WebPage\",\"@id\":\"https:\\\/\\\/akunq.net\\\/tr\\\/?p=62880\",\"url\":\"https:\\\/\\\/akunq.net\\\/tr\\\/?p=62880\",\"name\":\"Twitter, \u00dcmit \u00d6zda\u011f'\u0131n Garo Paylan hakk\u0131ndaki tehdit payla\u015f\u0131m\u0131n\u0131 sildi - Bati Ermenistan Ve Bati Ermenileri Sorunlari Ara\u015ftirmalar Merkezi\",\"isPartOf\":{\"@id\":\"https:\\\/\\\/akunq.net\\\/tr\\\/#website\"},\"primaryImageOfPage\":{\"@id\":\"https:\\\/\\\/akunq.net\\\/tr\\\/?p=62880#primaryimage\"},\"image\":{\"@id\":\"https:\\\/\\\/akunq.net\\\/tr\\\/?p=62880#primaryimage\"},\"thumbnailUrl\":\"https:\\\/\\\/akunq.net\\\/tr\\\/wp-content\\\/uploads\\\/sites\\\/6\\\/2021\\\/05\\\/\u00dcmit-\u00d6zda\u011f.jpeg\",\"datePublished\":\"2021-05-14T06:27:29+00:00\",\"author\":{\"@id\":\"https:\\\/\\\/akunq.net\\\/tr\\\/#\\\/schema\\\/person\\\/096f1d38a12cce57fb855b485ed24c9e\"},\"breadcrumb\":{\"@id\":\"https:\\\/\\\/akunq.net\\\/tr\\\/?p=62880#breadcrumb\"},\"inLanguage\":\"en-US\",\"potentialAction\":[{\"@type\":\"ReadAction\",\"target\":[\"https:\\\/\\\/akunq.net\\\/tr\\\/?p=62880\"]}]},{\"@type\":\"ImageObject\",\"inLanguage\":\"en-US\",\"@id\":\"https:\\\/\\\/akunq.net\\\/tr\\\/?p=62880#primaryimage\",\"url\":\"https:\\\/\\\/akunq.net\\\/tr\\\/wp-content\\\/uploads\\\/sites\\\/6\\\/2021\\\/05\\\/\u00dcmit-\u00d6zda\u011f.jpeg\",\"contentUrl\":\"https:\\\/\\\/akunq.net\\\/tr\\\/wp-content\\\/uploads\\\/sites\\\/6\\\/2021\\\/05\\\/\u00dcmit-\u00d6zda\u011f.jpeg\",\"width\":720,\"height\":400},{\"@type\":\"BreadcrumbList\",\"@id\":\"https:\\\/\\\/akunq.net\\\/tr\\\/?p=62880#breadcrumb\",\"itemListElement\":[{\"@type\":\"ListItem\",\"position\":1,\"name\":\"Home\",\"item\":\"https:\\\/\\\/akunq.net\\\/tr\"},{\"@type\":\"ListItem\",\"position\":2,\"name\":\"Twitter, \u00dcmit \u00d6zda\u011f&#8217;\u0131n Garo Paylan hakk\u0131ndaki tehdit payla\u015f\u0131m\u0131n\u0131 sildi\"}]},{\"@type\":\"WebSite\",\"@id\":\"https:\\\/\\\/akunq.net\\\/tr\\\/#website\",\"url\":\"https:\\\/\\\/akunq.net\\\/tr\\\/\",\"name\":\"Bati Ermenistan Ve Bati Ermenileri Sorunlari Ara\u015ftirmalar Merkezi\",\"description\":\"\",\"potentialAction\":[{\"@type\":\"SearchAction\",\"target\":{\"@type\":\"EntryPoint\",\"urlTemplate\":\"https:\\\/\\\/akunq.net\\\/tr\\\/?s={search_term_string}\"},\"query-input\":{\"@type\":\"PropertyValueSpecification\",\"valueRequired\":true,\"valueName\":\"search_term_string\"}}],\"inLanguage\":\"en-US\"},{\"@type\":\"Person\",\"@id\":\"https:\\\/\\\/akunq.net\\\/tr\\\/#\\\/schema\\\/person\\\/096f1d38a12cce57fb855b485ed24c9e\",\"name\":\"admin\",\"url\":\"https:\\\/\\\/akunq.net\\\/tr\\\/?author=7\"}]}<\/script>\n<!-- \/ Yoast SEO plugin. -->","yoast_head_json":{"title":"Twitter, \u00dcmit \u00d6zda\u011f'\u0131n Garo Paylan hakk\u0131ndaki tehdit payla\u015f\u0131m\u0131n\u0131 sildi - Bati Ermenistan Ve Bati Ermenileri Sorunlari Ara\u015ftirmalar Merkezi","robots":{"index":"index","follow":"follow","max-snippet":"max-snippet:-1","max-image-preview":"max-image-preview:large","max-video-preview":"max-video-preview:-1"},"canonical":"https:\/\/akunq.net\/tr\/?p=62880","og_locale":"en_US","og_type":"article","og_title":"Twitter, \u00dcmit \u00d6zda\u011f'\u0131n Garo Paylan hakk\u0131ndaki tehdit payla\u015f\u0131m\u0131n\u0131 sildi - Bati Ermenistan Ve Bati Ermenileri Sorunlari Ara\u015ftirmalar Merkezi","og_description":"Geli\u015fmeyi hukuk\u00e7u Yaman Akdeniz duyurdu. Akdeniz&#8217;in payla\u015f\u0131m\u0131na g\u00f6re Twitter \u00dcmit \u00d6zda\u011f&#8217;\u0131n Garo Paylan&#8217;a y\u00f6nelik tehdit i\u00e7eren payla\u015f\u0131m\u0131n\u0131 yap\u0131lan \u015fikayetler sonras\u0131 kendi kurallar\u0131na ayk\u0131r\u0131 buldu ve sildi. Garo Paylan, 24 Nisan&#8217;da Twitter&#8217;da yapt\u0131\u011f\u0131 payla\u015f\u0131mda, &#8220;106 y\u0131l sonra, Soyk\u0131r\u0131m\u0131n mimar\u0131 Talat Pa\u015fa isimli caddelerde y\u00fcr\u00fcyoruz. Talat Pa\u015fa isimli okullarda \u00e7ocuklar\u0131m\u0131z\u0131 okutuyoruz. Almanya&#8217;da bug\u00fcn Hitler isimli caddeler olsayd\u0131, [&hellip;]","og_url":"https:\/\/akunq.net\/tr\/?p=62880","og_site_name":"Bati Ermenistan Ve Bati Ermenileri Sorunlari Ara\u015ftirmalar Merkezi","article_published_time":"2021-05-14T06:27:29+00:00","og_image":[{"width":720,"height":400,"url":"https:\/\/akunq.net\/tr\/wp-content\/uploads\/sites\/6\/2021\/05\/\u00dcmit-\u00d6zda\u011f.jpeg","type":"image\/jpeg"}],"author":"admin","twitter_card":"summary_large_image","twitter_misc":{"Written by":"admin","Est. reading time":"1 minute"},"schema":{"@context":"https:\/\/schema.org","@graph":[{"@type":"Article","@id":"https:\/\/akunq.net\/tr\/?p=62880#article","isPartOf":{"@id":"https:\/\/akunq.net\/tr\/?p=62880"},"author":{"name":"admin","@id":"https:\/\/akunq.net\/tr\/#\/schema\/person\/096f1d38a12cce57fb855b485ed24c9e"},"headline":"Twitter, \u00dcmit \u00d6zda\u011f&#8217;\u0131n Garo Paylan hakk\u0131ndaki tehdit payla\u015f\u0131m\u0131n\u0131 sildi","datePublished":"2021-05-14T06:27:29+00:00","mainEntityOfPage":{"@id":"https:\/\/akunq.net\/tr\/?p=62880"},"wordCount":267,"commentCount":0,"image":{"@id":"https:\/\/akunq.net\/tr\/?p=62880#primaryimage"},"thumbnailUrl":"https:\/\/akunq.net\/tr\/wp-content\/uploads\/sites\/6\/2021\/05\/\u00dcmit-\u00d6zda\u011f.jpeg","articleSection":["Haberler"],"inLanguage":"en-US","potentialAction":[{"@type":"CommentAction","name":"Comment","target":["https:\/\/akunq.net\/tr\/?p=62880#respond"]}]},{"@type":"WebPage","@id":"https:\/\/akunq.net\/tr\/?p=62880","url":"https:\/\/akunq.net\/tr\/?p=62880","name":"Twitter, \u00dcmit \u00d6zda\u011f'\u0131n Garo Paylan hakk\u0131ndaki tehdit payla\u015f\u0131m\u0131n\u0131 sildi - Bati Ermenistan Ve Bati Ermenileri Sorunlari Ara\u015ftirmalar Merkezi","isPartOf":{"@id":"https:\/\/akunq.net\/tr\/#website"},"primaryImageOfPage":{"@id":"https:\/\/akunq.net\/tr\/?p=62880#primaryimage"},"image":{"@id":"https:\/\/akunq.net\/tr\/?p=62880#primaryimage"},"thumbnailUrl":"https:\/\/akunq.net\/tr\/wp-content\/uploads\/sites\/6\/2021\/05\/\u00dcmit-\u00d6zda\u011f.jpeg","datePublished":"2021-05-14T06:27:29+00:00","author":{"@id":"https:\/\/akunq.net\/tr\/#\/schema\/person\/096f1d38a12cce57fb855b485ed24c9e"},"breadcrumb":{"@id":"https:\/\/akunq.net\/tr\/?p=62880#breadcrumb"},"inLanguage":"en-US","potentialAction":[{"@type":"ReadAction","target":["https:\/\/akunq.net\/tr\/?p=62880"]}]},{"@type":"ImageObject","inLanguage":"en-US","@id":"https:\/\/akunq.net\/tr\/?p=62880#primaryimage","url":"https:\/\/akunq.net\/tr\/wp-content\/uploads\/sites\/6\/2021\/05\/\u00dcmit-\u00d6zda\u011f.jpeg","contentUrl":"https:\/\/akunq.net\/tr\/wp-content\/uploads\/sites\/6\/2021\/05\/\u00dcmit-\u00d6zda\u011f.jpeg","width":720,"height":400},{"@type":"BreadcrumbList","@id":"https:\/\/akunq.net\/tr\/?p=62880#breadcrumb","itemListElement":[{"@type":"ListItem","position":1,"name":"Home","item":"https:\/\/akunq.net\/tr"},{"@type":"ListItem","position":2,"name":"Twitter, \u00dcmit \u00d6zda\u011f&#8217;\u0131n Garo Paylan hakk\u0131ndaki tehdit payla\u015f\u0131m\u0131n\u0131 sildi"}]},{"@type":"WebSite","@id":"https:\/\/akunq.net\/tr\/#website","url":"https:\/\/akunq.net\/tr\/","name":"Bati Ermenistan Ve Bati Ermenileri Sorunlari Ara\u015ftirmalar Merkezi","description":"","potentialAction":[{"@type":"SearchAction","target":{"@type":"EntryPoint","urlTemplate":"https:\/\/akunq.net\/tr\/?s={search_term_string}"},"query-input":{"@type":"PropertyValueSpecification","valueRequired":true,"valueName":"search_term_string"}}],"inLanguage":"en-US"},{"@type":"Person","@id":"https:\/\/akunq.net\/tr\/#\/schema\/person\/096f1d38a12cce57fb855b485ed24c9e","name":"admin","url":"https:\/\/akunq.net\/tr\/?author=7"}]}},"_links":{"self":[{"href":"https:\/\/akunq.net\/tr\/index.php?rest_route=\/wp\/v2\/posts\/62880","targetHints":{"allow":["GET"]}}],"collection":[{"href":"https:\/\/akunq.net\/tr\/index.php?rest_route=\/wp\/v2\/posts"}],"about":[{"href":"https:\/\/akunq.net\/tr\/index.php?rest_route=\/wp\/v2\/types\/post"}],"author":[{"embeddable":true,"href":"https:\/\/akunq.net\/tr\/index.php?rest_route=\/wp\/v2\/users\/7"}],"replies":[{"embeddable":true,"href":"https:\/\/akunq.net\/tr\/index.php?rest_route=%2Fwp%2Fv2%2Fcomments&post=62880"}],"version-history":[{"count":1,"href":"https:\/\/akunq.net\/tr\/index.php?rest_route=\/wp\/v2\/posts\/62880\/revisions"}],"predecessor-version":[{"id":62882,"href":"https:\/\/akunq.net\/tr\/index.php?rest_route=\/wp\/v2\/posts\/62880\/revisions\/62882"}],"wp:featuredmedia":[{"embeddable":true,"href":"https:\/\/akunq.net\/tr\/index.php?rest_route=\/wp\/v2\/media\/62881"}],"wp:attachment":[{"href":"https:\/\/akunq.net\/tr\/index.php?rest_route=%2Fwp%2Fv2%2Fmedia&parent=62880"}],"wp:term":[{"taxonomy":"category","embeddable":true,"href":"https:\/\/akunq.net\/tr\/index.php?rest_route=%2Fwp%2Fv2%2Fcategories&post=62880"},{"taxonomy":"post_tag","embeddable":true,"href":"https:\/\/akunq.net\/tr\/index.php?rest_route=%2Fwp%2Fv2%2Ftags&post=62880"}],"curies":[{"name":"wp","href":"https:\/\/api.w.org\/{rel}","templated":true}]}}