{"id":62877,"date":"2021-05-14T01:20:06","date_gmt":"2021-05-14T06:20:06","guid":{"rendered":"https:\/\/akunq.net\/tr\/?p=62877"},"modified":"2021-05-14T01:20:06","modified_gmt":"2021-05-14T06:20:06","slug":"deniz-yucele-ermeni-soykirimi-yazisi-icin-2-yila-kadar-hapis-istemi","status":"publish","type":"post","link":"https:\/\/akunq.net\/tr\/?p=62877","title":{"rendered":"Deniz Y\u00fccel\u2019e Ermeni Soyk\u0131r\u0131m\u0131 yaz\u0131s\u0131 i\u00e7in 2 y\u0131la kadar hapis istemi"},"content":{"rendered":"<p><img loading=\"lazy\" decoding=\"async\" class=\"aligncenter size-medium wp-image-62878\" src=\"https:\/\/akunq.net\/tr\/wp-content\/uploads\/2021\/05\/Deniz-Y\u00fccel-360x190.jpg\" alt=\"\" width=\"360\" height=\"190\" srcset=\"https:\/\/akunq.net\/tr\/wp-content\/uploads\/sites\/6\/2021\/05\/Deniz-Y\u00fccel-360x190.jpg 360w, https:\/\/akunq.net\/tr\/wp-content\/uploads\/sites\/6\/2021\/05\/Deniz-Y\u00fccel-768x405.jpg 768w, https:\/\/akunq.net\/tr\/wp-content\/uploads\/sites\/6\/2021\/05\/Deniz-Y\u00fccel-560x295.jpg 560w, https:\/\/akunq.net\/tr\/wp-content\/uploads\/sites\/6\/2021\/05\/Deniz-Y\u00fccel-260x137.jpg 260w, https:\/\/akunq.net\/tr\/wp-content\/uploads\/sites\/6\/2021\/05\/Deniz-Y\u00fccel-160x84.jpg 160w, https:\/\/akunq.net\/tr\/wp-content\/uploads\/sites\/6\/2021\/05\/Deniz-Y\u00fccel.jpg 780w\" sizes=\"auto, (max-width: 360px) 100vw, 360px\" \/><\/p>\n<p><em><strong>Almanya\u2019da ya\u015fayan, Die Welt gazetesinin T\u00fcrkiye temsilcisi Deniz Y\u00fccel hakk\u0131nda 2 y\u0131la kadar hapis istemiyle dava a\u00e7\u0131ld\u0131.<\/strong><\/em><\/p>\n<p>\u0130stanbul Cumhuriyet Ba\u015fsavc\u0131l\u0131\u011f\u0131 haz\u0131rlad\u0131\u011f\u0131 iddianamede, \u0130stanbul 32. A\u011f\u0131r Ceza Mahkemesi\u2019nin \u015f\u00fcpheli Y\u00fccel hakk\u0131nda, 2016\u2019da Ermeni Soyk\u0131r\u0131m\u0131 ve K\u00fcrt sorunu ile ilgili yaz\u0131lar\u0131 nedeniyle su\u00e7 duyurusunda bulundu\u011fu belirtildi.<\/p>\n<p>\u0130ddianamede, \u201cT\u00fcrk milletini, T\u00fcrkiye Cumhuriyeti Devletini alenen a\u015fa\u011f\u0131lama\u201d su\u00e7undan kovu\u015fturma yap\u0131lmas\u0131 i\u00e7in Adalet Bakanl\u0131\u011f\u0131\u2019ndan soru\u015fturma izni istendi\u011fi de belirtildi.<\/p>\n<p>Bakanl\u0131\u011f\u0131n izin vermesi \u00fczerine Y\u00fccel hakk\u0131nda, \u201cT\u00fcrk milletini, T\u00fcrkiye Cumhuriyeti Devleti\u2019ni alenen a\u015fa\u011f\u0131lama\u201d su\u00e7undan 6 aydan 2 y\u0131la kadar hapis istemiyle dava a\u00e7\u0131ld\u0131.<\/p>\n<p><em><strong>https:\/\/www.ermenihaber.am\/tr\/news\/2021\/05\/13\/Deniz-Y%C3%BCcelErmeni-Soyk%C4%B1r%C4%B1m%C4%B1-yaz%C4%B1s%C4%B1-i%C3%A7in-2-y%C4%B1l-hapis-istemi\/207900\u00a0<\/strong><\/em><\/p>\n","protected":false},"excerpt":{"rendered":"<p>Almanya\u2019da ya\u015fayan, Die Welt gazetesinin T\u00fcrkiye temsilcisi Deniz Y\u00fccel hakk\u0131nda 2 y\u0131la kadar hapis istemiyle dava a\u00e7\u0131ld\u0131. \u0130stanbul Cumhuriyet Ba\u015fsavc\u0131l\u0131\u011f\u0131 haz\u0131rlad\u0131\u011f\u0131 iddianamede, \u0130stanbul 32. A\u011f\u0131r Ceza Mahkemesi\u2019nin \u015f\u00fcpheli Y\u00fccel hakk\u0131nda, 2016\u2019da Ermeni Soyk\u0131r\u0131m\u0131 ve K\u00fcrt sorunu ile ilgili yaz\u0131lar\u0131 nedeniyle su\u00e7 duyurusunda bulundu\u011fu belirtildi. \u0130ddianamede, \u201cT\u00fcrk milletini, T\u00fcrkiye Cumhuriyeti Devletini alenen a\u015fa\u011f\u0131lama\u201d su\u00e7undan kovu\u015fturma yap\u0131lmas\u0131 [&hellip;]<\/p>\n","protected":false},"author":7,"featured_media":62878,"comment_status":"open","ping_status":"open","sticky":false,"template":"","format":"standard","meta":{"footnotes":""},"categories":[44,1],"tags":[],"class_list":["post-62877","post","type-post","status-publish","format-standard","has-post-thumbnail","hentry","category-ermeni-soykirimi","category-haberler"],"yoast_head":"<!-- This site is optimized with the Yoast SEO plugin v27.4 - https:\/\/yoast.com\/product\/yoast-seo-wordpress\/ -->\n<title>Deniz Y\u00fccel\u2019e Ermeni Soyk\u0131r\u0131m\u0131 yaz\u0131s\u0131 i\u00e7in 2 y\u0131la kadar hapis istemi - Bati Ermenistan Ve Bati Ermenileri Sorunlari Ara\u015ftirmalar Merkezi<\/title>\n<meta name=\"robots\" content=\"index, follow, max-snippet:-1, max-image-preview:large, max-video-preview:-1\" \/>\n<link rel=\"canonical\" href=\"https:\/\/akunq.net\/tr\/?p=62877\" \/>\n<meta property=\"og:locale\" content=\"en_US\" \/>\n<meta property=\"og:type\" content=\"article\" \/>\n<meta property=\"og:title\" content=\"Deniz Y\u00fccel\u2019e Ermeni Soyk\u0131r\u0131m\u0131 yaz\u0131s\u0131 i\u00e7in 2 y\u0131la kadar hapis istemi - Bati Ermenistan Ve Bati Ermenileri Sorunlari Ara\u015ftirmalar Merkezi\" \/>\n<meta property=\"og:description\" content=\"Almanya\u2019da ya\u015fayan, Die Welt gazetesinin T\u00fcrkiye temsilcisi Deniz Y\u00fccel hakk\u0131nda 2 y\u0131la kadar hapis istemiyle dava a\u00e7\u0131ld\u0131. \u0130stanbul Cumhuriyet Ba\u015fsavc\u0131l\u0131\u011f\u0131 haz\u0131rlad\u0131\u011f\u0131 iddianamede, \u0130stanbul 32. A\u011f\u0131r Ceza Mahkemesi\u2019nin \u015f\u00fcpheli Y\u00fccel hakk\u0131nda, 2016\u2019da Ermeni Soyk\u0131r\u0131m\u0131 ve K\u00fcrt sorunu ile ilgili yaz\u0131lar\u0131 nedeniyle su\u00e7 duyurusunda bulundu\u011fu belirtildi. \u0130ddianamede, \u201cT\u00fcrk milletini, T\u00fcrkiye Cumhuriyeti Devletini alenen a\u015fa\u011f\u0131lama\u201d su\u00e7undan kovu\u015fturma yap\u0131lmas\u0131 [&hellip;]\" \/>\n<meta property=\"og:url\" content=\"https:\/\/akunq.net\/tr\/?p=62877\" \/>\n<meta property=\"og:site_name\" content=\"Bati Ermenistan Ve Bati Ermenileri Sorunlari Ara\u015ftirmalar Merkezi\" \/>\n<meta property=\"article:published_time\" content=\"2021-05-14T06:20:06+00:00\" \/>\n<meta property=\"og:image\" content=\"https:\/\/akunq.net\/tr\/wp-content\/uploads\/sites\/6\/2021\/05\/Deniz-Y\u00fccel.jpg\" \/>\n\t<meta property=\"og:image:width\" content=\"780\" \/>\n\t<meta property=\"og:image:height\" content=\"411\" \/>\n\t<meta property=\"og:image:type\" content=\"image\/jpeg\" \/>\n<meta name=\"author\" content=\"admin\" \/>\n<meta name=\"twitter:card\" content=\"summary_large_image\" \/>\n<meta name=\"twitter:label1\" content=\"Written by\" \/>\n\t<meta name=\"twitter:data1\" content=\"admin\" \/>\n\t<meta name=\"twitter:label2\" content=\"Est. reading time\" \/>\n\t<meta name=\"twitter:data2\" content=\"1 minute\" \/>\n<script type=\"application\/ld+json\" class=\"yoast-schema-graph\">{\"@context\":\"https:\\\/\\\/schema.org\",\"@graph\":[{\"@type\":\"Article\",\"@id\":\"https:\\\/\\\/akunq.net\\\/tr\\\/?p=62877#article\",\"isPartOf\":{\"@id\":\"https:\\\/\\\/akunq.net\\\/tr\\\/?p=62877\"},\"author\":{\"name\":\"admin\",\"@id\":\"https:\\\/\\\/akunq.net\\\/tr\\\/#\\\/schema\\\/person\\\/096f1d38a12cce57fb855b485ed24c9e\"},\"headline\":\"Deniz Y\u00fccel\u2019e Ermeni Soyk\u0131r\u0131m\u0131 yaz\u0131s\u0131 i\u00e7in 2 y\u0131la kadar hapis istemi\",\"datePublished\":\"2021-05-14T06:20:06+00:00\",\"mainEntityOfPage\":{\"@id\":\"https:\\\/\\\/akunq.net\\\/tr\\\/?p=62877\"},\"wordCount\":171,\"commentCount\":0,\"image\":{\"@id\":\"https:\\\/\\\/akunq.net\\\/tr\\\/?p=62877#primaryimage\"},\"thumbnailUrl\":\"https:\\\/\\\/akunq.net\\\/tr\\\/wp-content\\\/uploads\\\/sites\\\/6\\\/2021\\\/05\\\/Deniz-Y\u00fccel.jpg\",\"articleSection\":[\"Ermeni Soyk\u0131r\u0131m\u0131\",\"Haberler\"],\"inLanguage\":\"en-US\",\"potentialAction\":[{\"@type\":\"CommentAction\",\"name\":\"Comment\",\"target\":[\"https:\\\/\\\/akunq.net\\\/tr\\\/?p=62877#respond\"]}]},{\"@type\":\"WebPage\",\"@id\":\"https:\\\/\\\/akunq.net\\\/tr\\\/?p=62877\",\"url\":\"https:\\\/\\\/akunq.net\\\/tr\\\/?p=62877\",\"name\":\"Deniz Y\u00fccel\u2019e Ermeni Soyk\u0131r\u0131m\u0131 yaz\u0131s\u0131 i\u00e7in 2 y\u0131la kadar hapis istemi - Bati Ermenistan Ve Bati Ermenileri Sorunlari Ara\u015ftirmalar Merkezi\",\"isPartOf\":{\"@id\":\"https:\\\/\\\/akunq.net\\\/tr\\\/#website\"},\"primaryImageOfPage\":{\"@id\":\"https:\\\/\\\/akunq.net\\\/tr\\\/?p=62877#primaryimage\"},\"image\":{\"@id\":\"https:\\\/\\\/akunq.net\\\/tr\\\/?p=62877#primaryimage\"},\"thumbnailUrl\":\"https:\\\/\\\/akunq.net\\\/tr\\\/wp-content\\\/uploads\\\/sites\\\/6\\\/2021\\\/05\\\/Deniz-Y\u00fccel.jpg\",\"datePublished\":\"2021-05-14T06:20:06+00:00\",\"author\":{\"@id\":\"https:\\\/\\\/akunq.net\\\/tr\\\/#\\\/schema\\\/person\\\/096f1d38a12cce57fb855b485ed24c9e\"},\"breadcrumb\":{\"@id\":\"https:\\\/\\\/akunq.net\\\/tr\\\/?p=62877#breadcrumb\"},\"inLanguage\":\"en-US\",\"potentialAction\":[{\"@type\":\"ReadAction\",\"target\":[\"https:\\\/\\\/akunq.net\\\/tr\\\/?p=62877\"]}]},{\"@type\":\"ImageObject\",\"inLanguage\":\"en-US\",\"@id\":\"https:\\\/\\\/akunq.net\\\/tr\\\/?p=62877#primaryimage\",\"url\":\"https:\\\/\\\/akunq.net\\\/tr\\\/wp-content\\\/uploads\\\/sites\\\/6\\\/2021\\\/05\\\/Deniz-Y\u00fccel.jpg\",\"contentUrl\":\"https:\\\/\\\/akunq.net\\\/tr\\\/wp-content\\\/uploads\\\/sites\\\/6\\\/2021\\\/05\\\/Deniz-Y\u00fccel.jpg\",\"width\":780,\"height\":411},{\"@type\":\"BreadcrumbList\",\"@id\":\"https:\\\/\\\/akunq.net\\\/tr\\\/?p=62877#breadcrumb\",\"itemListElement\":[{\"@type\":\"ListItem\",\"position\":1,\"name\":\"Home\",\"item\":\"https:\\\/\\\/akunq.net\\\/tr\"},{\"@type\":\"ListItem\",\"position\":2,\"name\":\"Deniz Y\u00fccel\u2019e Ermeni Soyk\u0131r\u0131m\u0131 yaz\u0131s\u0131 i\u00e7in 2 y\u0131la kadar hapis istemi\"}]},{\"@type\":\"WebSite\",\"@id\":\"https:\\\/\\\/akunq.net\\\/tr\\\/#website\",\"url\":\"https:\\\/\\\/akunq.net\\\/tr\\\/\",\"name\":\"Bati Ermenistan Ve Bati Ermenileri Sorunlari Ara\u015ftirmalar Merkezi\",\"description\":\"\",\"potentialAction\":[{\"@type\":\"SearchAction\",\"target\":{\"@type\":\"EntryPoint\",\"urlTemplate\":\"https:\\\/\\\/akunq.net\\\/tr\\\/?s={search_term_string}\"},\"query-input\":{\"@type\":\"PropertyValueSpecification\",\"valueRequired\":true,\"valueName\":\"search_term_string\"}}],\"inLanguage\":\"en-US\"},{\"@type\":\"Person\",\"@id\":\"https:\\\/\\\/akunq.net\\\/tr\\\/#\\\/schema\\\/person\\\/096f1d38a12cce57fb855b485ed24c9e\",\"name\":\"admin\",\"url\":\"https:\\\/\\\/akunq.net\\\/tr\\\/?author=7\"}]}<\/script>\n<!-- \/ Yoast SEO plugin. -->","yoast_head_json":{"title":"Deniz Y\u00fccel\u2019e Ermeni Soyk\u0131r\u0131m\u0131 yaz\u0131s\u0131 i\u00e7in 2 y\u0131la kadar hapis istemi - Bati Ermenistan Ve Bati Ermenileri Sorunlari Ara\u015ftirmalar Merkezi","robots":{"index":"index","follow":"follow","max-snippet":"max-snippet:-1","max-image-preview":"max-image-preview:large","max-video-preview":"max-video-preview:-1"},"canonical":"https:\/\/akunq.net\/tr\/?p=62877","og_locale":"en_US","og_type":"article","og_title":"Deniz Y\u00fccel\u2019e Ermeni Soyk\u0131r\u0131m\u0131 yaz\u0131s\u0131 i\u00e7in 2 y\u0131la kadar hapis istemi - Bati Ermenistan Ve Bati Ermenileri Sorunlari Ara\u015ftirmalar Merkezi","og_description":"Almanya\u2019da ya\u015fayan, Die Welt gazetesinin T\u00fcrkiye temsilcisi Deniz Y\u00fccel hakk\u0131nda 2 y\u0131la kadar hapis istemiyle dava a\u00e7\u0131ld\u0131. \u0130stanbul Cumhuriyet Ba\u015fsavc\u0131l\u0131\u011f\u0131 haz\u0131rlad\u0131\u011f\u0131 iddianamede, \u0130stanbul 32. A\u011f\u0131r Ceza Mahkemesi\u2019nin \u015f\u00fcpheli Y\u00fccel hakk\u0131nda, 2016\u2019da Ermeni Soyk\u0131r\u0131m\u0131 ve K\u00fcrt sorunu ile ilgili yaz\u0131lar\u0131 nedeniyle su\u00e7 duyurusunda bulundu\u011fu belirtildi. \u0130ddianamede, \u201cT\u00fcrk milletini, T\u00fcrkiye Cumhuriyeti Devletini alenen a\u015fa\u011f\u0131lama\u201d su\u00e7undan kovu\u015fturma yap\u0131lmas\u0131 [&hellip;]","og_url":"https:\/\/akunq.net\/tr\/?p=62877","og_site_name":"Bati Ermenistan Ve Bati Ermenileri Sorunlari Ara\u015ftirmalar Merkezi","article_published_time":"2021-05-14T06:20:06+00:00","og_image":[{"width":780,"height":411,"url":"https:\/\/akunq.net\/tr\/wp-content\/uploads\/sites\/6\/2021\/05\/Deniz-Y\u00fccel.jpg","type":"image\/jpeg"}],"author":"admin","twitter_card":"summary_large_image","twitter_misc":{"Written by":"admin","Est. reading time":"1 minute"},"schema":{"@context":"https:\/\/schema.org","@graph":[{"@type":"Article","@id":"https:\/\/akunq.net\/tr\/?p=62877#article","isPartOf":{"@id":"https:\/\/akunq.net\/tr\/?p=62877"},"author":{"name":"admin","@id":"https:\/\/akunq.net\/tr\/#\/schema\/person\/096f1d38a12cce57fb855b485ed24c9e"},"headline":"Deniz Y\u00fccel\u2019e Ermeni Soyk\u0131r\u0131m\u0131 yaz\u0131s\u0131 i\u00e7in 2 y\u0131la kadar hapis istemi","datePublished":"2021-05-14T06:20:06+00:00","mainEntityOfPage":{"@id":"https:\/\/akunq.net\/tr\/?p=62877"},"wordCount":171,"commentCount":0,"image":{"@id":"https:\/\/akunq.net\/tr\/?p=62877#primaryimage"},"thumbnailUrl":"https:\/\/akunq.net\/tr\/wp-content\/uploads\/sites\/6\/2021\/05\/Deniz-Y\u00fccel.jpg","articleSection":["Ermeni Soyk\u0131r\u0131m\u0131","Haberler"],"inLanguage":"en-US","potentialAction":[{"@type":"CommentAction","name":"Comment","target":["https:\/\/akunq.net\/tr\/?p=62877#respond"]}]},{"@type":"WebPage","@id":"https:\/\/akunq.net\/tr\/?p=62877","url":"https:\/\/akunq.net\/tr\/?p=62877","name":"Deniz Y\u00fccel\u2019e Ermeni Soyk\u0131r\u0131m\u0131 yaz\u0131s\u0131 i\u00e7in 2 y\u0131la kadar hapis istemi - Bati Ermenistan Ve Bati Ermenileri Sorunlari Ara\u015ftirmalar Merkezi","isPartOf":{"@id":"https:\/\/akunq.net\/tr\/#website"},"primaryImageOfPage":{"@id":"https:\/\/akunq.net\/tr\/?p=62877#primaryimage"},"image":{"@id":"https:\/\/akunq.net\/tr\/?p=62877#primaryimage"},"thumbnailUrl":"https:\/\/akunq.net\/tr\/wp-content\/uploads\/sites\/6\/2021\/05\/Deniz-Y\u00fccel.jpg","datePublished":"2021-05-14T06:20:06+00:00","author":{"@id":"https:\/\/akunq.net\/tr\/#\/schema\/person\/096f1d38a12cce57fb855b485ed24c9e"},"breadcrumb":{"@id":"https:\/\/akunq.net\/tr\/?p=62877#breadcrumb"},"inLanguage":"en-US","potentialAction":[{"@type":"ReadAction","target":["https:\/\/akunq.net\/tr\/?p=62877"]}]},{"@type":"ImageObject","inLanguage":"en-US","@id":"https:\/\/akunq.net\/tr\/?p=62877#primaryimage","url":"https:\/\/akunq.net\/tr\/wp-content\/uploads\/sites\/6\/2021\/05\/Deniz-Y\u00fccel.jpg","contentUrl":"https:\/\/akunq.net\/tr\/wp-content\/uploads\/sites\/6\/2021\/05\/Deniz-Y\u00fccel.jpg","width":780,"height":411},{"@type":"BreadcrumbList","@id":"https:\/\/akunq.net\/tr\/?p=62877#breadcrumb","itemListElement":[{"@type":"ListItem","position":1,"name":"Home","item":"https:\/\/akunq.net\/tr"},{"@type":"ListItem","position":2,"name":"Deniz Y\u00fccel\u2019e Ermeni Soyk\u0131r\u0131m\u0131 yaz\u0131s\u0131 i\u00e7in 2 y\u0131la kadar hapis istemi"}]},{"@type":"WebSite","@id":"https:\/\/akunq.net\/tr\/#website","url":"https:\/\/akunq.net\/tr\/","name":"Bati Ermenistan Ve Bati Ermenileri Sorunlari Ara\u015ftirmalar Merkezi","description":"","potentialAction":[{"@type":"SearchAction","target":{"@type":"EntryPoint","urlTemplate":"https:\/\/akunq.net\/tr\/?s={search_term_string}"},"query-input":{"@type":"PropertyValueSpecification","valueRequired":true,"valueName":"search_term_string"}}],"inLanguage":"en-US"},{"@type":"Person","@id":"https:\/\/akunq.net\/tr\/#\/schema\/person\/096f1d38a12cce57fb855b485ed24c9e","name":"admin","url":"https:\/\/akunq.net\/tr\/?author=7"}]}},"_links":{"self":[{"href":"https:\/\/akunq.net\/tr\/index.php?rest_route=\/wp\/v2\/posts\/62877","targetHints":{"allow":["GET"]}}],"collection":[{"href":"https:\/\/akunq.net\/tr\/index.php?rest_route=\/wp\/v2\/posts"}],"about":[{"href":"https:\/\/akunq.net\/tr\/index.php?rest_route=\/wp\/v2\/types\/post"}],"author":[{"embeddable":true,"href":"https:\/\/akunq.net\/tr\/index.php?rest_route=\/wp\/v2\/users\/7"}],"replies":[{"embeddable":true,"href":"https:\/\/akunq.net\/tr\/index.php?rest_route=%2Fwp%2Fv2%2Fcomments&post=62877"}],"version-history":[{"count":1,"href":"https:\/\/akunq.net\/tr\/index.php?rest_route=\/wp\/v2\/posts\/62877\/revisions"}],"predecessor-version":[{"id":62879,"href":"https:\/\/akunq.net\/tr\/index.php?rest_route=\/wp\/v2\/posts\/62877\/revisions\/62879"}],"wp:featuredmedia":[{"embeddable":true,"href":"https:\/\/akunq.net\/tr\/index.php?rest_route=\/wp\/v2\/media\/62878"}],"wp:attachment":[{"href":"https:\/\/akunq.net\/tr\/index.php?rest_route=%2Fwp%2Fv2%2Fmedia&parent=62877"}],"wp:term":[{"taxonomy":"category","embeddable":true,"href":"https:\/\/akunq.net\/tr\/index.php?rest_route=%2Fwp%2Fv2%2Fcategories&post=62877"},{"taxonomy":"post_tag","embeddable":true,"href":"https:\/\/akunq.net\/tr\/index.php?rest_route=%2Fwp%2Fv2%2Ftags&post=62877"}],"curies":[{"name":"wp","href":"https:\/\/api.w.org\/{rel}","templated":true}]}}