{"id":62869,"date":"2021-05-13T01:10:25","date_gmt":"2021-05-13T06:10:25","guid":{"rendered":"https:\/\/akunq.net\/tr\/?p=62869"},"modified":"2021-05-13T01:10:25","modified_gmt":"2021-05-13T06:10:25","slug":"kartal-kilisesinin-kaybi-vakif-baskani-ohannes-sahakoglu-hayatini-kaybetti","status":"publish","type":"post","link":"https:\/\/akunq.net\/tr\/?p=62869","title":{"rendered":"Kartal Kilisesi&#8217;nin kayb\u0131: Vak\u0131f ba\u015fkan\u0131 Ohannes Sahako\u011flu hayat\u0131n\u0131 kaybetti"},"content":{"rendered":"<p><img loading=\"lazy\" decoding=\"async\" class=\"aligncenter size-medium wp-image-62870\" src=\"https:\/\/akunq.net\/tr\/wp-content\/uploads\/2021\/05\/Ohannes-Sahako\u011flu-360x210.jpg\" alt=\"\" width=\"360\" height=\"210\" srcset=\"https:\/\/akunq.net\/tr\/wp-content\/uploads\/sites\/6\/2021\/05\/Ohannes-Sahako\u011flu-360x210.jpg 360w, https:\/\/akunq.net\/tr\/wp-content\/uploads\/sites\/6\/2021\/05\/Ohannes-Sahako\u011flu-560x327.jpg 560w, https:\/\/akunq.net\/tr\/wp-content\/uploads\/sites\/6\/2021\/05\/Ohannes-Sahako\u011flu-260x152.jpg 260w, https:\/\/akunq.net\/tr\/wp-content\/uploads\/sites\/6\/2021\/05\/Ohannes-Sahako\u011flu-160x93.jpg 160w, https:\/\/akunq.net\/tr\/wp-content\/uploads\/sites\/6\/2021\/05\/Ohannes-Sahako\u011flu.jpg 740w\" sizes=\"auto, (max-width: 360px) 100vw, 360px\" \/><\/p>\n<p><em><strong>Kartal Surp N\u0131\u015fan Kilisesi Vakf\u0131 Ba\u015fkan\u0131 Ohannes Sahako\u011flu ge\u00e7irdi\u011fi rahats\u0131zl\u0131k sonucu hayat\u0131n\u0131 kaybetti.<\/strong><\/em><\/p>\n<p>Kartal Surp N\u0131\u015fan Kilisesi Vakf\u0131 Ba\u015fkan\u0131 Ohannes Sahako\u011flu Covid-19 sebebiyle bir s\u00fcredir tedavi g\u00f6r\u00fcyordu.<\/p>\n<p>Kartal Surp N\u0131\u015fan Kilisesi\u2019nde uzun y\u0131llar y\u00f6neticilik yapan Sahako\u011flu, 2011 y\u0131l\u0131nda Kartal Surp N\u0131\u015fan Kilisesi Vakf\u0131 Ba\u015fkan\u0131 olarak se\u00e7ilmi\u015fti. Kartal Surp N\u0131\u015fan Kilisesi, Sahako\u011flu&#8217;nun vak\u0131f ba\u015fkanl\u0131\u011f\u0131 d\u00f6neminde 2015 y\u0131l\u0131nda yeniden hizmete a\u00e7\u0131lm\u0131\u015ft\u0131.<\/p>\n<p>51 Ya\u015f\u0131nda hayat\u0131n\u0131 kaybeden Sahako\u011flu evli bir \u00e7ocuk babas\u0131yd\u0131.<\/p>\n<p>Sahako\u011flu 14 May\u0131s Cuma g\u00fcn\u00fc saat 12.00&#8217;te \u015ei\u015fli Ermeni Mezarl\u0131\u011f\u0131&#8217;nda ger\u00e7ekle\u015ftirilecek t\u00f6renin ard\u0131ndan topra\u011fa verilecek.<\/p>\n<p><em><strong>http:\/\/www.agos.com.tr\/tr\/yazi\/25671\/kartal-kilisesi-nin-kaybi-vakif-baskani-ohannes-sahakoglu-hayatini-kaybetti\u00a0<\/strong><\/em><\/p>\n","protected":false},"excerpt":{"rendered":"<p>Kartal Surp N\u0131\u015fan Kilisesi Vakf\u0131 Ba\u015fkan\u0131 Ohannes Sahako\u011flu ge\u00e7irdi\u011fi rahats\u0131zl\u0131k sonucu hayat\u0131n\u0131 kaybetti. Kartal Surp N\u0131\u015fan Kilisesi Vakf\u0131 Ba\u015fkan\u0131 Ohannes Sahako\u011flu Covid-19 sebebiyle bir s\u00fcredir tedavi g\u00f6r\u00fcyordu. Kartal Surp N\u0131\u015fan Kilisesi\u2019nde uzun y\u0131llar y\u00f6neticilik yapan Sahako\u011flu, 2011 y\u0131l\u0131nda Kartal Surp N\u0131\u015fan Kilisesi Vakf\u0131 Ba\u015fkan\u0131 olarak se\u00e7ilmi\u015fti. Kartal Surp N\u0131\u015fan Kilisesi, Sahako\u011flu&#8217;nun vak\u0131f ba\u015fkanl\u0131\u011f\u0131 d\u00f6neminde 2015 [&hellip;]<\/p>\n","protected":false},"author":7,"featured_media":62870,"comment_status":"open","ping_status":"open","sticky":false,"template":"","format":"standard","meta":{"footnotes":""},"categories":[1],"tags":[],"class_list":["post-62869","post","type-post","status-publish","format-standard","has-post-thumbnail","hentry","category-haberler"],"yoast_head":"<!-- This site is optimized with the Yoast SEO plugin v27.4 - https:\/\/yoast.com\/product\/yoast-seo-wordpress\/ -->\n<title>Kartal Kilisesi&#039;nin kayb\u0131: Vak\u0131f ba\u015fkan\u0131 Ohannes Sahako\u011flu hayat\u0131n\u0131 kaybetti - Bati Ermenistan Ve Bati Ermenileri Sorunlari Ara\u015ftirmalar Merkezi<\/title>\n<meta name=\"robots\" content=\"index, follow, max-snippet:-1, max-image-preview:large, max-video-preview:-1\" \/>\n<link rel=\"canonical\" href=\"https:\/\/akunq.net\/tr\/?p=62869\" \/>\n<meta property=\"og:locale\" content=\"en_US\" \/>\n<meta property=\"og:type\" content=\"article\" \/>\n<meta property=\"og:title\" content=\"Kartal Kilisesi&#039;nin kayb\u0131: Vak\u0131f ba\u015fkan\u0131 Ohannes Sahako\u011flu hayat\u0131n\u0131 kaybetti - Bati Ermenistan Ve Bati Ermenileri Sorunlari Ara\u015ftirmalar Merkezi\" \/>\n<meta property=\"og:description\" content=\"Kartal Surp N\u0131\u015fan Kilisesi Vakf\u0131 Ba\u015fkan\u0131 Ohannes Sahako\u011flu ge\u00e7irdi\u011fi rahats\u0131zl\u0131k sonucu hayat\u0131n\u0131 kaybetti. Kartal Surp N\u0131\u015fan Kilisesi Vakf\u0131 Ba\u015fkan\u0131 Ohannes Sahako\u011flu Covid-19 sebebiyle bir s\u00fcredir tedavi g\u00f6r\u00fcyordu. Kartal Surp N\u0131\u015fan Kilisesi\u2019nde uzun y\u0131llar y\u00f6neticilik yapan Sahako\u011flu, 2011 y\u0131l\u0131nda Kartal Surp N\u0131\u015fan Kilisesi Vakf\u0131 Ba\u015fkan\u0131 olarak se\u00e7ilmi\u015fti. Kartal Surp N\u0131\u015fan Kilisesi, Sahako\u011flu&#8217;nun vak\u0131f ba\u015fkanl\u0131\u011f\u0131 d\u00f6neminde 2015 [&hellip;]\" \/>\n<meta property=\"og:url\" content=\"https:\/\/akunq.net\/tr\/?p=62869\" \/>\n<meta property=\"og:site_name\" content=\"Bati Ermenistan Ve Bati Ermenileri Sorunlari Ara\u015ftirmalar Merkezi\" \/>\n<meta property=\"article:published_time\" content=\"2021-05-13T06:10:25+00:00\" \/>\n<meta property=\"og:image\" content=\"https:\/\/akunq.net\/tr\/wp-content\/uploads\/sites\/6\/2021\/05\/Ohannes-Sahako\u011flu.jpg\" \/>\n\t<meta property=\"og:image:width\" content=\"740\" \/>\n\t<meta property=\"og:image:height\" content=\"432\" \/>\n\t<meta property=\"og:image:type\" content=\"image\/jpeg\" \/>\n<meta name=\"author\" content=\"admin\" \/>\n<meta name=\"twitter:card\" content=\"summary_large_image\" \/>\n<meta name=\"twitter:label1\" content=\"Written by\" \/>\n\t<meta name=\"twitter:data1\" content=\"admin\" \/>\n\t<meta name=\"twitter:label2\" content=\"Est. reading time\" \/>\n\t<meta name=\"twitter:data2\" content=\"1 minute\" \/>\n<script type=\"application\/ld+json\" class=\"yoast-schema-graph\">{\"@context\":\"https:\\\/\\\/schema.org\",\"@graph\":[{\"@type\":\"Article\",\"@id\":\"https:\\\/\\\/akunq.net\\\/tr\\\/?p=62869#article\",\"isPartOf\":{\"@id\":\"https:\\\/\\\/akunq.net\\\/tr\\\/?p=62869\"},\"author\":{\"name\":\"admin\",\"@id\":\"https:\\\/\\\/akunq.net\\\/tr\\\/#\\\/schema\\\/person\\\/096f1d38a12cce57fb855b485ed24c9e\"},\"headline\":\"Kartal Kilisesi&#8217;nin kayb\u0131: Vak\u0131f ba\u015fkan\u0131 Ohannes Sahako\u011flu hayat\u0131n\u0131 kaybetti\",\"datePublished\":\"2021-05-13T06:10:25+00:00\",\"mainEntityOfPage\":{\"@id\":\"https:\\\/\\\/akunq.net\\\/tr\\\/?p=62869\"},\"wordCount\":148,\"commentCount\":0,\"image\":{\"@id\":\"https:\\\/\\\/akunq.net\\\/tr\\\/?p=62869#primaryimage\"},\"thumbnailUrl\":\"https:\\\/\\\/akunq.net\\\/tr\\\/wp-content\\\/uploads\\\/sites\\\/6\\\/2021\\\/05\\\/Ohannes-Sahako\u011flu.jpg\",\"articleSection\":[\"Haberler\"],\"inLanguage\":\"en-US\",\"potentialAction\":[{\"@type\":\"CommentAction\",\"name\":\"Comment\",\"target\":[\"https:\\\/\\\/akunq.net\\\/tr\\\/?p=62869#respond\"]}]},{\"@type\":\"WebPage\",\"@id\":\"https:\\\/\\\/akunq.net\\\/tr\\\/?p=62869\",\"url\":\"https:\\\/\\\/akunq.net\\\/tr\\\/?p=62869\",\"name\":\"Kartal Kilisesi'nin kayb\u0131: Vak\u0131f ba\u015fkan\u0131 Ohannes Sahako\u011flu hayat\u0131n\u0131 kaybetti - Bati Ermenistan Ve Bati Ermenileri Sorunlari Ara\u015ftirmalar Merkezi\",\"isPartOf\":{\"@id\":\"https:\\\/\\\/akunq.net\\\/tr\\\/#website\"},\"primaryImageOfPage\":{\"@id\":\"https:\\\/\\\/akunq.net\\\/tr\\\/?p=62869#primaryimage\"},\"image\":{\"@id\":\"https:\\\/\\\/akunq.net\\\/tr\\\/?p=62869#primaryimage\"},\"thumbnailUrl\":\"https:\\\/\\\/akunq.net\\\/tr\\\/wp-content\\\/uploads\\\/sites\\\/6\\\/2021\\\/05\\\/Ohannes-Sahako\u011flu.jpg\",\"datePublished\":\"2021-05-13T06:10:25+00:00\",\"author\":{\"@id\":\"https:\\\/\\\/akunq.net\\\/tr\\\/#\\\/schema\\\/person\\\/096f1d38a12cce57fb855b485ed24c9e\"},\"breadcrumb\":{\"@id\":\"https:\\\/\\\/akunq.net\\\/tr\\\/?p=62869#breadcrumb\"},\"inLanguage\":\"en-US\",\"potentialAction\":[{\"@type\":\"ReadAction\",\"target\":[\"https:\\\/\\\/akunq.net\\\/tr\\\/?p=62869\"]}]},{\"@type\":\"ImageObject\",\"inLanguage\":\"en-US\",\"@id\":\"https:\\\/\\\/akunq.net\\\/tr\\\/?p=62869#primaryimage\",\"url\":\"https:\\\/\\\/akunq.net\\\/tr\\\/wp-content\\\/uploads\\\/sites\\\/6\\\/2021\\\/05\\\/Ohannes-Sahako\u011flu.jpg\",\"contentUrl\":\"https:\\\/\\\/akunq.net\\\/tr\\\/wp-content\\\/uploads\\\/sites\\\/6\\\/2021\\\/05\\\/Ohannes-Sahako\u011flu.jpg\",\"width\":740,\"height\":432},{\"@type\":\"BreadcrumbList\",\"@id\":\"https:\\\/\\\/akunq.net\\\/tr\\\/?p=62869#breadcrumb\",\"itemListElement\":[{\"@type\":\"ListItem\",\"position\":1,\"name\":\"Home\",\"item\":\"https:\\\/\\\/akunq.net\\\/tr\"},{\"@type\":\"ListItem\",\"position\":2,\"name\":\"Kartal Kilisesi&#8217;nin kayb\u0131: Vak\u0131f ba\u015fkan\u0131 Ohannes Sahako\u011flu hayat\u0131n\u0131 kaybetti\"}]},{\"@type\":\"WebSite\",\"@id\":\"https:\\\/\\\/akunq.net\\\/tr\\\/#website\",\"url\":\"https:\\\/\\\/akunq.net\\\/tr\\\/\",\"name\":\"Bati Ermenistan Ve Bati Ermenileri Sorunlari Ara\u015ftirmalar Merkezi\",\"description\":\"\",\"potentialAction\":[{\"@type\":\"SearchAction\",\"target\":{\"@type\":\"EntryPoint\",\"urlTemplate\":\"https:\\\/\\\/akunq.net\\\/tr\\\/?s={search_term_string}\"},\"query-input\":{\"@type\":\"PropertyValueSpecification\",\"valueRequired\":true,\"valueName\":\"search_term_string\"}}],\"inLanguage\":\"en-US\"},{\"@type\":\"Person\",\"@id\":\"https:\\\/\\\/akunq.net\\\/tr\\\/#\\\/schema\\\/person\\\/096f1d38a12cce57fb855b485ed24c9e\",\"name\":\"admin\",\"url\":\"https:\\\/\\\/akunq.net\\\/tr\\\/?author=7\"}]}<\/script>\n<!-- \/ Yoast SEO plugin. -->","yoast_head_json":{"title":"Kartal Kilisesi'nin kayb\u0131: Vak\u0131f ba\u015fkan\u0131 Ohannes Sahako\u011flu hayat\u0131n\u0131 kaybetti - Bati Ermenistan Ve Bati Ermenileri Sorunlari Ara\u015ftirmalar Merkezi","robots":{"index":"index","follow":"follow","max-snippet":"max-snippet:-1","max-image-preview":"max-image-preview:large","max-video-preview":"max-video-preview:-1"},"canonical":"https:\/\/akunq.net\/tr\/?p=62869","og_locale":"en_US","og_type":"article","og_title":"Kartal Kilisesi'nin kayb\u0131: Vak\u0131f ba\u015fkan\u0131 Ohannes Sahako\u011flu hayat\u0131n\u0131 kaybetti - Bati Ermenistan Ve Bati Ermenileri Sorunlari Ara\u015ftirmalar Merkezi","og_description":"Kartal Surp N\u0131\u015fan Kilisesi Vakf\u0131 Ba\u015fkan\u0131 Ohannes Sahako\u011flu ge\u00e7irdi\u011fi rahats\u0131zl\u0131k sonucu hayat\u0131n\u0131 kaybetti. Kartal Surp N\u0131\u015fan Kilisesi Vakf\u0131 Ba\u015fkan\u0131 Ohannes Sahako\u011flu Covid-19 sebebiyle bir s\u00fcredir tedavi g\u00f6r\u00fcyordu. Kartal Surp N\u0131\u015fan Kilisesi\u2019nde uzun y\u0131llar y\u00f6neticilik yapan Sahako\u011flu, 2011 y\u0131l\u0131nda Kartal Surp N\u0131\u015fan Kilisesi Vakf\u0131 Ba\u015fkan\u0131 olarak se\u00e7ilmi\u015fti. Kartal Surp N\u0131\u015fan Kilisesi, Sahako\u011flu&#8217;nun vak\u0131f ba\u015fkanl\u0131\u011f\u0131 d\u00f6neminde 2015 [&hellip;]","og_url":"https:\/\/akunq.net\/tr\/?p=62869","og_site_name":"Bati Ermenistan Ve Bati Ermenileri Sorunlari Ara\u015ftirmalar Merkezi","article_published_time":"2021-05-13T06:10:25+00:00","og_image":[{"width":740,"height":432,"url":"https:\/\/akunq.net\/tr\/wp-content\/uploads\/sites\/6\/2021\/05\/Ohannes-Sahako\u011flu.jpg","type":"image\/jpeg"}],"author":"admin","twitter_card":"summary_large_image","twitter_misc":{"Written by":"admin","Est. reading time":"1 minute"},"schema":{"@context":"https:\/\/schema.org","@graph":[{"@type":"Article","@id":"https:\/\/akunq.net\/tr\/?p=62869#article","isPartOf":{"@id":"https:\/\/akunq.net\/tr\/?p=62869"},"author":{"name":"admin","@id":"https:\/\/akunq.net\/tr\/#\/schema\/person\/096f1d38a12cce57fb855b485ed24c9e"},"headline":"Kartal Kilisesi&#8217;nin kayb\u0131: Vak\u0131f ba\u015fkan\u0131 Ohannes Sahako\u011flu hayat\u0131n\u0131 kaybetti","datePublished":"2021-05-13T06:10:25+00:00","mainEntityOfPage":{"@id":"https:\/\/akunq.net\/tr\/?p=62869"},"wordCount":148,"commentCount":0,"image":{"@id":"https:\/\/akunq.net\/tr\/?p=62869#primaryimage"},"thumbnailUrl":"https:\/\/akunq.net\/tr\/wp-content\/uploads\/sites\/6\/2021\/05\/Ohannes-Sahako\u011flu.jpg","articleSection":["Haberler"],"inLanguage":"en-US","potentialAction":[{"@type":"CommentAction","name":"Comment","target":["https:\/\/akunq.net\/tr\/?p=62869#respond"]}]},{"@type":"WebPage","@id":"https:\/\/akunq.net\/tr\/?p=62869","url":"https:\/\/akunq.net\/tr\/?p=62869","name":"Kartal Kilisesi'nin kayb\u0131: Vak\u0131f ba\u015fkan\u0131 Ohannes Sahako\u011flu hayat\u0131n\u0131 kaybetti - Bati Ermenistan Ve Bati Ermenileri Sorunlari Ara\u015ftirmalar Merkezi","isPartOf":{"@id":"https:\/\/akunq.net\/tr\/#website"},"primaryImageOfPage":{"@id":"https:\/\/akunq.net\/tr\/?p=62869#primaryimage"},"image":{"@id":"https:\/\/akunq.net\/tr\/?p=62869#primaryimage"},"thumbnailUrl":"https:\/\/akunq.net\/tr\/wp-content\/uploads\/sites\/6\/2021\/05\/Ohannes-Sahako\u011flu.jpg","datePublished":"2021-05-13T06:10:25+00:00","author":{"@id":"https:\/\/akunq.net\/tr\/#\/schema\/person\/096f1d38a12cce57fb855b485ed24c9e"},"breadcrumb":{"@id":"https:\/\/akunq.net\/tr\/?p=62869#breadcrumb"},"inLanguage":"en-US","potentialAction":[{"@type":"ReadAction","target":["https:\/\/akunq.net\/tr\/?p=62869"]}]},{"@type":"ImageObject","inLanguage":"en-US","@id":"https:\/\/akunq.net\/tr\/?p=62869#primaryimage","url":"https:\/\/akunq.net\/tr\/wp-content\/uploads\/sites\/6\/2021\/05\/Ohannes-Sahako\u011flu.jpg","contentUrl":"https:\/\/akunq.net\/tr\/wp-content\/uploads\/sites\/6\/2021\/05\/Ohannes-Sahako\u011flu.jpg","width":740,"height":432},{"@type":"BreadcrumbList","@id":"https:\/\/akunq.net\/tr\/?p=62869#breadcrumb","itemListElement":[{"@type":"ListItem","position":1,"name":"Home","item":"https:\/\/akunq.net\/tr"},{"@type":"ListItem","position":2,"name":"Kartal Kilisesi&#8217;nin kayb\u0131: Vak\u0131f ba\u015fkan\u0131 Ohannes Sahako\u011flu hayat\u0131n\u0131 kaybetti"}]},{"@type":"WebSite","@id":"https:\/\/akunq.net\/tr\/#website","url":"https:\/\/akunq.net\/tr\/","name":"Bati Ermenistan Ve Bati Ermenileri Sorunlari Ara\u015ftirmalar Merkezi","description":"","potentialAction":[{"@type":"SearchAction","target":{"@type":"EntryPoint","urlTemplate":"https:\/\/akunq.net\/tr\/?s={search_term_string}"},"query-input":{"@type":"PropertyValueSpecification","valueRequired":true,"valueName":"search_term_string"}}],"inLanguage":"en-US"},{"@type":"Person","@id":"https:\/\/akunq.net\/tr\/#\/schema\/person\/096f1d38a12cce57fb855b485ed24c9e","name":"admin","url":"https:\/\/akunq.net\/tr\/?author=7"}]}},"_links":{"self":[{"href":"https:\/\/akunq.net\/tr\/index.php?rest_route=\/wp\/v2\/posts\/62869","targetHints":{"allow":["GET"]}}],"collection":[{"href":"https:\/\/akunq.net\/tr\/index.php?rest_route=\/wp\/v2\/posts"}],"about":[{"href":"https:\/\/akunq.net\/tr\/index.php?rest_route=\/wp\/v2\/types\/post"}],"author":[{"embeddable":true,"href":"https:\/\/akunq.net\/tr\/index.php?rest_route=\/wp\/v2\/users\/7"}],"replies":[{"embeddable":true,"href":"https:\/\/akunq.net\/tr\/index.php?rest_route=%2Fwp%2Fv2%2Fcomments&post=62869"}],"version-history":[{"count":1,"href":"https:\/\/akunq.net\/tr\/index.php?rest_route=\/wp\/v2\/posts\/62869\/revisions"}],"predecessor-version":[{"id":62871,"href":"https:\/\/akunq.net\/tr\/index.php?rest_route=\/wp\/v2\/posts\/62869\/revisions\/62871"}],"wp:featuredmedia":[{"embeddable":true,"href":"https:\/\/akunq.net\/tr\/index.php?rest_route=\/wp\/v2\/media\/62870"}],"wp:attachment":[{"href":"https:\/\/akunq.net\/tr\/index.php?rest_route=%2Fwp%2Fv2%2Fmedia&parent=62869"}],"wp:term":[{"taxonomy":"category","embeddable":true,"href":"https:\/\/akunq.net\/tr\/index.php?rest_route=%2Fwp%2Fv2%2Fcategories&post=62869"},{"taxonomy":"post_tag","embeddable":true,"href":"https:\/\/akunq.net\/tr\/index.php?rest_route=%2Fwp%2Fv2%2Ftags&post=62869"}],"curies":[{"name":"wp","href":"https:\/\/api.w.org\/{rel}","templated":true}]}}