{"id":62850,"date":"2021-05-12T02:18:13","date_gmt":"2021-05-12T07:18:13","guid":{"rendered":"https:\/\/akunq.net\/tr\/?p=62850"},"modified":"2021-05-12T02:18:13","modified_gmt":"2021-05-12T07:18:13","slug":"ferlinghettinin-mirasi-yanki-odalarinin-disindaki-ozgurluk","status":"publish","type":"post","link":"https:\/\/akunq.net\/tr\/?p=62850","title":{"rendered":"Ferlinghetti\u2019nin miras\u0131: Yank\u0131 odalar\u0131n\u0131n d\u0131\u015f\u0131ndaki \u00f6zg\u00fcrl\u00fck"},"content":{"rendered":"<p><img loading=\"lazy\" decoding=\"async\" class=\"aligncenter size-medium wp-image-62851\" src=\"https:\/\/akunq.net\/tr\/wp-content\/uploads\/2021\/05\/Yank\u0131-odalar\u0131-360x203.jpeg\" alt=\"\" width=\"360\" height=\"203\" srcset=\"https:\/\/akunq.net\/tr\/wp-content\/uploads\/sites\/6\/2021\/05\/Yank\u0131-odalar\u0131-360x203.jpeg 360w, https:\/\/akunq.net\/tr\/wp-content\/uploads\/sites\/6\/2021\/05\/Yank\u0131-odalar\u0131-768x432.jpeg 768w, https:\/\/akunq.net\/tr\/wp-content\/uploads\/sites\/6\/2021\/05\/Yank\u0131-odalar\u0131-1536x864.jpeg 1536w, https:\/\/akunq.net\/tr\/wp-content\/uploads\/sites\/6\/2021\/05\/Yank\u0131-odalar\u0131-560x315.jpeg 560w, https:\/\/akunq.net\/tr\/wp-content\/uploads\/sites\/6\/2021\/05\/Yank\u0131-odalar\u0131-260x146.jpeg 260w, https:\/\/akunq.net\/tr\/wp-content\/uploads\/sites\/6\/2021\/05\/Yank\u0131-odalar\u0131-160x90.jpeg 160w, https:\/\/akunq.net\/tr\/wp-content\/uploads\/sites\/6\/2021\/05\/Yank\u0131-odalar\u0131.jpeg 1920w\" sizes=\"auto, (max-width: 360px) 100vw, 360px\" \/><\/p>\n<p><em><strong>Yank\u0131 odalar\u0131 hem demokrasi hem de halk sa\u011fl\u0131\u011f\u0131 i\u00e7in zararl\u0131d\u0131r. Ge\u00e7ti\u011fimiz \u015eubat ay\u0131nda hayata veda eden \u015fair ve sanat\u00e7\u0131 Lawrence Ferlinghetti&#8217;nin miras\u0131, tam da bu noktada T\u00fcrkiye&#8217;ye ve d\u00fcnyaya yank\u0131 odalar\u0131n\u0131 a\u00e7mak ve ger\u00e7ek demokrasiler in\u015fa etmek i\u00e7in umut veriyor.<\/strong><\/em><\/p>\n<p><strong>VURAL \u00d6ZDEM\u0130R * \/ Toronto<\/strong><\/p>\n<p>T\u00fcrkiye&#8217;de insanlar bo\u011fucu, devasa bir yank\u0131 odas\u0131na do\u011fuyor. Bu yank\u0131 odas\u0131 i\u00e7inde \u00e7ocuklara ve yeti\u015fkinlere &#8216;ger\u00e7ekler&#8217; ad\u0131 alt\u0131nda dayat\u0131lan say\u0131s\u0131z yalan var. Herkes olmasa da pek \u00e7ok ki\u015fi, milliyet\u00e7ilik ve \u015fovenizmin &#8216;hayali cemaatleri&#8217; (1) veya ataerkillik ve homofobi gibi birka\u00e7 yanl\u0131\u015ftan en az birine inanarak b\u00fcy\u00fcyor, ya\u015f\u0131yor ve \u00f6l\u00fcyor.\u00a0 Anlat\u0131lmayan ve kasten gizlenmi\u015f \u015fiddet dolu ge\u00e7mi\u015flerden bihaber kal\u0131yorlar.<\/p>\n<p>Bu yaz\u0131 yank\u0131 odalar\u0131 hakk\u0131ndad\u0131r. Yank\u0131 odas\u0131, &#8220;ilgili di\u011fer seslerin aktif \u015fekilde d\u0131\u015fland\u0131\u011f\u0131 ve itibars\u0131zla\u015ft\u0131r\u0131ld\u0131\u011f\u0131&#8221; sosyal bir in\u015fad\u0131r. (2)<\/p>\n<p>Yank\u0131 odalar\u0131 ve baz\u0131 ulus devletler, tarikat \u00fcyeli\u011fi gibidir. Bir kere \u00fcye olarak &#8220;dahil&#8221; oldu\u011funuzda, ayr\u0131lmas\u0131 \u00e7ok zordur. Otokrasilerde, yank\u0131 odas\u0131nda dola\u015f\u0131mda olan hikayelerde bir yanl\u0131\u015fl\u0131k oldu\u011funu fark eden insanlar d\u0131\u015flanmakta ve bedensel b\u00fct\u00fcnl\u00fckleri ile ak\u0131l sa\u011fl\u0131klar\u0131 tehlikeye girmektedir. Yank\u0131 odalar\u0131n\u0131n i\u00e7inde &#8220;delirmek&#8221; neredeyse s\u0131radan bir durumdur.<\/p>\n<p>T\u00fcrkiye&#8217;de hem ger\u00e7ek bir demokrasi in\u015fa etmek i\u00e7in hem de halk sa\u011fl\u0131\u011f\u0131 ad\u0131na, yank\u0131 odalar\u0131n\u0131 daha geni\u015f ger\u00e7ek(ler)e, g\u00f6rme ve varolu\u015f bi\u00e7imlerine a\u00e7mak gerekiyor.<\/p>\n<p>Yank\u0131 odas\u0131 nas\u0131l a\u00e7\u0131l\u0131r?<\/p>\n<p>Yazarlarla okurlar\u0131n bulu\u015fabilece\u011fi ve iklim krizi, ge\u00e7 kapitalizmin tehlikeleri, ataerki ve homofobi gibi, 21. y\u00fczy\u0131l toplumlar\u0131n\u0131 yak\u0131ndan ilgilendiren her konuda, tabular veya kovu\u015fturma korkusu olmadan demokratik tart\u0131\u015fmalar\u0131n ger\u00e7ekle\u015ftirilebilece\u011fi g\u00fcvenli alanlara ihtiyac\u0131m\u0131z var.<\/p>\n<p>Yak\u0131n zamanda kaybetti\u011fimiz Beat ku\u015fa\u011f\u0131 \u015fairi ve sanat\u00e7\u0131 Lawrence Ferlinghetti&#8217;nin miras\u0131, tam da bu noktada T\u00fcrkiye&#8217;ye ve d\u00fcnyaya yank\u0131 odalar\u0131n\u0131 a\u00e7mak ve ger\u00e7ek demokrasiler in\u015fa etmek i\u00e7in umut veriyor.<\/p>\n<p><strong>Ferlinghetti: \u00d6zg\u00fcrl\u00fck alanlar\u0131 kurucusu<\/strong><\/p>\n<p>Baz\u0131 insanlar \u00f6zg\u00fcrl\u00fck\u00e7\u00fc politikalar\u0131 geli\u015ftirmek ve demokrasiyi g\u00fc\u00e7lendirmek i\u00e7in \u00fcniversite veya d\u00fc\u015f\u00fcnce kurulu\u015flar\u0131 (think-tank) kurar. 22 \u015eubat 2021&#8217;de San Francisco&#8217;da 101 ya\u015f\u0131nda hayata veda eden Lawrence Ferlinghetti, ba\u011f\u0131ms\u0131z bir kitabevi ve yay\u0131nevi kurarak \u015fiiri akademik fildi\u015fi kulenin d\u0131\u015f\u0131na ta\u015f\u0131d\u0131, b\u00f6ylece Amerikan edebiyat\u0131n\u0131n demokratikle\u015fmesine katk\u0131da bulundu. \u0130fade \u00f6zg\u00fcrl\u00fc\u011f\u00fc hakk\u0131n\u0131 savunarak \u015fiiri bir \u201cba\u015fkald\u0131r\u0131 sanat\u0131\u201d olarak tan\u0131mlad\u0131; \u015fiir ya\u015fanmas\u0131 gereken bir \u015feydi!<\/p>\n<p>Ferlinghetti, Amerika&#8217;n\u0131n \u015fiirsel vicdan\u0131 kabul edildi ve bir varolu\u015f bi\u00e7imi olarak yazmaya, yay\u0131nlamaya ve \u00fcretmeye devam etti. 100. do\u011fum g\u00fcn\u00fcne sadece birka\u00e7 g\u00fcn kala, 2019&#8217;da \u201cK\u00fc\u00e7\u00fck \u00c7ocuk\u201d adl\u0131 roman\u0131n\u0131 yay\u0131mlad\u0131. (3) 24 Mart 1919&#8217;da do\u011fmu\u015ftu.<br \/>\nFerlinghetti, y\u00fcz y\u0131l\u0131 a\u015fan hayat\u0131na pek \u00e7ok kimlik s\u0131\u011fd\u0131rd\u0131 &#8211; \u015fair, ressam, yay\u0131nc\u0131, aktivist, seyyah, pek \u00e7ok kimsenin dostu ve her t\u00fcrden m\u00fctehakkimin d\u00fc\u015fman\u0131\u2026 Kurumsal akademiden ve geleneksel sosyal uzla\u015f\u0131mlardan d\u0131\u015flanan yazarlar\u0131n eserlerine destek verdi.<\/p>\n<div id=\"photoholder1\" class=\"photoholder no-display appear\"><img loading=\"lazy\" decoding=\"async\" class=\"no-display appear\" src=\"http:\/\/admin.agos.com.tr\/Upload\/Agos\/Images\/lawrance.jpeg\" alt=\"Lawrance Ferlinghetti\" width=\"300\" height=\"220\" \/><\/div>\n<div class=\"photoholder no-display appear\"><em><span class=\"title\">Lawrance Ferlinghetti<\/span><\/em><\/div>\n<p><strong>1968&#8217;in \u00f6nc\u00fcs\u00fc olarak 1953\u00a0<\/strong><\/p>\n<p>1953&#8217;te Ferlinghetti ve Peter D. Martin, San Francisco&#8217;nun North Beach mahallesinde City Lights [\u015eehir I\u015f\u0131klar\u0131] kitabevini kurdular. Bu yeni kitabevi, demokratik bir \u2018format yenili\u011fi\u2019 yaratacak kadar \u00f6ng\u00f6r\u00fcl\u00fcyd\u00fc. Uygun fiyatl\u0131, karton kapakl\u0131 formatta \u015fiir ve edebiyat yay\u0131nlamaya ba\u015flad\u0131lar, b\u00f6ylece kaliteli kitaplar\u0131 ve demokrasi yanl\u0131s\u0131 fikirleri \u00e7o\u011funluk i\u00e7in eri\u015filebilir k\u0131ld\u0131lar.<\/p>\n<p>Ferlinghetti, insanlar\u0131n gerici de\u011fi\u015fimin \u00f6zneleri olmaktan \u00e7\u0131k\u0131p, ilerici de\u011fi\u015fimin faillerine d\u00f6n\u00fc\u015febilmeleri i\u00e7in g\u00fcvenli yerler ve alanlar yaratt\u0131. 1950&#8217;ler, bug\u00fcne benzer \u015fekilde, insan haklar\u0131 ve demokrasinin ciddi \u015fekilde tehlikede oldu\u011fu ve havada fa\u015fizm kokusunun duyuldu\u011fu zamanlard\u0131.<\/p>\n<p>1956&#8217;da, b\u00fcy\u00fck bir cesaretle yay\u0131nlad\u0131\u011f\u0131, Allen Ginsberg&#8217;in \u201cUluma ve \u00d6teki \u015eiirler\u201dine at\u0131fla, \u201cd\u00fcnya bu \u015fiiri, bu k\u0131yamet mesaj\u0131n\u0131n dile getirilmesini bekliyordu. Zaten havadayd\u0131, dile getirilmek \u00fczere yakalanmay\u0131 bekliyordu. 1950&#8217;lerin bask\u0131c\u0131, konformist, \u0131rk\u00e7\u0131, homofobik d\u00fcnyas\u0131 bunun i\u00e7in hayk\u0131rd\u0131.&#8221; demi\u015fti. (4)<\/p>\n<p>1968&#8217;den on be\u015f y\u0131l \u00f6nce Ferlinghetti, 1950\u2019lerin Amerika&#8217;s\u0131n\u0131n bo\u011fucu yank\u0131 odalar\u0131n\u0131 a\u00e7maya ba\u015flad\u0131. Ferlinghetti\u2019nin \u00e7al\u0131\u015fmalar\u0131, demokrasi yanl\u0131s\u0131 insanlar\u0131n geli\u015febilmesi i\u00e7in gerekli k\u00fclt\u00fcrel ve maddi altyap\u0131lar\u0131 \u00f6nden haz\u0131rlayarak, 1960&#8217;lar\u0131n sonunda d\u00fcnya siyasetinde esecek de\u011fi\u015fim r\u00fczgarlar\u0131n\u0131n habercisi oldu.<\/p>\n<p>Ferlinghetti\u2019nin, ifade \u00f6zg\u00fcrl\u00fc\u011f\u00fc hakk\u0131n\u0131n ve radikal \u00f6zg\u00fcrl\u00fck\u00e7\u00fc fikirlerin serbest\u00e7e geli\u015febilece\u011fi demokratik altyap\u0131lar\u0131, yerleri ve alanlar\u0131 in\u015fa etme konusundaki takdire \u015fayan \u00e7abalar\u0131 olmasayd\u0131, Ginsberg ve Beat ku\u015fa\u011f\u0131n\u0131n di\u011fer \u00f6nemli\u00a0 isimleri, ku\u015fkusuz, daha b\u00fcy\u00fck engellerle kar\u015f\u0131la\u015facakt\u0131. Bazen ba\u011f\u0131ms\u0131z, \u00f6zg\u00fcrl\u00fck\u00e7\u00fc bir kitap\u00e7\u0131n\u0131n g\u00f6r\u00fcn\u00fcrde k\u00fc\u00e7\u00fck bir \u00e7abas\u0131, yeni demokrasilerin tohumlar\u0131n\u0131 atabilir.<\/p>\n<p><strong>Zaman\u0131m\u0131z kalmad\u0131\u00a0<\/strong><\/p>\n<p>Gerek k\u00fcresel ba\u011flamda gerekse T\u00fcrkiye&#8217;de, insan topluluklar\u0131 olarak fazla zaman\u0131m\u0131z kalmad\u0131. (5,6) \u0130klim ara\u015ft\u0131rmac\u0131lar\u0131, 2021-2030 aras\u0131ndaki on y\u0131ll\u0131k zaman diliminin, gezegen ekosistemlerinde telafisi m\u00fcmk\u00fcn olmayan tahribat\u0131 \u00f6nlemek i\u00e7in kritik \u00f6nemde oldu\u011funu s\u00f6yl\u00fcyorlar. Bunun ayn\u0131 zamanda fa\u015fizmin i\u011fren\u00e7 kokusuyla dolu yank\u0131 odalar\u0131n\u0131 a\u00e7man\u0131n, k\u00fcresel demokrasiyi g\u00fc\u00e7lendirmenin, T\u00fcrkiye&#8217;de ve d\u00fcnyada \u0131rk\u00e7\u0131l\u0131\u011f\u0131, ataerkiyi ve homofobiyi nihai \u015fekilde durdurman\u0131n on y\u0131l\u0131 oldu\u011funu d\u00fc\u015f\u00fcn\u00fcyorum.<\/p>\n<p>Demokrasinin \u00f6zg\u00fcrl\u00fck i\u00e7in yeni alanlara ve yerlere, \u00e7arp\u0131t\u0131lmam\u0131\u015f bir tarih ve haf\u0131za i\u00e7in tetikte olmaya, iktidara do\u011fruyu s\u00f6ylemeye ve tarihte notlar d\u00fc\u015fmeye ihtiyac\u0131 vard\u0131r. Ferlinghetti\u2019nin miras\u0131, ba\u011f\u0131ms\u0131z kitap\u00e7\u0131lar ve yay\u0131nc\u0131lar gibi kurumsal ve mekansal altyap\u0131lar\u0131n, demokrasi yanl\u0131lar\u0131n\u0131n eyleme ge\u00e7irilebilir fikirler geli\u015ftirmeleri ve k\u00fcresel pop\u00fclizm ile otokrasilere direnmeleri i\u00e7in bulu\u015fma yerleri olarak \u00f6nemini bir kez daha vurguluyor.<\/p>\n<p><strong>Umut, bir bak\u0131ma gelece\u011fi \u00f6zlemektir\u00a0<\/strong><\/p>\n<p>Demokrasi ve insan haklar\u0131, Ferlinghetti&#8217;nin ve \u00f6zg\u00fcrl\u00fck ile demokrasi i\u00e7in alanlar yaratan di\u011fer bir\u00e7oklar\u0131n\u0131n da eserlerinde ifade etti\u011fi gibi, her zamankinden daha \u00f6nemli. Bu ba\u011flamda \u00f6zledi\u011fim bir T\u00fcrkiye var. Ama bu ne eski T\u00fcrkiye, ne de \u015fimdiki T\u00fcrkiye. Yani bir t\u00fcr gelecek nostaljisi. Gelece\u011fi \u00f6zleyemez miyiz?<\/p>\n<p>\u0130ster ba\u011f\u0131ms\u0131z kitabevleri veya yay\u0131nc\u0131lar olsun, isterse ba\u015fka platformlar, insanlar\u0131n bir araya gelerek T\u00fcrkiye\u2019de ger\u00e7ek bir demokrasi in\u015fa etmek i\u00e7in d\u00f6n\u00fc\u015ft\u00fcr\u00fcc\u00fc fikirleri tart\u0131\u015fabilecekleri yepyeni yerler ve alanlar olu\u015fturmak, bug\u00fcn her zamankinden daha \u00f6nemli.<\/p>\n<p>T\u00fcrkiye&#8217;de, Hrant Dink\u2019in \u00f6nc\u00fc \u00e7al\u0131\u015fmalar\u0131 ve ilk say\u0131s\u0131n\u0131n yay\u0131nland\u0131\u011f\u0131 5 Nisan 1996 tarihinden bu yana\u00a0 26. y\u0131l\u0131na giren Agos gazetesi, demokrasiyi geli\u015ftirmeye ve yank\u0131 odalar\u0131n\u0131 a\u00e7maya devam ediyor. Osman Kavala, ba\u011f\u0131ms\u0131z gazeteciler, yay\u0131nc\u0131lar ve yazarlar da yank\u0131 odalar\u0131n\u0131n kap\u0131lar\u0131n\u0131 cesurca a\u00e7\u0131yor ve T\u00fcrkiye&#8217;de sivil toplum, insan haklar\u0131 ve \u00f6zg\u00fcrl\u00fcklere hizmet eden, ilerici k\u00fclt\u00fcrel alanlara kal\u0131c\u0131 katk\u0131larda bulunuyorlar.<\/p>\n<p>\u00d6zg\u00fcrl\u00fck\u00e7\u00fc sosyal de\u011fi\u015fim tarihte daha \u00f6nce ba\u015far\u0131lm\u0131\u015f bir \u015feydir ve ayn\u0131 \u015fekilde \u015fimdi de m\u00fcmk\u00fcnd\u00fcr. (7) Bunu ger\u00e7ekle\u015ftirebilmek i\u00e7in, T\u00fcrkiye i\u00e7inde ve d\u0131\u015f\u0131nda demokrasi yanl\u0131s\u0131 unsurlar\u0131n birlikte \u00e7al\u0131\u015fmas\u0131 ve otokrasilerin, h\u0131zla artan e\u015fitsizliklerin ve dizginlerinden bo\u015fanm\u0131\u015f kapitalizmin son bulmas\u0131n\u0131n m\u00fcmk\u00fcn oldu\u011funu birlikte hayal etmesi gerekiyor.<\/p>\n<p><strong>Ve bir film \u00f6nerisi<\/strong><\/p>\n<p>Ferlinghetti\u2019nin 1950&#8217;lerdeki \u00e7al\u0131\u015fmalar\u0131n\u0131n ruhu, Andrew Rogers&#8217;\u0131n Ferlinghetti&#8217;yi, James Franco&#8217;nun da Ginsberg\u2019\u00fc canland\u0131rd\u0131\u011f\u0131 \u201cHowl\u201d (2010, https:\/\/mubi.com\/films\/howl) adl\u0131 filmde yakalanm\u0131\u015ft\u0131r. Film, vizyona girdi\u011fi s\u0131rada ortalama ele\u015ftiriler almas\u0131na ra\u011fmen, k\u00fcresel pop\u00fclizm ve demokrasi m\u00fccadelesi \u00e7a\u011f\u0131m\u0131zda, belgesel, kurmaca ve animasyonun k\u0131\u015fk\u0131rt\u0131c\u0131 bir kar\u0131\u015f\u0131m\u0131 olarak izlenmeye ve dikkate de\u011fer.<\/p>\n<p><em>* Sistem bilimci hekim; teknoloji ve inovasyonda demokratikle\u015fme alan\u0131nda ara\u015ft\u0131rmac\u0131 yazar. @criticalpolicy1<\/em><br \/>\n<em>\u00c7eviri: G\u00fcr\u00e7im Y\u0131lmaz<\/em><\/p>\n<p><strong>Kaynak\u00e7a<\/strong><br \/>\n<em>1.Benedict Anderson, Hayali Cemaatler &#8211; Milliyet\u00e7ili\u011fin K\u00f6kenleri ve Yay\u0131lmas\u0131. \u00e7ev. \u0130skender Sava\u015f\u0131r. \u0130stanbul: Metis Yay\u0131nlar\u0131, 2020.<\/em><br \/>\n<em>2. C. Thi Nguyen, Echo Chambers and Epistemic Bubbles. Episteme, 2020, 17(2), 141-161.<\/em><br \/>\n<em>3. Lawrence Ferlinghetti, K\u00fc\u00e7\u00fck \u00c7ocuk. \u00e7ev.: Merve Yal\u00e7\u0131n, \u0130stanbul: Everest Yay\u0131nlar\u0131, 2020.<\/em><br \/>\n<em>4. Lawrence Ferlinghetti, Howl on Trial: The Battle for Free Expression, 2006.<\/em><br \/>\n<em>5. Ben Ehrenreich, We\u2019re Hurtling Toward Global Suicide. Why we must do everything differently to ensure the planet\u2019s survival. The New Republic, March 18, 2021.<\/em><br \/>\n<em>6. Taner Ak\u00e7am, 2023 Bir ba\u015fka cumhuriyet i\u00e7in. Gazete Duvar, 2 \u015eubat, 2021.<\/em><br \/>\n<em>7. T\u00fcrkiye&#8217;de Tu\u011frul Ery\u0131lmaz olmak (<a href=\"https:\/\/www.youtube.com\/watch?v=X2T3Ebh-I6Y\">1.B\u00f6l\u00fcm<\/a>). Yeniden TV. 26 Mart, 2021. Haz\u0131rlayanlar: Ay\u015feg\u00fcl Do\u011fan, Y\u0131ld\u0131r\u0131m T\u00fcrker and Hale \u015eerif<\/em><\/p>\n<p><em><strong>http:\/\/www.agos.com.tr\/tr\/yazi\/25655\/ferlinghettinin-mirasi-yanki-odalarinin-disindaki-ozgurluk\u00a0<\/strong><\/em><\/p>\n","protected":false},"excerpt":{"rendered":"<p>Yank\u0131 odalar\u0131 hem demokrasi hem de halk sa\u011fl\u0131\u011f\u0131 i\u00e7in zararl\u0131d\u0131r. Ge\u00e7ti\u011fimiz \u015eubat ay\u0131nda hayata veda eden \u015fair ve sanat\u00e7\u0131 Lawrence Ferlinghetti&#8217;nin miras\u0131, tam da bu noktada T\u00fcrkiye&#8217;ye ve d\u00fcnyaya yank\u0131 odalar\u0131n\u0131 a\u00e7mak ve ger\u00e7ek demokrasiler in\u015fa etmek i\u00e7in umut veriyor. VURAL \u00d6ZDEM\u0130R * \/ Toronto T\u00fcrkiye&#8217;de insanlar bo\u011fucu, devasa bir yank\u0131 odas\u0131na do\u011fuyor. Bu yank\u0131 [&hellip;]<\/p>\n","protected":false},"author":7,"featured_media":62851,"comment_status":"open","ping_status":"open","sticky":false,"template":"","format":"standard","meta":{"footnotes":""},"categories":[1,70],"tags":[],"class_list":["post-62850","post","type-post","status-publish","format-standard","has-post-thumbnail","hentry","category-haberler","category-makaleler"],"yoast_head":"<!-- This site is optimized with the Yoast SEO plugin v27.4 - https:\/\/yoast.com\/product\/yoast-seo-wordpress\/ -->\n<title>Ferlinghetti\u2019nin miras\u0131: Yank\u0131 odalar\u0131n\u0131n d\u0131\u015f\u0131ndaki \u00f6zg\u00fcrl\u00fck - Bati Ermenistan Ve Bati Ermenileri Sorunlari Ara\u015ftirmalar Merkezi<\/title>\n<meta name=\"robots\" content=\"index, follow, max-snippet:-1, max-image-preview:large, max-video-preview:-1\" \/>\n<link rel=\"canonical\" href=\"https:\/\/akunq.net\/tr\/?p=62850\" \/>\n<meta property=\"og:locale\" content=\"en_US\" \/>\n<meta property=\"og:type\" content=\"article\" \/>\n<meta property=\"og:title\" content=\"Ferlinghetti\u2019nin miras\u0131: Yank\u0131 odalar\u0131n\u0131n d\u0131\u015f\u0131ndaki \u00f6zg\u00fcrl\u00fck - Bati Ermenistan Ve Bati Ermenileri Sorunlari Ara\u015ftirmalar Merkezi\" \/>\n<meta property=\"og:description\" content=\"Yank\u0131 odalar\u0131 hem demokrasi hem de halk sa\u011fl\u0131\u011f\u0131 i\u00e7in zararl\u0131d\u0131r. Ge\u00e7ti\u011fimiz \u015eubat ay\u0131nda hayata veda eden \u015fair ve sanat\u00e7\u0131 Lawrence Ferlinghetti&#8217;nin miras\u0131, tam da bu noktada T\u00fcrkiye&#8217;ye ve d\u00fcnyaya yank\u0131 odalar\u0131n\u0131 a\u00e7mak ve ger\u00e7ek demokrasiler in\u015fa etmek i\u00e7in umut veriyor. VURAL \u00d6ZDEM\u0130R * \/ Toronto T\u00fcrkiye&#8217;de insanlar bo\u011fucu, devasa bir yank\u0131 odas\u0131na do\u011fuyor. Bu yank\u0131 [&hellip;]\" \/>\n<meta property=\"og:url\" content=\"https:\/\/akunq.net\/tr\/?p=62850\" \/>\n<meta property=\"og:site_name\" content=\"Bati Ermenistan Ve Bati Ermenileri Sorunlari Ara\u015ftirmalar Merkezi\" \/>\n<meta property=\"article:published_time\" content=\"2021-05-12T07:18:13+00:00\" \/>\n<meta property=\"og:image\" content=\"https:\/\/akunq.net\/tr\/wp-content\/uploads\/sites\/6\/2021\/05\/Yank\u0131-odalar\u0131.jpeg\" \/>\n\t<meta property=\"og:image:width\" content=\"1920\" \/>\n\t<meta property=\"og:image:height\" content=\"1080\" \/>\n\t<meta property=\"og:image:type\" content=\"image\/jpeg\" \/>\n<meta name=\"author\" content=\"admin\" \/>\n<meta name=\"twitter:card\" content=\"summary_large_image\" \/>\n<meta name=\"twitter:label1\" content=\"Written by\" \/>\n\t<meta name=\"twitter:data1\" content=\"admin\" \/>\n\t<meta name=\"twitter:label2\" content=\"Est. reading time\" \/>\n\t<meta name=\"twitter:data2\" content=\"8 minutes\" \/>\n<script type=\"application\/ld+json\" class=\"yoast-schema-graph\">{\"@context\":\"https:\\\/\\\/schema.org\",\"@graph\":[{\"@type\":\"Article\",\"@id\":\"https:\\\/\\\/akunq.net\\\/tr\\\/?p=62850#article\",\"isPartOf\":{\"@id\":\"https:\\\/\\\/akunq.net\\\/tr\\\/?p=62850\"},\"author\":{\"name\":\"admin\",\"@id\":\"https:\\\/\\\/akunq.net\\\/tr\\\/#\\\/schema\\\/person\\\/096f1d38a12cce57fb855b485ed24c9e\"},\"headline\":\"Ferlinghetti\u2019nin miras\u0131: Yank\u0131 odalar\u0131n\u0131n d\u0131\u015f\u0131ndaki \u00f6zg\u00fcrl\u00fck\",\"datePublished\":\"2021-05-12T07:18:13+00:00\",\"mainEntityOfPage\":{\"@id\":\"https:\\\/\\\/akunq.net\\\/tr\\\/?p=62850\"},\"wordCount\":1535,\"commentCount\":0,\"image\":{\"@id\":\"https:\\\/\\\/akunq.net\\\/tr\\\/?p=62850#primaryimage\"},\"thumbnailUrl\":\"https:\\\/\\\/akunq.net\\\/tr\\\/wp-content\\\/uploads\\\/sites\\\/6\\\/2021\\\/05\\\/Yank\u0131-odalar\u0131.jpeg\",\"articleSection\":[\"Haberler\",\"Makaleler\"],\"inLanguage\":\"en-US\",\"potentialAction\":[{\"@type\":\"CommentAction\",\"name\":\"Comment\",\"target\":[\"https:\\\/\\\/akunq.net\\\/tr\\\/?p=62850#respond\"]}]},{\"@type\":\"WebPage\",\"@id\":\"https:\\\/\\\/akunq.net\\\/tr\\\/?p=62850\",\"url\":\"https:\\\/\\\/akunq.net\\\/tr\\\/?p=62850\",\"name\":\"Ferlinghetti\u2019nin miras\u0131: Yank\u0131 odalar\u0131n\u0131n d\u0131\u015f\u0131ndaki \u00f6zg\u00fcrl\u00fck - Bati Ermenistan Ve Bati Ermenileri Sorunlari Ara\u015ftirmalar Merkezi\",\"isPartOf\":{\"@id\":\"https:\\\/\\\/akunq.net\\\/tr\\\/#website\"},\"primaryImageOfPage\":{\"@id\":\"https:\\\/\\\/akunq.net\\\/tr\\\/?p=62850#primaryimage\"},\"image\":{\"@id\":\"https:\\\/\\\/akunq.net\\\/tr\\\/?p=62850#primaryimage\"},\"thumbnailUrl\":\"https:\\\/\\\/akunq.net\\\/tr\\\/wp-content\\\/uploads\\\/sites\\\/6\\\/2021\\\/05\\\/Yank\u0131-odalar\u0131.jpeg\",\"datePublished\":\"2021-05-12T07:18:13+00:00\",\"author\":{\"@id\":\"https:\\\/\\\/akunq.net\\\/tr\\\/#\\\/schema\\\/person\\\/096f1d38a12cce57fb855b485ed24c9e\"},\"breadcrumb\":{\"@id\":\"https:\\\/\\\/akunq.net\\\/tr\\\/?p=62850#breadcrumb\"},\"inLanguage\":\"en-US\",\"potentialAction\":[{\"@type\":\"ReadAction\",\"target\":[\"https:\\\/\\\/akunq.net\\\/tr\\\/?p=62850\"]}]},{\"@type\":\"ImageObject\",\"inLanguage\":\"en-US\",\"@id\":\"https:\\\/\\\/akunq.net\\\/tr\\\/?p=62850#primaryimage\",\"url\":\"https:\\\/\\\/akunq.net\\\/tr\\\/wp-content\\\/uploads\\\/sites\\\/6\\\/2021\\\/05\\\/Yank\u0131-odalar\u0131.jpeg\",\"contentUrl\":\"https:\\\/\\\/akunq.net\\\/tr\\\/wp-content\\\/uploads\\\/sites\\\/6\\\/2021\\\/05\\\/Yank\u0131-odalar\u0131.jpeg\",\"width\":1920,\"height\":1080},{\"@type\":\"BreadcrumbList\",\"@id\":\"https:\\\/\\\/akunq.net\\\/tr\\\/?p=62850#breadcrumb\",\"itemListElement\":[{\"@type\":\"ListItem\",\"position\":1,\"name\":\"Home\",\"item\":\"https:\\\/\\\/akunq.net\\\/tr\"},{\"@type\":\"ListItem\",\"position\":2,\"name\":\"Ferlinghetti\u2019nin miras\u0131: Yank\u0131 odalar\u0131n\u0131n d\u0131\u015f\u0131ndaki \u00f6zg\u00fcrl\u00fck\"}]},{\"@type\":\"WebSite\",\"@id\":\"https:\\\/\\\/akunq.net\\\/tr\\\/#website\",\"url\":\"https:\\\/\\\/akunq.net\\\/tr\\\/\",\"name\":\"Bati Ermenistan Ve Bati Ermenileri Sorunlari Ara\u015ftirmalar Merkezi\",\"description\":\"\",\"potentialAction\":[{\"@type\":\"SearchAction\",\"target\":{\"@type\":\"EntryPoint\",\"urlTemplate\":\"https:\\\/\\\/akunq.net\\\/tr\\\/?s={search_term_string}\"},\"query-input\":{\"@type\":\"PropertyValueSpecification\",\"valueRequired\":true,\"valueName\":\"search_term_string\"}}],\"inLanguage\":\"en-US\"},{\"@type\":\"Person\",\"@id\":\"https:\\\/\\\/akunq.net\\\/tr\\\/#\\\/schema\\\/person\\\/096f1d38a12cce57fb855b485ed24c9e\",\"name\":\"admin\",\"url\":\"https:\\\/\\\/akunq.net\\\/tr\\\/?author=7\"}]}<\/script>\n<!-- \/ Yoast SEO plugin. -->","yoast_head_json":{"title":"Ferlinghetti\u2019nin miras\u0131: Yank\u0131 odalar\u0131n\u0131n d\u0131\u015f\u0131ndaki \u00f6zg\u00fcrl\u00fck - Bati Ermenistan Ve Bati Ermenileri Sorunlari Ara\u015ftirmalar Merkezi","robots":{"index":"index","follow":"follow","max-snippet":"max-snippet:-1","max-image-preview":"max-image-preview:large","max-video-preview":"max-video-preview:-1"},"canonical":"https:\/\/akunq.net\/tr\/?p=62850","og_locale":"en_US","og_type":"article","og_title":"Ferlinghetti\u2019nin miras\u0131: Yank\u0131 odalar\u0131n\u0131n d\u0131\u015f\u0131ndaki \u00f6zg\u00fcrl\u00fck - Bati Ermenistan Ve Bati Ermenileri Sorunlari Ara\u015ftirmalar Merkezi","og_description":"Yank\u0131 odalar\u0131 hem demokrasi hem de halk sa\u011fl\u0131\u011f\u0131 i\u00e7in zararl\u0131d\u0131r. Ge\u00e7ti\u011fimiz \u015eubat ay\u0131nda hayata veda eden \u015fair ve sanat\u00e7\u0131 Lawrence Ferlinghetti&#8217;nin miras\u0131, tam da bu noktada T\u00fcrkiye&#8217;ye ve d\u00fcnyaya yank\u0131 odalar\u0131n\u0131 a\u00e7mak ve ger\u00e7ek demokrasiler in\u015fa etmek i\u00e7in umut veriyor. VURAL \u00d6ZDEM\u0130R * \/ Toronto T\u00fcrkiye&#8217;de insanlar bo\u011fucu, devasa bir yank\u0131 odas\u0131na do\u011fuyor. Bu yank\u0131 [&hellip;]","og_url":"https:\/\/akunq.net\/tr\/?p=62850","og_site_name":"Bati Ermenistan Ve Bati Ermenileri Sorunlari Ara\u015ftirmalar Merkezi","article_published_time":"2021-05-12T07:18:13+00:00","og_image":[{"width":1920,"height":1080,"url":"https:\/\/akunq.net\/tr\/wp-content\/uploads\/sites\/6\/2021\/05\/Yank\u0131-odalar\u0131.jpeg","type":"image\/jpeg"}],"author":"admin","twitter_card":"summary_large_image","twitter_misc":{"Written by":"admin","Est. reading time":"8 minutes"},"schema":{"@context":"https:\/\/schema.org","@graph":[{"@type":"Article","@id":"https:\/\/akunq.net\/tr\/?p=62850#article","isPartOf":{"@id":"https:\/\/akunq.net\/tr\/?p=62850"},"author":{"name":"admin","@id":"https:\/\/akunq.net\/tr\/#\/schema\/person\/096f1d38a12cce57fb855b485ed24c9e"},"headline":"Ferlinghetti\u2019nin miras\u0131: Yank\u0131 odalar\u0131n\u0131n d\u0131\u015f\u0131ndaki \u00f6zg\u00fcrl\u00fck","datePublished":"2021-05-12T07:18:13+00:00","mainEntityOfPage":{"@id":"https:\/\/akunq.net\/tr\/?p=62850"},"wordCount":1535,"commentCount":0,"image":{"@id":"https:\/\/akunq.net\/tr\/?p=62850#primaryimage"},"thumbnailUrl":"https:\/\/akunq.net\/tr\/wp-content\/uploads\/sites\/6\/2021\/05\/Yank\u0131-odalar\u0131.jpeg","articleSection":["Haberler","Makaleler"],"inLanguage":"en-US","potentialAction":[{"@type":"CommentAction","name":"Comment","target":["https:\/\/akunq.net\/tr\/?p=62850#respond"]}]},{"@type":"WebPage","@id":"https:\/\/akunq.net\/tr\/?p=62850","url":"https:\/\/akunq.net\/tr\/?p=62850","name":"Ferlinghetti\u2019nin miras\u0131: Yank\u0131 odalar\u0131n\u0131n d\u0131\u015f\u0131ndaki \u00f6zg\u00fcrl\u00fck - Bati Ermenistan Ve Bati Ermenileri Sorunlari Ara\u015ftirmalar Merkezi","isPartOf":{"@id":"https:\/\/akunq.net\/tr\/#website"},"primaryImageOfPage":{"@id":"https:\/\/akunq.net\/tr\/?p=62850#primaryimage"},"image":{"@id":"https:\/\/akunq.net\/tr\/?p=62850#primaryimage"},"thumbnailUrl":"https:\/\/akunq.net\/tr\/wp-content\/uploads\/sites\/6\/2021\/05\/Yank\u0131-odalar\u0131.jpeg","datePublished":"2021-05-12T07:18:13+00:00","author":{"@id":"https:\/\/akunq.net\/tr\/#\/schema\/person\/096f1d38a12cce57fb855b485ed24c9e"},"breadcrumb":{"@id":"https:\/\/akunq.net\/tr\/?p=62850#breadcrumb"},"inLanguage":"en-US","potentialAction":[{"@type":"ReadAction","target":["https:\/\/akunq.net\/tr\/?p=62850"]}]},{"@type":"ImageObject","inLanguage":"en-US","@id":"https:\/\/akunq.net\/tr\/?p=62850#primaryimage","url":"https:\/\/akunq.net\/tr\/wp-content\/uploads\/sites\/6\/2021\/05\/Yank\u0131-odalar\u0131.jpeg","contentUrl":"https:\/\/akunq.net\/tr\/wp-content\/uploads\/sites\/6\/2021\/05\/Yank\u0131-odalar\u0131.jpeg","width":1920,"height":1080},{"@type":"BreadcrumbList","@id":"https:\/\/akunq.net\/tr\/?p=62850#breadcrumb","itemListElement":[{"@type":"ListItem","position":1,"name":"Home","item":"https:\/\/akunq.net\/tr"},{"@type":"ListItem","position":2,"name":"Ferlinghetti\u2019nin miras\u0131: Yank\u0131 odalar\u0131n\u0131n d\u0131\u015f\u0131ndaki \u00f6zg\u00fcrl\u00fck"}]},{"@type":"WebSite","@id":"https:\/\/akunq.net\/tr\/#website","url":"https:\/\/akunq.net\/tr\/","name":"Bati Ermenistan Ve Bati Ermenileri Sorunlari Ara\u015ftirmalar Merkezi","description":"","potentialAction":[{"@type":"SearchAction","target":{"@type":"EntryPoint","urlTemplate":"https:\/\/akunq.net\/tr\/?s={search_term_string}"},"query-input":{"@type":"PropertyValueSpecification","valueRequired":true,"valueName":"search_term_string"}}],"inLanguage":"en-US"},{"@type":"Person","@id":"https:\/\/akunq.net\/tr\/#\/schema\/person\/096f1d38a12cce57fb855b485ed24c9e","name":"admin","url":"https:\/\/akunq.net\/tr\/?author=7"}]}},"_links":{"self":[{"href":"https:\/\/akunq.net\/tr\/index.php?rest_route=\/wp\/v2\/posts\/62850","targetHints":{"allow":["GET"]}}],"collection":[{"href":"https:\/\/akunq.net\/tr\/index.php?rest_route=\/wp\/v2\/posts"}],"about":[{"href":"https:\/\/akunq.net\/tr\/index.php?rest_route=\/wp\/v2\/types\/post"}],"author":[{"embeddable":true,"href":"https:\/\/akunq.net\/tr\/index.php?rest_route=\/wp\/v2\/users\/7"}],"replies":[{"embeddable":true,"href":"https:\/\/akunq.net\/tr\/index.php?rest_route=%2Fwp%2Fv2%2Fcomments&post=62850"}],"version-history":[{"count":1,"href":"https:\/\/akunq.net\/tr\/index.php?rest_route=\/wp\/v2\/posts\/62850\/revisions"}],"predecessor-version":[{"id":62852,"href":"https:\/\/akunq.net\/tr\/index.php?rest_route=\/wp\/v2\/posts\/62850\/revisions\/62852"}],"wp:featuredmedia":[{"embeddable":true,"href":"https:\/\/akunq.net\/tr\/index.php?rest_route=\/wp\/v2\/media\/62851"}],"wp:attachment":[{"href":"https:\/\/akunq.net\/tr\/index.php?rest_route=%2Fwp%2Fv2%2Fmedia&parent=62850"}],"wp:term":[{"taxonomy":"category","embeddable":true,"href":"https:\/\/akunq.net\/tr\/index.php?rest_route=%2Fwp%2Fv2%2Fcategories&post=62850"},{"taxonomy":"post_tag","embeddable":true,"href":"https:\/\/akunq.net\/tr\/index.php?rest_route=%2Fwp%2Fv2%2Ftags&post=62850"}],"curies":[{"name":"wp","href":"https:\/\/api.w.org\/{rel}","templated":true}]}}