{"id":62843,"date":"2021-05-11T03:22:05","date_gmt":"2021-05-11T08:22:05","guid":{"rendered":"https:\/\/akunq.net\/tr\/?p=62843"},"modified":"2021-05-11T03:22:05","modified_gmt":"2021-05-11T08:22:05","slug":"susi-ermeni-matbaaciligi-yerevanda-acilan-bir-sergiyle-tanitilacak","status":"publish","type":"post","link":"https:\/\/akunq.net\/tr\/?p=62843","title":{"rendered":"\u015eu\u015fi Ermeni matbaac\u0131l\u0131\u011f\u0131, Yerevan\u2019da a\u00e7\u0131lan bir sergiyle tan\u0131t\u0131lacak"},"content":{"rendered":"<p><img loading=\"lazy\" decoding=\"async\" class=\"aligncenter size-medium wp-image-62844\" src=\"https:\/\/akunq.net\/tr\/wp-content\/uploads\/2021\/05\/\u015eu\u015fi-Ermeni-matbaac\u0131l\u0131\u011f\u0131-360x180.jpg\" alt=\"\" width=\"360\" height=\"180\" srcset=\"https:\/\/akunq.net\/tr\/wp-content\/uploads\/sites\/6\/2021\/05\/\u015eu\u015fi-Ermeni-matbaac\u0131l\u0131\u011f\u0131-360x180.jpg 360w, https:\/\/akunq.net\/tr\/wp-content\/uploads\/sites\/6\/2021\/05\/\u015eu\u015fi-Ermeni-matbaac\u0131l\u0131\u011f\u0131-768x384.jpg 768w, https:\/\/akunq.net\/tr\/wp-content\/uploads\/sites\/6\/2021\/05\/\u015eu\u015fi-Ermeni-matbaac\u0131l\u0131\u011f\u0131-560x280.jpg 560w, https:\/\/akunq.net\/tr\/wp-content\/uploads\/sites\/6\/2021\/05\/\u015eu\u015fi-Ermeni-matbaac\u0131l\u0131\u011f\u0131-260x130.jpg 260w, https:\/\/akunq.net\/tr\/wp-content\/uploads\/sites\/6\/2021\/05\/\u015eu\u015fi-Ermeni-matbaac\u0131l\u0131\u011f\u0131-160x80.jpg 160w, https:\/\/akunq.net\/tr\/wp-content\/uploads\/sites\/6\/2021\/05\/\u015eu\u015fi-Ermeni-matbaac\u0131l\u0131\u011f\u0131.jpg 800w\" sizes=\"auto, (max-width: 360px) 100vw, 360px\" \/><\/p>\n<p><em><strong>10 May\u0131s tarihinde Ermenistan Ulusal K\u00fct\u00fcphanesi\u2019nin \u201cDokunulmaz Edebiyat\u201d b\u00f6l\u00fcm\u00fcn\u00fcn inisiyatifi ile \u015eu\u015fi Ermeni matbaacili\u011fin\u0131 konu alan bir sergi a\u00e7\u0131lacak. Sergide, \u201cDokunulmaz Edebiyat\u201d b\u00f6l\u00fcm\u00fcnde yer alan ve \u015eu\u015fi\u2019ye ait olan \u00f6rnekler yer alacak.<\/strong><\/em><\/p>\n<p>Tarihi Artsakh topraklar\u0131nda ilk matbaa, \u015eu\u015fi \u015fehrinde kuruldu. \u0130svi\u00e7re\u2019nin Basel \u015fehrinden 1823 y\u0131l\u0131nda \u015eu\u015fi\u2019ye ta\u015f\u0131nan bir \u015firket, kendisiyle matbaa makineleri getirdi. 1827\u2019de ise \u015fehirde ilk matbaa kuruldu.<\/p>\n<p>Ayn\u0131 y\u0131lda Harutyun Cu\u011fayetsi Davtyan taraf\u0131ndan Rus\u00e7a\u2019dan Ermenice\u2019ye \u00e7evrilen \u201cKutsal Yaz\u0131lar\u0131n tarhi\u201d adl\u0131 ktap, bu matbaada bas\u0131ld\u0131. \u015eu\u015fi matbaas\u0131nda yay\u0131nlanan ilk kitaplar genellikle dini i\u00e7erikliydi. Ancak daha sonraki y\u0131llarda ders kitaplar\u0131 ve farkl\u0131 dillerden \u00e7eviriler de bas\u0131lmaya ba\u015flad\u0131.<\/p>\n<hr \/>\n<p><em><strong><a href=\"https:\/\/www.ermenihaber.am\/tr\/news\/2021\/05\/10\/%C5%9Eu%C5%9Fi-Ermenimatbaac%C4%B1l%C4%B1%C4%9F%C4%B1\/207636\" target=\"_blank\" rel=\"noopener noreferrer\">ERMEN\u0130 HABER AJANSI<\/a><\/strong><\/em><\/p>\n","protected":false},"excerpt":{"rendered":"<p>10 May\u0131s tarihinde Ermenistan Ulusal K\u00fct\u00fcphanesi\u2019nin \u201cDokunulmaz Edebiyat\u201d b\u00f6l\u00fcm\u00fcn\u00fcn inisiyatifi ile \u015eu\u015fi Ermeni matbaacili\u011fin\u0131 konu alan bir sergi a\u00e7\u0131lacak. Sergide, \u201cDokunulmaz Edebiyat\u201d b\u00f6l\u00fcm\u00fcnde yer alan ve \u015eu\u015fi\u2019ye ait olan \u00f6rnekler yer alacak. Tarihi Artsakh topraklar\u0131nda ilk matbaa, \u015eu\u015fi \u015fehrinde kuruldu. \u0130svi\u00e7re\u2019nin Basel \u015fehrinden 1823 y\u0131l\u0131nda \u015eu\u015fi\u2019ye ta\u015f\u0131nan bir \u015firket, kendisiyle matbaa makineleri getirdi. 1827\u2019de ise [&hellip;]<\/p>\n","protected":false},"author":7,"featured_media":62844,"comment_status":"open","ping_status":"open","sticky":false,"template":"","format":"standard","meta":{"footnotes":""},"categories":[1],"tags":[],"class_list":["post-62843","post","type-post","status-publish","format-standard","has-post-thumbnail","hentry","category-haberler"],"yoast_head":"<!-- This site is optimized with the Yoast SEO plugin v27.4 - https:\/\/yoast.com\/product\/yoast-seo-wordpress\/ -->\n<title>\u015eu\u015fi Ermeni matbaac\u0131l\u0131\u011f\u0131, Yerevan\u2019da a\u00e7\u0131lan bir sergiyle tan\u0131t\u0131lacak - Bati Ermenistan Ve Bati Ermenileri Sorunlari Ara\u015ftirmalar Merkezi<\/title>\n<meta name=\"robots\" content=\"index, follow, max-snippet:-1, max-image-preview:large, max-video-preview:-1\" \/>\n<link rel=\"canonical\" href=\"https:\/\/akunq.net\/tr\/?p=62843\" \/>\n<meta property=\"og:locale\" content=\"en_US\" \/>\n<meta property=\"og:type\" content=\"article\" \/>\n<meta property=\"og:title\" content=\"\u015eu\u015fi Ermeni matbaac\u0131l\u0131\u011f\u0131, Yerevan\u2019da a\u00e7\u0131lan bir sergiyle tan\u0131t\u0131lacak - Bati Ermenistan Ve Bati Ermenileri Sorunlari Ara\u015ftirmalar Merkezi\" \/>\n<meta property=\"og:description\" content=\"10 May\u0131s tarihinde Ermenistan Ulusal K\u00fct\u00fcphanesi\u2019nin \u201cDokunulmaz Edebiyat\u201d b\u00f6l\u00fcm\u00fcn\u00fcn inisiyatifi ile \u015eu\u015fi Ermeni matbaacili\u011fin\u0131 konu alan bir sergi a\u00e7\u0131lacak. Sergide, \u201cDokunulmaz Edebiyat\u201d b\u00f6l\u00fcm\u00fcnde yer alan ve \u015eu\u015fi\u2019ye ait olan \u00f6rnekler yer alacak. Tarihi Artsakh topraklar\u0131nda ilk matbaa, \u015eu\u015fi \u015fehrinde kuruldu. \u0130svi\u00e7re\u2019nin Basel \u015fehrinden 1823 y\u0131l\u0131nda \u015eu\u015fi\u2019ye ta\u015f\u0131nan bir \u015firket, kendisiyle matbaa makineleri getirdi. 1827\u2019de ise [&hellip;]\" \/>\n<meta property=\"og:url\" content=\"https:\/\/akunq.net\/tr\/?p=62843\" \/>\n<meta property=\"og:site_name\" content=\"Bati Ermenistan Ve Bati Ermenileri Sorunlari Ara\u015ftirmalar Merkezi\" \/>\n<meta property=\"article:published_time\" content=\"2021-05-11T08:22:05+00:00\" \/>\n<meta property=\"og:image\" content=\"https:\/\/akunq.net\/tr\/wp-content\/uploads\/sites\/6\/2021\/05\/\u015eu\u015fi-Ermeni-matbaac\u0131l\u0131\u011f\u0131.jpg\" \/>\n\t<meta property=\"og:image:width\" content=\"800\" \/>\n\t<meta property=\"og:image:height\" content=\"400\" \/>\n\t<meta property=\"og:image:type\" content=\"image\/jpeg\" \/>\n<meta name=\"author\" content=\"admin\" \/>\n<meta name=\"twitter:card\" content=\"summary_large_image\" \/>\n<meta name=\"twitter:label1\" content=\"Written by\" \/>\n\t<meta name=\"twitter:data1\" content=\"admin\" \/>\n\t<meta name=\"twitter:label2\" content=\"Est. reading time\" \/>\n\t<meta name=\"twitter:data2\" content=\"1 minute\" \/>\n<script type=\"application\/ld+json\" class=\"yoast-schema-graph\">{\"@context\":\"https:\\\/\\\/schema.org\",\"@graph\":[{\"@type\":\"Article\",\"@id\":\"https:\\\/\\\/akunq.net\\\/tr\\\/?p=62843#article\",\"isPartOf\":{\"@id\":\"https:\\\/\\\/akunq.net\\\/tr\\\/?p=62843\"},\"author\":{\"name\":\"admin\",\"@id\":\"https:\\\/\\\/akunq.net\\\/tr\\\/#\\\/schema\\\/person\\\/096f1d38a12cce57fb855b485ed24c9e\"},\"headline\":\"\u015eu\u015fi Ermeni matbaac\u0131l\u0131\u011f\u0131, Yerevan\u2019da a\u00e7\u0131lan bir sergiyle tan\u0131t\u0131lacak\",\"datePublished\":\"2021-05-11T08:22:05+00:00\",\"mainEntityOfPage\":{\"@id\":\"https:\\\/\\\/akunq.net\\\/tr\\\/?p=62843\"},\"wordCount\":153,\"commentCount\":0,\"image\":{\"@id\":\"https:\\\/\\\/akunq.net\\\/tr\\\/?p=62843#primaryimage\"},\"thumbnailUrl\":\"https:\\\/\\\/akunq.net\\\/tr\\\/wp-content\\\/uploads\\\/sites\\\/6\\\/2021\\\/05\\\/\u015eu\u015fi-Ermeni-matbaac\u0131l\u0131\u011f\u0131.jpg\",\"articleSection\":[\"Haberler\"],\"inLanguage\":\"en-US\",\"potentialAction\":[{\"@type\":\"CommentAction\",\"name\":\"Comment\",\"target\":[\"https:\\\/\\\/akunq.net\\\/tr\\\/?p=62843#respond\"]}]},{\"@type\":\"WebPage\",\"@id\":\"https:\\\/\\\/akunq.net\\\/tr\\\/?p=62843\",\"url\":\"https:\\\/\\\/akunq.net\\\/tr\\\/?p=62843\",\"name\":\"\u015eu\u015fi Ermeni matbaac\u0131l\u0131\u011f\u0131, Yerevan\u2019da a\u00e7\u0131lan bir sergiyle tan\u0131t\u0131lacak - Bati Ermenistan Ve Bati Ermenileri Sorunlari Ara\u015ftirmalar Merkezi\",\"isPartOf\":{\"@id\":\"https:\\\/\\\/akunq.net\\\/tr\\\/#website\"},\"primaryImageOfPage\":{\"@id\":\"https:\\\/\\\/akunq.net\\\/tr\\\/?p=62843#primaryimage\"},\"image\":{\"@id\":\"https:\\\/\\\/akunq.net\\\/tr\\\/?p=62843#primaryimage\"},\"thumbnailUrl\":\"https:\\\/\\\/akunq.net\\\/tr\\\/wp-content\\\/uploads\\\/sites\\\/6\\\/2021\\\/05\\\/\u015eu\u015fi-Ermeni-matbaac\u0131l\u0131\u011f\u0131.jpg\",\"datePublished\":\"2021-05-11T08:22:05+00:00\",\"author\":{\"@id\":\"https:\\\/\\\/akunq.net\\\/tr\\\/#\\\/schema\\\/person\\\/096f1d38a12cce57fb855b485ed24c9e\"},\"breadcrumb\":{\"@id\":\"https:\\\/\\\/akunq.net\\\/tr\\\/?p=62843#breadcrumb\"},\"inLanguage\":\"en-US\",\"potentialAction\":[{\"@type\":\"ReadAction\",\"target\":[\"https:\\\/\\\/akunq.net\\\/tr\\\/?p=62843\"]}]},{\"@type\":\"ImageObject\",\"inLanguage\":\"en-US\",\"@id\":\"https:\\\/\\\/akunq.net\\\/tr\\\/?p=62843#primaryimage\",\"url\":\"https:\\\/\\\/akunq.net\\\/tr\\\/wp-content\\\/uploads\\\/sites\\\/6\\\/2021\\\/05\\\/\u015eu\u015fi-Ermeni-matbaac\u0131l\u0131\u011f\u0131.jpg\",\"contentUrl\":\"https:\\\/\\\/akunq.net\\\/tr\\\/wp-content\\\/uploads\\\/sites\\\/6\\\/2021\\\/05\\\/\u015eu\u015fi-Ermeni-matbaac\u0131l\u0131\u011f\u0131.jpg\",\"width\":800,\"height\":400},{\"@type\":\"BreadcrumbList\",\"@id\":\"https:\\\/\\\/akunq.net\\\/tr\\\/?p=62843#breadcrumb\",\"itemListElement\":[{\"@type\":\"ListItem\",\"position\":1,\"name\":\"Home\",\"item\":\"https:\\\/\\\/akunq.net\\\/tr\"},{\"@type\":\"ListItem\",\"position\":2,\"name\":\"\u015eu\u015fi Ermeni matbaac\u0131l\u0131\u011f\u0131, Yerevan\u2019da a\u00e7\u0131lan bir sergiyle tan\u0131t\u0131lacak\"}]},{\"@type\":\"WebSite\",\"@id\":\"https:\\\/\\\/akunq.net\\\/tr\\\/#website\",\"url\":\"https:\\\/\\\/akunq.net\\\/tr\\\/\",\"name\":\"Bati Ermenistan Ve Bati Ermenileri Sorunlari Ara\u015ftirmalar Merkezi\",\"description\":\"\",\"potentialAction\":[{\"@type\":\"SearchAction\",\"target\":{\"@type\":\"EntryPoint\",\"urlTemplate\":\"https:\\\/\\\/akunq.net\\\/tr\\\/?s={search_term_string}\"},\"query-input\":{\"@type\":\"PropertyValueSpecification\",\"valueRequired\":true,\"valueName\":\"search_term_string\"}}],\"inLanguage\":\"en-US\"},{\"@type\":\"Person\",\"@id\":\"https:\\\/\\\/akunq.net\\\/tr\\\/#\\\/schema\\\/person\\\/096f1d38a12cce57fb855b485ed24c9e\",\"name\":\"admin\",\"url\":\"https:\\\/\\\/akunq.net\\\/tr\\\/?author=7\"}]}<\/script>\n<!-- \/ Yoast SEO plugin. -->","yoast_head_json":{"title":"\u015eu\u015fi Ermeni matbaac\u0131l\u0131\u011f\u0131, Yerevan\u2019da a\u00e7\u0131lan bir sergiyle tan\u0131t\u0131lacak - Bati Ermenistan Ve Bati Ermenileri Sorunlari Ara\u015ftirmalar Merkezi","robots":{"index":"index","follow":"follow","max-snippet":"max-snippet:-1","max-image-preview":"max-image-preview:large","max-video-preview":"max-video-preview:-1"},"canonical":"https:\/\/akunq.net\/tr\/?p=62843","og_locale":"en_US","og_type":"article","og_title":"\u015eu\u015fi Ermeni matbaac\u0131l\u0131\u011f\u0131, Yerevan\u2019da a\u00e7\u0131lan bir sergiyle tan\u0131t\u0131lacak - Bati Ermenistan Ve Bati Ermenileri Sorunlari Ara\u015ftirmalar Merkezi","og_description":"10 May\u0131s tarihinde Ermenistan Ulusal K\u00fct\u00fcphanesi\u2019nin \u201cDokunulmaz Edebiyat\u201d b\u00f6l\u00fcm\u00fcn\u00fcn inisiyatifi ile \u015eu\u015fi Ermeni matbaacili\u011fin\u0131 konu alan bir sergi a\u00e7\u0131lacak. Sergide, \u201cDokunulmaz Edebiyat\u201d b\u00f6l\u00fcm\u00fcnde yer alan ve \u015eu\u015fi\u2019ye ait olan \u00f6rnekler yer alacak. Tarihi Artsakh topraklar\u0131nda ilk matbaa, \u015eu\u015fi \u015fehrinde kuruldu. \u0130svi\u00e7re\u2019nin Basel \u015fehrinden 1823 y\u0131l\u0131nda \u015eu\u015fi\u2019ye ta\u015f\u0131nan bir \u015firket, kendisiyle matbaa makineleri getirdi. 1827\u2019de ise [&hellip;]","og_url":"https:\/\/akunq.net\/tr\/?p=62843","og_site_name":"Bati Ermenistan Ve Bati Ermenileri Sorunlari Ara\u015ftirmalar Merkezi","article_published_time":"2021-05-11T08:22:05+00:00","og_image":[{"width":800,"height":400,"url":"https:\/\/akunq.net\/tr\/wp-content\/uploads\/sites\/6\/2021\/05\/\u015eu\u015fi-Ermeni-matbaac\u0131l\u0131\u011f\u0131.jpg","type":"image\/jpeg"}],"author":"admin","twitter_card":"summary_large_image","twitter_misc":{"Written by":"admin","Est. reading time":"1 minute"},"schema":{"@context":"https:\/\/schema.org","@graph":[{"@type":"Article","@id":"https:\/\/akunq.net\/tr\/?p=62843#article","isPartOf":{"@id":"https:\/\/akunq.net\/tr\/?p=62843"},"author":{"name":"admin","@id":"https:\/\/akunq.net\/tr\/#\/schema\/person\/096f1d38a12cce57fb855b485ed24c9e"},"headline":"\u015eu\u015fi Ermeni matbaac\u0131l\u0131\u011f\u0131, Yerevan\u2019da a\u00e7\u0131lan bir sergiyle tan\u0131t\u0131lacak","datePublished":"2021-05-11T08:22:05+00:00","mainEntityOfPage":{"@id":"https:\/\/akunq.net\/tr\/?p=62843"},"wordCount":153,"commentCount":0,"image":{"@id":"https:\/\/akunq.net\/tr\/?p=62843#primaryimage"},"thumbnailUrl":"https:\/\/akunq.net\/tr\/wp-content\/uploads\/sites\/6\/2021\/05\/\u015eu\u015fi-Ermeni-matbaac\u0131l\u0131\u011f\u0131.jpg","articleSection":["Haberler"],"inLanguage":"en-US","potentialAction":[{"@type":"CommentAction","name":"Comment","target":["https:\/\/akunq.net\/tr\/?p=62843#respond"]}]},{"@type":"WebPage","@id":"https:\/\/akunq.net\/tr\/?p=62843","url":"https:\/\/akunq.net\/tr\/?p=62843","name":"\u015eu\u015fi Ermeni matbaac\u0131l\u0131\u011f\u0131, Yerevan\u2019da a\u00e7\u0131lan bir sergiyle tan\u0131t\u0131lacak - Bati Ermenistan Ve Bati Ermenileri Sorunlari Ara\u015ftirmalar Merkezi","isPartOf":{"@id":"https:\/\/akunq.net\/tr\/#website"},"primaryImageOfPage":{"@id":"https:\/\/akunq.net\/tr\/?p=62843#primaryimage"},"image":{"@id":"https:\/\/akunq.net\/tr\/?p=62843#primaryimage"},"thumbnailUrl":"https:\/\/akunq.net\/tr\/wp-content\/uploads\/sites\/6\/2021\/05\/\u015eu\u015fi-Ermeni-matbaac\u0131l\u0131\u011f\u0131.jpg","datePublished":"2021-05-11T08:22:05+00:00","author":{"@id":"https:\/\/akunq.net\/tr\/#\/schema\/person\/096f1d38a12cce57fb855b485ed24c9e"},"breadcrumb":{"@id":"https:\/\/akunq.net\/tr\/?p=62843#breadcrumb"},"inLanguage":"en-US","potentialAction":[{"@type":"ReadAction","target":["https:\/\/akunq.net\/tr\/?p=62843"]}]},{"@type":"ImageObject","inLanguage":"en-US","@id":"https:\/\/akunq.net\/tr\/?p=62843#primaryimage","url":"https:\/\/akunq.net\/tr\/wp-content\/uploads\/sites\/6\/2021\/05\/\u015eu\u015fi-Ermeni-matbaac\u0131l\u0131\u011f\u0131.jpg","contentUrl":"https:\/\/akunq.net\/tr\/wp-content\/uploads\/sites\/6\/2021\/05\/\u015eu\u015fi-Ermeni-matbaac\u0131l\u0131\u011f\u0131.jpg","width":800,"height":400},{"@type":"BreadcrumbList","@id":"https:\/\/akunq.net\/tr\/?p=62843#breadcrumb","itemListElement":[{"@type":"ListItem","position":1,"name":"Home","item":"https:\/\/akunq.net\/tr"},{"@type":"ListItem","position":2,"name":"\u015eu\u015fi Ermeni matbaac\u0131l\u0131\u011f\u0131, Yerevan\u2019da a\u00e7\u0131lan bir sergiyle tan\u0131t\u0131lacak"}]},{"@type":"WebSite","@id":"https:\/\/akunq.net\/tr\/#website","url":"https:\/\/akunq.net\/tr\/","name":"Bati Ermenistan Ve Bati Ermenileri Sorunlari Ara\u015ftirmalar Merkezi","description":"","potentialAction":[{"@type":"SearchAction","target":{"@type":"EntryPoint","urlTemplate":"https:\/\/akunq.net\/tr\/?s={search_term_string}"},"query-input":{"@type":"PropertyValueSpecification","valueRequired":true,"valueName":"search_term_string"}}],"inLanguage":"en-US"},{"@type":"Person","@id":"https:\/\/akunq.net\/tr\/#\/schema\/person\/096f1d38a12cce57fb855b485ed24c9e","name":"admin","url":"https:\/\/akunq.net\/tr\/?author=7"}]}},"_links":{"self":[{"href":"https:\/\/akunq.net\/tr\/index.php?rest_route=\/wp\/v2\/posts\/62843","targetHints":{"allow":["GET"]}}],"collection":[{"href":"https:\/\/akunq.net\/tr\/index.php?rest_route=\/wp\/v2\/posts"}],"about":[{"href":"https:\/\/akunq.net\/tr\/index.php?rest_route=\/wp\/v2\/types\/post"}],"author":[{"embeddable":true,"href":"https:\/\/akunq.net\/tr\/index.php?rest_route=\/wp\/v2\/users\/7"}],"replies":[{"embeddable":true,"href":"https:\/\/akunq.net\/tr\/index.php?rest_route=%2Fwp%2Fv2%2Fcomments&post=62843"}],"version-history":[{"count":1,"href":"https:\/\/akunq.net\/tr\/index.php?rest_route=\/wp\/v2\/posts\/62843\/revisions"}],"predecessor-version":[{"id":62845,"href":"https:\/\/akunq.net\/tr\/index.php?rest_route=\/wp\/v2\/posts\/62843\/revisions\/62845"}],"wp:featuredmedia":[{"embeddable":true,"href":"https:\/\/akunq.net\/tr\/index.php?rest_route=\/wp\/v2\/media\/62844"}],"wp:attachment":[{"href":"https:\/\/akunq.net\/tr\/index.php?rest_route=%2Fwp%2Fv2%2Fmedia&parent=62843"}],"wp:term":[{"taxonomy":"category","embeddable":true,"href":"https:\/\/akunq.net\/tr\/index.php?rest_route=%2Fwp%2Fv2%2Fcategories&post=62843"},{"taxonomy":"post_tag","embeddable":true,"href":"https:\/\/akunq.net\/tr\/index.php?rest_route=%2Fwp%2Fv2%2Ftags&post=62843"}],"curies":[{"name":"wp","href":"https:\/\/api.w.org\/{rel}","templated":true}]}}