{"id":62823,"date":"2021-05-10T02:52:37","date_gmt":"2021-05-10T07:52:37","guid":{"rendered":"https:\/\/akunq.net\/tr\/?p=62823"},"modified":"2021-05-10T02:52:37","modified_gmt":"2021-05-10T07:52:37","slug":"istanbulda-suryani-kilisesi-insaati-suruyor","status":"publish","type":"post","link":"https:\/\/akunq.net\/tr\/?p=62823","title":{"rendered":"\u0130stanbul\u2019da S\u00fcryani Kilisesi in\u015faat\u0131 s\u00fcr\u00fcyor"},"content":{"rendered":"<p><img loading=\"lazy\" decoding=\"async\" class=\"aligncenter size-medium wp-image-62824\" src=\"https:\/\/akunq.net\/tr\/wp-content\/uploads\/2021\/05\/\u0130stanbul\u2019da-S\u00fcryani-Kilisesi-360x203.jpeg\" alt=\"\" width=\"360\" height=\"203\" srcset=\"https:\/\/akunq.net\/tr\/wp-content\/uploads\/sites\/6\/2021\/05\/\u0130stanbul\u2019da-S\u00fcryani-Kilisesi-360x203.jpeg 360w, https:\/\/akunq.net\/tr\/wp-content\/uploads\/sites\/6\/2021\/05\/\u0130stanbul\u2019da-S\u00fcryani-Kilisesi-768x432.jpeg 768w, https:\/\/akunq.net\/tr\/wp-content\/uploads\/sites\/6\/2021\/05\/\u0130stanbul\u2019da-S\u00fcryani-Kilisesi-560x315.jpeg 560w, https:\/\/akunq.net\/tr\/wp-content\/uploads\/sites\/6\/2021\/05\/\u0130stanbul\u2019da-S\u00fcryani-Kilisesi-260x146.jpeg 260w, https:\/\/akunq.net\/tr\/wp-content\/uploads\/sites\/6\/2021\/05\/\u0130stanbul\u2019da-S\u00fcryani-Kilisesi-160x90.jpeg 160w, https:\/\/akunq.net\/tr\/wp-content\/uploads\/sites\/6\/2021\/05\/\u0130stanbul\u2019da-S\u00fcryani-Kilisesi.jpeg 1280w\" sizes=\"auto, (max-width: 360px) 100vw, 360px\" \/><\/p>\n<p id=\"trtspot1\"><em><strong>\u0130stanbul Ye\u015filk\u00f6y\u2019de, Mor Efrem S\u00fcryani Kadim Ortodoks Kilisesi\u2019nin yap\u0131m \u00e7al\u0131\u015fmalar\u0131 devam ediyor. Kaba in\u015faat\u0131 biten yap\u0131, Cumhuriyet tarihinde yap\u0131lan ilk S\u00fcryani kilisesi olacak.<\/strong><\/em><\/p>\n<p><strong><a href=\"https:\/\/www.trthaber.com\/haber\/yasam\/dosya-haber\/abdulvahap-kartal-56\/\">Abdulvahap Kartal\u00a0<\/a><\/strong><\/p>\n<p>Ye\u015filk\u00f6y\u2019deki Mor Efrem S\u00fcryani Kilisesi\u2019nin temel atma t\u00f6reni 2019 y\u0131l\u0131nda Cumhurba\u015fkan\u0131 Recep Tayyip Erdo\u011fan\u2019\u0131n kat\u0131l\u0131m\u0131yla yap\u0131ld\u0131.<\/p>\n<p>Kilisenin in\u015faat s\u00fcrecini\u00a0<a href=\"https:\/\/www.trthaber.com\/etiket\/istanbul\/\" target=\"_blank\" rel=\"noreferrer noopener\">\u0130stanbul<\/a>\u00a0S\u00fcryani Kadim Vakf\u0131 y\u00f6netiyor.\u00a0<a href=\"https:\/\/www.trthaber.com\/etiket\/elektrik\/\" target=\"_blank\" rel=\"noreferrer noopener\">Elektrik<\/a>\u00a0ve mekanik tesisatlar\u0131nda ciddi bir ilerleme var. D\u0131\u015f cephe kaplamas\u0131 tamamlanmak \u00fczere. Al\u00fcminyum do\u011frama ve cam pencerelerin b\u00fcy\u00fck k\u0131sm\u0131 yerle\u015ftirildi.<\/p>\n<p><strong>Kubbe ve \u00e7an kulesi montajlan\u0131yor<\/strong><\/p>\n<p><a href=\"https:\/\/www.trthaber.com\/etiket\/kilise\/\" target=\"_blank\" rel=\"noreferrer noopener\">Kilise<\/a>, 4 bin 400 metrekarelik alanda in\u015fa edildi. 7 kattan olu\u015fan binan\u0131n toplam alan\u0131 bin 500 metrekare. 25 metre y\u00fcksekli\u011findeki kilisenin kubbe ve \u00e7an kulesi montajlar\u0131 devam ediyor.<\/p>\n<p>Kilisede k\u00fclt\u00fcr salonu ve ana etkinlik salonlar\u0131 yer alacak. Kilisenin, S\u00fcryani cemaatinin ba\u011f\u0131\u015flar\u0131yla y\u0131l i\u00e7inde tamamlanmas\u0131 planlan\u0131yor.<\/p>\n<p><em><strong><a href=\"https:\/\/www.trthaber.com\/haber\/yasam\/istanbulda-suryani-kilisesi-insaati-suruyor-579271.html\">https:\/\/www.trthaber.com\/haber\/yasam\/istanbulda-suryani-kilisesi-insaati-suruyor-579271.html<\/a><\/strong><\/em><\/p>\n<div class=\"sharedaddy sd-sharing-enabled\">\n<div class=\"robots-nocontent sd-block sd-social sd-social-icon-text sd-sharing\">\n<h3 class=\"sd-title\"><\/h3>\n<\/div>\n<\/div>\n","protected":false},"excerpt":{"rendered":"<p>\u0130stanbul Ye\u015filk\u00f6y\u2019de, Mor Efrem S\u00fcryani Kadim Ortodoks Kilisesi\u2019nin yap\u0131m \u00e7al\u0131\u015fmalar\u0131 devam ediyor. Kaba in\u015faat\u0131 biten yap\u0131, Cumhuriyet tarihinde yap\u0131lan ilk S\u00fcryani kilisesi olacak. Abdulvahap Kartal\u00a0 Ye\u015filk\u00f6y\u2019deki Mor Efrem S\u00fcryani Kilisesi\u2019nin temel atma t\u00f6reni 2019 y\u0131l\u0131nda Cumhurba\u015fkan\u0131 Recep Tayyip Erdo\u011fan\u2019\u0131n kat\u0131l\u0131m\u0131yla yap\u0131ld\u0131. Kilisenin in\u015faat s\u00fcrecini\u00a0\u0130stanbul\u00a0S\u00fcryani Kadim Vakf\u0131 y\u00f6netiyor.\u00a0Elektrik\u00a0ve mekanik tesisatlar\u0131nda ciddi bir ilerleme var. D\u0131\u015f cephe [&hellip;]<\/p>\n","protected":false},"author":7,"featured_media":62824,"comment_status":"open","ping_status":"open","sticky":false,"template":"","format":"standard","meta":{"footnotes":""},"categories":[1,53],"tags":[],"class_list":["post-62823","post","type-post","status-publish","format-standard","has-post-thumbnail","hentry","category-haberler","category-turkiyede-azinliklar"],"yoast_head":"<!-- This site is optimized with the Yoast SEO plugin v27.4 - https:\/\/yoast.com\/product\/yoast-seo-wordpress\/ -->\n<title>\u0130stanbul\u2019da S\u00fcryani Kilisesi in\u015faat\u0131 s\u00fcr\u00fcyor - Bati Ermenistan Ve Bati Ermenileri Sorunlari Ara\u015ftirmalar Merkezi<\/title>\n<meta name=\"robots\" content=\"index, follow, max-snippet:-1, max-image-preview:large, max-video-preview:-1\" \/>\n<link rel=\"canonical\" href=\"https:\/\/akunq.net\/tr\/?p=62823\" \/>\n<meta property=\"og:locale\" content=\"en_US\" \/>\n<meta property=\"og:type\" content=\"article\" \/>\n<meta property=\"og:title\" content=\"\u0130stanbul\u2019da S\u00fcryani Kilisesi in\u015faat\u0131 s\u00fcr\u00fcyor - Bati Ermenistan Ve Bati Ermenileri Sorunlari Ara\u015ftirmalar Merkezi\" \/>\n<meta property=\"og:description\" content=\"\u0130stanbul Ye\u015filk\u00f6y\u2019de, Mor Efrem S\u00fcryani Kadim Ortodoks Kilisesi\u2019nin yap\u0131m \u00e7al\u0131\u015fmalar\u0131 devam ediyor. Kaba in\u015faat\u0131 biten yap\u0131, Cumhuriyet tarihinde yap\u0131lan ilk S\u00fcryani kilisesi olacak. Abdulvahap Kartal\u00a0 Ye\u015filk\u00f6y\u2019deki Mor Efrem S\u00fcryani Kilisesi\u2019nin temel atma t\u00f6reni 2019 y\u0131l\u0131nda Cumhurba\u015fkan\u0131 Recep Tayyip Erdo\u011fan\u2019\u0131n kat\u0131l\u0131m\u0131yla yap\u0131ld\u0131. Kilisenin in\u015faat s\u00fcrecini\u00a0\u0130stanbul\u00a0S\u00fcryani Kadim Vakf\u0131 y\u00f6netiyor.\u00a0Elektrik\u00a0ve mekanik tesisatlar\u0131nda ciddi bir ilerleme var. D\u0131\u015f cephe [&hellip;]\" \/>\n<meta property=\"og:url\" content=\"https:\/\/akunq.net\/tr\/?p=62823\" \/>\n<meta property=\"og:site_name\" content=\"Bati Ermenistan Ve Bati Ermenileri Sorunlari Ara\u015ftirmalar Merkezi\" \/>\n<meta property=\"article:published_time\" content=\"2021-05-10T07:52:37+00:00\" \/>\n<meta property=\"og:image\" content=\"https:\/\/akunq.net\/tr\/wp-content\/uploads\/sites\/6\/2021\/05\/\u0130stanbul\u2019da-S\u00fcryani-Kilisesi.jpeg\" \/>\n\t<meta property=\"og:image:width\" content=\"1280\" \/>\n\t<meta property=\"og:image:height\" content=\"720\" \/>\n\t<meta property=\"og:image:type\" content=\"image\/jpeg\" \/>\n<meta name=\"author\" content=\"admin\" \/>\n<meta name=\"twitter:card\" content=\"summary_large_image\" \/>\n<meta name=\"twitter:label1\" content=\"Written by\" \/>\n\t<meta name=\"twitter:data1\" content=\"admin\" \/>\n\t<meta name=\"twitter:label2\" content=\"Est. reading time\" \/>\n\t<meta name=\"twitter:data2\" content=\"1 minute\" \/>\n<script type=\"application\/ld+json\" class=\"yoast-schema-graph\">{\"@context\":\"https:\\\/\\\/schema.org\",\"@graph\":[{\"@type\":\"Article\",\"@id\":\"https:\\\/\\\/akunq.net\\\/tr\\\/?p=62823#article\",\"isPartOf\":{\"@id\":\"https:\\\/\\\/akunq.net\\\/tr\\\/?p=62823\"},\"author\":{\"name\":\"admin\",\"@id\":\"https:\\\/\\\/akunq.net\\\/tr\\\/#\\\/schema\\\/person\\\/096f1d38a12cce57fb855b485ed24c9e\"},\"headline\":\"\u0130stanbul\u2019da S\u00fcryani Kilisesi in\u015faat\u0131 s\u00fcr\u00fcyor\",\"datePublished\":\"2021-05-10T07:52:37+00:00\",\"mainEntityOfPage\":{\"@id\":\"https:\\\/\\\/akunq.net\\\/tr\\\/?p=62823\"},\"wordCount\":182,\"commentCount\":0,\"image\":{\"@id\":\"https:\\\/\\\/akunq.net\\\/tr\\\/?p=62823#primaryimage\"},\"thumbnailUrl\":\"https:\\\/\\\/akunq.net\\\/tr\\\/wp-content\\\/uploads\\\/sites\\\/6\\\/2021\\\/05\\\/\u0130stanbul\u2019da-S\u00fcryani-Kilisesi.jpeg\",\"articleSection\":[\"Haberler\",\"T\u00fcrkiye\u2019de Az\u0131nl\u0131klar\"],\"inLanguage\":\"en-US\",\"potentialAction\":[{\"@type\":\"CommentAction\",\"name\":\"Comment\",\"target\":[\"https:\\\/\\\/akunq.net\\\/tr\\\/?p=62823#respond\"]}]},{\"@type\":\"WebPage\",\"@id\":\"https:\\\/\\\/akunq.net\\\/tr\\\/?p=62823\",\"url\":\"https:\\\/\\\/akunq.net\\\/tr\\\/?p=62823\",\"name\":\"\u0130stanbul\u2019da S\u00fcryani Kilisesi in\u015faat\u0131 s\u00fcr\u00fcyor - Bati Ermenistan Ve Bati Ermenileri Sorunlari Ara\u015ftirmalar Merkezi\",\"isPartOf\":{\"@id\":\"https:\\\/\\\/akunq.net\\\/tr\\\/#website\"},\"primaryImageOfPage\":{\"@id\":\"https:\\\/\\\/akunq.net\\\/tr\\\/?p=62823#primaryimage\"},\"image\":{\"@id\":\"https:\\\/\\\/akunq.net\\\/tr\\\/?p=62823#primaryimage\"},\"thumbnailUrl\":\"https:\\\/\\\/akunq.net\\\/tr\\\/wp-content\\\/uploads\\\/sites\\\/6\\\/2021\\\/05\\\/\u0130stanbul\u2019da-S\u00fcryani-Kilisesi.jpeg\",\"datePublished\":\"2021-05-10T07:52:37+00:00\",\"author\":{\"@id\":\"https:\\\/\\\/akunq.net\\\/tr\\\/#\\\/schema\\\/person\\\/096f1d38a12cce57fb855b485ed24c9e\"},\"breadcrumb\":{\"@id\":\"https:\\\/\\\/akunq.net\\\/tr\\\/?p=62823#breadcrumb\"},\"inLanguage\":\"en-US\",\"potentialAction\":[{\"@type\":\"ReadAction\",\"target\":[\"https:\\\/\\\/akunq.net\\\/tr\\\/?p=62823\"]}]},{\"@type\":\"ImageObject\",\"inLanguage\":\"en-US\",\"@id\":\"https:\\\/\\\/akunq.net\\\/tr\\\/?p=62823#primaryimage\",\"url\":\"https:\\\/\\\/akunq.net\\\/tr\\\/wp-content\\\/uploads\\\/sites\\\/6\\\/2021\\\/05\\\/\u0130stanbul\u2019da-S\u00fcryani-Kilisesi.jpeg\",\"contentUrl\":\"https:\\\/\\\/akunq.net\\\/tr\\\/wp-content\\\/uploads\\\/sites\\\/6\\\/2021\\\/05\\\/\u0130stanbul\u2019da-S\u00fcryani-Kilisesi.jpeg\",\"width\":1280,\"height\":720},{\"@type\":\"BreadcrumbList\",\"@id\":\"https:\\\/\\\/akunq.net\\\/tr\\\/?p=62823#breadcrumb\",\"itemListElement\":[{\"@type\":\"ListItem\",\"position\":1,\"name\":\"Home\",\"item\":\"https:\\\/\\\/akunq.net\\\/tr\"},{\"@type\":\"ListItem\",\"position\":2,\"name\":\"\u0130stanbul\u2019da S\u00fcryani Kilisesi in\u015faat\u0131 s\u00fcr\u00fcyor\"}]},{\"@type\":\"WebSite\",\"@id\":\"https:\\\/\\\/akunq.net\\\/tr\\\/#website\",\"url\":\"https:\\\/\\\/akunq.net\\\/tr\\\/\",\"name\":\"Bati Ermenistan Ve Bati Ermenileri Sorunlari Ara\u015ftirmalar Merkezi\",\"description\":\"\",\"potentialAction\":[{\"@type\":\"SearchAction\",\"target\":{\"@type\":\"EntryPoint\",\"urlTemplate\":\"https:\\\/\\\/akunq.net\\\/tr\\\/?s={search_term_string}\"},\"query-input\":{\"@type\":\"PropertyValueSpecification\",\"valueRequired\":true,\"valueName\":\"search_term_string\"}}],\"inLanguage\":\"en-US\"},{\"@type\":\"Person\",\"@id\":\"https:\\\/\\\/akunq.net\\\/tr\\\/#\\\/schema\\\/person\\\/096f1d38a12cce57fb855b485ed24c9e\",\"name\":\"admin\",\"url\":\"https:\\\/\\\/akunq.net\\\/tr\\\/?author=7\"}]}<\/script>\n<!-- \/ Yoast SEO plugin. -->","yoast_head_json":{"title":"\u0130stanbul\u2019da S\u00fcryani Kilisesi in\u015faat\u0131 s\u00fcr\u00fcyor - Bati Ermenistan Ve Bati Ermenileri Sorunlari Ara\u015ftirmalar Merkezi","robots":{"index":"index","follow":"follow","max-snippet":"max-snippet:-1","max-image-preview":"max-image-preview:large","max-video-preview":"max-video-preview:-1"},"canonical":"https:\/\/akunq.net\/tr\/?p=62823","og_locale":"en_US","og_type":"article","og_title":"\u0130stanbul\u2019da S\u00fcryani Kilisesi in\u015faat\u0131 s\u00fcr\u00fcyor - Bati Ermenistan Ve Bati Ermenileri Sorunlari Ara\u015ftirmalar Merkezi","og_description":"\u0130stanbul Ye\u015filk\u00f6y\u2019de, Mor Efrem S\u00fcryani Kadim Ortodoks Kilisesi\u2019nin yap\u0131m \u00e7al\u0131\u015fmalar\u0131 devam ediyor. Kaba in\u015faat\u0131 biten yap\u0131, Cumhuriyet tarihinde yap\u0131lan ilk S\u00fcryani kilisesi olacak. Abdulvahap Kartal\u00a0 Ye\u015filk\u00f6y\u2019deki Mor Efrem S\u00fcryani Kilisesi\u2019nin temel atma t\u00f6reni 2019 y\u0131l\u0131nda Cumhurba\u015fkan\u0131 Recep Tayyip Erdo\u011fan\u2019\u0131n kat\u0131l\u0131m\u0131yla yap\u0131ld\u0131. Kilisenin in\u015faat s\u00fcrecini\u00a0\u0130stanbul\u00a0S\u00fcryani Kadim Vakf\u0131 y\u00f6netiyor.\u00a0Elektrik\u00a0ve mekanik tesisatlar\u0131nda ciddi bir ilerleme var. D\u0131\u015f cephe [&hellip;]","og_url":"https:\/\/akunq.net\/tr\/?p=62823","og_site_name":"Bati Ermenistan Ve Bati Ermenileri Sorunlari Ara\u015ftirmalar Merkezi","article_published_time":"2021-05-10T07:52:37+00:00","og_image":[{"width":1280,"height":720,"url":"https:\/\/akunq.net\/tr\/wp-content\/uploads\/sites\/6\/2021\/05\/\u0130stanbul\u2019da-S\u00fcryani-Kilisesi.jpeg","type":"image\/jpeg"}],"author":"admin","twitter_card":"summary_large_image","twitter_misc":{"Written by":"admin","Est. reading time":"1 minute"},"schema":{"@context":"https:\/\/schema.org","@graph":[{"@type":"Article","@id":"https:\/\/akunq.net\/tr\/?p=62823#article","isPartOf":{"@id":"https:\/\/akunq.net\/tr\/?p=62823"},"author":{"name":"admin","@id":"https:\/\/akunq.net\/tr\/#\/schema\/person\/096f1d38a12cce57fb855b485ed24c9e"},"headline":"\u0130stanbul\u2019da S\u00fcryani Kilisesi in\u015faat\u0131 s\u00fcr\u00fcyor","datePublished":"2021-05-10T07:52:37+00:00","mainEntityOfPage":{"@id":"https:\/\/akunq.net\/tr\/?p=62823"},"wordCount":182,"commentCount":0,"image":{"@id":"https:\/\/akunq.net\/tr\/?p=62823#primaryimage"},"thumbnailUrl":"https:\/\/akunq.net\/tr\/wp-content\/uploads\/sites\/6\/2021\/05\/\u0130stanbul\u2019da-S\u00fcryani-Kilisesi.jpeg","articleSection":["Haberler","T\u00fcrkiye\u2019de Az\u0131nl\u0131klar"],"inLanguage":"en-US","potentialAction":[{"@type":"CommentAction","name":"Comment","target":["https:\/\/akunq.net\/tr\/?p=62823#respond"]}]},{"@type":"WebPage","@id":"https:\/\/akunq.net\/tr\/?p=62823","url":"https:\/\/akunq.net\/tr\/?p=62823","name":"\u0130stanbul\u2019da S\u00fcryani Kilisesi in\u015faat\u0131 s\u00fcr\u00fcyor - Bati Ermenistan Ve Bati Ermenileri Sorunlari Ara\u015ftirmalar Merkezi","isPartOf":{"@id":"https:\/\/akunq.net\/tr\/#website"},"primaryImageOfPage":{"@id":"https:\/\/akunq.net\/tr\/?p=62823#primaryimage"},"image":{"@id":"https:\/\/akunq.net\/tr\/?p=62823#primaryimage"},"thumbnailUrl":"https:\/\/akunq.net\/tr\/wp-content\/uploads\/sites\/6\/2021\/05\/\u0130stanbul\u2019da-S\u00fcryani-Kilisesi.jpeg","datePublished":"2021-05-10T07:52:37+00:00","author":{"@id":"https:\/\/akunq.net\/tr\/#\/schema\/person\/096f1d38a12cce57fb855b485ed24c9e"},"breadcrumb":{"@id":"https:\/\/akunq.net\/tr\/?p=62823#breadcrumb"},"inLanguage":"en-US","potentialAction":[{"@type":"ReadAction","target":["https:\/\/akunq.net\/tr\/?p=62823"]}]},{"@type":"ImageObject","inLanguage":"en-US","@id":"https:\/\/akunq.net\/tr\/?p=62823#primaryimage","url":"https:\/\/akunq.net\/tr\/wp-content\/uploads\/sites\/6\/2021\/05\/\u0130stanbul\u2019da-S\u00fcryani-Kilisesi.jpeg","contentUrl":"https:\/\/akunq.net\/tr\/wp-content\/uploads\/sites\/6\/2021\/05\/\u0130stanbul\u2019da-S\u00fcryani-Kilisesi.jpeg","width":1280,"height":720},{"@type":"BreadcrumbList","@id":"https:\/\/akunq.net\/tr\/?p=62823#breadcrumb","itemListElement":[{"@type":"ListItem","position":1,"name":"Home","item":"https:\/\/akunq.net\/tr"},{"@type":"ListItem","position":2,"name":"\u0130stanbul\u2019da S\u00fcryani Kilisesi in\u015faat\u0131 s\u00fcr\u00fcyor"}]},{"@type":"WebSite","@id":"https:\/\/akunq.net\/tr\/#website","url":"https:\/\/akunq.net\/tr\/","name":"Bati Ermenistan Ve Bati Ermenileri Sorunlari Ara\u015ftirmalar Merkezi","description":"","potentialAction":[{"@type":"SearchAction","target":{"@type":"EntryPoint","urlTemplate":"https:\/\/akunq.net\/tr\/?s={search_term_string}"},"query-input":{"@type":"PropertyValueSpecification","valueRequired":true,"valueName":"search_term_string"}}],"inLanguage":"en-US"},{"@type":"Person","@id":"https:\/\/akunq.net\/tr\/#\/schema\/person\/096f1d38a12cce57fb855b485ed24c9e","name":"admin","url":"https:\/\/akunq.net\/tr\/?author=7"}]}},"_links":{"self":[{"href":"https:\/\/akunq.net\/tr\/index.php?rest_route=\/wp\/v2\/posts\/62823","targetHints":{"allow":["GET"]}}],"collection":[{"href":"https:\/\/akunq.net\/tr\/index.php?rest_route=\/wp\/v2\/posts"}],"about":[{"href":"https:\/\/akunq.net\/tr\/index.php?rest_route=\/wp\/v2\/types\/post"}],"author":[{"embeddable":true,"href":"https:\/\/akunq.net\/tr\/index.php?rest_route=\/wp\/v2\/users\/7"}],"replies":[{"embeddable":true,"href":"https:\/\/akunq.net\/tr\/index.php?rest_route=%2Fwp%2Fv2%2Fcomments&post=62823"}],"version-history":[{"count":1,"href":"https:\/\/akunq.net\/tr\/index.php?rest_route=\/wp\/v2\/posts\/62823\/revisions"}],"predecessor-version":[{"id":62825,"href":"https:\/\/akunq.net\/tr\/index.php?rest_route=\/wp\/v2\/posts\/62823\/revisions\/62825"}],"wp:featuredmedia":[{"embeddable":true,"href":"https:\/\/akunq.net\/tr\/index.php?rest_route=\/wp\/v2\/media\/62824"}],"wp:attachment":[{"href":"https:\/\/akunq.net\/tr\/index.php?rest_route=%2Fwp%2Fv2%2Fmedia&parent=62823"}],"wp:term":[{"taxonomy":"category","embeddable":true,"href":"https:\/\/akunq.net\/tr\/index.php?rest_route=%2Fwp%2Fv2%2Fcategories&post=62823"},{"taxonomy":"post_tag","embeddable":true,"href":"https:\/\/akunq.net\/tr\/index.php?rest_route=%2Fwp%2Fv2%2Ftags&post=62823"}],"curies":[{"name":"wp","href":"https:\/\/api.w.org\/{rel}","templated":true}]}}