{"id":62817,"date":"2021-05-10T02:36:14","date_gmt":"2021-05-10T07:36:14","guid":{"rendered":"https:\/\/akunq.net\/tr\/?p=62817"},"modified":"2021-05-10T02:36:14","modified_gmt":"2021-05-10T07:36:14","slug":"suryanilerin-unesco-sevinci","status":"publish","type":"post","link":"https:\/\/akunq.net\/tr\/?p=62817","title":{"rendered":"S\u00fcryanilerin UNESCO Sevinci"},"content":{"rendered":"<p><img loading=\"lazy\" decoding=\"async\" class=\"aligncenter size-medium wp-image-62818\" src=\"https:\/\/akunq.net\/tr\/wp-content\/uploads\/2021\/05\/S\u00fcryanilerin-UNESCO-Sevinci-360x203.jpg\" alt=\"\" width=\"360\" height=\"203\" srcset=\"https:\/\/akunq.net\/tr\/wp-content\/uploads\/sites\/6\/2021\/05\/S\u00fcryanilerin-UNESCO-Sevinci-360x203.jpg 360w, https:\/\/akunq.net\/tr\/wp-content\/uploads\/sites\/6\/2021\/05\/S\u00fcryanilerin-UNESCO-Sevinci-768x432.jpg 768w, https:\/\/akunq.net\/tr\/wp-content\/uploads\/sites\/6\/2021\/05\/S\u00fcryanilerin-UNESCO-Sevinci-560x315.jpg 560w, https:\/\/akunq.net\/tr\/wp-content\/uploads\/sites\/6\/2021\/05\/S\u00fcryanilerin-UNESCO-Sevinci-260x146.jpg 260w, https:\/\/akunq.net\/tr\/wp-content\/uploads\/sites\/6\/2021\/05\/S\u00fcryanilerin-UNESCO-Sevinci-160x90.jpg 160w, https:\/\/akunq.net\/tr\/wp-content\/uploads\/sites\/6\/2021\/05\/S\u00fcryanilerin-UNESCO-Sevinci.jpg 1200w\" sizes=\"auto, (max-width: 360px) 100vw, 360px\" \/><\/p>\n<p><strong>Mahmut Bozarslan<\/strong><\/p>\n<p><em><strong>Mardin\u2019de S\u00fcryanilerin Tur Abdin olarak adland\u0131rd\u0131\u011f\u0131 b\u00f6lgedeki antik \u00e7a\u011flardan kalma 9 ibadethanenin, UNESCO D\u00fcnya K\u00fclt\u00fcr\u00fc Miras\u0131 Ge\u00e7ici Listesi\u2019ne al\u0131nmas\u0131 S\u00fcryanileri sevindirdi. Tarihi ibadethanelerin kal\u0131c\u0131 listeye al\u0131nmas\u0131n\u0131 bekleyen S\u00fcryani cemaati, bu yolla varl\u0131klar\u0131n\u0131n yok olma tehlikesinden kurtulaca\u011f\u0131n\u0131 d\u00fc\u015f\u00fcn\u00fcyor.<\/strong><\/em><\/p>\n<p>Tur Abdin Mardin\u2019in Midyat \u0130l\u00e7esindeki bir b\u00f6lgeye S\u00fcryaniler taraf\u0131ndan verilen ad. Anlam\u0131 \u2018Tanr\u0131n\u0131n kullar\u0131n\u0131n da\u011f\u0131\u2019 anlam\u0131na gelen Tur Abdin S\u00fcryanilerin b\u00f6lgedeki en \u00f6nemli k\u00fclt\u00fcr ve inan\u00e7 merkezi konumunda. Yery\u00fcz\u00fcnde ayakta kalm\u0131\u015f en eski S\u00fcryani Ortodoks Manast\u0131r\u0131 olan Mor Gabriel Manast\u0131r\u0131 da bu b\u00f6lgede bulunuyor.<\/p>\n<p>Bu b\u00f6lgede bulunan S\u00fcryanilere ait 9 ibadethane UNESCO D\u00fcnya K\u00fclt\u00fcr\u00fc Miras\u0131 Ge\u00e7ici Listesi\u2019ne al\u0131nd\u0131. \u2018Midyat ve \u00e7evresindeki ge\u00e7 antik ve orta \u00e7a\u011f kilise ve manast\u0131rlar\u0131\u2019 ba\u015fl\u0131kl\u0131 duyuruda Mor Sobo Kilisesi, Meryem Ana Kilisesi, Deyrulzafaran Manast\u0131r\u0131, Mor Gabriel Manast\u0131r\u0131, Mor Abai Manast\u0131r\u0131, Mor Loozor Manast\u0131r\u0131, Mor Yakup Manast\u0131r\u0131, Mor Quryaqos Kilisesi ve Mor Azozo Kilisesi\u2019nin 15 Nisan 2021 tarihli kararla ge\u00e7ici listeye al\u0131nd\u0131\u011f\u0131 a\u00e7\u0131kland\u0131.<\/p>\n<p>UNESCO\u2019nun internet sitesinde yer alan duyuruda karar\u0131n gerek\u00e7esi \u015f\u00f6yle a\u00e7\u0131kland\u0131; \u201dSe\u00e7ilen bile\u015fenler, yap\u0131sal b\u00fct\u00fcnl\u00fckleri ve \u00f6zg\u00fcnl\u00fckleriyle t\u00fcm anahtar nitelikleri i\u00e7erir. Ge\u00e7ici listeye dahil edilmek \u00fczere se\u00e7ilen Tur Abdin b\u00f6lgesindeki kiliseler ve manast\u0131rlar g\u00fcn\u00fcm\u00fcze kadar orijinal konumlar\u0131nda duruyorlar. Yerle\u015fim, \u00e7evre, mimari d\u00fczen ve yap\u0131 formlar\u0131 \u00f6nemli bir de\u011fi\u015fiklik olmadan g\u00fcn\u00fcm\u00fcze ula\u015fm\u0131\u015ft\u0131r. Bu bina tipinin b\u00fct\u00fcnl\u00fc\u011f\u00fcn\u00fc ve belirgin bir \u015fekilde tek tip karakterini temsil ederler. Ge\u00e7 Antik d\u00f6nemden kalma yap\u0131lar b\u00fcy\u00fck \u00f6l\u00e7\u00fcde korunmu\u015f olup, plan tipleri, mimari s\u00fcsleme ve yap\u0131 teknikleri a\u00e7\u0131s\u0131ndan \u00f6zg\u00fcnl\u00fck ve b\u00fct\u00fcnl\u00fcklerini korumaktad\u0131rlar.\u201d<\/p>\n<p><strong>Karar S\u00fcryanileri sevindirdi<\/strong><\/p>\n<p>Karar\u0131 VOA T\u00fcrk\u00e7e\u2019ye de\u011ferlendiren S\u00fcryani Dernekleri Federasyonu Ba\u015fkan\u0131 Evgin T\u00fcrker, karardan memnuniyet duyduklar\u0131n\u0131 s\u00f6yledi. T\u00fcrker, karar\u0131n sadece S\u00fcryanilerin de\u011fil b\u00fct\u00fcn T\u00fcrkiye\u2019nin yarar\u0131na oldu\u011funu belirterek, bu yolla tarihi eserlerin korunaca\u011f\u0131n\u0131 s\u00f6yledi. B\u00f6lgenin kal\u0131c\u0131 listeye al\u0131nmas\u0131n\u0131 beklediklerini s\u00f6yleyen T\u00fcrker, \u201cBu b\u00f6lgede 300\u2019e yak\u0131n manast\u0131r vard\u0131. Bunlar\u0131n bir\u00e7o\u011fu tahrip edildi, yok edildi. UNESCO korumas\u0131 alt\u0131na al\u0131nan manast\u0131rlar hala ayaktalar, hala oralarda insanlar ya\u015famaktad\u0131r. Bunlar\u0131n UNESCO korumas\u0131na al\u0131nmas\u0131 iyidir. S\u00fcryaniler in\u015fa ettiler, onlar\u0131n ad\u0131 ile an\u0131lmaktad\u0131r ama bunlar b\u00f6lgenin, T\u00fcrkiye\u2019nin ve b\u00fct\u00fcn insanlar\u0131n miras\u0131d\u0131r. Bunlar\u0131n korunmas\u0131 ger\u00e7ekten bizi sevindiriyor. Buradaki halklar\u0131 da sevindiriyor. Bunlar turist \u00e7eker buraya, ki bu haliyle bile turist \u00e7ekiyor. Bu b\u00f6lge halklar\u0131 i\u00e7in olumludur tabii biz kal\u0131c\u0131 listeye al\u0131nmas\u0131n\u0131 bekliyoruz\u201d dedi.<\/p>\n<p><strong>\u201cKal\u0131c\u0131 listeye girmesini istiyoruz\u201d<\/strong><\/p>\n<p>Mardin Metropoliti Saliba \u00d6zmen ise karar\u0131n b\u00f6lgede turizmi canland\u0131raca\u011f\u0131n\u0131 ifade etti. VOA T\u00fcrk\u00e7e\u2019ye konu\u015fan \u00d6zmen da beklentisinin eserlerin kal\u0131c\u0131 listeye al\u0131nmas\u0131 oldu\u011funa dikkat \u00e7ekti. \u00d6zmen, \u201cKal\u0131c\u0131 liseye girmesi bizi daha \u00e7ok sevindirecektir. \u00dclkemiz, b\u00f6lgemiz, miras\u0131m\u0131z i\u00e7in \u00e7ok de\u011ferli maddi, manevi katk\u0131lar\u0131 olacakt\u0131r. \u00d6zellikle turizm ve inan\u00e7 turizmi baz\u0131nda \u00f6nemli avantajlar\u0131 olacakt\u0131r. Bir yandan UNESCO taraf\u0131ndan korumaya al\u0131nacak, \u00f6te yandan \u00fclkemiz i\u00e7in turizmini g\u00fc\u00e7lendirecektir. Ba\u015fka tarihi eserlerin de listeye al\u0131nmas\u0131 laz\u0131m. Bunlar\u0131n da ayakta kalmas\u0131 gerekiyor. T\u00fcrkiye\u2019de bir\u00e7ok yerde tarihi eser var. Maalesef baz\u0131lar\u0131 \u00e7ok k\u00f6t\u00fc duruma ve bunlar\u0131n korunmas\u0131 \u00fclkemizin zenginli\u011fi a\u00e7\u0131s\u0131ndan \u00e7ok \u00f6nemlidir\u201d diye konu\u015ftu.<\/p>\n<p><strong>S\u00fcre\u00e7 nas\u0131l i\u015fliyor?<\/strong><\/p>\n<p>UNESCO D\u00fcnya K\u00fclt\u00fcrel ve Do\u011fal Miras\u0131n\u0131n Korunmas\u0131na Dair S\u00f6zle\u015fme kapsam\u0131nda taraf devletler, D\u00fcnya Miras Listesi\u2019ne kaydedilmesi uygun olan varl\u0131klara ili\u015fkin envanterlerini UNESCO D\u00fcnya Miras Merkezi\u2019ne iletmekle y\u00fck\u00fcml\u00fc. UNESCO D\u00fcnya Miras Merkezi\u2019nce yay\u0131nlanan bu listede yer alan varl\u0131klara ili\u015fkin haz\u0131rlanan adayl\u0131k dosyalar\u0131 D\u00fcnya Miras Komitesi\u2019ne sunuluyor. Ge\u00e7ici Listeler haz\u0131rlan\u0131rken varl\u0131klar\u0131n D\u00fcnya Miras Komitesi\u2019nce belirlenen kriterleri kar\u015f\u0131lama durumlar\u0131 ile mimari, tarihi, estetik ve k\u00fclt\u00fcrel, ekonomik, sosyal, sembolik ve felsefi \u00f6zellikleri de dikkate al\u0131n\u0131yor.<\/p>\n<p>A\u015fa\u011f\u0131daki kriterlere uyan eserler D\u00fcnya Miras Listesi\u2019ne giriyor<\/p>\n<p>\u201c\u0130nsano\u011flunun yarat\u0131c\u0131 dehas\u0131n\u0131n bir \u015faheserini temsil eder;mimari veya teknoloji, abidevi sanatlar, \u015fehir planlama veya peyzaj tasar\u0131m\u0131 konusundaki geli\u015fmeler \u00fczerine bir zaman zarf\u0131 i\u00e7inde d\u00fcnyan\u0131n belli bir k\u00fclt\u00fcrel alan\u0131nda insan de\u011ferleri aras\u0131ndaki \u00f6nemli al\u0131\u015fveri\u015fi sergiler;ya\u015fayan veya ortadan yok olmu\u015f bir k\u00fclt\u00fcrel gelene\u011fe veya bir medeniyete y\u00f6nelik e\u015fsiz veya en az\u0131ndan istisnai tan\u0131kl\u0131k \u00fcstlenir;insanl\u0131k tarihinde \u00f6nemli bir a\u015famay\u0131 veya a\u015famalar\u0131 g\u00f6steren bir yap\u0131 t\u00fcr\u00fc, mimari veya teknolojik grup veya peyzaj i\u00e7in istisnai bir \u00f6rnek olur;\u00f6zellikle geri d\u00f6nd\u00fcr\u00fclemez de\u011fi\u015fikliklerin etkisi alt\u0131nda hassas hale gelen insan\u0131n \u00e7evre ile etkile\u015fiminin veya k\u00fclt\u00fcr\u00fcn (veya k\u00fclt\u00fcrlerin) bir temsilcisi olan geleneksel insan yerle\u015fimi, arazi kullan\u0131m\u0131 veya deniz kullan\u0131m\u0131n\u0131n istisnai bir \u00f6rne\u011fi olur;istisnai evrensel \u00f6neme sahip olaylar veya ya\u015fayan gelenekler ile, fikirler ile veya inan\u00e7lar ile, sanatsal ve edebi eserler ile do\u011frudan veya somut bir bi\u00e7imde ili\u015fkili olur. (Komite bu kriterin tercihen di\u011fer kriterler ile birlikte kullan\u0131lmas\u0131 gerekti\u011fini kabul etmektedir.); \u00fcst\u00fcn do\u011fal bir fenomeni veya istisnai bir do\u011fal g\u00fczelli\u011fe veya estetik \u00f6neme sahip alanlar\u0131 ihtiva eder; ya\u015fam\u0131n kayd\u0131, yer \u015fekillerinin olu\u015fumunda devam eden co\u011frafik s\u00fcre\u00e7ler veya \u00f6nemli jeomorfik veya fizyografik \u00f6zellikler dahil d\u00fcnya tarihinin \u00f6nemli a\u015famalar\u0131n\u0131 temsil eden istisnai \u00f6rnekler olurlar; kara, tatl\u0131 su, k\u0131y\u0131 ve deniz ekosistemlerinin ve bitki ve hayvan topluluklar\u0131n\u0131n evrim ve geli\u015fimindeki devam eden \u00f6nemli ekolojik ve biyolojik s\u00fcre\u00e7leri temsil eden istisnai \u00f6rnekler olurlar; bilim veya muhafaza a\u00e7\u0131s\u0131ndan istisnai evrensel de\u011fere sahip tehdit alt\u0131ndaki t\u00fcrleri ihtiva edenler dahil biyolojik \u00e7e\u015fitlili\u011fin yerinde korunmas\u0131 i\u00e7in en \u00f6nemli ve dikkat \u00e7eken do\u011fal habitatlar\u0131 kapsar.\u201d<\/p>\n<p>UNESCO, listeye giren eserlerin toplumlar ve h\u00fck\u00fcmetler nezdinde fark\u0131ndal\u0131k yaratmas\u0131na yard\u0131mc\u0131 olurken, bunlar\u0131n korunmas\u0131 i\u00e7in finansal destek sa\u011fl\u0131yor.<\/p>\n<hr \/>\n<p><em><strong><a href=\"https:\/\/www.amerikaninsesi.com\/a\/suryanilerin-unesco-sevinci\/5883739.html\" target=\"_blank\" rel=\"noopener noreferrer\">VOA<\/a><\/strong><\/em><\/p>\n","protected":false},"excerpt":{"rendered":"<p>Mahmut Bozarslan Mardin\u2019de S\u00fcryanilerin Tur Abdin olarak adland\u0131rd\u0131\u011f\u0131 b\u00f6lgedeki antik \u00e7a\u011flardan kalma 9 ibadethanenin, UNESCO D\u00fcnya K\u00fclt\u00fcr\u00fc Miras\u0131 Ge\u00e7ici Listesi\u2019ne al\u0131nmas\u0131 S\u00fcryanileri sevindirdi. Tarihi ibadethanelerin kal\u0131c\u0131 listeye al\u0131nmas\u0131n\u0131 bekleyen S\u00fcryani cemaati, bu yolla varl\u0131klar\u0131n\u0131n yok olma tehlikesinden kurtulaca\u011f\u0131n\u0131 d\u00fc\u015f\u00fcn\u00fcyor. Tur Abdin Mardin\u2019in Midyat \u0130l\u00e7esindeki bir b\u00f6lgeye S\u00fcryaniler taraf\u0131ndan verilen ad. Anlam\u0131 \u2018Tanr\u0131n\u0131n kullar\u0131n\u0131n da\u011f\u0131\u2019 anlam\u0131na [&hellip;]<\/p>\n","protected":false},"author":7,"featured_media":62818,"comment_status":"open","ping_status":"open","sticky":false,"template":"","format":"standard","meta":{"footnotes":""},"categories":[1,53],"tags":[],"class_list":["post-62817","post","type-post","status-publish","format-standard","has-post-thumbnail","hentry","category-haberler","category-turkiyede-azinliklar"],"yoast_head":"<!-- This site is optimized with the Yoast SEO plugin v27.4 - https:\/\/yoast.com\/product\/yoast-seo-wordpress\/ -->\n<title>S\u00fcryanilerin UNESCO Sevinci - Bati Ermenistan Ve Bati Ermenileri Sorunlari Ara\u015ftirmalar Merkezi<\/title>\n<meta name=\"robots\" content=\"index, follow, max-snippet:-1, max-image-preview:large, max-video-preview:-1\" \/>\n<link rel=\"canonical\" href=\"https:\/\/akunq.net\/tr\/?p=62817\" \/>\n<meta property=\"og:locale\" content=\"en_US\" \/>\n<meta property=\"og:type\" content=\"article\" \/>\n<meta property=\"og:title\" content=\"S\u00fcryanilerin UNESCO Sevinci - Bati Ermenistan Ve Bati Ermenileri Sorunlari Ara\u015ftirmalar Merkezi\" \/>\n<meta property=\"og:description\" content=\"Mahmut Bozarslan Mardin\u2019de S\u00fcryanilerin Tur Abdin olarak adland\u0131rd\u0131\u011f\u0131 b\u00f6lgedeki antik \u00e7a\u011flardan kalma 9 ibadethanenin, UNESCO D\u00fcnya K\u00fclt\u00fcr\u00fc Miras\u0131 Ge\u00e7ici Listesi\u2019ne al\u0131nmas\u0131 S\u00fcryanileri sevindirdi. Tarihi ibadethanelerin kal\u0131c\u0131 listeye al\u0131nmas\u0131n\u0131 bekleyen S\u00fcryani cemaati, bu yolla varl\u0131klar\u0131n\u0131n yok olma tehlikesinden kurtulaca\u011f\u0131n\u0131 d\u00fc\u015f\u00fcn\u00fcyor. Tur Abdin Mardin\u2019in Midyat \u0130l\u00e7esindeki bir b\u00f6lgeye S\u00fcryaniler taraf\u0131ndan verilen ad. Anlam\u0131 \u2018Tanr\u0131n\u0131n kullar\u0131n\u0131n da\u011f\u0131\u2019 anlam\u0131na [&hellip;]\" \/>\n<meta property=\"og:url\" content=\"https:\/\/akunq.net\/tr\/?p=62817\" \/>\n<meta property=\"og:site_name\" content=\"Bati Ermenistan Ve Bati Ermenileri Sorunlari Ara\u015ftirmalar Merkezi\" \/>\n<meta property=\"article:published_time\" content=\"2021-05-10T07:36:14+00:00\" \/>\n<meta property=\"og:image\" content=\"https:\/\/akunq.net\/tr\/wp-content\/uploads\/sites\/6\/2021\/05\/S\u00fcryanilerin-UNESCO-Sevinci.jpg\" \/>\n\t<meta property=\"og:image:width\" content=\"1200\" \/>\n\t<meta property=\"og:image:height\" content=\"675\" \/>\n\t<meta property=\"og:image:type\" content=\"image\/jpeg\" \/>\n<meta name=\"author\" content=\"admin\" \/>\n<meta name=\"twitter:card\" content=\"summary_large_image\" \/>\n<meta name=\"twitter:label1\" content=\"Written by\" \/>\n\t<meta name=\"twitter:data1\" content=\"admin\" \/>\n\t<meta name=\"twitter:label2\" content=\"Est. reading time\" \/>\n\t<meta name=\"twitter:data2\" content=\"6 minutes\" \/>\n<script type=\"application\/ld+json\" class=\"yoast-schema-graph\">{\"@context\":\"https:\\\/\\\/schema.org\",\"@graph\":[{\"@type\":\"Article\",\"@id\":\"https:\\\/\\\/akunq.net\\\/tr\\\/?p=62817#article\",\"isPartOf\":{\"@id\":\"https:\\\/\\\/akunq.net\\\/tr\\\/?p=62817\"},\"author\":{\"name\":\"admin\",\"@id\":\"https:\\\/\\\/akunq.net\\\/tr\\\/#\\\/schema\\\/person\\\/096f1d38a12cce57fb855b485ed24c9e\"},\"headline\":\"S\u00fcryanilerin UNESCO Sevinci\",\"datePublished\":\"2021-05-10T07:36:14+00:00\",\"mainEntityOfPage\":{\"@id\":\"https:\\\/\\\/akunq.net\\\/tr\\\/?p=62817\"},\"wordCount\":1142,\"commentCount\":0,\"image\":{\"@id\":\"https:\\\/\\\/akunq.net\\\/tr\\\/?p=62817#primaryimage\"},\"thumbnailUrl\":\"https:\\\/\\\/akunq.net\\\/tr\\\/wp-content\\\/uploads\\\/sites\\\/6\\\/2021\\\/05\\\/S\u00fcryanilerin-UNESCO-Sevinci.jpg\",\"articleSection\":[\"Haberler\",\"T\u00fcrkiye\u2019de Az\u0131nl\u0131klar\"],\"inLanguage\":\"en-US\",\"potentialAction\":[{\"@type\":\"CommentAction\",\"name\":\"Comment\",\"target\":[\"https:\\\/\\\/akunq.net\\\/tr\\\/?p=62817#respond\"]}]},{\"@type\":\"WebPage\",\"@id\":\"https:\\\/\\\/akunq.net\\\/tr\\\/?p=62817\",\"url\":\"https:\\\/\\\/akunq.net\\\/tr\\\/?p=62817\",\"name\":\"S\u00fcryanilerin UNESCO Sevinci - Bati Ermenistan Ve Bati Ermenileri Sorunlari Ara\u015ftirmalar Merkezi\",\"isPartOf\":{\"@id\":\"https:\\\/\\\/akunq.net\\\/tr\\\/#website\"},\"primaryImageOfPage\":{\"@id\":\"https:\\\/\\\/akunq.net\\\/tr\\\/?p=62817#primaryimage\"},\"image\":{\"@id\":\"https:\\\/\\\/akunq.net\\\/tr\\\/?p=62817#primaryimage\"},\"thumbnailUrl\":\"https:\\\/\\\/akunq.net\\\/tr\\\/wp-content\\\/uploads\\\/sites\\\/6\\\/2021\\\/05\\\/S\u00fcryanilerin-UNESCO-Sevinci.jpg\",\"datePublished\":\"2021-05-10T07:36:14+00:00\",\"author\":{\"@id\":\"https:\\\/\\\/akunq.net\\\/tr\\\/#\\\/schema\\\/person\\\/096f1d38a12cce57fb855b485ed24c9e\"},\"breadcrumb\":{\"@id\":\"https:\\\/\\\/akunq.net\\\/tr\\\/?p=62817#breadcrumb\"},\"inLanguage\":\"en-US\",\"potentialAction\":[{\"@type\":\"ReadAction\",\"target\":[\"https:\\\/\\\/akunq.net\\\/tr\\\/?p=62817\"]}]},{\"@type\":\"ImageObject\",\"inLanguage\":\"en-US\",\"@id\":\"https:\\\/\\\/akunq.net\\\/tr\\\/?p=62817#primaryimage\",\"url\":\"https:\\\/\\\/akunq.net\\\/tr\\\/wp-content\\\/uploads\\\/sites\\\/6\\\/2021\\\/05\\\/S\u00fcryanilerin-UNESCO-Sevinci.jpg\",\"contentUrl\":\"https:\\\/\\\/akunq.net\\\/tr\\\/wp-content\\\/uploads\\\/sites\\\/6\\\/2021\\\/05\\\/S\u00fcryanilerin-UNESCO-Sevinci.jpg\",\"width\":1200,\"height\":675},{\"@type\":\"BreadcrumbList\",\"@id\":\"https:\\\/\\\/akunq.net\\\/tr\\\/?p=62817#breadcrumb\",\"itemListElement\":[{\"@type\":\"ListItem\",\"position\":1,\"name\":\"Home\",\"item\":\"https:\\\/\\\/akunq.net\\\/tr\"},{\"@type\":\"ListItem\",\"position\":2,\"name\":\"S\u00fcryanilerin UNESCO Sevinci\"}]},{\"@type\":\"WebSite\",\"@id\":\"https:\\\/\\\/akunq.net\\\/tr\\\/#website\",\"url\":\"https:\\\/\\\/akunq.net\\\/tr\\\/\",\"name\":\"Bati Ermenistan Ve Bati Ermenileri Sorunlari Ara\u015ftirmalar Merkezi\",\"description\":\"\",\"potentialAction\":[{\"@type\":\"SearchAction\",\"target\":{\"@type\":\"EntryPoint\",\"urlTemplate\":\"https:\\\/\\\/akunq.net\\\/tr\\\/?s={search_term_string}\"},\"query-input\":{\"@type\":\"PropertyValueSpecification\",\"valueRequired\":true,\"valueName\":\"search_term_string\"}}],\"inLanguage\":\"en-US\"},{\"@type\":\"Person\",\"@id\":\"https:\\\/\\\/akunq.net\\\/tr\\\/#\\\/schema\\\/person\\\/096f1d38a12cce57fb855b485ed24c9e\",\"name\":\"admin\",\"url\":\"https:\\\/\\\/akunq.net\\\/tr\\\/?author=7\"}]}<\/script>\n<!-- \/ Yoast SEO plugin. -->","yoast_head_json":{"title":"S\u00fcryanilerin UNESCO Sevinci - Bati Ermenistan Ve Bati Ermenileri Sorunlari Ara\u015ftirmalar Merkezi","robots":{"index":"index","follow":"follow","max-snippet":"max-snippet:-1","max-image-preview":"max-image-preview:large","max-video-preview":"max-video-preview:-1"},"canonical":"https:\/\/akunq.net\/tr\/?p=62817","og_locale":"en_US","og_type":"article","og_title":"S\u00fcryanilerin UNESCO Sevinci - Bati Ermenistan Ve Bati Ermenileri Sorunlari Ara\u015ftirmalar Merkezi","og_description":"Mahmut Bozarslan Mardin\u2019de S\u00fcryanilerin Tur Abdin olarak adland\u0131rd\u0131\u011f\u0131 b\u00f6lgedeki antik \u00e7a\u011flardan kalma 9 ibadethanenin, UNESCO D\u00fcnya K\u00fclt\u00fcr\u00fc Miras\u0131 Ge\u00e7ici Listesi\u2019ne al\u0131nmas\u0131 S\u00fcryanileri sevindirdi. Tarihi ibadethanelerin kal\u0131c\u0131 listeye al\u0131nmas\u0131n\u0131 bekleyen S\u00fcryani cemaati, bu yolla varl\u0131klar\u0131n\u0131n yok olma tehlikesinden kurtulaca\u011f\u0131n\u0131 d\u00fc\u015f\u00fcn\u00fcyor. Tur Abdin Mardin\u2019in Midyat \u0130l\u00e7esindeki bir b\u00f6lgeye S\u00fcryaniler taraf\u0131ndan verilen ad. Anlam\u0131 \u2018Tanr\u0131n\u0131n kullar\u0131n\u0131n da\u011f\u0131\u2019 anlam\u0131na [&hellip;]","og_url":"https:\/\/akunq.net\/tr\/?p=62817","og_site_name":"Bati Ermenistan Ve Bati Ermenileri Sorunlari Ara\u015ftirmalar Merkezi","article_published_time":"2021-05-10T07:36:14+00:00","og_image":[{"width":1200,"height":675,"url":"https:\/\/akunq.net\/tr\/wp-content\/uploads\/sites\/6\/2021\/05\/S\u00fcryanilerin-UNESCO-Sevinci.jpg","type":"image\/jpeg"}],"author":"admin","twitter_card":"summary_large_image","twitter_misc":{"Written by":"admin","Est. reading time":"6 minutes"},"schema":{"@context":"https:\/\/schema.org","@graph":[{"@type":"Article","@id":"https:\/\/akunq.net\/tr\/?p=62817#article","isPartOf":{"@id":"https:\/\/akunq.net\/tr\/?p=62817"},"author":{"name":"admin","@id":"https:\/\/akunq.net\/tr\/#\/schema\/person\/096f1d38a12cce57fb855b485ed24c9e"},"headline":"S\u00fcryanilerin UNESCO Sevinci","datePublished":"2021-05-10T07:36:14+00:00","mainEntityOfPage":{"@id":"https:\/\/akunq.net\/tr\/?p=62817"},"wordCount":1142,"commentCount":0,"image":{"@id":"https:\/\/akunq.net\/tr\/?p=62817#primaryimage"},"thumbnailUrl":"https:\/\/akunq.net\/tr\/wp-content\/uploads\/sites\/6\/2021\/05\/S\u00fcryanilerin-UNESCO-Sevinci.jpg","articleSection":["Haberler","T\u00fcrkiye\u2019de Az\u0131nl\u0131klar"],"inLanguage":"en-US","potentialAction":[{"@type":"CommentAction","name":"Comment","target":["https:\/\/akunq.net\/tr\/?p=62817#respond"]}]},{"@type":"WebPage","@id":"https:\/\/akunq.net\/tr\/?p=62817","url":"https:\/\/akunq.net\/tr\/?p=62817","name":"S\u00fcryanilerin UNESCO Sevinci - Bati Ermenistan Ve Bati Ermenileri Sorunlari Ara\u015ftirmalar Merkezi","isPartOf":{"@id":"https:\/\/akunq.net\/tr\/#website"},"primaryImageOfPage":{"@id":"https:\/\/akunq.net\/tr\/?p=62817#primaryimage"},"image":{"@id":"https:\/\/akunq.net\/tr\/?p=62817#primaryimage"},"thumbnailUrl":"https:\/\/akunq.net\/tr\/wp-content\/uploads\/sites\/6\/2021\/05\/S\u00fcryanilerin-UNESCO-Sevinci.jpg","datePublished":"2021-05-10T07:36:14+00:00","author":{"@id":"https:\/\/akunq.net\/tr\/#\/schema\/person\/096f1d38a12cce57fb855b485ed24c9e"},"breadcrumb":{"@id":"https:\/\/akunq.net\/tr\/?p=62817#breadcrumb"},"inLanguage":"en-US","potentialAction":[{"@type":"ReadAction","target":["https:\/\/akunq.net\/tr\/?p=62817"]}]},{"@type":"ImageObject","inLanguage":"en-US","@id":"https:\/\/akunq.net\/tr\/?p=62817#primaryimage","url":"https:\/\/akunq.net\/tr\/wp-content\/uploads\/sites\/6\/2021\/05\/S\u00fcryanilerin-UNESCO-Sevinci.jpg","contentUrl":"https:\/\/akunq.net\/tr\/wp-content\/uploads\/sites\/6\/2021\/05\/S\u00fcryanilerin-UNESCO-Sevinci.jpg","width":1200,"height":675},{"@type":"BreadcrumbList","@id":"https:\/\/akunq.net\/tr\/?p=62817#breadcrumb","itemListElement":[{"@type":"ListItem","position":1,"name":"Home","item":"https:\/\/akunq.net\/tr"},{"@type":"ListItem","position":2,"name":"S\u00fcryanilerin UNESCO Sevinci"}]},{"@type":"WebSite","@id":"https:\/\/akunq.net\/tr\/#website","url":"https:\/\/akunq.net\/tr\/","name":"Bati Ermenistan Ve Bati Ermenileri Sorunlari Ara\u015ftirmalar Merkezi","description":"","potentialAction":[{"@type":"SearchAction","target":{"@type":"EntryPoint","urlTemplate":"https:\/\/akunq.net\/tr\/?s={search_term_string}"},"query-input":{"@type":"PropertyValueSpecification","valueRequired":true,"valueName":"search_term_string"}}],"inLanguage":"en-US"},{"@type":"Person","@id":"https:\/\/akunq.net\/tr\/#\/schema\/person\/096f1d38a12cce57fb855b485ed24c9e","name":"admin","url":"https:\/\/akunq.net\/tr\/?author=7"}]}},"_links":{"self":[{"href":"https:\/\/akunq.net\/tr\/index.php?rest_route=\/wp\/v2\/posts\/62817","targetHints":{"allow":["GET"]}}],"collection":[{"href":"https:\/\/akunq.net\/tr\/index.php?rest_route=\/wp\/v2\/posts"}],"about":[{"href":"https:\/\/akunq.net\/tr\/index.php?rest_route=\/wp\/v2\/types\/post"}],"author":[{"embeddable":true,"href":"https:\/\/akunq.net\/tr\/index.php?rest_route=\/wp\/v2\/users\/7"}],"replies":[{"embeddable":true,"href":"https:\/\/akunq.net\/tr\/index.php?rest_route=%2Fwp%2Fv2%2Fcomments&post=62817"}],"version-history":[{"count":1,"href":"https:\/\/akunq.net\/tr\/index.php?rest_route=\/wp\/v2\/posts\/62817\/revisions"}],"predecessor-version":[{"id":62819,"href":"https:\/\/akunq.net\/tr\/index.php?rest_route=\/wp\/v2\/posts\/62817\/revisions\/62819"}],"wp:featuredmedia":[{"embeddable":true,"href":"https:\/\/akunq.net\/tr\/index.php?rest_route=\/wp\/v2\/media\/62818"}],"wp:attachment":[{"href":"https:\/\/akunq.net\/tr\/index.php?rest_route=%2Fwp%2Fv2%2Fmedia&parent=62817"}],"wp:term":[{"taxonomy":"category","embeddable":true,"href":"https:\/\/akunq.net\/tr\/index.php?rest_route=%2Fwp%2Fv2%2Fcategories&post=62817"},{"taxonomy":"post_tag","embeddable":true,"href":"https:\/\/akunq.net\/tr\/index.php?rest_route=%2Fwp%2Fv2%2Ftags&post=62817"}],"curies":[{"name":"wp","href":"https:\/\/api.w.org\/{rel}","templated":true}]}}