{"id":62814,"date":"2021-05-10T02:15:41","date_gmt":"2021-05-10T07:15:41","guid":{"rendered":"https:\/\/akunq.net\/tr\/?p=62814"},"modified":"2021-05-17T04:09:59","modified_gmt":"2021-05-17T09:09:59","slug":"dunden-bugune-adana-ve-ermeniler","status":"publish","type":"post","link":"https:\/\/akunq.net\/tr\/?p=62814","title":{"rendered":"D\u00fcnden bug\u00fcne Adana ve Ermeniler"},"content":{"rendered":"<p><img loading=\"lazy\" decoding=\"async\" class=\"aligncenter size-medium wp-image-62815\" src=\"https:\/\/akunq.net\/tr\/wp-content\/uploads\/2021\/05\/Adana-ve-Ermeniler-360x237.jpg\" alt=\"\" width=\"360\" height=\"237\" srcset=\"https:\/\/akunq.net\/tr\/wp-content\/uploads\/sites\/6\/2021\/05\/Adana-ve-Ermeniler-360x237.jpg 360w, https:\/\/akunq.net\/tr\/wp-content\/uploads\/sites\/6\/2021\/05\/Adana-ve-Ermeniler-768x505.jpg 768w, https:\/\/akunq.net\/tr\/wp-content\/uploads\/sites\/6\/2021\/05\/Adana-ve-Ermeniler-560x368.jpg 560w, https:\/\/akunq.net\/tr\/wp-content\/uploads\/sites\/6\/2021\/05\/Adana-ve-Ermeniler-260x171.jpg 260w, https:\/\/akunq.net\/tr\/wp-content\/uploads\/sites\/6\/2021\/05\/Adana-ve-Ermeniler-160x105.jpg 160w, https:\/\/akunq.net\/tr\/wp-content\/uploads\/sites\/6\/2021\/05\/Adana-ve-Ermeniler.jpg 1000w\" sizes=\"auto, (max-width: 360px) 100vw, 360px\" \/><\/p>\n<p><strong><em>ABD Ba\u015fkan\u0131 Joe Biden\u2019\u0131n 24 Nisan\u2019da yapt\u0131\u011f\u0131 a\u00e7\u0131klama sonras\u0131nda Adana\u2019daki \u0130ncirlik \u00dcss\u00fc yeniden g\u00fcndeme geldi. \u0130ncirlik deyince ak\u0131llara ABD\u2019de Ermeniler taraf\u0131ndan a\u00e7\u0131lan bir dizi dava geliyor. Adana mahkemelerinde son y\u0131llarda a\u00e7\u0131lan baz\u0131 davalar da buna eklenince \u2018Adana ve Ermeniler\u2019 konusu \u00f6n\u00fcm\u00fczdeki g\u00fcnlerde s\u0131k s\u0131k g\u00fcndeme gelecek gibi g\u00f6r\u00fcn\u00fcyor.<\/em><\/strong><\/p>\n<p><strong>Taner Tala\u015f\/Adana<\/strong><\/p>\n<p>ABD Ba\u015fkan Joe Biden\u2019\u0131n 1915 y\u0131l\u0131nda Osmanl\u0131 topraklar\u0131nda meydana gelen tehcir konusunda \u201csoyk\u0131r\u0131m\u201d ifadesini kullanmas\u0131 geleneksel T\u00fcrkiye-ABD ili\u015fkilerinin sonuna gelindi\u011finin ilan\u0131 olarak yorumland\u0131.<\/p>\n<p>\u0130\u00e7 politikada Biden\u2019\u0131n a\u00e7\u0131klamas\u0131na y\u00f6nelik tepkiler olu\u015ftu. Cumhurba\u015fkan\u0131 Erdo\u011fan, beklenenin d\u0131\u015f\u0131nda meseleyi i\u00e7 politikaya d\u00f6n\u00fck milliyet\u00e7i ve muhafazak\u00e2r tepkileri ka\u015f\u0131yacak a\u00e7\u0131klamalardan ka\u00e7\u0131n\u0131rken, Milli Savunma Bakanl\u0131\u011f\u0131\u2019n\u0131n al\u0131\u015f\u0131lagelmi\u015fin d\u0131\u015f\u0131nda \u0130ncirlik \u00fczerinden a\u00e7\u0131klama yapmas\u0131, \u00f6n\u00fcm\u00fczdeki g\u00fcnlerde \u0130ncirlik \u00fczerinden kar\u015f\u0131l\u0131kl\u0131 yeni bir tasarrufun olup olmayaca\u011f\u0131 sorular\u0131na yol a\u00e7t\u0131.<\/p>\n<p>Milli Savunma Bakanl\u0131\u011f\u0131 (MSB) a\u00e7\u0131klamas\u0131nda, \u201c\u0130ncirlik \u00dcss\u00fc, TSK\u2019na ait Hava Kuvvetleri \u00fcslerimizden biridir, T\u00fcrk \u00fcss\u00fcd\u00fcr, \u00fczerindeki t\u00fcm tesislerle birlikte m\u00fclkiyeti T\u00fcrkiye Cumhuriyeti Devleti\u2019ne aittir. \u015eanl\u0131 bayra\u011f\u0131m\u0131z 24 saat g\u00f6nderde \u00e7ekilidir ve hi\u00e7bir zaman da inmemi\u015ftir\u201d ifadeleri yer ald\u0131.<\/p>\n<p>Bu a\u00e7\u0131klaman\u0131n milliyet\u00e7i ve muhafazak\u00e2r muhitte, Biden\u2019in a\u00e7\u0131klamas\u0131 sonras\u0131nda \u0130ncirlik \u00dcss\u00fc\u2019n\u00fcn kapat\u0131lmas\u0131 talebinin hakl\u0131l\u0131\u011f\u0131n\u0131n ispat\u0131 i\u00e7in, 1975 y\u0131l\u0131nda K\u0131br\u0131s Harek\u00e2t\u0131 sonras\u0131nda ABD\u2019nin T\u00fcrkiye\u2019ye ambargo uygulamas\u0131 \u00fczerine, d\u00f6nemin ba\u015fbakan\u0131 S\u00fcleyman Demirel ve birinci MC h\u00fck\u00fcmetinin iki payda\u015f\u0131 Erbakan ve T\u00fcrke\u015f\u2019in koalisyon oldu\u011fu h\u00fck\u00fcmetin, \u0130ncirlik \u00dcss\u00fc\u2019n\u00fc kapatmas\u0131 \u00f6rnek olarak g\u00f6sterildi. Devam\u0131nda \u00fcslerin yeniden ABD\u2019ye a\u00e7\u0131lmas\u0131n\u0131n, darbeci General Kenan Evren taraf\u0131ndan yap\u0131ld\u0131\u011f\u0131 da hat\u0131rlat\u0131ld\u0131.<\/p>\n<p>T\u00fcm bu tart\u0131\u015fmalar bizi 2010 y\u0131l\u0131na g\u00f6t\u00fcrd\u00fc.<\/p>\n<p><strong>ABD\u2019de \u0130ncirlik \u00dcss\u00fc davalar\u0131<\/strong><\/p>\n<p>Eyl\u00fcl 2011\u2019de Vatan gazetesinden U\u011fur Ko\u00e7ba\u015f\u2019\u0131n haberi, ciddi infial ve kayg\u0131 yaratm\u0131\u015ft\u0131. Habere g\u00f6re, Adana\u2019dan ABD\u2019ye g\u00f6\u00e7 etmi\u015f ailelerden gelen ABD vatanda\u015flar\u0131, Garbis Davoyan ve Hrayr Turabian taraf\u0131ndan 29 Temmuz 2010\u2019da, Alex Bakalian, Anais Haroutunian ve Rita Mahdessian taraf\u0131ndan ise 10 Aral\u0131k 2010\u2019da California Eyaleti B\u00f6lge \u0130dare Mahkemesi\u2019nde T\u00fcrkiye Cumhuriyeti, Merkez Bankas\u0131 ve Ziraat Bankas\u0131 aleyhinde a\u00e7\u0131lan iki ayr\u0131 tazminat davas\u0131 a\u00e7m\u0131\u015ft\u0131.<\/p>\n<p>Davada, Osmanl\u0131 vatanda\u015f\u0131 Dikran Efendi ile Kalina Hatun isimli Ermenilerin yak\u0131nlar\u0131, \u0130ncirlik \u00dcss\u00fc\u2019n\u00fcn kuruldu\u011fu arazinin bir k\u0131sm\u0131n\u0131n kendilerine ait oldu\u011fu iddias\u0131yla, toplamda 32 bin 500 d\u00f6n\u00fcm alana kurulu olan \u0130ncirlik \u00dcss\u00fc\u2019n\u00fcn y\u00fczde 3.671\u2019i \u00fczerinde hak iddia ediyorlard\u0131. \u00dc\u00e7 Ermeni\u2019nin California Federal Mahkemesi\u2019nde a\u00e7t\u0131\u011f\u0131 davada ABD D\u0131\u015fi\u015fleri\u2019nin bir diplomatik nota ile Ankara\u2019y\u0131 uyarmas\u0131na ra\u011fmen savunma g\u00f6ndermeyen T\u00fcrkiye\u2019nin, \u2018sorumluluklar\u0131n\u0131 yerine getirmedi\u011fi i\u00e7in g\u0131yab\u0131nda mahk\u00fbm ilan edilmesi\u2019 tehlikesi de U\u011fur Ko\u00e7ba\u015f\u2019\u0131n haberinde yer al\u0131yordu.<\/p>\n<p>Dava dosyas\u0131na g\u00f6re, Alex Bakalian, Anais Harotunian ve Rita Mahdessian taraf\u0131ndan, T\u00fcrkiye Cumhuriyeti, Ziraat Bankas\u0131 ve TC Merkez Bankas\u0131 aleyhinde a\u00e7\u0131lan davada, davac\u0131 taraf, 1915 y\u0131l\u0131nda el konularak Ziraat Bankas\u0131\u2019na devredildi\u011fini iddia ettikleri 4 par\u00e7a arazi ve evlerinin toplam b\u00fcy\u00fckl\u00fc\u011f\u00fcn\u00fcn 496 d\u00f6n\u00fcm oldu\u011funu, bu topraklar\u0131n tamam\u0131n\u0131n halen \u0130ncirlik \u00dcss\u00fc i\u00e7erisinde kald\u0131\u011f\u0131n\u0131 iddia ediyordu.<\/p>\n<p>Dava s\u00fcrecinin ilk safhalar\u0131nda meseleyi fazla ciddiye almayan Ankara, ilerleyen s\u00fcre\u00e7te s\u0131k\u0131nt\u0131l\u0131 bir durumun do\u011fmas\u0131 ihtimalini g\u00f6rerek, ABD\u2019nin vermi\u015f oldu\u011fu notan\u0131n ciddiyetine binaen ABD\u2019de bir hukuk b\u00fcrosu ile anla\u015farak savunma vermek i\u00e7in s\u00fcre talebinde bulundu. Mahkeme bu talebi kabul etti. Ankara\u2019n\u0131n uzun u\u011fra\u015flar\u0131 sonucunda T\u00fcrkiye Cumhuriyeti ile Merkez Bankas\u0131 ve Ziraat Bankas\u0131 aleyhine a\u00e7\u0131lan iki ayr\u0131 tazminat davas\u0131 9 y\u0131l s\u00fcren yarg\u0131lama s\u00fcreci sonunda hem yerel mahkeme hem de temyiz mahkemesi ABD\u2019li Ermenilerin taleplerini reddetti. California Temyiz Mahkemesi, karar\u0131n\u0131 \u2018zaman a\u015f\u0131m\u0131\u2019 gerek\u00e7esine dayand\u0131rd\u0131. Temyiz Mahkemesi\u2019nden \u00f6nce ise B\u00f6lge Mahkemesi, \u2018konunun mahkemeler eliyle de\u011fil, se\u00e7ilmi\u015f ki\u015filerce \u00e7\u00f6z\u00fclmesi\u2019 y\u00f6n\u00fcnde g\u00f6r\u00fc\u015f bildirip karar vermi\u015fti.<\/p>\n<p>T\u00fcm bunlar olup biterken dava sonucuna g\u00f6re hareket etmeyi bekleyen, aileleri Adana\u2019dan g\u00f6\u00e7 etmi\u015f 13 ABD\u2019li Ermeni\u2019nin daha \u00e7e\u015fitli nedenlerle \u0130ncirlik\u2019teki arazilerde hak iddia edece\u011fi haberleri ABD bas\u0131n\u0131nda yer ald\u0131.<\/p>\n<p><strong>MSB yeni davalardan m\u0131 ku\u015fkulan\u0131yor?<\/strong><\/p>\n<p>Yukar\u0131da \u00f6zetini vermeye \u00e7al\u0131\u015ft\u0131\u011f\u0131m\u0131z olaylar ve dava s\u00fcreci, bizi yeniden MSB\u2019nin a\u00e7\u0131klamas\u0131na g\u00f6t\u00fcr\u00fcyor. Zira mahkeme kararlar\u0131nda \u00e7\u00f6z\u00fcm olarak se\u00e7ilmi\u015f ki\u015filere at\u0131f yap\u0131lmas\u0131, ABD bas\u0131n\u0131nda 13 ki\u015finin daha dava a\u00e7ma haz\u0131rl\u0131\u011f\u0131 yapt\u0131\u011f\u0131 bilgisi, Ba\u015fkan Biden\u2019\u0131n 24 Nisan a\u00e7\u0131klamas\u0131 MSB\u2019nin \u0130ncirlik a\u00e7\u0131klamas\u0131n\u0131n gerek\u00e7esi olabilir mi? \u00d6n\u00fcm\u00fczdeki g\u00fcnlerde bu sorunun cevab\u0131n\u0131 alaca\u011f\u0131z gibi g\u00f6r\u00fcn\u00fcyor.<\/p>\n<p>Ba\u015fkan Biden\u2019\u0131n a\u00e7\u0131klamas\u0131 sonras\u0131, \u0130ncirlik \u00dcss\u00fc\u2019n\u00fc kapatma giri\u015fiminin 1975 y\u0131l\u0131na nazaran daha zor oldu\u011fu ger\u00e7e\u011fi yukardaki foto\u011fraftan anla\u015f\u0131l\u0131yor. Cumhurba\u015fkan\u0131 Erdo\u011fan\u2019\u0131n temkinli a\u00e7\u0131klamalar\u0131n\u0131n arkas\u0131nda olas\u0131 yeni davalar varm\u0131\u015f gibi g\u00f6r\u00fcn\u00fcyor.<\/p>\n<p>Meselenin Adana boyutunun sadece \u0130ncirlik \u00dcss\u00fc ile s\u0131n\u0131rl\u0131 olmad\u0131\u011f\u0131n\u0131 da kaydedelim. Adana, Osmanl\u0131 topraklar\u0131nda Ermeni n\u00fcfusun yo\u011fun oldu\u011fu \u015fehirlerden biridir. Yak\u0131n tarihin yan\u0131 s\u0131ra \u00e7ok daha yak\u0131n tarihte olup bitenler de Adana\u2019da Ermenilerin varl\u0131\u011f\u0131 \u00fczerine bize pek \u00e7ok \u015feyi hat\u0131rlat\u0131yor.<\/p>\n<p><strong>Adana Mahkemelerinde a\u00e7\u0131lan davalar<\/strong><\/p>\n<p>1999 y\u0131l\u0131nda gidelim. Beyrut\u2019ta ya\u015fayan L\u00fcbnan vatanda\u015f\u0131 Kevork Haceryan\u2019\u0131n Adana\u2019da \u00e7imento fabrikas\u0131 yak\u0131nlar\u0131ndaki Kafirkan Mezras\u0131\u2019nda atalar\u0131ndan kalan arazilerin varl\u0131\u011f\u0131n\u0131 ileri s\u00fcrerek, elindeki tapu belgesini mesnet g\u00f6sterip 21.07.1999\u2019da Adana Adliyesi\u2019nde tapu tespit davas\u0131 a\u00e7mas\u0131 sonras\u0131nda ilgin\u00e7 geli\u015fmeler ya\u015fand\u0131. Bu dava, ABD\u2019deki emsalleri gibi s\u00fck\u00fbnetle kar\u015f\u0131lanmad\u0131.<\/p>\n<p>Adana 4. Asliye Mahkemesi H\u00e2kimi Musa Ufuktepe\u2019nin 21.07.1999 tarih 999\/55, 999\/14 de\u011fi\u015fik i\u015fler numaras\u0131yla i\u015fleme koydu\u011fu dava dosyas\u0131nda, m\u00fc\u015fteki Haceryan\u2019\u0131n o g\u00fcn\u00fcn paras\u0131yla 3,6 milyon TL harc\u0131rah bedelinin Maliyeye yat\u0131rmas\u0131, bilirki\u015fi Fazl\u0131 A\u015fkar\u2019a 27.07.1999 tarihi itibariyle 10 milyon TL bilirki\u015fi \u00fccreti \u00f6demesi sonras\u0131, h\u00e2kim Ufuktepe\u2019nin davay\u0131 sonu\u00e7land\u0131rmas\u0131, Adana\u2019da \u015fok etkisi yaratm\u0131\u015ft\u0131.<\/p>\n<p>H\u00e2kim Musa Ufuktepe taraf\u0131ndan ilgili arazi \u00fczerinde 23.07.1999 tarihinde bilirki\u015fi heyeti taraf\u0131ndan tespit yap\u0131lmas\u0131na karar vermesi sonras\u0131nda, Adana 1. B\u00f6lge Tapu Sicil M\u00fcd\u00fcr Haz\u0131m \u00d6zsayd\u0131\u2019n\u0131n rapor i\u00e7in 15 g\u00fcn s\u00fcre istemesi, bu s\u00fcre zarf\u0131nda yap\u0131lan ara\u015ft\u0131rmalarda bilirki\u015fi Fazl\u0131 A\u015fkar taraf\u0131ndan da Mahkemeye sunulan belgeye g\u00f6re, Te\u015frinisani 338 (1922) tarihli Sarrafdam\u0131, Bak\u0131rs\u0131nd\u0131 ve Karayusuflu mahallelerindeki arazilerin ba\u015fvurucu Kevork Haceryan\u2019a ait oldu\u011funun tespit edilmesi, davaya bakan h\u00e2kim ba\u015fta olmak \u00fczere, kararda katk\u0131s\u0131 olan herkes i\u00e7in zor g\u00fcnlerin ba\u015flamas\u0131na neden olmu\u015ftu.<\/p>\n<p><strong>H\u00e2kim Ufuktepe\u2019nin ba\u015f\u0131na gelenler<\/strong><\/p>\n<p>Adana \u00fczerine yazd\u0131\u011f\u0131 kitaplarla tan\u0131nan Cezmi Yurtsever\u2019in meseleye d\u00e2hil olmas\u0131 sonras\u0131, Kuvay\u0131 Milliye Derne\u011fi \u00fcyeleri ba\u015fta olmak \u00fczere Ermeni meselesi s\u00f6z konusu oldu\u011funda \u2018hassas\u2019 olan baz\u0131 \u00f6rg\u00fctler ve ki\u015filerin kamuoyuna yapt\u0131\u011f\u0131 a\u00e7\u0131klamalar sonucunda, H\u00e2kim Musa Ufuktepe Hakk\u00e2ri\u2019ye s\u00fcrg\u00fcn edildi.<\/p>\n<p>Karara tepki g\u00f6steren Ufuktepe, Hakk\u00e2ri\u2019ye gitmeyece\u011fini a\u00e7\u0131klayarak hakimlikten istifa etti. Avukatl\u0131k yapmaya karar veren Ufuktepe\u2019ye bir darbe de Adana Barosu\u2019ndan geldi. Baro, h\u00e2kimlik g\u00f6revinde bulundu\u011fu ilin Adana olmas\u0131n\u0131 gerek\u00e7e g\u00f6stererek Ufuktepe\u2019ye avukatl\u0131k hakk\u0131 tan\u0131mad\u0131.<\/p>\n<p>H\u00e2kim Musa Ufuktepe\u2019ye as\u0131l \u015fok ise d\u00f6nemin HSYK\u2019s\u0131ndan geldi. Ocak 2004 ara kararnamesinde Ufuktepe, meslekten ihra\u00e7 edildi. Ayn\u0131 tarihte, Adana\u2019da ihra\u00e7 edilen ba\u015fka bir isim ise \u0130ncirlik \u00dcss\u00fc\u2019n\u00fc, ABD\u2019nin kullan\u0131m\u0131na yeniden a\u00e7an darbeci General Kenan Evren\u2019in yarg\u0131lanmas\u0131 i\u00e7in iddianame d\u00fczenleyen Cumhuriyet Savc\u0131s\u0131 Sait Karasu olmu\u015ftu.<\/p>\n<p>HSYK, 26 Nisan 2011\u2019de h\u00e2kim Musa Ufuktepe\u2019nin ihra\u00e7 karar\u0131n\u0131, Savc\u0131 Sacit Karasu ile birlikte kald\u0131rd\u0131. Haklar\u0131n\u0131 iade etti ancak h\u00e2kimlik mesle\u011fine geri d\u00f6nmesine izin vermedi. Ufuktepe, Adana\u2019da avukatl\u0131k yapmaya devam ediyor.<\/p>\n<p><strong>Tapu M\u00fcd\u00fcr\u00fcne ne oldu?<\/strong><\/p>\n<p>Meselenin tapu evraklar\u0131 boyutuyla bir taraf\u0131nda bulunan Seyhan B\u00f6lge Tapu Sicil M\u00fcd\u00fcr\u00fc Haz\u0131m \u00d6zsayd\u0131 hakk\u0131nda ise Adana 3. A\u011f\u0131r Ceza Mahkemesi nezdinde TCK\u2019n\u0131n 340. maddesi gere\u011fince \u201chakikate uygun olmayan resmi evrakta sahtecilik ve g\u00f6revi k\u00f6t\u00fcye kullanmak\u201d su\u00e7undan 5 ile 12 y\u0131l aras\u0131nda hapis istemiyle dava a\u00e7\u0131ld\u0131. Yap\u0131lan uzun yarg\u0131lama sonucunda \u00d6zsayd\u0131 beraat etti.<\/p>\n<p>Konuyu Adana ve ulusal kamuoyuna ta\u015f\u0131y\u0131p, h\u00e2kim Musa Ufuktepe ba\u015fta olmak \u00fczere, mahkeme bilirki\u015fisi, tapu m\u00fcd\u00fcr\u00fc hakk\u0131nda \u00e7ok ciddi su\u00e7lamalarda bulunan yazar Cezmi Yurtsever, tazminat \u00f6demeye mahk\u00fbm edildi ve hesab\u0131na haciz kondu. Bu duruma tepki g\u00f6steren bir grup doktor taraf\u0131ndan tazminatlar imece usul\u00fcyle \u00f6denerek, Yurtsever\u2019in hesaplar\u0131ndaki hacizler kald\u0131r\u0131ld\u0131.<\/p>\n<p><strong>Kozan\u2019da yeni bir dava<\/strong><\/p>\n<p>A\u011fustos 2019\u2019da Merkezi L\u00fcbnan\u2019da bulunan bir Ermeni Vakf\u0131 taraf\u0131ndan Adana\u2019n\u0131n Kozan il\u00e7esindeki tarihi Kozan Kalesi eteklerindeki Sis Manast\u0131r\u0131\u2019n\u0131n tapusunun kendilerine verilmesi i\u00e7in Kozan 2. Asliye Hukuk Mahkemesi\u2019ne tapu iptal ve tescil davas\u0131 a\u00e7\u0131ld\u0131. Dava dilek\u00e7esine g\u00f6re, 2 Haziran 1920\u2019da b\u00f6lgeyi terk eden Ermeniler, Kozan Kalesi eteklerindeki tarihi Sis Manast\u0131r\u0131\u2019n\u0131n kendilerine iade edilmesini istiyorlard\u0131.<\/p>\n<p>Daha \u00f6nce de Sis Manast\u0131r\u0131\u2019n\u0131n kendilerine iadesi i\u00e7in Kilikya Ermeni Katolikoslu\u011fu taraf\u0131ndan 28 May\u0131s 2015\u2019te \u00f6nce Anayasa Mahkemesi\u2019ne ba\u015fvurulmu\u015f, Anayasa Mahkemesi\u2019nin ba\u015fvuruyu reddetmesinin ard\u0131ndan dava Avrupa \u0130nsan Haklar\u0131 Mahkemesi\u2019ne (A\u0130HM) ta\u015f\u0131nm\u0131\u015ft\u0131.<\/p>\n<p>Ermeni Kilisesi\u2019nin ba\u015fl\u0131ca d\u00f6rt ruhani merkezinden biri olan Kilikya Ermeni Katolikoslu\u011fu, Ermenice ad\u0131 Sis olan Kozan\u2019daki manast\u0131r\u0131n yan\u0131 s\u0131ra tarihi Sis Ermeni Katolikoslu\u011fu\u2019nun bulundu\u011fu arazinin iadesine ili\u015fkin A\u0130HM\u2019e ba\u015fvurmas\u0131n\u0131n ard\u0131ndan, dosya yerel mahkemeye intikal etti.<\/p>\n<p>Kozan 2. Hukuk Mahkemesi\u2019ne a\u00e7\u0131lan davan\u0131n 30 Mart 2021\u2019deki duru\u015fmas\u0131nda, Mahkeme, \u00f6n inceleme a\u015famas\u0131n\u0131n tamamlan\u0131p tahkikat a\u015famas\u0131na ge\u00e7ilmesine karar verdi. Sis Katolikoslu\u011fu\u2019nun avukat\u0131 Cem Sofuo\u011flu\u2019nun verdi\u011fi bilgiye g\u00f6re, Kozan Belediyesi ve Hazine\u2019nin Katolikosluk i\u00e7in \u00f6ne s\u00fcrd\u00fc\u011f\u00fc \u2018t\u00fczel ki\u015fili\u011fi yoktur\u2019, \u2018yabanc\u0131 kurulu\u015ftur\u2019, \u2018teminat yat\u0131rs\u0131n\u2019 gibi iddialar\u0131 Mahkeme taraf\u0131ndan dikkate al\u0131nmad\u0131. Bunun \u00e7ok \u00f6nemli bir geli\u015fme oldu\u011funu vurgulayan avukat Sofuo\u011flu\u2019na g\u00f6re, Mahkeme delillerin toplanmas\u0131 karar\u0131 vererek, Katolikoslu\u011fun taraf ehliyetini kabul etti. Mahkeme ayr\u0131ca s\u00f6z konusu kurumu yabanc\u0131 kurulu\u015f olarak g\u00f6rmeyerek teminat yat\u0131r\u0131lmas\u0131na gerek olmad\u0131\u011f\u0131n\u0131 ifade etti.<\/p>\n<p><strong>SP\u2019li Belediye Ba\u015fkan\u0131 tepkili<\/strong><\/p>\n<p>Kozan Belediye Ba\u015fkan\u0131 Saadet Partili (SP) Kaz\u0131m \u00d6zgan, Biden\u2019\u0131n a\u00e7\u0131klamas\u0131n\u0131 \u2018terbiyesizlik\u2019 olarak yorumlarken, Ermenilerin Kozan\u2019da a\u00e7t\u0131klar\u0131 davayla ilgili olarak ise \u015f\u00f6yle konu\u015ftu: \u201cBen Eski Kocakabasakal k\u00f6y\u00fcndenim. Dedelerim Birinci D\u00fcnya Sava\u015f\u0131\u2019n\u0131 ya\u015fayan insanlard\u0131. Burada yap\u0131lanlar\u0131 birinci a\u011f\u0131zdan dinledim. Burada f\u0131r\u0131nlarda insanlar\u0131n diri diri yak\u0131ld\u0131\u011f\u0131n\u0131 herkes biliyor. Azerbaycan\u2019da yapt\u0131klar\u0131 da ortada. T\u00fcrk milletinin tarihinde zalimlik ve soyk\u0131r\u0131m yoktur. 1930\u2019lardan sonra devlet hazineye ge\u00e7meden \u00f6nce tebli\u011f ediyor. Vak\u0131flar Genel M\u00fcd\u00fcrl\u00fc\u011f\u00fc ise 6 ay s\u00fcre veriyor. Bu s\u00fcrede kimse ba\u015fvurmam\u0131\u015f. Y\u0131llar ge\u00e7iyor biri ak\u0131l veriyor dava a\u00e7\u0131l\u0131yor. Bundan bir \u015fey \u00e7\u0131kaca\u011f\u0131n\u0131 sanm\u0131yorum. Ben buna \u2018hadi oradan\u2019 diyorum. Buras\u0131 milletin eme\u011fi, kan\u0131 ile kazan\u0131lm\u0131\u015f topraklar. Bir kar\u0131\u015f de\u011fil, bir damla toprak yok onlara. Buras\u0131 ebedi olarak bizim vatan\u0131m\u0131z. \u00c7ukurova kurtulu\u015funda ana akt\u00f6r Kozanl\u0131 delegasyondur. Sivas Kongresi\u2019nde 3 delegemiz Mustafa Kemal Atat\u00fcrk\u2019e ula\u015fm\u0131\u015ft\u0131r. Burada hi\u00e7 kimseye verilecek bir kar\u0131\u015f toprak yoktur.\u201d<\/p>\n<p>Kozan 2. Hukuk Mahkemesi, bu tart\u0131\u015fmalar\u0131n g\u00f6lgesinde bir sonraki duru\u015fman\u0131n 5 May\u0131s 2021\u2019de yap\u0131lmas\u0131na karar verdi. Ancak tam kapanma d\u00f6neminde denk geldi\u011fi i\u00e7in duru\u015fman\u0131n gelecek bir tarihe ertelenmesine karar verilmesi bekleniyor.<\/p>\n<p><strong>Cevap bekleyen sorular<\/strong><\/p>\n<p>Kozan Mahkemesi\u2019nin karar\u0131n\u0131n ne olaca\u011f\u0131 merakla beklenirken, elbette bu karar\u0131 verecek hakimler, Adana\u2019da benzer davalarda neler ya\u015fand\u0131\u011f\u0131n\u0131 da biliyorlar. Adana\u2019da i\u00e7inde ya\u015fad\u0131\u011f\u0131m\u0131z g\u00fcnlerde konuyla ilgili tek soru da bu de\u011fil. \u0130ncirlik konusunda T\u00fcrkiye ve ABD taraf\u0131ndan hangi ad\u0131mlar\u0131n at\u0131laca\u011f\u0131, MSB\u2019nin a\u00e7\u0131klamas\u0131n\u0131n konuyla ne kadar ilgili oldu\u011fu, Adana\u2019daki Ermeni m\u00fclkleriyle ilgili ABD mahkemelerinde ba\u015fka davalar a\u00e7\u0131l\u0131p a\u00e7\u0131lmayaca\u011f\u0131 da cevab\u0131 merakla beklenen sorular aras\u0131nda.<\/p>\n<p>Sonu\u00e7 olarak, Adana ve Ermeniler konusu \u00f6n\u00fcm\u00fczdeki g\u00fcnlerde kamuoyunun g\u00fcndeminde s\u0131k s\u0131k yer alacak gibi g\u00f6r\u00fcn\u00fcyor.<\/p>\n<hr \/>\n<p><em><strong><a href=\"https:\/\/serbestiyet.com\/haberler\/dunden-bugune-adana-ve-ermeniler-59115\/\" target=\"_blank\" rel=\"noopener noreferrer\">Serbestiyet<\/a><\/strong><\/em><\/p>\n","protected":false},"excerpt":{"rendered":"<p>ABD Ba\u015fkan\u0131 Joe Biden\u2019\u0131n 24 Nisan\u2019da yapt\u0131\u011f\u0131 a\u00e7\u0131klama sonras\u0131nda Adana\u2019daki \u0130ncirlik \u00dcss\u00fc yeniden g\u00fcndeme geldi. \u0130ncirlik deyince ak\u0131llara ABD\u2019de Ermeniler taraf\u0131ndan a\u00e7\u0131lan bir dizi dava geliyor. Adana mahkemelerinde son y\u0131llarda a\u00e7\u0131lan baz\u0131 davalar da buna eklenince \u2018Adana ve Ermeniler\u2019 konusu \u00f6n\u00fcm\u00fczdeki g\u00fcnlerde s\u0131k s\u0131k g\u00fcndeme gelecek gibi g\u00f6r\u00fcn\u00fcyor. Taner Tala\u015f\/Adana ABD Ba\u015fkan Joe Biden\u2019\u0131n 1915 [&hellip;]<\/p>\n","protected":false},"author":7,"featured_media":62815,"comment_status":"open","ping_status":"open","sticky":false,"template":"","format":"standard","meta":{"footnotes":""},"categories":[1,9,70],"tags":[],"class_list":["post-62814","post","type-post","status-publish","format-standard","has-post-thumbnail","hentry","category-haberler","category-haklarimiz","category-makaleler"],"yoast_head":"<!-- This site is optimized with the Yoast SEO plugin v27.4 - https:\/\/yoast.com\/product\/yoast-seo-wordpress\/ -->\n<title>D\u00fcnden bug\u00fcne Adana ve Ermeniler - Bati Ermenistan Ve Bati Ermenileri Sorunlari Ara\u015ftirmalar Merkezi<\/title>\n<meta name=\"robots\" content=\"index, follow, max-snippet:-1, max-image-preview:large, max-video-preview:-1\" \/>\n<link rel=\"canonical\" href=\"https:\/\/akunq.net\/tr\/?p=62814\" \/>\n<meta property=\"og:locale\" content=\"en_US\" \/>\n<meta property=\"og:type\" content=\"article\" \/>\n<meta property=\"og:title\" content=\"D\u00fcnden bug\u00fcne Adana ve Ermeniler - Bati Ermenistan Ve Bati Ermenileri Sorunlari Ara\u015ftirmalar Merkezi\" \/>\n<meta property=\"og:description\" content=\"ABD Ba\u015fkan\u0131 Joe Biden\u2019\u0131n 24 Nisan\u2019da yapt\u0131\u011f\u0131 a\u00e7\u0131klama sonras\u0131nda Adana\u2019daki \u0130ncirlik \u00dcss\u00fc yeniden g\u00fcndeme geldi. \u0130ncirlik deyince ak\u0131llara ABD\u2019de Ermeniler taraf\u0131ndan a\u00e7\u0131lan bir dizi dava geliyor. Adana mahkemelerinde son y\u0131llarda a\u00e7\u0131lan baz\u0131 davalar da buna eklenince \u2018Adana ve Ermeniler\u2019 konusu \u00f6n\u00fcm\u00fczdeki g\u00fcnlerde s\u0131k s\u0131k g\u00fcndeme gelecek gibi g\u00f6r\u00fcn\u00fcyor. Taner Tala\u015f\/Adana ABD Ba\u015fkan Joe Biden\u2019\u0131n 1915 [&hellip;]\" \/>\n<meta property=\"og:url\" content=\"https:\/\/akunq.net\/tr\/?p=62814\" \/>\n<meta property=\"og:site_name\" content=\"Bati Ermenistan Ve Bati Ermenileri Sorunlari Ara\u015ftirmalar Merkezi\" \/>\n<meta property=\"article:published_time\" content=\"2021-05-10T07:15:41+00:00\" \/>\n<meta property=\"article:modified_time\" content=\"2021-05-17T09:09:59+00:00\" \/>\n<meta property=\"og:image\" content=\"https:\/\/akunq.net\/tr\/wp-content\/uploads\/sites\/6\/2021\/05\/Adana-ve-Ermeniler.jpg\" \/>\n\t<meta property=\"og:image:width\" content=\"1000\" \/>\n\t<meta property=\"og:image:height\" content=\"657\" \/>\n\t<meta property=\"og:image:type\" content=\"image\/jpeg\" \/>\n<meta name=\"author\" content=\"admin\" \/>\n<meta name=\"twitter:card\" content=\"summary_large_image\" \/>\n<meta name=\"twitter:label1\" content=\"Written by\" \/>\n\t<meta name=\"twitter:data1\" content=\"admin\" \/>\n\t<meta name=\"twitter:label2\" content=\"Est. reading time\" \/>\n\t<meta name=\"twitter:data2\" content=\"11 minutes\" \/>\n<script type=\"application\/ld+json\" class=\"yoast-schema-graph\">{\"@context\":\"https:\\\/\\\/schema.org\",\"@graph\":[{\"@type\":\"Article\",\"@id\":\"https:\\\/\\\/akunq.net\\\/tr\\\/?p=62814#article\",\"isPartOf\":{\"@id\":\"https:\\\/\\\/akunq.net\\\/tr\\\/?p=62814\"},\"author\":{\"name\":\"admin\",\"@id\":\"https:\\\/\\\/akunq.net\\\/tr\\\/#\\\/schema\\\/person\\\/096f1d38a12cce57fb855b485ed24c9e\"},\"headline\":\"D\u00fcnden bug\u00fcne Adana ve Ermeniler\",\"datePublished\":\"2021-05-10T07:15:41+00:00\",\"dateModified\":\"2021-05-17T09:09:59+00:00\",\"mainEntityOfPage\":{\"@id\":\"https:\\\/\\\/akunq.net\\\/tr\\\/?p=62814\"},\"wordCount\":2252,\"commentCount\":0,\"image\":{\"@id\":\"https:\\\/\\\/akunq.net\\\/tr\\\/?p=62814#primaryimage\"},\"thumbnailUrl\":\"https:\\\/\\\/akunq.net\\\/tr\\\/wp-content\\\/uploads\\\/sites\\\/6\\\/2021\\\/05\\\/Adana-ve-Ermeniler.jpg\",\"articleSection\":[\"Haberler\",\"Haklar\u0131m\u0131z\",\"Makaleler\"],\"inLanguage\":\"en-US\",\"potentialAction\":[{\"@type\":\"CommentAction\",\"name\":\"Comment\",\"target\":[\"https:\\\/\\\/akunq.net\\\/tr\\\/?p=62814#respond\"]}]},{\"@type\":\"WebPage\",\"@id\":\"https:\\\/\\\/akunq.net\\\/tr\\\/?p=62814\",\"url\":\"https:\\\/\\\/akunq.net\\\/tr\\\/?p=62814\",\"name\":\"D\u00fcnden bug\u00fcne Adana ve Ermeniler - Bati Ermenistan Ve Bati Ermenileri Sorunlari Ara\u015ftirmalar Merkezi\",\"isPartOf\":{\"@id\":\"https:\\\/\\\/akunq.net\\\/tr\\\/#website\"},\"primaryImageOfPage\":{\"@id\":\"https:\\\/\\\/akunq.net\\\/tr\\\/?p=62814#primaryimage\"},\"image\":{\"@id\":\"https:\\\/\\\/akunq.net\\\/tr\\\/?p=62814#primaryimage\"},\"thumbnailUrl\":\"https:\\\/\\\/akunq.net\\\/tr\\\/wp-content\\\/uploads\\\/sites\\\/6\\\/2021\\\/05\\\/Adana-ve-Ermeniler.jpg\",\"datePublished\":\"2021-05-10T07:15:41+00:00\",\"dateModified\":\"2021-05-17T09:09:59+00:00\",\"author\":{\"@id\":\"https:\\\/\\\/akunq.net\\\/tr\\\/#\\\/schema\\\/person\\\/096f1d38a12cce57fb855b485ed24c9e\"},\"breadcrumb\":{\"@id\":\"https:\\\/\\\/akunq.net\\\/tr\\\/?p=62814#breadcrumb\"},\"inLanguage\":\"en-US\",\"potentialAction\":[{\"@type\":\"ReadAction\",\"target\":[\"https:\\\/\\\/akunq.net\\\/tr\\\/?p=62814\"]}]},{\"@type\":\"ImageObject\",\"inLanguage\":\"en-US\",\"@id\":\"https:\\\/\\\/akunq.net\\\/tr\\\/?p=62814#primaryimage\",\"url\":\"https:\\\/\\\/akunq.net\\\/tr\\\/wp-content\\\/uploads\\\/sites\\\/6\\\/2021\\\/05\\\/Adana-ve-Ermeniler.jpg\",\"contentUrl\":\"https:\\\/\\\/akunq.net\\\/tr\\\/wp-content\\\/uploads\\\/sites\\\/6\\\/2021\\\/05\\\/Adana-ve-Ermeniler.jpg\",\"width\":1000,\"height\":657},{\"@type\":\"BreadcrumbList\",\"@id\":\"https:\\\/\\\/akunq.net\\\/tr\\\/?p=62814#breadcrumb\",\"itemListElement\":[{\"@type\":\"ListItem\",\"position\":1,\"name\":\"Home\",\"item\":\"https:\\\/\\\/akunq.net\\\/tr\"},{\"@type\":\"ListItem\",\"position\":2,\"name\":\"D\u00fcnden bug\u00fcne Adana ve Ermeniler\"}]},{\"@type\":\"WebSite\",\"@id\":\"https:\\\/\\\/akunq.net\\\/tr\\\/#website\",\"url\":\"https:\\\/\\\/akunq.net\\\/tr\\\/\",\"name\":\"Bati Ermenistan Ve Bati Ermenileri Sorunlari Ara\u015ftirmalar Merkezi\",\"description\":\"\",\"potentialAction\":[{\"@type\":\"SearchAction\",\"target\":{\"@type\":\"EntryPoint\",\"urlTemplate\":\"https:\\\/\\\/akunq.net\\\/tr\\\/?s={search_term_string}\"},\"query-input\":{\"@type\":\"PropertyValueSpecification\",\"valueRequired\":true,\"valueName\":\"search_term_string\"}}],\"inLanguage\":\"en-US\"},{\"@type\":\"Person\",\"@id\":\"https:\\\/\\\/akunq.net\\\/tr\\\/#\\\/schema\\\/person\\\/096f1d38a12cce57fb855b485ed24c9e\",\"name\":\"admin\",\"url\":\"https:\\\/\\\/akunq.net\\\/tr\\\/?author=7\"}]}<\/script>\n<!-- \/ Yoast SEO plugin. -->","yoast_head_json":{"title":"D\u00fcnden bug\u00fcne Adana ve Ermeniler - Bati Ermenistan Ve Bati Ermenileri Sorunlari Ara\u015ftirmalar Merkezi","robots":{"index":"index","follow":"follow","max-snippet":"max-snippet:-1","max-image-preview":"max-image-preview:large","max-video-preview":"max-video-preview:-1"},"canonical":"https:\/\/akunq.net\/tr\/?p=62814","og_locale":"en_US","og_type":"article","og_title":"D\u00fcnden bug\u00fcne Adana ve Ermeniler - Bati Ermenistan Ve Bati Ermenileri Sorunlari Ara\u015ftirmalar Merkezi","og_description":"ABD Ba\u015fkan\u0131 Joe Biden\u2019\u0131n 24 Nisan\u2019da yapt\u0131\u011f\u0131 a\u00e7\u0131klama sonras\u0131nda Adana\u2019daki \u0130ncirlik \u00dcss\u00fc yeniden g\u00fcndeme geldi. \u0130ncirlik deyince ak\u0131llara ABD\u2019de Ermeniler taraf\u0131ndan a\u00e7\u0131lan bir dizi dava geliyor. Adana mahkemelerinde son y\u0131llarda a\u00e7\u0131lan baz\u0131 davalar da buna eklenince \u2018Adana ve Ermeniler\u2019 konusu \u00f6n\u00fcm\u00fczdeki g\u00fcnlerde s\u0131k s\u0131k g\u00fcndeme gelecek gibi g\u00f6r\u00fcn\u00fcyor. Taner Tala\u015f\/Adana ABD Ba\u015fkan Joe Biden\u2019\u0131n 1915 [&hellip;]","og_url":"https:\/\/akunq.net\/tr\/?p=62814","og_site_name":"Bati Ermenistan Ve Bati Ermenileri Sorunlari Ara\u015ftirmalar Merkezi","article_published_time":"2021-05-10T07:15:41+00:00","article_modified_time":"2021-05-17T09:09:59+00:00","og_image":[{"width":1000,"height":657,"url":"https:\/\/akunq.net\/tr\/wp-content\/uploads\/sites\/6\/2021\/05\/Adana-ve-Ermeniler.jpg","type":"image\/jpeg"}],"author":"admin","twitter_card":"summary_large_image","twitter_misc":{"Written by":"admin","Est. reading time":"11 minutes"},"schema":{"@context":"https:\/\/schema.org","@graph":[{"@type":"Article","@id":"https:\/\/akunq.net\/tr\/?p=62814#article","isPartOf":{"@id":"https:\/\/akunq.net\/tr\/?p=62814"},"author":{"name":"admin","@id":"https:\/\/akunq.net\/tr\/#\/schema\/person\/096f1d38a12cce57fb855b485ed24c9e"},"headline":"D\u00fcnden bug\u00fcne Adana ve Ermeniler","datePublished":"2021-05-10T07:15:41+00:00","dateModified":"2021-05-17T09:09:59+00:00","mainEntityOfPage":{"@id":"https:\/\/akunq.net\/tr\/?p=62814"},"wordCount":2252,"commentCount":0,"image":{"@id":"https:\/\/akunq.net\/tr\/?p=62814#primaryimage"},"thumbnailUrl":"https:\/\/akunq.net\/tr\/wp-content\/uploads\/sites\/6\/2021\/05\/Adana-ve-Ermeniler.jpg","articleSection":["Haberler","Haklar\u0131m\u0131z","Makaleler"],"inLanguage":"en-US","potentialAction":[{"@type":"CommentAction","name":"Comment","target":["https:\/\/akunq.net\/tr\/?p=62814#respond"]}]},{"@type":"WebPage","@id":"https:\/\/akunq.net\/tr\/?p=62814","url":"https:\/\/akunq.net\/tr\/?p=62814","name":"D\u00fcnden bug\u00fcne Adana ve Ermeniler - Bati Ermenistan Ve Bati Ermenileri Sorunlari Ara\u015ftirmalar Merkezi","isPartOf":{"@id":"https:\/\/akunq.net\/tr\/#website"},"primaryImageOfPage":{"@id":"https:\/\/akunq.net\/tr\/?p=62814#primaryimage"},"image":{"@id":"https:\/\/akunq.net\/tr\/?p=62814#primaryimage"},"thumbnailUrl":"https:\/\/akunq.net\/tr\/wp-content\/uploads\/sites\/6\/2021\/05\/Adana-ve-Ermeniler.jpg","datePublished":"2021-05-10T07:15:41+00:00","dateModified":"2021-05-17T09:09:59+00:00","author":{"@id":"https:\/\/akunq.net\/tr\/#\/schema\/person\/096f1d38a12cce57fb855b485ed24c9e"},"breadcrumb":{"@id":"https:\/\/akunq.net\/tr\/?p=62814#breadcrumb"},"inLanguage":"en-US","potentialAction":[{"@type":"ReadAction","target":["https:\/\/akunq.net\/tr\/?p=62814"]}]},{"@type":"ImageObject","inLanguage":"en-US","@id":"https:\/\/akunq.net\/tr\/?p=62814#primaryimage","url":"https:\/\/akunq.net\/tr\/wp-content\/uploads\/sites\/6\/2021\/05\/Adana-ve-Ermeniler.jpg","contentUrl":"https:\/\/akunq.net\/tr\/wp-content\/uploads\/sites\/6\/2021\/05\/Adana-ve-Ermeniler.jpg","width":1000,"height":657},{"@type":"BreadcrumbList","@id":"https:\/\/akunq.net\/tr\/?p=62814#breadcrumb","itemListElement":[{"@type":"ListItem","position":1,"name":"Home","item":"https:\/\/akunq.net\/tr"},{"@type":"ListItem","position":2,"name":"D\u00fcnden bug\u00fcne Adana ve Ermeniler"}]},{"@type":"WebSite","@id":"https:\/\/akunq.net\/tr\/#website","url":"https:\/\/akunq.net\/tr\/","name":"Bati Ermenistan Ve Bati Ermenileri Sorunlari Ara\u015ftirmalar Merkezi","description":"","potentialAction":[{"@type":"SearchAction","target":{"@type":"EntryPoint","urlTemplate":"https:\/\/akunq.net\/tr\/?s={search_term_string}"},"query-input":{"@type":"PropertyValueSpecification","valueRequired":true,"valueName":"search_term_string"}}],"inLanguage":"en-US"},{"@type":"Person","@id":"https:\/\/akunq.net\/tr\/#\/schema\/person\/096f1d38a12cce57fb855b485ed24c9e","name":"admin","url":"https:\/\/akunq.net\/tr\/?author=7"}]}},"_links":{"self":[{"href":"https:\/\/akunq.net\/tr\/index.php?rest_route=\/wp\/v2\/posts\/62814","targetHints":{"allow":["GET"]}}],"collection":[{"href":"https:\/\/akunq.net\/tr\/index.php?rest_route=\/wp\/v2\/posts"}],"about":[{"href":"https:\/\/akunq.net\/tr\/index.php?rest_route=\/wp\/v2\/types\/post"}],"author":[{"embeddable":true,"href":"https:\/\/akunq.net\/tr\/index.php?rest_route=\/wp\/v2\/users\/7"}],"replies":[{"embeddable":true,"href":"https:\/\/akunq.net\/tr\/index.php?rest_route=%2Fwp%2Fv2%2Fcomments&post=62814"}],"version-history":[{"count":1,"href":"https:\/\/akunq.net\/tr\/index.php?rest_route=\/wp\/v2\/posts\/62814\/revisions"}],"predecessor-version":[{"id":62816,"href":"https:\/\/akunq.net\/tr\/index.php?rest_route=\/wp\/v2\/posts\/62814\/revisions\/62816"}],"wp:featuredmedia":[{"embeddable":true,"href":"https:\/\/akunq.net\/tr\/index.php?rest_route=\/wp\/v2\/media\/62815"}],"wp:attachment":[{"href":"https:\/\/akunq.net\/tr\/index.php?rest_route=%2Fwp%2Fv2%2Fmedia&parent=62814"}],"wp:term":[{"taxonomy":"category","embeddable":true,"href":"https:\/\/akunq.net\/tr\/index.php?rest_route=%2Fwp%2Fv2%2Fcategories&post=62814"},{"taxonomy":"post_tag","embeddable":true,"href":"https:\/\/akunq.net\/tr\/index.php?rest_route=%2Fwp%2Fv2%2Ftags&post=62814"}],"curies":[{"name":"wp","href":"https:\/\/api.w.org\/{rel}","templated":true}]}}