{"id":62811,"date":"2021-05-10T01:31:54","date_gmt":"2021-05-10T06:31:54","guid":{"rendered":"https:\/\/akunq.net\/tr\/?p=62811"},"modified":"2021-05-10T01:31:54","modified_gmt":"2021-05-10T06:31:54","slug":"ermenistan-susi-katedrali-tehlikede","status":"publish","type":"post","link":"https:\/\/akunq.net\/tr\/?p=62811","title":{"rendered":"Ermenistan: \u201c\u015eu\u015fi katedrali tehlikede\u201d"},"content":{"rendered":"<p><img loading=\"lazy\" decoding=\"async\" class=\"aligncenter size-medium wp-image-62812\" src=\"https:\/\/akunq.net\/tr\/wp-content\/uploads\/2021\/05\/\u015eu\u015fi-katedrali-360x203.jpeg\" alt=\"\" width=\"360\" height=\"203\" srcset=\"https:\/\/akunq.net\/tr\/wp-content\/uploads\/sites\/6\/2021\/05\/\u015eu\u015fi-katedrali-360x203.jpeg 360w, https:\/\/akunq.net\/tr\/wp-content\/uploads\/sites\/6\/2021\/05\/\u015eu\u015fi-katedrali-768x432.jpeg 768w, https:\/\/akunq.net\/tr\/wp-content\/uploads\/sites\/6\/2021\/05\/\u015eu\u015fi-katedrali-1536x864.jpeg 1536w, https:\/\/akunq.net\/tr\/wp-content\/uploads\/sites\/6\/2021\/05\/\u015eu\u015fi-katedrali-560x315.jpeg 560w, https:\/\/akunq.net\/tr\/wp-content\/uploads\/sites\/6\/2021\/05\/\u015eu\u015fi-katedrali-260x146.jpeg 260w, https:\/\/akunq.net\/tr\/wp-content\/uploads\/sites\/6\/2021\/05\/\u015eu\u015fi-katedrali-160x90.jpeg 160w, https:\/\/akunq.net\/tr\/wp-content\/uploads\/sites\/6\/2021\/05\/\u015eu\u015fi-katedrali.jpeg 2048w\" sizes=\"auto, (max-width: 360px) 100vw, 360px\" \/><\/p>\n<p><em><strong>Ermenistan D\u0131\u015fi\u015fleri Bakanl\u0131\u011f\u0131, Karaba\u011f sava\u015f\u0131ndan sonra Azerbaycan\u2019\u0131n kontrol\u00fcne ge\u00e7en \u015eu\u015fi\u2019deki (\u015eu\u015fa) Surp Amenap\u0131rgi\u00e7 \u011eazan\u00e7etsots Ermeni Kilisesi\u2019nde ba\u015flat\u0131lan in\u015faat \u00e7al\u0131\u015fmalar\u0131na tepki g\u00f6sterdi.<\/strong><\/em><\/p>\n<p>Bakanl\u0131k taraf\u0131ndan yay\u0131nlanan a\u00e7\u0131klamada, \u201c\u015eu\u015fi\u2019deki katedralde Azerbaycan taraf\u0131ndan y\u00fcr\u00fct\u00fclen eylemler k\u0131nanmal\u0131d\u0131r: \u015fimdiye kadar Ermeni ibadethanelerin ve tarihi eserlerin yok edilmesine ve bu eylemleri temize \u00e7\u0131karma \u00e7abalar\u0131na defalarca tan\u0131kl\u0131k ettik\u201d denildi.<\/p>\n<p>A\u00e7\u0131klamada Azerbaycan\u2019\u0131n, Ermeni Apostolik Kilisesi\u2019ne dan\u0131\u015fmadan \u015eu\u015fi\u2019deki Ermeni Katedrali\u2019nde \u00e7al\u0131\u015fmalar yapt\u0131\u011f\u0131na ve b\u00f6ylece Ermenilerin din serbestli\u011fi hakk\u0131n\u0131 ihlal etti\u011fine\u00a0 dikkat \u00e7ekildi ve \u015fu ifadelere yer verildi:<br \/>\n\u201cAzerbaycan\u2019\u0131n, UNESCO uzmanlar\u0131n\u0131n Ermeni k\u00fclt\u00fcr miras\u0131n\u0131n bulundu\u011fu b\u00f6lgeye giri\u015fini bilerek engelledi\u011fi apa\u00e7\u0131kt\u0131r, \u00e7\u00fcnk\u00fc bir taraftan i\u015fledi\u011fi sava\u015f su\u00e7lar\u0131n\u0131 \u00f6rtbas etmeye, di\u011fer taraftan ise eserin tarihi ve k\u00fclt\u00fcrel b\u00fct\u00fcnl\u00fc\u011f\u00fcn\u00fc de\u011fi\u015ftirmeye \u00e7al\u0131\u015f\u0131yor. Bu durumda Azerbaycan\u2019\u0131n bu eylemlerinin vandalizm oldu\u011funa ve \u015eu\u015fi\u2019deki katedralin Ermeni kimli\u011fini yok etmeye y\u00f6nelik oldu\u011funa dair Ermeni taraf\u0131n\u0131n endi\u015feleri yerindedir\u201d<\/p>\n<p>Karaba\u011f \u0130\u00e7i\u015fleri Bakanl\u0131\u011f\u0131 Yetkilisi Hunan Tadevosyan kendi Facebook sayfas\u0131ndan payla\u015f\u0131mda bulunarak kilisenin kubbesinin Azerbaycanl\u0131lar taraf\u0131ndan kald\u0131r\u0131ld\u0131\u011f\u0131n\u0131 bildirdi.<\/p>\n<p>\u00d6te yandan \u201cCaucasus Heritage Watch\u201d adl\u0131 kurulu\u015f, Karaba\u011f\u2019\u0131n Hadrut b\u00f6lgesindeki Mets Ta\u011fer k\u00f6y\u00fcnde bulunan Ermeni mezarl\u0131\u011f\u0131n\u0131n yok edildi\u011fini duyurdu. B\u00f6lgenin uydu resimlerini yay\u0131nlayan kurum, 19. as\u0131rda kuruldu\u011fu bilinen mezarl\u0131\u011f\u0131n yerle bir edildi\u011fine ve arazide buldozer izlerinin g\u00f6r\u00fcnd\u00fc\u011f\u00fcne dikkat \u00e7ekti.<\/p>\n<p><em><strong>http:\/\/www.agos.com.tr\/tr\/yazi\/25648\/ermenistan-susi-katedrali-tehlikede\u00a0<\/strong><\/em><\/p>\n","protected":false},"excerpt":{"rendered":"<p>Ermenistan D\u0131\u015fi\u015fleri Bakanl\u0131\u011f\u0131, Karaba\u011f sava\u015f\u0131ndan sonra Azerbaycan\u2019\u0131n kontrol\u00fcne ge\u00e7en \u015eu\u015fi\u2019deki (\u015eu\u015fa) Surp Amenap\u0131rgi\u00e7 \u011eazan\u00e7etsots Ermeni Kilisesi\u2019nde ba\u015flat\u0131lan in\u015faat \u00e7al\u0131\u015fmalar\u0131na tepki g\u00f6sterdi. Bakanl\u0131k taraf\u0131ndan yay\u0131nlanan a\u00e7\u0131klamada, \u201c\u015eu\u015fi\u2019deki katedralde Azerbaycan taraf\u0131ndan y\u00fcr\u00fct\u00fclen eylemler k\u0131nanmal\u0131d\u0131r: \u015fimdiye kadar Ermeni ibadethanelerin ve tarihi eserlerin yok edilmesine ve bu eylemleri temize \u00e7\u0131karma \u00e7abalar\u0131na defalarca tan\u0131kl\u0131k ettik\u201d denildi. A\u00e7\u0131klamada Azerbaycan\u2019\u0131n, Ermeni Apostolik [&hellip;]<\/p>\n","protected":false},"author":7,"featured_media":62812,"comment_status":"open","ping_status":"open","sticky":false,"template":"","format":"standard","meta":{"footnotes":""},"categories":[1],"tags":[],"class_list":["post-62811","post","type-post","status-publish","format-standard","has-post-thumbnail","hentry","category-haberler"],"yoast_head":"<!-- This site is optimized with the Yoast SEO plugin v27.4 - https:\/\/yoast.com\/product\/yoast-seo-wordpress\/ -->\n<title>Ermenistan: \u201c\u015eu\u015fi katedrali tehlikede\u201d - Bati Ermenistan Ve Bati Ermenileri Sorunlari Ara\u015ftirmalar Merkezi<\/title>\n<meta name=\"robots\" content=\"index, follow, max-snippet:-1, max-image-preview:large, max-video-preview:-1\" \/>\n<link rel=\"canonical\" href=\"https:\/\/akunq.net\/tr\/?p=62811\" \/>\n<meta property=\"og:locale\" content=\"en_US\" \/>\n<meta property=\"og:type\" content=\"article\" \/>\n<meta property=\"og:title\" content=\"Ermenistan: \u201c\u015eu\u015fi katedrali tehlikede\u201d - Bati Ermenistan Ve Bati Ermenileri Sorunlari Ara\u015ftirmalar Merkezi\" \/>\n<meta property=\"og:description\" content=\"Ermenistan D\u0131\u015fi\u015fleri Bakanl\u0131\u011f\u0131, Karaba\u011f sava\u015f\u0131ndan sonra Azerbaycan\u2019\u0131n kontrol\u00fcne ge\u00e7en \u015eu\u015fi\u2019deki (\u015eu\u015fa) Surp Amenap\u0131rgi\u00e7 \u011eazan\u00e7etsots Ermeni Kilisesi\u2019nde ba\u015flat\u0131lan in\u015faat \u00e7al\u0131\u015fmalar\u0131na tepki g\u00f6sterdi. Bakanl\u0131k taraf\u0131ndan yay\u0131nlanan a\u00e7\u0131klamada, \u201c\u015eu\u015fi\u2019deki katedralde Azerbaycan taraf\u0131ndan y\u00fcr\u00fct\u00fclen eylemler k\u0131nanmal\u0131d\u0131r: \u015fimdiye kadar Ermeni ibadethanelerin ve tarihi eserlerin yok edilmesine ve bu eylemleri temize \u00e7\u0131karma \u00e7abalar\u0131na defalarca tan\u0131kl\u0131k ettik\u201d denildi. A\u00e7\u0131klamada Azerbaycan\u2019\u0131n, Ermeni Apostolik [&hellip;]\" \/>\n<meta property=\"og:url\" content=\"https:\/\/akunq.net\/tr\/?p=62811\" \/>\n<meta property=\"og:site_name\" content=\"Bati Ermenistan Ve Bati Ermenileri Sorunlari Ara\u015ftirmalar Merkezi\" \/>\n<meta property=\"article:published_time\" content=\"2021-05-10T06:31:54+00:00\" \/>\n<meta property=\"og:image\" content=\"https:\/\/akunq.net\/tr\/wp-content\/uploads\/sites\/6\/2021\/05\/\u015eu\u015fi-katedrali.jpeg\" \/>\n\t<meta property=\"og:image:width\" content=\"2048\" \/>\n\t<meta property=\"og:image:height\" content=\"1152\" \/>\n\t<meta property=\"og:image:type\" content=\"image\/jpeg\" \/>\n<meta name=\"author\" content=\"admin\" \/>\n<meta name=\"twitter:card\" content=\"summary_large_image\" \/>\n<meta name=\"twitter:label1\" content=\"Written by\" \/>\n\t<meta name=\"twitter:data1\" content=\"admin\" \/>\n\t<meta name=\"twitter:label2\" content=\"Est. reading time\" \/>\n\t<meta name=\"twitter:data2\" content=\"1 minute\" \/>\n<script type=\"application\/ld+json\" class=\"yoast-schema-graph\">{\"@context\":\"https:\\\/\\\/schema.org\",\"@graph\":[{\"@type\":\"Article\",\"@id\":\"https:\\\/\\\/akunq.net\\\/tr\\\/?p=62811#article\",\"isPartOf\":{\"@id\":\"https:\\\/\\\/akunq.net\\\/tr\\\/?p=62811\"},\"author\":{\"name\":\"admin\",\"@id\":\"https:\\\/\\\/akunq.net\\\/tr\\\/#\\\/schema\\\/person\\\/096f1d38a12cce57fb855b485ed24c9e\"},\"headline\":\"Ermenistan: \u201c\u015eu\u015fi katedrali tehlikede\u201d\",\"datePublished\":\"2021-05-10T06:31:54+00:00\",\"mainEntityOfPage\":{\"@id\":\"https:\\\/\\\/akunq.net\\\/tr\\\/?p=62811\"},\"wordCount\":304,\"commentCount\":0,\"image\":{\"@id\":\"https:\\\/\\\/akunq.net\\\/tr\\\/?p=62811#primaryimage\"},\"thumbnailUrl\":\"https:\\\/\\\/akunq.net\\\/tr\\\/wp-content\\\/uploads\\\/sites\\\/6\\\/2021\\\/05\\\/\u015eu\u015fi-katedrali.jpeg\",\"articleSection\":[\"Haberler\"],\"inLanguage\":\"en-US\",\"potentialAction\":[{\"@type\":\"CommentAction\",\"name\":\"Comment\",\"target\":[\"https:\\\/\\\/akunq.net\\\/tr\\\/?p=62811#respond\"]}]},{\"@type\":\"WebPage\",\"@id\":\"https:\\\/\\\/akunq.net\\\/tr\\\/?p=62811\",\"url\":\"https:\\\/\\\/akunq.net\\\/tr\\\/?p=62811\",\"name\":\"Ermenistan: \u201c\u015eu\u015fi katedrali tehlikede\u201d - Bati Ermenistan Ve Bati Ermenileri Sorunlari Ara\u015ftirmalar Merkezi\",\"isPartOf\":{\"@id\":\"https:\\\/\\\/akunq.net\\\/tr\\\/#website\"},\"primaryImageOfPage\":{\"@id\":\"https:\\\/\\\/akunq.net\\\/tr\\\/?p=62811#primaryimage\"},\"image\":{\"@id\":\"https:\\\/\\\/akunq.net\\\/tr\\\/?p=62811#primaryimage\"},\"thumbnailUrl\":\"https:\\\/\\\/akunq.net\\\/tr\\\/wp-content\\\/uploads\\\/sites\\\/6\\\/2021\\\/05\\\/\u015eu\u015fi-katedrali.jpeg\",\"datePublished\":\"2021-05-10T06:31:54+00:00\",\"author\":{\"@id\":\"https:\\\/\\\/akunq.net\\\/tr\\\/#\\\/schema\\\/person\\\/096f1d38a12cce57fb855b485ed24c9e\"},\"breadcrumb\":{\"@id\":\"https:\\\/\\\/akunq.net\\\/tr\\\/?p=62811#breadcrumb\"},\"inLanguage\":\"en-US\",\"potentialAction\":[{\"@type\":\"ReadAction\",\"target\":[\"https:\\\/\\\/akunq.net\\\/tr\\\/?p=62811\"]}]},{\"@type\":\"ImageObject\",\"inLanguage\":\"en-US\",\"@id\":\"https:\\\/\\\/akunq.net\\\/tr\\\/?p=62811#primaryimage\",\"url\":\"https:\\\/\\\/akunq.net\\\/tr\\\/wp-content\\\/uploads\\\/sites\\\/6\\\/2021\\\/05\\\/\u015eu\u015fi-katedrali.jpeg\",\"contentUrl\":\"https:\\\/\\\/akunq.net\\\/tr\\\/wp-content\\\/uploads\\\/sites\\\/6\\\/2021\\\/05\\\/\u015eu\u015fi-katedrali.jpeg\",\"width\":2048,\"height\":1152},{\"@type\":\"BreadcrumbList\",\"@id\":\"https:\\\/\\\/akunq.net\\\/tr\\\/?p=62811#breadcrumb\",\"itemListElement\":[{\"@type\":\"ListItem\",\"position\":1,\"name\":\"Home\",\"item\":\"https:\\\/\\\/akunq.net\\\/tr\"},{\"@type\":\"ListItem\",\"position\":2,\"name\":\"Ermenistan: \u201c\u015eu\u015fi katedrali tehlikede\u201d\"}]},{\"@type\":\"WebSite\",\"@id\":\"https:\\\/\\\/akunq.net\\\/tr\\\/#website\",\"url\":\"https:\\\/\\\/akunq.net\\\/tr\\\/\",\"name\":\"Bati Ermenistan Ve Bati Ermenileri Sorunlari Ara\u015ftirmalar Merkezi\",\"description\":\"\",\"potentialAction\":[{\"@type\":\"SearchAction\",\"target\":{\"@type\":\"EntryPoint\",\"urlTemplate\":\"https:\\\/\\\/akunq.net\\\/tr\\\/?s={search_term_string}\"},\"query-input\":{\"@type\":\"PropertyValueSpecification\",\"valueRequired\":true,\"valueName\":\"search_term_string\"}}],\"inLanguage\":\"en-US\"},{\"@type\":\"Person\",\"@id\":\"https:\\\/\\\/akunq.net\\\/tr\\\/#\\\/schema\\\/person\\\/096f1d38a12cce57fb855b485ed24c9e\",\"name\":\"admin\",\"url\":\"https:\\\/\\\/akunq.net\\\/tr\\\/?author=7\"}]}<\/script>\n<!-- \/ Yoast SEO plugin. -->","yoast_head_json":{"title":"Ermenistan: \u201c\u015eu\u015fi katedrali tehlikede\u201d - Bati Ermenistan Ve Bati Ermenileri Sorunlari Ara\u015ftirmalar Merkezi","robots":{"index":"index","follow":"follow","max-snippet":"max-snippet:-1","max-image-preview":"max-image-preview:large","max-video-preview":"max-video-preview:-1"},"canonical":"https:\/\/akunq.net\/tr\/?p=62811","og_locale":"en_US","og_type":"article","og_title":"Ermenistan: \u201c\u015eu\u015fi katedrali tehlikede\u201d - Bati Ermenistan Ve Bati Ermenileri Sorunlari Ara\u015ftirmalar Merkezi","og_description":"Ermenistan D\u0131\u015fi\u015fleri Bakanl\u0131\u011f\u0131, Karaba\u011f sava\u015f\u0131ndan sonra Azerbaycan\u2019\u0131n kontrol\u00fcne ge\u00e7en \u015eu\u015fi\u2019deki (\u015eu\u015fa) Surp Amenap\u0131rgi\u00e7 \u011eazan\u00e7etsots Ermeni Kilisesi\u2019nde ba\u015flat\u0131lan in\u015faat \u00e7al\u0131\u015fmalar\u0131na tepki g\u00f6sterdi. Bakanl\u0131k taraf\u0131ndan yay\u0131nlanan a\u00e7\u0131klamada, \u201c\u015eu\u015fi\u2019deki katedralde Azerbaycan taraf\u0131ndan y\u00fcr\u00fct\u00fclen eylemler k\u0131nanmal\u0131d\u0131r: \u015fimdiye kadar Ermeni ibadethanelerin ve tarihi eserlerin yok edilmesine ve bu eylemleri temize \u00e7\u0131karma \u00e7abalar\u0131na defalarca tan\u0131kl\u0131k ettik\u201d denildi. A\u00e7\u0131klamada Azerbaycan\u2019\u0131n, Ermeni Apostolik [&hellip;]","og_url":"https:\/\/akunq.net\/tr\/?p=62811","og_site_name":"Bati Ermenistan Ve Bati Ermenileri Sorunlari Ara\u015ftirmalar Merkezi","article_published_time":"2021-05-10T06:31:54+00:00","og_image":[{"width":2048,"height":1152,"url":"https:\/\/akunq.net\/tr\/wp-content\/uploads\/sites\/6\/2021\/05\/\u015eu\u015fi-katedrali.jpeg","type":"image\/jpeg"}],"author":"admin","twitter_card":"summary_large_image","twitter_misc":{"Written by":"admin","Est. reading time":"1 minute"},"schema":{"@context":"https:\/\/schema.org","@graph":[{"@type":"Article","@id":"https:\/\/akunq.net\/tr\/?p=62811#article","isPartOf":{"@id":"https:\/\/akunq.net\/tr\/?p=62811"},"author":{"name":"admin","@id":"https:\/\/akunq.net\/tr\/#\/schema\/person\/096f1d38a12cce57fb855b485ed24c9e"},"headline":"Ermenistan: \u201c\u015eu\u015fi katedrali tehlikede\u201d","datePublished":"2021-05-10T06:31:54+00:00","mainEntityOfPage":{"@id":"https:\/\/akunq.net\/tr\/?p=62811"},"wordCount":304,"commentCount":0,"image":{"@id":"https:\/\/akunq.net\/tr\/?p=62811#primaryimage"},"thumbnailUrl":"https:\/\/akunq.net\/tr\/wp-content\/uploads\/sites\/6\/2021\/05\/\u015eu\u015fi-katedrali.jpeg","articleSection":["Haberler"],"inLanguage":"en-US","potentialAction":[{"@type":"CommentAction","name":"Comment","target":["https:\/\/akunq.net\/tr\/?p=62811#respond"]}]},{"@type":"WebPage","@id":"https:\/\/akunq.net\/tr\/?p=62811","url":"https:\/\/akunq.net\/tr\/?p=62811","name":"Ermenistan: \u201c\u015eu\u015fi katedrali tehlikede\u201d - Bati Ermenistan Ve Bati Ermenileri Sorunlari Ara\u015ftirmalar Merkezi","isPartOf":{"@id":"https:\/\/akunq.net\/tr\/#website"},"primaryImageOfPage":{"@id":"https:\/\/akunq.net\/tr\/?p=62811#primaryimage"},"image":{"@id":"https:\/\/akunq.net\/tr\/?p=62811#primaryimage"},"thumbnailUrl":"https:\/\/akunq.net\/tr\/wp-content\/uploads\/sites\/6\/2021\/05\/\u015eu\u015fi-katedrali.jpeg","datePublished":"2021-05-10T06:31:54+00:00","author":{"@id":"https:\/\/akunq.net\/tr\/#\/schema\/person\/096f1d38a12cce57fb855b485ed24c9e"},"breadcrumb":{"@id":"https:\/\/akunq.net\/tr\/?p=62811#breadcrumb"},"inLanguage":"en-US","potentialAction":[{"@type":"ReadAction","target":["https:\/\/akunq.net\/tr\/?p=62811"]}]},{"@type":"ImageObject","inLanguage":"en-US","@id":"https:\/\/akunq.net\/tr\/?p=62811#primaryimage","url":"https:\/\/akunq.net\/tr\/wp-content\/uploads\/sites\/6\/2021\/05\/\u015eu\u015fi-katedrali.jpeg","contentUrl":"https:\/\/akunq.net\/tr\/wp-content\/uploads\/sites\/6\/2021\/05\/\u015eu\u015fi-katedrali.jpeg","width":2048,"height":1152},{"@type":"BreadcrumbList","@id":"https:\/\/akunq.net\/tr\/?p=62811#breadcrumb","itemListElement":[{"@type":"ListItem","position":1,"name":"Home","item":"https:\/\/akunq.net\/tr"},{"@type":"ListItem","position":2,"name":"Ermenistan: \u201c\u015eu\u015fi katedrali tehlikede\u201d"}]},{"@type":"WebSite","@id":"https:\/\/akunq.net\/tr\/#website","url":"https:\/\/akunq.net\/tr\/","name":"Bati Ermenistan Ve Bati Ermenileri Sorunlari Ara\u015ftirmalar Merkezi","description":"","potentialAction":[{"@type":"SearchAction","target":{"@type":"EntryPoint","urlTemplate":"https:\/\/akunq.net\/tr\/?s={search_term_string}"},"query-input":{"@type":"PropertyValueSpecification","valueRequired":true,"valueName":"search_term_string"}}],"inLanguage":"en-US"},{"@type":"Person","@id":"https:\/\/akunq.net\/tr\/#\/schema\/person\/096f1d38a12cce57fb855b485ed24c9e","name":"admin","url":"https:\/\/akunq.net\/tr\/?author=7"}]}},"_links":{"self":[{"href":"https:\/\/akunq.net\/tr\/index.php?rest_route=\/wp\/v2\/posts\/62811","targetHints":{"allow":["GET"]}}],"collection":[{"href":"https:\/\/akunq.net\/tr\/index.php?rest_route=\/wp\/v2\/posts"}],"about":[{"href":"https:\/\/akunq.net\/tr\/index.php?rest_route=\/wp\/v2\/types\/post"}],"author":[{"embeddable":true,"href":"https:\/\/akunq.net\/tr\/index.php?rest_route=\/wp\/v2\/users\/7"}],"replies":[{"embeddable":true,"href":"https:\/\/akunq.net\/tr\/index.php?rest_route=%2Fwp%2Fv2%2Fcomments&post=62811"}],"version-history":[{"count":1,"href":"https:\/\/akunq.net\/tr\/index.php?rest_route=\/wp\/v2\/posts\/62811\/revisions"}],"predecessor-version":[{"id":62813,"href":"https:\/\/akunq.net\/tr\/index.php?rest_route=\/wp\/v2\/posts\/62811\/revisions\/62813"}],"wp:featuredmedia":[{"embeddable":true,"href":"https:\/\/akunq.net\/tr\/index.php?rest_route=\/wp\/v2\/media\/62812"}],"wp:attachment":[{"href":"https:\/\/akunq.net\/tr\/index.php?rest_route=%2Fwp%2Fv2%2Fmedia&parent=62811"}],"wp:term":[{"taxonomy":"category","embeddable":true,"href":"https:\/\/akunq.net\/tr\/index.php?rest_route=%2Fwp%2Fv2%2Fcategories&post=62811"},{"taxonomy":"post_tag","embeddable":true,"href":"https:\/\/akunq.net\/tr\/index.php?rest_route=%2Fwp%2Fv2%2Ftags&post=62811"}],"curies":[{"name":"wp","href":"https:\/\/api.w.org\/{rel}","templated":true}]}}