{"id":62808,"date":"2021-05-10T01:26:02","date_gmt":"2021-05-10T06:26:02","guid":{"rendered":"https:\/\/akunq.net\/tr\/?p=62808"},"modified":"2021-05-10T01:26:02","modified_gmt":"2021-05-10T06:26:02","slug":"ermenistan-disisleri-bakanligi-letonya-parlamentosunun-ermeni-soykirimini-tanima-kararini-takdirle-karsiladi","status":"publish","type":"post","link":"https:\/\/akunq.net\/tr\/?p=62808","title":{"rendered":"Ermenistan D\u0131\u015fi\u015fleri Bakanl\u0131\u011f\u0131 Letonya Parlamentosu\u2019nun, Ermeni Soyk\u0131r\u0131m\u0131&#8217;n\u0131 tan\u0131ma karar\u0131n\u0131 takdirle kar\u015f\u0131lad\u0131"},"content":{"rendered":"<p><img loading=\"lazy\" decoding=\"async\" class=\"aligncenter size-medium wp-image-62809\" src=\"https:\/\/akunq.net\/tr\/wp-content\/uploads\/2021\/05\/Ermenistan-D\u0131\u015fi\u015fleri-Bakanl\u0131\u011f\u0131-360x242.jpg\" alt=\"\" width=\"360\" height=\"242\" srcset=\"https:\/\/akunq.net\/tr\/wp-content\/uploads\/sites\/6\/2021\/05\/Ermenistan-D\u0131\u015fi\u015fleri-Bakanl\u0131\u011f\u0131-360x242.jpg 360w, https:\/\/akunq.net\/tr\/wp-content\/uploads\/sites\/6\/2021\/05\/Ermenistan-D\u0131\u015fi\u015fleri-Bakanl\u0131\u011f\u0131-560x376.jpg 560w, https:\/\/akunq.net\/tr\/wp-content\/uploads\/sites\/6\/2021\/05\/Ermenistan-D\u0131\u015fi\u015fleri-Bakanl\u0131\u011f\u0131-260x175.jpg 260w, https:\/\/akunq.net\/tr\/wp-content\/uploads\/sites\/6\/2021\/05\/Ermenistan-D\u0131\u015fi\u015fleri-Bakanl\u0131\u011f\u0131-160x107.jpg 160w, https:\/\/akunq.net\/tr\/wp-content\/uploads\/sites\/6\/2021\/05\/Ermenistan-D\u0131\u015fi\u015fleri-Bakanl\u0131\u011f\u0131.jpg 670w\" sizes=\"auto, (max-width: 360px) 100vw, 360px\" \/><\/p>\n<p><em><strong>Ermenistan D\u0131\u015fi\u015fleri Bakanl\u0131\u011f\u0131 Letonya Parlamentosu taraf\u0131ndan Ermeni Soyk\u0131r\u0131m\u0131&#8217;n\u0131n tan\u0131nmas\u0131na ili\u015fkin a\u00e7\u0131klamada bulunarak Ermeni Soyk\u0131r\u0131m\u0131\u2019n\u0131n tan\u0131nmas\u0131n\u0131n b\u00f6lgede Ermeni halk\u0131n\u0131n g\u00fcvenli\u011fi a\u00e7\u0131s\u0131ndan \u00f6nemli bir g\u00fcvence oldu\u011funu ifade etti ve Letonya Parlamentosu\u2019nun bu karar\u0131n\u0131 takdirle kar\u015f\u0131lad\u0131\u011f\u0131n\u0131 belirtti.<\/strong><\/em><\/p>\n<p>D\u0131\u015fi\u015fleri Bakanl\u0131\u011f\u0131 Ermeni Soyk\u0131r\u0131m\u0131\u2019n\u0131n tan\u0131ma ve k\u0131nama s\u00fcrecinde bunun \u00f6nemli bir ad\u0131m oldu\u011funun da alt\u0131n\u0131 \u00e7izdi.<\/p>\n<p>Yap\u0131lan a\u00e7\u0131klamada \u015fu ifadelere yer verildi:<\/p>\n<p>\u201cBu karar sadece tarihi adalet ve hakikat a\u00e7\u0131s\u0131ndan de\u011fil, ayn\u0131 zamanda gelecekte bunun gibi su\u00e7lar\u0131 \u00f6nlemek a\u00e7\u0131s\u0131ndan \u00f6nemlidir.\u201d<\/p>\n<p><em><strong>https:\/\/www.ermenihaber.am\/tr\/news\/2021\/05\/07\/Ermenistan-D%C4%B1%C5%9Fi%C5%9Fleri-Bakanl%C4%B1%C4%9F%C4%B1-Letonya-Parlamentosu-Ermeni-Soyk%C4%B1r%C4%B1m%C4%B1\/207520\u00a0<\/strong><\/em><\/p>\n","protected":false},"excerpt":{"rendered":"<p>Ermenistan D\u0131\u015fi\u015fleri Bakanl\u0131\u011f\u0131 Letonya Parlamentosu taraf\u0131ndan Ermeni Soyk\u0131r\u0131m\u0131&#8217;n\u0131n tan\u0131nmas\u0131na ili\u015fkin a\u00e7\u0131klamada bulunarak Ermeni Soyk\u0131r\u0131m\u0131\u2019n\u0131n tan\u0131nmas\u0131n\u0131n b\u00f6lgede Ermeni halk\u0131n\u0131n g\u00fcvenli\u011fi a\u00e7\u0131s\u0131ndan \u00f6nemli bir g\u00fcvence oldu\u011funu ifade etti ve Letonya Parlamentosu\u2019nun bu karar\u0131n\u0131 takdirle kar\u015f\u0131lad\u0131\u011f\u0131n\u0131 belirtti. D\u0131\u015fi\u015fleri Bakanl\u0131\u011f\u0131 Ermeni Soyk\u0131r\u0131m\u0131\u2019n\u0131n tan\u0131ma ve k\u0131nama s\u00fcrecinde bunun \u00f6nemli bir ad\u0131m oldu\u011funun da alt\u0131n\u0131 \u00e7izdi. Yap\u0131lan a\u00e7\u0131klamada \u015fu ifadelere yer [&hellip;]<\/p>\n","protected":false},"author":7,"featured_media":62809,"comment_status":"open","ping_status":"open","sticky":false,"template":"","format":"standard","meta":{"footnotes":""},"categories":[44,1],"tags":[],"class_list":["post-62808","post","type-post","status-publish","format-standard","has-post-thumbnail","hentry","category-ermeni-soykirimi","category-haberler"],"yoast_head":"<!-- This site is optimized with the Yoast SEO plugin v27.4 - https:\/\/yoast.com\/product\/yoast-seo-wordpress\/ -->\n<title>Ermenistan D\u0131\u015fi\u015fleri Bakanl\u0131\u011f\u0131 Letonya Parlamentosu\u2019nun, Ermeni Soyk\u0131r\u0131m\u0131&#039;n\u0131 tan\u0131ma karar\u0131n\u0131 takdirle kar\u015f\u0131lad\u0131 - Bati Ermenistan Ve Bati Ermenileri Sorunlari Ara\u015ftirmalar Merkezi<\/title>\n<meta name=\"robots\" content=\"index, follow, max-snippet:-1, max-image-preview:large, max-video-preview:-1\" \/>\n<link rel=\"canonical\" href=\"https:\/\/akunq.net\/tr\/?p=62808\" \/>\n<meta property=\"og:locale\" content=\"en_US\" \/>\n<meta property=\"og:type\" content=\"article\" \/>\n<meta property=\"og:title\" content=\"Ermenistan D\u0131\u015fi\u015fleri Bakanl\u0131\u011f\u0131 Letonya Parlamentosu\u2019nun, Ermeni Soyk\u0131r\u0131m\u0131&#039;n\u0131 tan\u0131ma karar\u0131n\u0131 takdirle kar\u015f\u0131lad\u0131 - Bati Ermenistan Ve Bati Ermenileri Sorunlari Ara\u015ftirmalar Merkezi\" \/>\n<meta property=\"og:description\" content=\"Ermenistan D\u0131\u015fi\u015fleri Bakanl\u0131\u011f\u0131 Letonya Parlamentosu taraf\u0131ndan Ermeni Soyk\u0131r\u0131m\u0131&#8217;n\u0131n tan\u0131nmas\u0131na ili\u015fkin a\u00e7\u0131klamada bulunarak Ermeni Soyk\u0131r\u0131m\u0131\u2019n\u0131n tan\u0131nmas\u0131n\u0131n b\u00f6lgede Ermeni halk\u0131n\u0131n g\u00fcvenli\u011fi a\u00e7\u0131s\u0131ndan \u00f6nemli bir g\u00fcvence oldu\u011funu ifade etti ve Letonya Parlamentosu\u2019nun bu karar\u0131n\u0131 takdirle kar\u015f\u0131lad\u0131\u011f\u0131n\u0131 belirtti. D\u0131\u015fi\u015fleri Bakanl\u0131\u011f\u0131 Ermeni Soyk\u0131r\u0131m\u0131\u2019n\u0131n tan\u0131ma ve k\u0131nama s\u00fcrecinde bunun \u00f6nemli bir ad\u0131m oldu\u011funun da alt\u0131n\u0131 \u00e7izdi. Yap\u0131lan a\u00e7\u0131klamada \u015fu ifadelere yer [&hellip;]\" \/>\n<meta property=\"og:url\" content=\"https:\/\/akunq.net\/tr\/?p=62808\" \/>\n<meta property=\"og:site_name\" content=\"Bati Ermenistan Ve Bati Ermenileri Sorunlari Ara\u015ftirmalar Merkezi\" \/>\n<meta property=\"article:published_time\" content=\"2021-05-10T06:26:02+00:00\" \/>\n<meta property=\"og:image\" content=\"https:\/\/akunq.net\/tr\/wp-content\/uploads\/sites\/6\/2021\/05\/Ermenistan-D\u0131\u015fi\u015fleri-Bakanl\u0131\u011f\u0131.jpg\" \/>\n\t<meta property=\"og:image:width\" content=\"670\" \/>\n\t<meta property=\"og:image:height\" content=\"450\" \/>\n\t<meta property=\"og:image:type\" content=\"image\/jpeg\" \/>\n<meta name=\"author\" content=\"admin\" \/>\n<meta name=\"twitter:card\" content=\"summary_large_image\" \/>\n<meta name=\"twitter:label1\" content=\"Written by\" \/>\n\t<meta name=\"twitter:data1\" content=\"admin\" \/>\n\t<meta name=\"twitter:label2\" content=\"Est. reading time\" \/>\n\t<meta name=\"twitter:data2\" content=\"1 minute\" \/>\n<script type=\"application\/ld+json\" class=\"yoast-schema-graph\">{\"@context\":\"https:\\\/\\\/schema.org\",\"@graph\":[{\"@type\":\"Article\",\"@id\":\"https:\\\/\\\/akunq.net\\\/tr\\\/?p=62808#article\",\"isPartOf\":{\"@id\":\"https:\\\/\\\/akunq.net\\\/tr\\\/?p=62808\"},\"author\":{\"name\":\"admin\",\"@id\":\"https:\\\/\\\/akunq.net\\\/tr\\\/#\\\/schema\\\/person\\\/096f1d38a12cce57fb855b485ed24c9e\"},\"headline\":\"Ermenistan D\u0131\u015fi\u015fleri Bakanl\u0131\u011f\u0131 Letonya Parlamentosu\u2019nun, Ermeni Soyk\u0131r\u0131m\u0131&#8217;n\u0131 tan\u0131ma karar\u0131n\u0131 takdirle kar\u015f\u0131lad\u0131\",\"datePublished\":\"2021-05-10T06:26:02+00:00\",\"mainEntityOfPage\":{\"@id\":\"https:\\\/\\\/akunq.net\\\/tr\\\/?p=62808\"},\"wordCount\":173,\"commentCount\":0,\"image\":{\"@id\":\"https:\\\/\\\/akunq.net\\\/tr\\\/?p=62808#primaryimage\"},\"thumbnailUrl\":\"https:\\\/\\\/akunq.net\\\/tr\\\/wp-content\\\/uploads\\\/sites\\\/6\\\/2021\\\/05\\\/Ermenistan-D\u0131\u015fi\u015fleri-Bakanl\u0131\u011f\u0131.jpg\",\"articleSection\":[\"Ermeni Soyk\u0131r\u0131m\u0131\",\"Haberler\"],\"inLanguage\":\"en-US\",\"potentialAction\":[{\"@type\":\"CommentAction\",\"name\":\"Comment\",\"target\":[\"https:\\\/\\\/akunq.net\\\/tr\\\/?p=62808#respond\"]}]},{\"@type\":\"WebPage\",\"@id\":\"https:\\\/\\\/akunq.net\\\/tr\\\/?p=62808\",\"url\":\"https:\\\/\\\/akunq.net\\\/tr\\\/?p=62808\",\"name\":\"Ermenistan D\u0131\u015fi\u015fleri Bakanl\u0131\u011f\u0131 Letonya Parlamentosu\u2019nun, Ermeni Soyk\u0131r\u0131m\u0131'n\u0131 tan\u0131ma karar\u0131n\u0131 takdirle kar\u015f\u0131lad\u0131 - Bati Ermenistan Ve Bati Ermenileri Sorunlari Ara\u015ftirmalar Merkezi\",\"isPartOf\":{\"@id\":\"https:\\\/\\\/akunq.net\\\/tr\\\/#website\"},\"primaryImageOfPage\":{\"@id\":\"https:\\\/\\\/akunq.net\\\/tr\\\/?p=62808#primaryimage\"},\"image\":{\"@id\":\"https:\\\/\\\/akunq.net\\\/tr\\\/?p=62808#primaryimage\"},\"thumbnailUrl\":\"https:\\\/\\\/akunq.net\\\/tr\\\/wp-content\\\/uploads\\\/sites\\\/6\\\/2021\\\/05\\\/Ermenistan-D\u0131\u015fi\u015fleri-Bakanl\u0131\u011f\u0131.jpg\",\"datePublished\":\"2021-05-10T06:26:02+00:00\",\"author\":{\"@id\":\"https:\\\/\\\/akunq.net\\\/tr\\\/#\\\/schema\\\/person\\\/096f1d38a12cce57fb855b485ed24c9e\"},\"breadcrumb\":{\"@id\":\"https:\\\/\\\/akunq.net\\\/tr\\\/?p=62808#breadcrumb\"},\"inLanguage\":\"en-US\",\"potentialAction\":[{\"@type\":\"ReadAction\",\"target\":[\"https:\\\/\\\/akunq.net\\\/tr\\\/?p=62808\"]}]},{\"@type\":\"ImageObject\",\"inLanguage\":\"en-US\",\"@id\":\"https:\\\/\\\/akunq.net\\\/tr\\\/?p=62808#primaryimage\",\"url\":\"https:\\\/\\\/akunq.net\\\/tr\\\/wp-content\\\/uploads\\\/sites\\\/6\\\/2021\\\/05\\\/Ermenistan-D\u0131\u015fi\u015fleri-Bakanl\u0131\u011f\u0131.jpg\",\"contentUrl\":\"https:\\\/\\\/akunq.net\\\/tr\\\/wp-content\\\/uploads\\\/sites\\\/6\\\/2021\\\/05\\\/Ermenistan-D\u0131\u015fi\u015fleri-Bakanl\u0131\u011f\u0131.jpg\",\"width\":670,\"height\":450},{\"@type\":\"BreadcrumbList\",\"@id\":\"https:\\\/\\\/akunq.net\\\/tr\\\/?p=62808#breadcrumb\",\"itemListElement\":[{\"@type\":\"ListItem\",\"position\":1,\"name\":\"Home\",\"item\":\"https:\\\/\\\/akunq.net\\\/tr\"},{\"@type\":\"ListItem\",\"position\":2,\"name\":\"Ermenistan D\u0131\u015fi\u015fleri Bakanl\u0131\u011f\u0131 Letonya Parlamentosu\u2019nun, Ermeni Soyk\u0131r\u0131m\u0131&#8217;n\u0131 tan\u0131ma karar\u0131n\u0131 takdirle kar\u015f\u0131lad\u0131\"}]},{\"@type\":\"WebSite\",\"@id\":\"https:\\\/\\\/akunq.net\\\/tr\\\/#website\",\"url\":\"https:\\\/\\\/akunq.net\\\/tr\\\/\",\"name\":\"Bati Ermenistan Ve Bati Ermenileri Sorunlari Ara\u015ftirmalar Merkezi\",\"description\":\"\",\"potentialAction\":[{\"@type\":\"SearchAction\",\"target\":{\"@type\":\"EntryPoint\",\"urlTemplate\":\"https:\\\/\\\/akunq.net\\\/tr\\\/?s={search_term_string}\"},\"query-input\":{\"@type\":\"PropertyValueSpecification\",\"valueRequired\":true,\"valueName\":\"search_term_string\"}}],\"inLanguage\":\"en-US\"},{\"@type\":\"Person\",\"@id\":\"https:\\\/\\\/akunq.net\\\/tr\\\/#\\\/schema\\\/person\\\/096f1d38a12cce57fb855b485ed24c9e\",\"name\":\"admin\",\"url\":\"https:\\\/\\\/akunq.net\\\/tr\\\/?author=7\"}]}<\/script>\n<!-- \/ Yoast SEO plugin. -->","yoast_head_json":{"title":"Ermenistan D\u0131\u015fi\u015fleri Bakanl\u0131\u011f\u0131 Letonya Parlamentosu\u2019nun, Ermeni Soyk\u0131r\u0131m\u0131'n\u0131 tan\u0131ma karar\u0131n\u0131 takdirle kar\u015f\u0131lad\u0131 - Bati Ermenistan Ve Bati Ermenileri Sorunlari Ara\u015ftirmalar Merkezi","robots":{"index":"index","follow":"follow","max-snippet":"max-snippet:-1","max-image-preview":"max-image-preview:large","max-video-preview":"max-video-preview:-1"},"canonical":"https:\/\/akunq.net\/tr\/?p=62808","og_locale":"en_US","og_type":"article","og_title":"Ermenistan D\u0131\u015fi\u015fleri Bakanl\u0131\u011f\u0131 Letonya Parlamentosu\u2019nun, Ermeni Soyk\u0131r\u0131m\u0131'n\u0131 tan\u0131ma karar\u0131n\u0131 takdirle kar\u015f\u0131lad\u0131 - Bati Ermenistan Ve Bati Ermenileri Sorunlari Ara\u015ftirmalar Merkezi","og_description":"Ermenistan D\u0131\u015fi\u015fleri Bakanl\u0131\u011f\u0131 Letonya Parlamentosu taraf\u0131ndan Ermeni Soyk\u0131r\u0131m\u0131&#8217;n\u0131n tan\u0131nmas\u0131na ili\u015fkin a\u00e7\u0131klamada bulunarak Ermeni Soyk\u0131r\u0131m\u0131\u2019n\u0131n tan\u0131nmas\u0131n\u0131n b\u00f6lgede Ermeni halk\u0131n\u0131n g\u00fcvenli\u011fi a\u00e7\u0131s\u0131ndan \u00f6nemli bir g\u00fcvence oldu\u011funu ifade etti ve Letonya Parlamentosu\u2019nun bu karar\u0131n\u0131 takdirle kar\u015f\u0131lad\u0131\u011f\u0131n\u0131 belirtti. D\u0131\u015fi\u015fleri Bakanl\u0131\u011f\u0131 Ermeni Soyk\u0131r\u0131m\u0131\u2019n\u0131n tan\u0131ma ve k\u0131nama s\u00fcrecinde bunun \u00f6nemli bir ad\u0131m oldu\u011funun da alt\u0131n\u0131 \u00e7izdi. Yap\u0131lan a\u00e7\u0131klamada \u015fu ifadelere yer [&hellip;]","og_url":"https:\/\/akunq.net\/tr\/?p=62808","og_site_name":"Bati Ermenistan Ve Bati Ermenileri Sorunlari Ara\u015ftirmalar Merkezi","article_published_time":"2021-05-10T06:26:02+00:00","og_image":[{"width":670,"height":450,"url":"https:\/\/akunq.net\/tr\/wp-content\/uploads\/sites\/6\/2021\/05\/Ermenistan-D\u0131\u015fi\u015fleri-Bakanl\u0131\u011f\u0131.jpg","type":"image\/jpeg"}],"author":"admin","twitter_card":"summary_large_image","twitter_misc":{"Written by":"admin","Est. reading time":"1 minute"},"schema":{"@context":"https:\/\/schema.org","@graph":[{"@type":"Article","@id":"https:\/\/akunq.net\/tr\/?p=62808#article","isPartOf":{"@id":"https:\/\/akunq.net\/tr\/?p=62808"},"author":{"name":"admin","@id":"https:\/\/akunq.net\/tr\/#\/schema\/person\/096f1d38a12cce57fb855b485ed24c9e"},"headline":"Ermenistan D\u0131\u015fi\u015fleri Bakanl\u0131\u011f\u0131 Letonya Parlamentosu\u2019nun, Ermeni Soyk\u0131r\u0131m\u0131&#8217;n\u0131 tan\u0131ma karar\u0131n\u0131 takdirle kar\u015f\u0131lad\u0131","datePublished":"2021-05-10T06:26:02+00:00","mainEntityOfPage":{"@id":"https:\/\/akunq.net\/tr\/?p=62808"},"wordCount":173,"commentCount":0,"image":{"@id":"https:\/\/akunq.net\/tr\/?p=62808#primaryimage"},"thumbnailUrl":"https:\/\/akunq.net\/tr\/wp-content\/uploads\/sites\/6\/2021\/05\/Ermenistan-D\u0131\u015fi\u015fleri-Bakanl\u0131\u011f\u0131.jpg","articleSection":["Ermeni Soyk\u0131r\u0131m\u0131","Haberler"],"inLanguage":"en-US","potentialAction":[{"@type":"CommentAction","name":"Comment","target":["https:\/\/akunq.net\/tr\/?p=62808#respond"]}]},{"@type":"WebPage","@id":"https:\/\/akunq.net\/tr\/?p=62808","url":"https:\/\/akunq.net\/tr\/?p=62808","name":"Ermenistan D\u0131\u015fi\u015fleri Bakanl\u0131\u011f\u0131 Letonya Parlamentosu\u2019nun, Ermeni Soyk\u0131r\u0131m\u0131'n\u0131 tan\u0131ma karar\u0131n\u0131 takdirle kar\u015f\u0131lad\u0131 - Bati Ermenistan Ve Bati Ermenileri Sorunlari Ara\u015ftirmalar Merkezi","isPartOf":{"@id":"https:\/\/akunq.net\/tr\/#website"},"primaryImageOfPage":{"@id":"https:\/\/akunq.net\/tr\/?p=62808#primaryimage"},"image":{"@id":"https:\/\/akunq.net\/tr\/?p=62808#primaryimage"},"thumbnailUrl":"https:\/\/akunq.net\/tr\/wp-content\/uploads\/sites\/6\/2021\/05\/Ermenistan-D\u0131\u015fi\u015fleri-Bakanl\u0131\u011f\u0131.jpg","datePublished":"2021-05-10T06:26:02+00:00","author":{"@id":"https:\/\/akunq.net\/tr\/#\/schema\/person\/096f1d38a12cce57fb855b485ed24c9e"},"breadcrumb":{"@id":"https:\/\/akunq.net\/tr\/?p=62808#breadcrumb"},"inLanguage":"en-US","potentialAction":[{"@type":"ReadAction","target":["https:\/\/akunq.net\/tr\/?p=62808"]}]},{"@type":"ImageObject","inLanguage":"en-US","@id":"https:\/\/akunq.net\/tr\/?p=62808#primaryimage","url":"https:\/\/akunq.net\/tr\/wp-content\/uploads\/sites\/6\/2021\/05\/Ermenistan-D\u0131\u015fi\u015fleri-Bakanl\u0131\u011f\u0131.jpg","contentUrl":"https:\/\/akunq.net\/tr\/wp-content\/uploads\/sites\/6\/2021\/05\/Ermenistan-D\u0131\u015fi\u015fleri-Bakanl\u0131\u011f\u0131.jpg","width":670,"height":450},{"@type":"BreadcrumbList","@id":"https:\/\/akunq.net\/tr\/?p=62808#breadcrumb","itemListElement":[{"@type":"ListItem","position":1,"name":"Home","item":"https:\/\/akunq.net\/tr"},{"@type":"ListItem","position":2,"name":"Ermenistan D\u0131\u015fi\u015fleri Bakanl\u0131\u011f\u0131 Letonya Parlamentosu\u2019nun, Ermeni Soyk\u0131r\u0131m\u0131&#8217;n\u0131 tan\u0131ma karar\u0131n\u0131 takdirle kar\u015f\u0131lad\u0131"}]},{"@type":"WebSite","@id":"https:\/\/akunq.net\/tr\/#website","url":"https:\/\/akunq.net\/tr\/","name":"Bati Ermenistan Ve Bati Ermenileri Sorunlari Ara\u015ftirmalar Merkezi","description":"","potentialAction":[{"@type":"SearchAction","target":{"@type":"EntryPoint","urlTemplate":"https:\/\/akunq.net\/tr\/?s={search_term_string}"},"query-input":{"@type":"PropertyValueSpecification","valueRequired":true,"valueName":"search_term_string"}}],"inLanguage":"en-US"},{"@type":"Person","@id":"https:\/\/akunq.net\/tr\/#\/schema\/person\/096f1d38a12cce57fb855b485ed24c9e","name":"admin","url":"https:\/\/akunq.net\/tr\/?author=7"}]}},"_links":{"self":[{"href":"https:\/\/akunq.net\/tr\/index.php?rest_route=\/wp\/v2\/posts\/62808","targetHints":{"allow":["GET"]}}],"collection":[{"href":"https:\/\/akunq.net\/tr\/index.php?rest_route=\/wp\/v2\/posts"}],"about":[{"href":"https:\/\/akunq.net\/tr\/index.php?rest_route=\/wp\/v2\/types\/post"}],"author":[{"embeddable":true,"href":"https:\/\/akunq.net\/tr\/index.php?rest_route=\/wp\/v2\/users\/7"}],"replies":[{"embeddable":true,"href":"https:\/\/akunq.net\/tr\/index.php?rest_route=%2Fwp%2Fv2%2Fcomments&post=62808"}],"version-history":[{"count":1,"href":"https:\/\/akunq.net\/tr\/index.php?rest_route=\/wp\/v2\/posts\/62808\/revisions"}],"predecessor-version":[{"id":62810,"href":"https:\/\/akunq.net\/tr\/index.php?rest_route=\/wp\/v2\/posts\/62808\/revisions\/62810"}],"wp:featuredmedia":[{"embeddable":true,"href":"https:\/\/akunq.net\/tr\/index.php?rest_route=\/wp\/v2\/media\/62809"}],"wp:attachment":[{"href":"https:\/\/akunq.net\/tr\/index.php?rest_route=%2Fwp%2Fv2%2Fmedia&parent=62808"}],"wp:term":[{"taxonomy":"category","embeddable":true,"href":"https:\/\/akunq.net\/tr\/index.php?rest_route=%2Fwp%2Fv2%2Fcategories&post=62808"},{"taxonomy":"post_tag","embeddable":true,"href":"https:\/\/akunq.net\/tr\/index.php?rest_route=%2Fwp%2Fv2%2Ftags&post=62808"}],"curies":[{"name":"wp","href":"https:\/\/api.w.org\/{rel}","templated":true}]}}