{"id":62800,"date":"2021-05-07T01:35:50","date_gmt":"2021-05-07T06:35:50","guid":{"rendered":"https:\/\/akunq.net\/tr\/?p=62800"},"modified":"2021-05-07T01:35:50","modified_gmt":"2021-05-07T06:35:50","slug":"ailesinden-80-kisi-oldurulen-cicek-cenazelerin-uzerlerine-gaz-dokerek-obek-obek-yakmislardi","status":"publish","type":"post","link":"https:\/\/akunq.net\/tr\/?p=62800","title":{"rendered":"Ailesinden 80 ki\u015fi \u00f6ld\u00fcr\u00fclen \u00c7i\u00e7ek: Cenazelerin \u00fczerlerine gaz d\u00f6kerek \u00f6bek \u00f6bek yakm\u0131\u015flard\u0131"},"content":{"rendered":"<p><img loading=\"lazy\" decoding=\"async\" class=\"aligncenter size-medium wp-image-62801\" src=\"https:\/\/akunq.net\/tr\/wp-content\/uploads\/2021\/05\/Dersim-katliam\u0131-360x208.jpg\" alt=\"\" width=\"360\" height=\"208\" srcset=\"https:\/\/akunq.net\/tr\/wp-content\/uploads\/sites\/6\/2021\/05\/Dersim-katliam\u0131-360x208.jpg 360w, https:\/\/akunq.net\/tr\/wp-content\/uploads\/sites\/6\/2021\/05\/Dersim-katliam\u0131-768x444.jpg 768w, https:\/\/akunq.net\/tr\/wp-content\/uploads\/sites\/6\/2021\/05\/Dersim-katliam\u0131-560x324.jpg 560w, https:\/\/akunq.net\/tr\/wp-content\/uploads\/sites\/6\/2021\/05\/Dersim-katliam\u0131-260x150.jpg 260w, https:\/\/akunq.net\/tr\/wp-content\/uploads\/sites\/6\/2021\/05\/Dersim-katliam\u0131-160x93.jpg 160w, https:\/\/akunq.net\/tr\/wp-content\/uploads\/sites\/6\/2021\/05\/Dersim-katliam\u0131.jpg 800w\" sizes=\"auto, (max-width: 360px) 100vw, 360px\" \/><\/p>\n<p><em><strong>Dersim katliam\u0131 s\u0131ras\u0131nda ailesinden 80 ki\u015fiyi katledilen H\u0131d\u0131r \u00c7i\u00e7ek, b\u00fct\u00fcn tarihi ger\u00e7eklerin oldu\u011fu gibi ortaya \u00e7\u0131kar\u0131lmas\u0131 ve kabullenilmesini istediklerini s\u00f6yledi.<\/strong><\/em><\/p>\n<p>Dersim Katliam\u0131n\u0131n \u00fczerinden 84 y\u0131l ge\u00e7ti. Resmi olmayan bilgilere g\u00f6re en az 70 bin dolay\u0131nda insan katledildi, on binlercesi s\u00fcrg\u00fcn edildi. K\u0131y\u0131mdan kurtulmak i\u00e7in ma\u011faralara s\u0131\u011f\u0131nanlar\u0131n zehirli gazlarla \u00f6ld\u00fcr\u00fcld\u00fc\u011f\u00fc, k\u00fc\u00e7\u00fck k\u0131z \u00e7ocuklar\u0131 ailelerinden kopar\u0131ld\u0131\u011f\u0131 Dersim, en kanl\u0131 katliamlardan biri olarak tarih sayfalar\u0131na kaydoldu.<\/p>\n<p>Katliam s\u0131ras\u0131nda H\u0131d\u0131r \u00c7i\u00e7ek\u2019in ailesinden 80\u2019den fazla ki\u015fi \u00f6ld\u00fcr\u00fcld\u00fc. Kutudere b\u00f6lgesi G\u00f6k\u00e7ek K\u00f6y\u00fc\u2019ne ba\u011fl\u0131 Gevrek mezras\u0131nda ya\u015fayan ailesine d\u00f6n\u00fck katliamdan sadece babas\u0131 Kamer \u00c7i\u00e7ek ve kuzeni kurtuldu.<\/p>\n<p><strong>BABASI VE YE\u011eEN\u0130 YILLARCA MA\u011eARADA YA\u015eAYIP KURTULDU<\/strong><\/p>\n<p>Katliama dair babas\u0131ndan dinledi\u011fi hikayelerle b\u00fcy\u00fcyen \u00c7i\u00e7ek, devlete yak\u0131n a\u015firet liderlerinin o d\u00f6nemde k\u00f6yde bulunan ya\u015fl\u0131, kad\u0131n ve \u00e7ocuklar\u0131 toplay\u0131p yak\u0131n karakola teslim etti\u011fini anlatt\u0131. Bu ki\u015filerin birka\u00e7 g\u00fcn sonra Pax ve Mar\u00e7ik b\u00f6lgesinde toplu \u015fekilde \u00f6ld\u00fcr\u00fcld\u00fc\u011f\u00fcn\u00fc, bunun \u00fczerine halk\u0131n geri kalan\u0131n\u0131n da\u011flara \u00e7ekildi\u011fini aktaran \u00c7i\u00e7ek, babas\u0131 ve ye\u011fenin y\u0131llarca ma\u011faralarda ya\u015fad\u0131ktan sonra \u00e7\u0131kan af yasas\u0131 ile hayatta kald\u0131\u011f\u0131n\u0131 dile getirdi.<\/p>\n<p><strong>\u2018CENAZELER\u0130N \u00dcZER\u0130NE GAZ D\u00d6KEREK \u00d6BEK \u00d6BEK YAKMI\u015eLARDI\u2019<\/strong><\/p>\n<p>\u00c7i\u00e7ek, babas\u0131n\u0131n tan\u0131k oldu\u011fu katliama dair kendisine anlatt\u0131klar\u0131 ise \u015fu s\u00f6zlerle payla\u015ft\u0131: \u201cDa\u011fdakilerin de \u00e7ok sevdi\u011fi, sayg\u0131 duydu\u011fu, ahlak\u0131yla, duru\u015fuyla \u00f6rnek olan abisi Hemede Civraile Khejiaile vurulma an\u0131 babam\u0131 \u00e7ok etkilemi\u015fti. Ne zaman ki abisinden laf a\u00e7\u0131lm\u0131\u015fsa da g\u00f6zleri hep dolmu\u015f ve a\u011flam\u0131\u015ft\u0131r. Abisinin cenazesine giderken onun \u00fczerindeki silah\u0131n\u0131 belindeki tabancas\u0131n\u0131, b\u0131\u00e7a\u011f\u0131n\u0131 al\u0131yorlar. \u0130kincisi ise La\u00e7 ma\u011faras\u0131nda \u00f6ld\u00fcr\u00fclen cenazelerin \u00fczerlerine gaz d\u00f6kerek \u00f6bek \u00f6bek yakm\u0131\u015flard\u0131. Hangi cenazenin kime ait oldu\u011fu bilinmiyor. Amcam, o\u011flunu ve k\u0131z\u0131n\u0131 al\u0131p gece yar\u0131s\u0131 ablukay\u0131 yar\u0131p \u00e7\u0131k\u0131yor. E\u015fi ve 3 \u00e7ocu\u011fu orada kal\u0131yor. En b\u00fcy\u00fck k\u0131z\u0131 bu \u2018nineler \u00e7etesi\u2019nde yarg\u0131land\u0131. Yard\u0131m yatakl\u0131ktan 90 ya\u015f\u0131ndayken cezaevinde kald\u0131 ve \u00e7\u0131kt\u0131ktan sonra \u00f6ld\u00fc.\u201d<\/p>\n<p><strong>\u2018SEN \u00d6L\u00dcRSEN KOCA B\u0130R A\u0130LEDE K\u0130MSE KALMAMI\u015e OLACAK\u2019<\/strong><\/p>\n<p>Ya\u015fananlar\u0131 anlatmas\u0131n\u0131 her istedi\u011finde babas\u0131n\u0131n bo\u011faz\u0131 d\u00fc\u011f\u00fcmlendi\u011fini payla\u015fan \u00c7i\u00e7ek, \u201cBabam\u0131n teslim olmas\u0131 i\u00e7in bizim pirlerimiz, ileri gelenlerimiz ikna etmeye \u00e7al\u0131\u015f\u0131yordu. \u2018Kerbela\u2019da insanlar katledildi ama neticede bir c\u00fcret kald\u0131. Sen \u00f6l\u00fcrsen koca bir ailede kimse kalmam\u0131\u015f olacak\u2019 diyerek ikna etmeye \u00e7al\u0131\u015f\u0131yorlar. Babam silah\u0131n\u0131 vermemek \u015fart\u0131yla kabul etti. O zaman Pah Karakolu\u2019na teslim oluyorlar. Haber geliyor, i\u015fte da\u011fdakiler teslim olacak diye. \u0130nsanlar direni\u015f\u00e7ileri kitleler halinde g\u00f6rmeye geliyor\u201d diye belirtti.<\/p>\n<p>Babas\u0131n\u0131n yan\u0131 s\u0131ra bug\u00fcne dek katliama tan\u0131kl\u0131k eden en az y\u00fcz ki\u015fiyle konu\u015ftu\u011funu s\u00f6yleyen \u00c7i\u00e7ek, bunlar\u0131n i\u00e7erisinde milislik yapanlar, teslim olanlar, direnenler, yaral\u0131 kalanlar oldu\u011funu da ifade etti.<\/p>\n<p><strong>\u2018T\u00dcRK\u0130YE VE KEMAL\u0130ST M\u0130LL\u0130YET\u00c7\u0130LER A\u00c7ISINDAN OLAYA FARKLI \u015eEK\u0130LDE BAKILIYOR\u2019<\/strong><\/p>\n<p>Orta okul y\u0131llar\u0131ndayken o d\u00f6nem hayatta olup, direni\u015fe kat\u0131lanlar\u0131n seslerini kay\u0131t etti\u011fini anlatan \u00c7i\u00e7ek, \u015f\u00f6yle devam etti: \u201cTornova\u2019da Seyit R\u0131za\u2019n\u0131n ya\u015fad\u0131\u011f\u0131 k\u00f6ye yak\u0131n bir yerde ya\u015fl\u0131 bir adamla kar\u015f\u0131la\u015ft\u0131m. Katliam\u0131n ya\u015fand\u0131\u011f\u0131 zamanda 14 ya\u015flar\u0131nda oldu\u011funu s\u00f6yledi. Nas\u0131l kurtuldu\u011funu s\u00f6yleyince \u2018yi\u011fitler vard\u0131, direndiler. G\u00fcvenlik buraya gelinceye kadar ki \u00fc\u00e7 d\u00f6rt y\u0131l ge\u00e7mi\u015fti, af \u00e7\u0131kt\u0131, biz bu \u015fekilde kurtulduk\u2019 dedi. Yoksa devletin \u015fefkatinden, korumac\u0131l\u0131\u011f\u0131ndan kurtulmad\u0131lar. Devlete gelip biat edenler, s\u0131\u011f\u0131nanlar\u0131n hi\u00e7biri hayatta yok, ya\u015famad\u0131. Hatta babam\u0131n anlatt\u0131\u011f\u0131na g\u00f6re \u2018biz 7 k\u0131\u015f 8 yaz kald\u0131k\u2019 diyordu. T\u00fcrkiye ve Kemalist milliyet\u00e7iler a\u00e7\u0131s\u0131ndan olaya farkl\u0131 bir \u015fekilde bak\u0131l\u0131yor. Keza bizde de farkl\u0131 \u015fekilde lanse edenler vard\u0131r. \u00d6z\u00fcnde ya\u015fayanlar\u0131n, anlat\u0131mlar\u0131n sonucunda devlet \u00f6teden beri buraya bir katliam yapmak i\u00e7in bir plan yap\u0131yor. B\u00fct\u00fcn gelen raporlar\u0131n hepsinde a\u015fa\u011f\u0131 yukar\u0131 ayn\u0131 \u015feyler vard\u0131r.\u201d<\/p>\n<p><strong>\u2018SOYKIRIM OLARAK DE\u011eERLEND\u0130R\u0130YORUZ\u2019<\/strong><\/p>\n<p>Dersim katliam\u0131nda yer alan Sabiha G\u00f6k\u00e7en\u2019in 1956 y\u0131l\u0131nda verdi\u011fi bir r\u00f6portajda; \u2018Bize dediler ki hi\u00e7bir canl\u0131 kalmayacak. Hatta onlar\u0131n beslenmelerini temin edecek ke\u00e7ileri de vuruyorduk. Onlar\u0131n da \u00f6ld\u00fcr\u00fclmesi gerekiyordu\u2019 dedi\u011fini belirten \u00c7i\u00e7ek, \u201cBiz buna soyk\u0131r\u0131m diyoruz. Hi\u00e7bir bebek, ya\u015fl\u0131, kad\u0131n, gen\u00e7 b\u0131rak\u0131lmaks\u0131z\u0131n imha ediliyor. Bu a\u00e7\u0131dan bir soyk\u0131r\u0131m olarak de\u011ferlendiriyoruz\u201d dedi.<\/p>\n<p><strong>\u2018GER\u00c7EKLER ORTAYA \u00c7IKARILSIN\u2019<\/strong><\/p>\n<p>D\u00fcnyan\u0131n hi\u00e7bir yerinde b\u00f6yle bir vah\u015fetin ya\u015fanmad\u0131\u011f\u0131n\u0131 vurgulayan \u00c7i\u00e7ek, \u201cBen diyorum ki d\u00fcnyan\u0131n hi\u00e7bir yerinde hamile kad\u0131nlar\u0131n karn\u0131ndan bebekler al\u0131n\u0131p ne kadar ya\u015fayacaklar diye kronometre tutmad\u0131lar. Bunlar tan\u0131klar\u0131n ifadesinde var. 4 May\u0131s 1937\u2019de bakanl\u0131k karar\u0131 bu katliam i\u00e7in bir startt\u0131r. Biz bu start\u0131n de\u015fifre edilmesini istiyoruz. Biz intikam pe\u015finde de\u011filiz. B\u00fct\u00fcn tarihi ger\u00e7eklerin oldu\u011fu gibi ortaya \u00e7\u0131kar\u0131lmas\u0131 ve kabullenilmesi istiyoruz\u201d diye konu\u015ftu. (MA)<\/p>\n<hr \/>\n<p><em><strong><a href=\"https:\/\/artigercek.com\/haberler\/ailesinden-80-kisi-oldurulen-cicek-dersim-e-dair-gercekler-ortaya-cikarilsin\" target=\"_blank\" rel=\"noopener noreferrer\">Art\u0131 Ger\u00e7ek<\/a>\u00a0<\/strong><\/em><\/p>\n","protected":false},"excerpt":{"rendered":"<p>Dersim katliam\u0131 s\u0131ras\u0131nda ailesinden 80 ki\u015fiyi katledilen H\u0131d\u0131r \u00c7i\u00e7ek, b\u00fct\u00fcn tarihi ger\u00e7eklerin oldu\u011fu gibi ortaya \u00e7\u0131kar\u0131lmas\u0131 ve kabullenilmesini istediklerini s\u00f6yledi. Dersim Katliam\u0131n\u0131n \u00fczerinden 84 y\u0131l ge\u00e7ti. Resmi olmayan bilgilere g\u00f6re en az 70 bin dolay\u0131nda insan katledildi, on binlercesi s\u00fcrg\u00fcn edildi. K\u0131y\u0131mdan kurtulmak i\u00e7in ma\u011faralara s\u0131\u011f\u0131nanlar\u0131n zehirli gazlarla \u00f6ld\u00fcr\u00fcld\u00fc\u011f\u00fc, k\u00fc\u00e7\u00fck k\u0131z \u00e7ocuklar\u0131 ailelerinden kopar\u0131ld\u0131\u011f\u0131 Dersim, [&hellip;]<\/p>\n","protected":false},"author":7,"featured_media":62801,"comment_status":"open","ping_status":"open","sticky":false,"template":"","format":"standard","meta":{"footnotes":""},"categories":[1,20],"tags":[],"class_list":["post-62800","post","type-post","status-publish","format-standard","has-post-thumbnail","hentry","category-haberler","category-tarih-sayfalari"],"yoast_head":"<!-- This site is optimized with the Yoast SEO plugin v27.4 - https:\/\/yoast.com\/product\/yoast-seo-wordpress\/ -->\n<title>Ailesinden 80 ki\u015fi \u00f6ld\u00fcr\u00fclen \u00c7i\u00e7ek: Cenazelerin \u00fczerlerine gaz d\u00f6kerek \u00f6bek \u00f6bek yakm\u0131\u015flard\u0131 - Bati Ermenistan Ve Bati Ermenileri Sorunlari Ara\u015ftirmalar Merkezi<\/title>\n<meta name=\"robots\" content=\"index, follow, max-snippet:-1, max-image-preview:large, max-video-preview:-1\" \/>\n<link rel=\"canonical\" href=\"https:\/\/akunq.net\/tr\/?p=62800\" \/>\n<meta property=\"og:locale\" content=\"en_US\" \/>\n<meta property=\"og:type\" content=\"article\" \/>\n<meta property=\"og:title\" content=\"Ailesinden 80 ki\u015fi \u00f6ld\u00fcr\u00fclen \u00c7i\u00e7ek: Cenazelerin \u00fczerlerine gaz d\u00f6kerek \u00f6bek \u00f6bek yakm\u0131\u015flard\u0131 - Bati Ermenistan Ve Bati Ermenileri Sorunlari Ara\u015ftirmalar Merkezi\" \/>\n<meta property=\"og:description\" content=\"Dersim katliam\u0131 s\u0131ras\u0131nda ailesinden 80 ki\u015fiyi katledilen H\u0131d\u0131r \u00c7i\u00e7ek, b\u00fct\u00fcn tarihi ger\u00e7eklerin oldu\u011fu gibi ortaya \u00e7\u0131kar\u0131lmas\u0131 ve kabullenilmesini istediklerini s\u00f6yledi. Dersim Katliam\u0131n\u0131n \u00fczerinden 84 y\u0131l ge\u00e7ti. Resmi olmayan bilgilere g\u00f6re en az 70 bin dolay\u0131nda insan katledildi, on binlercesi s\u00fcrg\u00fcn edildi. K\u0131y\u0131mdan kurtulmak i\u00e7in ma\u011faralara s\u0131\u011f\u0131nanlar\u0131n zehirli gazlarla \u00f6ld\u00fcr\u00fcld\u00fc\u011f\u00fc, k\u00fc\u00e7\u00fck k\u0131z \u00e7ocuklar\u0131 ailelerinden kopar\u0131ld\u0131\u011f\u0131 Dersim, [&hellip;]\" \/>\n<meta property=\"og:url\" content=\"https:\/\/akunq.net\/tr\/?p=62800\" \/>\n<meta property=\"og:site_name\" content=\"Bati Ermenistan Ve Bati Ermenileri Sorunlari Ara\u015ftirmalar Merkezi\" \/>\n<meta property=\"article:published_time\" content=\"2021-05-07T06:35:50+00:00\" \/>\n<meta property=\"og:image\" content=\"https:\/\/akunq.net\/tr\/wp-content\/uploads\/sites\/6\/2021\/05\/Dersim-katliam\u0131.jpg\" \/>\n\t<meta property=\"og:image:width\" content=\"800\" \/>\n\t<meta property=\"og:image:height\" content=\"463\" \/>\n\t<meta property=\"og:image:type\" content=\"image\/jpeg\" \/>\n<meta name=\"author\" content=\"admin\" \/>\n<meta name=\"twitter:card\" content=\"summary_large_image\" \/>\n<meta name=\"twitter:label1\" content=\"Written by\" \/>\n\t<meta name=\"twitter:data1\" content=\"admin\" \/>\n\t<meta name=\"twitter:label2\" content=\"Est. reading time\" \/>\n\t<meta name=\"twitter:data2\" content=\"5 minutes\" \/>\n<script type=\"application\/ld+json\" class=\"yoast-schema-graph\">{\"@context\":\"https:\\\/\\\/schema.org\",\"@graph\":[{\"@type\":\"Article\",\"@id\":\"https:\\\/\\\/akunq.net\\\/tr\\\/?p=62800#article\",\"isPartOf\":{\"@id\":\"https:\\\/\\\/akunq.net\\\/tr\\\/?p=62800\"},\"author\":{\"name\":\"admin\",\"@id\":\"https:\\\/\\\/akunq.net\\\/tr\\\/#\\\/schema\\\/person\\\/096f1d38a12cce57fb855b485ed24c9e\"},\"headline\":\"Ailesinden 80 ki\u015fi \u00f6ld\u00fcr\u00fclen \u00c7i\u00e7ek: Cenazelerin \u00fczerlerine gaz d\u00f6kerek \u00f6bek \u00f6bek yakm\u0131\u015flard\u0131\",\"datePublished\":\"2021-05-07T06:35:50+00:00\",\"mainEntityOfPage\":{\"@id\":\"https:\\\/\\\/akunq.net\\\/tr\\\/?p=62800\"},\"wordCount\":961,\"commentCount\":0,\"image\":{\"@id\":\"https:\\\/\\\/akunq.net\\\/tr\\\/?p=62800#primaryimage\"},\"thumbnailUrl\":\"https:\\\/\\\/akunq.net\\\/tr\\\/wp-content\\\/uploads\\\/sites\\\/6\\\/2021\\\/05\\\/Dersim-katliam\u0131.jpg\",\"articleSection\":[\"Haberler\",\"Tarih Sayfalar\u0131\"],\"inLanguage\":\"en-US\",\"potentialAction\":[{\"@type\":\"CommentAction\",\"name\":\"Comment\",\"target\":[\"https:\\\/\\\/akunq.net\\\/tr\\\/?p=62800#respond\"]}]},{\"@type\":\"WebPage\",\"@id\":\"https:\\\/\\\/akunq.net\\\/tr\\\/?p=62800\",\"url\":\"https:\\\/\\\/akunq.net\\\/tr\\\/?p=62800\",\"name\":\"Ailesinden 80 ki\u015fi \u00f6ld\u00fcr\u00fclen \u00c7i\u00e7ek: Cenazelerin \u00fczerlerine gaz d\u00f6kerek \u00f6bek \u00f6bek yakm\u0131\u015flard\u0131 - Bati Ermenistan Ve Bati Ermenileri Sorunlari Ara\u015ftirmalar Merkezi\",\"isPartOf\":{\"@id\":\"https:\\\/\\\/akunq.net\\\/tr\\\/#website\"},\"primaryImageOfPage\":{\"@id\":\"https:\\\/\\\/akunq.net\\\/tr\\\/?p=62800#primaryimage\"},\"image\":{\"@id\":\"https:\\\/\\\/akunq.net\\\/tr\\\/?p=62800#primaryimage\"},\"thumbnailUrl\":\"https:\\\/\\\/akunq.net\\\/tr\\\/wp-content\\\/uploads\\\/sites\\\/6\\\/2021\\\/05\\\/Dersim-katliam\u0131.jpg\",\"datePublished\":\"2021-05-07T06:35:50+00:00\",\"author\":{\"@id\":\"https:\\\/\\\/akunq.net\\\/tr\\\/#\\\/schema\\\/person\\\/096f1d38a12cce57fb855b485ed24c9e\"},\"breadcrumb\":{\"@id\":\"https:\\\/\\\/akunq.net\\\/tr\\\/?p=62800#breadcrumb\"},\"inLanguage\":\"en-US\",\"potentialAction\":[{\"@type\":\"ReadAction\",\"target\":[\"https:\\\/\\\/akunq.net\\\/tr\\\/?p=62800\"]}]},{\"@type\":\"ImageObject\",\"inLanguage\":\"en-US\",\"@id\":\"https:\\\/\\\/akunq.net\\\/tr\\\/?p=62800#primaryimage\",\"url\":\"https:\\\/\\\/akunq.net\\\/tr\\\/wp-content\\\/uploads\\\/sites\\\/6\\\/2021\\\/05\\\/Dersim-katliam\u0131.jpg\",\"contentUrl\":\"https:\\\/\\\/akunq.net\\\/tr\\\/wp-content\\\/uploads\\\/sites\\\/6\\\/2021\\\/05\\\/Dersim-katliam\u0131.jpg\",\"width\":800,\"height\":463},{\"@type\":\"BreadcrumbList\",\"@id\":\"https:\\\/\\\/akunq.net\\\/tr\\\/?p=62800#breadcrumb\",\"itemListElement\":[{\"@type\":\"ListItem\",\"position\":1,\"name\":\"Home\",\"item\":\"https:\\\/\\\/akunq.net\\\/tr\"},{\"@type\":\"ListItem\",\"position\":2,\"name\":\"Ailesinden 80 ki\u015fi \u00f6ld\u00fcr\u00fclen \u00c7i\u00e7ek: Cenazelerin \u00fczerlerine gaz d\u00f6kerek \u00f6bek \u00f6bek yakm\u0131\u015flard\u0131\"}]},{\"@type\":\"WebSite\",\"@id\":\"https:\\\/\\\/akunq.net\\\/tr\\\/#website\",\"url\":\"https:\\\/\\\/akunq.net\\\/tr\\\/\",\"name\":\"Bati Ermenistan Ve Bati Ermenileri Sorunlari Ara\u015ftirmalar Merkezi\",\"description\":\"\",\"potentialAction\":[{\"@type\":\"SearchAction\",\"target\":{\"@type\":\"EntryPoint\",\"urlTemplate\":\"https:\\\/\\\/akunq.net\\\/tr\\\/?s={search_term_string}\"},\"query-input\":{\"@type\":\"PropertyValueSpecification\",\"valueRequired\":true,\"valueName\":\"search_term_string\"}}],\"inLanguage\":\"en-US\"},{\"@type\":\"Person\",\"@id\":\"https:\\\/\\\/akunq.net\\\/tr\\\/#\\\/schema\\\/person\\\/096f1d38a12cce57fb855b485ed24c9e\",\"name\":\"admin\",\"url\":\"https:\\\/\\\/akunq.net\\\/tr\\\/?author=7\"}]}<\/script>\n<!-- \/ Yoast SEO plugin. -->","yoast_head_json":{"title":"Ailesinden 80 ki\u015fi \u00f6ld\u00fcr\u00fclen \u00c7i\u00e7ek: Cenazelerin \u00fczerlerine gaz d\u00f6kerek \u00f6bek \u00f6bek yakm\u0131\u015flard\u0131 - Bati Ermenistan Ve Bati Ermenileri Sorunlari Ara\u015ftirmalar Merkezi","robots":{"index":"index","follow":"follow","max-snippet":"max-snippet:-1","max-image-preview":"max-image-preview:large","max-video-preview":"max-video-preview:-1"},"canonical":"https:\/\/akunq.net\/tr\/?p=62800","og_locale":"en_US","og_type":"article","og_title":"Ailesinden 80 ki\u015fi \u00f6ld\u00fcr\u00fclen \u00c7i\u00e7ek: Cenazelerin \u00fczerlerine gaz d\u00f6kerek \u00f6bek \u00f6bek yakm\u0131\u015flard\u0131 - Bati Ermenistan Ve Bati Ermenileri Sorunlari Ara\u015ftirmalar Merkezi","og_description":"Dersim katliam\u0131 s\u0131ras\u0131nda ailesinden 80 ki\u015fiyi katledilen H\u0131d\u0131r \u00c7i\u00e7ek, b\u00fct\u00fcn tarihi ger\u00e7eklerin oldu\u011fu gibi ortaya \u00e7\u0131kar\u0131lmas\u0131 ve kabullenilmesini istediklerini s\u00f6yledi. Dersim Katliam\u0131n\u0131n \u00fczerinden 84 y\u0131l ge\u00e7ti. Resmi olmayan bilgilere g\u00f6re en az 70 bin dolay\u0131nda insan katledildi, on binlercesi s\u00fcrg\u00fcn edildi. K\u0131y\u0131mdan kurtulmak i\u00e7in ma\u011faralara s\u0131\u011f\u0131nanlar\u0131n zehirli gazlarla \u00f6ld\u00fcr\u00fcld\u00fc\u011f\u00fc, k\u00fc\u00e7\u00fck k\u0131z \u00e7ocuklar\u0131 ailelerinden kopar\u0131ld\u0131\u011f\u0131 Dersim, [&hellip;]","og_url":"https:\/\/akunq.net\/tr\/?p=62800","og_site_name":"Bati Ermenistan Ve Bati Ermenileri Sorunlari Ara\u015ftirmalar Merkezi","article_published_time":"2021-05-07T06:35:50+00:00","og_image":[{"width":800,"height":463,"url":"https:\/\/akunq.net\/tr\/wp-content\/uploads\/sites\/6\/2021\/05\/Dersim-katliam\u0131.jpg","type":"image\/jpeg"}],"author":"admin","twitter_card":"summary_large_image","twitter_misc":{"Written by":"admin","Est. reading time":"5 minutes"},"schema":{"@context":"https:\/\/schema.org","@graph":[{"@type":"Article","@id":"https:\/\/akunq.net\/tr\/?p=62800#article","isPartOf":{"@id":"https:\/\/akunq.net\/tr\/?p=62800"},"author":{"name":"admin","@id":"https:\/\/akunq.net\/tr\/#\/schema\/person\/096f1d38a12cce57fb855b485ed24c9e"},"headline":"Ailesinden 80 ki\u015fi \u00f6ld\u00fcr\u00fclen \u00c7i\u00e7ek: Cenazelerin \u00fczerlerine gaz d\u00f6kerek \u00f6bek \u00f6bek yakm\u0131\u015flard\u0131","datePublished":"2021-05-07T06:35:50+00:00","mainEntityOfPage":{"@id":"https:\/\/akunq.net\/tr\/?p=62800"},"wordCount":961,"commentCount":0,"image":{"@id":"https:\/\/akunq.net\/tr\/?p=62800#primaryimage"},"thumbnailUrl":"https:\/\/akunq.net\/tr\/wp-content\/uploads\/sites\/6\/2021\/05\/Dersim-katliam\u0131.jpg","articleSection":["Haberler","Tarih Sayfalar\u0131"],"inLanguage":"en-US","potentialAction":[{"@type":"CommentAction","name":"Comment","target":["https:\/\/akunq.net\/tr\/?p=62800#respond"]}]},{"@type":"WebPage","@id":"https:\/\/akunq.net\/tr\/?p=62800","url":"https:\/\/akunq.net\/tr\/?p=62800","name":"Ailesinden 80 ki\u015fi \u00f6ld\u00fcr\u00fclen \u00c7i\u00e7ek: Cenazelerin \u00fczerlerine gaz d\u00f6kerek \u00f6bek \u00f6bek yakm\u0131\u015flard\u0131 - Bati Ermenistan Ve Bati Ermenileri Sorunlari Ara\u015ftirmalar Merkezi","isPartOf":{"@id":"https:\/\/akunq.net\/tr\/#website"},"primaryImageOfPage":{"@id":"https:\/\/akunq.net\/tr\/?p=62800#primaryimage"},"image":{"@id":"https:\/\/akunq.net\/tr\/?p=62800#primaryimage"},"thumbnailUrl":"https:\/\/akunq.net\/tr\/wp-content\/uploads\/sites\/6\/2021\/05\/Dersim-katliam\u0131.jpg","datePublished":"2021-05-07T06:35:50+00:00","author":{"@id":"https:\/\/akunq.net\/tr\/#\/schema\/person\/096f1d38a12cce57fb855b485ed24c9e"},"breadcrumb":{"@id":"https:\/\/akunq.net\/tr\/?p=62800#breadcrumb"},"inLanguage":"en-US","potentialAction":[{"@type":"ReadAction","target":["https:\/\/akunq.net\/tr\/?p=62800"]}]},{"@type":"ImageObject","inLanguage":"en-US","@id":"https:\/\/akunq.net\/tr\/?p=62800#primaryimage","url":"https:\/\/akunq.net\/tr\/wp-content\/uploads\/sites\/6\/2021\/05\/Dersim-katliam\u0131.jpg","contentUrl":"https:\/\/akunq.net\/tr\/wp-content\/uploads\/sites\/6\/2021\/05\/Dersim-katliam\u0131.jpg","width":800,"height":463},{"@type":"BreadcrumbList","@id":"https:\/\/akunq.net\/tr\/?p=62800#breadcrumb","itemListElement":[{"@type":"ListItem","position":1,"name":"Home","item":"https:\/\/akunq.net\/tr"},{"@type":"ListItem","position":2,"name":"Ailesinden 80 ki\u015fi \u00f6ld\u00fcr\u00fclen \u00c7i\u00e7ek: Cenazelerin \u00fczerlerine gaz d\u00f6kerek \u00f6bek \u00f6bek yakm\u0131\u015flard\u0131"}]},{"@type":"WebSite","@id":"https:\/\/akunq.net\/tr\/#website","url":"https:\/\/akunq.net\/tr\/","name":"Bati Ermenistan Ve Bati Ermenileri Sorunlari Ara\u015ftirmalar Merkezi","description":"","potentialAction":[{"@type":"SearchAction","target":{"@type":"EntryPoint","urlTemplate":"https:\/\/akunq.net\/tr\/?s={search_term_string}"},"query-input":{"@type":"PropertyValueSpecification","valueRequired":true,"valueName":"search_term_string"}}],"inLanguage":"en-US"},{"@type":"Person","@id":"https:\/\/akunq.net\/tr\/#\/schema\/person\/096f1d38a12cce57fb855b485ed24c9e","name":"admin","url":"https:\/\/akunq.net\/tr\/?author=7"}]}},"_links":{"self":[{"href":"https:\/\/akunq.net\/tr\/index.php?rest_route=\/wp\/v2\/posts\/62800","targetHints":{"allow":["GET"]}}],"collection":[{"href":"https:\/\/akunq.net\/tr\/index.php?rest_route=\/wp\/v2\/posts"}],"about":[{"href":"https:\/\/akunq.net\/tr\/index.php?rest_route=\/wp\/v2\/types\/post"}],"author":[{"embeddable":true,"href":"https:\/\/akunq.net\/tr\/index.php?rest_route=\/wp\/v2\/users\/7"}],"replies":[{"embeddable":true,"href":"https:\/\/akunq.net\/tr\/index.php?rest_route=%2Fwp%2Fv2%2Fcomments&post=62800"}],"version-history":[{"count":1,"href":"https:\/\/akunq.net\/tr\/index.php?rest_route=\/wp\/v2\/posts\/62800\/revisions"}],"predecessor-version":[{"id":62802,"href":"https:\/\/akunq.net\/tr\/index.php?rest_route=\/wp\/v2\/posts\/62800\/revisions\/62802"}],"wp:featuredmedia":[{"embeddable":true,"href":"https:\/\/akunq.net\/tr\/index.php?rest_route=\/wp\/v2\/media\/62801"}],"wp:attachment":[{"href":"https:\/\/akunq.net\/tr\/index.php?rest_route=%2Fwp%2Fv2%2Fmedia&parent=62800"}],"wp:term":[{"taxonomy":"category","embeddable":true,"href":"https:\/\/akunq.net\/tr\/index.php?rest_route=%2Fwp%2Fv2%2Fcategories&post=62800"},{"taxonomy":"post_tag","embeddable":true,"href":"https:\/\/akunq.net\/tr\/index.php?rest_route=%2Fwp%2Fv2%2Ftags&post=62800"}],"curies":[{"name":"wp","href":"https:\/\/api.w.org\/{rel}","templated":true}]}}