{"id":62791,"date":"2021-05-07T01:13:50","date_gmt":"2021-05-07T06:13:50","guid":{"rendered":"https:\/\/akunq.net\/tr\/?p=62791"},"modified":"2021-05-07T01:13:50","modified_gmt":"2021-05-07T06:13:50","slug":"disislerinden-letonyaya-1915-olaylari-tepkisi-karari-reddediyoruz-ve-siddetle-kiniyoruz","status":"publish","type":"post","link":"https:\/\/akunq.net\/tr\/?p=62791","title":{"rendered":"D\u0131\u015fi\u015fleri&#8217;nden Letonya\u2019ya 1915 olaylar\u0131 tepkisi: Karar\u0131 reddediyoruz ve \u015fiddetle k\u0131n\u0131yoruz"},"content":{"rendered":"<div class=\"b-article__lead\">\n<p><img loading=\"lazy\" decoding=\"async\" class=\"aligncenter size-medium wp-image-62792\" src=\"https:\/\/akunq.net\/tr\/wp-content\/uploads\/2021\/05\/Disisleri-360x203.jpeg\" alt=\"\" width=\"360\" height=\"203\" srcset=\"https:\/\/akunq.net\/tr\/wp-content\/uploads\/sites\/6\/2021\/05\/Disisleri-360x203.jpeg 360w, https:\/\/akunq.net\/tr\/wp-content\/uploads\/sites\/6\/2021\/05\/Disisleri-768x432.jpeg 768w, https:\/\/akunq.net\/tr\/wp-content\/uploads\/sites\/6\/2021\/05\/Disisleri-560x315.jpeg 560w, https:\/\/akunq.net\/tr\/wp-content\/uploads\/sites\/6\/2021\/05\/Disisleri-260x146.jpeg 260w, https:\/\/akunq.net\/tr\/wp-content\/uploads\/sites\/6\/2021\/05\/Disisleri-160x90.jpeg 160w, https:\/\/akunq.net\/tr\/wp-content\/uploads\/sites\/6\/2021\/05\/Disisleri.jpeg 864w\" sizes=\"auto, (max-width: 360px) 100vw, 360px\" \/><\/p>\n<p><em><strong>T\u00fcrkiye,\u00a0Letonya\u00a0parlamentosunda kabul edilen ve 1915 olaylar\u0131n\u0131 &#8216;soyk\u0131r\u0131m&#8217; olarak nitelendiren karar\u0131n, tarihi, siyasi saiklerle yeniden yazma niteli\u011findeki h\u00fck\u00fcms\u00fcz bir te\u015febb\u00fcs oldu\u011funu belirterek karar\u0131 \u015fiddetle k\u0131nad\u0131.<\/strong><\/em><\/p>\n<\/div>\n<div class=\"b-article__text\">\n<p>D\u0131\u015fi\u015fleri Bakanl\u0131\u011f\u0131,\u00a0<strong>Letonya\u00a0<\/strong>parlamentosunun\u00a0<strong>1915 olaylar\u0131<\/strong>\u00a0konusunda ald\u0131\u011f\u0131 karar hakk\u0131nda yaz\u0131l\u0131 a\u00e7\u0131klama yapt\u0131.<\/p>\n<p>A\u00e7\u0131klamada,\u00a0Letonya\u00a0parlamentosunda bug\u00fcn kabul edilen ve 1915 olaylar\u0131n\u0131<a href=\"https:\/\/tr.sputniknews.com\/turkiye\/202104261044363325-cumhurbaskani-erdogan-koronavirus-tam-kapanma-yeni-tedbirler\/\" target=\"_blank\" rel=\"noopener noreferrer\">\u00a0&#8216;soyk\u0131r\u0131m&#8217; olarak nitelendiren karar\u0131n<\/a>, h\u00fck\u00fcms\u00fcz bir te\u015febb\u00fcs oldu\u011fu vurgulanarak\u00a0<em>&#8220;Bu talihsiz ve hukuk d\u0131\u015f\u0131 karar\u0131 reddediyor ve \u015fiddetle k\u0131n\u0131yoruz&#8221;<\/em>\u00a0ifadelerine yer verildi.<\/p>\n<p><em>&#8220;Parlamentolar tarih yazma ve yarg\u0131lama mekanlar\u0131 de\u011fildir&#8221;<\/em>\u00a0denilen a\u00e7\u0131klamada, 1915 olaylar\u0131na ili\u015fkin olarak, uluslararas\u0131 hukukta tan\u0131mlanm\u0131\u015f soyk\u0131r\u0131m ifadesinin kullan\u0131labilmesi i\u00e7in gereken \u015fartlar\u0131n hi\u00e7birinin mevcut olmad\u0131\u011f\u0131na dikkat \u00e7ekildi.<\/p>\n<p>A\u00e7\u0131klamada, bu te\u015febb\u00fcs\u00fcn, ba\u015fta 1948 Soyk\u0131r\u0131m\u0131n \u00d6nlenmesi ve Cezaland\u0131r\u0131lmas\u0131 S\u00f6zle\u015fmesi h\u00fck\u00fcmleri olmak \u00fczere, Avrupa \u0130nsan Haklar\u0131 Mahkemesinin 1915 olaylar\u0131n\u0131n tart\u0131\u015fmal\u0131 niteli\u011fini a\u00e7\u0131k\u00e7a ifade eden 2013 ve 2015 tarihli kararlar\u0131na da ayk\u0131r\u0131 oldu\u011fu belirtildi.<\/p>\n<p>S\u00f6z konusu karar\u0131n,\u00a0Letonya&#8217;n\u0131n i\u015fgalinin 80. y\u0131l d\u00f6n\u00fcm\u00fc vesilesiyle kendi tarihindeki olaylara ili\u015fkin yapm\u0131\u015f oldu\u011fu, tarihi olaylara d\u00fcr\u00fcst ve adil \u015fekilde yakla\u015f\u0131lmas\u0131n\u0131n uluslararas\u0131 ili\u015fkilerin bir \u00f6n \u015fart\u0131 oldu\u011fu y\u00f6n\u00fcndeki a\u00e7\u0131klamas\u0131yla da \u00e7eli\u015fti\u011fi ve bu ba\u011flamda da bir \u00e7ifte standard\u0131 ortaya koydu\u011fu an\u0131msat\u0131ld\u0131.<\/p>\n<p>A\u00e7\u0131klamada \u015funlar kaydedildi:<\/p>\n<p><em>&#8220;Letonya\u00a0parlamentosunu tarihten d\u00fc\u015fmanl\u0131k \u00e7\u0131karmaya \u00e7al\u0131\u015fan baz\u0131 \u00e7evrelerin g\u00fcndemine hizmet etmek yerine, bu yanl\u0131\u015f ad\u0131m\u0131n\u0131 geri almaya, ba\u015fta T\u00fcrk ve Ermeni halklar\u0131 aras\u0131nda olmak \u00fczere, b\u00f6lgede bar\u0131\u015f i\u00e7inde bir arada ya\u015fama prati\u011finin tesis edilmesine y\u00f6nelik \u00e7abalar\u0131 desteklemeye davet ediyoruz.&#8221;<\/em><\/p>\n<p><em><strong>https:\/\/tr.sputniknews.com\/avrupa\/202105061044437820-disislerinden-letonyaya-1915-olaylari-tepkisi-karari-reddediyoruz-ve-siddetle-kiniyoruz\/\u00a0<\/strong><\/em><\/p>\n<\/div>\n","protected":false},"excerpt":{"rendered":"<p>T\u00fcrkiye,\u00a0Letonya\u00a0parlamentosunda kabul edilen ve 1915 olaylar\u0131n\u0131 &#8216;soyk\u0131r\u0131m&#8217; olarak nitelendiren karar\u0131n, tarihi, siyasi saiklerle yeniden yazma niteli\u011findeki h\u00fck\u00fcms\u00fcz bir te\u015febb\u00fcs oldu\u011funu belirterek karar\u0131 \u015fiddetle k\u0131nad\u0131. D\u0131\u015fi\u015fleri Bakanl\u0131\u011f\u0131,\u00a0Letonya\u00a0parlamentosunun\u00a01915 olaylar\u0131\u00a0konusunda ald\u0131\u011f\u0131 karar hakk\u0131nda yaz\u0131l\u0131 a\u00e7\u0131klama yapt\u0131. A\u00e7\u0131klamada,\u00a0Letonya\u00a0parlamentosunda bug\u00fcn kabul edilen ve 1915 olaylar\u0131n\u0131\u00a0&#8216;soyk\u0131r\u0131m&#8217; olarak nitelendiren karar\u0131n, h\u00fck\u00fcms\u00fcz bir te\u015febb\u00fcs oldu\u011fu vurgulanarak\u00a0&#8220;Bu talihsiz ve hukuk d\u0131\u015f\u0131 karar\u0131 reddediyor ve [&hellip;]<\/p>\n","protected":false},"author":7,"featured_media":62792,"comment_status":"open","ping_status":"open","sticky":false,"template":"","format":"standard","meta":{"footnotes":""},"categories":[44,1],"tags":[],"class_list":["post-62791","post","type-post","status-publish","format-standard","has-post-thumbnail","hentry","category-ermeni-soykirimi","category-haberler"],"yoast_head":"<!-- This site is optimized with the Yoast SEO plugin v27.4 - https:\/\/yoast.com\/product\/yoast-seo-wordpress\/ -->\n<title>D\u0131\u015fi\u015fleri&#039;nden Letonya\u2019ya 1915 olaylar\u0131 tepkisi: Karar\u0131 reddediyoruz ve \u015fiddetle k\u0131n\u0131yoruz - Bati Ermenistan Ve Bati Ermenileri Sorunlari Ara\u015ftirmalar Merkezi<\/title>\n<meta name=\"robots\" content=\"index, follow, max-snippet:-1, max-image-preview:large, max-video-preview:-1\" \/>\n<link rel=\"canonical\" href=\"https:\/\/akunq.net\/tr\/?p=62791\" \/>\n<meta property=\"og:locale\" content=\"en_US\" \/>\n<meta property=\"og:type\" content=\"article\" \/>\n<meta property=\"og:title\" content=\"D\u0131\u015fi\u015fleri&#039;nden Letonya\u2019ya 1915 olaylar\u0131 tepkisi: Karar\u0131 reddediyoruz ve \u015fiddetle k\u0131n\u0131yoruz - Bati Ermenistan Ve Bati Ermenileri Sorunlari Ara\u015ftirmalar Merkezi\" \/>\n<meta property=\"og:description\" content=\"T\u00fcrkiye,\u00a0Letonya\u00a0parlamentosunda kabul edilen ve 1915 olaylar\u0131n\u0131 &#8216;soyk\u0131r\u0131m&#8217; olarak nitelendiren karar\u0131n, tarihi, siyasi saiklerle yeniden yazma niteli\u011findeki h\u00fck\u00fcms\u00fcz bir te\u015febb\u00fcs oldu\u011funu belirterek karar\u0131 \u015fiddetle k\u0131nad\u0131. D\u0131\u015fi\u015fleri Bakanl\u0131\u011f\u0131,\u00a0Letonya\u00a0parlamentosunun\u00a01915 olaylar\u0131\u00a0konusunda ald\u0131\u011f\u0131 karar hakk\u0131nda yaz\u0131l\u0131 a\u00e7\u0131klama yapt\u0131. A\u00e7\u0131klamada,\u00a0Letonya\u00a0parlamentosunda bug\u00fcn kabul edilen ve 1915 olaylar\u0131n\u0131\u00a0&#8216;soyk\u0131r\u0131m&#8217; olarak nitelendiren karar\u0131n, h\u00fck\u00fcms\u00fcz bir te\u015febb\u00fcs oldu\u011fu vurgulanarak\u00a0&#8220;Bu talihsiz ve hukuk d\u0131\u015f\u0131 karar\u0131 reddediyor ve [&hellip;]\" \/>\n<meta property=\"og:url\" content=\"https:\/\/akunq.net\/tr\/?p=62791\" \/>\n<meta property=\"og:site_name\" content=\"Bati Ermenistan Ve Bati Ermenileri Sorunlari Ara\u015ftirmalar Merkezi\" \/>\n<meta property=\"article:published_time\" content=\"2021-05-07T06:13:50+00:00\" \/>\n<meta property=\"og:image\" content=\"https:\/\/akunq.net\/tr\/wp-content\/uploads\/sites\/6\/2021\/05\/Disisleri.jpeg\" \/>\n\t<meta property=\"og:image:width\" content=\"864\" \/>\n\t<meta property=\"og:image:height\" content=\"486\" \/>\n\t<meta property=\"og:image:type\" content=\"image\/jpeg\" \/>\n<meta name=\"author\" content=\"admin\" \/>\n<meta name=\"twitter:card\" content=\"summary_large_image\" \/>\n<meta name=\"twitter:label1\" content=\"Written by\" \/>\n\t<meta name=\"twitter:data1\" content=\"admin\" \/>\n\t<meta name=\"twitter:label2\" content=\"Est. reading time\" \/>\n\t<meta name=\"twitter:data2\" content=\"2 minutes\" \/>\n<script type=\"application\/ld+json\" class=\"yoast-schema-graph\">{\"@context\":\"https:\\\/\\\/schema.org\",\"@graph\":[{\"@type\":\"Article\",\"@id\":\"https:\\\/\\\/akunq.net\\\/tr\\\/?p=62791#article\",\"isPartOf\":{\"@id\":\"https:\\\/\\\/akunq.net\\\/tr\\\/?p=62791\"},\"author\":{\"name\":\"admin\",\"@id\":\"https:\\\/\\\/akunq.net\\\/tr\\\/#\\\/schema\\\/person\\\/096f1d38a12cce57fb855b485ed24c9e\"},\"headline\":\"D\u0131\u015fi\u015fleri&#8217;nden Letonya\u2019ya 1915 olaylar\u0131 tepkisi: Karar\u0131 reddediyoruz ve \u015fiddetle k\u0131n\u0131yoruz\",\"datePublished\":\"2021-05-07T06:13:50+00:00\",\"mainEntityOfPage\":{\"@id\":\"https:\\\/\\\/akunq.net\\\/tr\\\/?p=62791\"},\"wordCount\":335,\"commentCount\":0,\"image\":{\"@id\":\"https:\\\/\\\/akunq.net\\\/tr\\\/?p=62791#primaryimage\"},\"thumbnailUrl\":\"https:\\\/\\\/akunq.net\\\/tr\\\/wp-content\\\/uploads\\\/sites\\\/6\\\/2021\\\/05\\\/Disisleri.jpeg\",\"articleSection\":[\"Ermeni Soyk\u0131r\u0131m\u0131\",\"Haberler\"],\"inLanguage\":\"en-US\",\"potentialAction\":[{\"@type\":\"CommentAction\",\"name\":\"Comment\",\"target\":[\"https:\\\/\\\/akunq.net\\\/tr\\\/?p=62791#respond\"]}]},{\"@type\":\"WebPage\",\"@id\":\"https:\\\/\\\/akunq.net\\\/tr\\\/?p=62791\",\"url\":\"https:\\\/\\\/akunq.net\\\/tr\\\/?p=62791\",\"name\":\"D\u0131\u015fi\u015fleri'nden Letonya\u2019ya 1915 olaylar\u0131 tepkisi: Karar\u0131 reddediyoruz ve \u015fiddetle k\u0131n\u0131yoruz - Bati Ermenistan Ve Bati Ermenileri Sorunlari Ara\u015ftirmalar Merkezi\",\"isPartOf\":{\"@id\":\"https:\\\/\\\/akunq.net\\\/tr\\\/#website\"},\"primaryImageOfPage\":{\"@id\":\"https:\\\/\\\/akunq.net\\\/tr\\\/?p=62791#primaryimage\"},\"image\":{\"@id\":\"https:\\\/\\\/akunq.net\\\/tr\\\/?p=62791#primaryimage\"},\"thumbnailUrl\":\"https:\\\/\\\/akunq.net\\\/tr\\\/wp-content\\\/uploads\\\/sites\\\/6\\\/2021\\\/05\\\/Disisleri.jpeg\",\"datePublished\":\"2021-05-07T06:13:50+00:00\",\"author\":{\"@id\":\"https:\\\/\\\/akunq.net\\\/tr\\\/#\\\/schema\\\/person\\\/096f1d38a12cce57fb855b485ed24c9e\"},\"breadcrumb\":{\"@id\":\"https:\\\/\\\/akunq.net\\\/tr\\\/?p=62791#breadcrumb\"},\"inLanguage\":\"en-US\",\"potentialAction\":[{\"@type\":\"ReadAction\",\"target\":[\"https:\\\/\\\/akunq.net\\\/tr\\\/?p=62791\"]}]},{\"@type\":\"ImageObject\",\"inLanguage\":\"en-US\",\"@id\":\"https:\\\/\\\/akunq.net\\\/tr\\\/?p=62791#primaryimage\",\"url\":\"https:\\\/\\\/akunq.net\\\/tr\\\/wp-content\\\/uploads\\\/sites\\\/6\\\/2021\\\/05\\\/Disisleri.jpeg\",\"contentUrl\":\"https:\\\/\\\/akunq.net\\\/tr\\\/wp-content\\\/uploads\\\/sites\\\/6\\\/2021\\\/05\\\/Disisleri.jpeg\",\"width\":864,\"height\":486},{\"@type\":\"BreadcrumbList\",\"@id\":\"https:\\\/\\\/akunq.net\\\/tr\\\/?p=62791#breadcrumb\",\"itemListElement\":[{\"@type\":\"ListItem\",\"position\":1,\"name\":\"Home\",\"item\":\"https:\\\/\\\/akunq.net\\\/tr\"},{\"@type\":\"ListItem\",\"position\":2,\"name\":\"D\u0131\u015fi\u015fleri&#8217;nden Letonya\u2019ya 1915 olaylar\u0131 tepkisi: Karar\u0131 reddediyoruz ve \u015fiddetle k\u0131n\u0131yoruz\"}]},{\"@type\":\"WebSite\",\"@id\":\"https:\\\/\\\/akunq.net\\\/tr\\\/#website\",\"url\":\"https:\\\/\\\/akunq.net\\\/tr\\\/\",\"name\":\"Bati Ermenistan Ve Bati Ermenileri Sorunlari Ara\u015ftirmalar Merkezi\",\"description\":\"\",\"potentialAction\":[{\"@type\":\"SearchAction\",\"target\":{\"@type\":\"EntryPoint\",\"urlTemplate\":\"https:\\\/\\\/akunq.net\\\/tr\\\/?s={search_term_string}\"},\"query-input\":{\"@type\":\"PropertyValueSpecification\",\"valueRequired\":true,\"valueName\":\"search_term_string\"}}],\"inLanguage\":\"en-US\"},{\"@type\":\"Person\",\"@id\":\"https:\\\/\\\/akunq.net\\\/tr\\\/#\\\/schema\\\/person\\\/096f1d38a12cce57fb855b485ed24c9e\",\"name\":\"admin\",\"url\":\"https:\\\/\\\/akunq.net\\\/tr\\\/?author=7\"}]}<\/script>\n<!-- \/ Yoast SEO plugin. -->","yoast_head_json":{"title":"D\u0131\u015fi\u015fleri'nden Letonya\u2019ya 1915 olaylar\u0131 tepkisi: Karar\u0131 reddediyoruz ve \u015fiddetle k\u0131n\u0131yoruz - Bati Ermenistan Ve Bati Ermenileri Sorunlari Ara\u015ftirmalar Merkezi","robots":{"index":"index","follow":"follow","max-snippet":"max-snippet:-1","max-image-preview":"max-image-preview:large","max-video-preview":"max-video-preview:-1"},"canonical":"https:\/\/akunq.net\/tr\/?p=62791","og_locale":"en_US","og_type":"article","og_title":"D\u0131\u015fi\u015fleri'nden Letonya\u2019ya 1915 olaylar\u0131 tepkisi: Karar\u0131 reddediyoruz ve \u015fiddetle k\u0131n\u0131yoruz - Bati Ermenistan Ve Bati Ermenileri Sorunlari Ara\u015ftirmalar Merkezi","og_description":"T\u00fcrkiye,\u00a0Letonya\u00a0parlamentosunda kabul edilen ve 1915 olaylar\u0131n\u0131 &#8216;soyk\u0131r\u0131m&#8217; olarak nitelendiren karar\u0131n, tarihi, siyasi saiklerle yeniden yazma niteli\u011findeki h\u00fck\u00fcms\u00fcz bir te\u015febb\u00fcs oldu\u011funu belirterek karar\u0131 \u015fiddetle k\u0131nad\u0131. D\u0131\u015fi\u015fleri Bakanl\u0131\u011f\u0131,\u00a0Letonya\u00a0parlamentosunun\u00a01915 olaylar\u0131\u00a0konusunda ald\u0131\u011f\u0131 karar hakk\u0131nda yaz\u0131l\u0131 a\u00e7\u0131klama yapt\u0131. A\u00e7\u0131klamada,\u00a0Letonya\u00a0parlamentosunda bug\u00fcn kabul edilen ve 1915 olaylar\u0131n\u0131\u00a0&#8216;soyk\u0131r\u0131m&#8217; olarak nitelendiren karar\u0131n, h\u00fck\u00fcms\u00fcz bir te\u015febb\u00fcs oldu\u011fu vurgulanarak\u00a0&#8220;Bu talihsiz ve hukuk d\u0131\u015f\u0131 karar\u0131 reddediyor ve [&hellip;]","og_url":"https:\/\/akunq.net\/tr\/?p=62791","og_site_name":"Bati Ermenistan Ve Bati Ermenileri Sorunlari Ara\u015ftirmalar Merkezi","article_published_time":"2021-05-07T06:13:50+00:00","og_image":[{"width":864,"height":486,"url":"https:\/\/akunq.net\/tr\/wp-content\/uploads\/sites\/6\/2021\/05\/Disisleri.jpeg","type":"image\/jpeg"}],"author":"admin","twitter_card":"summary_large_image","twitter_misc":{"Written by":"admin","Est. reading time":"2 minutes"},"schema":{"@context":"https:\/\/schema.org","@graph":[{"@type":"Article","@id":"https:\/\/akunq.net\/tr\/?p=62791#article","isPartOf":{"@id":"https:\/\/akunq.net\/tr\/?p=62791"},"author":{"name":"admin","@id":"https:\/\/akunq.net\/tr\/#\/schema\/person\/096f1d38a12cce57fb855b485ed24c9e"},"headline":"D\u0131\u015fi\u015fleri&#8217;nden Letonya\u2019ya 1915 olaylar\u0131 tepkisi: Karar\u0131 reddediyoruz ve \u015fiddetle k\u0131n\u0131yoruz","datePublished":"2021-05-07T06:13:50+00:00","mainEntityOfPage":{"@id":"https:\/\/akunq.net\/tr\/?p=62791"},"wordCount":335,"commentCount":0,"image":{"@id":"https:\/\/akunq.net\/tr\/?p=62791#primaryimage"},"thumbnailUrl":"https:\/\/akunq.net\/tr\/wp-content\/uploads\/sites\/6\/2021\/05\/Disisleri.jpeg","articleSection":["Ermeni Soyk\u0131r\u0131m\u0131","Haberler"],"inLanguage":"en-US","potentialAction":[{"@type":"CommentAction","name":"Comment","target":["https:\/\/akunq.net\/tr\/?p=62791#respond"]}]},{"@type":"WebPage","@id":"https:\/\/akunq.net\/tr\/?p=62791","url":"https:\/\/akunq.net\/tr\/?p=62791","name":"D\u0131\u015fi\u015fleri'nden Letonya\u2019ya 1915 olaylar\u0131 tepkisi: Karar\u0131 reddediyoruz ve \u015fiddetle k\u0131n\u0131yoruz - Bati Ermenistan Ve Bati Ermenileri Sorunlari Ara\u015ftirmalar Merkezi","isPartOf":{"@id":"https:\/\/akunq.net\/tr\/#website"},"primaryImageOfPage":{"@id":"https:\/\/akunq.net\/tr\/?p=62791#primaryimage"},"image":{"@id":"https:\/\/akunq.net\/tr\/?p=62791#primaryimage"},"thumbnailUrl":"https:\/\/akunq.net\/tr\/wp-content\/uploads\/sites\/6\/2021\/05\/Disisleri.jpeg","datePublished":"2021-05-07T06:13:50+00:00","author":{"@id":"https:\/\/akunq.net\/tr\/#\/schema\/person\/096f1d38a12cce57fb855b485ed24c9e"},"breadcrumb":{"@id":"https:\/\/akunq.net\/tr\/?p=62791#breadcrumb"},"inLanguage":"en-US","potentialAction":[{"@type":"ReadAction","target":["https:\/\/akunq.net\/tr\/?p=62791"]}]},{"@type":"ImageObject","inLanguage":"en-US","@id":"https:\/\/akunq.net\/tr\/?p=62791#primaryimage","url":"https:\/\/akunq.net\/tr\/wp-content\/uploads\/sites\/6\/2021\/05\/Disisleri.jpeg","contentUrl":"https:\/\/akunq.net\/tr\/wp-content\/uploads\/sites\/6\/2021\/05\/Disisleri.jpeg","width":864,"height":486},{"@type":"BreadcrumbList","@id":"https:\/\/akunq.net\/tr\/?p=62791#breadcrumb","itemListElement":[{"@type":"ListItem","position":1,"name":"Home","item":"https:\/\/akunq.net\/tr"},{"@type":"ListItem","position":2,"name":"D\u0131\u015fi\u015fleri&#8217;nden Letonya\u2019ya 1915 olaylar\u0131 tepkisi: Karar\u0131 reddediyoruz ve \u015fiddetle k\u0131n\u0131yoruz"}]},{"@type":"WebSite","@id":"https:\/\/akunq.net\/tr\/#website","url":"https:\/\/akunq.net\/tr\/","name":"Bati Ermenistan Ve Bati Ermenileri Sorunlari Ara\u015ftirmalar Merkezi","description":"","potentialAction":[{"@type":"SearchAction","target":{"@type":"EntryPoint","urlTemplate":"https:\/\/akunq.net\/tr\/?s={search_term_string}"},"query-input":{"@type":"PropertyValueSpecification","valueRequired":true,"valueName":"search_term_string"}}],"inLanguage":"en-US"},{"@type":"Person","@id":"https:\/\/akunq.net\/tr\/#\/schema\/person\/096f1d38a12cce57fb855b485ed24c9e","name":"admin","url":"https:\/\/akunq.net\/tr\/?author=7"}]}},"_links":{"self":[{"href":"https:\/\/akunq.net\/tr\/index.php?rest_route=\/wp\/v2\/posts\/62791","targetHints":{"allow":["GET"]}}],"collection":[{"href":"https:\/\/akunq.net\/tr\/index.php?rest_route=\/wp\/v2\/posts"}],"about":[{"href":"https:\/\/akunq.net\/tr\/index.php?rest_route=\/wp\/v2\/types\/post"}],"author":[{"embeddable":true,"href":"https:\/\/akunq.net\/tr\/index.php?rest_route=\/wp\/v2\/users\/7"}],"replies":[{"embeddable":true,"href":"https:\/\/akunq.net\/tr\/index.php?rest_route=%2Fwp%2Fv2%2Fcomments&post=62791"}],"version-history":[{"count":1,"href":"https:\/\/akunq.net\/tr\/index.php?rest_route=\/wp\/v2\/posts\/62791\/revisions"}],"predecessor-version":[{"id":62793,"href":"https:\/\/akunq.net\/tr\/index.php?rest_route=\/wp\/v2\/posts\/62791\/revisions\/62793"}],"wp:featuredmedia":[{"embeddable":true,"href":"https:\/\/akunq.net\/tr\/index.php?rest_route=\/wp\/v2\/media\/62792"}],"wp:attachment":[{"href":"https:\/\/akunq.net\/tr\/index.php?rest_route=%2Fwp%2Fv2%2Fmedia&parent=62791"}],"wp:term":[{"taxonomy":"category","embeddable":true,"href":"https:\/\/akunq.net\/tr\/index.php?rest_route=%2Fwp%2Fv2%2Fcategories&post=62791"},{"taxonomy":"post_tag","embeddable":true,"href":"https:\/\/akunq.net\/tr\/index.php?rest_route=%2Fwp%2Fv2%2Ftags&post=62791"}],"curies":[{"name":"wp","href":"https:\/\/api.w.org\/{rel}","templated":true}]}}