{"id":62788,"date":"2021-05-07T01:08:17","date_gmt":"2021-05-07T06:08:17","guid":{"rendered":"https:\/\/akunq.net\/tr\/?p=62788"},"modified":"2021-05-07T01:08:17","modified_gmt":"2021-05-07T06:08:17","slug":"turkiye-misir-arasinda-ilk-istisari-gorusmeler-net-ilerleme-kaydedilmeden-bitti","status":"publish","type":"post","link":"https:\/\/akunq.net\/tr\/?p=62788","title":{"rendered":"T\u00fcrkiye-M\u0131s\u0131r aras\u0131nda ilk isti\u015fari g\u00f6r\u00fc\u015fmeler &#8216;net ilerleme kaydedilmeden&#8217; bitti"},"content":{"rendered":"<p><img loading=\"lazy\" decoding=\"async\" class=\"aligncenter size-medium wp-image-62789\" src=\"https:\/\/akunq.net\/tr\/wp-content\/uploads\/2021\/05\/T\u00fcrkiye-M\u0131s\u0131r-360x203.jpg\" alt=\"\" width=\"360\" height=\"203\" srcset=\"https:\/\/akunq.net\/tr\/wp-content\/uploads\/sites\/6\/2021\/05\/T\u00fcrkiye-M\u0131s\u0131r-360x203.jpg 360w, https:\/\/akunq.net\/tr\/wp-content\/uploads\/sites\/6\/2021\/05\/T\u00fcrkiye-M\u0131s\u0131r-768x432.jpg 768w, https:\/\/akunq.net\/tr\/wp-content\/uploads\/sites\/6\/2021\/05\/T\u00fcrkiye-M\u0131s\u0131r-560x315.jpg 560w, https:\/\/akunq.net\/tr\/wp-content\/uploads\/sites\/6\/2021\/05\/T\u00fcrkiye-M\u0131s\u0131r-260x146.jpg 260w, https:\/\/akunq.net\/tr\/wp-content\/uploads\/sites\/6\/2021\/05\/T\u00fcrkiye-M\u0131s\u0131r-160x90.jpg 160w, https:\/\/akunq.net\/tr\/wp-content\/uploads\/sites\/6\/2021\/05\/T\u00fcrkiye-M\u0131s\u0131r.jpg 773w\" sizes=\"auto, (max-width: 360px) 100vw, 360px\" \/><\/p>\n<p><em><strong>M\u0131s\u0131r ve T\u00fcrkiye aras\u0131nda ili\u015fkilerin yeniden kurulmas\u0131n\u0131 ama\u00e7layan ilk isti\u015fari g\u00f6r\u00fc\u015fmeler &#8216;net bir ilerleme kaydedilmeden&#8217; sona erdi.<\/strong><\/em><\/p>\n<p><em>D\u0131\u015fi\u015fleri Bakanl\u0131\u011f\u0131, T\u00fcrkiye-M\u0131s\u0131r isti\u015farelerinin &#8220;samimi ve kapsaml\u0131 i\u00e7erikte ger\u00e7ekle\u015ftirildi\u011fini&#8221; bildirdi.<\/em><\/p>\n<p>D\u0131\u015fi\u015fleri Bakan\u0131 Mevl\u00fct \u00c7avu\u015fo\u011flu: &#8220;(M\u0131s\u0131r&#8217;la) \u00d6n\u00fcm\u00fczdeki s\u00fcre\u00e7te ili\u015fkileri normalle\u015ftirmek i\u00e7in at\u0131labilecek ad\u0131mlar konusunda g\u00f6r\u00fc\u015fmeler devam edecek&#8221; dedi.<\/p>\n<p>Bakanl\u0131ktan yap\u0131lan yaz\u0131l\u0131 a\u00e7\u0131klamada, T\u00fcrkiye ve M\u0131s\u0131r heyetlerinin Kahire&#8217;de yapt\u0131\u011f\u0131 istik\u015fafi nitelikli g\u00f6r\u00fc\u015fmelerin samimi havada ve kapsaml\u0131 i\u00e7erikte ger\u00e7ekle\u015ftirildi\u011fi ve iki \u00fclkenin, isti\u015farelerin bu turunun sonu\u00e7lar\u0131n\u0131 de\u011ferlendirip m\u00fcteakip ad\u0131mlar\u0131 kararla\u015ft\u0131raca\u011f\u0131 kaydedildi.<\/p>\n<p>G\u00f6r\u00fc\u015fmelere, D\u0131\u015fi\u015fleri Bakan Yard\u0131mc\u0131s\u0131 B\u00fcy\u00fckel\u00e7i Sedat \u00d6nal ve M\u0131s\u0131r D\u0131\u015fi\u015fleri Bakan Yard\u0131mc\u0131s\u0131 B\u00fcy\u00fckel\u00e7i Hamdi Sanad Loza ba\u015fkanl\u0131k etti.<\/p>\n<p><strong>Do\u011fu Akdeniz konu\u015fuldu<\/strong><\/p>\n<p><em>A\u00e7\u0131klamada, \u015fu ifadelere yer verildi:<\/em><\/p>\n<p>&#8220;G\u00f6r\u00fc\u015fmeler samimi havada ve kapsaml\u0131 i\u00e7erikte ger\u00e7ekle\u015ftirilmi\u015ftir. G\u00f6r\u00fc\u015fmelerde ikili konular\u0131n yan\u0131 s\u0131ra Libya, Suriye ve Irak&#8217;taki durum ba\u015fta olmak \u00fczere b\u00f6lgesel konular ele al\u0131nm\u0131\u015f, Do\u011fu Akdeniz&#8217;de bar\u0131\u015f ve g\u00fcvenli\u011fin sa\u011flanmas\u0131 ihtiyac\u0131 \u00fczerinde durulmu\u015ftur.<\/p>\n<p>Taraflar isti\u015farelerin bu turunun sonu\u00e7lar\u0131n\u0131 de\u011ferlendirecek ve m\u00fcteakip ad\u0131mlar\u0131 kararla\u015ft\u0131racakt\u0131r.&#8221;<\/p>\n<p>M\u0131s\u0131r D\u0131\u015fi\u015fleri Bakanl\u0131\u011f\u0131 daha \u00f6nce g\u00f6r\u00fc\u015fmeleri, Kahire ile Ankara aras\u0131ndaki ili\u015fkilerin normalle\u015fmesi i\u00e7in gerekli ad\u0131mlar\u0131n ana hatlar\u0131n\u0131 \u00e7izecek &#8220;ke\u015fif tart\u0131\u015fmalar\u0131&#8221; olarak nitelendirmi\u015fti.<\/p>\n<p>Ankara-Kahire aras\u0131ndaki ili\u015fkiler eski Cumhurba\u015fkan\u0131 Muhammed Mursi&#8217;nin 2013&#8217;te devrilmesinden bu yana kopma noktas\u0131na gelmi\u015fti.<\/p>\n<p><em><strong>https:\/\/tr.euronews.com\/2021\/05\/06\/turkiye-m-s-r-aras-nda-ilk-istisari-gorusmeler-net-ilerleme-kaydedilmeden-bitti\u00a0<\/strong><\/em><\/p>\n","protected":false},"excerpt":{"rendered":"<p>M\u0131s\u0131r ve T\u00fcrkiye aras\u0131nda ili\u015fkilerin yeniden kurulmas\u0131n\u0131 ama\u00e7layan ilk isti\u015fari g\u00f6r\u00fc\u015fmeler &#8216;net bir ilerleme kaydedilmeden&#8217; sona erdi. D\u0131\u015fi\u015fleri Bakanl\u0131\u011f\u0131, T\u00fcrkiye-M\u0131s\u0131r isti\u015farelerinin &#8220;samimi ve kapsaml\u0131 i\u00e7erikte ger\u00e7ekle\u015ftirildi\u011fini&#8221; bildirdi. D\u0131\u015fi\u015fleri Bakan\u0131 Mevl\u00fct \u00c7avu\u015fo\u011flu: &#8220;(M\u0131s\u0131r&#8217;la) \u00d6n\u00fcm\u00fczdeki s\u00fcre\u00e7te ili\u015fkileri normalle\u015ftirmek i\u00e7in at\u0131labilecek ad\u0131mlar konusunda g\u00f6r\u00fc\u015fmeler devam edecek&#8221; dedi. Bakanl\u0131ktan yap\u0131lan yaz\u0131l\u0131 a\u00e7\u0131klamada, T\u00fcrkiye ve M\u0131s\u0131r heyetlerinin Kahire&#8217;de yapt\u0131\u011f\u0131 istik\u015fafi [&hellip;]<\/p>\n","protected":false},"author":7,"featured_media":62789,"comment_status":"open","ping_status":"open","sticky":false,"template":"","format":"standard","meta":{"footnotes":""},"categories":[1],"tags":[],"class_list":["post-62788","post","type-post","status-publish","format-standard","has-post-thumbnail","hentry","category-haberler"],"yoast_head":"<!-- This site is optimized with the Yoast SEO plugin v27.4 - https:\/\/yoast.com\/product\/yoast-seo-wordpress\/ -->\n<title>T\u00fcrkiye-M\u0131s\u0131r aras\u0131nda ilk isti\u015fari g\u00f6r\u00fc\u015fmeler &#039;net ilerleme kaydedilmeden&#039; bitti - Bati Ermenistan Ve Bati Ermenileri Sorunlari Ara\u015ftirmalar Merkezi<\/title>\n<meta name=\"robots\" content=\"index, follow, max-snippet:-1, max-image-preview:large, max-video-preview:-1\" \/>\n<link rel=\"canonical\" href=\"https:\/\/akunq.net\/tr\/?p=62788\" \/>\n<meta property=\"og:locale\" content=\"en_US\" \/>\n<meta property=\"og:type\" content=\"article\" \/>\n<meta property=\"og:title\" content=\"T\u00fcrkiye-M\u0131s\u0131r aras\u0131nda ilk isti\u015fari g\u00f6r\u00fc\u015fmeler &#039;net ilerleme kaydedilmeden&#039; bitti - Bati Ermenistan Ve Bati Ermenileri Sorunlari Ara\u015ftirmalar Merkezi\" \/>\n<meta property=\"og:description\" content=\"M\u0131s\u0131r ve T\u00fcrkiye aras\u0131nda ili\u015fkilerin yeniden kurulmas\u0131n\u0131 ama\u00e7layan ilk isti\u015fari g\u00f6r\u00fc\u015fmeler &#8216;net bir ilerleme kaydedilmeden&#8217; sona erdi. D\u0131\u015fi\u015fleri Bakanl\u0131\u011f\u0131, T\u00fcrkiye-M\u0131s\u0131r isti\u015farelerinin &#8220;samimi ve kapsaml\u0131 i\u00e7erikte ger\u00e7ekle\u015ftirildi\u011fini&#8221; bildirdi. D\u0131\u015fi\u015fleri Bakan\u0131 Mevl\u00fct \u00c7avu\u015fo\u011flu: &#8220;(M\u0131s\u0131r&#8217;la) \u00d6n\u00fcm\u00fczdeki s\u00fcre\u00e7te ili\u015fkileri normalle\u015ftirmek i\u00e7in at\u0131labilecek ad\u0131mlar konusunda g\u00f6r\u00fc\u015fmeler devam edecek&#8221; dedi. Bakanl\u0131ktan yap\u0131lan yaz\u0131l\u0131 a\u00e7\u0131klamada, T\u00fcrkiye ve M\u0131s\u0131r heyetlerinin Kahire&#8217;de yapt\u0131\u011f\u0131 istik\u015fafi [&hellip;]\" \/>\n<meta property=\"og:url\" content=\"https:\/\/akunq.net\/tr\/?p=62788\" \/>\n<meta property=\"og:site_name\" content=\"Bati Ermenistan Ve Bati Ermenileri Sorunlari Ara\u015ftirmalar Merkezi\" \/>\n<meta property=\"article:published_time\" content=\"2021-05-07T06:08:17+00:00\" \/>\n<meta property=\"og:image\" content=\"https:\/\/akunq.net\/tr\/wp-content\/uploads\/sites\/6\/2021\/05\/T\u00fcrkiye-M\u0131s\u0131r.jpg\" \/>\n\t<meta property=\"og:image:width\" content=\"773\" \/>\n\t<meta property=\"og:image:height\" content=\"435\" \/>\n\t<meta property=\"og:image:type\" content=\"image\/jpeg\" \/>\n<meta name=\"author\" content=\"admin\" \/>\n<meta name=\"twitter:card\" content=\"summary_large_image\" \/>\n<meta name=\"twitter:label1\" content=\"Written by\" \/>\n\t<meta name=\"twitter:data1\" content=\"admin\" \/>\n\t<meta name=\"twitter:label2\" content=\"Est. reading time\" \/>\n\t<meta name=\"twitter:data2\" content=\"2 minutes\" \/>\n<script type=\"application\/ld+json\" class=\"yoast-schema-graph\">{\"@context\":\"https:\\\/\\\/schema.org\",\"@graph\":[{\"@type\":\"Article\",\"@id\":\"https:\\\/\\\/akunq.net\\\/tr\\\/?p=62788#article\",\"isPartOf\":{\"@id\":\"https:\\\/\\\/akunq.net\\\/tr\\\/?p=62788\"},\"author\":{\"name\":\"admin\",\"@id\":\"https:\\\/\\\/akunq.net\\\/tr\\\/#\\\/schema\\\/person\\\/096f1d38a12cce57fb855b485ed24c9e\"},\"headline\":\"T\u00fcrkiye-M\u0131s\u0131r aras\u0131nda ilk isti\u015fari g\u00f6r\u00fc\u015fmeler &#8216;net ilerleme kaydedilmeden&#8217; bitti\",\"datePublished\":\"2021-05-07T06:08:17+00:00\",\"mainEntityOfPage\":{\"@id\":\"https:\\\/\\\/akunq.net\\\/tr\\\/?p=62788\"},\"wordCount\":332,\"commentCount\":0,\"image\":{\"@id\":\"https:\\\/\\\/akunq.net\\\/tr\\\/?p=62788#primaryimage\"},\"thumbnailUrl\":\"https:\\\/\\\/akunq.net\\\/tr\\\/wp-content\\\/uploads\\\/sites\\\/6\\\/2021\\\/05\\\/T\u00fcrkiye-M\u0131s\u0131r.jpg\",\"articleSection\":[\"Haberler\"],\"inLanguage\":\"en-US\",\"potentialAction\":[{\"@type\":\"CommentAction\",\"name\":\"Comment\",\"target\":[\"https:\\\/\\\/akunq.net\\\/tr\\\/?p=62788#respond\"]}]},{\"@type\":\"WebPage\",\"@id\":\"https:\\\/\\\/akunq.net\\\/tr\\\/?p=62788\",\"url\":\"https:\\\/\\\/akunq.net\\\/tr\\\/?p=62788\",\"name\":\"T\u00fcrkiye-M\u0131s\u0131r aras\u0131nda ilk isti\u015fari g\u00f6r\u00fc\u015fmeler 'net ilerleme kaydedilmeden' bitti - Bati Ermenistan Ve Bati Ermenileri Sorunlari Ara\u015ftirmalar Merkezi\",\"isPartOf\":{\"@id\":\"https:\\\/\\\/akunq.net\\\/tr\\\/#website\"},\"primaryImageOfPage\":{\"@id\":\"https:\\\/\\\/akunq.net\\\/tr\\\/?p=62788#primaryimage\"},\"image\":{\"@id\":\"https:\\\/\\\/akunq.net\\\/tr\\\/?p=62788#primaryimage\"},\"thumbnailUrl\":\"https:\\\/\\\/akunq.net\\\/tr\\\/wp-content\\\/uploads\\\/sites\\\/6\\\/2021\\\/05\\\/T\u00fcrkiye-M\u0131s\u0131r.jpg\",\"datePublished\":\"2021-05-07T06:08:17+00:00\",\"author\":{\"@id\":\"https:\\\/\\\/akunq.net\\\/tr\\\/#\\\/schema\\\/person\\\/096f1d38a12cce57fb855b485ed24c9e\"},\"breadcrumb\":{\"@id\":\"https:\\\/\\\/akunq.net\\\/tr\\\/?p=62788#breadcrumb\"},\"inLanguage\":\"en-US\",\"potentialAction\":[{\"@type\":\"ReadAction\",\"target\":[\"https:\\\/\\\/akunq.net\\\/tr\\\/?p=62788\"]}]},{\"@type\":\"ImageObject\",\"inLanguage\":\"en-US\",\"@id\":\"https:\\\/\\\/akunq.net\\\/tr\\\/?p=62788#primaryimage\",\"url\":\"https:\\\/\\\/akunq.net\\\/tr\\\/wp-content\\\/uploads\\\/sites\\\/6\\\/2021\\\/05\\\/T\u00fcrkiye-M\u0131s\u0131r.jpg\",\"contentUrl\":\"https:\\\/\\\/akunq.net\\\/tr\\\/wp-content\\\/uploads\\\/sites\\\/6\\\/2021\\\/05\\\/T\u00fcrkiye-M\u0131s\u0131r.jpg\",\"width\":773,\"height\":435},{\"@type\":\"BreadcrumbList\",\"@id\":\"https:\\\/\\\/akunq.net\\\/tr\\\/?p=62788#breadcrumb\",\"itemListElement\":[{\"@type\":\"ListItem\",\"position\":1,\"name\":\"Home\",\"item\":\"https:\\\/\\\/akunq.net\\\/tr\"},{\"@type\":\"ListItem\",\"position\":2,\"name\":\"T\u00fcrkiye-M\u0131s\u0131r aras\u0131nda ilk isti\u015fari g\u00f6r\u00fc\u015fmeler &#8216;net ilerleme kaydedilmeden&#8217; bitti\"}]},{\"@type\":\"WebSite\",\"@id\":\"https:\\\/\\\/akunq.net\\\/tr\\\/#website\",\"url\":\"https:\\\/\\\/akunq.net\\\/tr\\\/\",\"name\":\"Bati Ermenistan Ve Bati Ermenileri Sorunlari Ara\u015ftirmalar Merkezi\",\"description\":\"\",\"potentialAction\":[{\"@type\":\"SearchAction\",\"target\":{\"@type\":\"EntryPoint\",\"urlTemplate\":\"https:\\\/\\\/akunq.net\\\/tr\\\/?s={search_term_string}\"},\"query-input\":{\"@type\":\"PropertyValueSpecification\",\"valueRequired\":true,\"valueName\":\"search_term_string\"}}],\"inLanguage\":\"en-US\"},{\"@type\":\"Person\",\"@id\":\"https:\\\/\\\/akunq.net\\\/tr\\\/#\\\/schema\\\/person\\\/096f1d38a12cce57fb855b485ed24c9e\",\"name\":\"admin\",\"url\":\"https:\\\/\\\/akunq.net\\\/tr\\\/?author=7\"}]}<\/script>\n<!-- \/ Yoast SEO plugin. -->","yoast_head_json":{"title":"T\u00fcrkiye-M\u0131s\u0131r aras\u0131nda ilk isti\u015fari g\u00f6r\u00fc\u015fmeler 'net ilerleme kaydedilmeden' bitti - Bati Ermenistan Ve Bati Ermenileri Sorunlari Ara\u015ftirmalar Merkezi","robots":{"index":"index","follow":"follow","max-snippet":"max-snippet:-1","max-image-preview":"max-image-preview:large","max-video-preview":"max-video-preview:-1"},"canonical":"https:\/\/akunq.net\/tr\/?p=62788","og_locale":"en_US","og_type":"article","og_title":"T\u00fcrkiye-M\u0131s\u0131r aras\u0131nda ilk isti\u015fari g\u00f6r\u00fc\u015fmeler 'net ilerleme kaydedilmeden' bitti - Bati Ermenistan Ve Bati Ermenileri Sorunlari Ara\u015ftirmalar Merkezi","og_description":"M\u0131s\u0131r ve T\u00fcrkiye aras\u0131nda ili\u015fkilerin yeniden kurulmas\u0131n\u0131 ama\u00e7layan ilk isti\u015fari g\u00f6r\u00fc\u015fmeler &#8216;net bir ilerleme kaydedilmeden&#8217; sona erdi. D\u0131\u015fi\u015fleri Bakanl\u0131\u011f\u0131, T\u00fcrkiye-M\u0131s\u0131r isti\u015farelerinin &#8220;samimi ve kapsaml\u0131 i\u00e7erikte ger\u00e7ekle\u015ftirildi\u011fini&#8221; bildirdi. D\u0131\u015fi\u015fleri Bakan\u0131 Mevl\u00fct \u00c7avu\u015fo\u011flu: &#8220;(M\u0131s\u0131r&#8217;la) \u00d6n\u00fcm\u00fczdeki s\u00fcre\u00e7te ili\u015fkileri normalle\u015ftirmek i\u00e7in at\u0131labilecek ad\u0131mlar konusunda g\u00f6r\u00fc\u015fmeler devam edecek&#8221; dedi. Bakanl\u0131ktan yap\u0131lan yaz\u0131l\u0131 a\u00e7\u0131klamada, T\u00fcrkiye ve M\u0131s\u0131r heyetlerinin Kahire&#8217;de yapt\u0131\u011f\u0131 istik\u015fafi [&hellip;]","og_url":"https:\/\/akunq.net\/tr\/?p=62788","og_site_name":"Bati Ermenistan Ve Bati Ermenileri Sorunlari Ara\u015ftirmalar Merkezi","article_published_time":"2021-05-07T06:08:17+00:00","og_image":[{"width":773,"height":435,"url":"https:\/\/akunq.net\/tr\/wp-content\/uploads\/sites\/6\/2021\/05\/T\u00fcrkiye-M\u0131s\u0131r.jpg","type":"image\/jpeg"}],"author":"admin","twitter_card":"summary_large_image","twitter_misc":{"Written by":"admin","Est. reading time":"2 minutes"},"schema":{"@context":"https:\/\/schema.org","@graph":[{"@type":"Article","@id":"https:\/\/akunq.net\/tr\/?p=62788#article","isPartOf":{"@id":"https:\/\/akunq.net\/tr\/?p=62788"},"author":{"name":"admin","@id":"https:\/\/akunq.net\/tr\/#\/schema\/person\/096f1d38a12cce57fb855b485ed24c9e"},"headline":"T\u00fcrkiye-M\u0131s\u0131r aras\u0131nda ilk isti\u015fari g\u00f6r\u00fc\u015fmeler &#8216;net ilerleme kaydedilmeden&#8217; bitti","datePublished":"2021-05-07T06:08:17+00:00","mainEntityOfPage":{"@id":"https:\/\/akunq.net\/tr\/?p=62788"},"wordCount":332,"commentCount":0,"image":{"@id":"https:\/\/akunq.net\/tr\/?p=62788#primaryimage"},"thumbnailUrl":"https:\/\/akunq.net\/tr\/wp-content\/uploads\/sites\/6\/2021\/05\/T\u00fcrkiye-M\u0131s\u0131r.jpg","articleSection":["Haberler"],"inLanguage":"en-US","potentialAction":[{"@type":"CommentAction","name":"Comment","target":["https:\/\/akunq.net\/tr\/?p=62788#respond"]}]},{"@type":"WebPage","@id":"https:\/\/akunq.net\/tr\/?p=62788","url":"https:\/\/akunq.net\/tr\/?p=62788","name":"T\u00fcrkiye-M\u0131s\u0131r aras\u0131nda ilk isti\u015fari g\u00f6r\u00fc\u015fmeler 'net ilerleme kaydedilmeden' bitti - Bati Ermenistan Ve Bati Ermenileri Sorunlari Ara\u015ftirmalar Merkezi","isPartOf":{"@id":"https:\/\/akunq.net\/tr\/#website"},"primaryImageOfPage":{"@id":"https:\/\/akunq.net\/tr\/?p=62788#primaryimage"},"image":{"@id":"https:\/\/akunq.net\/tr\/?p=62788#primaryimage"},"thumbnailUrl":"https:\/\/akunq.net\/tr\/wp-content\/uploads\/sites\/6\/2021\/05\/T\u00fcrkiye-M\u0131s\u0131r.jpg","datePublished":"2021-05-07T06:08:17+00:00","author":{"@id":"https:\/\/akunq.net\/tr\/#\/schema\/person\/096f1d38a12cce57fb855b485ed24c9e"},"breadcrumb":{"@id":"https:\/\/akunq.net\/tr\/?p=62788#breadcrumb"},"inLanguage":"en-US","potentialAction":[{"@type":"ReadAction","target":["https:\/\/akunq.net\/tr\/?p=62788"]}]},{"@type":"ImageObject","inLanguage":"en-US","@id":"https:\/\/akunq.net\/tr\/?p=62788#primaryimage","url":"https:\/\/akunq.net\/tr\/wp-content\/uploads\/sites\/6\/2021\/05\/T\u00fcrkiye-M\u0131s\u0131r.jpg","contentUrl":"https:\/\/akunq.net\/tr\/wp-content\/uploads\/sites\/6\/2021\/05\/T\u00fcrkiye-M\u0131s\u0131r.jpg","width":773,"height":435},{"@type":"BreadcrumbList","@id":"https:\/\/akunq.net\/tr\/?p=62788#breadcrumb","itemListElement":[{"@type":"ListItem","position":1,"name":"Home","item":"https:\/\/akunq.net\/tr"},{"@type":"ListItem","position":2,"name":"T\u00fcrkiye-M\u0131s\u0131r aras\u0131nda ilk isti\u015fari g\u00f6r\u00fc\u015fmeler &#8216;net ilerleme kaydedilmeden&#8217; bitti"}]},{"@type":"WebSite","@id":"https:\/\/akunq.net\/tr\/#website","url":"https:\/\/akunq.net\/tr\/","name":"Bati Ermenistan Ve Bati Ermenileri Sorunlari Ara\u015ftirmalar Merkezi","description":"","potentialAction":[{"@type":"SearchAction","target":{"@type":"EntryPoint","urlTemplate":"https:\/\/akunq.net\/tr\/?s={search_term_string}"},"query-input":{"@type":"PropertyValueSpecification","valueRequired":true,"valueName":"search_term_string"}}],"inLanguage":"en-US"},{"@type":"Person","@id":"https:\/\/akunq.net\/tr\/#\/schema\/person\/096f1d38a12cce57fb855b485ed24c9e","name":"admin","url":"https:\/\/akunq.net\/tr\/?author=7"}]}},"_links":{"self":[{"href":"https:\/\/akunq.net\/tr\/index.php?rest_route=\/wp\/v2\/posts\/62788","targetHints":{"allow":["GET"]}}],"collection":[{"href":"https:\/\/akunq.net\/tr\/index.php?rest_route=\/wp\/v2\/posts"}],"about":[{"href":"https:\/\/akunq.net\/tr\/index.php?rest_route=\/wp\/v2\/types\/post"}],"author":[{"embeddable":true,"href":"https:\/\/akunq.net\/tr\/index.php?rest_route=\/wp\/v2\/users\/7"}],"replies":[{"embeddable":true,"href":"https:\/\/akunq.net\/tr\/index.php?rest_route=%2Fwp%2Fv2%2Fcomments&post=62788"}],"version-history":[{"count":1,"href":"https:\/\/akunq.net\/tr\/index.php?rest_route=\/wp\/v2\/posts\/62788\/revisions"}],"predecessor-version":[{"id":62790,"href":"https:\/\/akunq.net\/tr\/index.php?rest_route=\/wp\/v2\/posts\/62788\/revisions\/62790"}],"wp:featuredmedia":[{"embeddable":true,"href":"https:\/\/akunq.net\/tr\/index.php?rest_route=\/wp\/v2\/media\/62789"}],"wp:attachment":[{"href":"https:\/\/akunq.net\/tr\/index.php?rest_route=%2Fwp%2Fv2%2Fmedia&parent=62788"}],"wp:term":[{"taxonomy":"category","embeddable":true,"href":"https:\/\/akunq.net\/tr\/index.php?rest_route=%2Fwp%2Fv2%2Fcategories&post=62788"},{"taxonomy":"post_tag","embeddable":true,"href":"https:\/\/akunq.net\/tr\/index.php?rest_route=%2Fwp%2Fv2%2Ftags&post=62788"}],"curies":[{"name":"wp","href":"https:\/\/api.w.org\/{rel}","templated":true}]}}