{"id":62782,"date":"2021-05-07T00:57:21","date_gmt":"2021-05-07T05:57:21","guid":{"rendered":"https:\/\/akunq.net\/tr\/?p=62782"},"modified":"2021-05-07T00:57:21","modified_gmt":"2021-05-07T05:57:21","slug":"rusya-disisleri-bakani-ermeni-soykirimi-anit-kompleksini-ziyaret-etti","status":"publish","type":"post","link":"https:\/\/akunq.net\/tr\/?p=62782","title":{"rendered":"Rusya D\u0131\u015fi\u015fleri Bakan\u0131, Ermeni Soyk\u0131r\u0131m\u0131 An\u0131t Kompleksi\u2019ni ziyaret etti"},"content":{"rendered":"<p><img loading=\"lazy\" decoding=\"async\" class=\"aligncenter size-medium wp-image-62783\" src=\"https:\/\/akunq.net\/tr\/wp-content\/uploads\/2021\/05\/Lavrov-360x253.jpg\" alt=\"\" width=\"360\" height=\"253\" srcset=\"https:\/\/akunq.net\/tr\/wp-content\/uploads\/sites\/6\/2021\/05\/Lavrov-360x253.jpg 360w, https:\/\/akunq.net\/tr\/wp-content\/uploads\/sites\/6\/2021\/05\/Lavrov-560x393.jpg 560w, https:\/\/akunq.net\/tr\/wp-content\/uploads\/sites\/6\/2021\/05\/Lavrov-260x182.jpg 260w, https:\/\/akunq.net\/tr\/wp-content\/uploads\/sites\/6\/2021\/05\/Lavrov-160x112.jpg 160w, https:\/\/akunq.net\/tr\/wp-content\/uploads\/sites\/6\/2021\/05\/Lavrov.jpg 634w\" sizes=\"auto, (max-width: 360px) 100vw, 360px\" \/><\/p>\n<p><em><strong>Rusya D\u0131\u015fi\u015fleri Bakan\u0131 Sergey Lavrov, 6 May\u0131s tarihinde Ermeni Soyk\u0131r\u0131m\u0131 An\u0131t Kompleksi Tsitsernakaberd\u2019i ziyaret etti.<\/strong><\/em><\/p>\n<p>Soyk\u0131r\u0131m\u2019\u0131n masum kurbanlar\u0131n\u0131n an\u0131s\u0131na sayg\u0131 duru\u015funda bulunan Lavrov, s\u00f6nmez ate\u015fin yan\u0131na \u00e7i\u00e7ek b\u0131rakt\u0131. Rusya D\u0131\u015fi\u015fleri Bakan\u0131, 2007 y\u0131l\u0131nda dikti\u011fi ladin a\u011fac\u0131n\u0131 da sulad\u0131.<\/p>\n<p>Daha \u00f6nce en son 11 Kas\u0131m 2019\u2019da Ermeni Soyk\u0131r\u0131m\u0131 An\u0131t Kompleksi\u2019ni ziyaret etmi\u015f olan Lavrov\u2019un Ermenistan\u2019a yapt\u0131\u011f\u0131 son ziyareti ise, 21 Kas\u0131m 2020\u2019de ger\u00e7ekle\u015fmi\u015fti.<\/p>\n<p>\u00c7al\u0131\u015fma ziyareti kapsam\u0131nda Yerevan\u2019da bulunan Lavrov, Ermenistan Ba\u015fbakan\u0131\u2019n\u0131n g\u00f6revini ge\u00e7ici olarak yerine getiren NikolPa\u015finyan ile g\u00f6r\u00fc\u015fecek. Ermenistan\u2019dan sonra Rusya D\u0131\u015fi\u015fleri Bakan\u0131 Azerbaycan\u2019a gidecek.<\/p>\n<p><em><strong><a href=\"https:\/\/www.ermenihaber.am\/tr\/news\/2021\/05\/06\/Rusya-Lavrov-Ermeni-Soyk%C4%B1r%C4%B1m%C4%B1\/207441\" target=\"_blank\" rel=\"noopener noreferrer\">ERMEN\u0130 HABER AJANSI<\/a>\u00a0<\/strong><\/em><\/p>\n","protected":false},"excerpt":{"rendered":"<p>Rusya D\u0131\u015fi\u015fleri Bakan\u0131 Sergey Lavrov, 6 May\u0131s tarihinde Ermeni Soyk\u0131r\u0131m\u0131 An\u0131t Kompleksi Tsitsernakaberd\u2019i ziyaret etti. Soyk\u0131r\u0131m\u2019\u0131n masum kurbanlar\u0131n\u0131n an\u0131s\u0131na sayg\u0131 duru\u015funda bulunan Lavrov, s\u00f6nmez ate\u015fin yan\u0131na \u00e7i\u00e7ek b\u0131rakt\u0131. Rusya D\u0131\u015fi\u015fleri Bakan\u0131, 2007 y\u0131l\u0131nda dikti\u011fi ladin a\u011fac\u0131n\u0131 da sulad\u0131. Daha \u00f6nce en son 11 Kas\u0131m 2019\u2019da Ermeni Soyk\u0131r\u0131m\u0131 An\u0131t Kompleksi\u2019ni ziyaret etmi\u015f olan Lavrov\u2019un Ermenistan\u2019a yapt\u0131\u011f\u0131 [&hellip;]<\/p>\n","protected":false},"author":7,"featured_media":62783,"comment_status":"open","ping_status":"open","sticky":false,"template":"","format":"standard","meta":{"footnotes":""},"categories":[44,1],"tags":[],"class_list":["post-62782","post","type-post","status-publish","format-standard","has-post-thumbnail","hentry","category-ermeni-soykirimi","category-haberler"],"yoast_head":"<!-- This site is optimized with the Yoast SEO plugin v27.4 - https:\/\/yoast.com\/product\/yoast-seo-wordpress\/ -->\n<title>Rusya D\u0131\u015fi\u015fleri Bakan\u0131, Ermeni Soyk\u0131r\u0131m\u0131 An\u0131t Kompleksi\u2019ni ziyaret etti - Bati Ermenistan Ve Bati Ermenileri Sorunlari Ara\u015ftirmalar Merkezi<\/title>\n<meta name=\"robots\" content=\"index, follow, max-snippet:-1, max-image-preview:large, max-video-preview:-1\" \/>\n<link rel=\"canonical\" href=\"https:\/\/akunq.net\/tr\/?p=62782\" \/>\n<meta property=\"og:locale\" content=\"en_US\" \/>\n<meta property=\"og:type\" content=\"article\" \/>\n<meta property=\"og:title\" content=\"Rusya D\u0131\u015fi\u015fleri Bakan\u0131, Ermeni Soyk\u0131r\u0131m\u0131 An\u0131t Kompleksi\u2019ni ziyaret etti - Bati Ermenistan Ve Bati Ermenileri Sorunlari Ara\u015ftirmalar Merkezi\" \/>\n<meta property=\"og:description\" content=\"Rusya D\u0131\u015fi\u015fleri Bakan\u0131 Sergey Lavrov, 6 May\u0131s tarihinde Ermeni Soyk\u0131r\u0131m\u0131 An\u0131t Kompleksi Tsitsernakaberd\u2019i ziyaret etti. Soyk\u0131r\u0131m\u2019\u0131n masum kurbanlar\u0131n\u0131n an\u0131s\u0131na sayg\u0131 duru\u015funda bulunan Lavrov, s\u00f6nmez ate\u015fin yan\u0131na \u00e7i\u00e7ek b\u0131rakt\u0131. Rusya D\u0131\u015fi\u015fleri Bakan\u0131, 2007 y\u0131l\u0131nda dikti\u011fi ladin a\u011fac\u0131n\u0131 da sulad\u0131. Daha \u00f6nce en son 11 Kas\u0131m 2019\u2019da Ermeni Soyk\u0131r\u0131m\u0131 An\u0131t Kompleksi\u2019ni ziyaret etmi\u015f olan Lavrov\u2019un Ermenistan\u2019a yapt\u0131\u011f\u0131 [&hellip;]\" \/>\n<meta property=\"og:url\" content=\"https:\/\/akunq.net\/tr\/?p=62782\" \/>\n<meta property=\"og:site_name\" content=\"Bati Ermenistan Ve Bati Ermenileri Sorunlari Ara\u015ftirmalar Merkezi\" \/>\n<meta property=\"article:published_time\" content=\"2021-05-07T05:57:21+00:00\" \/>\n<meta property=\"og:image\" content=\"https:\/\/akunq.net\/tr\/wp-content\/uploads\/sites\/6\/2021\/05\/Lavrov.jpg\" \/>\n\t<meta property=\"og:image:width\" content=\"634\" \/>\n\t<meta property=\"og:image:height\" content=\"445\" \/>\n\t<meta property=\"og:image:type\" content=\"image\/jpeg\" \/>\n<meta name=\"author\" content=\"admin\" \/>\n<meta name=\"twitter:card\" content=\"summary_large_image\" \/>\n<meta name=\"twitter:label1\" content=\"Written by\" \/>\n\t<meta name=\"twitter:data1\" content=\"admin\" \/>\n\t<meta name=\"twitter:label2\" content=\"Est. reading time\" \/>\n\t<meta name=\"twitter:data2\" content=\"1 minute\" \/>\n<script type=\"application\/ld+json\" class=\"yoast-schema-graph\">{\"@context\":\"https:\\\/\\\/schema.org\",\"@graph\":[{\"@type\":\"Article\",\"@id\":\"https:\\\/\\\/akunq.net\\\/tr\\\/?p=62782#article\",\"isPartOf\":{\"@id\":\"https:\\\/\\\/akunq.net\\\/tr\\\/?p=62782\"},\"author\":{\"name\":\"admin\",\"@id\":\"https:\\\/\\\/akunq.net\\\/tr\\\/#\\\/schema\\\/person\\\/096f1d38a12cce57fb855b485ed24c9e\"},\"headline\":\"Rusya D\u0131\u015fi\u015fleri Bakan\u0131, Ermeni Soyk\u0131r\u0131m\u0131 An\u0131t Kompleksi\u2019ni ziyaret etti\",\"datePublished\":\"2021-05-07T05:57:21+00:00\",\"mainEntityOfPage\":{\"@id\":\"https:\\\/\\\/akunq.net\\\/tr\\\/?p=62782\"},\"wordCount\":152,\"commentCount\":0,\"image\":{\"@id\":\"https:\\\/\\\/akunq.net\\\/tr\\\/?p=62782#primaryimage\"},\"thumbnailUrl\":\"https:\\\/\\\/akunq.net\\\/tr\\\/wp-content\\\/uploads\\\/sites\\\/6\\\/2021\\\/05\\\/Lavrov.jpg\",\"articleSection\":[\"Ermeni Soyk\u0131r\u0131m\u0131\",\"Haberler\"],\"inLanguage\":\"en-US\",\"potentialAction\":[{\"@type\":\"CommentAction\",\"name\":\"Comment\",\"target\":[\"https:\\\/\\\/akunq.net\\\/tr\\\/?p=62782#respond\"]}]},{\"@type\":\"WebPage\",\"@id\":\"https:\\\/\\\/akunq.net\\\/tr\\\/?p=62782\",\"url\":\"https:\\\/\\\/akunq.net\\\/tr\\\/?p=62782\",\"name\":\"Rusya D\u0131\u015fi\u015fleri Bakan\u0131, Ermeni Soyk\u0131r\u0131m\u0131 An\u0131t Kompleksi\u2019ni ziyaret etti - Bati Ermenistan Ve Bati Ermenileri Sorunlari Ara\u015ftirmalar Merkezi\",\"isPartOf\":{\"@id\":\"https:\\\/\\\/akunq.net\\\/tr\\\/#website\"},\"primaryImageOfPage\":{\"@id\":\"https:\\\/\\\/akunq.net\\\/tr\\\/?p=62782#primaryimage\"},\"image\":{\"@id\":\"https:\\\/\\\/akunq.net\\\/tr\\\/?p=62782#primaryimage\"},\"thumbnailUrl\":\"https:\\\/\\\/akunq.net\\\/tr\\\/wp-content\\\/uploads\\\/sites\\\/6\\\/2021\\\/05\\\/Lavrov.jpg\",\"datePublished\":\"2021-05-07T05:57:21+00:00\",\"author\":{\"@id\":\"https:\\\/\\\/akunq.net\\\/tr\\\/#\\\/schema\\\/person\\\/096f1d38a12cce57fb855b485ed24c9e\"},\"breadcrumb\":{\"@id\":\"https:\\\/\\\/akunq.net\\\/tr\\\/?p=62782#breadcrumb\"},\"inLanguage\":\"en-US\",\"potentialAction\":[{\"@type\":\"ReadAction\",\"target\":[\"https:\\\/\\\/akunq.net\\\/tr\\\/?p=62782\"]}]},{\"@type\":\"ImageObject\",\"inLanguage\":\"en-US\",\"@id\":\"https:\\\/\\\/akunq.net\\\/tr\\\/?p=62782#primaryimage\",\"url\":\"https:\\\/\\\/akunq.net\\\/tr\\\/wp-content\\\/uploads\\\/sites\\\/6\\\/2021\\\/05\\\/Lavrov.jpg\",\"contentUrl\":\"https:\\\/\\\/akunq.net\\\/tr\\\/wp-content\\\/uploads\\\/sites\\\/6\\\/2021\\\/05\\\/Lavrov.jpg\",\"width\":634,\"height\":445},{\"@type\":\"BreadcrumbList\",\"@id\":\"https:\\\/\\\/akunq.net\\\/tr\\\/?p=62782#breadcrumb\",\"itemListElement\":[{\"@type\":\"ListItem\",\"position\":1,\"name\":\"Home\",\"item\":\"https:\\\/\\\/akunq.net\\\/tr\"},{\"@type\":\"ListItem\",\"position\":2,\"name\":\"Rusya D\u0131\u015fi\u015fleri Bakan\u0131, Ermeni Soyk\u0131r\u0131m\u0131 An\u0131t Kompleksi\u2019ni ziyaret etti\"}]},{\"@type\":\"WebSite\",\"@id\":\"https:\\\/\\\/akunq.net\\\/tr\\\/#website\",\"url\":\"https:\\\/\\\/akunq.net\\\/tr\\\/\",\"name\":\"Bati Ermenistan Ve Bati Ermenileri Sorunlari Ara\u015ftirmalar Merkezi\",\"description\":\"\",\"potentialAction\":[{\"@type\":\"SearchAction\",\"target\":{\"@type\":\"EntryPoint\",\"urlTemplate\":\"https:\\\/\\\/akunq.net\\\/tr\\\/?s={search_term_string}\"},\"query-input\":{\"@type\":\"PropertyValueSpecification\",\"valueRequired\":true,\"valueName\":\"search_term_string\"}}],\"inLanguage\":\"en-US\"},{\"@type\":\"Person\",\"@id\":\"https:\\\/\\\/akunq.net\\\/tr\\\/#\\\/schema\\\/person\\\/096f1d38a12cce57fb855b485ed24c9e\",\"name\":\"admin\",\"url\":\"https:\\\/\\\/akunq.net\\\/tr\\\/?author=7\"}]}<\/script>\n<!-- \/ Yoast SEO plugin. -->","yoast_head_json":{"title":"Rusya D\u0131\u015fi\u015fleri Bakan\u0131, Ermeni Soyk\u0131r\u0131m\u0131 An\u0131t Kompleksi\u2019ni ziyaret etti - Bati Ermenistan Ve Bati Ermenileri Sorunlari Ara\u015ftirmalar Merkezi","robots":{"index":"index","follow":"follow","max-snippet":"max-snippet:-1","max-image-preview":"max-image-preview:large","max-video-preview":"max-video-preview:-1"},"canonical":"https:\/\/akunq.net\/tr\/?p=62782","og_locale":"en_US","og_type":"article","og_title":"Rusya D\u0131\u015fi\u015fleri Bakan\u0131, Ermeni Soyk\u0131r\u0131m\u0131 An\u0131t Kompleksi\u2019ni ziyaret etti - Bati Ermenistan Ve Bati Ermenileri Sorunlari Ara\u015ftirmalar Merkezi","og_description":"Rusya D\u0131\u015fi\u015fleri Bakan\u0131 Sergey Lavrov, 6 May\u0131s tarihinde Ermeni Soyk\u0131r\u0131m\u0131 An\u0131t Kompleksi Tsitsernakaberd\u2019i ziyaret etti. Soyk\u0131r\u0131m\u2019\u0131n masum kurbanlar\u0131n\u0131n an\u0131s\u0131na sayg\u0131 duru\u015funda bulunan Lavrov, s\u00f6nmez ate\u015fin yan\u0131na \u00e7i\u00e7ek b\u0131rakt\u0131. Rusya D\u0131\u015fi\u015fleri Bakan\u0131, 2007 y\u0131l\u0131nda dikti\u011fi ladin a\u011fac\u0131n\u0131 da sulad\u0131. Daha \u00f6nce en son 11 Kas\u0131m 2019\u2019da Ermeni Soyk\u0131r\u0131m\u0131 An\u0131t Kompleksi\u2019ni ziyaret etmi\u015f olan Lavrov\u2019un Ermenistan\u2019a yapt\u0131\u011f\u0131 [&hellip;]","og_url":"https:\/\/akunq.net\/tr\/?p=62782","og_site_name":"Bati Ermenistan Ve Bati Ermenileri Sorunlari Ara\u015ftirmalar Merkezi","article_published_time":"2021-05-07T05:57:21+00:00","og_image":[{"width":634,"height":445,"url":"https:\/\/akunq.net\/tr\/wp-content\/uploads\/sites\/6\/2021\/05\/Lavrov.jpg","type":"image\/jpeg"}],"author":"admin","twitter_card":"summary_large_image","twitter_misc":{"Written by":"admin","Est. reading time":"1 minute"},"schema":{"@context":"https:\/\/schema.org","@graph":[{"@type":"Article","@id":"https:\/\/akunq.net\/tr\/?p=62782#article","isPartOf":{"@id":"https:\/\/akunq.net\/tr\/?p=62782"},"author":{"name":"admin","@id":"https:\/\/akunq.net\/tr\/#\/schema\/person\/096f1d38a12cce57fb855b485ed24c9e"},"headline":"Rusya D\u0131\u015fi\u015fleri Bakan\u0131, Ermeni Soyk\u0131r\u0131m\u0131 An\u0131t Kompleksi\u2019ni ziyaret etti","datePublished":"2021-05-07T05:57:21+00:00","mainEntityOfPage":{"@id":"https:\/\/akunq.net\/tr\/?p=62782"},"wordCount":152,"commentCount":0,"image":{"@id":"https:\/\/akunq.net\/tr\/?p=62782#primaryimage"},"thumbnailUrl":"https:\/\/akunq.net\/tr\/wp-content\/uploads\/sites\/6\/2021\/05\/Lavrov.jpg","articleSection":["Ermeni Soyk\u0131r\u0131m\u0131","Haberler"],"inLanguage":"en-US","potentialAction":[{"@type":"CommentAction","name":"Comment","target":["https:\/\/akunq.net\/tr\/?p=62782#respond"]}]},{"@type":"WebPage","@id":"https:\/\/akunq.net\/tr\/?p=62782","url":"https:\/\/akunq.net\/tr\/?p=62782","name":"Rusya D\u0131\u015fi\u015fleri Bakan\u0131, Ermeni Soyk\u0131r\u0131m\u0131 An\u0131t Kompleksi\u2019ni ziyaret etti - Bati Ermenistan Ve Bati Ermenileri Sorunlari Ara\u015ftirmalar Merkezi","isPartOf":{"@id":"https:\/\/akunq.net\/tr\/#website"},"primaryImageOfPage":{"@id":"https:\/\/akunq.net\/tr\/?p=62782#primaryimage"},"image":{"@id":"https:\/\/akunq.net\/tr\/?p=62782#primaryimage"},"thumbnailUrl":"https:\/\/akunq.net\/tr\/wp-content\/uploads\/sites\/6\/2021\/05\/Lavrov.jpg","datePublished":"2021-05-07T05:57:21+00:00","author":{"@id":"https:\/\/akunq.net\/tr\/#\/schema\/person\/096f1d38a12cce57fb855b485ed24c9e"},"breadcrumb":{"@id":"https:\/\/akunq.net\/tr\/?p=62782#breadcrumb"},"inLanguage":"en-US","potentialAction":[{"@type":"ReadAction","target":["https:\/\/akunq.net\/tr\/?p=62782"]}]},{"@type":"ImageObject","inLanguage":"en-US","@id":"https:\/\/akunq.net\/tr\/?p=62782#primaryimage","url":"https:\/\/akunq.net\/tr\/wp-content\/uploads\/sites\/6\/2021\/05\/Lavrov.jpg","contentUrl":"https:\/\/akunq.net\/tr\/wp-content\/uploads\/sites\/6\/2021\/05\/Lavrov.jpg","width":634,"height":445},{"@type":"BreadcrumbList","@id":"https:\/\/akunq.net\/tr\/?p=62782#breadcrumb","itemListElement":[{"@type":"ListItem","position":1,"name":"Home","item":"https:\/\/akunq.net\/tr"},{"@type":"ListItem","position":2,"name":"Rusya D\u0131\u015fi\u015fleri Bakan\u0131, Ermeni Soyk\u0131r\u0131m\u0131 An\u0131t Kompleksi\u2019ni ziyaret etti"}]},{"@type":"WebSite","@id":"https:\/\/akunq.net\/tr\/#website","url":"https:\/\/akunq.net\/tr\/","name":"Bati Ermenistan Ve Bati Ermenileri Sorunlari Ara\u015ftirmalar Merkezi","description":"","potentialAction":[{"@type":"SearchAction","target":{"@type":"EntryPoint","urlTemplate":"https:\/\/akunq.net\/tr\/?s={search_term_string}"},"query-input":{"@type":"PropertyValueSpecification","valueRequired":true,"valueName":"search_term_string"}}],"inLanguage":"en-US"},{"@type":"Person","@id":"https:\/\/akunq.net\/tr\/#\/schema\/person\/096f1d38a12cce57fb855b485ed24c9e","name":"admin","url":"https:\/\/akunq.net\/tr\/?author=7"}]}},"_links":{"self":[{"href":"https:\/\/akunq.net\/tr\/index.php?rest_route=\/wp\/v2\/posts\/62782","targetHints":{"allow":["GET"]}}],"collection":[{"href":"https:\/\/akunq.net\/tr\/index.php?rest_route=\/wp\/v2\/posts"}],"about":[{"href":"https:\/\/akunq.net\/tr\/index.php?rest_route=\/wp\/v2\/types\/post"}],"author":[{"embeddable":true,"href":"https:\/\/akunq.net\/tr\/index.php?rest_route=\/wp\/v2\/users\/7"}],"replies":[{"embeddable":true,"href":"https:\/\/akunq.net\/tr\/index.php?rest_route=%2Fwp%2Fv2%2Fcomments&post=62782"}],"version-history":[{"count":1,"href":"https:\/\/akunq.net\/tr\/index.php?rest_route=\/wp\/v2\/posts\/62782\/revisions"}],"predecessor-version":[{"id":62784,"href":"https:\/\/akunq.net\/tr\/index.php?rest_route=\/wp\/v2\/posts\/62782\/revisions\/62784"}],"wp:featuredmedia":[{"embeddable":true,"href":"https:\/\/akunq.net\/tr\/index.php?rest_route=\/wp\/v2\/media\/62783"}],"wp:attachment":[{"href":"https:\/\/akunq.net\/tr\/index.php?rest_route=%2Fwp%2Fv2%2Fmedia&parent=62782"}],"wp:term":[{"taxonomy":"category","embeddable":true,"href":"https:\/\/akunq.net\/tr\/index.php?rest_route=%2Fwp%2Fv2%2Fcategories&post=62782"},{"taxonomy":"post_tag","embeddable":true,"href":"https:\/\/akunq.net\/tr\/index.php?rest_route=%2Fwp%2Fv2%2Ftags&post=62782"}],"curies":[{"name":"wp","href":"https:\/\/api.w.org\/{rel}","templated":true}]}}