{"id":62779,"date":"2021-05-07T00:51:19","date_gmt":"2021-05-07T05:51:19","guid":{"rendered":"https:\/\/akunq.net\/tr\/?p=62779"},"modified":"2021-05-07T00:51:19","modified_gmt":"2021-05-07T05:51:19","slug":"letonya-parlamentosu-ermeni-soykirimini-tanidi-ve-kinadi","status":"publish","type":"post","link":"https:\/\/akunq.net\/tr\/?p=62779","title":{"rendered":"Letonya Parlamentosu Ermeni Soyk\u0131r\u0131m\u0131&#8217;n\u0131 tan\u0131d\u0131 ve k\u0131nad\u0131"},"content":{"rendered":"<p><img loading=\"lazy\" decoding=\"async\" class=\"aligncenter size-medium wp-image-62780\" src=\"https:\/\/akunq.net\/tr\/wp-content\/uploads\/2021\/05\/Letonya-Parlamentosu-360x242.jpg\" alt=\"\" width=\"360\" height=\"242\" srcset=\"https:\/\/akunq.net\/tr\/wp-content\/uploads\/sites\/6\/2021\/05\/Letonya-Parlamentosu-360x242.jpg 360w, https:\/\/akunq.net\/tr\/wp-content\/uploads\/sites\/6\/2021\/05\/Letonya-Parlamentosu-560x376.jpg 560w, https:\/\/akunq.net\/tr\/wp-content\/uploads\/sites\/6\/2021\/05\/Letonya-Parlamentosu-260x175.jpg 260w, https:\/\/akunq.net\/tr\/wp-content\/uploads\/sites\/6\/2021\/05\/Letonya-Parlamentosu-160x107.jpg 160w, https:\/\/akunq.net\/tr\/wp-content\/uploads\/sites\/6\/2021\/05\/Letonya-Parlamentosu.jpg 670w\" sizes=\"auto, (max-width: 360px) 100vw, 360px\" \/><\/p>\n<p><em><strong>Letonya, Litvanya ve Estonya\u2019da Ermenistan B\u00fcy\u00fckel\u00e7isi Tigran Mkrt\u00e7yan, Letonya\u2019n\u0131n Ermeni Soyk\u0131r\u0131m\u0131\u2019n\u0131 resmen tan\u0131yarak k\u0131nad\u0131\u011f\u0131n\u0131 duyurdu.<\/strong><\/em><\/p>\n<p>Mkrt\u00e7yan, \u201cLetonya nihayet Ermeni Soyk\u0131r\u0131m\u0131\u2019n\u0131 tan\u0131d\u0131 ve k\u0131nad\u0131. Seimas\u2019\u0131n 100 \u00fcyelerinden 58\u2019i. Y\u0131llar \u00f6nce hayal edemedi\u011fimiz \u015fey ger\u00e7ek oldu\u201d ifadelerini kulland\u0131.<\/p>\n<p>Hen\u00fcz 24 Nisan 2020\u2019de Letonya Parlamentosu\u2019nda temsil edilen ve iktidardaki koalisyon \u00fcyeleri olan Yeni Muhafazakarlar ve Geli\u015ftirmeye Evet! partileri, zaten Ermeni Soyk\u0131r\u0131m\u0131\u2019n\u0131 tan\u0131yan ve k\u0131nayan a\u00e7\u0131klamalar yapm\u0131\u015ft\u0131.<\/p>\n<p>Bu partilerin ve Mutabakat patisi temsilcilerinin kat\u0131l\u0131m\u0131yla \u015eubat 2021\u2019den itibaren Ermeni Soyk\u0131r\u0131m\u0131\u2019n\u0131 tan\u0131ma s\u00fcreci ba\u015flat\u0131ld\u0131 ve sonu\u00e7 olarak 23 Nisan\u2019da Ermen Soyk\u0131r\u0131m\u0131 hakk\u0131nda bir karar\u2013a\u00e7\u0131klama yay\u0131nland\u0131.<\/p>\n<p>29 Nisan\u2019da Parlamento\u2019ya sunulan ve baz\u0131 de\u011fi\u015fikliklerin yap\u0131lmas\u0131 i\u00e7in bir haftayla ertelendikten sonra kabul edilen kararda, 24 Nisan 1915\u2019te Konstantiniyye\u2019de Ermeni toplumunun ayd\u0131nlar\u0131n\u0131n ve \u00f6nde gelen isimlerin tutuklamas\u0131yla ba\u015flayan Ermeni Soyk\u0131r\u0131m\u0131\u2019n\u0131n t\u00fcm kurbanlar\u0131 sayg\u0131yla an\u0131ld\u0131.<\/p>\n<p>Kararda, \u201cLetonya, insanl\u0131\u011fa kar\u015f\u0131 i\u015flenen t\u00fcm su\u00e7lar\u0131 k\u0131n\u0131yor ve bu su\u00e7lar\u0131n tekrar olunmas\u0131n\u0131 engellemek hedefiyle bunlar\u0131 tan\u0131ma ve anma y\u00f6n\u00fcndeki kendi sorumlulu\u011funu anl\u0131yor.Tarihi konularda a\u00e7\u0131k ve serbest konu\u015fmalar\u0131n yap\u0131lmas\u0131n\u0131n, sa\u011fl\u0131kl\u0131 ve olgun bir demokrasinin ayr\u0131lmaz bir pasr\u00e7as\u0131 oldu\u011funu teyit ediyor.<\/p>\n<p>Uluslararas\u0131 camiay\u0131, bu tarihi ger\u00e7e\u011fin ad\u0131n\u0131 koymaya ve kurmak istedi\u011fimiz \u015fiddet ve tahamm\u00fcls\u00fczl\u00fc\u011f\u00fcn olmayaca\u011f\u0131, insan haklar\u0131na sayg\u0131 g\u00f6sterilece\u011fi, her bireyin \u00f6zg\u00fcr ve g\u00fcvende olaca\u011f\u0131 bir gelece\u011fe bakmaya \u00e7a\u011f\u0131r\u0131yor\u201d ifadelerine yer verildi.<\/p>\n<p><em><strong>https:\/\/www.ermenihaber.am\/tr\/news\/2021\/05\/06\/Letonya-Ermeni-Soyk%C4%B1r%C4%B1m%C4%B1\/207458\u00a0<\/strong><\/em><\/p>\n","protected":false},"excerpt":{"rendered":"<p>Letonya, Litvanya ve Estonya\u2019da Ermenistan B\u00fcy\u00fckel\u00e7isi Tigran Mkrt\u00e7yan, Letonya\u2019n\u0131n Ermeni Soyk\u0131r\u0131m\u0131\u2019n\u0131 resmen tan\u0131yarak k\u0131nad\u0131\u011f\u0131n\u0131 duyurdu. Mkrt\u00e7yan, \u201cLetonya nihayet Ermeni Soyk\u0131r\u0131m\u0131\u2019n\u0131 tan\u0131d\u0131 ve k\u0131nad\u0131. Seimas\u2019\u0131n 100 \u00fcyelerinden 58\u2019i. Y\u0131llar \u00f6nce hayal edemedi\u011fimiz \u015fey ger\u00e7ek oldu\u201d ifadelerini kulland\u0131. Hen\u00fcz 24 Nisan 2020\u2019de Letonya Parlamentosu\u2019nda temsil edilen ve iktidardaki koalisyon \u00fcyeleri olan Yeni Muhafazakarlar ve Geli\u015ftirmeye Evet! partileri, [&hellip;]<\/p>\n","protected":false},"author":7,"featured_media":62780,"comment_status":"open","ping_status":"open","sticky":false,"template":"","format":"standard","meta":{"footnotes":""},"categories":[44,1],"tags":[],"class_list":["post-62779","post","type-post","status-publish","format-standard","has-post-thumbnail","hentry","category-ermeni-soykirimi","category-haberler"],"yoast_head":"<!-- This site is optimized with the Yoast SEO plugin v27.4 - https:\/\/yoast.com\/product\/yoast-seo-wordpress\/ -->\n<title>Letonya Parlamentosu Ermeni Soyk\u0131r\u0131m\u0131&#039;n\u0131 tan\u0131d\u0131 ve k\u0131nad\u0131 - Bati Ermenistan Ve Bati Ermenileri Sorunlari Ara\u015ftirmalar Merkezi<\/title>\n<meta name=\"robots\" content=\"index, follow, max-snippet:-1, max-image-preview:large, max-video-preview:-1\" \/>\n<link rel=\"canonical\" href=\"https:\/\/akunq.net\/tr\/?p=62779\" \/>\n<meta property=\"og:locale\" content=\"en_US\" \/>\n<meta property=\"og:type\" content=\"article\" \/>\n<meta property=\"og:title\" content=\"Letonya Parlamentosu Ermeni Soyk\u0131r\u0131m\u0131&#039;n\u0131 tan\u0131d\u0131 ve k\u0131nad\u0131 - Bati Ermenistan Ve Bati Ermenileri Sorunlari Ara\u015ftirmalar Merkezi\" \/>\n<meta property=\"og:description\" content=\"Letonya, Litvanya ve Estonya\u2019da Ermenistan B\u00fcy\u00fckel\u00e7isi Tigran Mkrt\u00e7yan, Letonya\u2019n\u0131n Ermeni Soyk\u0131r\u0131m\u0131\u2019n\u0131 resmen tan\u0131yarak k\u0131nad\u0131\u011f\u0131n\u0131 duyurdu. Mkrt\u00e7yan, \u201cLetonya nihayet Ermeni Soyk\u0131r\u0131m\u0131\u2019n\u0131 tan\u0131d\u0131 ve k\u0131nad\u0131. Seimas\u2019\u0131n 100 \u00fcyelerinden 58\u2019i. Y\u0131llar \u00f6nce hayal edemedi\u011fimiz \u015fey ger\u00e7ek oldu\u201d ifadelerini kulland\u0131. Hen\u00fcz 24 Nisan 2020\u2019de Letonya Parlamentosu\u2019nda temsil edilen ve iktidardaki koalisyon \u00fcyeleri olan Yeni Muhafazakarlar ve Geli\u015ftirmeye Evet! partileri, [&hellip;]\" \/>\n<meta property=\"og:url\" content=\"https:\/\/akunq.net\/tr\/?p=62779\" \/>\n<meta property=\"og:site_name\" content=\"Bati Ermenistan Ve Bati Ermenileri Sorunlari Ara\u015ftirmalar Merkezi\" \/>\n<meta property=\"article:published_time\" content=\"2021-05-07T05:51:19+00:00\" \/>\n<meta property=\"og:image\" content=\"https:\/\/akunq.net\/tr\/wp-content\/uploads\/sites\/6\/2021\/05\/Letonya-Parlamentosu.jpg\" \/>\n\t<meta property=\"og:image:width\" content=\"670\" \/>\n\t<meta property=\"og:image:height\" content=\"450\" \/>\n\t<meta property=\"og:image:type\" content=\"image\/jpeg\" \/>\n<meta name=\"author\" content=\"admin\" \/>\n<meta name=\"twitter:card\" content=\"summary_large_image\" \/>\n<meta name=\"twitter:label1\" content=\"Written by\" \/>\n\t<meta name=\"twitter:data1\" content=\"admin\" \/>\n\t<meta name=\"twitter:label2\" content=\"Est. reading time\" \/>\n\t<meta name=\"twitter:data2\" content=\"2 minutes\" \/>\n<script type=\"application\/ld+json\" class=\"yoast-schema-graph\">{\"@context\":\"https:\\\/\\\/schema.org\",\"@graph\":[{\"@type\":\"Article\",\"@id\":\"https:\\\/\\\/akunq.net\\\/tr\\\/?p=62779#article\",\"isPartOf\":{\"@id\":\"https:\\\/\\\/akunq.net\\\/tr\\\/?p=62779\"},\"author\":{\"name\":\"admin\",\"@id\":\"https:\\\/\\\/akunq.net\\\/tr\\\/#\\\/schema\\\/person\\\/096f1d38a12cce57fb855b485ed24c9e\"},\"headline\":\"Letonya Parlamentosu Ermeni Soyk\u0131r\u0131m\u0131&#8217;n\u0131 tan\u0131d\u0131 ve k\u0131nad\u0131\",\"datePublished\":\"2021-05-07T05:51:19+00:00\",\"mainEntityOfPage\":{\"@id\":\"https:\\\/\\\/akunq.net\\\/tr\\\/?p=62779\"},\"wordCount\":327,\"commentCount\":0,\"image\":{\"@id\":\"https:\\\/\\\/akunq.net\\\/tr\\\/?p=62779#primaryimage\"},\"thumbnailUrl\":\"https:\\\/\\\/akunq.net\\\/tr\\\/wp-content\\\/uploads\\\/sites\\\/6\\\/2021\\\/05\\\/Letonya-Parlamentosu.jpg\",\"articleSection\":[\"Ermeni Soyk\u0131r\u0131m\u0131\",\"Haberler\"],\"inLanguage\":\"en-US\",\"potentialAction\":[{\"@type\":\"CommentAction\",\"name\":\"Comment\",\"target\":[\"https:\\\/\\\/akunq.net\\\/tr\\\/?p=62779#respond\"]}]},{\"@type\":\"WebPage\",\"@id\":\"https:\\\/\\\/akunq.net\\\/tr\\\/?p=62779\",\"url\":\"https:\\\/\\\/akunq.net\\\/tr\\\/?p=62779\",\"name\":\"Letonya Parlamentosu Ermeni Soyk\u0131r\u0131m\u0131'n\u0131 tan\u0131d\u0131 ve k\u0131nad\u0131 - Bati Ermenistan Ve Bati Ermenileri Sorunlari Ara\u015ftirmalar Merkezi\",\"isPartOf\":{\"@id\":\"https:\\\/\\\/akunq.net\\\/tr\\\/#website\"},\"primaryImageOfPage\":{\"@id\":\"https:\\\/\\\/akunq.net\\\/tr\\\/?p=62779#primaryimage\"},\"image\":{\"@id\":\"https:\\\/\\\/akunq.net\\\/tr\\\/?p=62779#primaryimage\"},\"thumbnailUrl\":\"https:\\\/\\\/akunq.net\\\/tr\\\/wp-content\\\/uploads\\\/sites\\\/6\\\/2021\\\/05\\\/Letonya-Parlamentosu.jpg\",\"datePublished\":\"2021-05-07T05:51:19+00:00\",\"author\":{\"@id\":\"https:\\\/\\\/akunq.net\\\/tr\\\/#\\\/schema\\\/person\\\/096f1d38a12cce57fb855b485ed24c9e\"},\"breadcrumb\":{\"@id\":\"https:\\\/\\\/akunq.net\\\/tr\\\/?p=62779#breadcrumb\"},\"inLanguage\":\"en-US\",\"potentialAction\":[{\"@type\":\"ReadAction\",\"target\":[\"https:\\\/\\\/akunq.net\\\/tr\\\/?p=62779\"]}]},{\"@type\":\"ImageObject\",\"inLanguage\":\"en-US\",\"@id\":\"https:\\\/\\\/akunq.net\\\/tr\\\/?p=62779#primaryimage\",\"url\":\"https:\\\/\\\/akunq.net\\\/tr\\\/wp-content\\\/uploads\\\/sites\\\/6\\\/2021\\\/05\\\/Letonya-Parlamentosu.jpg\",\"contentUrl\":\"https:\\\/\\\/akunq.net\\\/tr\\\/wp-content\\\/uploads\\\/sites\\\/6\\\/2021\\\/05\\\/Letonya-Parlamentosu.jpg\",\"width\":670,\"height\":450},{\"@type\":\"BreadcrumbList\",\"@id\":\"https:\\\/\\\/akunq.net\\\/tr\\\/?p=62779#breadcrumb\",\"itemListElement\":[{\"@type\":\"ListItem\",\"position\":1,\"name\":\"Home\",\"item\":\"https:\\\/\\\/akunq.net\\\/tr\"},{\"@type\":\"ListItem\",\"position\":2,\"name\":\"Letonya Parlamentosu Ermeni Soyk\u0131r\u0131m\u0131&#8217;n\u0131 tan\u0131d\u0131 ve k\u0131nad\u0131\"}]},{\"@type\":\"WebSite\",\"@id\":\"https:\\\/\\\/akunq.net\\\/tr\\\/#website\",\"url\":\"https:\\\/\\\/akunq.net\\\/tr\\\/\",\"name\":\"Bati Ermenistan Ve Bati Ermenileri Sorunlari Ara\u015ftirmalar Merkezi\",\"description\":\"\",\"potentialAction\":[{\"@type\":\"SearchAction\",\"target\":{\"@type\":\"EntryPoint\",\"urlTemplate\":\"https:\\\/\\\/akunq.net\\\/tr\\\/?s={search_term_string}\"},\"query-input\":{\"@type\":\"PropertyValueSpecification\",\"valueRequired\":true,\"valueName\":\"search_term_string\"}}],\"inLanguage\":\"en-US\"},{\"@type\":\"Person\",\"@id\":\"https:\\\/\\\/akunq.net\\\/tr\\\/#\\\/schema\\\/person\\\/096f1d38a12cce57fb855b485ed24c9e\",\"name\":\"admin\",\"url\":\"https:\\\/\\\/akunq.net\\\/tr\\\/?author=7\"}]}<\/script>\n<!-- \/ Yoast SEO plugin. -->","yoast_head_json":{"title":"Letonya Parlamentosu Ermeni Soyk\u0131r\u0131m\u0131'n\u0131 tan\u0131d\u0131 ve k\u0131nad\u0131 - Bati Ermenistan Ve Bati Ermenileri Sorunlari Ara\u015ftirmalar Merkezi","robots":{"index":"index","follow":"follow","max-snippet":"max-snippet:-1","max-image-preview":"max-image-preview:large","max-video-preview":"max-video-preview:-1"},"canonical":"https:\/\/akunq.net\/tr\/?p=62779","og_locale":"en_US","og_type":"article","og_title":"Letonya Parlamentosu Ermeni Soyk\u0131r\u0131m\u0131'n\u0131 tan\u0131d\u0131 ve k\u0131nad\u0131 - Bati Ermenistan Ve Bati Ermenileri Sorunlari Ara\u015ftirmalar Merkezi","og_description":"Letonya, Litvanya ve Estonya\u2019da Ermenistan B\u00fcy\u00fckel\u00e7isi Tigran Mkrt\u00e7yan, Letonya\u2019n\u0131n Ermeni Soyk\u0131r\u0131m\u0131\u2019n\u0131 resmen tan\u0131yarak k\u0131nad\u0131\u011f\u0131n\u0131 duyurdu. Mkrt\u00e7yan, \u201cLetonya nihayet Ermeni Soyk\u0131r\u0131m\u0131\u2019n\u0131 tan\u0131d\u0131 ve k\u0131nad\u0131. Seimas\u2019\u0131n 100 \u00fcyelerinden 58\u2019i. Y\u0131llar \u00f6nce hayal edemedi\u011fimiz \u015fey ger\u00e7ek oldu\u201d ifadelerini kulland\u0131. Hen\u00fcz 24 Nisan 2020\u2019de Letonya Parlamentosu\u2019nda temsil edilen ve iktidardaki koalisyon \u00fcyeleri olan Yeni Muhafazakarlar ve Geli\u015ftirmeye Evet! partileri, [&hellip;]","og_url":"https:\/\/akunq.net\/tr\/?p=62779","og_site_name":"Bati Ermenistan Ve Bati Ermenileri Sorunlari Ara\u015ftirmalar Merkezi","article_published_time":"2021-05-07T05:51:19+00:00","og_image":[{"width":670,"height":450,"url":"https:\/\/akunq.net\/tr\/wp-content\/uploads\/sites\/6\/2021\/05\/Letonya-Parlamentosu.jpg","type":"image\/jpeg"}],"author":"admin","twitter_card":"summary_large_image","twitter_misc":{"Written by":"admin","Est. reading time":"2 minutes"},"schema":{"@context":"https:\/\/schema.org","@graph":[{"@type":"Article","@id":"https:\/\/akunq.net\/tr\/?p=62779#article","isPartOf":{"@id":"https:\/\/akunq.net\/tr\/?p=62779"},"author":{"name":"admin","@id":"https:\/\/akunq.net\/tr\/#\/schema\/person\/096f1d38a12cce57fb855b485ed24c9e"},"headline":"Letonya Parlamentosu Ermeni Soyk\u0131r\u0131m\u0131&#8217;n\u0131 tan\u0131d\u0131 ve k\u0131nad\u0131","datePublished":"2021-05-07T05:51:19+00:00","mainEntityOfPage":{"@id":"https:\/\/akunq.net\/tr\/?p=62779"},"wordCount":327,"commentCount":0,"image":{"@id":"https:\/\/akunq.net\/tr\/?p=62779#primaryimage"},"thumbnailUrl":"https:\/\/akunq.net\/tr\/wp-content\/uploads\/sites\/6\/2021\/05\/Letonya-Parlamentosu.jpg","articleSection":["Ermeni Soyk\u0131r\u0131m\u0131","Haberler"],"inLanguage":"en-US","potentialAction":[{"@type":"CommentAction","name":"Comment","target":["https:\/\/akunq.net\/tr\/?p=62779#respond"]}]},{"@type":"WebPage","@id":"https:\/\/akunq.net\/tr\/?p=62779","url":"https:\/\/akunq.net\/tr\/?p=62779","name":"Letonya Parlamentosu Ermeni Soyk\u0131r\u0131m\u0131'n\u0131 tan\u0131d\u0131 ve k\u0131nad\u0131 - Bati Ermenistan Ve Bati Ermenileri Sorunlari Ara\u015ftirmalar Merkezi","isPartOf":{"@id":"https:\/\/akunq.net\/tr\/#website"},"primaryImageOfPage":{"@id":"https:\/\/akunq.net\/tr\/?p=62779#primaryimage"},"image":{"@id":"https:\/\/akunq.net\/tr\/?p=62779#primaryimage"},"thumbnailUrl":"https:\/\/akunq.net\/tr\/wp-content\/uploads\/sites\/6\/2021\/05\/Letonya-Parlamentosu.jpg","datePublished":"2021-05-07T05:51:19+00:00","author":{"@id":"https:\/\/akunq.net\/tr\/#\/schema\/person\/096f1d38a12cce57fb855b485ed24c9e"},"breadcrumb":{"@id":"https:\/\/akunq.net\/tr\/?p=62779#breadcrumb"},"inLanguage":"en-US","potentialAction":[{"@type":"ReadAction","target":["https:\/\/akunq.net\/tr\/?p=62779"]}]},{"@type":"ImageObject","inLanguage":"en-US","@id":"https:\/\/akunq.net\/tr\/?p=62779#primaryimage","url":"https:\/\/akunq.net\/tr\/wp-content\/uploads\/sites\/6\/2021\/05\/Letonya-Parlamentosu.jpg","contentUrl":"https:\/\/akunq.net\/tr\/wp-content\/uploads\/sites\/6\/2021\/05\/Letonya-Parlamentosu.jpg","width":670,"height":450},{"@type":"BreadcrumbList","@id":"https:\/\/akunq.net\/tr\/?p=62779#breadcrumb","itemListElement":[{"@type":"ListItem","position":1,"name":"Home","item":"https:\/\/akunq.net\/tr"},{"@type":"ListItem","position":2,"name":"Letonya Parlamentosu Ermeni Soyk\u0131r\u0131m\u0131&#8217;n\u0131 tan\u0131d\u0131 ve k\u0131nad\u0131"}]},{"@type":"WebSite","@id":"https:\/\/akunq.net\/tr\/#website","url":"https:\/\/akunq.net\/tr\/","name":"Bati Ermenistan Ve Bati Ermenileri Sorunlari Ara\u015ftirmalar Merkezi","description":"","potentialAction":[{"@type":"SearchAction","target":{"@type":"EntryPoint","urlTemplate":"https:\/\/akunq.net\/tr\/?s={search_term_string}"},"query-input":{"@type":"PropertyValueSpecification","valueRequired":true,"valueName":"search_term_string"}}],"inLanguage":"en-US"},{"@type":"Person","@id":"https:\/\/akunq.net\/tr\/#\/schema\/person\/096f1d38a12cce57fb855b485ed24c9e","name":"admin","url":"https:\/\/akunq.net\/tr\/?author=7"}]}},"_links":{"self":[{"href":"https:\/\/akunq.net\/tr\/index.php?rest_route=\/wp\/v2\/posts\/62779","targetHints":{"allow":["GET"]}}],"collection":[{"href":"https:\/\/akunq.net\/tr\/index.php?rest_route=\/wp\/v2\/posts"}],"about":[{"href":"https:\/\/akunq.net\/tr\/index.php?rest_route=\/wp\/v2\/types\/post"}],"author":[{"embeddable":true,"href":"https:\/\/akunq.net\/tr\/index.php?rest_route=\/wp\/v2\/users\/7"}],"replies":[{"embeddable":true,"href":"https:\/\/akunq.net\/tr\/index.php?rest_route=%2Fwp%2Fv2%2Fcomments&post=62779"}],"version-history":[{"count":1,"href":"https:\/\/akunq.net\/tr\/index.php?rest_route=\/wp\/v2\/posts\/62779\/revisions"}],"predecessor-version":[{"id":62781,"href":"https:\/\/akunq.net\/tr\/index.php?rest_route=\/wp\/v2\/posts\/62779\/revisions\/62781"}],"wp:featuredmedia":[{"embeddable":true,"href":"https:\/\/akunq.net\/tr\/index.php?rest_route=\/wp\/v2\/media\/62780"}],"wp:attachment":[{"href":"https:\/\/akunq.net\/tr\/index.php?rest_route=%2Fwp%2Fv2%2Fmedia&parent=62779"}],"wp:term":[{"taxonomy":"category","embeddable":true,"href":"https:\/\/akunq.net\/tr\/index.php?rest_route=%2Fwp%2Fv2%2Fcategories&post=62779"},{"taxonomy":"post_tag","embeddable":true,"href":"https:\/\/akunq.net\/tr\/index.php?rest_route=%2Fwp%2Fv2%2Ftags&post=62779"}],"curies":[{"name":"wp","href":"https:\/\/api.w.org\/{rel}","templated":true}]}}