{"id":62756,"date":"2021-05-06T02:14:43","date_gmt":"2021-05-06T07:14:43","guid":{"rendered":"https:\/\/akunq.net\/tr\/?p=62756"},"modified":"2021-05-06T02:14:43","modified_gmt":"2021-05-06T07:14:43","slug":"erdogan-azinlik-kurumlarindan-yoneticilerle-iftarda-bulustu","status":"publish","type":"post","link":"https:\/\/akunq.net\/tr\/?p=62756","title":{"rendered":"Erdo\u011fan az\u0131nl\u0131k kurumlar\u0131ndan y\u00f6neticilerle iftarda bulu\u015ftu"},"content":{"rendered":"<p><img loading=\"lazy\" decoding=\"async\" class=\"aligncenter size-medium wp-image-62757\" src=\"https:\/\/akunq.net\/tr\/wp-content\/uploads\/2021\/05\/Erdo\u011fan-360x203.jpg\" alt=\"\" width=\"360\" height=\"203\" srcset=\"https:\/\/akunq.net\/tr\/wp-content\/uploads\/sites\/6\/2021\/05\/Erdo\u011fan-360x203.jpg 360w, https:\/\/akunq.net\/tr\/wp-content\/uploads\/sites\/6\/2021\/05\/Erdo\u011fan-768x432.jpg 768w, https:\/\/akunq.net\/tr\/wp-content\/uploads\/sites\/6\/2021\/05\/Erdo\u011fan-560x315.jpg 560w, https:\/\/akunq.net\/tr\/wp-content\/uploads\/sites\/6\/2021\/05\/Erdo\u011fan-260x146.jpg 260w, https:\/\/akunq.net\/tr\/wp-content\/uploads\/sites\/6\/2021\/05\/Erdo\u011fan-160x90.jpg 160w, https:\/\/akunq.net\/tr\/wp-content\/uploads\/sites\/6\/2021\/05\/Erdo\u011fan.jpg 1120w\" sizes=\"auto, (max-width: 360px) 100vw, 360px\" \/><\/p>\n<p><em><strong>Cumhurba\u015fkan\u0131 Erdo\u011fan az\u0131nl\u0131k kurumlar\u0131ndan ruhani ve sivil y\u00f6neticilerle Ankara&#8217;da iftar yeme\u011finde biraraya geldi.<\/strong><\/em><\/p>\n<p>\u00c7ankaya K\u00f6\u015fk\u00fc&#8217;ndeku bulu\u015fmaya Diyanet \u0130\u015fleri Ba\u015fkan\u0131 Ali Erba\u015f da kat\u0131ld\u0131. Bulu\u015fmada \u015fu isimler yer ald\u0131:<\/p>\n<p>Ek\u00fcmenik Patrik Bartholomeos, T\u00fcrkiye Ermenileri Patri\u011fi Sahak Ma\u015falyan,\u00a0\u00a0T\u00fcrkiye Musevileri Hahamba\u015f\u0131 \u0130sak Haleva, S\u00fcryani Metropoliti Yusuf \u00c7etin, T\u00fcrkiye S\u00fcryani Katolik Cemaati Ruhani Lideri Orhan Abdulahad \u00c7anl\u0131, Bal\u0131kl\u0131 Rum Hastanesi Vakf\u0131 Ba\u015fkan\u0131 Konstantin Yuvanidis,\u00a0Surp P\u0131rgi\u00e7 Ermeni Hastanesi Vakf\u0131 Ba\u015fkan\u0131 Bedros \u015eirino\u011flu, T\u00fcrk Musevi Cemaati Ba\u015fkan\u0131 \u0130shak \u0130brahimzadeh, T\u00fcrkiye Hahamba\u015f\u0131l\u0131\u011f\u0131 Vakf\u0131 Ba\u015fkan\u0131 ve T\u00fcrk Yahudi Toplumu E\u015fba\u015fkan\u0131 Erol Kohen, S\u00fcryani Kadim Vakf\u0131 Ba\u015fkan\u0131 Sait Susin,\u00a0S\u00fcryani Katolik Vakf\u0131 Y\u00f6netim Kurulu Ba\u015fkan\u0131 Zeki Basatemir.<\/p>\n<p><em><strong>http:\/\/www.agos.com.tr\/tr\/yazi\/25645\/erdogan-azinlik-kurumlarindan-yoneticilerle-iftarda-bulustu\u00a0<\/strong><\/em><\/p>\n","protected":false},"excerpt":{"rendered":"<p>Cumhurba\u015fkan\u0131 Erdo\u011fan az\u0131nl\u0131k kurumlar\u0131ndan ruhani ve sivil y\u00f6neticilerle Ankara&#8217;da iftar yeme\u011finde biraraya geldi. \u00c7ankaya K\u00f6\u015fk\u00fc&#8217;ndeku bulu\u015fmaya Diyanet \u0130\u015fleri Ba\u015fkan\u0131 Ali Erba\u015f da kat\u0131ld\u0131. Bulu\u015fmada \u015fu isimler yer ald\u0131: Ek\u00fcmenik Patrik Bartholomeos, T\u00fcrkiye Ermenileri Patri\u011fi Sahak Ma\u015falyan,\u00a0\u00a0T\u00fcrkiye Musevileri Hahamba\u015f\u0131 \u0130sak Haleva, S\u00fcryani Metropoliti Yusuf \u00c7etin, T\u00fcrkiye S\u00fcryani Katolik Cemaati Ruhani Lideri Orhan Abdulahad \u00c7anl\u0131, Bal\u0131kl\u0131 Rum [&hellip;]<\/p>\n","protected":false},"author":7,"featured_media":62757,"comment_status":"open","ping_status":"open","sticky":false,"template":"","format":"standard","meta":{"footnotes":""},"categories":[1,53],"tags":[],"class_list":["post-62756","post","type-post","status-publish","format-standard","has-post-thumbnail","hentry","category-haberler","category-turkiyede-azinliklar"],"yoast_head":"<!-- This site is optimized with the Yoast SEO plugin v27.4 - https:\/\/yoast.com\/product\/yoast-seo-wordpress\/ -->\n<title>Erdo\u011fan az\u0131nl\u0131k kurumlar\u0131ndan y\u00f6neticilerle iftarda bulu\u015ftu - Bati Ermenistan Ve Bati Ermenileri Sorunlari Ara\u015ftirmalar Merkezi<\/title>\n<meta name=\"robots\" content=\"index, follow, max-snippet:-1, max-image-preview:large, max-video-preview:-1\" \/>\n<link rel=\"canonical\" href=\"https:\/\/akunq.net\/tr\/?p=62756\" \/>\n<meta property=\"og:locale\" content=\"en_US\" \/>\n<meta property=\"og:type\" content=\"article\" \/>\n<meta property=\"og:title\" content=\"Erdo\u011fan az\u0131nl\u0131k kurumlar\u0131ndan y\u00f6neticilerle iftarda bulu\u015ftu - Bati Ermenistan Ve Bati Ermenileri Sorunlari Ara\u015ftirmalar Merkezi\" \/>\n<meta property=\"og:description\" content=\"Cumhurba\u015fkan\u0131 Erdo\u011fan az\u0131nl\u0131k kurumlar\u0131ndan ruhani ve sivil y\u00f6neticilerle Ankara&#8217;da iftar yeme\u011finde biraraya geldi. \u00c7ankaya K\u00f6\u015fk\u00fc&#8217;ndeku bulu\u015fmaya Diyanet \u0130\u015fleri Ba\u015fkan\u0131 Ali Erba\u015f da kat\u0131ld\u0131. Bulu\u015fmada \u015fu isimler yer ald\u0131: Ek\u00fcmenik Patrik Bartholomeos, T\u00fcrkiye Ermenileri Patri\u011fi Sahak Ma\u015falyan,\u00a0\u00a0T\u00fcrkiye Musevileri Hahamba\u015f\u0131 \u0130sak Haleva, S\u00fcryani Metropoliti Yusuf \u00c7etin, T\u00fcrkiye S\u00fcryani Katolik Cemaati Ruhani Lideri Orhan Abdulahad \u00c7anl\u0131, Bal\u0131kl\u0131 Rum [&hellip;]\" \/>\n<meta property=\"og:url\" content=\"https:\/\/akunq.net\/tr\/?p=62756\" \/>\n<meta property=\"og:site_name\" content=\"Bati Ermenistan Ve Bati Ermenileri Sorunlari Ara\u015ftirmalar Merkezi\" \/>\n<meta property=\"article:published_time\" content=\"2021-05-06T07:14:43+00:00\" \/>\n<meta property=\"og:image\" content=\"https:\/\/akunq.net\/tr\/wp-content\/uploads\/sites\/6\/2021\/05\/Erdo\u011fan.jpg\" \/>\n\t<meta property=\"og:image:width\" content=\"1120\" \/>\n\t<meta property=\"og:image:height\" content=\"630\" \/>\n\t<meta property=\"og:image:type\" content=\"image\/jpeg\" \/>\n<meta name=\"author\" content=\"admin\" \/>\n<meta name=\"twitter:card\" content=\"summary_large_image\" \/>\n<meta name=\"twitter:label1\" content=\"Written by\" \/>\n\t<meta name=\"twitter:data1\" content=\"admin\" \/>\n\t<meta name=\"twitter:label2\" content=\"Est. reading time\" \/>\n\t<meta name=\"twitter:data2\" content=\"1 minute\" \/>\n<script type=\"application\/ld+json\" class=\"yoast-schema-graph\">{\"@context\":\"https:\\\/\\\/schema.org\",\"@graph\":[{\"@type\":\"Article\",\"@id\":\"https:\\\/\\\/akunq.net\\\/tr\\\/?p=62756#article\",\"isPartOf\":{\"@id\":\"https:\\\/\\\/akunq.net\\\/tr\\\/?p=62756\"},\"author\":{\"name\":\"admin\",\"@id\":\"https:\\\/\\\/akunq.net\\\/tr\\\/#\\\/schema\\\/person\\\/096f1d38a12cce57fb855b485ed24c9e\"},\"headline\":\"Erdo\u011fan az\u0131nl\u0131k kurumlar\u0131ndan y\u00f6neticilerle iftarda bulu\u015ftu\",\"datePublished\":\"2021-05-06T07:14:43+00:00\",\"mainEntityOfPage\":{\"@id\":\"https:\\\/\\\/akunq.net\\\/tr\\\/?p=62756\"},\"wordCount\":159,\"commentCount\":0,\"image\":{\"@id\":\"https:\\\/\\\/akunq.net\\\/tr\\\/?p=62756#primaryimage\"},\"thumbnailUrl\":\"https:\\\/\\\/akunq.net\\\/tr\\\/wp-content\\\/uploads\\\/sites\\\/6\\\/2021\\\/05\\\/Erdo\u011fan.jpg\",\"articleSection\":[\"Haberler\",\"T\u00fcrkiye\u2019de Az\u0131nl\u0131klar\"],\"inLanguage\":\"en-US\",\"potentialAction\":[{\"@type\":\"CommentAction\",\"name\":\"Comment\",\"target\":[\"https:\\\/\\\/akunq.net\\\/tr\\\/?p=62756#respond\"]}]},{\"@type\":\"WebPage\",\"@id\":\"https:\\\/\\\/akunq.net\\\/tr\\\/?p=62756\",\"url\":\"https:\\\/\\\/akunq.net\\\/tr\\\/?p=62756\",\"name\":\"Erdo\u011fan az\u0131nl\u0131k kurumlar\u0131ndan y\u00f6neticilerle iftarda bulu\u015ftu - Bati Ermenistan Ve Bati Ermenileri Sorunlari Ara\u015ftirmalar Merkezi\",\"isPartOf\":{\"@id\":\"https:\\\/\\\/akunq.net\\\/tr\\\/#website\"},\"primaryImageOfPage\":{\"@id\":\"https:\\\/\\\/akunq.net\\\/tr\\\/?p=62756#primaryimage\"},\"image\":{\"@id\":\"https:\\\/\\\/akunq.net\\\/tr\\\/?p=62756#primaryimage\"},\"thumbnailUrl\":\"https:\\\/\\\/akunq.net\\\/tr\\\/wp-content\\\/uploads\\\/sites\\\/6\\\/2021\\\/05\\\/Erdo\u011fan.jpg\",\"datePublished\":\"2021-05-06T07:14:43+00:00\",\"author\":{\"@id\":\"https:\\\/\\\/akunq.net\\\/tr\\\/#\\\/schema\\\/person\\\/096f1d38a12cce57fb855b485ed24c9e\"},\"breadcrumb\":{\"@id\":\"https:\\\/\\\/akunq.net\\\/tr\\\/?p=62756#breadcrumb\"},\"inLanguage\":\"en-US\",\"potentialAction\":[{\"@type\":\"ReadAction\",\"target\":[\"https:\\\/\\\/akunq.net\\\/tr\\\/?p=62756\"]}]},{\"@type\":\"ImageObject\",\"inLanguage\":\"en-US\",\"@id\":\"https:\\\/\\\/akunq.net\\\/tr\\\/?p=62756#primaryimage\",\"url\":\"https:\\\/\\\/akunq.net\\\/tr\\\/wp-content\\\/uploads\\\/sites\\\/6\\\/2021\\\/05\\\/Erdo\u011fan.jpg\",\"contentUrl\":\"https:\\\/\\\/akunq.net\\\/tr\\\/wp-content\\\/uploads\\\/sites\\\/6\\\/2021\\\/05\\\/Erdo\u011fan.jpg\",\"width\":1120,\"height\":630},{\"@type\":\"BreadcrumbList\",\"@id\":\"https:\\\/\\\/akunq.net\\\/tr\\\/?p=62756#breadcrumb\",\"itemListElement\":[{\"@type\":\"ListItem\",\"position\":1,\"name\":\"Home\",\"item\":\"https:\\\/\\\/akunq.net\\\/tr\"},{\"@type\":\"ListItem\",\"position\":2,\"name\":\"Erdo\u011fan az\u0131nl\u0131k kurumlar\u0131ndan y\u00f6neticilerle iftarda bulu\u015ftu\"}]},{\"@type\":\"WebSite\",\"@id\":\"https:\\\/\\\/akunq.net\\\/tr\\\/#website\",\"url\":\"https:\\\/\\\/akunq.net\\\/tr\\\/\",\"name\":\"Bati Ermenistan Ve Bati Ermenileri Sorunlari Ara\u015ftirmalar Merkezi\",\"description\":\"\",\"potentialAction\":[{\"@type\":\"SearchAction\",\"target\":{\"@type\":\"EntryPoint\",\"urlTemplate\":\"https:\\\/\\\/akunq.net\\\/tr\\\/?s={search_term_string}\"},\"query-input\":{\"@type\":\"PropertyValueSpecification\",\"valueRequired\":true,\"valueName\":\"search_term_string\"}}],\"inLanguage\":\"en-US\"},{\"@type\":\"Person\",\"@id\":\"https:\\\/\\\/akunq.net\\\/tr\\\/#\\\/schema\\\/person\\\/096f1d38a12cce57fb855b485ed24c9e\",\"name\":\"admin\",\"url\":\"https:\\\/\\\/akunq.net\\\/tr\\\/?author=7\"}]}<\/script>\n<!-- \/ Yoast SEO plugin. -->","yoast_head_json":{"title":"Erdo\u011fan az\u0131nl\u0131k kurumlar\u0131ndan y\u00f6neticilerle iftarda bulu\u015ftu - Bati Ermenistan Ve Bati Ermenileri Sorunlari Ara\u015ftirmalar Merkezi","robots":{"index":"index","follow":"follow","max-snippet":"max-snippet:-1","max-image-preview":"max-image-preview:large","max-video-preview":"max-video-preview:-1"},"canonical":"https:\/\/akunq.net\/tr\/?p=62756","og_locale":"en_US","og_type":"article","og_title":"Erdo\u011fan az\u0131nl\u0131k kurumlar\u0131ndan y\u00f6neticilerle iftarda bulu\u015ftu - Bati Ermenistan Ve Bati Ermenileri Sorunlari Ara\u015ftirmalar Merkezi","og_description":"Cumhurba\u015fkan\u0131 Erdo\u011fan az\u0131nl\u0131k kurumlar\u0131ndan ruhani ve sivil y\u00f6neticilerle Ankara&#8217;da iftar yeme\u011finde biraraya geldi. \u00c7ankaya K\u00f6\u015fk\u00fc&#8217;ndeku bulu\u015fmaya Diyanet \u0130\u015fleri Ba\u015fkan\u0131 Ali Erba\u015f da kat\u0131ld\u0131. Bulu\u015fmada \u015fu isimler yer ald\u0131: Ek\u00fcmenik Patrik Bartholomeos, T\u00fcrkiye Ermenileri Patri\u011fi Sahak Ma\u015falyan,\u00a0\u00a0T\u00fcrkiye Musevileri Hahamba\u015f\u0131 \u0130sak Haleva, S\u00fcryani Metropoliti Yusuf \u00c7etin, T\u00fcrkiye S\u00fcryani Katolik Cemaati Ruhani Lideri Orhan Abdulahad \u00c7anl\u0131, Bal\u0131kl\u0131 Rum [&hellip;]","og_url":"https:\/\/akunq.net\/tr\/?p=62756","og_site_name":"Bati Ermenistan Ve Bati Ermenileri Sorunlari Ara\u015ftirmalar Merkezi","article_published_time":"2021-05-06T07:14:43+00:00","og_image":[{"width":1120,"height":630,"url":"https:\/\/akunq.net\/tr\/wp-content\/uploads\/sites\/6\/2021\/05\/Erdo\u011fan.jpg","type":"image\/jpeg"}],"author":"admin","twitter_card":"summary_large_image","twitter_misc":{"Written by":"admin","Est. reading time":"1 minute"},"schema":{"@context":"https:\/\/schema.org","@graph":[{"@type":"Article","@id":"https:\/\/akunq.net\/tr\/?p=62756#article","isPartOf":{"@id":"https:\/\/akunq.net\/tr\/?p=62756"},"author":{"name":"admin","@id":"https:\/\/akunq.net\/tr\/#\/schema\/person\/096f1d38a12cce57fb855b485ed24c9e"},"headline":"Erdo\u011fan az\u0131nl\u0131k kurumlar\u0131ndan y\u00f6neticilerle iftarda bulu\u015ftu","datePublished":"2021-05-06T07:14:43+00:00","mainEntityOfPage":{"@id":"https:\/\/akunq.net\/tr\/?p=62756"},"wordCount":159,"commentCount":0,"image":{"@id":"https:\/\/akunq.net\/tr\/?p=62756#primaryimage"},"thumbnailUrl":"https:\/\/akunq.net\/tr\/wp-content\/uploads\/sites\/6\/2021\/05\/Erdo\u011fan.jpg","articleSection":["Haberler","T\u00fcrkiye\u2019de Az\u0131nl\u0131klar"],"inLanguage":"en-US","potentialAction":[{"@type":"CommentAction","name":"Comment","target":["https:\/\/akunq.net\/tr\/?p=62756#respond"]}]},{"@type":"WebPage","@id":"https:\/\/akunq.net\/tr\/?p=62756","url":"https:\/\/akunq.net\/tr\/?p=62756","name":"Erdo\u011fan az\u0131nl\u0131k kurumlar\u0131ndan y\u00f6neticilerle iftarda bulu\u015ftu - Bati Ermenistan Ve Bati Ermenileri Sorunlari Ara\u015ftirmalar Merkezi","isPartOf":{"@id":"https:\/\/akunq.net\/tr\/#website"},"primaryImageOfPage":{"@id":"https:\/\/akunq.net\/tr\/?p=62756#primaryimage"},"image":{"@id":"https:\/\/akunq.net\/tr\/?p=62756#primaryimage"},"thumbnailUrl":"https:\/\/akunq.net\/tr\/wp-content\/uploads\/sites\/6\/2021\/05\/Erdo\u011fan.jpg","datePublished":"2021-05-06T07:14:43+00:00","author":{"@id":"https:\/\/akunq.net\/tr\/#\/schema\/person\/096f1d38a12cce57fb855b485ed24c9e"},"breadcrumb":{"@id":"https:\/\/akunq.net\/tr\/?p=62756#breadcrumb"},"inLanguage":"en-US","potentialAction":[{"@type":"ReadAction","target":["https:\/\/akunq.net\/tr\/?p=62756"]}]},{"@type":"ImageObject","inLanguage":"en-US","@id":"https:\/\/akunq.net\/tr\/?p=62756#primaryimage","url":"https:\/\/akunq.net\/tr\/wp-content\/uploads\/sites\/6\/2021\/05\/Erdo\u011fan.jpg","contentUrl":"https:\/\/akunq.net\/tr\/wp-content\/uploads\/sites\/6\/2021\/05\/Erdo\u011fan.jpg","width":1120,"height":630},{"@type":"BreadcrumbList","@id":"https:\/\/akunq.net\/tr\/?p=62756#breadcrumb","itemListElement":[{"@type":"ListItem","position":1,"name":"Home","item":"https:\/\/akunq.net\/tr"},{"@type":"ListItem","position":2,"name":"Erdo\u011fan az\u0131nl\u0131k kurumlar\u0131ndan y\u00f6neticilerle iftarda bulu\u015ftu"}]},{"@type":"WebSite","@id":"https:\/\/akunq.net\/tr\/#website","url":"https:\/\/akunq.net\/tr\/","name":"Bati Ermenistan Ve Bati Ermenileri Sorunlari Ara\u015ftirmalar Merkezi","description":"","potentialAction":[{"@type":"SearchAction","target":{"@type":"EntryPoint","urlTemplate":"https:\/\/akunq.net\/tr\/?s={search_term_string}"},"query-input":{"@type":"PropertyValueSpecification","valueRequired":true,"valueName":"search_term_string"}}],"inLanguage":"en-US"},{"@type":"Person","@id":"https:\/\/akunq.net\/tr\/#\/schema\/person\/096f1d38a12cce57fb855b485ed24c9e","name":"admin","url":"https:\/\/akunq.net\/tr\/?author=7"}]}},"_links":{"self":[{"href":"https:\/\/akunq.net\/tr\/index.php?rest_route=\/wp\/v2\/posts\/62756","targetHints":{"allow":["GET"]}}],"collection":[{"href":"https:\/\/akunq.net\/tr\/index.php?rest_route=\/wp\/v2\/posts"}],"about":[{"href":"https:\/\/akunq.net\/tr\/index.php?rest_route=\/wp\/v2\/types\/post"}],"author":[{"embeddable":true,"href":"https:\/\/akunq.net\/tr\/index.php?rest_route=\/wp\/v2\/users\/7"}],"replies":[{"embeddable":true,"href":"https:\/\/akunq.net\/tr\/index.php?rest_route=%2Fwp%2Fv2%2Fcomments&post=62756"}],"version-history":[{"count":1,"href":"https:\/\/akunq.net\/tr\/index.php?rest_route=\/wp\/v2\/posts\/62756\/revisions"}],"predecessor-version":[{"id":62758,"href":"https:\/\/akunq.net\/tr\/index.php?rest_route=\/wp\/v2\/posts\/62756\/revisions\/62758"}],"wp:featuredmedia":[{"embeddable":true,"href":"https:\/\/akunq.net\/tr\/index.php?rest_route=\/wp\/v2\/media\/62757"}],"wp:attachment":[{"href":"https:\/\/akunq.net\/tr\/index.php?rest_route=%2Fwp%2Fv2%2Fmedia&parent=62756"}],"wp:term":[{"taxonomy":"category","embeddable":true,"href":"https:\/\/akunq.net\/tr\/index.php?rest_route=%2Fwp%2Fv2%2Fcategories&post=62756"},{"taxonomy":"post_tag","embeddable":true,"href":"https:\/\/akunq.net\/tr\/index.php?rest_route=%2Fwp%2Fv2%2Ftags&post=62756"}],"curies":[{"name":"wp","href":"https:\/\/api.w.org\/{rel}","templated":true}]}}