{"id":62748,"date":"2021-05-05T05:43:05","date_gmt":"2021-05-05T10:43:05","guid":{"rendered":"https:\/\/akunq.net\/tr\/?p=62748"},"modified":"2021-05-05T05:43:05","modified_gmt":"2021-05-05T10:43:05","slug":"ermenisi-olmayan-asirete-asiret-denmez","status":"publish","type":"post","link":"https:\/\/akunq.net\/tr\/?p=62748","title":{"rendered":"\u2018Ermenisi olmayan a\u015firete a\u015firet denmez!\u2019"},"content":{"rendered":"<p><img loading=\"lazy\" decoding=\"async\" class=\"aligncenter size-medium wp-image-62749\" src=\"https:\/\/akunq.net\/tr\/wp-content\/uploads\/2021\/05\/Ragip-Zarakolu-360x208.jpg\" alt=\"\" width=\"360\" height=\"208\" srcset=\"https:\/\/akunq.net\/tr\/wp-content\/uploads\/sites\/6\/2021\/05\/Ragip-Zarakolu-360x208.jpg 360w, https:\/\/akunq.net\/tr\/wp-content\/uploads\/sites\/6\/2021\/05\/Ragip-Zarakolu-768x444.jpg 768w, https:\/\/akunq.net\/tr\/wp-content\/uploads\/sites\/6\/2021\/05\/Ragip-Zarakolu-560x324.jpg 560w, https:\/\/akunq.net\/tr\/wp-content\/uploads\/sites\/6\/2021\/05\/Ragip-Zarakolu-260x150.jpg 260w, https:\/\/akunq.net\/tr\/wp-content\/uploads\/sites\/6\/2021\/05\/Ragip-Zarakolu-160x93.jpg 160w, https:\/\/akunq.net\/tr\/wp-content\/uploads\/sites\/6\/2021\/05\/Ragip-Zarakolu.jpg 800w\" sizes=\"auto, (max-width: 360px) 100vw, 360px\" \/><\/p>\n<p><em><strong>Sadece K\u00fcrt de\u011fil Ermeni a\u015firetleri de vard\u0131 bir zamanlar. \u00c7ok derin tarihi k\u00f6kleri olan a\u015firet konfederasyonlar\u0131nda yer ald\u0131klar\u0131 da olurdu.<\/strong><\/em><\/p>\n<p><strong>Rag\u0131p Zarakolu \u2013<\/strong><br \/>\n<em>Stockholm.<\/em><br \/>\nA\u011fabeyim Atanur mimard\u0131, askere gitti\u011finde birlikte payla\u015ft\u0131\u011f\u0131m\u0131z oda bana kald\u0131\u011f\u0131 gibi karanl\u0131k odas\u0131 ve rolleiflex foto\u011fraf makinas\u0131 da bana kald\u0131. Hani \u015fu tepeden bak\u0131lan, kare olarak g\u00f6r\u00fcnt\u00fcy\u00fc alan nitelikli foto\u011fraf makinas\u0131.<\/p>\n<p>5 y\u0131l e\u015f durumundan dolay\u0131 Almanya\u2019da de facto s\u00fcrg\u00fcn kalan ablam\u0131n hediyesiydi ona.<\/p>\n<p>Ge\u00e7en g\u00fcn konu\u015furken, \u201csenin de \u00fclkeye gelememe durumun da be\u015f y\u0131l\u0131 doldurdu.\u201d dedi. Evet, y\u0131llar ak\u0131p gidiyor.<\/p>\n<p>Keyifli i\u015ftir \u00e7ekti\u011fin resmi kendinin basmas\u0131, \u00fczerinde oynama s\u0131, b\u00fcy\u00fcterek, farkl\u0131 tonlar vererek.<\/p>\n<p>En keyifli foto\u011fraf\u00e7\u0131l\u0131\u011f\u0131m\u0131 \u0130stanbul \u00dcniversitesi i\u015fgalinde yapt\u0131m, damlarda dolanarak.<\/p>\n<p>Bunlardan ikisini I\u015f\u0131l T\u00fcrkben \u00d6zgent\u00fcrk, ge\u00e7en y\u0131l \u00e7\u0131kan \u201c68 y\u0131l\u0131nda 19 ya\u015f\u0131ndaysan Hep 19 Ya\u015f\u0131ndas\u0131n\u201d da kulland\u0131.<\/p>\n<p>Do\u011fru s\u00f6ze ne denir, 68 ku\u015fa\u011f\u0131 kocamak bilmiyor. Denizler, Mahirler, Sinanlar, Cihanlar bir anlamda bu ku\u015fa\u011f\u0131 \u00f6l\u00fcms\u00fcz\/immortal k\u0131ld\u0131.\u201d<\/p>\n<p>Bu konuya girmemin nedeni, 1970 A\u011fustos ay\u0131nda Demirel h\u00fck\u00fcmetinin yapt\u0131\u011f\u0131 deval\u00fcasyon. Dolar katland\u0131. 9 Liraya \u00e7\u0131kt\u0131. B\u00fct\u00fcn malzemelerin fiyat\u0131 4 kat artt\u0131. Sonu\u00e7, karanl\u0131k odan\u0131n tasfiyesi. 9 ay sonra T\u00fcrkiye\u2019nin b\u00fct\u00fcn\u00fc karanl\u0131k oda oldu.<\/p>\n<p>Sahi ilk deval\u00fcsyon 1958\u2019de Menderes taraf\u0131ndan yap\u0131ld\u0131 de\u011fil mi? Dolar 2 Liradan 9 Liraya \u00e7\u0131km\u0131\u015ft\u0131.<\/p>\n<p>\u015eimdi geldik ayn\u0131 noktaya Dolar yine 9, 10 Lira dolay\u0131nda dolan\u0131yor. Haydi hay\u0131rl\u0131s\u0131.<\/p>\n<p>Belge\u2019yi 1977 y\u0131l\u0131nda kurduk. Kurduk da ka\u011f\u0131t bul kitap basacak. Bu kez deval\u00fcasyon s\u0131ras\u0131 Ecevit\u2019teydi. Demirel ondan geri kal\u0131r m\u0131! Arkas\u0131ndan ho\u015f geldin 12 Eyl\u00fcl!<\/p>\n<p>Bir akademisyen de \u00e7oksa iktisadi kriz\/deval\u00fcsyon\/darbe sarmal\u0131 \u00fczerine ara\u015ft\u0131rma yapsa! Bayar ke\u015fke erken se\u00e7im ile iktidara yap\u0131\u015fmasa idi. 1958 normal se\u00e7imleri ile iktidar normal yoldan el de\u011fi\u015fecek, darbe yolu a\u00e7\u0131lmasayd\u0131.<\/p>\n<p>Ke\u015fke Demirel ile Ecevit 28 \u015eubat postmodern darbesi s\u0131ras\u0131nda yapt\u0131klar\u0131 uzla\u015fmay\u0131 70\u2019lerin oratas\u0131nda yapsalard\u0131 da darbenin \u00f6n\u00fc a\u00e7\u0131lmasayd\u0131.<\/p>\n<p>Avrupadaki 1848 ku\u015fa\u011f\u0131 gibi. 1968, Avrupa ve Amerika\u2019y\u0131 da d\u00f6n\u00fc\u015ft\u00fcrd\u00fc. Fransa\u2019y\u0131, Almanya\u2019y\u0131, ABD\u2019yi\u2026 Rusya\u2019y\u0131 da d\u00f6n\u00fc\u015ft\u00fcrebilirdi, tanklar\u0131 Prag\u2019a y\u00f6neltmeseydi.<\/p>\n<p>\u00c7in de ise k\u00fclt\u00fcr devrimi bir y\u0131l \u00f6nce ba\u015flad\u0131. \u00c7in toplumundaki o radikal k\u0131r\u0131lma olmasa, acaba \u00c7in bug\u00fcn bir d\u00fcnya g\u00fcc\u00fc konumuna y\u00fckselebilir miydi?<\/p>\n<p>Tamam o konuma y\u00fckseldi ama, ke\u015fke yine tanklar gen\u00e7lerin \u00f6n\u00fcn\u00fc kesmeseydi Tianenmen Meydan\u0131\u2019nda 1989 y\u0131l\u0131nda. D\u00fcnya g\u00fcc\u00fc olmasa da olurdu!<\/p>\n<p>Ama tarih ke\u015fkelerle y\u00fcr\u00fcm\u00fcyor.<\/p>\n<p>Frans\u0131z Devrimi\u2019nin tam da 200. y\u0131l\u0131nda, \u201cHalk Demokrasileri\u201d \u00e7\u00f6k\u00fcverdi Do\u011fu ve Orta Arupa\u2019da, Rosa Luxemburg hakl\u0131 \u00e7\u0131kt\u0131. Eksik aya\u011f\u0131n en ba\u015fta tespit etmi\u015fti Bol\u015fevik Devrim\u2019in\u2026 Toplumsal, siyasal devrimi demokratik devrime d\u00f6n\u00fc\u015ft\u00fcreremek.<\/p>\n<p>12 eyl\u00fcl ve sonras\u0131 d\u00f6nemde, d\u00fcnya geli\u015fmelerini, \u00f6nce Maspero Yay\u0131nlar\u0131n\u0131n \u201cL\u2019etat de Monde\u201d y\u0131ll\u0131klar\u0131 ile, daha sonra Alan Yay\u0131nc\u0131l\u0131k i\u00e7in haz\u0131rlad\u0131\u011f\u0131m D\u00fcnya Sorunlar\u0131 derlemeleri ile takip etme\u011fe \u00e7al\u0131\u015ft\u0131m. Buna 11 Tez dergisi kollektifi de b\u00fcy\u00fck katk\u0131 sundu.<\/p>\n<p>Sadece Muht\u0131ra de\u011fil, deval\u00fcasyon da yakla\u015fan darbenin habercisiydi<\/p>\n<p>D\u00fcnya Sorunlar\u0131 serisinin son derlemesi, \u201cDo\u011fu Avrupa\u201d Dosyas\u0131 oldu. Bir yandan da 1990 y\u0131l\u0131nda K\u00fcrt tabusunu de\u015fmeye karar verdik.<\/p>\n<p>Ama \u00e7ok ac\u0131 bir \u015feydi, T\u00fcrkiye solunun en kitlesel ve \u00e7ok farkl\u0131 toplum kesimlerini kucaklayan Devrimci Yol hareketinin \u00e7\u00f6k\u00fc\u015f\u00fcne tan\u0131k olmak.<\/p>\n<p>Ayn\u0131 zamanda Alan Yay\u0131nc\u0131l\u0131\u011f\u0131n son kitab\u0131 oldu!<\/p>\n<p>80 darbesinden sonra dergi\/gazete \u00e7\u0131karmak yasaklan\u0131nca, \u00e7areyi y\u0131ll\u0131k \u00e7\u0131karmakta bulduk!<\/p>\n<p>Hareketi toparlayaca\u011f\u0131z diyenlerin da\u011f\u0131tmas\u0131na tan\u0131k olmak.<\/p>\n<p>Demirel\u2019in deyi\u015fi ile, \u201csahip olunan arazi\u201dye ka\u00e7ak in\u015faat yapt\u0131r\u0131lmad\u0131! \u00c7\u0131ka \u00e7\u0131ka sadece ba\u015far\u0131l\u0131 i\u015f adamlar\u0131 \u00e7\u0131kt\u0131!<\/p>\n<p>Taner Ak\u00e7am \u00e7ok su\u00e7land\u0131, \u201chareketi da\u011f\u0131tmak\u201dla, 80\u2019lerin ortas\u0131nda. Biz bile k\u0131zd\u0131k ona. Me\u011fer adam \u00e7ok erken fark etmi\u015f, bir \u015fey \u00e7\u0131kmayaca\u011f\u0131n\u0131. Tablo, geriye sar\u0131\u015f onu do\u011frulad\u0131.<\/p>\n<p>Arta kalan o muhte\u015fem kitle resimleri.<\/p>\n<p>\u015eimdi Taner Ak\u00e7am yine birilerini k\u0131zd\u0131rmay\u0131 ba\u015fard\u0131. Hatta \u00f6z\u00fcr dilemeye \u00e7a\u011fr\u0131ld\u0131.<\/p>\n<p>Ara\u015ft\u0131rmac\u0131lar \u00e7ok m\u00fcthi\u015f! Efendim Lazeref\u2019de feodal haklara ili\u015fkin falanca c\u00fcmle yokmu\u015f filan. Rus\u00e7adan bak\u0131lm\u0131\u015f!<\/p>\n<p>\u201cLazaref tahrifat\u0131na\u201d kar\u015f\u0131 100 k\u00fcs\u00fcr imza, \u0130smail Hoca dahil.<\/p>\n<p>Allah bilir, \u015fimdi Avrupa\u2019da da royalistler, \u201cilk gece hakk\u0131 yoktu\u201d diye eylemlilik ba\u015flat\u0131r!<\/p>\n<p>Ke\u015fke, Moskova\u2019daki uluslararas\u0131 K\u00fcrdoloji Konferans\u0131\u2019nda \u0130smail Be\u015fik\u00e7i Hoca\u2019ya \u201chak etti\u011fi\u201d demiyece\u011fim, bu bile k\u00fc\u00e7\u00fcltme olur, sayg\u0131 g\u00f6sterilmesini sa\u011flasalard\u0131! K\u00fcrt tabusunu ilk de\u015fen \u0130smail Hoca konu\u015famad\u0131 orada.<\/p>\n<p>Sadece K\u00fcrt de\u011fil Ermeni a\u015firetleri de vard\u0131 bir zamanlar. \u00c7ok derin tarihi k\u00f6kleri olan a\u015firet konfederasyonlar\u0131nda yer ald\u0131klar\u0131 da olurdu.<\/p>\n<p>Ve \u015f\u00f6yle denirdi, \u201cErmenisi olmayan a\u015firet a\u015firet de\u011fildir!\u201d \u00d6yle ya demircisi olmayan a\u015firet nas\u0131l alt\u0131ndan kalkar nal sorununun. De\u011firmen nas\u0131l d\u00f6ner? Beylerin konaklar\u0131n\u0131 kim in\u015fa eder. Yazmalar\u0131 kim \u00fcretir?<\/p>\n<p>K\u00fcrd\u00fc\/T\u00fcrk\u00fc\/Arab\u0131\/ \u00c7erkes\u2019i, en b\u00fcy\u00fck ekonomik sosyal \u00e7\u00f6k\u00fc\u015f\u00fc 1915 soyk\u0131r\u0131m\u0131ndan sonra ya\u015fad\u0131. Okul olmad\u0131\u011f\u0131 i\u00e7in \u00e7o\u011fu y\u00f6rede, \u00e7ocu\u011funu okutmak isteyen Ermeni\/Rum okuluna yollard\u0131.<\/p>\n<p>Ama bir yandan da toplumlar aras\u0131 bir modern e\u011fitim yar\u0131\u015f\u0131 vard\u0131. 1915 sadece Ermeni toplumunu yok etmedi, t\u00fcm Anadolu\u2019yu \u00e7\u00f6kertti. Ondan sonra da sosyologlar\u0131m\u0131z \u201cazgeli\u015fmi\u015flik\u201d teorileri \u00fcretti.<\/p>\n<p>Yahu, 1915\u2019i anmadan azgeli\u015fmi\u015fli\u011fi nas\u0131l a\u00e7\u0131klars\u0131n\u0131z!<\/p>\n<p>Ve ay\u0131p, Ermeni kad\u0131n\u0131n\u0131n ba\u015f\u0131na gelen, b\u0131rak\u0131n \u201ca\u011fan\u0131n hakk\u0131 vard\u0131 yoktu\u201d tart\u0131\u015fmas\u0131n\u0131, T\u00fcrk\u2019\u00fcn\/K\u00fcrd\u2019\u00fcn\/\u00c7erkes\u2019in\/\u00c7e\u00e7en\u2019in\/Arap\u2019\u0131n ay\u0131b\u0131 olmay\u0131, insanl\u0131\u011f\u0131n, erkekli\u011fin ay\u0131b\u0131.<\/p>\n<p>En ba\u015fta feministlerin anmas\u0131 gerekmez mi 1915\u2019i? Bu toplu, kitlesel tecav\u00fcz\u00fc!<\/p>\n<p>Selam olsun, bu vah\u015fete hay\u0131r deyip, idam tehditine kar\u015f\u0131n, insanlar\u0131 kurtarmaya \u00e7al\u0131\u015fan vicdanl\u0131 \/juste farkl\u0131 inan\u00e7dan olanlara. Ulusal kimlikleri tek tek saymay\u0131m art\u0131k!<\/p>\n<hr \/>\n<p><em><strong><a href=\"https:\/\/artigercek.com\/yazarlar\/ragipzarakolu\/ermenisi-olmayan-asirete-asiret-denmez\" target=\"_blank\" rel=\"noopener noreferrer\">Art\u0131 Ger\u00e7ek<\/a>\u00a0<\/strong><\/em><\/p>\n","protected":false},"excerpt":{"rendered":"<p>Sadece K\u00fcrt de\u011fil Ermeni a\u015firetleri de vard\u0131 bir zamanlar. \u00c7ok derin tarihi k\u00f6kleri olan a\u015firet konfederasyonlar\u0131nda yer ald\u0131klar\u0131 da olurdu. Rag\u0131p Zarakolu \u2013 Stockholm. A\u011fabeyim Atanur mimard\u0131, askere gitti\u011finde birlikte payla\u015ft\u0131\u011f\u0131m\u0131z oda bana kald\u0131\u011f\u0131 gibi karanl\u0131k odas\u0131 ve rolleiflex foto\u011fraf makinas\u0131 da bana kald\u0131. Hani \u015fu tepeden bak\u0131lan, kare olarak g\u00f6r\u00fcnt\u00fcy\u00fc alan nitelikli foto\u011fraf makinas\u0131. [&hellip;]<\/p>\n","protected":false},"author":7,"featured_media":62749,"comment_status":"open","ping_status":"open","sticky":false,"template":"","format":"standard","meta":{"footnotes":""},"categories":[1,70],"tags":[],"class_list":["post-62748","post","type-post","status-publish","format-standard","has-post-thumbnail","hentry","category-haberler","category-makaleler"],"yoast_head":"<!-- This site is optimized with the Yoast SEO plugin v27.4 - https:\/\/yoast.com\/product\/yoast-seo-wordpress\/ -->\n<title>\u2018Ermenisi olmayan a\u015firete a\u015firet denmez!\u2019 - Bati Ermenistan Ve Bati Ermenileri Sorunlari Ara\u015ftirmalar Merkezi<\/title>\n<meta name=\"robots\" content=\"index, follow, max-snippet:-1, max-image-preview:large, max-video-preview:-1\" \/>\n<link rel=\"canonical\" href=\"https:\/\/akunq.net\/tr\/?p=62748\" \/>\n<meta property=\"og:locale\" content=\"en_US\" \/>\n<meta property=\"og:type\" content=\"article\" \/>\n<meta property=\"og:title\" content=\"\u2018Ermenisi olmayan a\u015firete a\u015firet denmez!\u2019 - Bati Ermenistan Ve Bati Ermenileri Sorunlari Ara\u015ftirmalar Merkezi\" \/>\n<meta property=\"og:description\" content=\"Sadece K\u00fcrt de\u011fil Ermeni a\u015firetleri de vard\u0131 bir zamanlar. \u00c7ok derin tarihi k\u00f6kleri olan a\u015firet konfederasyonlar\u0131nda yer ald\u0131klar\u0131 da olurdu. Rag\u0131p Zarakolu \u2013 Stockholm. A\u011fabeyim Atanur mimard\u0131, askere gitti\u011finde birlikte payla\u015ft\u0131\u011f\u0131m\u0131z oda bana kald\u0131\u011f\u0131 gibi karanl\u0131k odas\u0131 ve rolleiflex foto\u011fraf makinas\u0131 da bana kald\u0131. Hani \u015fu tepeden bak\u0131lan, kare olarak g\u00f6r\u00fcnt\u00fcy\u00fc alan nitelikli foto\u011fraf makinas\u0131. [&hellip;]\" \/>\n<meta property=\"og:url\" content=\"https:\/\/akunq.net\/tr\/?p=62748\" \/>\n<meta property=\"og:site_name\" content=\"Bati Ermenistan Ve Bati Ermenileri Sorunlari Ara\u015ftirmalar Merkezi\" \/>\n<meta property=\"article:published_time\" content=\"2021-05-05T10:43:05+00:00\" \/>\n<meta property=\"og:image\" content=\"https:\/\/akunq.net\/tr\/wp-content\/uploads\/sites\/6\/2021\/05\/Ragip-Zarakolu.jpg\" \/>\n\t<meta property=\"og:image:width\" content=\"800\" \/>\n\t<meta property=\"og:image:height\" content=\"463\" \/>\n\t<meta property=\"og:image:type\" content=\"image\/jpeg\" \/>\n<meta name=\"author\" content=\"admin\" \/>\n<meta name=\"twitter:card\" content=\"summary_large_image\" \/>\n<meta name=\"twitter:label1\" content=\"Written by\" \/>\n\t<meta name=\"twitter:data1\" content=\"admin\" \/>\n\t<meta name=\"twitter:label2\" content=\"Est. reading time\" \/>\n\t<meta name=\"twitter:data2\" content=\"5 minutes\" \/>\n<script type=\"application\/ld+json\" class=\"yoast-schema-graph\">{\"@context\":\"https:\\\/\\\/schema.org\",\"@graph\":[{\"@type\":\"Article\",\"@id\":\"https:\\\/\\\/akunq.net\\\/tr\\\/?p=62748#article\",\"isPartOf\":{\"@id\":\"https:\\\/\\\/akunq.net\\\/tr\\\/?p=62748\"},\"author\":{\"name\":\"admin\",\"@id\":\"https:\\\/\\\/akunq.net\\\/tr\\\/#\\\/schema\\\/person\\\/096f1d38a12cce57fb855b485ed24c9e\"},\"headline\":\"\u2018Ermenisi olmayan a\u015firete a\u015firet denmez!\u2019\",\"datePublished\":\"2021-05-05T10:43:05+00:00\",\"mainEntityOfPage\":{\"@id\":\"https:\\\/\\\/akunq.net\\\/tr\\\/?p=62748\"},\"wordCount\":1090,\"commentCount\":0,\"image\":{\"@id\":\"https:\\\/\\\/akunq.net\\\/tr\\\/?p=62748#primaryimage\"},\"thumbnailUrl\":\"https:\\\/\\\/akunq.net\\\/tr\\\/wp-content\\\/uploads\\\/sites\\\/6\\\/2021\\\/05\\\/Ragip-Zarakolu.jpg\",\"articleSection\":[\"Haberler\",\"Makaleler\"],\"inLanguage\":\"en-US\",\"potentialAction\":[{\"@type\":\"CommentAction\",\"name\":\"Comment\",\"target\":[\"https:\\\/\\\/akunq.net\\\/tr\\\/?p=62748#respond\"]}]},{\"@type\":\"WebPage\",\"@id\":\"https:\\\/\\\/akunq.net\\\/tr\\\/?p=62748\",\"url\":\"https:\\\/\\\/akunq.net\\\/tr\\\/?p=62748\",\"name\":\"\u2018Ermenisi olmayan a\u015firete a\u015firet denmez!\u2019 - Bati Ermenistan Ve Bati Ermenileri Sorunlari Ara\u015ftirmalar Merkezi\",\"isPartOf\":{\"@id\":\"https:\\\/\\\/akunq.net\\\/tr\\\/#website\"},\"primaryImageOfPage\":{\"@id\":\"https:\\\/\\\/akunq.net\\\/tr\\\/?p=62748#primaryimage\"},\"image\":{\"@id\":\"https:\\\/\\\/akunq.net\\\/tr\\\/?p=62748#primaryimage\"},\"thumbnailUrl\":\"https:\\\/\\\/akunq.net\\\/tr\\\/wp-content\\\/uploads\\\/sites\\\/6\\\/2021\\\/05\\\/Ragip-Zarakolu.jpg\",\"datePublished\":\"2021-05-05T10:43:05+00:00\",\"author\":{\"@id\":\"https:\\\/\\\/akunq.net\\\/tr\\\/#\\\/schema\\\/person\\\/096f1d38a12cce57fb855b485ed24c9e\"},\"breadcrumb\":{\"@id\":\"https:\\\/\\\/akunq.net\\\/tr\\\/?p=62748#breadcrumb\"},\"inLanguage\":\"en-US\",\"potentialAction\":[{\"@type\":\"ReadAction\",\"target\":[\"https:\\\/\\\/akunq.net\\\/tr\\\/?p=62748\"]}]},{\"@type\":\"ImageObject\",\"inLanguage\":\"en-US\",\"@id\":\"https:\\\/\\\/akunq.net\\\/tr\\\/?p=62748#primaryimage\",\"url\":\"https:\\\/\\\/akunq.net\\\/tr\\\/wp-content\\\/uploads\\\/sites\\\/6\\\/2021\\\/05\\\/Ragip-Zarakolu.jpg\",\"contentUrl\":\"https:\\\/\\\/akunq.net\\\/tr\\\/wp-content\\\/uploads\\\/sites\\\/6\\\/2021\\\/05\\\/Ragip-Zarakolu.jpg\",\"width\":800,\"height\":463},{\"@type\":\"BreadcrumbList\",\"@id\":\"https:\\\/\\\/akunq.net\\\/tr\\\/?p=62748#breadcrumb\",\"itemListElement\":[{\"@type\":\"ListItem\",\"position\":1,\"name\":\"Home\",\"item\":\"https:\\\/\\\/akunq.net\\\/tr\"},{\"@type\":\"ListItem\",\"position\":2,\"name\":\"\u2018Ermenisi olmayan a\u015firete a\u015firet denmez!\u2019\"}]},{\"@type\":\"WebSite\",\"@id\":\"https:\\\/\\\/akunq.net\\\/tr\\\/#website\",\"url\":\"https:\\\/\\\/akunq.net\\\/tr\\\/\",\"name\":\"Bati Ermenistan Ve Bati Ermenileri Sorunlari Ara\u015ftirmalar Merkezi\",\"description\":\"\",\"potentialAction\":[{\"@type\":\"SearchAction\",\"target\":{\"@type\":\"EntryPoint\",\"urlTemplate\":\"https:\\\/\\\/akunq.net\\\/tr\\\/?s={search_term_string}\"},\"query-input\":{\"@type\":\"PropertyValueSpecification\",\"valueRequired\":true,\"valueName\":\"search_term_string\"}}],\"inLanguage\":\"en-US\"},{\"@type\":\"Person\",\"@id\":\"https:\\\/\\\/akunq.net\\\/tr\\\/#\\\/schema\\\/person\\\/096f1d38a12cce57fb855b485ed24c9e\",\"name\":\"admin\",\"url\":\"https:\\\/\\\/akunq.net\\\/tr\\\/?author=7\"}]}<\/script>\n<!-- \/ Yoast SEO plugin. -->","yoast_head_json":{"title":"\u2018Ermenisi olmayan a\u015firete a\u015firet denmez!\u2019 - Bati Ermenistan Ve Bati Ermenileri Sorunlari Ara\u015ftirmalar Merkezi","robots":{"index":"index","follow":"follow","max-snippet":"max-snippet:-1","max-image-preview":"max-image-preview:large","max-video-preview":"max-video-preview:-1"},"canonical":"https:\/\/akunq.net\/tr\/?p=62748","og_locale":"en_US","og_type":"article","og_title":"\u2018Ermenisi olmayan a\u015firete a\u015firet denmez!\u2019 - Bati Ermenistan Ve Bati Ermenileri Sorunlari Ara\u015ftirmalar Merkezi","og_description":"Sadece K\u00fcrt de\u011fil Ermeni a\u015firetleri de vard\u0131 bir zamanlar. \u00c7ok derin tarihi k\u00f6kleri olan a\u015firet konfederasyonlar\u0131nda yer ald\u0131klar\u0131 da olurdu. Rag\u0131p Zarakolu \u2013 Stockholm. A\u011fabeyim Atanur mimard\u0131, askere gitti\u011finde birlikte payla\u015ft\u0131\u011f\u0131m\u0131z oda bana kald\u0131\u011f\u0131 gibi karanl\u0131k odas\u0131 ve rolleiflex foto\u011fraf makinas\u0131 da bana kald\u0131. Hani \u015fu tepeden bak\u0131lan, kare olarak g\u00f6r\u00fcnt\u00fcy\u00fc alan nitelikli foto\u011fraf makinas\u0131. [&hellip;]","og_url":"https:\/\/akunq.net\/tr\/?p=62748","og_site_name":"Bati Ermenistan Ve Bati Ermenileri Sorunlari Ara\u015ftirmalar Merkezi","article_published_time":"2021-05-05T10:43:05+00:00","og_image":[{"width":800,"height":463,"url":"https:\/\/akunq.net\/tr\/wp-content\/uploads\/sites\/6\/2021\/05\/Ragip-Zarakolu.jpg","type":"image\/jpeg"}],"author":"admin","twitter_card":"summary_large_image","twitter_misc":{"Written by":"admin","Est. reading time":"5 minutes"},"schema":{"@context":"https:\/\/schema.org","@graph":[{"@type":"Article","@id":"https:\/\/akunq.net\/tr\/?p=62748#article","isPartOf":{"@id":"https:\/\/akunq.net\/tr\/?p=62748"},"author":{"name":"admin","@id":"https:\/\/akunq.net\/tr\/#\/schema\/person\/096f1d38a12cce57fb855b485ed24c9e"},"headline":"\u2018Ermenisi olmayan a\u015firete a\u015firet denmez!\u2019","datePublished":"2021-05-05T10:43:05+00:00","mainEntityOfPage":{"@id":"https:\/\/akunq.net\/tr\/?p=62748"},"wordCount":1090,"commentCount":0,"image":{"@id":"https:\/\/akunq.net\/tr\/?p=62748#primaryimage"},"thumbnailUrl":"https:\/\/akunq.net\/tr\/wp-content\/uploads\/sites\/6\/2021\/05\/Ragip-Zarakolu.jpg","articleSection":["Haberler","Makaleler"],"inLanguage":"en-US","potentialAction":[{"@type":"CommentAction","name":"Comment","target":["https:\/\/akunq.net\/tr\/?p=62748#respond"]}]},{"@type":"WebPage","@id":"https:\/\/akunq.net\/tr\/?p=62748","url":"https:\/\/akunq.net\/tr\/?p=62748","name":"\u2018Ermenisi olmayan a\u015firete a\u015firet denmez!\u2019 - Bati Ermenistan Ve Bati Ermenileri Sorunlari Ara\u015ftirmalar Merkezi","isPartOf":{"@id":"https:\/\/akunq.net\/tr\/#website"},"primaryImageOfPage":{"@id":"https:\/\/akunq.net\/tr\/?p=62748#primaryimage"},"image":{"@id":"https:\/\/akunq.net\/tr\/?p=62748#primaryimage"},"thumbnailUrl":"https:\/\/akunq.net\/tr\/wp-content\/uploads\/sites\/6\/2021\/05\/Ragip-Zarakolu.jpg","datePublished":"2021-05-05T10:43:05+00:00","author":{"@id":"https:\/\/akunq.net\/tr\/#\/schema\/person\/096f1d38a12cce57fb855b485ed24c9e"},"breadcrumb":{"@id":"https:\/\/akunq.net\/tr\/?p=62748#breadcrumb"},"inLanguage":"en-US","potentialAction":[{"@type":"ReadAction","target":["https:\/\/akunq.net\/tr\/?p=62748"]}]},{"@type":"ImageObject","inLanguage":"en-US","@id":"https:\/\/akunq.net\/tr\/?p=62748#primaryimage","url":"https:\/\/akunq.net\/tr\/wp-content\/uploads\/sites\/6\/2021\/05\/Ragip-Zarakolu.jpg","contentUrl":"https:\/\/akunq.net\/tr\/wp-content\/uploads\/sites\/6\/2021\/05\/Ragip-Zarakolu.jpg","width":800,"height":463},{"@type":"BreadcrumbList","@id":"https:\/\/akunq.net\/tr\/?p=62748#breadcrumb","itemListElement":[{"@type":"ListItem","position":1,"name":"Home","item":"https:\/\/akunq.net\/tr"},{"@type":"ListItem","position":2,"name":"\u2018Ermenisi olmayan a\u015firete a\u015firet denmez!\u2019"}]},{"@type":"WebSite","@id":"https:\/\/akunq.net\/tr\/#website","url":"https:\/\/akunq.net\/tr\/","name":"Bati Ermenistan Ve Bati Ermenileri Sorunlari Ara\u015ftirmalar Merkezi","description":"","potentialAction":[{"@type":"SearchAction","target":{"@type":"EntryPoint","urlTemplate":"https:\/\/akunq.net\/tr\/?s={search_term_string}"},"query-input":{"@type":"PropertyValueSpecification","valueRequired":true,"valueName":"search_term_string"}}],"inLanguage":"en-US"},{"@type":"Person","@id":"https:\/\/akunq.net\/tr\/#\/schema\/person\/096f1d38a12cce57fb855b485ed24c9e","name":"admin","url":"https:\/\/akunq.net\/tr\/?author=7"}]}},"_links":{"self":[{"href":"https:\/\/akunq.net\/tr\/index.php?rest_route=\/wp\/v2\/posts\/62748","targetHints":{"allow":["GET"]}}],"collection":[{"href":"https:\/\/akunq.net\/tr\/index.php?rest_route=\/wp\/v2\/posts"}],"about":[{"href":"https:\/\/akunq.net\/tr\/index.php?rest_route=\/wp\/v2\/types\/post"}],"author":[{"embeddable":true,"href":"https:\/\/akunq.net\/tr\/index.php?rest_route=\/wp\/v2\/users\/7"}],"replies":[{"embeddable":true,"href":"https:\/\/akunq.net\/tr\/index.php?rest_route=%2Fwp%2Fv2%2Fcomments&post=62748"}],"version-history":[{"count":1,"href":"https:\/\/akunq.net\/tr\/index.php?rest_route=\/wp\/v2\/posts\/62748\/revisions"}],"predecessor-version":[{"id":62750,"href":"https:\/\/akunq.net\/tr\/index.php?rest_route=\/wp\/v2\/posts\/62748\/revisions\/62750"}],"wp:featuredmedia":[{"embeddable":true,"href":"https:\/\/akunq.net\/tr\/index.php?rest_route=\/wp\/v2\/media\/62749"}],"wp:attachment":[{"href":"https:\/\/akunq.net\/tr\/index.php?rest_route=%2Fwp%2Fv2%2Fmedia&parent=62748"}],"wp:term":[{"taxonomy":"category","embeddable":true,"href":"https:\/\/akunq.net\/tr\/index.php?rest_route=%2Fwp%2Fv2%2Fcategories&post=62748"},{"taxonomy":"post_tag","embeddable":true,"href":"https:\/\/akunq.net\/tr\/index.php?rest_route=%2Fwp%2Fv2%2Ftags&post=62748"}],"curies":[{"name":"wp","href":"https:\/\/api.w.org\/{rel}","templated":true}]}}