{"id":62742,"date":"2021-05-05T03:01:33","date_gmt":"2021-05-05T08:01:33","guid":{"rendered":"https:\/\/akunq.net\/tr\/?p=62742"},"modified":"2021-05-06T04:36:10","modified_gmt":"2021-05-06T09:36:10","slug":"sular-cekilince-tarihi-kilise-gun-yuzune-cikti","status":"publish","type":"post","link":"https:\/\/akunq.net\/tr\/?p=62742","title":{"rendered":"Sular \u00e7ekilince tarihi kilise g\u00fcn y\u00fcz\u00fcne \u00e7\u0131kt\u0131"},"content":{"rendered":"<p><img loading=\"lazy\" decoding=\"async\" class=\"aligncenter size-medium wp-image-62743\" src=\"https:\/\/akunq.net\/tr\/wp-content\/uploads\/2021\/05\/Dersim-kilise-360x191.jpg\" alt=\"\" width=\"360\" height=\"191\" srcset=\"https:\/\/akunq.net\/tr\/wp-content\/uploads\/sites\/6\/2021\/05\/Dersim-kilise-360x191.jpg 360w, https:\/\/akunq.net\/tr\/wp-content\/uploads\/sites\/6\/2021\/05\/Dersim-kilise-560x296.jpg 560w, https:\/\/akunq.net\/tr\/wp-content\/uploads\/sites\/6\/2021\/05\/Dersim-kilise-260x138.jpg 260w, https:\/\/akunq.net\/tr\/wp-content\/uploads\/sites\/6\/2021\/05\/Dersim-kilise-160x85.jpg 160w, https:\/\/akunq.net\/tr\/wp-content\/uploads\/sites\/6\/2021\/05\/Dersim-kilise.jpg 650w\" sizes=\"auto, (max-width: 360px) 100vw, 360px\" \/><\/p>\n<p><strong>Ercan TOPA\u00c7<\/strong><\/p>\n<p><em><strong>Tunceli (Dersim-&#8216;Akunq&#8217; web sitesi) ile Elaz\u0131\u011f (Harput-&#8216;Akunq&#8217; web sitesi) aras\u0131nda bulunan Keban Baraj G\u00f6l\u00fc\u2019nde su seviyesinin d\u00fc\u015fmesinin ard\u0131ndan tarihi Miyadin Kilisesi g\u00fcn y\u00fcz\u00fcne \u00e7\u0131kt\u0131. Kilisenin baraj sular\u0131ndan etkilenmemesi ise dikkat \u00e7ekti.<\/strong><\/em><\/p>\n<p>Tunceli\u2019nin \u00c7emi\u015fgezek \u0130l\u00e7esi\u2019ne ba\u011fl\u0131 Al\u00e7\u0131l\u0131 k\u00f6y\u00fc Gemici mevkiinde Keban Baraj G\u00f6l\u00fc\u2019n\u00fcn k\u0131y\u0131s\u0131nda vadi i\u00e7erisinde yer alan Miyadin Kilisesi, baraj sular\u0131n\u0131n \u00e7ekilmesiyle uzun y\u0131llar sonra ilk kez g\u00fcn y\u00fcz\u00fcne \u00e7\u0131kt\u0131.<\/p>\n<p>Yakla\u015f\u0131k 300 y\u0131ll\u0131k ge\u00e7mi\u015fe sahip olan kiliseyi g\u00f6rmek isteyenler tekne ya da y\u00fcr\u00fcyerek yakla\u015f\u0131k 3 saatte alana ula\u015fabiliyor.<\/p>\n<p>Al\u00e7\u0131l\u0131 k\u00f6y\u00fc sakinleri, Tunceli, Elaz\u0131\u011f ve Erzincan <em>(Yerznka-&#8216;Akunq&#8217; web sitesi)<\/em> \u00fc\u00e7geninde yer alan kilisenin b\u00f6lge turizmine kazand\u0131r\u0131lmas\u0131 i\u00e7in \u00e7al\u0131\u015fma yap\u0131lmas\u0131n\u0131 istiyor.<\/p>\n<p>K\u00f6y sakinlerinden Fatih Karatepe, \u201cY\u00fcr\u00fcme mesafesi ile 2 saat sonunda Miyadin kilisesine vard\u0131k. Y\u00fcz y\u0131llar \u00f6nce yap\u0131lm\u0131\u015f bir kilisedir. Sular bu sene \u00e7ok \u00e7ekildi. Bundan dolay\u0131 kilise g\u00fcn y\u00fcz\u00fcne \u00e7\u0131kt\u0131. Y\u00fcz y\u0131llard\u0131r 4 duvar\u0131 da ayakta duruyor. Suyun i\u00e7erisinde kalmas\u0131na ra\u011fmen hale kendini korumaktad\u0131r. Buras\u0131 do\u011fal g\u00fczelli\u011fi ve \u00e7evresi ile bulunmaz bir yer. Tarihi ve k\u00fclt\u00fcrel bir miras. Bu miras\u0131m\u0131z\u0131n korunmas\u0131 istiyoruz. Kaymakam\u0131m\u0131z da k\u00fclt\u00fcrel ve do\u011fal miraslar\u0131m\u0131za sahip \u00e7\u0131k\u0131yor. Bu y\u00fczden te\u015fekk\u00fcr ederiz. Buran\u0131n hi\u00e7 bu kadar i\u00e7erisine girememi\u015ftik. \u00c7\u00fcnk\u00fc sular alt\u0131ndayd\u0131. Sadece duvarlar\u0131n \u00fcstleri g\u00f6z\u00fck\u00fcyordu. Buraya ben 5 ya\u015f\u0131nda gelmi\u015ftim. Sadece duvarlar\u0131n \u00fcsten g\u00f6rebiliyorduk. \u0130\u00e7erisinde bu sene girebildim. Keban baraj\u0131n\u0131n sular\u0131 \u00e7ekildi buras\u0131 da g\u00fcn y\u00fcz\u00fcne \u00e7\u0131kt\u0131. Buran\u0131n turizme kazand\u0131r\u0131lmas\u0131n\u0131 istiyoruz\u201d dedi.<\/p>\n<p>Yoku\u015flu bir yoldan kiliseye \u00e7\u0131k\u0131ld\u0131\u011f\u0131n\u0131 belirten k\u00f6y sakinlerinden Zekeriya Dilmen ise, \u201cBir saatte gidebilseniz bile 2,5 saatte d\u00f6nemezsiniz. 1,5 kilometrelik bir mesafesi var. Ama \u00e7ok yoku\u015f oldu\u011fu i\u00e7in y\u00fcr\u00fcyerek \u00e7ok zor gidiliyor. Vadi Erzincan\u2019a kadar devam ediyor. Kilise vadinin suyun kenar\u0131nda. O vadinin i\u00e7inden do\u011fan su Kemaliye il\u00e7esine kadar gidiyor. Turist \u00e7ekebilecek \u015fahane g\u00f6rmeye de\u011fer bir yer. Keban baraj\u0131 dolmadan \u00f6nce oraya \u0131l\u0131ca derdik. O b\u00f6lgede s\u0131cak su da var fakat baraj\u0131n alt\u0131nda kald\u0131. Kilisenin oldu\u011fu yer dedemin anlatt\u0131\u011f\u0131na g\u00f6re 20 ailenin ya\u015fad\u0131\u011f\u0131 hatta sarraf\u0131n bile oldu\u011fu k\u00f6ym\u00fc\u015f. \u00c7ok eski zamanlarda. \u00c7ok y\u0131prand\u0131. Defineciler kazm\u0131\u015flar. Ta\u015flar\u0131n\u0131 s\u00f6km\u00fc\u015fler\u201d ifadelerini kulland\u0131.<\/p>\n<hr \/>\n<p><em><strong><a href=\"https:\/\/www.sabah.com.tr\/yasam\/2021\/05\/04\/sular-cekilince-tarihi-kilise-gun-yuzune-cikti\" target=\"_blank\" rel=\"noopener noreferrer\">Sabah Gazetesi<\/a><\/strong><\/em><\/p>\n","protected":false},"excerpt":{"rendered":"<p>Ercan TOPA\u00c7 Tunceli (Dersim-&#8216;Akunq&#8217; web sitesi) ile Elaz\u0131\u011f (Harput-&#8216;Akunq&#8217; web sitesi) aras\u0131nda bulunan Keban Baraj G\u00f6l\u00fc\u2019nde su seviyesinin d\u00fc\u015fmesinin ard\u0131ndan tarihi Miyadin Kilisesi g\u00fcn y\u00fcz\u00fcne \u00e7\u0131kt\u0131. Kilisenin baraj sular\u0131ndan etkilenmemesi ise dikkat \u00e7ekti. Tunceli\u2019nin \u00c7emi\u015fgezek \u0130l\u00e7esi\u2019ne ba\u011fl\u0131 Al\u00e7\u0131l\u0131 k\u00f6y\u00fc Gemici mevkiinde Keban Baraj G\u00f6l\u00fc\u2019n\u00fcn k\u0131y\u0131s\u0131nda vadi i\u00e7erisinde yer alan Miyadin Kilisesi, baraj sular\u0131n\u0131n \u00e7ekilmesiyle uzun [&hellip;]<\/p>\n","protected":false},"author":7,"featured_media":62743,"comment_status":"open","ping_status":"open","sticky":false,"template":"","format":"standard","meta":{"footnotes":""},"categories":[22,1],"tags":[],"class_list":["post-62742","post","type-post","status-publish","format-standard","has-post-thumbnail","hentry","category-gunumuzde-bati-ermenistan","category-haberler"],"yoast_head":"<!-- This site is optimized with the Yoast SEO plugin v27.4 - https:\/\/yoast.com\/product\/yoast-seo-wordpress\/ -->\n<title>Sular \u00e7ekilince tarihi kilise g\u00fcn y\u00fcz\u00fcne \u00e7\u0131kt\u0131 - Bati Ermenistan Ve Bati Ermenileri Sorunlari Ara\u015ftirmalar Merkezi<\/title>\n<meta name=\"robots\" content=\"index, follow, max-snippet:-1, max-image-preview:large, max-video-preview:-1\" \/>\n<link rel=\"canonical\" href=\"https:\/\/akunq.net\/tr\/?p=62742\" \/>\n<meta property=\"og:locale\" content=\"en_US\" \/>\n<meta property=\"og:type\" content=\"article\" \/>\n<meta property=\"og:title\" content=\"Sular \u00e7ekilince tarihi kilise g\u00fcn y\u00fcz\u00fcne \u00e7\u0131kt\u0131 - Bati Ermenistan Ve Bati Ermenileri Sorunlari Ara\u015ftirmalar Merkezi\" \/>\n<meta property=\"og:description\" content=\"Ercan TOPA\u00c7 Tunceli (Dersim-&#8216;Akunq&#8217; web sitesi) ile Elaz\u0131\u011f (Harput-&#8216;Akunq&#8217; web sitesi) aras\u0131nda bulunan Keban Baraj G\u00f6l\u00fc\u2019nde su seviyesinin d\u00fc\u015fmesinin ard\u0131ndan tarihi Miyadin Kilisesi g\u00fcn y\u00fcz\u00fcne \u00e7\u0131kt\u0131. Kilisenin baraj sular\u0131ndan etkilenmemesi ise dikkat \u00e7ekti. Tunceli\u2019nin \u00c7emi\u015fgezek \u0130l\u00e7esi\u2019ne ba\u011fl\u0131 Al\u00e7\u0131l\u0131 k\u00f6y\u00fc Gemici mevkiinde Keban Baraj G\u00f6l\u00fc\u2019n\u00fcn k\u0131y\u0131s\u0131nda vadi i\u00e7erisinde yer alan Miyadin Kilisesi, baraj sular\u0131n\u0131n \u00e7ekilmesiyle uzun [&hellip;]\" \/>\n<meta property=\"og:url\" content=\"https:\/\/akunq.net\/tr\/?p=62742\" \/>\n<meta property=\"og:site_name\" content=\"Bati Ermenistan Ve Bati Ermenileri Sorunlari Ara\u015ftirmalar Merkezi\" \/>\n<meta property=\"article:published_time\" content=\"2021-05-05T08:01:33+00:00\" \/>\n<meta property=\"article:modified_time\" content=\"2021-05-06T09:36:10+00:00\" \/>\n<meta property=\"og:image\" content=\"https:\/\/akunq.net\/tr\/wp-content\/uploads\/sites\/6\/2021\/05\/Dersim-kilise.jpg\" \/>\n\t<meta property=\"og:image:width\" content=\"650\" \/>\n\t<meta property=\"og:image:height\" content=\"344\" \/>\n\t<meta property=\"og:image:type\" content=\"image\/jpeg\" \/>\n<meta name=\"author\" content=\"admin\" \/>\n<meta name=\"twitter:card\" content=\"summary_large_image\" \/>\n<meta name=\"twitter:label1\" content=\"Written by\" \/>\n\t<meta name=\"twitter:data1\" content=\"admin\" \/>\n\t<meta name=\"twitter:label2\" content=\"Est. reading time\" \/>\n\t<meta name=\"twitter:data2\" content=\"2 minutes\" \/>\n<script type=\"application\/ld+json\" class=\"yoast-schema-graph\">{\"@context\":\"https:\\\/\\\/schema.org\",\"@graph\":[{\"@type\":\"Article\",\"@id\":\"https:\\\/\\\/akunq.net\\\/tr\\\/?p=62742#article\",\"isPartOf\":{\"@id\":\"https:\\\/\\\/akunq.net\\\/tr\\\/?p=62742\"},\"author\":{\"name\":\"admin\",\"@id\":\"https:\\\/\\\/akunq.net\\\/tr\\\/#\\\/schema\\\/person\\\/096f1d38a12cce57fb855b485ed24c9e\"},\"headline\":\"Sular \u00e7ekilince tarihi kilise g\u00fcn y\u00fcz\u00fcne \u00e7\u0131kt\u0131\",\"datePublished\":\"2021-05-05T08:01:33+00:00\",\"dateModified\":\"2021-05-06T09:36:10+00:00\",\"mainEntityOfPage\":{\"@id\":\"https:\\\/\\\/akunq.net\\\/tr\\\/?p=62742\"},\"wordCount\":457,\"commentCount\":0,\"image\":{\"@id\":\"https:\\\/\\\/akunq.net\\\/tr\\\/?p=62742#primaryimage\"},\"thumbnailUrl\":\"https:\\\/\\\/akunq.net\\\/tr\\\/wp-content\\\/uploads\\\/sites\\\/6\\\/2021\\\/05\\\/Dersim-kilise.jpg\",\"articleSection\":[\"G\u00fcn\u00fcm\u00fczde Bat\u0131 Ermenistan\",\"Haberler\"],\"inLanguage\":\"en-US\",\"potentialAction\":[{\"@type\":\"CommentAction\",\"name\":\"Comment\",\"target\":[\"https:\\\/\\\/akunq.net\\\/tr\\\/?p=62742#respond\"]}]},{\"@type\":\"WebPage\",\"@id\":\"https:\\\/\\\/akunq.net\\\/tr\\\/?p=62742\",\"url\":\"https:\\\/\\\/akunq.net\\\/tr\\\/?p=62742\",\"name\":\"Sular \u00e7ekilince tarihi kilise g\u00fcn y\u00fcz\u00fcne \u00e7\u0131kt\u0131 - Bati Ermenistan Ve Bati Ermenileri Sorunlari Ara\u015ftirmalar Merkezi\",\"isPartOf\":{\"@id\":\"https:\\\/\\\/akunq.net\\\/tr\\\/#website\"},\"primaryImageOfPage\":{\"@id\":\"https:\\\/\\\/akunq.net\\\/tr\\\/?p=62742#primaryimage\"},\"image\":{\"@id\":\"https:\\\/\\\/akunq.net\\\/tr\\\/?p=62742#primaryimage\"},\"thumbnailUrl\":\"https:\\\/\\\/akunq.net\\\/tr\\\/wp-content\\\/uploads\\\/sites\\\/6\\\/2021\\\/05\\\/Dersim-kilise.jpg\",\"datePublished\":\"2021-05-05T08:01:33+00:00\",\"dateModified\":\"2021-05-06T09:36:10+00:00\",\"author\":{\"@id\":\"https:\\\/\\\/akunq.net\\\/tr\\\/#\\\/schema\\\/person\\\/096f1d38a12cce57fb855b485ed24c9e\"},\"breadcrumb\":{\"@id\":\"https:\\\/\\\/akunq.net\\\/tr\\\/?p=62742#breadcrumb\"},\"inLanguage\":\"en-US\",\"potentialAction\":[{\"@type\":\"ReadAction\",\"target\":[\"https:\\\/\\\/akunq.net\\\/tr\\\/?p=62742\"]}]},{\"@type\":\"ImageObject\",\"inLanguage\":\"en-US\",\"@id\":\"https:\\\/\\\/akunq.net\\\/tr\\\/?p=62742#primaryimage\",\"url\":\"https:\\\/\\\/akunq.net\\\/tr\\\/wp-content\\\/uploads\\\/sites\\\/6\\\/2021\\\/05\\\/Dersim-kilise.jpg\",\"contentUrl\":\"https:\\\/\\\/akunq.net\\\/tr\\\/wp-content\\\/uploads\\\/sites\\\/6\\\/2021\\\/05\\\/Dersim-kilise.jpg\",\"width\":650,\"height\":344},{\"@type\":\"BreadcrumbList\",\"@id\":\"https:\\\/\\\/akunq.net\\\/tr\\\/?p=62742#breadcrumb\",\"itemListElement\":[{\"@type\":\"ListItem\",\"position\":1,\"name\":\"Home\",\"item\":\"https:\\\/\\\/akunq.net\\\/tr\"},{\"@type\":\"ListItem\",\"position\":2,\"name\":\"Sular \u00e7ekilince tarihi kilise g\u00fcn y\u00fcz\u00fcne \u00e7\u0131kt\u0131\"}]},{\"@type\":\"WebSite\",\"@id\":\"https:\\\/\\\/akunq.net\\\/tr\\\/#website\",\"url\":\"https:\\\/\\\/akunq.net\\\/tr\\\/\",\"name\":\"Bati Ermenistan Ve Bati Ermenileri Sorunlari Ara\u015ftirmalar Merkezi\",\"description\":\"\",\"potentialAction\":[{\"@type\":\"SearchAction\",\"target\":{\"@type\":\"EntryPoint\",\"urlTemplate\":\"https:\\\/\\\/akunq.net\\\/tr\\\/?s={search_term_string}\"},\"query-input\":{\"@type\":\"PropertyValueSpecification\",\"valueRequired\":true,\"valueName\":\"search_term_string\"}}],\"inLanguage\":\"en-US\"},{\"@type\":\"Person\",\"@id\":\"https:\\\/\\\/akunq.net\\\/tr\\\/#\\\/schema\\\/person\\\/096f1d38a12cce57fb855b485ed24c9e\",\"name\":\"admin\",\"url\":\"https:\\\/\\\/akunq.net\\\/tr\\\/?author=7\"}]}<\/script>\n<!-- \/ Yoast SEO plugin. -->","yoast_head_json":{"title":"Sular \u00e7ekilince tarihi kilise g\u00fcn y\u00fcz\u00fcne \u00e7\u0131kt\u0131 - Bati Ermenistan Ve Bati Ermenileri Sorunlari Ara\u015ftirmalar Merkezi","robots":{"index":"index","follow":"follow","max-snippet":"max-snippet:-1","max-image-preview":"max-image-preview:large","max-video-preview":"max-video-preview:-1"},"canonical":"https:\/\/akunq.net\/tr\/?p=62742","og_locale":"en_US","og_type":"article","og_title":"Sular \u00e7ekilince tarihi kilise g\u00fcn y\u00fcz\u00fcne \u00e7\u0131kt\u0131 - Bati Ermenistan Ve Bati Ermenileri Sorunlari Ara\u015ftirmalar Merkezi","og_description":"Ercan TOPA\u00c7 Tunceli (Dersim-&#8216;Akunq&#8217; web sitesi) ile Elaz\u0131\u011f (Harput-&#8216;Akunq&#8217; web sitesi) aras\u0131nda bulunan Keban Baraj G\u00f6l\u00fc\u2019nde su seviyesinin d\u00fc\u015fmesinin ard\u0131ndan tarihi Miyadin Kilisesi g\u00fcn y\u00fcz\u00fcne \u00e7\u0131kt\u0131. Kilisenin baraj sular\u0131ndan etkilenmemesi ise dikkat \u00e7ekti. Tunceli\u2019nin \u00c7emi\u015fgezek \u0130l\u00e7esi\u2019ne ba\u011fl\u0131 Al\u00e7\u0131l\u0131 k\u00f6y\u00fc Gemici mevkiinde Keban Baraj G\u00f6l\u00fc\u2019n\u00fcn k\u0131y\u0131s\u0131nda vadi i\u00e7erisinde yer alan Miyadin Kilisesi, baraj sular\u0131n\u0131n \u00e7ekilmesiyle uzun [&hellip;]","og_url":"https:\/\/akunq.net\/tr\/?p=62742","og_site_name":"Bati Ermenistan Ve Bati Ermenileri Sorunlari Ara\u015ftirmalar Merkezi","article_published_time":"2021-05-05T08:01:33+00:00","article_modified_time":"2021-05-06T09:36:10+00:00","og_image":[{"width":650,"height":344,"url":"https:\/\/akunq.net\/tr\/wp-content\/uploads\/sites\/6\/2021\/05\/Dersim-kilise.jpg","type":"image\/jpeg"}],"author":"admin","twitter_card":"summary_large_image","twitter_misc":{"Written by":"admin","Est. reading time":"2 minutes"},"schema":{"@context":"https:\/\/schema.org","@graph":[{"@type":"Article","@id":"https:\/\/akunq.net\/tr\/?p=62742#article","isPartOf":{"@id":"https:\/\/akunq.net\/tr\/?p=62742"},"author":{"name":"admin","@id":"https:\/\/akunq.net\/tr\/#\/schema\/person\/096f1d38a12cce57fb855b485ed24c9e"},"headline":"Sular \u00e7ekilince tarihi kilise g\u00fcn y\u00fcz\u00fcne \u00e7\u0131kt\u0131","datePublished":"2021-05-05T08:01:33+00:00","dateModified":"2021-05-06T09:36:10+00:00","mainEntityOfPage":{"@id":"https:\/\/akunq.net\/tr\/?p=62742"},"wordCount":457,"commentCount":0,"image":{"@id":"https:\/\/akunq.net\/tr\/?p=62742#primaryimage"},"thumbnailUrl":"https:\/\/akunq.net\/tr\/wp-content\/uploads\/sites\/6\/2021\/05\/Dersim-kilise.jpg","articleSection":["G\u00fcn\u00fcm\u00fczde Bat\u0131 Ermenistan","Haberler"],"inLanguage":"en-US","potentialAction":[{"@type":"CommentAction","name":"Comment","target":["https:\/\/akunq.net\/tr\/?p=62742#respond"]}]},{"@type":"WebPage","@id":"https:\/\/akunq.net\/tr\/?p=62742","url":"https:\/\/akunq.net\/tr\/?p=62742","name":"Sular \u00e7ekilince tarihi kilise g\u00fcn y\u00fcz\u00fcne \u00e7\u0131kt\u0131 - Bati Ermenistan Ve Bati Ermenileri Sorunlari Ara\u015ftirmalar Merkezi","isPartOf":{"@id":"https:\/\/akunq.net\/tr\/#website"},"primaryImageOfPage":{"@id":"https:\/\/akunq.net\/tr\/?p=62742#primaryimage"},"image":{"@id":"https:\/\/akunq.net\/tr\/?p=62742#primaryimage"},"thumbnailUrl":"https:\/\/akunq.net\/tr\/wp-content\/uploads\/sites\/6\/2021\/05\/Dersim-kilise.jpg","datePublished":"2021-05-05T08:01:33+00:00","dateModified":"2021-05-06T09:36:10+00:00","author":{"@id":"https:\/\/akunq.net\/tr\/#\/schema\/person\/096f1d38a12cce57fb855b485ed24c9e"},"breadcrumb":{"@id":"https:\/\/akunq.net\/tr\/?p=62742#breadcrumb"},"inLanguage":"en-US","potentialAction":[{"@type":"ReadAction","target":["https:\/\/akunq.net\/tr\/?p=62742"]}]},{"@type":"ImageObject","inLanguage":"en-US","@id":"https:\/\/akunq.net\/tr\/?p=62742#primaryimage","url":"https:\/\/akunq.net\/tr\/wp-content\/uploads\/sites\/6\/2021\/05\/Dersim-kilise.jpg","contentUrl":"https:\/\/akunq.net\/tr\/wp-content\/uploads\/sites\/6\/2021\/05\/Dersim-kilise.jpg","width":650,"height":344},{"@type":"BreadcrumbList","@id":"https:\/\/akunq.net\/tr\/?p=62742#breadcrumb","itemListElement":[{"@type":"ListItem","position":1,"name":"Home","item":"https:\/\/akunq.net\/tr"},{"@type":"ListItem","position":2,"name":"Sular \u00e7ekilince tarihi kilise g\u00fcn y\u00fcz\u00fcne \u00e7\u0131kt\u0131"}]},{"@type":"WebSite","@id":"https:\/\/akunq.net\/tr\/#website","url":"https:\/\/akunq.net\/tr\/","name":"Bati Ermenistan Ve Bati Ermenileri Sorunlari Ara\u015ftirmalar Merkezi","description":"","potentialAction":[{"@type":"SearchAction","target":{"@type":"EntryPoint","urlTemplate":"https:\/\/akunq.net\/tr\/?s={search_term_string}"},"query-input":{"@type":"PropertyValueSpecification","valueRequired":true,"valueName":"search_term_string"}}],"inLanguage":"en-US"},{"@type":"Person","@id":"https:\/\/akunq.net\/tr\/#\/schema\/person\/096f1d38a12cce57fb855b485ed24c9e","name":"admin","url":"https:\/\/akunq.net\/tr\/?author=7"}]}},"_links":{"self":[{"href":"https:\/\/akunq.net\/tr\/index.php?rest_route=\/wp\/v2\/posts\/62742","targetHints":{"allow":["GET"]}}],"collection":[{"href":"https:\/\/akunq.net\/tr\/index.php?rest_route=\/wp\/v2\/posts"}],"about":[{"href":"https:\/\/akunq.net\/tr\/index.php?rest_route=\/wp\/v2\/types\/post"}],"author":[{"embeddable":true,"href":"https:\/\/akunq.net\/tr\/index.php?rest_route=\/wp\/v2\/users\/7"}],"replies":[{"embeddable":true,"href":"https:\/\/akunq.net\/tr\/index.php?rest_route=%2Fwp%2Fv2%2Fcomments&post=62742"}],"version-history":[{"count":3,"href":"https:\/\/akunq.net\/tr\/index.php?rest_route=\/wp\/v2\/posts\/62742\/revisions"}],"predecessor-version":[{"id":62777,"href":"https:\/\/akunq.net\/tr\/index.php?rest_route=\/wp\/v2\/posts\/62742\/revisions\/62777"}],"wp:featuredmedia":[{"embeddable":true,"href":"https:\/\/akunq.net\/tr\/index.php?rest_route=\/wp\/v2\/media\/62743"}],"wp:attachment":[{"href":"https:\/\/akunq.net\/tr\/index.php?rest_route=%2Fwp%2Fv2%2Fmedia&parent=62742"}],"wp:term":[{"taxonomy":"category","embeddable":true,"href":"https:\/\/akunq.net\/tr\/index.php?rest_route=%2Fwp%2Fv2%2Fcategories&post=62742"},{"taxonomy":"post_tag","embeddable":true,"href":"https:\/\/akunq.net\/tr\/index.php?rest_route=%2Fwp%2Fv2%2Ftags&post=62742"}],"curies":[{"name":"wp","href":"https:\/\/api.w.org\/{rel}","templated":true}]}}