{"id":62739,"date":"2021-05-05T02:48:08","date_gmt":"2021-05-05T07:48:08","guid":{"rendered":"https:\/\/akunq.net\/tr\/?p=62739"},"modified":"2021-05-05T02:48:08","modified_gmt":"2021-05-05T07:48:08","slug":"dersim-tanigi-asker-anlatiyor-munzur-kipkirmizi-akardi","status":"publish","type":"post","link":"https:\/\/akunq.net\/tr\/?p=62739","title":{"rendered":"Dersim tan\u0131\u011f\u0131 asker anlat\u0131yor: Munzur k\u0131pk\u0131rm\u0131z\u0131 akard\u0131\u2026"},"content":{"rendered":"<p><img loading=\"lazy\" decoding=\"async\" class=\"aligncenter size-medium wp-image-62740\" src=\"https:\/\/akunq.net\/tr\/wp-content\/uploads\/2021\/05\/Dersim-1-360x203.jpg\" alt=\"\" width=\"360\" height=\"203\" srcset=\"https:\/\/akunq.net\/tr\/wp-content\/uploads\/sites\/6\/2021\/05\/Dersim-1-360x203.jpg 360w, https:\/\/akunq.net\/tr\/wp-content\/uploads\/sites\/6\/2021\/05\/Dersim-1-768x433.jpg 768w, https:\/\/akunq.net\/tr\/wp-content\/uploads\/sites\/6\/2021\/05\/Dersim-1-560x316.jpg 560w, https:\/\/akunq.net\/tr\/wp-content\/uploads\/sites\/6\/2021\/05\/Dersim-1-260x147.jpg 260w, https:\/\/akunq.net\/tr\/wp-content\/uploads\/sites\/6\/2021\/05\/Dersim-1-160x90.jpg 160w, https:\/\/akunq.net\/tr\/wp-content\/uploads\/sites\/6\/2021\/05\/Dersim-1.jpg 850w\" sizes=\"auto, (max-width: 360px) 100vw, 360px\" \/><\/p>\n<p><em><strong>Dersim Harekat\u0131\u2019na kat\u0131lan Mahmut Tokg\u00f6z, kendilerine verilen emir ve talimatlar\u0131 anlatt\u0131: Yak\u0131n emri verdiler, yakt\u0131k. O m\u0131nt\u0131kada canl\u0131 hi\u00e7bir \u015fey kalmad\u0131. Munzur k\u0131pk\u0131rm\u0131z\u0131 akard\u0131\u2026<\/strong><\/em><\/p>\n<p><strong>DUVAR \u2013<\/strong>\u00a0Dersim Katliam\u0131\u2019yla ilgili 3 ay \u00f6nce Youtube\u2019da yay\u0131mlanan bir video ortaya \u00e7\u0131kt\u0131. Ara\u015ft\u0131rmac\u0131 M\u00fckremin Karaa\u011fa\u00e7 taraf\u0131ndan Youtube\u2019a eklenen 43 dakikal\u0131k videoda Dersim Katliam\u0131\u2019na kat\u0131lan H. Mahmut Tokg\u00f6z adl\u0131 asker harekata dair an\u0131lar\u0131n\u0131 ve kendilerine verilen emirleri anlat\u0131yor.<\/p>\n<h1>KAYSER\u0130\u2019DEN (KESARIA-&#8216;Akunq&#8217; web sitesi) DERS\u0130M\u2019E\u2026<\/h1>\n<p>Kur\u2019an\u0131 Kerim tilavetiyle ba\u015flayan videoda Tokg\u00f6z, Kayseri\u2019de askerlik yaparken Dersim Harekat\u0131\u2019na kat\u0131lma emri ald\u0131klar\u0131 s\u00f6yledi.\u00a0Trenle Sivas ve Malatya \u00fczerinden Dersim\u2019e gittiklerini s\u00f6yleyen Tokg\u00f6z,alay komutanlar\u0131n\u0131n Feyzullah Barsan, b\u00f6l\u00fck komutanlar\u0131n\u0131n Mustafa Yavuz oldu\u011fu bilgisini verdi.<\/p>\n<p>Kendilerine, \u201cDersim\u2019de harekat\u0131 bast\u0131raca\u011f\u0131z\u201d denildi\u011fini aktaran Tokg\u00f6z, k\u00f6y ve kasabalardan insan toplad\u0131klar\u0131n\u0131 s\u00f6yledi. Burada ya\u015fayan sivil halk\u0131 Malatya\u2019ya sevk ettiklerini belirten Tokg\u00f6z, gen\u00e7leri de s\u00fcrg\u00fcn ederken kendilerine, \u201cSizi okutaca\u011f\u0131z\u201d dediklerini aktard\u0131.<\/p>\n<h2>\u2018HER \u015eEY\u0130 YAKTILAR\u2019<\/h2>\n<p>Alay komutanlar\u0131n\u0131n \u201cYok edilecek\u201d emri verdi\u011fini s\u00f6yleyen Tokg\u00f6z, harekatla ilgili \u015f\u00f6yle konu\u015ftu: \u201cMamika k\u00f6y\u00fcnde bir m\u0131nt\u0131ka verdiler bize. 36 alay bir ay i\u00e7erisinde birle\u015ftik. Herkese m\u0131nt\u0131kalar\u0131 payla\u015f\u0131ld\u0131. B\u00fct\u00fcn malzemeleri yakt\u0131k. S\u0131\u011f\u0131rlar\u0131 toplad\u0131k Elaz\u0131\u011f\u2019a g\u00f6t\u00fcrd\u00fck. Orada insan diye bir \u015fey kalmad\u0131. Her \u015feyi yakt\u0131lar. \u00d6k\u00fczler, atlar\u2026 Onlar\u0131 da s\u00fcrd\u00fck. Hi\u00e7bir \u015feyi b\u0131rakmad\u0131k. Ondan sonra yak\u0131n emri verdiler, yakt\u0131k. O m\u0131nt\u0131kada canl\u0131 hi\u00e7bir \u015fey kalmad\u0131. Katliamdan dolay\u0131 Munzur k\u0131pk\u0131rm\u0131z\u0131 kan akard\u0131.\u201d<\/p>\n<h3><strong>\u2018SEY\u0130D RIZA\u2019NIN DAMADI REHBERL\u0130K YAPTI\u2019<\/strong><\/h3>\n<p>Tokg\u00f6z \u015f\u00f6yle devam etti: \u201cDersim\u2019de Seyid R\u0131za\u2019n\u0131n damad\u0131 bize k\u0131lavuzluk, rehberlik yap\u0131yordu. Biz \u00f6nc\u00fc g\u00fc\u00e7 gibiydik. 8, 10 k\u00f6y\u00fc gezdik. Sonra da geri geldik. Alay komutan\u0131 da Seyid R\u0131za\u2019n\u0131n damad\u0131 Mustafa\u2019yla tan\u0131\u015ft\u0131. \u2018Tak, vur\u2019 emri veriliyordu bize. Gitti\u011fimiz k\u00f6yler Alevi k\u00f6yleri miydi bilmiyorum. Seyid R\u0131za\u2019y\u0131 g\u00f6rmedik, bizden daha \u00f6nce kendisini ya \u00f6ld\u00fcrm\u00fc\u015flerdi ya da \u00f6lm\u00fc\u015ft\u00fc. Bir yerde Kur\u2019an\u0131 Kerim bulduk ba\u015fka yerde bulamad\u0131k. Buradaki insanlar vergi vermeyenlerdi. Devlete kar\u015f\u0131 geliyorlard\u0131. Bize sebep s\u00f6ylenmiyordu. Bize izah edilmiyordu, vurun diyorlard\u0131. Bize bilgi gelmiyordu. Alay komutan\u0131n elinde b\u00fcy\u00fck haritalar vard\u0131 onun elinde plan haz\u0131rd\u0131. Ka\u00e7 insan \u00f6ld\u00fcr\u00fcld\u00fc bilmiyorum ama orada insan kalmad\u0131. Gitti\u011fimiz yerleri yakt\u0131k, geldik. \u00c7ok asker de \u00f6ld\u00fc. Ka\u00e7 asker \u00f6ld\u00fc bilmiyoruz. \u00c7ok \u00fcrperdik. \u00c7ok s\u0131k\u0131nt\u0131 \u00e7ektik. Bizim alay\u0131m\u0131zda Do\u011fu ve G\u00fcneydo\u011fu\u2019dan asker yoktu. \u00c7ocuklar askerleri g\u00f6rd\u00fc\u011f\u00fcnde annesinin yan\u0131na ka\u00e7\u0131yordu. \u0130nsan bazen bu \u00e7ocuklara dayanam\u0131yordu. \u00c7ekti\u011fi eziyetler\u2026 Oradaki insanlar bize eziyet etmedi. T\u00fcrk\u00e7e bilmiyorlard\u0131. Bize kar\u015f\u0131 gelen yoktu. Bu bizi d\u00fc\u015f\u00fcnd\u00fcr\u00fcyordu. Bize a\u011f\u0131r gelen buydu. Evet yapan yapm\u0131\u015ft\u0131, eli silah tutan kendisine g\u00fcvenen ka\u00e7\u0131p gitmi\u015fti.\u201d<\/p>\n<p>Dersim\u2019den y\u00fcr\u00fcyerek Gaziantep\u2019e geldiklerini buradan da Kilis\u2019e gittiklerini belirten Tokg\u00f6z, Kayseri\u2019ye vard\u0131ktan sonra tezkerelerini ald\u0131klar\u0131n\u0131 belirtti.<\/p>\n<p>18 Nisan 2011\u2019de Dersim 38 tan\u0131\u011f\u0131 Mehmet Ali \u00c7avu\u015f da katliam d\u00f6neminde askerlik yapt\u0131\u011f\u0131 an\u0131lar\u0131 anlatm\u0131\u015ft\u0131. \u00c7avu\u015f, terteleyi anlat\u0131rken s\u00f6yledi\u011fi \u015fu c\u00fcmleler haf\u0131zalara kaz\u0131nd\u0131: Kur\u015fun ve dip\u00e7ikledikten sonra ate\u015fe veriyorlard\u0131 insanlar\u0131\u2026<\/p>\n<figure class=\"wp-block-embed is-type-video is-provider-youtube wp-block-embed-youtube wp-embed-aspect-16-9 wp-has-aspect-ratio\">\n<div class=\"wp-block-embed__wrapper\">\n<div class=\"fluid-width-video-wrapper\"><iframe id=\"fitvid488233\" title=\"H. MAHMUT TOKG\u00d6Z (1926-2003) DERS\u0130M HAREKATI \u0130LE \u0130LG\u0130L\u0130 R\u00d6PORTAJ 1992\" src=\"https:\/\/www.youtube.com\/embed\/ey5NRZPGtrc?feature=oembed\" frameborder=\"0\" allowfullscreen=\"allowfullscreen\" data-mce-fragment=\"1\"><\/iframe><\/div>\n<\/div>\n<\/figure>\n<hr class=\"wp-block-separator\" \/>\n<p><em><strong><a href=\"https:\/\/www.gazeteduvar.com.tr\/dersim-tanigi-asker-munzur-kipkirmizi-akardi-haber-1521274\">https:\/\/www.gazeteduvar.com.tr\/dersim-tanigi-asker-munzur-kipkirmizi-akardi-haber-1521274<\/a><\/strong><\/em><\/p>\n","protected":false},"excerpt":{"rendered":"<p>Dersim Harekat\u0131\u2019na kat\u0131lan Mahmut Tokg\u00f6z, kendilerine verilen emir ve talimatlar\u0131 anlatt\u0131: Yak\u0131n emri verdiler, yakt\u0131k. O m\u0131nt\u0131kada canl\u0131 hi\u00e7bir \u015fey kalmad\u0131. Munzur k\u0131pk\u0131rm\u0131z\u0131 akard\u0131\u2026 DUVAR \u2013\u00a0Dersim Katliam\u0131\u2019yla ilgili 3 ay \u00f6nce Youtube\u2019da yay\u0131mlanan bir video ortaya \u00e7\u0131kt\u0131. Ara\u015ft\u0131rmac\u0131 M\u00fckremin Karaa\u011fa\u00e7 taraf\u0131ndan Youtube\u2019a eklenen 43 dakikal\u0131k videoda Dersim Katliam\u0131\u2019na kat\u0131lan H. Mahmut Tokg\u00f6z adl\u0131 asker harekata [&hellip;]<\/p>\n","protected":false},"author":7,"featured_media":62740,"comment_status":"open","ping_status":"open","sticky":false,"template":"","format":"standard","meta":{"footnotes":""},"categories":[1,78,20],"tags":[],"class_list":["post-62739","post","type-post","status-publish","format-standard","has-post-thumbnail","hentry","category-haberler","category-tanikliklar","category-tarih-sayfalari"],"yoast_head":"<!-- This site is optimized with the Yoast SEO plugin v27.4 - https:\/\/yoast.com\/product\/yoast-seo-wordpress\/ -->\n<title>Dersim tan\u0131\u011f\u0131 asker anlat\u0131yor: Munzur k\u0131pk\u0131rm\u0131z\u0131 akard\u0131\u2026 - Bati Ermenistan Ve Bati Ermenileri Sorunlari Ara\u015ftirmalar Merkezi<\/title>\n<meta name=\"robots\" content=\"index, follow, max-snippet:-1, max-image-preview:large, max-video-preview:-1\" \/>\n<link rel=\"canonical\" href=\"https:\/\/akunq.net\/tr\/?p=62739\" \/>\n<meta property=\"og:locale\" content=\"en_US\" \/>\n<meta property=\"og:type\" content=\"article\" \/>\n<meta property=\"og:title\" content=\"Dersim tan\u0131\u011f\u0131 asker anlat\u0131yor: Munzur k\u0131pk\u0131rm\u0131z\u0131 akard\u0131\u2026 - Bati Ermenistan Ve Bati Ermenileri Sorunlari Ara\u015ftirmalar Merkezi\" \/>\n<meta property=\"og:description\" content=\"Dersim Harekat\u0131\u2019na kat\u0131lan Mahmut Tokg\u00f6z, kendilerine verilen emir ve talimatlar\u0131 anlatt\u0131: Yak\u0131n emri verdiler, yakt\u0131k. O m\u0131nt\u0131kada canl\u0131 hi\u00e7bir \u015fey kalmad\u0131. Munzur k\u0131pk\u0131rm\u0131z\u0131 akard\u0131\u2026 DUVAR \u2013\u00a0Dersim Katliam\u0131\u2019yla ilgili 3 ay \u00f6nce Youtube\u2019da yay\u0131mlanan bir video ortaya \u00e7\u0131kt\u0131. Ara\u015ft\u0131rmac\u0131 M\u00fckremin Karaa\u011fa\u00e7 taraf\u0131ndan Youtube\u2019a eklenen 43 dakikal\u0131k videoda Dersim Katliam\u0131\u2019na kat\u0131lan H. Mahmut Tokg\u00f6z adl\u0131 asker harekata [&hellip;]\" \/>\n<meta property=\"og:url\" content=\"https:\/\/akunq.net\/tr\/?p=62739\" \/>\n<meta property=\"og:site_name\" content=\"Bati Ermenistan Ve Bati Ermenileri Sorunlari Ara\u015ftirmalar Merkezi\" \/>\n<meta property=\"article:published_time\" content=\"2021-05-05T07:48:08+00:00\" \/>\n<meta property=\"og:image\" content=\"https:\/\/akunq.net\/tr\/wp-content\/uploads\/sites\/6\/2021\/05\/Dersim-1.jpg\" \/>\n\t<meta property=\"og:image:width\" content=\"850\" \/>\n\t<meta property=\"og:image:height\" content=\"479\" \/>\n\t<meta property=\"og:image:type\" content=\"image\/jpeg\" \/>\n<meta name=\"author\" content=\"admin\" \/>\n<meta name=\"twitter:card\" content=\"summary_large_image\" \/>\n<meta name=\"twitter:label1\" content=\"Written by\" \/>\n\t<meta name=\"twitter:data1\" content=\"admin\" \/>\n\t<meta name=\"twitter:label2\" content=\"Est. reading time\" \/>\n\t<meta name=\"twitter:data2\" content=\"3 minutes\" \/>\n<script type=\"application\/ld+json\" class=\"yoast-schema-graph\">{\"@context\":\"https:\\\/\\\/schema.org\",\"@graph\":[{\"@type\":\"Article\",\"@id\":\"https:\\\/\\\/akunq.net\\\/tr\\\/?p=62739#article\",\"isPartOf\":{\"@id\":\"https:\\\/\\\/akunq.net\\\/tr\\\/?p=62739\"},\"author\":{\"name\":\"admin\",\"@id\":\"https:\\\/\\\/akunq.net\\\/tr\\\/#\\\/schema\\\/person\\\/096f1d38a12cce57fb855b485ed24c9e\"},\"headline\":\"Dersim tan\u0131\u011f\u0131 asker anlat\u0131yor: Munzur k\u0131pk\u0131rm\u0131z\u0131 akard\u0131\u2026\",\"datePublished\":\"2021-05-05T07:48:08+00:00\",\"mainEntityOfPage\":{\"@id\":\"https:\\\/\\\/akunq.net\\\/tr\\\/?p=62739\"},\"wordCount\":617,\"commentCount\":0,\"image\":{\"@id\":\"https:\\\/\\\/akunq.net\\\/tr\\\/?p=62739#primaryimage\"},\"thumbnailUrl\":\"https:\\\/\\\/akunq.net\\\/tr\\\/wp-content\\\/uploads\\\/sites\\\/6\\\/2021\\\/05\\\/Dersim-1.jpg\",\"articleSection\":[\"Haberler\",\"Tan\u0131kl\u0131klar\",\"Tarih Sayfalar\u0131\"],\"inLanguage\":\"en-US\",\"potentialAction\":[{\"@type\":\"CommentAction\",\"name\":\"Comment\",\"target\":[\"https:\\\/\\\/akunq.net\\\/tr\\\/?p=62739#respond\"]}]},{\"@type\":\"WebPage\",\"@id\":\"https:\\\/\\\/akunq.net\\\/tr\\\/?p=62739\",\"url\":\"https:\\\/\\\/akunq.net\\\/tr\\\/?p=62739\",\"name\":\"Dersim tan\u0131\u011f\u0131 asker anlat\u0131yor: Munzur k\u0131pk\u0131rm\u0131z\u0131 akard\u0131\u2026 - Bati Ermenistan Ve Bati Ermenileri Sorunlari Ara\u015ftirmalar Merkezi\",\"isPartOf\":{\"@id\":\"https:\\\/\\\/akunq.net\\\/tr\\\/#website\"},\"primaryImageOfPage\":{\"@id\":\"https:\\\/\\\/akunq.net\\\/tr\\\/?p=62739#primaryimage\"},\"image\":{\"@id\":\"https:\\\/\\\/akunq.net\\\/tr\\\/?p=62739#primaryimage\"},\"thumbnailUrl\":\"https:\\\/\\\/akunq.net\\\/tr\\\/wp-content\\\/uploads\\\/sites\\\/6\\\/2021\\\/05\\\/Dersim-1.jpg\",\"datePublished\":\"2021-05-05T07:48:08+00:00\",\"author\":{\"@id\":\"https:\\\/\\\/akunq.net\\\/tr\\\/#\\\/schema\\\/person\\\/096f1d38a12cce57fb855b485ed24c9e\"},\"breadcrumb\":{\"@id\":\"https:\\\/\\\/akunq.net\\\/tr\\\/?p=62739#breadcrumb\"},\"inLanguage\":\"en-US\",\"potentialAction\":[{\"@type\":\"ReadAction\",\"target\":[\"https:\\\/\\\/akunq.net\\\/tr\\\/?p=62739\"]}]},{\"@type\":\"ImageObject\",\"inLanguage\":\"en-US\",\"@id\":\"https:\\\/\\\/akunq.net\\\/tr\\\/?p=62739#primaryimage\",\"url\":\"https:\\\/\\\/akunq.net\\\/tr\\\/wp-content\\\/uploads\\\/sites\\\/6\\\/2021\\\/05\\\/Dersim-1.jpg\",\"contentUrl\":\"https:\\\/\\\/akunq.net\\\/tr\\\/wp-content\\\/uploads\\\/sites\\\/6\\\/2021\\\/05\\\/Dersim-1.jpg\",\"width\":850,\"height\":479},{\"@type\":\"BreadcrumbList\",\"@id\":\"https:\\\/\\\/akunq.net\\\/tr\\\/?p=62739#breadcrumb\",\"itemListElement\":[{\"@type\":\"ListItem\",\"position\":1,\"name\":\"Home\",\"item\":\"https:\\\/\\\/akunq.net\\\/tr\"},{\"@type\":\"ListItem\",\"position\":2,\"name\":\"Dersim tan\u0131\u011f\u0131 asker anlat\u0131yor: Munzur k\u0131pk\u0131rm\u0131z\u0131 akard\u0131\u2026\"}]},{\"@type\":\"WebSite\",\"@id\":\"https:\\\/\\\/akunq.net\\\/tr\\\/#website\",\"url\":\"https:\\\/\\\/akunq.net\\\/tr\\\/\",\"name\":\"Bati Ermenistan Ve Bati Ermenileri Sorunlari Ara\u015ftirmalar Merkezi\",\"description\":\"\",\"potentialAction\":[{\"@type\":\"SearchAction\",\"target\":{\"@type\":\"EntryPoint\",\"urlTemplate\":\"https:\\\/\\\/akunq.net\\\/tr\\\/?s={search_term_string}\"},\"query-input\":{\"@type\":\"PropertyValueSpecification\",\"valueRequired\":true,\"valueName\":\"search_term_string\"}}],\"inLanguage\":\"en-US\"},{\"@type\":\"Person\",\"@id\":\"https:\\\/\\\/akunq.net\\\/tr\\\/#\\\/schema\\\/person\\\/096f1d38a12cce57fb855b485ed24c9e\",\"name\":\"admin\",\"url\":\"https:\\\/\\\/akunq.net\\\/tr\\\/?author=7\"}]}<\/script>\n<!-- \/ Yoast SEO plugin. -->","yoast_head_json":{"title":"Dersim tan\u0131\u011f\u0131 asker anlat\u0131yor: Munzur k\u0131pk\u0131rm\u0131z\u0131 akard\u0131\u2026 - Bati Ermenistan Ve Bati Ermenileri Sorunlari Ara\u015ftirmalar Merkezi","robots":{"index":"index","follow":"follow","max-snippet":"max-snippet:-1","max-image-preview":"max-image-preview:large","max-video-preview":"max-video-preview:-1"},"canonical":"https:\/\/akunq.net\/tr\/?p=62739","og_locale":"en_US","og_type":"article","og_title":"Dersim tan\u0131\u011f\u0131 asker anlat\u0131yor: Munzur k\u0131pk\u0131rm\u0131z\u0131 akard\u0131\u2026 - Bati Ermenistan Ve Bati Ermenileri Sorunlari Ara\u015ftirmalar Merkezi","og_description":"Dersim Harekat\u0131\u2019na kat\u0131lan Mahmut Tokg\u00f6z, kendilerine verilen emir ve talimatlar\u0131 anlatt\u0131: Yak\u0131n emri verdiler, yakt\u0131k. O m\u0131nt\u0131kada canl\u0131 hi\u00e7bir \u015fey kalmad\u0131. Munzur k\u0131pk\u0131rm\u0131z\u0131 akard\u0131\u2026 DUVAR \u2013\u00a0Dersim Katliam\u0131\u2019yla ilgili 3 ay \u00f6nce Youtube\u2019da yay\u0131mlanan bir video ortaya \u00e7\u0131kt\u0131. Ara\u015ft\u0131rmac\u0131 M\u00fckremin Karaa\u011fa\u00e7 taraf\u0131ndan Youtube\u2019a eklenen 43 dakikal\u0131k videoda Dersim Katliam\u0131\u2019na kat\u0131lan H. Mahmut Tokg\u00f6z adl\u0131 asker harekata [&hellip;]","og_url":"https:\/\/akunq.net\/tr\/?p=62739","og_site_name":"Bati Ermenistan Ve Bati Ermenileri Sorunlari Ara\u015ftirmalar Merkezi","article_published_time":"2021-05-05T07:48:08+00:00","og_image":[{"width":850,"height":479,"url":"https:\/\/akunq.net\/tr\/wp-content\/uploads\/sites\/6\/2021\/05\/Dersim-1.jpg","type":"image\/jpeg"}],"author":"admin","twitter_card":"summary_large_image","twitter_misc":{"Written by":"admin","Est. reading time":"3 minutes"},"schema":{"@context":"https:\/\/schema.org","@graph":[{"@type":"Article","@id":"https:\/\/akunq.net\/tr\/?p=62739#article","isPartOf":{"@id":"https:\/\/akunq.net\/tr\/?p=62739"},"author":{"name":"admin","@id":"https:\/\/akunq.net\/tr\/#\/schema\/person\/096f1d38a12cce57fb855b485ed24c9e"},"headline":"Dersim tan\u0131\u011f\u0131 asker anlat\u0131yor: Munzur k\u0131pk\u0131rm\u0131z\u0131 akard\u0131\u2026","datePublished":"2021-05-05T07:48:08+00:00","mainEntityOfPage":{"@id":"https:\/\/akunq.net\/tr\/?p=62739"},"wordCount":617,"commentCount":0,"image":{"@id":"https:\/\/akunq.net\/tr\/?p=62739#primaryimage"},"thumbnailUrl":"https:\/\/akunq.net\/tr\/wp-content\/uploads\/sites\/6\/2021\/05\/Dersim-1.jpg","articleSection":["Haberler","Tan\u0131kl\u0131klar","Tarih Sayfalar\u0131"],"inLanguage":"en-US","potentialAction":[{"@type":"CommentAction","name":"Comment","target":["https:\/\/akunq.net\/tr\/?p=62739#respond"]}]},{"@type":"WebPage","@id":"https:\/\/akunq.net\/tr\/?p=62739","url":"https:\/\/akunq.net\/tr\/?p=62739","name":"Dersim tan\u0131\u011f\u0131 asker anlat\u0131yor: Munzur k\u0131pk\u0131rm\u0131z\u0131 akard\u0131\u2026 - Bati Ermenistan Ve Bati Ermenileri Sorunlari Ara\u015ftirmalar Merkezi","isPartOf":{"@id":"https:\/\/akunq.net\/tr\/#website"},"primaryImageOfPage":{"@id":"https:\/\/akunq.net\/tr\/?p=62739#primaryimage"},"image":{"@id":"https:\/\/akunq.net\/tr\/?p=62739#primaryimage"},"thumbnailUrl":"https:\/\/akunq.net\/tr\/wp-content\/uploads\/sites\/6\/2021\/05\/Dersim-1.jpg","datePublished":"2021-05-05T07:48:08+00:00","author":{"@id":"https:\/\/akunq.net\/tr\/#\/schema\/person\/096f1d38a12cce57fb855b485ed24c9e"},"breadcrumb":{"@id":"https:\/\/akunq.net\/tr\/?p=62739#breadcrumb"},"inLanguage":"en-US","potentialAction":[{"@type":"ReadAction","target":["https:\/\/akunq.net\/tr\/?p=62739"]}]},{"@type":"ImageObject","inLanguage":"en-US","@id":"https:\/\/akunq.net\/tr\/?p=62739#primaryimage","url":"https:\/\/akunq.net\/tr\/wp-content\/uploads\/sites\/6\/2021\/05\/Dersim-1.jpg","contentUrl":"https:\/\/akunq.net\/tr\/wp-content\/uploads\/sites\/6\/2021\/05\/Dersim-1.jpg","width":850,"height":479},{"@type":"BreadcrumbList","@id":"https:\/\/akunq.net\/tr\/?p=62739#breadcrumb","itemListElement":[{"@type":"ListItem","position":1,"name":"Home","item":"https:\/\/akunq.net\/tr"},{"@type":"ListItem","position":2,"name":"Dersim tan\u0131\u011f\u0131 asker anlat\u0131yor: Munzur k\u0131pk\u0131rm\u0131z\u0131 akard\u0131\u2026"}]},{"@type":"WebSite","@id":"https:\/\/akunq.net\/tr\/#website","url":"https:\/\/akunq.net\/tr\/","name":"Bati Ermenistan Ve Bati Ermenileri Sorunlari Ara\u015ftirmalar Merkezi","description":"","potentialAction":[{"@type":"SearchAction","target":{"@type":"EntryPoint","urlTemplate":"https:\/\/akunq.net\/tr\/?s={search_term_string}"},"query-input":{"@type":"PropertyValueSpecification","valueRequired":true,"valueName":"search_term_string"}}],"inLanguage":"en-US"},{"@type":"Person","@id":"https:\/\/akunq.net\/tr\/#\/schema\/person\/096f1d38a12cce57fb855b485ed24c9e","name":"admin","url":"https:\/\/akunq.net\/tr\/?author=7"}]}},"_links":{"self":[{"href":"https:\/\/akunq.net\/tr\/index.php?rest_route=\/wp\/v2\/posts\/62739","targetHints":{"allow":["GET"]}}],"collection":[{"href":"https:\/\/akunq.net\/tr\/index.php?rest_route=\/wp\/v2\/posts"}],"about":[{"href":"https:\/\/akunq.net\/tr\/index.php?rest_route=\/wp\/v2\/types\/post"}],"author":[{"embeddable":true,"href":"https:\/\/akunq.net\/tr\/index.php?rest_route=\/wp\/v2\/users\/7"}],"replies":[{"embeddable":true,"href":"https:\/\/akunq.net\/tr\/index.php?rest_route=%2Fwp%2Fv2%2Fcomments&post=62739"}],"version-history":[{"count":1,"href":"https:\/\/akunq.net\/tr\/index.php?rest_route=\/wp\/v2\/posts\/62739\/revisions"}],"predecessor-version":[{"id":62741,"href":"https:\/\/akunq.net\/tr\/index.php?rest_route=\/wp\/v2\/posts\/62739\/revisions\/62741"}],"wp:featuredmedia":[{"embeddable":true,"href":"https:\/\/akunq.net\/tr\/index.php?rest_route=\/wp\/v2\/media\/62740"}],"wp:attachment":[{"href":"https:\/\/akunq.net\/tr\/index.php?rest_route=%2Fwp%2Fv2%2Fmedia&parent=62739"}],"wp:term":[{"taxonomy":"category","embeddable":true,"href":"https:\/\/akunq.net\/tr\/index.php?rest_route=%2Fwp%2Fv2%2Fcategories&post=62739"},{"taxonomy":"post_tag","embeddable":true,"href":"https:\/\/akunq.net\/tr\/index.php?rest_route=%2Fwp%2Fv2%2Ftags&post=62739"}],"curies":[{"name":"wp","href":"https:\/\/api.w.org\/{rel}","templated":true}]}}