{"id":62736,"date":"2021-05-05T02:12:22","date_gmt":"2021-05-05T07:12:22","guid":{"rendered":"https:\/\/akunq.net\/tr\/?p=62736"},"modified":"2021-05-05T02:12:22","modified_gmt":"2021-05-05T07:12:22","slug":"erdogan-azinlik-kurumlarinin-yoneticileriyle-iftarda-bulusacak","status":"publish","type":"post","link":"https:\/\/akunq.net\/tr\/?p=62736","title":{"rendered":"Erdo\u011fan az\u0131nl\u0131k kurumlar\u0131n\u0131n y\u00f6neticileriyle iftarda bulu\u015facak"},"content":{"rendered":"<p><img loading=\"lazy\" decoding=\"async\" class=\"aligncenter size-medium wp-image-62737\" src=\"https:\/\/akunq.net\/tr\/wp-content\/uploads\/2021\/05\/bestepe-360x172.jpg\" alt=\"\" width=\"360\" height=\"172\" srcset=\"https:\/\/akunq.net\/tr\/wp-content\/uploads\/sites\/6\/2021\/05\/bestepe-360x172.jpg 360w, https:\/\/akunq.net\/tr\/wp-content\/uploads\/sites\/6\/2021\/05\/bestepe-560x268.jpg 560w, https:\/\/akunq.net\/tr\/wp-content\/uploads\/sites\/6\/2021\/05\/bestepe-260x124.jpg 260w, https:\/\/akunq.net\/tr\/wp-content\/uploads\/sites\/6\/2021\/05\/bestepe-160x77.jpg 160w, https:\/\/akunq.net\/tr\/wp-content\/uploads\/sites\/6\/2021\/05\/bestepe.jpg 702w\" sizes=\"auto, (max-width: 360px) 100vw, 360px\" \/><\/p>\n<p><em><strong>Cumhurba\u015fkan\u0131 Erdo\u011fan\u2019\u0131n yar\u0131n az\u0131nl\u0131k toplumlar\u0131n\u0131n ruhani ve sivil y\u00f6neticileriyle Be\u015ftepe Yerle\u015fkesi\u2019nde d\u00fczenlenecek iftar program\u0131nda bir araya gelmesi bekleniyor.<\/strong><\/em><\/p>\n<p>Bas\u0131na yans\u0131yan bilgilere g\u00f6re Rum, Ermeni, Yahudi, S\u00fcryani, Roman ve di\u011fer az\u0131nl\u0131k kurumlar\u0131n\u0131n ruhani ve sivil y\u00f6neticilerinin\u00a0 kat\u0131lmas\u0131\u00a0 planlanan iftar program\u0131nda, yeni anayasa ba\u015fta olmak \u00fczere az\u0131nl\u0131k vak\u0131flar\u0131n\u0131n ta\u015f\u0131nmazlar\u0131n\u0131n iadesi s\u00fcreci, konuyla ilgili gerekli yasal mevzuat talebi gibi konular\u0131n g\u00fcndeme gelmesi bekleniyor.<\/p>\n<p>Bas\u0131na yans\u0131yan bilgilere g\u00f6re ABD Ba\u015fkan\u0131 Joe Biden\u2019\u0131n\u00a0 a\u00e7\u0131klamas\u0131n\u0131n da toplant\u0131da de\u011ferlendirilebilece\u011fi belirtiliyor.<\/p>\n<p><em><strong>http:\/\/www.agos.com.tr\/tr\/yazi\/25643\/erdogan-azinlik-kurumlarinin-yoneticileriyle-iftarda-bulusacak<\/strong><\/em><\/p>\n<div class=\"tagcloud\">\n<h4><\/h4>\n<\/div>\n","protected":false},"excerpt":{"rendered":"<p>Cumhurba\u015fkan\u0131 Erdo\u011fan\u2019\u0131n yar\u0131n az\u0131nl\u0131k toplumlar\u0131n\u0131n ruhani ve sivil y\u00f6neticileriyle Be\u015ftepe Yerle\u015fkesi\u2019nde d\u00fczenlenecek iftar program\u0131nda bir araya gelmesi bekleniyor. Bas\u0131na yans\u0131yan bilgilere g\u00f6re Rum, Ermeni, Yahudi, S\u00fcryani, Roman ve di\u011fer az\u0131nl\u0131k kurumlar\u0131n\u0131n ruhani ve sivil y\u00f6neticilerinin\u00a0 kat\u0131lmas\u0131\u00a0 planlanan iftar program\u0131nda, yeni anayasa ba\u015fta olmak \u00fczere az\u0131nl\u0131k vak\u0131flar\u0131n\u0131n ta\u015f\u0131nmazlar\u0131n\u0131n iadesi s\u00fcreci, konuyla ilgili gerekli yasal mevzuat talebi [&hellip;]<\/p>\n","protected":false},"author":7,"featured_media":62737,"comment_status":"open","ping_status":"open","sticky":false,"template":"","format":"standard","meta":{"footnotes":""},"categories":[1,53],"tags":[],"class_list":["post-62736","post","type-post","status-publish","format-standard","has-post-thumbnail","hentry","category-haberler","category-turkiyede-azinliklar"],"yoast_head":"<!-- This site is optimized with the Yoast SEO plugin v27.4 - https:\/\/yoast.com\/product\/yoast-seo-wordpress\/ -->\n<title>Erdo\u011fan az\u0131nl\u0131k kurumlar\u0131n\u0131n y\u00f6neticileriyle iftarda bulu\u015facak - Bati Ermenistan Ve Bati Ermenileri Sorunlari Ara\u015ftirmalar Merkezi<\/title>\n<meta name=\"robots\" content=\"index, follow, max-snippet:-1, max-image-preview:large, max-video-preview:-1\" \/>\n<link rel=\"canonical\" href=\"https:\/\/akunq.net\/tr\/?p=62736\" \/>\n<meta property=\"og:locale\" content=\"en_US\" \/>\n<meta property=\"og:type\" content=\"article\" \/>\n<meta property=\"og:title\" content=\"Erdo\u011fan az\u0131nl\u0131k kurumlar\u0131n\u0131n y\u00f6neticileriyle iftarda bulu\u015facak - Bati Ermenistan Ve Bati Ermenileri Sorunlari Ara\u015ftirmalar Merkezi\" \/>\n<meta property=\"og:description\" content=\"Cumhurba\u015fkan\u0131 Erdo\u011fan\u2019\u0131n yar\u0131n az\u0131nl\u0131k toplumlar\u0131n\u0131n ruhani ve sivil y\u00f6neticileriyle Be\u015ftepe Yerle\u015fkesi\u2019nde d\u00fczenlenecek iftar program\u0131nda bir araya gelmesi bekleniyor. Bas\u0131na yans\u0131yan bilgilere g\u00f6re Rum, Ermeni, Yahudi, S\u00fcryani, Roman ve di\u011fer az\u0131nl\u0131k kurumlar\u0131n\u0131n ruhani ve sivil y\u00f6neticilerinin\u00a0 kat\u0131lmas\u0131\u00a0 planlanan iftar program\u0131nda, yeni anayasa ba\u015fta olmak \u00fczere az\u0131nl\u0131k vak\u0131flar\u0131n\u0131n ta\u015f\u0131nmazlar\u0131n\u0131n iadesi s\u00fcreci, konuyla ilgili gerekli yasal mevzuat talebi [&hellip;]\" \/>\n<meta property=\"og:url\" content=\"https:\/\/akunq.net\/tr\/?p=62736\" \/>\n<meta property=\"og:site_name\" content=\"Bati Ermenistan Ve Bati Ermenileri Sorunlari Ara\u015ftirmalar Merkezi\" \/>\n<meta property=\"article:published_time\" content=\"2021-05-05T07:12:22+00:00\" \/>\n<meta property=\"og:image\" content=\"https:\/\/akunq.net\/tr\/wp-content\/uploads\/sites\/6\/2021\/05\/bestepe.jpg\" \/>\n\t<meta property=\"og:image:width\" content=\"702\" \/>\n\t<meta property=\"og:image:height\" content=\"336\" \/>\n\t<meta property=\"og:image:type\" content=\"image\/jpeg\" \/>\n<meta name=\"author\" content=\"admin\" \/>\n<meta name=\"twitter:card\" content=\"summary_large_image\" \/>\n<meta name=\"twitter:label1\" content=\"Written by\" \/>\n\t<meta name=\"twitter:data1\" content=\"admin\" \/>\n\t<meta name=\"twitter:label2\" content=\"Est. reading time\" \/>\n\t<meta name=\"twitter:data2\" content=\"1 minute\" \/>\n<script type=\"application\/ld+json\" class=\"yoast-schema-graph\">{\"@context\":\"https:\\\/\\\/schema.org\",\"@graph\":[{\"@type\":\"Article\",\"@id\":\"https:\\\/\\\/akunq.net\\\/tr\\\/?p=62736#article\",\"isPartOf\":{\"@id\":\"https:\\\/\\\/akunq.net\\\/tr\\\/?p=62736\"},\"author\":{\"name\":\"admin\",\"@id\":\"https:\\\/\\\/akunq.net\\\/tr\\\/#\\\/schema\\\/person\\\/096f1d38a12cce57fb855b485ed24c9e\"},\"headline\":\"Erdo\u011fan az\u0131nl\u0131k kurumlar\u0131n\u0131n y\u00f6neticileriyle iftarda bulu\u015facak\",\"datePublished\":\"2021-05-05T07:12:22+00:00\",\"mainEntityOfPage\":{\"@id\":\"https:\\\/\\\/akunq.net\\\/tr\\\/?p=62736\"},\"wordCount\":143,\"commentCount\":0,\"image\":{\"@id\":\"https:\\\/\\\/akunq.net\\\/tr\\\/?p=62736#primaryimage\"},\"thumbnailUrl\":\"https:\\\/\\\/akunq.net\\\/tr\\\/wp-content\\\/uploads\\\/sites\\\/6\\\/2021\\\/05\\\/bestepe.jpg\",\"articleSection\":[\"Haberler\",\"T\u00fcrkiye\u2019de Az\u0131nl\u0131klar\"],\"inLanguage\":\"en-US\",\"potentialAction\":[{\"@type\":\"CommentAction\",\"name\":\"Comment\",\"target\":[\"https:\\\/\\\/akunq.net\\\/tr\\\/?p=62736#respond\"]}]},{\"@type\":\"WebPage\",\"@id\":\"https:\\\/\\\/akunq.net\\\/tr\\\/?p=62736\",\"url\":\"https:\\\/\\\/akunq.net\\\/tr\\\/?p=62736\",\"name\":\"Erdo\u011fan az\u0131nl\u0131k kurumlar\u0131n\u0131n y\u00f6neticileriyle iftarda bulu\u015facak - Bati Ermenistan Ve Bati Ermenileri Sorunlari Ara\u015ftirmalar Merkezi\",\"isPartOf\":{\"@id\":\"https:\\\/\\\/akunq.net\\\/tr\\\/#website\"},\"primaryImageOfPage\":{\"@id\":\"https:\\\/\\\/akunq.net\\\/tr\\\/?p=62736#primaryimage\"},\"image\":{\"@id\":\"https:\\\/\\\/akunq.net\\\/tr\\\/?p=62736#primaryimage\"},\"thumbnailUrl\":\"https:\\\/\\\/akunq.net\\\/tr\\\/wp-content\\\/uploads\\\/sites\\\/6\\\/2021\\\/05\\\/bestepe.jpg\",\"datePublished\":\"2021-05-05T07:12:22+00:00\",\"author\":{\"@id\":\"https:\\\/\\\/akunq.net\\\/tr\\\/#\\\/schema\\\/person\\\/096f1d38a12cce57fb855b485ed24c9e\"},\"breadcrumb\":{\"@id\":\"https:\\\/\\\/akunq.net\\\/tr\\\/?p=62736#breadcrumb\"},\"inLanguage\":\"en-US\",\"potentialAction\":[{\"@type\":\"ReadAction\",\"target\":[\"https:\\\/\\\/akunq.net\\\/tr\\\/?p=62736\"]}]},{\"@type\":\"ImageObject\",\"inLanguage\":\"en-US\",\"@id\":\"https:\\\/\\\/akunq.net\\\/tr\\\/?p=62736#primaryimage\",\"url\":\"https:\\\/\\\/akunq.net\\\/tr\\\/wp-content\\\/uploads\\\/sites\\\/6\\\/2021\\\/05\\\/bestepe.jpg\",\"contentUrl\":\"https:\\\/\\\/akunq.net\\\/tr\\\/wp-content\\\/uploads\\\/sites\\\/6\\\/2021\\\/05\\\/bestepe.jpg\",\"width\":702,\"height\":336},{\"@type\":\"BreadcrumbList\",\"@id\":\"https:\\\/\\\/akunq.net\\\/tr\\\/?p=62736#breadcrumb\",\"itemListElement\":[{\"@type\":\"ListItem\",\"position\":1,\"name\":\"Home\",\"item\":\"https:\\\/\\\/akunq.net\\\/tr\"},{\"@type\":\"ListItem\",\"position\":2,\"name\":\"Erdo\u011fan az\u0131nl\u0131k kurumlar\u0131n\u0131n y\u00f6neticileriyle iftarda bulu\u015facak\"}]},{\"@type\":\"WebSite\",\"@id\":\"https:\\\/\\\/akunq.net\\\/tr\\\/#website\",\"url\":\"https:\\\/\\\/akunq.net\\\/tr\\\/\",\"name\":\"Bati Ermenistan Ve Bati Ermenileri Sorunlari Ara\u015ftirmalar Merkezi\",\"description\":\"\",\"potentialAction\":[{\"@type\":\"SearchAction\",\"target\":{\"@type\":\"EntryPoint\",\"urlTemplate\":\"https:\\\/\\\/akunq.net\\\/tr\\\/?s={search_term_string}\"},\"query-input\":{\"@type\":\"PropertyValueSpecification\",\"valueRequired\":true,\"valueName\":\"search_term_string\"}}],\"inLanguage\":\"en-US\"},{\"@type\":\"Person\",\"@id\":\"https:\\\/\\\/akunq.net\\\/tr\\\/#\\\/schema\\\/person\\\/096f1d38a12cce57fb855b485ed24c9e\",\"name\":\"admin\",\"url\":\"https:\\\/\\\/akunq.net\\\/tr\\\/?author=7\"}]}<\/script>\n<!-- \/ Yoast SEO plugin. -->","yoast_head_json":{"title":"Erdo\u011fan az\u0131nl\u0131k kurumlar\u0131n\u0131n y\u00f6neticileriyle iftarda bulu\u015facak - Bati Ermenistan Ve Bati Ermenileri Sorunlari Ara\u015ftirmalar Merkezi","robots":{"index":"index","follow":"follow","max-snippet":"max-snippet:-1","max-image-preview":"max-image-preview:large","max-video-preview":"max-video-preview:-1"},"canonical":"https:\/\/akunq.net\/tr\/?p=62736","og_locale":"en_US","og_type":"article","og_title":"Erdo\u011fan az\u0131nl\u0131k kurumlar\u0131n\u0131n y\u00f6neticileriyle iftarda bulu\u015facak - Bati Ermenistan Ve Bati Ermenileri Sorunlari Ara\u015ftirmalar Merkezi","og_description":"Cumhurba\u015fkan\u0131 Erdo\u011fan\u2019\u0131n yar\u0131n az\u0131nl\u0131k toplumlar\u0131n\u0131n ruhani ve sivil y\u00f6neticileriyle Be\u015ftepe Yerle\u015fkesi\u2019nde d\u00fczenlenecek iftar program\u0131nda bir araya gelmesi bekleniyor. Bas\u0131na yans\u0131yan bilgilere g\u00f6re Rum, Ermeni, Yahudi, S\u00fcryani, Roman ve di\u011fer az\u0131nl\u0131k kurumlar\u0131n\u0131n ruhani ve sivil y\u00f6neticilerinin\u00a0 kat\u0131lmas\u0131\u00a0 planlanan iftar program\u0131nda, yeni anayasa ba\u015fta olmak \u00fczere az\u0131nl\u0131k vak\u0131flar\u0131n\u0131n ta\u015f\u0131nmazlar\u0131n\u0131n iadesi s\u00fcreci, konuyla ilgili gerekli yasal mevzuat talebi [&hellip;]","og_url":"https:\/\/akunq.net\/tr\/?p=62736","og_site_name":"Bati Ermenistan Ve Bati Ermenileri Sorunlari Ara\u015ftirmalar Merkezi","article_published_time":"2021-05-05T07:12:22+00:00","og_image":[{"width":702,"height":336,"url":"https:\/\/akunq.net\/tr\/wp-content\/uploads\/sites\/6\/2021\/05\/bestepe.jpg","type":"image\/jpeg"}],"author":"admin","twitter_card":"summary_large_image","twitter_misc":{"Written by":"admin","Est. reading time":"1 minute"},"schema":{"@context":"https:\/\/schema.org","@graph":[{"@type":"Article","@id":"https:\/\/akunq.net\/tr\/?p=62736#article","isPartOf":{"@id":"https:\/\/akunq.net\/tr\/?p=62736"},"author":{"name":"admin","@id":"https:\/\/akunq.net\/tr\/#\/schema\/person\/096f1d38a12cce57fb855b485ed24c9e"},"headline":"Erdo\u011fan az\u0131nl\u0131k kurumlar\u0131n\u0131n y\u00f6neticileriyle iftarda bulu\u015facak","datePublished":"2021-05-05T07:12:22+00:00","mainEntityOfPage":{"@id":"https:\/\/akunq.net\/tr\/?p=62736"},"wordCount":143,"commentCount":0,"image":{"@id":"https:\/\/akunq.net\/tr\/?p=62736#primaryimage"},"thumbnailUrl":"https:\/\/akunq.net\/tr\/wp-content\/uploads\/sites\/6\/2021\/05\/bestepe.jpg","articleSection":["Haberler","T\u00fcrkiye\u2019de Az\u0131nl\u0131klar"],"inLanguage":"en-US","potentialAction":[{"@type":"CommentAction","name":"Comment","target":["https:\/\/akunq.net\/tr\/?p=62736#respond"]}]},{"@type":"WebPage","@id":"https:\/\/akunq.net\/tr\/?p=62736","url":"https:\/\/akunq.net\/tr\/?p=62736","name":"Erdo\u011fan az\u0131nl\u0131k kurumlar\u0131n\u0131n y\u00f6neticileriyle iftarda bulu\u015facak - Bati Ermenistan Ve Bati Ermenileri Sorunlari Ara\u015ftirmalar Merkezi","isPartOf":{"@id":"https:\/\/akunq.net\/tr\/#website"},"primaryImageOfPage":{"@id":"https:\/\/akunq.net\/tr\/?p=62736#primaryimage"},"image":{"@id":"https:\/\/akunq.net\/tr\/?p=62736#primaryimage"},"thumbnailUrl":"https:\/\/akunq.net\/tr\/wp-content\/uploads\/sites\/6\/2021\/05\/bestepe.jpg","datePublished":"2021-05-05T07:12:22+00:00","author":{"@id":"https:\/\/akunq.net\/tr\/#\/schema\/person\/096f1d38a12cce57fb855b485ed24c9e"},"breadcrumb":{"@id":"https:\/\/akunq.net\/tr\/?p=62736#breadcrumb"},"inLanguage":"en-US","potentialAction":[{"@type":"ReadAction","target":["https:\/\/akunq.net\/tr\/?p=62736"]}]},{"@type":"ImageObject","inLanguage":"en-US","@id":"https:\/\/akunq.net\/tr\/?p=62736#primaryimage","url":"https:\/\/akunq.net\/tr\/wp-content\/uploads\/sites\/6\/2021\/05\/bestepe.jpg","contentUrl":"https:\/\/akunq.net\/tr\/wp-content\/uploads\/sites\/6\/2021\/05\/bestepe.jpg","width":702,"height":336},{"@type":"BreadcrumbList","@id":"https:\/\/akunq.net\/tr\/?p=62736#breadcrumb","itemListElement":[{"@type":"ListItem","position":1,"name":"Home","item":"https:\/\/akunq.net\/tr"},{"@type":"ListItem","position":2,"name":"Erdo\u011fan az\u0131nl\u0131k kurumlar\u0131n\u0131n y\u00f6neticileriyle iftarda bulu\u015facak"}]},{"@type":"WebSite","@id":"https:\/\/akunq.net\/tr\/#website","url":"https:\/\/akunq.net\/tr\/","name":"Bati Ermenistan Ve Bati Ermenileri Sorunlari Ara\u015ftirmalar Merkezi","description":"","potentialAction":[{"@type":"SearchAction","target":{"@type":"EntryPoint","urlTemplate":"https:\/\/akunq.net\/tr\/?s={search_term_string}"},"query-input":{"@type":"PropertyValueSpecification","valueRequired":true,"valueName":"search_term_string"}}],"inLanguage":"en-US"},{"@type":"Person","@id":"https:\/\/akunq.net\/tr\/#\/schema\/person\/096f1d38a12cce57fb855b485ed24c9e","name":"admin","url":"https:\/\/akunq.net\/tr\/?author=7"}]}},"_links":{"self":[{"href":"https:\/\/akunq.net\/tr\/index.php?rest_route=\/wp\/v2\/posts\/62736","targetHints":{"allow":["GET"]}}],"collection":[{"href":"https:\/\/akunq.net\/tr\/index.php?rest_route=\/wp\/v2\/posts"}],"about":[{"href":"https:\/\/akunq.net\/tr\/index.php?rest_route=\/wp\/v2\/types\/post"}],"author":[{"embeddable":true,"href":"https:\/\/akunq.net\/tr\/index.php?rest_route=\/wp\/v2\/users\/7"}],"replies":[{"embeddable":true,"href":"https:\/\/akunq.net\/tr\/index.php?rest_route=%2Fwp%2Fv2%2Fcomments&post=62736"}],"version-history":[{"count":1,"href":"https:\/\/akunq.net\/tr\/index.php?rest_route=\/wp\/v2\/posts\/62736\/revisions"}],"predecessor-version":[{"id":62738,"href":"https:\/\/akunq.net\/tr\/index.php?rest_route=\/wp\/v2\/posts\/62736\/revisions\/62738"}],"wp:featuredmedia":[{"embeddable":true,"href":"https:\/\/akunq.net\/tr\/index.php?rest_route=\/wp\/v2\/media\/62737"}],"wp:attachment":[{"href":"https:\/\/akunq.net\/tr\/index.php?rest_route=%2Fwp%2Fv2%2Fmedia&parent=62736"}],"wp:term":[{"taxonomy":"category","embeddable":true,"href":"https:\/\/akunq.net\/tr\/index.php?rest_route=%2Fwp%2Fv2%2Fcategories&post=62736"},{"taxonomy":"post_tag","embeddable":true,"href":"https:\/\/akunq.net\/tr\/index.php?rest_route=%2Fwp%2Fv2%2Ftags&post=62736"}],"curies":[{"name":"wp","href":"https:\/\/api.w.org\/{rel}","templated":true}]}}