{"id":62733,"date":"2021-05-05T02:05:41","date_gmt":"2021-05-05T07:05:41","guid":{"rendered":"https:\/\/akunq.net\/tr\/?p=62733"},"modified":"2021-05-05T02:05:41","modified_gmt":"2021-05-05T07:05:41","slug":"yunanistan-basbakani-kilikya-ermeni-katolikosuna-bir-mektup-iletti","status":"publish","type":"post","link":"https:\/\/akunq.net\/tr\/?p=62733","title":{"rendered":"Yunanistan Ba\u015fbakan\u0131, Kilikya Ermeni Katolikosu&#8217;na bir mektup iletti"},"content":{"rendered":"<p><img loading=\"lazy\" decoding=\"async\" class=\"aligncenter size-medium wp-image-62734\" src=\"https:\/\/akunq.net\/tr\/wp-content\/uploads\/2021\/05\/Yunanistan-Ba\u015fbakan\u0131-Kilikya-Ermeni-Katolikosu-285x270.jpg\" alt=\"\" width=\"285\" height=\"270\" srcset=\"https:\/\/akunq.net\/tr\/wp-content\/uploads\/sites\/6\/2021\/05\/Yunanistan-Ba\u015fbakan\u0131-Kilikya-Ermeni-Katolikosu-285x270.jpg 285w, https:\/\/akunq.net\/tr\/wp-content\/uploads\/sites\/6\/2021\/05\/Yunanistan-Ba\u015fbakan\u0131-Kilikya-Ermeni-Katolikosu-768x727.jpg 768w, https:\/\/akunq.net\/tr\/wp-content\/uploads\/sites\/6\/2021\/05\/Yunanistan-Ba\u015fbakan\u0131-Kilikya-Ermeni-Katolikosu-560x530.jpg 560w, https:\/\/akunq.net\/tr\/wp-content\/uploads\/sites\/6\/2021\/05\/Yunanistan-Ba\u015fbakan\u0131-Kilikya-Ermeni-Katolikosu-260x246.jpg 260w, https:\/\/akunq.net\/tr\/wp-content\/uploads\/sites\/6\/2021\/05\/Yunanistan-Ba\u015fbakan\u0131-Kilikya-Ermeni-Katolikosu-160x152.jpg 160w, https:\/\/akunq.net\/tr\/wp-content\/uploads\/sites\/6\/2021\/05\/Yunanistan-Ba\u015fbakan\u0131-Kilikya-Ermeni-Katolikosu.jpg 1080w\" sizes=\"auto, (max-width: 285px) 100vw, 285px\" \/><\/p>\n<p><em><strong>Yunanistan Ba\u015fbakan\u0131 Kyriakos Mitsotakis, 23 Nisan tarihinde Kilikiya Ermeni Katolikosu Birici Aram Hazretleri\u2019ne bir mektup iletti.<\/strong><\/em><\/p>\n<p>Ermeni ve Yunan halklar\u0131n ve kiliselerin\u00a0 dostlu\u011fundan memnun oldu\u011funu dile getiren Mitsotakis, \u201cZaman\u0131n derinli\u011finde tarihi ba\u011flar\u0131m\u0131z\u0131 daha da peki\u015ftirmek istiyoruz\u201d ifadelerine yer verdi.<\/p>\n<p>Yunanistan Ba\u015fbakan\u0131, Ermenistan\u2019a, Ermeni halk\u0131na ve Birinci Aram Hazetlerine ba\u015far\u0131lar ve bol \u015fans diledi.<\/p>\n<p><em><strong>https:\/\/www.ermenihaber.am\/tr\/news\/2021\/05\/04\/Yunanistan-Ba%C5%9Fbakan%C4%B1-Kilikya-Ermeni-Katolikosu\/207285\u00a0<\/strong><\/em><\/p>\n","protected":false},"excerpt":{"rendered":"<p>Yunanistan Ba\u015fbakan\u0131 Kyriakos Mitsotakis, 23 Nisan tarihinde Kilikiya Ermeni Katolikosu Birici Aram Hazretleri\u2019ne bir mektup iletti. Ermeni ve Yunan halklar\u0131n ve kiliselerin\u00a0 dostlu\u011fundan memnun oldu\u011funu dile getiren Mitsotakis, \u201cZaman\u0131n derinli\u011finde tarihi ba\u011flar\u0131m\u0131z\u0131 daha da peki\u015ftirmek istiyoruz\u201d ifadelerine yer verdi. Yunanistan Ba\u015fbakan\u0131, Ermenistan\u2019a, Ermeni halk\u0131na ve Birinci Aram Hazetlerine ba\u015far\u0131lar ve bol \u015fans diledi. https:\/\/www.ermenihaber.am\/tr\/news\/2021\/05\/04\/Yunanistan-Ba%C5%9Fbakan%C4%B1-Kilikya-Ermeni-Katolikosu\/207285\u00a0<\/p>\n","protected":false},"author":7,"featured_media":62734,"comment_status":"open","ping_status":"open","sticky":false,"template":"","format":"standard","meta":{"footnotes":""},"categories":[1],"tags":[],"class_list":["post-62733","post","type-post","status-publish","format-standard","has-post-thumbnail","hentry","category-haberler"],"yoast_head":"<!-- This site is optimized with the Yoast SEO plugin v27.4 - https:\/\/yoast.com\/product\/yoast-seo-wordpress\/ -->\n<title>Yunanistan Ba\u015fbakan\u0131, Kilikya Ermeni Katolikosu&#039;na bir mektup iletti - Bati Ermenistan Ve Bati Ermenileri Sorunlari Ara\u015ftirmalar Merkezi<\/title>\n<meta name=\"robots\" content=\"index, follow, max-snippet:-1, max-image-preview:large, max-video-preview:-1\" \/>\n<link rel=\"canonical\" href=\"https:\/\/akunq.net\/tr\/?p=62733\" \/>\n<meta property=\"og:locale\" content=\"en_US\" \/>\n<meta property=\"og:type\" content=\"article\" \/>\n<meta property=\"og:title\" content=\"Yunanistan Ba\u015fbakan\u0131, Kilikya Ermeni Katolikosu&#039;na bir mektup iletti - Bati Ermenistan Ve Bati Ermenileri Sorunlari Ara\u015ftirmalar Merkezi\" \/>\n<meta property=\"og:description\" content=\"Yunanistan Ba\u015fbakan\u0131 Kyriakos Mitsotakis, 23 Nisan tarihinde Kilikiya Ermeni Katolikosu Birici Aram Hazretleri\u2019ne bir mektup iletti. Ermeni ve Yunan halklar\u0131n ve kiliselerin\u00a0 dostlu\u011fundan memnun oldu\u011funu dile getiren Mitsotakis, \u201cZaman\u0131n derinli\u011finde tarihi ba\u011flar\u0131m\u0131z\u0131 daha da peki\u015ftirmek istiyoruz\u201d ifadelerine yer verdi. Yunanistan Ba\u015fbakan\u0131, Ermenistan\u2019a, Ermeni halk\u0131na ve Birinci Aram Hazetlerine ba\u015far\u0131lar ve bol \u015fans diledi. https:\/\/www.ermenihaber.am\/tr\/news\/2021\/05\/04\/Yunanistan-Ba%C5%9Fbakan%C4%B1-Kilikya-Ermeni-Katolikosu\/207285\u00a0\" \/>\n<meta property=\"og:url\" content=\"https:\/\/akunq.net\/tr\/?p=62733\" \/>\n<meta property=\"og:site_name\" content=\"Bati Ermenistan Ve Bati Ermenileri Sorunlari Ara\u015ftirmalar Merkezi\" \/>\n<meta property=\"article:published_time\" content=\"2021-05-05T07:05:41+00:00\" \/>\n<meta property=\"og:image\" content=\"https:\/\/akunq.net\/tr\/wp-content\/uploads\/sites\/6\/2021\/05\/Yunanistan-Ba\u015fbakan\u0131-Kilikya-Ermeni-Katolikosu.jpg\" \/>\n\t<meta property=\"og:image:width\" content=\"1080\" \/>\n\t<meta property=\"og:image:height\" content=\"1023\" \/>\n\t<meta property=\"og:image:type\" content=\"image\/jpeg\" \/>\n<meta name=\"author\" content=\"admin\" \/>\n<meta name=\"twitter:card\" content=\"summary_large_image\" \/>\n<meta name=\"twitter:label1\" content=\"Written by\" \/>\n\t<meta name=\"twitter:data1\" content=\"admin\" \/>\n<script type=\"application\/ld+json\" class=\"yoast-schema-graph\">{\"@context\":\"https:\\\/\\\/schema.org\",\"@graph\":[{\"@type\":\"Article\",\"@id\":\"https:\\\/\\\/akunq.net\\\/tr\\\/?p=62733#article\",\"isPartOf\":{\"@id\":\"https:\\\/\\\/akunq.net\\\/tr\\\/?p=62733\"},\"author\":{\"name\":\"admin\",\"@id\":\"https:\\\/\\\/akunq.net\\\/tr\\\/#\\\/schema\\\/person\\\/096f1d38a12cce57fb855b485ed24c9e\"},\"headline\":\"Yunanistan Ba\u015fbakan\u0131, Kilikya Ermeni Katolikosu&#8217;na bir mektup iletti\",\"datePublished\":\"2021-05-05T07:05:41+00:00\",\"mainEntityOfPage\":{\"@id\":\"https:\\\/\\\/akunq.net\\\/tr\\\/?p=62733\"},\"wordCount\":89,\"commentCount\":0,\"image\":{\"@id\":\"https:\\\/\\\/akunq.net\\\/tr\\\/?p=62733#primaryimage\"},\"thumbnailUrl\":\"https:\\\/\\\/akunq.net\\\/tr\\\/wp-content\\\/uploads\\\/sites\\\/6\\\/2021\\\/05\\\/Yunanistan-Ba\u015fbakan\u0131-Kilikya-Ermeni-Katolikosu.jpg\",\"articleSection\":[\"Haberler\"],\"inLanguage\":\"en-US\",\"potentialAction\":[{\"@type\":\"CommentAction\",\"name\":\"Comment\",\"target\":[\"https:\\\/\\\/akunq.net\\\/tr\\\/?p=62733#respond\"]}]},{\"@type\":\"WebPage\",\"@id\":\"https:\\\/\\\/akunq.net\\\/tr\\\/?p=62733\",\"url\":\"https:\\\/\\\/akunq.net\\\/tr\\\/?p=62733\",\"name\":\"Yunanistan Ba\u015fbakan\u0131, Kilikya Ermeni Katolikosu'na bir mektup iletti - Bati Ermenistan Ve Bati Ermenileri Sorunlari Ara\u015ftirmalar Merkezi\",\"isPartOf\":{\"@id\":\"https:\\\/\\\/akunq.net\\\/tr\\\/#website\"},\"primaryImageOfPage\":{\"@id\":\"https:\\\/\\\/akunq.net\\\/tr\\\/?p=62733#primaryimage\"},\"image\":{\"@id\":\"https:\\\/\\\/akunq.net\\\/tr\\\/?p=62733#primaryimage\"},\"thumbnailUrl\":\"https:\\\/\\\/akunq.net\\\/tr\\\/wp-content\\\/uploads\\\/sites\\\/6\\\/2021\\\/05\\\/Yunanistan-Ba\u015fbakan\u0131-Kilikya-Ermeni-Katolikosu.jpg\",\"datePublished\":\"2021-05-05T07:05:41+00:00\",\"author\":{\"@id\":\"https:\\\/\\\/akunq.net\\\/tr\\\/#\\\/schema\\\/person\\\/096f1d38a12cce57fb855b485ed24c9e\"},\"breadcrumb\":{\"@id\":\"https:\\\/\\\/akunq.net\\\/tr\\\/?p=62733#breadcrumb\"},\"inLanguage\":\"en-US\",\"potentialAction\":[{\"@type\":\"ReadAction\",\"target\":[\"https:\\\/\\\/akunq.net\\\/tr\\\/?p=62733\"]}]},{\"@type\":\"ImageObject\",\"inLanguage\":\"en-US\",\"@id\":\"https:\\\/\\\/akunq.net\\\/tr\\\/?p=62733#primaryimage\",\"url\":\"https:\\\/\\\/akunq.net\\\/tr\\\/wp-content\\\/uploads\\\/sites\\\/6\\\/2021\\\/05\\\/Yunanistan-Ba\u015fbakan\u0131-Kilikya-Ermeni-Katolikosu.jpg\",\"contentUrl\":\"https:\\\/\\\/akunq.net\\\/tr\\\/wp-content\\\/uploads\\\/sites\\\/6\\\/2021\\\/05\\\/Yunanistan-Ba\u015fbakan\u0131-Kilikya-Ermeni-Katolikosu.jpg\",\"width\":1080,\"height\":1023},{\"@type\":\"BreadcrumbList\",\"@id\":\"https:\\\/\\\/akunq.net\\\/tr\\\/?p=62733#breadcrumb\",\"itemListElement\":[{\"@type\":\"ListItem\",\"position\":1,\"name\":\"Home\",\"item\":\"https:\\\/\\\/akunq.net\\\/tr\"},{\"@type\":\"ListItem\",\"position\":2,\"name\":\"Yunanistan Ba\u015fbakan\u0131, Kilikya Ermeni Katolikosu&#8217;na bir mektup iletti\"}]},{\"@type\":\"WebSite\",\"@id\":\"https:\\\/\\\/akunq.net\\\/tr\\\/#website\",\"url\":\"https:\\\/\\\/akunq.net\\\/tr\\\/\",\"name\":\"Bati Ermenistan Ve Bati Ermenileri Sorunlari Ara\u015ftirmalar Merkezi\",\"description\":\"\",\"potentialAction\":[{\"@type\":\"SearchAction\",\"target\":{\"@type\":\"EntryPoint\",\"urlTemplate\":\"https:\\\/\\\/akunq.net\\\/tr\\\/?s={search_term_string}\"},\"query-input\":{\"@type\":\"PropertyValueSpecification\",\"valueRequired\":true,\"valueName\":\"search_term_string\"}}],\"inLanguage\":\"en-US\"},{\"@type\":\"Person\",\"@id\":\"https:\\\/\\\/akunq.net\\\/tr\\\/#\\\/schema\\\/person\\\/096f1d38a12cce57fb855b485ed24c9e\",\"name\":\"admin\",\"url\":\"https:\\\/\\\/akunq.net\\\/tr\\\/?author=7\"}]}<\/script>\n<!-- \/ Yoast SEO plugin. -->","yoast_head_json":{"title":"Yunanistan Ba\u015fbakan\u0131, Kilikya Ermeni Katolikosu'na bir mektup iletti - Bati Ermenistan Ve Bati Ermenileri Sorunlari Ara\u015ftirmalar Merkezi","robots":{"index":"index","follow":"follow","max-snippet":"max-snippet:-1","max-image-preview":"max-image-preview:large","max-video-preview":"max-video-preview:-1"},"canonical":"https:\/\/akunq.net\/tr\/?p=62733","og_locale":"en_US","og_type":"article","og_title":"Yunanistan Ba\u015fbakan\u0131, Kilikya Ermeni Katolikosu'na bir mektup iletti - Bati Ermenistan Ve Bati Ermenileri Sorunlari Ara\u015ftirmalar Merkezi","og_description":"Yunanistan Ba\u015fbakan\u0131 Kyriakos Mitsotakis, 23 Nisan tarihinde Kilikiya Ermeni Katolikosu Birici Aram Hazretleri\u2019ne bir mektup iletti. Ermeni ve Yunan halklar\u0131n ve kiliselerin\u00a0 dostlu\u011fundan memnun oldu\u011funu dile getiren Mitsotakis, \u201cZaman\u0131n derinli\u011finde tarihi ba\u011flar\u0131m\u0131z\u0131 daha da peki\u015ftirmek istiyoruz\u201d ifadelerine yer verdi. Yunanistan Ba\u015fbakan\u0131, Ermenistan\u2019a, Ermeni halk\u0131na ve Birinci Aram Hazetlerine ba\u015far\u0131lar ve bol \u015fans diledi. https:\/\/www.ermenihaber.am\/tr\/news\/2021\/05\/04\/Yunanistan-Ba%C5%9Fbakan%C4%B1-Kilikya-Ermeni-Katolikosu\/207285\u00a0","og_url":"https:\/\/akunq.net\/tr\/?p=62733","og_site_name":"Bati Ermenistan Ve Bati Ermenileri Sorunlari Ara\u015ftirmalar Merkezi","article_published_time":"2021-05-05T07:05:41+00:00","og_image":[{"width":1080,"height":1023,"url":"https:\/\/akunq.net\/tr\/wp-content\/uploads\/sites\/6\/2021\/05\/Yunanistan-Ba\u015fbakan\u0131-Kilikya-Ermeni-Katolikosu.jpg","type":"image\/jpeg"}],"author":"admin","twitter_card":"summary_large_image","twitter_misc":{"Written by":"admin"},"schema":{"@context":"https:\/\/schema.org","@graph":[{"@type":"Article","@id":"https:\/\/akunq.net\/tr\/?p=62733#article","isPartOf":{"@id":"https:\/\/akunq.net\/tr\/?p=62733"},"author":{"name":"admin","@id":"https:\/\/akunq.net\/tr\/#\/schema\/person\/096f1d38a12cce57fb855b485ed24c9e"},"headline":"Yunanistan Ba\u015fbakan\u0131, Kilikya Ermeni Katolikosu&#8217;na bir mektup iletti","datePublished":"2021-05-05T07:05:41+00:00","mainEntityOfPage":{"@id":"https:\/\/akunq.net\/tr\/?p=62733"},"wordCount":89,"commentCount":0,"image":{"@id":"https:\/\/akunq.net\/tr\/?p=62733#primaryimage"},"thumbnailUrl":"https:\/\/akunq.net\/tr\/wp-content\/uploads\/sites\/6\/2021\/05\/Yunanistan-Ba\u015fbakan\u0131-Kilikya-Ermeni-Katolikosu.jpg","articleSection":["Haberler"],"inLanguage":"en-US","potentialAction":[{"@type":"CommentAction","name":"Comment","target":["https:\/\/akunq.net\/tr\/?p=62733#respond"]}]},{"@type":"WebPage","@id":"https:\/\/akunq.net\/tr\/?p=62733","url":"https:\/\/akunq.net\/tr\/?p=62733","name":"Yunanistan Ba\u015fbakan\u0131, Kilikya Ermeni Katolikosu'na bir mektup iletti - Bati Ermenistan Ve Bati Ermenileri Sorunlari Ara\u015ftirmalar Merkezi","isPartOf":{"@id":"https:\/\/akunq.net\/tr\/#website"},"primaryImageOfPage":{"@id":"https:\/\/akunq.net\/tr\/?p=62733#primaryimage"},"image":{"@id":"https:\/\/akunq.net\/tr\/?p=62733#primaryimage"},"thumbnailUrl":"https:\/\/akunq.net\/tr\/wp-content\/uploads\/sites\/6\/2021\/05\/Yunanistan-Ba\u015fbakan\u0131-Kilikya-Ermeni-Katolikosu.jpg","datePublished":"2021-05-05T07:05:41+00:00","author":{"@id":"https:\/\/akunq.net\/tr\/#\/schema\/person\/096f1d38a12cce57fb855b485ed24c9e"},"breadcrumb":{"@id":"https:\/\/akunq.net\/tr\/?p=62733#breadcrumb"},"inLanguage":"en-US","potentialAction":[{"@type":"ReadAction","target":["https:\/\/akunq.net\/tr\/?p=62733"]}]},{"@type":"ImageObject","inLanguage":"en-US","@id":"https:\/\/akunq.net\/tr\/?p=62733#primaryimage","url":"https:\/\/akunq.net\/tr\/wp-content\/uploads\/sites\/6\/2021\/05\/Yunanistan-Ba\u015fbakan\u0131-Kilikya-Ermeni-Katolikosu.jpg","contentUrl":"https:\/\/akunq.net\/tr\/wp-content\/uploads\/sites\/6\/2021\/05\/Yunanistan-Ba\u015fbakan\u0131-Kilikya-Ermeni-Katolikosu.jpg","width":1080,"height":1023},{"@type":"BreadcrumbList","@id":"https:\/\/akunq.net\/tr\/?p=62733#breadcrumb","itemListElement":[{"@type":"ListItem","position":1,"name":"Home","item":"https:\/\/akunq.net\/tr"},{"@type":"ListItem","position":2,"name":"Yunanistan Ba\u015fbakan\u0131, Kilikya Ermeni Katolikosu&#8217;na bir mektup iletti"}]},{"@type":"WebSite","@id":"https:\/\/akunq.net\/tr\/#website","url":"https:\/\/akunq.net\/tr\/","name":"Bati Ermenistan Ve Bati Ermenileri Sorunlari Ara\u015ftirmalar Merkezi","description":"","potentialAction":[{"@type":"SearchAction","target":{"@type":"EntryPoint","urlTemplate":"https:\/\/akunq.net\/tr\/?s={search_term_string}"},"query-input":{"@type":"PropertyValueSpecification","valueRequired":true,"valueName":"search_term_string"}}],"inLanguage":"en-US"},{"@type":"Person","@id":"https:\/\/akunq.net\/tr\/#\/schema\/person\/096f1d38a12cce57fb855b485ed24c9e","name":"admin","url":"https:\/\/akunq.net\/tr\/?author=7"}]}},"_links":{"self":[{"href":"https:\/\/akunq.net\/tr\/index.php?rest_route=\/wp\/v2\/posts\/62733","targetHints":{"allow":["GET"]}}],"collection":[{"href":"https:\/\/akunq.net\/tr\/index.php?rest_route=\/wp\/v2\/posts"}],"about":[{"href":"https:\/\/akunq.net\/tr\/index.php?rest_route=\/wp\/v2\/types\/post"}],"author":[{"embeddable":true,"href":"https:\/\/akunq.net\/tr\/index.php?rest_route=\/wp\/v2\/users\/7"}],"replies":[{"embeddable":true,"href":"https:\/\/akunq.net\/tr\/index.php?rest_route=%2Fwp%2Fv2%2Fcomments&post=62733"}],"version-history":[{"count":1,"href":"https:\/\/akunq.net\/tr\/index.php?rest_route=\/wp\/v2\/posts\/62733\/revisions"}],"predecessor-version":[{"id":62735,"href":"https:\/\/akunq.net\/tr\/index.php?rest_route=\/wp\/v2\/posts\/62733\/revisions\/62735"}],"wp:featuredmedia":[{"embeddable":true,"href":"https:\/\/akunq.net\/tr\/index.php?rest_route=\/wp\/v2\/media\/62734"}],"wp:attachment":[{"href":"https:\/\/akunq.net\/tr\/index.php?rest_route=%2Fwp%2Fv2%2Fmedia&parent=62733"}],"wp:term":[{"taxonomy":"category","embeddable":true,"href":"https:\/\/akunq.net\/tr\/index.php?rest_route=%2Fwp%2Fv2%2Fcategories&post=62733"},{"taxonomy":"post_tag","embeddable":true,"href":"https:\/\/akunq.net\/tr\/index.php?rest_route=%2Fwp%2Fv2%2Ftags&post=62733"}],"curies":[{"name":"wp","href":"https:\/\/api.w.org\/{rel}","templated":true}]}}