{"id":62726,"date":"2021-05-04T04:23:05","date_gmt":"2021-05-04T09:23:05","guid":{"rendered":"https:\/\/akunq.net\/tr\/?p=62726"},"modified":"2021-05-04T04:23:05","modified_gmt":"2021-05-04T09:23:05","slug":"9-mayisa-dogru-azerbaycanin-isgali-altinda-bulunan-suside-ermeni-kilisesinin-kubbesi-kaldirildi","status":"publish","type":"post","link":"https:\/\/akunq.net\/tr\/?p=62726","title":{"rendered":"9 May\u0131s\u2019a do\u011fru Azerbaycan\u2019\u0131n i\u015fgali alt\u0131nda bulunan \u015eu\u015fi\u2019de Ermeni kilisesinin kubbesi kald\u0131r\u0131ld\u0131"},"content":{"rendered":"<p><img loading=\"lazy\" decoding=\"async\" class=\"aligncenter size-medium wp-image-62727\" src=\"https:\/\/akunq.net\/tr\/wp-content\/uploads\/2021\/05\/\u015eu\u015fi\u2019de-Ermeni-kilisesi-360x203.jpg\" alt=\"\" width=\"360\" height=\"203\" srcset=\"https:\/\/akunq.net\/tr\/wp-content\/uploads\/sites\/6\/2021\/05\/\u015eu\u015fi\u2019de-Ermeni-kilisesi-360x203.jpg 360w, https:\/\/akunq.net\/tr\/wp-content\/uploads\/sites\/6\/2021\/05\/\u015eu\u015fi\u2019de-Ermeni-kilisesi-768x432.jpg 768w, https:\/\/akunq.net\/tr\/wp-content\/uploads\/sites\/6\/2021\/05\/\u015eu\u015fi\u2019de-Ermeni-kilisesi-1536x864.jpg 1536w, https:\/\/akunq.net\/tr\/wp-content\/uploads\/sites\/6\/2021\/05\/\u015eu\u015fi\u2019de-Ermeni-kilisesi-560x315.jpg 560w, https:\/\/akunq.net\/tr\/wp-content\/uploads\/sites\/6\/2021\/05\/\u015eu\u015fi\u2019de-Ermeni-kilisesi-260x146.jpg 260w, https:\/\/akunq.net\/tr\/wp-content\/uploads\/sites\/6\/2021\/05\/\u015eu\u015fi\u2019de-Ermeni-kilisesi-160x90.jpg 160w, https:\/\/akunq.net\/tr\/wp-content\/uploads\/sites\/6\/2021\/05\/\u015eu\u015fi\u2019de-Ermeni-kilisesi.jpg 2048w\" sizes=\"auto, (max-width: 360px) 100vw, 360px\" \/><\/p>\n<p><em><strong>Artsakh Cumhuriyeti (Karaba\u011f) \u0130\u00e7i\u015fleri Bakanl\u0131\u011f\u0131 Enformasyon ve Haklka \u0130li\u015fkiler Dairesi Ba\u015fkan\u0131 Hunan Tadevosyan kendi Facebook sayfas\u0131ndan payla\u015f\u0131mda bulunarak Azerbaycan\u2019\u0131n i\u015fgali alt\u0131nda bulunan Ermeni \u015eu\u015fi \u015fehrindeki Surp Amenaprki\u00e7 Ghazanchetsots kilisesinin kubbesinin Azerbaycanl\u0131lar taraf\u0131ndan kald\u0131r\u0131ld\u0131\u011f\u0131n\u0131 bildirdi.<\/strong><\/em><\/p>\n<p>9 May\u0131s\u2019a do\u011fru bu vandall\u0131k eylemini ger\u00e7ekle\u015ftiren Azerbaycan devleti sava\u015f s\u0131ras\u0131nda kendi taraf\u0131ndan bombalanan Ermeni kilisesinini s\u00f6zde restore etmesini planl\u0131yor.<\/p>\n<p>Artsakh \u0130nsan Haklar\u0131 Savuncusu (Ombudsman) bu geli\u015fmeyle ilgili a\u00e7\u0131klamada bulunarak restorasyon ad\u0131 alt\u0131nda Azerbaycan\u2019\u0131n Ermeni izi ortadan kald\u0131rmaya y\u00f6nelik politika s\u00fcrd\u00fcrd\u00fc\u011f\u00fcn\u00fc ifade etti.<\/p>\n<p class=\"fb fs22 news-view-title\"><em><strong>Ermenihaber.am\u00a0<\/strong><\/em><\/p>\n","protected":false},"excerpt":{"rendered":"<p>Artsakh Cumhuriyeti (Karaba\u011f) \u0130\u00e7i\u015fleri Bakanl\u0131\u011f\u0131 Enformasyon ve Haklka \u0130li\u015fkiler Dairesi Ba\u015fkan\u0131 Hunan Tadevosyan kendi Facebook sayfas\u0131ndan payla\u015f\u0131mda bulunarak Azerbaycan\u2019\u0131n i\u015fgali alt\u0131nda bulunan Ermeni \u015eu\u015fi \u015fehrindeki Surp Amenaprki\u00e7 Ghazanchetsots kilisesinin kubbesinin Azerbaycanl\u0131lar taraf\u0131ndan kald\u0131r\u0131ld\u0131\u011f\u0131n\u0131 bildirdi. 9 May\u0131s\u2019a do\u011fru bu vandall\u0131k eylemini ger\u00e7ekle\u015ftiren Azerbaycan devleti sava\u015f s\u0131ras\u0131nda kendi taraf\u0131ndan bombalanan Ermeni kilisesinini s\u00f6zde restore etmesini planl\u0131yor. Artsakh [&hellip;]<\/p>\n","protected":false},"author":7,"featured_media":62727,"comment_status":"open","ping_status":"open","sticky":false,"template":"","format":"standard","meta":{"footnotes":""},"categories":[1],"tags":[],"class_list":["post-62726","post","type-post","status-publish","format-standard","has-post-thumbnail","hentry","category-haberler"],"yoast_head":"<!-- This site is optimized with the Yoast SEO plugin v27.4 - https:\/\/yoast.com\/product\/yoast-seo-wordpress\/ -->\n<title>9 May\u0131s\u2019a do\u011fru Azerbaycan\u2019\u0131n i\u015fgali alt\u0131nda bulunan \u015eu\u015fi\u2019de Ermeni kilisesinin kubbesi kald\u0131r\u0131ld\u0131 - Bati Ermenistan Ve Bati Ermenileri Sorunlari Ara\u015ftirmalar Merkezi<\/title>\n<meta name=\"robots\" content=\"index, follow, max-snippet:-1, max-image-preview:large, max-video-preview:-1\" \/>\n<link rel=\"canonical\" href=\"https:\/\/akunq.net\/tr\/?p=62726\" \/>\n<meta property=\"og:locale\" content=\"en_US\" \/>\n<meta property=\"og:type\" content=\"article\" \/>\n<meta property=\"og:title\" content=\"9 May\u0131s\u2019a do\u011fru Azerbaycan\u2019\u0131n i\u015fgali alt\u0131nda bulunan \u015eu\u015fi\u2019de Ermeni kilisesinin kubbesi kald\u0131r\u0131ld\u0131 - Bati Ermenistan Ve Bati Ermenileri Sorunlari Ara\u015ftirmalar Merkezi\" \/>\n<meta property=\"og:description\" content=\"Artsakh Cumhuriyeti (Karaba\u011f) \u0130\u00e7i\u015fleri Bakanl\u0131\u011f\u0131 Enformasyon ve Haklka \u0130li\u015fkiler Dairesi Ba\u015fkan\u0131 Hunan Tadevosyan kendi Facebook sayfas\u0131ndan payla\u015f\u0131mda bulunarak Azerbaycan\u2019\u0131n i\u015fgali alt\u0131nda bulunan Ermeni \u015eu\u015fi \u015fehrindeki Surp Amenaprki\u00e7 Ghazanchetsots kilisesinin kubbesinin Azerbaycanl\u0131lar taraf\u0131ndan kald\u0131r\u0131ld\u0131\u011f\u0131n\u0131 bildirdi. 9 May\u0131s\u2019a do\u011fru bu vandall\u0131k eylemini ger\u00e7ekle\u015ftiren Azerbaycan devleti sava\u015f s\u0131ras\u0131nda kendi taraf\u0131ndan bombalanan Ermeni kilisesinini s\u00f6zde restore etmesini planl\u0131yor. Artsakh [&hellip;]\" \/>\n<meta property=\"og:url\" content=\"https:\/\/akunq.net\/tr\/?p=62726\" \/>\n<meta property=\"og:site_name\" content=\"Bati Ermenistan Ve Bati Ermenileri Sorunlari Ara\u015ftirmalar Merkezi\" \/>\n<meta property=\"article:published_time\" content=\"2021-05-04T09:23:05+00:00\" \/>\n<meta property=\"og:image\" content=\"https:\/\/akunq.net\/tr\/wp-content\/uploads\/sites\/6\/2021\/05\/\u015eu\u015fi\u2019de-Ermeni-kilisesi.jpg\" \/>\n\t<meta property=\"og:image:width\" content=\"2048\" \/>\n\t<meta property=\"og:image:height\" content=\"1152\" \/>\n\t<meta property=\"og:image:type\" content=\"image\/jpeg\" \/>\n<meta name=\"author\" content=\"admin\" \/>\n<meta name=\"twitter:card\" content=\"summary_large_image\" \/>\n<meta name=\"twitter:label1\" content=\"Written by\" \/>\n\t<meta name=\"twitter:data1\" content=\"admin\" \/>\n\t<meta name=\"twitter:label2\" content=\"Est. reading time\" \/>\n\t<meta name=\"twitter:data2\" content=\"1 minute\" \/>\n<script type=\"application\/ld+json\" class=\"yoast-schema-graph\">{\"@context\":\"https:\\\/\\\/schema.org\",\"@graph\":[{\"@type\":\"Article\",\"@id\":\"https:\\\/\\\/akunq.net\\\/tr\\\/?p=62726#article\",\"isPartOf\":{\"@id\":\"https:\\\/\\\/akunq.net\\\/tr\\\/?p=62726\"},\"author\":{\"name\":\"admin\",\"@id\":\"https:\\\/\\\/akunq.net\\\/tr\\\/#\\\/schema\\\/person\\\/096f1d38a12cce57fb855b485ed24c9e\"},\"headline\":\"9 May\u0131s\u2019a do\u011fru Azerbaycan\u2019\u0131n i\u015fgali alt\u0131nda bulunan \u015eu\u015fi\u2019de Ermeni kilisesinin kubbesi kald\u0131r\u0131ld\u0131\",\"datePublished\":\"2021-05-04T09:23:05+00:00\",\"mainEntityOfPage\":{\"@id\":\"https:\\\/\\\/akunq.net\\\/tr\\\/?p=62726\"},\"wordCount\":133,\"commentCount\":0,\"image\":{\"@id\":\"https:\\\/\\\/akunq.net\\\/tr\\\/?p=62726#primaryimage\"},\"thumbnailUrl\":\"https:\\\/\\\/akunq.net\\\/tr\\\/wp-content\\\/uploads\\\/sites\\\/6\\\/2021\\\/05\\\/\u015eu\u015fi\u2019de-Ermeni-kilisesi.jpg\",\"articleSection\":[\"Haberler\"],\"inLanguage\":\"en-US\",\"potentialAction\":[{\"@type\":\"CommentAction\",\"name\":\"Comment\",\"target\":[\"https:\\\/\\\/akunq.net\\\/tr\\\/?p=62726#respond\"]}]},{\"@type\":\"WebPage\",\"@id\":\"https:\\\/\\\/akunq.net\\\/tr\\\/?p=62726\",\"url\":\"https:\\\/\\\/akunq.net\\\/tr\\\/?p=62726\",\"name\":\"9 May\u0131s\u2019a do\u011fru Azerbaycan\u2019\u0131n i\u015fgali alt\u0131nda bulunan \u015eu\u015fi\u2019de Ermeni kilisesinin kubbesi kald\u0131r\u0131ld\u0131 - Bati Ermenistan Ve Bati Ermenileri Sorunlari Ara\u015ftirmalar Merkezi\",\"isPartOf\":{\"@id\":\"https:\\\/\\\/akunq.net\\\/tr\\\/#website\"},\"primaryImageOfPage\":{\"@id\":\"https:\\\/\\\/akunq.net\\\/tr\\\/?p=62726#primaryimage\"},\"image\":{\"@id\":\"https:\\\/\\\/akunq.net\\\/tr\\\/?p=62726#primaryimage\"},\"thumbnailUrl\":\"https:\\\/\\\/akunq.net\\\/tr\\\/wp-content\\\/uploads\\\/sites\\\/6\\\/2021\\\/05\\\/\u015eu\u015fi\u2019de-Ermeni-kilisesi.jpg\",\"datePublished\":\"2021-05-04T09:23:05+00:00\",\"author\":{\"@id\":\"https:\\\/\\\/akunq.net\\\/tr\\\/#\\\/schema\\\/person\\\/096f1d38a12cce57fb855b485ed24c9e\"},\"breadcrumb\":{\"@id\":\"https:\\\/\\\/akunq.net\\\/tr\\\/?p=62726#breadcrumb\"},\"inLanguage\":\"en-US\",\"potentialAction\":[{\"@type\":\"ReadAction\",\"target\":[\"https:\\\/\\\/akunq.net\\\/tr\\\/?p=62726\"]}]},{\"@type\":\"ImageObject\",\"inLanguage\":\"en-US\",\"@id\":\"https:\\\/\\\/akunq.net\\\/tr\\\/?p=62726#primaryimage\",\"url\":\"https:\\\/\\\/akunq.net\\\/tr\\\/wp-content\\\/uploads\\\/sites\\\/6\\\/2021\\\/05\\\/\u015eu\u015fi\u2019de-Ermeni-kilisesi.jpg\",\"contentUrl\":\"https:\\\/\\\/akunq.net\\\/tr\\\/wp-content\\\/uploads\\\/sites\\\/6\\\/2021\\\/05\\\/\u015eu\u015fi\u2019de-Ermeni-kilisesi.jpg\",\"width\":2048,\"height\":1152},{\"@type\":\"BreadcrumbList\",\"@id\":\"https:\\\/\\\/akunq.net\\\/tr\\\/?p=62726#breadcrumb\",\"itemListElement\":[{\"@type\":\"ListItem\",\"position\":1,\"name\":\"Home\",\"item\":\"https:\\\/\\\/akunq.net\\\/tr\"},{\"@type\":\"ListItem\",\"position\":2,\"name\":\"9 May\u0131s\u2019a do\u011fru Azerbaycan\u2019\u0131n i\u015fgali alt\u0131nda bulunan \u015eu\u015fi\u2019de Ermeni kilisesinin kubbesi kald\u0131r\u0131ld\u0131\"}]},{\"@type\":\"WebSite\",\"@id\":\"https:\\\/\\\/akunq.net\\\/tr\\\/#website\",\"url\":\"https:\\\/\\\/akunq.net\\\/tr\\\/\",\"name\":\"Bati Ermenistan Ve Bati Ermenileri Sorunlari Ara\u015ftirmalar Merkezi\",\"description\":\"\",\"potentialAction\":[{\"@type\":\"SearchAction\",\"target\":{\"@type\":\"EntryPoint\",\"urlTemplate\":\"https:\\\/\\\/akunq.net\\\/tr\\\/?s={search_term_string}\"},\"query-input\":{\"@type\":\"PropertyValueSpecification\",\"valueRequired\":true,\"valueName\":\"search_term_string\"}}],\"inLanguage\":\"en-US\"},{\"@type\":\"Person\",\"@id\":\"https:\\\/\\\/akunq.net\\\/tr\\\/#\\\/schema\\\/person\\\/096f1d38a12cce57fb855b485ed24c9e\",\"name\":\"admin\",\"url\":\"https:\\\/\\\/akunq.net\\\/tr\\\/?author=7\"}]}<\/script>\n<!-- \/ Yoast SEO plugin. -->","yoast_head_json":{"title":"9 May\u0131s\u2019a do\u011fru Azerbaycan\u2019\u0131n i\u015fgali alt\u0131nda bulunan \u015eu\u015fi\u2019de Ermeni kilisesinin kubbesi kald\u0131r\u0131ld\u0131 - Bati Ermenistan Ve Bati Ermenileri Sorunlari Ara\u015ftirmalar Merkezi","robots":{"index":"index","follow":"follow","max-snippet":"max-snippet:-1","max-image-preview":"max-image-preview:large","max-video-preview":"max-video-preview:-1"},"canonical":"https:\/\/akunq.net\/tr\/?p=62726","og_locale":"en_US","og_type":"article","og_title":"9 May\u0131s\u2019a do\u011fru Azerbaycan\u2019\u0131n i\u015fgali alt\u0131nda bulunan \u015eu\u015fi\u2019de Ermeni kilisesinin kubbesi kald\u0131r\u0131ld\u0131 - Bati Ermenistan Ve Bati Ermenileri Sorunlari Ara\u015ftirmalar Merkezi","og_description":"Artsakh Cumhuriyeti (Karaba\u011f) \u0130\u00e7i\u015fleri Bakanl\u0131\u011f\u0131 Enformasyon ve Haklka \u0130li\u015fkiler Dairesi Ba\u015fkan\u0131 Hunan Tadevosyan kendi Facebook sayfas\u0131ndan payla\u015f\u0131mda bulunarak Azerbaycan\u2019\u0131n i\u015fgali alt\u0131nda bulunan Ermeni \u015eu\u015fi \u015fehrindeki Surp Amenaprki\u00e7 Ghazanchetsots kilisesinin kubbesinin Azerbaycanl\u0131lar taraf\u0131ndan kald\u0131r\u0131ld\u0131\u011f\u0131n\u0131 bildirdi. 9 May\u0131s\u2019a do\u011fru bu vandall\u0131k eylemini ger\u00e7ekle\u015ftiren Azerbaycan devleti sava\u015f s\u0131ras\u0131nda kendi taraf\u0131ndan bombalanan Ermeni kilisesinini s\u00f6zde restore etmesini planl\u0131yor. Artsakh [&hellip;]","og_url":"https:\/\/akunq.net\/tr\/?p=62726","og_site_name":"Bati Ermenistan Ve Bati Ermenileri Sorunlari Ara\u015ftirmalar Merkezi","article_published_time":"2021-05-04T09:23:05+00:00","og_image":[{"width":2048,"height":1152,"url":"https:\/\/akunq.net\/tr\/wp-content\/uploads\/sites\/6\/2021\/05\/\u015eu\u015fi\u2019de-Ermeni-kilisesi.jpg","type":"image\/jpeg"}],"author":"admin","twitter_card":"summary_large_image","twitter_misc":{"Written by":"admin","Est. reading time":"1 minute"},"schema":{"@context":"https:\/\/schema.org","@graph":[{"@type":"Article","@id":"https:\/\/akunq.net\/tr\/?p=62726#article","isPartOf":{"@id":"https:\/\/akunq.net\/tr\/?p=62726"},"author":{"name":"admin","@id":"https:\/\/akunq.net\/tr\/#\/schema\/person\/096f1d38a12cce57fb855b485ed24c9e"},"headline":"9 May\u0131s\u2019a do\u011fru Azerbaycan\u2019\u0131n i\u015fgali alt\u0131nda bulunan \u015eu\u015fi\u2019de Ermeni kilisesinin kubbesi kald\u0131r\u0131ld\u0131","datePublished":"2021-05-04T09:23:05+00:00","mainEntityOfPage":{"@id":"https:\/\/akunq.net\/tr\/?p=62726"},"wordCount":133,"commentCount":0,"image":{"@id":"https:\/\/akunq.net\/tr\/?p=62726#primaryimage"},"thumbnailUrl":"https:\/\/akunq.net\/tr\/wp-content\/uploads\/sites\/6\/2021\/05\/\u015eu\u015fi\u2019de-Ermeni-kilisesi.jpg","articleSection":["Haberler"],"inLanguage":"en-US","potentialAction":[{"@type":"CommentAction","name":"Comment","target":["https:\/\/akunq.net\/tr\/?p=62726#respond"]}]},{"@type":"WebPage","@id":"https:\/\/akunq.net\/tr\/?p=62726","url":"https:\/\/akunq.net\/tr\/?p=62726","name":"9 May\u0131s\u2019a do\u011fru Azerbaycan\u2019\u0131n i\u015fgali alt\u0131nda bulunan \u015eu\u015fi\u2019de Ermeni kilisesinin kubbesi kald\u0131r\u0131ld\u0131 - Bati Ermenistan Ve Bati Ermenileri Sorunlari Ara\u015ftirmalar Merkezi","isPartOf":{"@id":"https:\/\/akunq.net\/tr\/#website"},"primaryImageOfPage":{"@id":"https:\/\/akunq.net\/tr\/?p=62726#primaryimage"},"image":{"@id":"https:\/\/akunq.net\/tr\/?p=62726#primaryimage"},"thumbnailUrl":"https:\/\/akunq.net\/tr\/wp-content\/uploads\/sites\/6\/2021\/05\/\u015eu\u015fi\u2019de-Ermeni-kilisesi.jpg","datePublished":"2021-05-04T09:23:05+00:00","author":{"@id":"https:\/\/akunq.net\/tr\/#\/schema\/person\/096f1d38a12cce57fb855b485ed24c9e"},"breadcrumb":{"@id":"https:\/\/akunq.net\/tr\/?p=62726#breadcrumb"},"inLanguage":"en-US","potentialAction":[{"@type":"ReadAction","target":["https:\/\/akunq.net\/tr\/?p=62726"]}]},{"@type":"ImageObject","inLanguage":"en-US","@id":"https:\/\/akunq.net\/tr\/?p=62726#primaryimage","url":"https:\/\/akunq.net\/tr\/wp-content\/uploads\/sites\/6\/2021\/05\/\u015eu\u015fi\u2019de-Ermeni-kilisesi.jpg","contentUrl":"https:\/\/akunq.net\/tr\/wp-content\/uploads\/sites\/6\/2021\/05\/\u015eu\u015fi\u2019de-Ermeni-kilisesi.jpg","width":2048,"height":1152},{"@type":"BreadcrumbList","@id":"https:\/\/akunq.net\/tr\/?p=62726#breadcrumb","itemListElement":[{"@type":"ListItem","position":1,"name":"Home","item":"https:\/\/akunq.net\/tr"},{"@type":"ListItem","position":2,"name":"9 May\u0131s\u2019a do\u011fru Azerbaycan\u2019\u0131n i\u015fgali alt\u0131nda bulunan \u015eu\u015fi\u2019de Ermeni kilisesinin kubbesi kald\u0131r\u0131ld\u0131"}]},{"@type":"WebSite","@id":"https:\/\/akunq.net\/tr\/#website","url":"https:\/\/akunq.net\/tr\/","name":"Bati Ermenistan Ve Bati Ermenileri Sorunlari Ara\u015ftirmalar Merkezi","description":"","potentialAction":[{"@type":"SearchAction","target":{"@type":"EntryPoint","urlTemplate":"https:\/\/akunq.net\/tr\/?s={search_term_string}"},"query-input":{"@type":"PropertyValueSpecification","valueRequired":true,"valueName":"search_term_string"}}],"inLanguage":"en-US"},{"@type":"Person","@id":"https:\/\/akunq.net\/tr\/#\/schema\/person\/096f1d38a12cce57fb855b485ed24c9e","name":"admin","url":"https:\/\/akunq.net\/tr\/?author=7"}]}},"_links":{"self":[{"href":"https:\/\/akunq.net\/tr\/index.php?rest_route=\/wp\/v2\/posts\/62726","targetHints":{"allow":["GET"]}}],"collection":[{"href":"https:\/\/akunq.net\/tr\/index.php?rest_route=\/wp\/v2\/posts"}],"about":[{"href":"https:\/\/akunq.net\/tr\/index.php?rest_route=\/wp\/v2\/types\/post"}],"author":[{"embeddable":true,"href":"https:\/\/akunq.net\/tr\/index.php?rest_route=\/wp\/v2\/users\/7"}],"replies":[{"embeddable":true,"href":"https:\/\/akunq.net\/tr\/index.php?rest_route=%2Fwp%2Fv2%2Fcomments&post=62726"}],"version-history":[{"count":1,"href":"https:\/\/akunq.net\/tr\/index.php?rest_route=\/wp\/v2\/posts\/62726\/revisions"}],"predecessor-version":[{"id":62728,"href":"https:\/\/akunq.net\/tr\/index.php?rest_route=\/wp\/v2\/posts\/62726\/revisions\/62728"}],"wp:featuredmedia":[{"embeddable":true,"href":"https:\/\/akunq.net\/tr\/index.php?rest_route=\/wp\/v2\/media\/62727"}],"wp:attachment":[{"href":"https:\/\/akunq.net\/tr\/index.php?rest_route=%2Fwp%2Fv2%2Fmedia&parent=62726"}],"wp:term":[{"taxonomy":"category","embeddable":true,"href":"https:\/\/akunq.net\/tr\/index.php?rest_route=%2Fwp%2Fv2%2Fcategories&post=62726"},{"taxonomy":"post_tag","embeddable":true,"href":"https:\/\/akunq.net\/tr\/index.php?rest_route=%2Fwp%2Fv2%2Ftags&post=62726"}],"curies":[{"name":"wp","href":"https:\/\/api.w.org\/{rel}","templated":true}]}}