{"id":62723,"date":"2021-05-04T04:17:49","date_gmt":"2021-05-04T09:17:49","guid":{"rendered":"https:\/\/akunq.net\/tr\/?p=62723"},"modified":"2021-05-04T04:17:49","modified_gmt":"2021-05-04T09:17:49","slug":"arap-birligine-turkiye-cagrisi","status":"publish","type":"post","link":"https:\/\/akunq.net\/tr\/?p=62723","title":{"rendered":"Arap Birli\u011fi\u2019ne T\u00fcrkiye \u00e7a\u011fr\u0131s\u0131"},"content":{"rendered":"<p><img loading=\"lazy\" decoding=\"async\" class=\"aligncenter size-medium wp-image-62724\" src=\"https:\/\/akunq.net\/tr\/wp-content\/uploads\/2021\/05\/\u0531\u0580\u0561\u0562-\u0574\u057f\u0561\u057e\u0578\u0580\u0561\u056f\u0561\u0576\u0576\u0565\u0580-360x203.jpg\" alt=\"\" width=\"360\" height=\"203\" srcset=\"https:\/\/akunq.net\/tr\/wp-content\/uploads\/sites\/6\/2021\/05\/\u0531\u0580\u0561\u0562-\u0574\u057f\u0561\u057e\u0578\u0580\u0561\u056f\u0561\u0576\u0576\u0565\u0580-360x203.jpg 360w, https:\/\/akunq.net\/tr\/wp-content\/uploads\/sites\/6\/2021\/05\/\u0531\u0580\u0561\u0562-\u0574\u057f\u0561\u057e\u0578\u0580\u0561\u056f\u0561\u0576\u0576\u0565\u0580-560x317.jpg 560w, https:\/\/akunq.net\/tr\/wp-content\/uploads\/sites\/6\/2021\/05\/\u0531\u0580\u0561\u0562-\u0574\u057f\u0561\u057e\u0578\u0580\u0561\u056f\u0561\u0576\u0576\u0565\u0580-260x147.jpg 260w, https:\/\/akunq.net\/tr\/wp-content\/uploads\/sites\/6\/2021\/05\/\u0531\u0580\u0561\u0562-\u0574\u057f\u0561\u057e\u0578\u0580\u0561\u056f\u0561\u0576\u0576\u0565\u0580-160x90.jpg 160w, https:\/\/akunq.net\/tr\/wp-content\/uploads\/sites\/6\/2021\/05\/\u0531\u0580\u0561\u0562-\u0574\u057f\u0561\u057e\u0578\u0580\u0561\u056f\u0561\u0576\u0576\u0565\u0580.jpg 690w\" sizes=\"auto, (max-width: 360px) 100vw, 360px\" \/><\/p>\n<p><em><strong>M\u0131s\u0131r, Libya, L\u00fcbnan, Yemen, Filistin ve Irakl\u0131 ayd\u0131nlar, T\u00fcrkiye\u2019nin operasyonlar\u0131na kar\u015f\u0131 Arap Birli\u011fi&#8217;ni ola\u011fan\u00fcst\u00fc toplanmaya \u00e7a\u011f\u0131rd\u0131.<\/strong><\/em><\/p>\n<div><strong>FERSUDE<\/strong>\u00a0&#8211; M\u0131s\u0131r, Libya, L\u00fcbnan, Yemen, Filistin ve Irakl\u0131 21 Arap gazeteci, siyaset\u00e7i ve ayd\u0131n, T\u00fcrkiye\u2019nin s\u0131n\u0131r \u00f6tesi operasyonlar\u0131na ili\u015fkin a\u00e7\u0131klama yapt\u0131. Arap Birli\u011fi\u2019ne ola\u011fan\u00fcst\u00fc toplanma \u00e7a\u011fr\u0131 yap\u0131lan a\u00e7\u0131klamada, Birle\u015fmi\u015f Milletleri de tutum almaya davet edildi.<\/div>\n<div><\/div>\n<div><strong>OLA\u011eAN\u00dcST\u00dc TOPLANMA \u00c7A\u011eRISI<\/strong><\/div>\n<div><\/div>\n<div>A\u00e7\u0131klaman\u0131n tamam\u0131 \u015f\u00f6yle: \u201cBizler ayd\u0131n ve siyaset\u00e7iler olarak, Arap \u00fclkelerindeki sorunlar ile Ortado\u011fu\u2019daki sorunlar\u0131 kendi sorunumuz olarak g\u00f6r\u00fcyoruz. Arap \u00fclkelerinin, T\u00fcrk devletinin bask\u0131lar\u0131na ili\u015fkin sessizli\u011fi bizi rahats\u0131z ediyor. \u00d6zellikle T\u00fcrk devletin Arap birli\u011fini sa\u011flayan ve \u00f6nemli olan Irak topraklar\u0131 \u00fczerindeki ihlalleri bizi d\u00fc\u015f\u00fcnd\u00fcr\u00fcyor. \u015eimdiye kadar hi\u00e7bir Arap \u00fclkesi bu konuya ili\u015fkin herhangi bir a\u00e7\u0131klama yapmam\u0131\u015ft\u0131r. Bizler Arap Birli\u011fi\u2019nden ola\u011fan\u00fcst\u00fc bir toplant\u0131 yapmas\u0131n\u0131 istiyoruz. Konu \u00fczerinde dursunlar ve T\u00fcrk devletinin hayallerine tepki g\u00f6stersinler. Arap Birli\u011fi anla\u015fmas\u0131nda, e\u011fer bir \u00fclke i\u015fgal ve sald\u0131r\u0131 ile kar\u015f\u0131 kar\u015f\u0131ya kal\u0131rsa, bunu durdurulmas\u0131 gerekti\u011fi belirtiliyor. Bizler de \u015fimdiye kadar bunun yap\u0131lmas\u0131n\u0131 bekliyoruz. Ba\u015fta Birle\u015fmi\u015f Milletler olmak \u00fczere G\u00fcvenlik Konseyi, kurum ve \u00f6rg\u00fctler ve b\u00fct\u00fcn d\u00fcnyan\u0131n bu durumu duymas\u0131n\u0131 istiyoruz. \u00d6te yandan sald\u0131r\u0131lar kar\u015f\u0131s\u0131nda tepki g\u00f6stermelerini de diliyoruz.\u201d<\/div>\n<div><\/div>\n<div><strong>\u0130MZACILARIN L\u0130STES\u0130<\/strong><\/div>\n<div><\/div>\n<div>A\u00e7\u0131klamada imzas\u0131 bulunan isimler \u015f\u00f6yle:<\/div>\n<div><\/div>\n<div>* M\u0131s\u0131r Stratejik Ara\u015ft\u0131rmalar ve Aramalar Merkezi Ba\u015fkan\u0131 ve M\u0131s\u0131r D\u0131\u015f ili\u015fkiler Konseyi \u00dcyesi Recai Fay\u00eed<\/div>\n<div><\/div>\n<div>* M\u0131s\u0131r El-Exbar Gazetesi Edit\u00f6rya M\u00fcd\u00fcr\u00fc Mehemed Hesen El-Bene<\/div>\n<div><\/div>\n<div>* M\u0131s\u0131r Siyaset Bilimleri uzman\u0131 Dr. Firneza Atiye<\/div>\n<div><\/div>\n<div>* M\u0131s\u0131r Sosyalist Partisi Ba\u015fkan\u0131 \u00d6\u011fretmen Ehmed Bahaedin.<\/div>\n<div><\/div>\n<div>* Kahire Ara\u015ft\u0131rma Merkezi ba\u015fkan\u0131 ve gazeteci-yazar El-Seyid Ebdulfetah<\/div>\n<div><\/div>\n<div>* Bath Nahr\u00een-Irak Ulusal Birlik Ba\u015fkan\u0131 Yusuf Yaqup Met\u00ee<\/div>\n<div><\/div>\n<div>* Irakl\u0131 yazar ve gazeteci El\u00ee Nac\u00ee.<\/div>\n<div><\/div>\n<div>* Yemenli yazar Ebdurrehman El-Reyyan<\/div>\n<div><\/div>\n<div>* Libya Devrimci ve Demokrat Arap Diyalog Formu Koordinat\u00f6r\u00fc His\u00ean El-Suyeed\u00ee<\/div>\n<div><\/div>\n<div>* Libyal\u0131 Siyaset\u00e7i ve Yazar Osman Birk\u00ea<\/div>\n<div><\/div>\n<div>* Filistinli Siyaset Bilimleri uzman\u0131 ve yazar Dr. Eymen Feteh<\/div>\n<div><\/div>\n<div>* Filistinli siyaset\u00e7i ve akademisyen Yasil Eyo Seydo<\/div>\n<div><\/div>\n<div>* Filistinli gazeteci ve yazar Esir Nuval Cebir<\/div>\n<div><\/div>\n<div>* L\u00fcbnan gazeteci ve yazar Xur\u015fit Dil\u00ee<\/div>\n<div><\/div>\n<div>* L\u00fcbnanl\u0131 yazar Ferhan Salih<\/div>\n<div><\/div>\n<div>* L\u00fcbnanl\u0131 Romanc\u0131 ve ara\u015ft\u0131rmac\u0131 Ebbas Cefer El-Huseyn\u00ee<\/div>\n<div><\/div>\n<div>* L\u00fcbnan Sa\u011fl\u0131k ve Savunma Derne\u011fi ba\u015fkan\u0131 Safiye Tatar<\/div>\n<div><\/div>\n<div>* L\u00fcbnan Demokrat Kad\u0131n Grubu Y\u00f6netim \u00fcyesi Delal Bistan\u00ee<\/div>\n<div><\/div>\n<div>* L\u00fcbnanl\u0131 akademisyen ve aktivist Loneh El-Xer\u00eeb<\/div>\n<div><\/div>\n<div>* L\u00fcbnanl\u0131 akademisyen ve yazar Xelil El-Qaz\u00ee<\/div>\n<div><\/div>\n<div>* L\u00fcbnanl\u0131 hukuk\u00e7u ve siyaset\u00e7i Hemo Muskviyan<\/div>\n<div><em><strong>Gazetefersude.net<\/strong><\/em><\/div>\n","protected":false},"excerpt":{"rendered":"<p>M\u0131s\u0131r, Libya, L\u00fcbnan, Yemen, Filistin ve Irakl\u0131 ayd\u0131nlar, T\u00fcrkiye\u2019nin operasyonlar\u0131na kar\u015f\u0131 Arap Birli\u011fi&#8217;ni ola\u011fan\u00fcst\u00fc toplanmaya \u00e7a\u011f\u0131rd\u0131. FERSUDE\u00a0&#8211; M\u0131s\u0131r, Libya, L\u00fcbnan, Yemen, Filistin ve Irakl\u0131 21 Arap gazeteci, siyaset\u00e7i ve ayd\u0131n, T\u00fcrkiye\u2019nin s\u0131n\u0131r \u00f6tesi operasyonlar\u0131na ili\u015fkin a\u00e7\u0131klama yapt\u0131. Arap Birli\u011fi\u2019ne ola\u011fan\u00fcst\u00fc toplanma \u00e7a\u011fr\u0131 yap\u0131lan a\u00e7\u0131klamada, Birle\u015fmi\u015f Milletleri de tutum almaya davet edildi. OLA\u011eAN\u00dcST\u00dc TOPLANMA \u00c7A\u011eRISI A\u00e7\u0131klaman\u0131n [&hellip;]<\/p>\n","protected":false},"author":7,"featured_media":62724,"comment_status":"open","ping_status":"open","sticky":false,"template":"","format":"standard","meta":{"footnotes":""},"categories":[1],"tags":[],"class_list":["post-62723","post","type-post","status-publish","format-standard","has-post-thumbnail","hentry","category-haberler"],"yoast_head":"<!-- This site is optimized with the Yoast SEO plugin v27.4 - https:\/\/yoast.com\/product\/yoast-seo-wordpress\/ -->\n<title>Arap Birli\u011fi\u2019ne T\u00fcrkiye \u00e7a\u011fr\u0131s\u0131 - Bati Ermenistan Ve Bati Ermenileri Sorunlari Ara\u015ftirmalar Merkezi<\/title>\n<meta name=\"robots\" content=\"index, follow, max-snippet:-1, max-image-preview:large, max-video-preview:-1\" \/>\n<link rel=\"canonical\" href=\"https:\/\/akunq.net\/tr\/?p=62723\" \/>\n<meta property=\"og:locale\" content=\"en_US\" \/>\n<meta property=\"og:type\" content=\"article\" \/>\n<meta property=\"og:title\" content=\"Arap Birli\u011fi\u2019ne T\u00fcrkiye \u00e7a\u011fr\u0131s\u0131 - Bati Ermenistan Ve Bati Ermenileri Sorunlari Ara\u015ftirmalar Merkezi\" \/>\n<meta property=\"og:description\" content=\"M\u0131s\u0131r, Libya, L\u00fcbnan, Yemen, Filistin ve Irakl\u0131 ayd\u0131nlar, T\u00fcrkiye\u2019nin operasyonlar\u0131na kar\u015f\u0131 Arap Birli\u011fi&#8217;ni ola\u011fan\u00fcst\u00fc toplanmaya \u00e7a\u011f\u0131rd\u0131. FERSUDE\u00a0&#8211; M\u0131s\u0131r, Libya, L\u00fcbnan, Yemen, Filistin ve Irakl\u0131 21 Arap gazeteci, siyaset\u00e7i ve ayd\u0131n, T\u00fcrkiye\u2019nin s\u0131n\u0131r \u00f6tesi operasyonlar\u0131na ili\u015fkin a\u00e7\u0131klama yapt\u0131. Arap Birli\u011fi\u2019ne ola\u011fan\u00fcst\u00fc toplanma \u00e7a\u011fr\u0131 yap\u0131lan a\u00e7\u0131klamada, Birle\u015fmi\u015f Milletleri de tutum almaya davet edildi. OLA\u011eAN\u00dcST\u00dc TOPLANMA \u00c7A\u011eRISI A\u00e7\u0131klaman\u0131n [&hellip;]\" \/>\n<meta property=\"og:url\" content=\"https:\/\/akunq.net\/tr\/?p=62723\" \/>\n<meta property=\"og:site_name\" content=\"Bati Ermenistan Ve Bati Ermenileri Sorunlari Ara\u015ftirmalar Merkezi\" \/>\n<meta property=\"article:published_time\" content=\"2021-05-04T09:17:49+00:00\" \/>\n<meta property=\"og:image\" content=\"https:\/\/akunq.net\/tr\/wp-content\/uploads\/sites\/6\/2021\/05\/\u0531\u0580\u0561\u0562-\u0574\u057f\u0561\u057e\u0578\u0580\u0561\u056f\u0561\u0576\u0576\u0565\u0580.jpg\" \/>\n\t<meta property=\"og:image:width\" content=\"690\" \/>\n\t<meta property=\"og:image:height\" content=\"390\" \/>\n\t<meta property=\"og:image:type\" content=\"image\/jpeg\" \/>\n<meta name=\"author\" content=\"admin\" \/>\n<meta name=\"twitter:card\" content=\"summary_large_image\" \/>\n<meta name=\"twitter:label1\" content=\"Written by\" \/>\n\t<meta name=\"twitter:data1\" content=\"admin\" \/>\n\t<meta name=\"twitter:label2\" content=\"Est. reading time\" \/>\n\t<meta name=\"twitter:data2\" content=\"2 minutes\" \/>\n<script type=\"application\/ld+json\" class=\"yoast-schema-graph\">{\"@context\":\"https:\\\/\\\/schema.org\",\"@graph\":[{\"@type\":\"Article\",\"@id\":\"https:\\\/\\\/akunq.net\\\/tr\\\/?p=62723#article\",\"isPartOf\":{\"@id\":\"https:\\\/\\\/akunq.net\\\/tr\\\/?p=62723\"},\"author\":{\"name\":\"admin\",\"@id\":\"https:\\\/\\\/akunq.net\\\/tr\\\/#\\\/schema\\\/person\\\/096f1d38a12cce57fb855b485ed24c9e\"},\"headline\":\"Arap Birli\u011fi\u2019ne T\u00fcrkiye \u00e7a\u011fr\u0131s\u0131\",\"datePublished\":\"2021-05-04T09:17:49+00:00\",\"mainEntityOfPage\":{\"@id\":\"https:\\\/\\\/akunq.net\\\/tr\\\/?p=62723\"},\"wordCount\":487,\"commentCount\":0,\"image\":{\"@id\":\"https:\\\/\\\/akunq.net\\\/tr\\\/?p=62723#primaryimage\"},\"thumbnailUrl\":\"https:\\\/\\\/akunq.net\\\/tr\\\/wp-content\\\/uploads\\\/sites\\\/6\\\/2021\\\/05\\\/\u0531\u0580\u0561\u0562-\u0574\u057f\u0561\u057e\u0578\u0580\u0561\u056f\u0561\u0576\u0576\u0565\u0580.jpg\",\"articleSection\":[\"Haberler\"],\"inLanguage\":\"en-US\",\"potentialAction\":[{\"@type\":\"CommentAction\",\"name\":\"Comment\",\"target\":[\"https:\\\/\\\/akunq.net\\\/tr\\\/?p=62723#respond\"]}]},{\"@type\":\"WebPage\",\"@id\":\"https:\\\/\\\/akunq.net\\\/tr\\\/?p=62723\",\"url\":\"https:\\\/\\\/akunq.net\\\/tr\\\/?p=62723\",\"name\":\"Arap Birli\u011fi\u2019ne T\u00fcrkiye \u00e7a\u011fr\u0131s\u0131 - Bati Ermenistan Ve Bati Ermenileri Sorunlari Ara\u015ftirmalar Merkezi\",\"isPartOf\":{\"@id\":\"https:\\\/\\\/akunq.net\\\/tr\\\/#website\"},\"primaryImageOfPage\":{\"@id\":\"https:\\\/\\\/akunq.net\\\/tr\\\/?p=62723#primaryimage\"},\"image\":{\"@id\":\"https:\\\/\\\/akunq.net\\\/tr\\\/?p=62723#primaryimage\"},\"thumbnailUrl\":\"https:\\\/\\\/akunq.net\\\/tr\\\/wp-content\\\/uploads\\\/sites\\\/6\\\/2021\\\/05\\\/\u0531\u0580\u0561\u0562-\u0574\u057f\u0561\u057e\u0578\u0580\u0561\u056f\u0561\u0576\u0576\u0565\u0580.jpg\",\"datePublished\":\"2021-05-04T09:17:49+00:00\",\"author\":{\"@id\":\"https:\\\/\\\/akunq.net\\\/tr\\\/#\\\/schema\\\/person\\\/096f1d38a12cce57fb855b485ed24c9e\"},\"breadcrumb\":{\"@id\":\"https:\\\/\\\/akunq.net\\\/tr\\\/?p=62723#breadcrumb\"},\"inLanguage\":\"en-US\",\"potentialAction\":[{\"@type\":\"ReadAction\",\"target\":[\"https:\\\/\\\/akunq.net\\\/tr\\\/?p=62723\"]}]},{\"@type\":\"ImageObject\",\"inLanguage\":\"en-US\",\"@id\":\"https:\\\/\\\/akunq.net\\\/tr\\\/?p=62723#primaryimage\",\"url\":\"https:\\\/\\\/akunq.net\\\/tr\\\/wp-content\\\/uploads\\\/sites\\\/6\\\/2021\\\/05\\\/\u0531\u0580\u0561\u0562-\u0574\u057f\u0561\u057e\u0578\u0580\u0561\u056f\u0561\u0576\u0576\u0565\u0580.jpg\",\"contentUrl\":\"https:\\\/\\\/akunq.net\\\/tr\\\/wp-content\\\/uploads\\\/sites\\\/6\\\/2021\\\/05\\\/\u0531\u0580\u0561\u0562-\u0574\u057f\u0561\u057e\u0578\u0580\u0561\u056f\u0561\u0576\u0576\u0565\u0580.jpg\",\"width\":690,\"height\":390},{\"@type\":\"BreadcrumbList\",\"@id\":\"https:\\\/\\\/akunq.net\\\/tr\\\/?p=62723#breadcrumb\",\"itemListElement\":[{\"@type\":\"ListItem\",\"position\":1,\"name\":\"Home\",\"item\":\"https:\\\/\\\/akunq.net\\\/tr\"},{\"@type\":\"ListItem\",\"position\":2,\"name\":\"Arap Birli\u011fi\u2019ne T\u00fcrkiye \u00e7a\u011fr\u0131s\u0131\"}]},{\"@type\":\"WebSite\",\"@id\":\"https:\\\/\\\/akunq.net\\\/tr\\\/#website\",\"url\":\"https:\\\/\\\/akunq.net\\\/tr\\\/\",\"name\":\"Bati Ermenistan Ve Bati Ermenileri Sorunlari Ara\u015ftirmalar Merkezi\",\"description\":\"\",\"potentialAction\":[{\"@type\":\"SearchAction\",\"target\":{\"@type\":\"EntryPoint\",\"urlTemplate\":\"https:\\\/\\\/akunq.net\\\/tr\\\/?s={search_term_string}\"},\"query-input\":{\"@type\":\"PropertyValueSpecification\",\"valueRequired\":true,\"valueName\":\"search_term_string\"}}],\"inLanguage\":\"en-US\"},{\"@type\":\"Person\",\"@id\":\"https:\\\/\\\/akunq.net\\\/tr\\\/#\\\/schema\\\/person\\\/096f1d38a12cce57fb855b485ed24c9e\",\"name\":\"admin\",\"url\":\"https:\\\/\\\/akunq.net\\\/tr\\\/?author=7\"}]}<\/script>\n<!-- \/ Yoast SEO plugin. -->","yoast_head_json":{"title":"Arap Birli\u011fi\u2019ne T\u00fcrkiye \u00e7a\u011fr\u0131s\u0131 - Bati Ermenistan Ve Bati Ermenileri Sorunlari Ara\u015ftirmalar Merkezi","robots":{"index":"index","follow":"follow","max-snippet":"max-snippet:-1","max-image-preview":"max-image-preview:large","max-video-preview":"max-video-preview:-1"},"canonical":"https:\/\/akunq.net\/tr\/?p=62723","og_locale":"en_US","og_type":"article","og_title":"Arap Birli\u011fi\u2019ne T\u00fcrkiye \u00e7a\u011fr\u0131s\u0131 - Bati Ermenistan Ve Bati Ermenileri Sorunlari Ara\u015ftirmalar Merkezi","og_description":"M\u0131s\u0131r, Libya, L\u00fcbnan, Yemen, Filistin ve Irakl\u0131 ayd\u0131nlar, T\u00fcrkiye\u2019nin operasyonlar\u0131na kar\u015f\u0131 Arap Birli\u011fi&#8217;ni ola\u011fan\u00fcst\u00fc toplanmaya \u00e7a\u011f\u0131rd\u0131. FERSUDE\u00a0&#8211; M\u0131s\u0131r, Libya, L\u00fcbnan, Yemen, Filistin ve Irakl\u0131 21 Arap gazeteci, siyaset\u00e7i ve ayd\u0131n, T\u00fcrkiye\u2019nin s\u0131n\u0131r \u00f6tesi operasyonlar\u0131na ili\u015fkin a\u00e7\u0131klama yapt\u0131. Arap Birli\u011fi\u2019ne ola\u011fan\u00fcst\u00fc toplanma \u00e7a\u011fr\u0131 yap\u0131lan a\u00e7\u0131klamada, Birle\u015fmi\u015f Milletleri de tutum almaya davet edildi. OLA\u011eAN\u00dcST\u00dc TOPLANMA \u00c7A\u011eRISI A\u00e7\u0131klaman\u0131n [&hellip;]","og_url":"https:\/\/akunq.net\/tr\/?p=62723","og_site_name":"Bati Ermenistan Ve Bati Ermenileri Sorunlari Ara\u015ftirmalar Merkezi","article_published_time":"2021-05-04T09:17:49+00:00","og_image":[{"width":690,"height":390,"url":"https:\/\/akunq.net\/tr\/wp-content\/uploads\/sites\/6\/2021\/05\/\u0531\u0580\u0561\u0562-\u0574\u057f\u0561\u057e\u0578\u0580\u0561\u056f\u0561\u0576\u0576\u0565\u0580.jpg","type":"image\/jpeg"}],"author":"admin","twitter_card":"summary_large_image","twitter_misc":{"Written by":"admin","Est. reading time":"2 minutes"},"schema":{"@context":"https:\/\/schema.org","@graph":[{"@type":"Article","@id":"https:\/\/akunq.net\/tr\/?p=62723#article","isPartOf":{"@id":"https:\/\/akunq.net\/tr\/?p=62723"},"author":{"name":"admin","@id":"https:\/\/akunq.net\/tr\/#\/schema\/person\/096f1d38a12cce57fb855b485ed24c9e"},"headline":"Arap Birli\u011fi\u2019ne T\u00fcrkiye \u00e7a\u011fr\u0131s\u0131","datePublished":"2021-05-04T09:17:49+00:00","mainEntityOfPage":{"@id":"https:\/\/akunq.net\/tr\/?p=62723"},"wordCount":487,"commentCount":0,"image":{"@id":"https:\/\/akunq.net\/tr\/?p=62723#primaryimage"},"thumbnailUrl":"https:\/\/akunq.net\/tr\/wp-content\/uploads\/sites\/6\/2021\/05\/\u0531\u0580\u0561\u0562-\u0574\u057f\u0561\u057e\u0578\u0580\u0561\u056f\u0561\u0576\u0576\u0565\u0580.jpg","articleSection":["Haberler"],"inLanguage":"en-US","potentialAction":[{"@type":"CommentAction","name":"Comment","target":["https:\/\/akunq.net\/tr\/?p=62723#respond"]}]},{"@type":"WebPage","@id":"https:\/\/akunq.net\/tr\/?p=62723","url":"https:\/\/akunq.net\/tr\/?p=62723","name":"Arap Birli\u011fi\u2019ne T\u00fcrkiye \u00e7a\u011fr\u0131s\u0131 - Bati Ermenistan Ve Bati Ermenileri Sorunlari Ara\u015ftirmalar Merkezi","isPartOf":{"@id":"https:\/\/akunq.net\/tr\/#website"},"primaryImageOfPage":{"@id":"https:\/\/akunq.net\/tr\/?p=62723#primaryimage"},"image":{"@id":"https:\/\/akunq.net\/tr\/?p=62723#primaryimage"},"thumbnailUrl":"https:\/\/akunq.net\/tr\/wp-content\/uploads\/sites\/6\/2021\/05\/\u0531\u0580\u0561\u0562-\u0574\u057f\u0561\u057e\u0578\u0580\u0561\u056f\u0561\u0576\u0576\u0565\u0580.jpg","datePublished":"2021-05-04T09:17:49+00:00","author":{"@id":"https:\/\/akunq.net\/tr\/#\/schema\/person\/096f1d38a12cce57fb855b485ed24c9e"},"breadcrumb":{"@id":"https:\/\/akunq.net\/tr\/?p=62723#breadcrumb"},"inLanguage":"en-US","potentialAction":[{"@type":"ReadAction","target":["https:\/\/akunq.net\/tr\/?p=62723"]}]},{"@type":"ImageObject","inLanguage":"en-US","@id":"https:\/\/akunq.net\/tr\/?p=62723#primaryimage","url":"https:\/\/akunq.net\/tr\/wp-content\/uploads\/sites\/6\/2021\/05\/\u0531\u0580\u0561\u0562-\u0574\u057f\u0561\u057e\u0578\u0580\u0561\u056f\u0561\u0576\u0576\u0565\u0580.jpg","contentUrl":"https:\/\/akunq.net\/tr\/wp-content\/uploads\/sites\/6\/2021\/05\/\u0531\u0580\u0561\u0562-\u0574\u057f\u0561\u057e\u0578\u0580\u0561\u056f\u0561\u0576\u0576\u0565\u0580.jpg","width":690,"height":390},{"@type":"BreadcrumbList","@id":"https:\/\/akunq.net\/tr\/?p=62723#breadcrumb","itemListElement":[{"@type":"ListItem","position":1,"name":"Home","item":"https:\/\/akunq.net\/tr"},{"@type":"ListItem","position":2,"name":"Arap Birli\u011fi\u2019ne T\u00fcrkiye \u00e7a\u011fr\u0131s\u0131"}]},{"@type":"WebSite","@id":"https:\/\/akunq.net\/tr\/#website","url":"https:\/\/akunq.net\/tr\/","name":"Bati Ermenistan Ve Bati Ermenileri Sorunlari Ara\u015ftirmalar Merkezi","description":"","potentialAction":[{"@type":"SearchAction","target":{"@type":"EntryPoint","urlTemplate":"https:\/\/akunq.net\/tr\/?s={search_term_string}"},"query-input":{"@type":"PropertyValueSpecification","valueRequired":true,"valueName":"search_term_string"}}],"inLanguage":"en-US"},{"@type":"Person","@id":"https:\/\/akunq.net\/tr\/#\/schema\/person\/096f1d38a12cce57fb855b485ed24c9e","name":"admin","url":"https:\/\/akunq.net\/tr\/?author=7"}]}},"_links":{"self":[{"href":"https:\/\/akunq.net\/tr\/index.php?rest_route=\/wp\/v2\/posts\/62723","targetHints":{"allow":["GET"]}}],"collection":[{"href":"https:\/\/akunq.net\/tr\/index.php?rest_route=\/wp\/v2\/posts"}],"about":[{"href":"https:\/\/akunq.net\/tr\/index.php?rest_route=\/wp\/v2\/types\/post"}],"author":[{"embeddable":true,"href":"https:\/\/akunq.net\/tr\/index.php?rest_route=\/wp\/v2\/users\/7"}],"replies":[{"embeddable":true,"href":"https:\/\/akunq.net\/tr\/index.php?rest_route=%2Fwp%2Fv2%2Fcomments&post=62723"}],"version-history":[{"count":1,"href":"https:\/\/akunq.net\/tr\/index.php?rest_route=\/wp\/v2\/posts\/62723\/revisions"}],"predecessor-version":[{"id":62725,"href":"https:\/\/akunq.net\/tr\/index.php?rest_route=\/wp\/v2\/posts\/62723\/revisions\/62725"}],"wp:featuredmedia":[{"embeddable":true,"href":"https:\/\/akunq.net\/tr\/index.php?rest_route=\/wp\/v2\/media\/62724"}],"wp:attachment":[{"href":"https:\/\/akunq.net\/tr\/index.php?rest_route=%2Fwp%2Fv2%2Fmedia&parent=62723"}],"wp:term":[{"taxonomy":"category","embeddable":true,"href":"https:\/\/akunq.net\/tr\/index.php?rest_route=%2Fwp%2Fv2%2Fcategories&post=62723"},{"taxonomy":"post_tag","embeddable":true,"href":"https:\/\/akunq.net\/tr\/index.php?rest_route=%2Fwp%2Fv2%2Ftags&post=62723"}],"curies":[{"name":"wp","href":"https:\/\/api.w.org\/{rel}","templated":true}]}}