{"id":62717,"date":"2021-05-04T04:04:13","date_gmt":"2021-05-04T09:04:13","guid":{"rendered":"https:\/\/akunq.net\/tr\/?p=62717"},"modified":"2021-05-04T04:04:13","modified_gmt":"2021-05-04T09:04:13","slug":"dunya-basin-ozgurlugu-gunu-turkiyede-ozgur-bir-basindan-soz-edemiyoruz","status":"publish","type":"post","link":"https:\/\/akunq.net\/tr\/?p=62717","title":{"rendered":"D\u00fcnya Bas\u0131n \u00d6zg\u00fcrl\u00fc\u011f\u00fc G\u00fcn\u00fc: &#8216;T\u00fcrkiye&#8217;de \u00f6zg\u00fcr bir bas\u0131ndan s\u00f6z edemiyoruz&#8217;"},"content":{"rendered":"<div class=\"bbc-19j92fr e57qer20\" dir=\"ltr\">\n<p dir=\"ltr\"><img loading=\"lazy\" decoding=\"async\" class=\"aligncenter size-medium wp-image-62718\" src=\"https:\/\/akunq.net\/tr\/wp-content\/uploads\/2021\/05\/T\u00fcrkiye-360x203.jpg\" alt=\"\" width=\"360\" height=\"203\" srcset=\"https:\/\/akunq.net\/tr\/wp-content\/uploads\/sites\/6\/2021\/05\/T\u00fcrkiye-360x203.jpg 360w, https:\/\/akunq.net\/tr\/wp-content\/uploads\/sites\/6\/2021\/05\/T\u00fcrkiye-768x432.jpg 768w, https:\/\/akunq.net\/tr\/wp-content\/uploads\/sites\/6\/2021\/05\/T\u00fcrkiye-560x315.jpg 560w, https:\/\/akunq.net\/tr\/wp-content\/uploads\/sites\/6\/2021\/05\/T\u00fcrkiye-260x146.jpg 260w, https:\/\/akunq.net\/tr\/wp-content\/uploads\/sites\/6\/2021\/05\/T\u00fcrkiye-160x90.jpg 160w, https:\/\/akunq.net\/tr\/wp-content\/uploads\/sites\/6\/2021\/05\/T\u00fcrkiye.jpg 800w\" sizes=\"auto, (max-width: 360px) 100vw, 360px\" \/><\/p>\n<p class=\"bbc-bm53ic e1cc2ql70\" dir=\"ltr\"><em><b>Bug\u00fcn 3 May\u0131s D\u00fcnya Bas\u0131n \u00d6zg\u00fcrl\u00fc\u011f\u00fc G\u00fcn\u00fc. S\u0131n\u0131r Tan\u0131mayan Gazeteciler \u00d6rg\u00fct\u00fc&#8217;n\u00fcn 2021 y\u0131l\u0131 bas\u0131n \u00f6zg\u00fcrl\u00fc\u011f\u00fc endeksinde T\u00fcrkiye, 180 \u00fclke aras\u0131nda 153&#8217;\u00fcnc\u00fc s\u0131rada yer ald\u0131. Meslek \u00f6rg\u00fctleri taraf\u0131ndan bug\u00fcne ili\u015fkin yay\u0131mlanan a\u00e7\u0131klamalar\u0131n ortak noktas\u0131 ise &#8220;gazetecilere y\u00f6nelik \u015fiddetin ve sans\u00fcr\u00fcn son bulmas\u0131 \u00e7a\u011fr\u0131s\u0131&#8221; oldu.<\/b><\/em><\/p>\n<\/div>\n<div class=\"bbc-19j92fr e57qer20\" dir=\"ltr\">\n<p class=\"bbc-bm53ic e1cc2ql70\" dir=\"ltr\">T\u00fcrkiye Gazeteciler Sendikas\u0131 (TGS), 1 Nisan 2020 ile 1 Nisan 2021 d\u00f6nemini kapsayan &#8220;Bas\u0131n \u00d6zg\u00fcrl\u00fc\u011f\u00fc Raporu&#8221;nu yay\u0131mlad\u0131.<\/p>\n<\/div>\n<div class=\"bbc-19j92fr e57qer20\" dir=\"ltr\">\n<p class=\"bbc-bm53ic e1cc2ql70\" dir=\"ltr\">Gazetecilere y\u00f6nelik hak ihlallerinin, habere y\u00f6nelik engellemelerin ve medya kurulu\u015flar\u0131na y\u00f6nelik bask\u0131lar\u0131n devam etti\u011fini hat\u0131rlatan TGS, &#8220;D\u00fcnya Bas\u0131n \u00d6zg\u00fcrl\u00fc\u011f\u00fc G\u00fcn\u00fc&#8217;nde maalesef bir d\u00fczelmeden s\u00f6z etmemiz m\u00fcmk\u00fcn de\u011fil&#8221; dedi.<\/p>\n<\/div>\n<div class=\"bbc-19j92fr e57qer20\" dir=\"ltr\">\n<h2 id=\"43-gazeteci-cezaevinde-322-bas\u0131n-kart\u0131-iptal-edildi\" class=\"bbc-l3e97o e14hemmw0\" tabindex=\"-1\">&#8217;43 gazeteci cezaevinde, 322 bas\u0131n kart\u0131 iptal edildi&#8217;<\/h2>\n<\/div>\n<div class=\"bbc-19j92fr e57qer20\" dir=\"ltr\">\n<p class=\"bbc-bm53ic e1cc2ql70\" dir=\"ltr\">TGS raporuna g\u00f6re T\u00fcrkiye&#8217;de 43 gazeteci, gazetecilik faaliyetleri nedeniyle cezaevinde. Son 1 y\u0131l i\u00e7inde 57 gazeteci toplam 144 g\u00fcn g\u00f6zalt\u0131nda kald\u0131, 6 gazeteci g\u00f6zalt\u0131ndayken darp edildi. Ayn\u0131 s\u00fcrede 128 farkl\u0131 davada 274 gazetecinin yarg\u0131land\u0131\u011f\u0131n\u0131 aktaran rapora g\u00f6re, bu davalar sonucunda da gazetecilere toplam 226 y\u0131l 8 ay 25 g\u00fcn hapis cezas\u0131 verildi.<\/p>\n<\/div>\n<section class=\"e1j2237y8 bbc-113e14a e1e90g5r0\" role=\"region\" aria-label=\"Reklam 2\" aria-hidden=\"true\" data-e2e=\"advertisement\"><\/section>\n<div class=\"bbc-19j92fr e57qer20\" dir=\"ltr\">\n<p class=\"bbc-bm53ic e1cc2ql70\" dir=\"ltr\">Ayr\u0131ca, TGS raporunda gazetecilere y\u00f6nelik \u015fiddete ili\u015fkin \u015fu sonu\u00e7lar \u00f6ne \u00e7\u0131kt\u0131:<\/p>\n<\/div>\n<div class=\"bbc-19j92fr e57qer20\" dir=\"ltr\">\n<p class=\"bbc-bm53ic e1cc2ql70\" dir=\"ltr\">TGS&#8217;nin &#8220;Bas\u0131n Belada&#8221; ba\u015fl\u0131\u011f\u0131yla yay\u0131mlad\u0131\u011f\u0131 a\u00e7\u0131klamada da &#8220;T\u00fcrkiye&#8217;de medya \u00f6zg\u00fcr de\u011fil. Gazeteciler sans\u00fcrleniyor, kovuluyor, hapse at\u0131l\u0131yor. B\u00f6ylece toplum haber alma hakk\u0131n\u0131, \u00fclkemiz demokrasisini kaybediyor. \u00c7\u00fcnk\u00fc bas\u0131n beladaysa, demokrasi ask\u0131da. Bas\u0131n beladaysa, herkesin ba\u015f\u0131 belada&#8221; ifadeleri yer ald\u0131.<\/p>\n<\/div>\n<div class=\"bbc-19j92fr e57qer20\" dir=\"ltr\">\n<p class=\"bbc-bm53ic e1cc2ql70\" dir=\"ltr\">Raporda ayn\u0131 zamanda gazetecilik mesle\u011findeki i\u015fsizli\u011fe de vurgu yap\u0131ld\u0131. Raporda g\u00fcvencesiz ve sigortas\u0131z \u00e7al\u0131\u015fanlar\u0131n da dahil edilmesiyle gazetecilik mesle\u011finde i\u015fsizlik oran\u0131n\u0131n y\u00fczde 35-40 seviyesine \u00e7\u0131kt\u0131\u011f\u0131 ifade edildi.<\/p>\n<\/div>\n<div class=\"bbc-1ka88fa e57qer20\" dir=\"ltr\">\n<figure class=\"bbc-1qdcvv9 e6bmn90\">\n<div class=\"bbc-172p16q e57qer20\" dir=\"ltr\">\n<div class=\"bbc-189y18v e57qer20\" dir=\"ltr\">\n<div class=\"bbc-1k5hvrj e1whu0\" data-e2e=\"image-placeholder\">\n<div class=\"lazyload-wrapper \"><img decoding=\"async\" class=\"css-fat2bc e1enwo3v0\" src=\"https:\/\/ichef.bbci.co.uk\/news\/640\/cpsprodpb\/B45A\/production\/_118307164_2021dnyabasnzgrlendeksi.png\" srcset=\"https:\/\/ichef.bbci.co.uk\/news\/240\/cpsprodpb\/B45A\/production\/_118307164_2021dnyabasnzgrlendeksi.png 240w, https:\/\/ichef.bbci.co.uk\/news\/320\/cpsprodpb\/B45A\/production\/_118307164_2021dnyabasnzgrlendeksi.png 320w, https:\/\/ichef.bbci.co.uk\/news\/480\/cpsprodpb\/B45A\/production\/_118307164_2021dnyabasnzgrlendeksi.png 480w, https:\/\/ichef.bbci.co.uk\/news\/624\/cpsprodpb\/B45A\/production\/_118307164_2021dnyabasnzgrlendeksi.png 624w, https:\/\/ichef.bbci.co.uk\/news\/800\/cpsprodpb\/B45A\/production\/_118307164_2021dnyabasnzgrlendeksi.png 800w\" alt=\"tablo\" width=\"976\" \/><\/div>\n<\/div>\n<\/div>\n<\/div>\n<\/figure>\n<\/div>\n<div class=\"bbc-19j92fr e57qer20\" dir=\"ltr\">\n<h2 id=\"TGCden-h\u00fck\u00fcmete-\u00e7a\u011fr\u0131\" class=\"bbc-l3e97o e14hemmw0\" tabindex=\"-1\">TGC&#8217;den h\u00fck\u00fcmete \u00e7a\u011fr\u0131<\/h2>\n<\/div>\n<div class=\"bbc-19j92fr e57qer20\" dir=\"ltr\">\n<p class=\"bbc-bm53ic e1cc2ql70\" dir=\"ltr\">T\u00fcrkiye Gazeteciler Cemiyeti (TGC) de h\u00fck\u00fcmeti, &#8220;gazetecileri \u00f6zg\u00fcr b\u0131rakmaya, gazetecilere y\u00f6nelik fiziksel sald\u0131r\u0131lar\u0131 engellemeye, sorumlular\u0131n\u0131 bulup cezaland\u0131rmaya&#8221; \u00e7a\u011f\u0131rd\u0131.<\/p>\n<\/div>\n<div class=\"bbc-19j92fr e57qer20\" dir=\"ltr\">\n<p class=\"bbc-bm53ic e1cc2ql70\" dir=\"ltr\">TGC&#8217;nin a\u00e7\u0131klamas\u0131nda, &#8220;Medya kurulu\u015flar\u0131n\u0131n y\u00fczde 90&#8217;\u0131n\u0131n iktidar\u0131n denetimi alt\u0131nda oldu\u011fu, 12 bin gazetecinin i\u015fsiz b\u0131rak\u0131ld\u0131\u011f\u0131, yazd\u0131klar\u0131 ve d\u00fc\u015f\u00fcnceleri nedeniyle haklar\u0131nda binlerce dava a\u00e7\u0131ld\u0131\u011f\u0131, 43 gazetecinin hapishanede oldu\u011fu T\u00fcrkiye&#8217;de \u00f6zg\u00fcr bir bas\u0131ndan s\u00f6z edemiyoruz&#8221; denildi.<\/p>\n<\/div>\n<div class=\"bbc-19j92fr e57qer20\" dir=\"ltr\">\n<h2 id=\"\u0130lan-kesme-cezas\u0131-ekonomik-bir-sopa-olarak-g\u00f6steriliyor\" class=\"bbc-l3e97o e14hemmw0\" tabindex=\"-1\">&#8216;\u0130lan kesme cezas\u0131 ekonomik bir sopa olarak g\u00f6steriliyor&#8217;<\/h2>\n<\/div>\n<div class=\"bbc-19j92fr e57qer20\" dir=\"ltr\">\n<p class=\"bbc-bm53ic e1cc2ql70\" dir=\"ltr\">TGS raporuna g\u00f6re son 1 y\u0131l i\u00e7erisinde 62 haber sitesine ve 1411 haber i\u00e7eri\u011fine eri\u015fimin engellenmesine karar verildi; RT\u00dcK taraf\u0131ndan toplam 7 milyon 488 bin 851 TL idari para cezas\u0131 ve 41 defa yay\u0131n durdurma cezas\u0131 verildi; 322 bas\u0131n kart\u0131 iptal edildi ve Bas\u0131n \u0130lan Kurumu (B\u0130K) gazetelere toplam 212 g\u00fcn il\u00e2n kesme cezas\u0131 verdi.<\/p>\n<\/div>\n<div class=\"bbc-19j92fr e57qer20\" dir=\"ltr\">\n<p class=\"bbc-bm53ic e1cc2ql70\" dir=\"ltr\">BirG\u00fcn ve Cumhuriyet gazeteleri de B\u0130K&#8217;in ilan kesme cezas\u0131 verdi\u011fi gazeteler aras\u0131nda.<\/p>\n<\/div>\n<div class=\"bbc-19j92fr e57qer20\" dir=\"ltr\">\n<p class=\"bbc-bm53ic e1cc2ql70\" dir=\"ltr\">Cumhuriyet gazetesi Genel Yay\u0131n Y\u00f6netmeni Aykut K\u00fc\u00e7\u00fckkaya konuya ili\u015fkin\u00a0<b>BBC T\u00fcrk\u00e7e<\/b>&#8216;ye yapt\u0131\u011f\u0131 de\u011ferlendirmede, yapt\u0131klar\u0131 haberler nedeniyle 2020&#8217;nin Kas\u0131m ve Aral\u0131k aylar\u0131nda 55 g\u00fcnl\u00fck ilan kesintisi cezas\u0131 ald\u0131klar\u0131n\u0131 s\u00f6yledi.<\/p>\n<\/div>\n<div class=\"bbc-19j92fr e57qer20\" dir=\"ltr\">\n<p class=\"bbc-bm53ic e1cc2ql70\" dir=\"ltr\">S\u00f6z konusu haberlerin b\u00fcy\u00fck \u00e7o\u011funlu\u011funun da \u0130leti\u015fim Ba\u015fkan\u0131 Fahrettin Altun&#8217;un Kuzguncuk&#8217;taki eviyle ilgili haberler oldu\u011funu dile getiren K\u00fc\u00e7\u00fckkaya \u015funlar\u0131 s\u00f6yledi:<\/p>\n<\/div>\n<div class=\"bbc-19j92fr e57qer20\" dir=\"ltr\">\n<p class=\"bbc-bm53ic e1cc2ql70\" dir=\"ltr\">&#8220;Sene sonu oldu\u011fu i\u00e7in Kas\u0131m ve Aral\u0131k aylar\u0131ndaki B\u0130K ilanlar\u0131 her gazete i\u00e7in \u00e7ok \u00f6nemlidir. Bu d\u00f6nemde bize verilen 55 g\u00fcnl\u00fck ceza ekonomik olarak bizi etkiledi. 2 ayl\u0131k bir ceza, gazetemizin ayl\u0131k t\u00fcm giderlerini kar\u015f\u0131layabilecek bir tutar. Ancak ilan kesme cezalar\u0131 ekonomik bir sopa olarak bize g\u00f6steriliyor.&#8221;<\/p>\n<\/div>\n<div class=\"bbc-19j92fr e57qer20\" dir=\"ltr\">\n<p class=\"bbc-bm53ic e1cc2ql70\" dir=\"ltr\">Yeni bir 55 g\u00fcnl\u00fck cezan\u0131n daha B\u0130K&#8217;in g\u00fcndeminde oldu\u011funu hat\u0131rlatan K\u00fc\u00e7\u00fckkaya, &#8220;T\u00fcrk bas\u0131n\u0131, en k\u00f6t\u00fc d\u00f6nemlerinden birisini ya\u015f\u0131yor. Fakat biz Cumhuriyet olarak ger\u00e7ekleri yazmak i\u00e7in t\u00fcm gayretimizi g\u00f6steriyoruz. Bu gayreti g\u00f6steren ba\u015fka bas\u0131n kurulu\u015flar\u0131n\u0131n oldu\u011funun da bilincindeyiz&#8221; diye konu\u015ftu.<\/p>\n<\/div>\n<div class=\"bbc-1ka88fa e57qer20\" dir=\"ltr\">\n<figure class=\"bbc-1qdcvv9 e6bmn90\">\n<div class=\"bbc-172p16q e57qer20\" dir=\"ltr\">\n<div class=\"bbc-189y18v e57qer20\" dir=\"ltr\">\n<div class=\"bbc-1k5hvrj e1whu0\" data-e2e=\"image-placeholder\">\n<div class=\"lazyload-wrapper \"><img decoding=\"async\" class=\"css-fat2bc e1enwo3v0\" src=\"https:\/\/ichef.bbci.co.uk\/news\/640\/cpsprodpb\/181A\/production\/_118307160_gettyimages-677379802.jpg\" srcset=\"https:\/\/ichef.bbci.co.uk\/news\/240\/cpsprodpb\/181A\/production\/_118307160_gettyimages-677379802.jpg 240w, https:\/\/ichef.bbci.co.uk\/news\/320\/cpsprodpb\/181A\/production\/_118307160_gettyimages-677379802.jpg 320w, https:\/\/ichef.bbci.co.uk\/news\/480\/cpsprodpb\/181A\/production\/_118307160_gettyimages-677379802.jpg 480w, https:\/\/ichef.bbci.co.uk\/news\/624\/cpsprodpb\/181A\/production\/_118307160_gettyimages-677379802.jpg 624w, https:\/\/ichef.bbci.co.uk\/news\/800\/cpsprodpb\/181A\/production\/_118307160_gettyimages-677379802.jpg 800w\" alt=\"eylem\" width=\"976\" \/><\/div>\n<p class=\"bbc-1s1cxbv etq3yw90\" role=\"text\"><em><span class=\"bbc-1gnhmg2 e1yt7oin0\">KAYNAK,<\/span><span lang=\"en-GB\">GETTY IMAGES<\/span><\/em><\/p>\n<\/div>\n<\/div>\n<\/div>\n<\/figure>\n<\/div>\n<div class=\"bbc-19j92fr e57qer20\" dir=\"ltr\">\n<h2 id=\"B\u0130K-destek-kurumu-olmaktan-\u00e7\u0131kt\u0131-sans\u00fcr-kurumuna-d\u00f6n\u00fc\u015ft\u00fc\" class=\"bbc-l3e97o e14hemmw0\" tabindex=\"-1\">&#8216;B\u0130K destek kurumu olmaktan \u00e7\u0131kt\u0131, sans\u00fcr kurumuna d\u00f6n\u00fc\u015ft\u00fc&#8217;<\/h2>\n<\/div>\n<div class=\"bbc-19j92fr e57qer20\" dir=\"ltr\">\n<p class=\"bbc-bm53ic e1cc2ql70\" dir=\"ltr\"><b>BBC T\u00fcrk\u00e7e<\/b>&#8216;ye konu\u015fan BirG\u00fcn gazetesi Yay\u0131n Koordinat\u00f6r\u00fc Ya\u015far Ayd\u0131n da, haberleri sebebiyle B\u0130K cezalar\u0131 ald\u0131klar\u0131n\u0131 ancak ceza verilen haberleri hakk\u0131nda herhangi bir yarg\u0131 karar\u0131n\u0131n ya da tekzibin olmad\u0131\u011f\u0131n\u0131 belirtti.<\/p>\n<\/div>\n<div class=\"bbc-19j92fr e57qer20\" dir=\"ltr\">\n<p class=\"bbc-bm53ic e1cc2ql70\" dir=\"ltr\">B\u0130K&#8217;in kurulu\u015f amac\u0131n\u0131n bas\u0131n organlar\u0131n\u0131n kamu taraf\u0131ndan korunmas\u0131 oldu\u011funu vurgulayan Ayd\u0131n, &#8220;Reklam \u00fczerine d\u00f6nen bir gazete de\u011fil BirG\u00fcn. Dolay\u0131s\u0131yla B\u0130K bizim gibi kurumlar i\u00e7in hayati \u00f6nem ta\u015f\u0131yor&#8221; dedi.<\/p>\n<\/div>\n<div class=\"bbc-19j92fr e57qer20\" dir=\"ltr\">\n<p class=\"bbc-bm53ic e1cc2ql70\" dir=\"ltr\">Ceza verilen haberlerinin yanl\u0131\u015f ya da yalan olmad\u0131\u011f\u0131n\u0131 aktaran Ayd\u0131n, \u00e7o\u011funlukla haber dilleri sebebiyle ceza ald\u0131klar\u0131n\u0131 belirtti. Ayd\u0131n s\u00f6zlerini \u015f\u00f6yle s\u00fcrd\u00fcrd\u00fc:<\/p>\n<\/div>\n<div class=\"bbc-19j92fr e57qer20\" dir=\"ltr\">\n<p class=\"bbc-bm53ic e1cc2ql70\" dir=\"ltr\">&#8220;Haber do\u011fru olsa bile, yap\u0131lan tan\u0131mlamaya, at\u0131lan ba\u015fl\u0131\u011fa da m\u00fcdahaleler geldi. Mesela &#8220;Jandarma k\u00f6yl\u00fcy\u00fc d\u00f6vd\u00fc&#8221; dedi\u011fimizde, &#8216;jandarmay\u0131 b\u00f6yle g\u00f6steremezsiniz&#8217; denilerek yoruma dayal\u0131 cezalar verildi. Bizim ne yaz\u0131p ne yazmayaca\u011f\u0131m\u0131z\u0131 denetleyen bir sans\u00fcr kurumuna d\u00f6n\u00fc\u015fm\u00fc\u015f durumda B\u0130K. Art\u0131k bir destek kurumu olmaktan \u00e7\u0131kt\u0131 ve bir sans\u00fcr kurumuna d\u00f6n\u00fc\u015ft\u00fc.&#8221;<\/p>\n<\/div>\n<div class=\"bbc-19j92fr e57qer20\" dir=\"ltr\">\n<h2 id=\"Emniyet-genelgesi-hukuk-d\u0131\u015f\u0131\" class=\"bbc-l3e97o e14hemmw0\" tabindex=\"-1\">&#8216;Emniyet genelgesi hukuk d\u0131\u015f\u0131&#8217;<\/h2>\n<\/div>\n<div class=\"bbc-19j92fr e57qer20\" dir=\"ltr\">\n<p class=\"bbc-bm53ic e1cc2ql70\" dir=\"ltr\">\u00c7a\u011fda\u015f Gazeteciler Derne\u011fi (\u00c7GD), Avrupa Gazeteciler Birli\u011fi (AEJ) T\u00fcrkiye Temsilcili\u011fi ve D\u0130SK&#8217;e ba\u011fl\u0131 Bas\u0131n \u0130\u015f Sendikas\u0131&#8217;n\u0131n ortak yay\u0131mlad\u0131\u011f\u0131 yaz\u0131l\u0131 a\u00e7\u0131klamada, Emniyet Genel M\u00fcd\u00fcrl\u00fc\u011f\u00fc&#8217;n\u00fcn kamusal olaylarda &#8220;ses ve g\u00f6r\u00fcnt\u00fc kayd\u0131 al\u0131nmas\u0131n\u0131 engellemek i\u00e7in&#8221; yay\u0131mlad\u0131\u011f\u0131 genelgeye dair duyulan endi\u015fe ifade edildi.<\/p>\n<\/div>\n<div class=\"bbc-19j92fr e57qer20\" dir=\"ltr\">\n<p class=\"bbc-bm53ic e1cc2ql70\" dir=\"ltr\">Genelgenin hukuk d\u0131\u015f\u0131 oldu\u011funun belirtildi\u011fi ortak a\u00e7\u0131klamada, &#8220;G\u00f6rev ve sorumluluklar\u0131 yasa ve hukuk s\u0131n\u0131rlar\u0131yla tan\u0131mlanan emniyet g\u00fc\u00e7lerinin hukuk d\u0131\u015f\u0131 uygulamalar\u0131na kaynakl\u0131k edecek niteliktedir&#8221; ifadeleri yer ald\u0131.<\/p>\n<\/div>\n<div class=\"bbc-19j92fr e57qer20\" dir=\"ltr\">\n<p class=\"bbc-bm53ic e1cc2ql70\" dir=\"ltr\"><b>BBC T\u00fcrk\u00e7e<\/b>&#8216;ye konu\u015fan TGS Genel Sekreteri \u0130lkay Akkaya da genelgeyle ger\u00e7e\u011fin gizlenmesi, haber alma hakk\u0131n\u0131n yok say\u0131lmas\u0131 ve gazeteciler \u00fczerinde bir otosans\u00fcr yarat\u0131lmas\u0131 konusunda endi\u015feli olduklar\u0131n\u0131 s\u00f6yledi.<\/p>\n<\/div>\n<div class=\"bbc-19j92fr e57qer20\" dir=\"ltr\">\n<p class=\"bbc-bm53ic e1cc2ql70\" dir=\"ltr\">Akkaya&#8217;ya g\u00f6re T\u00fcrkiye&#8217;de gazetecilik s\u0131k\u0131nt\u0131l\u0131 bir s\u00fcre\u00e7ten ge\u00e7iyor:<\/p>\n<\/div>\n<div class=\"bbc-19j92fr e57qer20\" dir=\"ltr\">\n<p class=\"bbc-bm53ic e1cc2ql70\" dir=\"ltr\">&#8220;T\u00fcm d\u00fcnya dijital habercili\u011fe ge\u00e7i\u015fi konu\u015fuyor. Biz de bunu konu\u015fmak isterdik. Gazete bask\u0131lar\u0131ndaki say\u0131 ve d\u00fc\u015f\u00fc\u015f meslek i\u00e7in baz\u0131 riskler bar\u0131nd\u0131r\u0131yor. Umar\u0131m biz de yak\u0131n bir zamanda bunlar\u0131 konu\u015facak duruma geliriz.<\/p>\n<\/div>\n<div class=\"bbc-19j92fr e57qer20\" dir=\"ltr\">\n<p class=\"bbc-bm53ic e1cc2ql70\" dir=\"ltr\">&#8220;Meslek, i\u015fsizlik, g\u00fcvencesiz \u00e7al\u0131\u015fma k\u0131skac\u0131nda. Bunlar bas\u0131n \u00f6zg\u00fcrl\u00fc\u011f\u00fcn\u00fc de yans\u0131yor.Gazeteci iyi ko\u015fullarda \u00e7al\u0131\u015fabilirse ancak \u00f6yle haber pe\u015finde ko\u015fabilir. T\u00fcm bunlara ra\u011fmen T\u00fcrkiye&#8217;de gazetecili\u011fin itibar kaybetti\u011fini d\u00fc\u015f\u00fcnm\u00fcyorum. Ama b\u00f6yle bir \u00e7aba i\u00e7inde olundu\u011fu a\u00e7\u0131k.&#8221;<\/p>\n<\/div>\n<div class=\"bbc-19j92fr e57qer20\" dir=\"ltr\">\n<h2 id=\"Yeni-formlara-merak-salmak-laz\u0131m\" class=\"bbc-l3e97o e14hemmw0\" tabindex=\"-1\">&#8216;Yeni formlara merak salmak laz\u0131m&#8217;<\/h2>\n<\/div>\n<div class=\"bbc-19j92fr e57qer20\" dir=\"ltr\">\n<p class=\"bbc-bm53ic e1cc2ql70\" dir=\"ltr\">D\u0130SK Bas\u0131n \u0130\u015f&#8217;ten Y\u00f6netim Kurulu \u00dcyesi Elif Akg\u00fcl de<b>\u00a0BBC T\u00fcrk\u00e7e<\/b>&#8216;ye yapt\u0131\u011f\u0131 a\u00e7\u0131klamada, daha iyi bir bas\u0131nda okurlar\u0131n da rol\u00fc oldu\u011funu s\u00f6yledi.<\/p>\n<\/div>\n<div class=\"bbc-19j92fr e57qer20\" dir=\"ltr\">\n<p class=\"bbc-bm53ic e1cc2ql70\" dir=\"ltr\">Haber okurlar\u0131n\u0131n, kendi siyasi g\u00f6r\u00fc\u015flerine yak\u0131n mecralardan dahi do\u011fru ve objektif haberi talep etmelerinin bir gereklilik oldu\u011funu s\u00f6yleyen Akg\u00fcl, \u00f6te yandan t\u00fcm bask\u0131lara kar\u015f\u0131 gazetecilerin \u00f6rg\u00fctlenmesi gerekti\u011finin de alt\u0131n\u0131 \u00e7izdi.<\/p>\n<\/div>\n<div class=\"bbc-19j92fr e57qer20\" dir=\"ltr\">\n<p class=\"bbc-bm53ic e1cc2ql70\" dir=\"ltr\">Akg\u00fcl \u015f\u00f6yle devam etti:<\/p>\n<\/div>\n<div class=\"bbc-19j92fr e57qer20\" dir=\"ltr\">\n<p class=\"bbc-bm53ic e1cc2ql70\" dir=\"ltr\">&#8220;Mesle\u011fimiz zor bir meslek. D\u00fcnyan\u0131n her yerinde b\u00f6yle. Ama ben, &#8216;Art\u0131k \u00e7ok umutsuzum&#8217; diyen insanlara kat\u0131lm\u0131yorum. \u0130yi gazetecilik yapanlar var. Farkl\u0131 ekonomik modeller de yarat\u0131l\u0131yor yeni teknolojilerle birlikte. Geleneksel medyan\u0131n baz\u0131 handikaplar\u0131ndan kurtulmak gerekiyor. Yeni formlara merak salmak laz\u0131m.&#8221;<\/p>\n<\/div>\n<div class=\"bbc-19j92fr e57qer20\" dir=\"ltr\">\n<p class=\"bbc-bm53ic e1cc2ql70\" dir=\"ltr\"><a class=\"bbc-n8oauk e1cs6q200\" href=\"https:\/\/www.bbc.com\/turkce\/haberler-turkiye-56947389\">Emniyet kamusal olaylarda &#8216;ses ve g\u00f6r\u00fcnt\u00fc kayd\u0131 al\u0131nmas\u0131n\u0131 engellemek i\u00e7in&#8217; genelge yay\u0131mlad\u0131<\/a><\/p>\n<\/div>\n<div class=\"bbc-1ka88fa e57qer20\" dir=\"ltr\">\n<figure class=\"bbc-1qdcvv9 e6bmn90\">\n<div class=\"bbc-172p16q e57qer20\" dir=\"ltr\">\n<div class=\"bbc-172p16q e57qer20\" dir=\"ltr\">\n<div class=\"bbc-189y18v e57qer20\" dir=\"ltr\">\n<div class=\"bbc-1k5hvrj e1whu0\" data-e2e=\"image-placeholder\">\n<div class=\"lazyload-wrapper \"><img decoding=\"async\" class=\"css-fat2bc e1enwo3v0\" src=\"https:\/\/ichef.bbci.co.uk\/news\/640\/cpsprodpb\/14CB2\/production\/_118307158_gettyimages-1196685650.jpg\" srcset=\"https:\/\/ichef.bbci.co.uk\/news\/240\/cpsprodpb\/14CB2\/production\/_118307158_gettyimages-1196685650.jpg 240w, https:\/\/ichef.bbci.co.uk\/news\/320\/cpsprodpb\/14CB2\/production\/_118307158_gettyimages-1196685650.jpg 320w, https:\/\/ichef.bbci.co.uk\/news\/480\/cpsprodpb\/14CB2\/production\/_118307158_gettyimages-1196685650.jpg 480w, https:\/\/ichef.bbci.co.uk\/news\/624\/cpsprodpb\/14CB2\/production\/_118307158_gettyimages-1196685650.jpg 624w, https:\/\/ichef.bbci.co.uk\/news\/800\/cpsprodpb\/14CB2\/production\/_118307158_gettyimages-1196685650.jpg 800w\" alt=\"eylem\" width=\"976\" \/><\/div>\n<p class=\"bbc-1s1cxbv etq3yw90\" role=\"text\"><em><span class=\"bbc-1gnhmg2 e1yt7oin0\">KAYNAK,<\/span><span lang=\"en-GB\">GETTY IMAGES<\/span><\/em><\/p>\n<\/div>\n<\/div>\n<div class=\"bbc-3edg7g e57qer20\" dir=\"ltr\"><\/div>\n<\/div>\n<\/div><figcaption class=\"bbc-1t9zlwf eede9f50\" dir=\"ltr\"><em><span class=\"bbc-1gnhmg2 e1yt7oin0\">Foto\u011fraf alt\u0131 yaz\u0131s\u0131,<\/span><\/em><em>Gazeteciler, BirG\u00fcn ve Evrensel gazetesi \u00e7al\u0131\u015fanlar\u0131n\u0131n bas\u0131n kartlar\u0131n\u0131n iptal edilmesinin ard\u0131ndan Ocak 2020&#8217;de Ankara&#8217;da eylem yapm\u0131\u015ft\u0131.<\/em><\/p>\n<\/figcaption><\/figure>\n<\/div>\n<div class=\"bbc-19j92fr e57qer20\" dir=\"ltr\">\n<h2 id=\"\u0130ktidar-bask\u0131s\u0131n\u0131-2004ten-bu-yana-a\u011f\u0131r-bir-\u015fekilde-s\u00fcrd\u00fcrd\u00fc\" class=\"bbc-l3e97o e14hemmw0\" tabindex=\"-1\">&#8216;\u0130ktidar bask\u0131s\u0131n\u0131 2004&#8217;ten bu yana a\u011f\u0131r bir \u015fekilde s\u00fcrd\u00fcrd\u00fc&#8217;<\/h2>\n<\/div>\n<div class=\"bbc-19j92fr e57qer20\" dir=\"ltr\">\n<p class=\"bbc-bm53ic e1cc2ql70\" dir=\"ltr\">TGC Genel Sekreteri Sibel G\u00fcne\u015f ise yapt\u0131\u011f\u0131 de\u011ferlendirmesinde, gazetecilerin fiziksel \u015fiddetle kar\u015f\u0131 kar\u015f\u0131ya kalmas\u0131na ra\u011fmen iktidar\u0131n bu \u015fiddeti durdurmak yerine gazetecileri engellemeye \u00e7al\u0131\u015ft\u0131\u011f\u0131n\u0131 savundu.<\/p>\n<\/div>\n<div class=\"bbc-19j92fr e57qer20\" dir=\"ltr\">\n<p class=\"bbc-bm53ic e1cc2ql70\" dir=\"ltr\">G\u00fcne\u015f, AKP&#8217;nin 2002&#8217;de iktidara gelmesinin ard\u0131ndan 2 y\u0131l bas\u0131nla olumlu bir ili\u015fki kurdu\u011funu belirtti ve \u015funlar\u0131 s\u00f6yledi:<\/p>\n<\/div>\n<div class=\"bbc-19j92fr e57qer20\" dir=\"ltr\">\n<p class=\"bbc-bm53ic e1cc2ql70\" dir=\"ltr\">&#8220;2004&#8217;\u00fcn sonundan itibaren iktidar, oyuyla geldi\u011fi vatanda\u015flar\u0131n hangi haberleri okuyup okumayaca\u011f\u0131na kendisi karar verdi. \u0130ktidar, bas\u0131n \u00f6zg\u00fcrl\u00fc\u011f\u00fcn\u00fc gazete ve dergi, TV ve internet sitesi say\u0131s\u0131yla \u00f6l\u00e7\u00fcyor. Bu \u00e7ok sorunlu bir bak\u0131\u015f a\u00e7\u0131s\u0131. Yay\u0131nlar\u0131n y\u00fczde 90&#8217;\u0131 iktidar kontrol\u00fcnde. Demokratik toplumlarda halk\u0131n haber alabilmesi ve tercihlerini sa\u011fl\u0131kl\u0131 bir \u015fekilde yapabilmesi i\u00e7in iktidar ve ortaklar\u0131n\u0131n kamu yarar\u0131na olmayan faliyetlerinin vatanda\u015fa ula\u015ft\u0131r\u0131labilir olmas\u0131 laz\u0131m. \u0130ktidar gazeteciler \u00fczerindeki bask\u0131sn\u0131 2004&#8217;ten bu yana a\u011f\u0131r bir \u015fekilde s\u00fcrd\u00fcrd\u00fc. Gelinen noktada y\u00fczlerce yay\u0131n organ\u0131 kapand\u0131, 12 bin gazeteci i\u015fsiz kald\u0131. Tek bir hakim karar\u0131yla yay\u0131nlar durduruluyor. Kitaplar toplat\u0131l\u0131yor.&#8221;<\/p>\n<\/div>\n<div class=\"bbc-19j92fr e57qer20\" dir=\"ltr\">\n<p class=\"bbc-bm53ic e1cc2ql70\" dir=\"ltr\">TGS&#8217;den Akkaya da bas\u0131n\u0131n iktidar a\u00e7\u0131s\u0131ndan da elzem oldu\u011funu belirterek, &#8220;15 Temmuz&#8217;da gazetecilerin \u00e7ekti\u011fi g\u00f6r\u00fcnt\u00fclerle bir\u00e7ok \u015fey g\u00fcny\u00fcz\u00fcne \u00e7\u0131kt\u0131. Bunlar\u0131 gazeteciler ba\u015fard\u0131. Toplumun gazetecilere ihtiyac\u0131 var&#8221; diye konu\u015ftu.<\/p>\n<p><em><strong>https:\/\/www.bbc.com\/turkce\/haberler-dunya-56959551<\/strong><\/em><\/p>\n<\/div>\n","protected":false},"excerpt":{"rendered":"<p>Bug\u00fcn 3 May\u0131s D\u00fcnya Bas\u0131n \u00d6zg\u00fcrl\u00fc\u011f\u00fc G\u00fcn\u00fc. S\u0131n\u0131r Tan\u0131mayan Gazeteciler \u00d6rg\u00fct\u00fc&#8217;n\u00fcn 2021 y\u0131l\u0131 bas\u0131n \u00f6zg\u00fcrl\u00fc\u011f\u00fc endeksinde T\u00fcrkiye, 180 \u00fclke aras\u0131nda 153&#8217;\u00fcnc\u00fc s\u0131rada yer ald\u0131. Meslek \u00f6rg\u00fctleri taraf\u0131ndan bug\u00fcne ili\u015fkin yay\u0131mlanan a\u00e7\u0131klamalar\u0131n ortak noktas\u0131 ise &#8220;gazetecilere y\u00f6nelik \u015fiddetin ve sans\u00fcr\u00fcn son bulmas\u0131 \u00e7a\u011fr\u0131s\u0131&#8221; oldu. T\u00fcrkiye Gazeteciler Sendikas\u0131 (TGS), 1 Nisan 2020 ile 1 Nisan 2021 d\u00f6nemini [&hellip;]<\/p>\n","protected":false},"author":7,"featured_media":62718,"comment_status":"open","ping_status":"open","sticky":false,"template":"","format":"standard","meta":{"footnotes":""},"categories":[1],"tags":[],"class_list":["post-62717","post","type-post","status-publish","format-standard","has-post-thumbnail","hentry","category-haberler"],"yoast_head":"<!-- This site is optimized with the Yoast SEO plugin v27.4 - https:\/\/yoast.com\/product\/yoast-seo-wordpress\/ -->\n<title>D\u00fcnya Bas\u0131n \u00d6zg\u00fcrl\u00fc\u011f\u00fc G\u00fcn\u00fc: &#039;T\u00fcrkiye&#039;de \u00f6zg\u00fcr bir bas\u0131ndan s\u00f6z edemiyoruz&#039; - Bati Ermenistan Ve Bati Ermenileri Sorunlari Ara\u015ftirmalar Merkezi<\/title>\n<meta name=\"robots\" content=\"index, follow, max-snippet:-1, max-image-preview:large, max-video-preview:-1\" \/>\n<link rel=\"canonical\" href=\"https:\/\/akunq.net\/tr\/?p=62717\" \/>\n<meta property=\"og:locale\" content=\"en_US\" \/>\n<meta property=\"og:type\" content=\"article\" \/>\n<meta property=\"og:title\" content=\"D\u00fcnya Bas\u0131n \u00d6zg\u00fcrl\u00fc\u011f\u00fc G\u00fcn\u00fc: &#039;T\u00fcrkiye&#039;de \u00f6zg\u00fcr bir bas\u0131ndan s\u00f6z edemiyoruz&#039; - Bati Ermenistan Ve Bati Ermenileri Sorunlari Ara\u015ftirmalar Merkezi\" \/>\n<meta property=\"og:description\" content=\"Bug\u00fcn 3 May\u0131s D\u00fcnya Bas\u0131n \u00d6zg\u00fcrl\u00fc\u011f\u00fc G\u00fcn\u00fc. S\u0131n\u0131r Tan\u0131mayan Gazeteciler \u00d6rg\u00fct\u00fc&#8217;n\u00fcn 2021 y\u0131l\u0131 bas\u0131n \u00f6zg\u00fcrl\u00fc\u011f\u00fc endeksinde T\u00fcrkiye, 180 \u00fclke aras\u0131nda 153&#8217;\u00fcnc\u00fc s\u0131rada yer ald\u0131. Meslek \u00f6rg\u00fctleri taraf\u0131ndan bug\u00fcne ili\u015fkin yay\u0131mlanan a\u00e7\u0131klamalar\u0131n ortak noktas\u0131 ise &#8220;gazetecilere y\u00f6nelik \u015fiddetin ve sans\u00fcr\u00fcn son bulmas\u0131 \u00e7a\u011fr\u0131s\u0131&#8221; oldu. T\u00fcrkiye Gazeteciler Sendikas\u0131 (TGS), 1 Nisan 2020 ile 1 Nisan 2021 d\u00f6nemini [&hellip;]\" \/>\n<meta property=\"og:url\" content=\"https:\/\/akunq.net\/tr\/?p=62717\" \/>\n<meta property=\"og:site_name\" content=\"Bati Ermenistan Ve Bati Ermenileri Sorunlari Ara\u015ftirmalar Merkezi\" \/>\n<meta property=\"article:published_time\" content=\"2021-05-04T09:04:13+00:00\" \/>\n<meta property=\"og:image\" content=\"https:\/\/akunq.net\/tr\/wp-content\/uploads\/sites\/6\/2021\/05\/T\u00fcrkiye.jpg\" \/>\n\t<meta property=\"og:image:width\" content=\"800\" \/>\n\t<meta property=\"og:image:height\" content=\"450\" \/>\n\t<meta property=\"og:image:type\" content=\"image\/jpeg\" \/>\n<meta name=\"author\" content=\"admin\" \/>\n<meta name=\"twitter:card\" content=\"summary_large_image\" \/>\n<meta name=\"twitter:label1\" content=\"Written by\" \/>\n\t<meta name=\"twitter:data1\" content=\"admin\" \/>\n\t<meta name=\"twitter:label2\" content=\"Est. reading time\" \/>\n\t<meta name=\"twitter:data2\" content=\"8 minutes\" \/>\n<script type=\"application\/ld+json\" class=\"yoast-schema-graph\">{\"@context\":\"https:\\\/\\\/schema.org\",\"@graph\":[{\"@type\":\"Article\",\"@id\":\"https:\\\/\\\/akunq.net\\\/tr\\\/?p=62717#article\",\"isPartOf\":{\"@id\":\"https:\\\/\\\/akunq.net\\\/tr\\\/?p=62717\"},\"author\":{\"name\":\"admin\",\"@id\":\"https:\\\/\\\/akunq.net\\\/tr\\\/#\\\/schema\\\/person\\\/096f1d38a12cce57fb855b485ed24c9e\"},\"headline\":\"D\u00fcnya Bas\u0131n \u00d6zg\u00fcrl\u00fc\u011f\u00fc G\u00fcn\u00fc: &#8216;T\u00fcrkiye&#8217;de \u00f6zg\u00fcr bir bas\u0131ndan s\u00f6z edemiyoruz&#8217;\",\"datePublished\":\"2021-05-04T09:04:13+00:00\",\"mainEntityOfPage\":{\"@id\":\"https:\\\/\\\/akunq.net\\\/tr\\\/?p=62717\"},\"wordCount\":1608,\"commentCount\":0,\"image\":{\"@id\":\"https:\\\/\\\/akunq.net\\\/tr\\\/?p=62717#primaryimage\"},\"thumbnailUrl\":\"https:\\\/\\\/akunq.net\\\/tr\\\/wp-content\\\/uploads\\\/sites\\\/6\\\/2021\\\/05\\\/T\u00fcrkiye.jpg\",\"articleSection\":[\"Haberler\"],\"inLanguage\":\"en-US\",\"potentialAction\":[{\"@type\":\"CommentAction\",\"name\":\"Comment\",\"target\":[\"https:\\\/\\\/akunq.net\\\/tr\\\/?p=62717#respond\"]}]},{\"@type\":\"WebPage\",\"@id\":\"https:\\\/\\\/akunq.net\\\/tr\\\/?p=62717\",\"url\":\"https:\\\/\\\/akunq.net\\\/tr\\\/?p=62717\",\"name\":\"D\u00fcnya Bas\u0131n \u00d6zg\u00fcrl\u00fc\u011f\u00fc G\u00fcn\u00fc: 'T\u00fcrkiye'de \u00f6zg\u00fcr bir bas\u0131ndan s\u00f6z edemiyoruz' - Bati Ermenistan Ve Bati Ermenileri Sorunlari Ara\u015ftirmalar Merkezi\",\"isPartOf\":{\"@id\":\"https:\\\/\\\/akunq.net\\\/tr\\\/#website\"},\"primaryImageOfPage\":{\"@id\":\"https:\\\/\\\/akunq.net\\\/tr\\\/?p=62717#primaryimage\"},\"image\":{\"@id\":\"https:\\\/\\\/akunq.net\\\/tr\\\/?p=62717#primaryimage\"},\"thumbnailUrl\":\"https:\\\/\\\/akunq.net\\\/tr\\\/wp-content\\\/uploads\\\/sites\\\/6\\\/2021\\\/05\\\/T\u00fcrkiye.jpg\",\"datePublished\":\"2021-05-04T09:04:13+00:00\",\"author\":{\"@id\":\"https:\\\/\\\/akunq.net\\\/tr\\\/#\\\/schema\\\/person\\\/096f1d38a12cce57fb855b485ed24c9e\"},\"breadcrumb\":{\"@id\":\"https:\\\/\\\/akunq.net\\\/tr\\\/?p=62717#breadcrumb\"},\"inLanguage\":\"en-US\",\"potentialAction\":[{\"@type\":\"ReadAction\",\"target\":[\"https:\\\/\\\/akunq.net\\\/tr\\\/?p=62717\"]}]},{\"@type\":\"ImageObject\",\"inLanguage\":\"en-US\",\"@id\":\"https:\\\/\\\/akunq.net\\\/tr\\\/?p=62717#primaryimage\",\"url\":\"https:\\\/\\\/akunq.net\\\/tr\\\/wp-content\\\/uploads\\\/sites\\\/6\\\/2021\\\/05\\\/T\u00fcrkiye.jpg\",\"contentUrl\":\"https:\\\/\\\/akunq.net\\\/tr\\\/wp-content\\\/uploads\\\/sites\\\/6\\\/2021\\\/05\\\/T\u00fcrkiye.jpg\",\"width\":800,\"height\":450},{\"@type\":\"BreadcrumbList\",\"@id\":\"https:\\\/\\\/akunq.net\\\/tr\\\/?p=62717#breadcrumb\",\"itemListElement\":[{\"@type\":\"ListItem\",\"position\":1,\"name\":\"Home\",\"item\":\"https:\\\/\\\/akunq.net\\\/tr\"},{\"@type\":\"ListItem\",\"position\":2,\"name\":\"D\u00fcnya Bas\u0131n \u00d6zg\u00fcrl\u00fc\u011f\u00fc G\u00fcn\u00fc: &#8216;T\u00fcrkiye&#8217;de \u00f6zg\u00fcr bir bas\u0131ndan s\u00f6z edemiyoruz&#8217;\"}]},{\"@type\":\"WebSite\",\"@id\":\"https:\\\/\\\/akunq.net\\\/tr\\\/#website\",\"url\":\"https:\\\/\\\/akunq.net\\\/tr\\\/\",\"name\":\"Bati Ermenistan Ve Bati Ermenileri Sorunlari Ara\u015ftirmalar Merkezi\",\"description\":\"\",\"potentialAction\":[{\"@type\":\"SearchAction\",\"target\":{\"@type\":\"EntryPoint\",\"urlTemplate\":\"https:\\\/\\\/akunq.net\\\/tr\\\/?s={search_term_string}\"},\"query-input\":{\"@type\":\"PropertyValueSpecification\",\"valueRequired\":true,\"valueName\":\"search_term_string\"}}],\"inLanguage\":\"en-US\"},{\"@type\":\"Person\",\"@id\":\"https:\\\/\\\/akunq.net\\\/tr\\\/#\\\/schema\\\/person\\\/096f1d38a12cce57fb855b485ed24c9e\",\"name\":\"admin\",\"url\":\"https:\\\/\\\/akunq.net\\\/tr\\\/?author=7\"}]}<\/script>\n<!-- \/ Yoast SEO plugin. -->","yoast_head_json":{"title":"D\u00fcnya Bas\u0131n \u00d6zg\u00fcrl\u00fc\u011f\u00fc G\u00fcn\u00fc: 'T\u00fcrkiye'de \u00f6zg\u00fcr bir bas\u0131ndan s\u00f6z edemiyoruz' - Bati Ermenistan Ve Bati Ermenileri Sorunlari Ara\u015ftirmalar Merkezi","robots":{"index":"index","follow":"follow","max-snippet":"max-snippet:-1","max-image-preview":"max-image-preview:large","max-video-preview":"max-video-preview:-1"},"canonical":"https:\/\/akunq.net\/tr\/?p=62717","og_locale":"en_US","og_type":"article","og_title":"D\u00fcnya Bas\u0131n \u00d6zg\u00fcrl\u00fc\u011f\u00fc G\u00fcn\u00fc: 'T\u00fcrkiye'de \u00f6zg\u00fcr bir bas\u0131ndan s\u00f6z edemiyoruz' - Bati Ermenistan Ve Bati Ermenileri Sorunlari Ara\u015ftirmalar Merkezi","og_description":"Bug\u00fcn 3 May\u0131s D\u00fcnya Bas\u0131n \u00d6zg\u00fcrl\u00fc\u011f\u00fc G\u00fcn\u00fc. S\u0131n\u0131r Tan\u0131mayan Gazeteciler \u00d6rg\u00fct\u00fc&#8217;n\u00fcn 2021 y\u0131l\u0131 bas\u0131n \u00f6zg\u00fcrl\u00fc\u011f\u00fc endeksinde T\u00fcrkiye, 180 \u00fclke aras\u0131nda 153&#8217;\u00fcnc\u00fc s\u0131rada yer ald\u0131. Meslek \u00f6rg\u00fctleri taraf\u0131ndan bug\u00fcne ili\u015fkin yay\u0131mlanan a\u00e7\u0131klamalar\u0131n ortak noktas\u0131 ise &#8220;gazetecilere y\u00f6nelik \u015fiddetin ve sans\u00fcr\u00fcn son bulmas\u0131 \u00e7a\u011fr\u0131s\u0131&#8221; oldu. T\u00fcrkiye Gazeteciler Sendikas\u0131 (TGS), 1 Nisan 2020 ile 1 Nisan 2021 d\u00f6nemini [&hellip;]","og_url":"https:\/\/akunq.net\/tr\/?p=62717","og_site_name":"Bati Ermenistan Ve Bati Ermenileri Sorunlari Ara\u015ftirmalar Merkezi","article_published_time":"2021-05-04T09:04:13+00:00","og_image":[{"width":800,"height":450,"url":"https:\/\/akunq.net\/tr\/wp-content\/uploads\/sites\/6\/2021\/05\/T\u00fcrkiye.jpg","type":"image\/jpeg"}],"author":"admin","twitter_card":"summary_large_image","twitter_misc":{"Written by":"admin","Est. reading time":"8 minutes"},"schema":{"@context":"https:\/\/schema.org","@graph":[{"@type":"Article","@id":"https:\/\/akunq.net\/tr\/?p=62717#article","isPartOf":{"@id":"https:\/\/akunq.net\/tr\/?p=62717"},"author":{"name":"admin","@id":"https:\/\/akunq.net\/tr\/#\/schema\/person\/096f1d38a12cce57fb855b485ed24c9e"},"headline":"D\u00fcnya Bas\u0131n \u00d6zg\u00fcrl\u00fc\u011f\u00fc G\u00fcn\u00fc: &#8216;T\u00fcrkiye&#8217;de \u00f6zg\u00fcr bir bas\u0131ndan s\u00f6z edemiyoruz&#8217;","datePublished":"2021-05-04T09:04:13+00:00","mainEntityOfPage":{"@id":"https:\/\/akunq.net\/tr\/?p=62717"},"wordCount":1608,"commentCount":0,"image":{"@id":"https:\/\/akunq.net\/tr\/?p=62717#primaryimage"},"thumbnailUrl":"https:\/\/akunq.net\/tr\/wp-content\/uploads\/sites\/6\/2021\/05\/T\u00fcrkiye.jpg","articleSection":["Haberler"],"inLanguage":"en-US","potentialAction":[{"@type":"CommentAction","name":"Comment","target":["https:\/\/akunq.net\/tr\/?p=62717#respond"]}]},{"@type":"WebPage","@id":"https:\/\/akunq.net\/tr\/?p=62717","url":"https:\/\/akunq.net\/tr\/?p=62717","name":"D\u00fcnya Bas\u0131n \u00d6zg\u00fcrl\u00fc\u011f\u00fc G\u00fcn\u00fc: 'T\u00fcrkiye'de \u00f6zg\u00fcr bir bas\u0131ndan s\u00f6z edemiyoruz' - Bati Ermenistan Ve Bati Ermenileri Sorunlari Ara\u015ftirmalar Merkezi","isPartOf":{"@id":"https:\/\/akunq.net\/tr\/#website"},"primaryImageOfPage":{"@id":"https:\/\/akunq.net\/tr\/?p=62717#primaryimage"},"image":{"@id":"https:\/\/akunq.net\/tr\/?p=62717#primaryimage"},"thumbnailUrl":"https:\/\/akunq.net\/tr\/wp-content\/uploads\/sites\/6\/2021\/05\/T\u00fcrkiye.jpg","datePublished":"2021-05-04T09:04:13+00:00","author":{"@id":"https:\/\/akunq.net\/tr\/#\/schema\/person\/096f1d38a12cce57fb855b485ed24c9e"},"breadcrumb":{"@id":"https:\/\/akunq.net\/tr\/?p=62717#breadcrumb"},"inLanguage":"en-US","potentialAction":[{"@type":"ReadAction","target":["https:\/\/akunq.net\/tr\/?p=62717"]}]},{"@type":"ImageObject","inLanguage":"en-US","@id":"https:\/\/akunq.net\/tr\/?p=62717#primaryimage","url":"https:\/\/akunq.net\/tr\/wp-content\/uploads\/sites\/6\/2021\/05\/T\u00fcrkiye.jpg","contentUrl":"https:\/\/akunq.net\/tr\/wp-content\/uploads\/sites\/6\/2021\/05\/T\u00fcrkiye.jpg","width":800,"height":450},{"@type":"BreadcrumbList","@id":"https:\/\/akunq.net\/tr\/?p=62717#breadcrumb","itemListElement":[{"@type":"ListItem","position":1,"name":"Home","item":"https:\/\/akunq.net\/tr"},{"@type":"ListItem","position":2,"name":"D\u00fcnya Bas\u0131n \u00d6zg\u00fcrl\u00fc\u011f\u00fc G\u00fcn\u00fc: &#8216;T\u00fcrkiye&#8217;de \u00f6zg\u00fcr bir bas\u0131ndan s\u00f6z edemiyoruz&#8217;"}]},{"@type":"WebSite","@id":"https:\/\/akunq.net\/tr\/#website","url":"https:\/\/akunq.net\/tr\/","name":"Bati Ermenistan Ve Bati Ermenileri Sorunlari Ara\u015ftirmalar Merkezi","description":"","potentialAction":[{"@type":"SearchAction","target":{"@type":"EntryPoint","urlTemplate":"https:\/\/akunq.net\/tr\/?s={search_term_string}"},"query-input":{"@type":"PropertyValueSpecification","valueRequired":true,"valueName":"search_term_string"}}],"inLanguage":"en-US"},{"@type":"Person","@id":"https:\/\/akunq.net\/tr\/#\/schema\/person\/096f1d38a12cce57fb855b485ed24c9e","name":"admin","url":"https:\/\/akunq.net\/tr\/?author=7"}]}},"_links":{"self":[{"href":"https:\/\/akunq.net\/tr\/index.php?rest_route=\/wp\/v2\/posts\/62717","targetHints":{"allow":["GET"]}}],"collection":[{"href":"https:\/\/akunq.net\/tr\/index.php?rest_route=\/wp\/v2\/posts"}],"about":[{"href":"https:\/\/akunq.net\/tr\/index.php?rest_route=\/wp\/v2\/types\/post"}],"author":[{"embeddable":true,"href":"https:\/\/akunq.net\/tr\/index.php?rest_route=\/wp\/v2\/users\/7"}],"replies":[{"embeddable":true,"href":"https:\/\/akunq.net\/tr\/index.php?rest_route=%2Fwp%2Fv2%2Fcomments&post=62717"}],"version-history":[{"count":1,"href":"https:\/\/akunq.net\/tr\/index.php?rest_route=\/wp\/v2\/posts\/62717\/revisions"}],"predecessor-version":[{"id":62719,"href":"https:\/\/akunq.net\/tr\/index.php?rest_route=\/wp\/v2\/posts\/62717\/revisions\/62719"}],"wp:featuredmedia":[{"embeddable":true,"href":"https:\/\/akunq.net\/tr\/index.php?rest_route=\/wp\/v2\/media\/62718"}],"wp:attachment":[{"href":"https:\/\/akunq.net\/tr\/index.php?rest_route=%2Fwp%2Fv2%2Fmedia&parent=62717"}],"wp:term":[{"taxonomy":"category","embeddable":true,"href":"https:\/\/akunq.net\/tr\/index.php?rest_route=%2Fwp%2Fv2%2Fcategories&post=62717"},{"taxonomy":"post_tag","embeddable":true,"href":"https:\/\/akunq.net\/tr\/index.php?rest_route=%2Fwp%2Fv2%2Ftags&post=62717"}],"curies":[{"name":"wp","href":"https:\/\/api.w.org\/{rel}","templated":true}]}}