{"id":62710,"date":"2021-05-03T05:31:17","date_gmt":"2021-05-03T10:31:17","guid":{"rendered":"https:\/\/akunq.net\/tr\/?p=62710"},"modified":"2021-05-03T05:31:17","modified_gmt":"2021-05-03T10:31:17","slug":"mardinde-9-kilise-ve-manastirin-unesco-dunya-mirasi-gecici-listesine-girmesi-sevincle-karsilandi","status":"publish","type":"post","link":"https:\/\/akunq.net\/tr\/?p=62710","title":{"rendered":"Mardin\u2019de 9 kilise ve manast\u0131r\u0131n UNESCO D\u00fcnya Miras\u0131 Ge\u00e7ici Listesi\u2019ne girmesi sevin\u00e7le kar\u015f\u0131land\u0131"},"content":{"rendered":"<p><img loading=\"lazy\" decoding=\"async\" class=\"aligncenter size-medium wp-image-62711\" src=\"https:\/\/akunq.net\/tr\/wp-content\/uploads\/2021\/05\/Mardin-360x203.jpg\" alt=\"\" width=\"360\" height=\"203\" srcset=\"https:\/\/akunq.net\/tr\/wp-content\/uploads\/sites\/6\/2021\/05\/Mardin-360x203.jpg 360w, https:\/\/akunq.net\/tr\/wp-content\/uploads\/sites\/6\/2021\/05\/Mardin-768x432.jpg 768w, https:\/\/akunq.net\/tr\/wp-content\/uploads\/sites\/6\/2021\/05\/Mardin-560x315.jpg 560w, https:\/\/akunq.net\/tr\/wp-content\/uploads\/sites\/6\/2021\/05\/Mardin-260x146.jpg 260w, https:\/\/akunq.net\/tr\/wp-content\/uploads\/sites\/6\/2021\/05\/Mardin-160x90.jpg 160w, https:\/\/akunq.net\/tr\/wp-content\/uploads\/sites\/6\/2021\/05\/Mardin.jpg 864w\" sizes=\"auto, (max-width: 360px) 100vw, 360px\" \/><\/p>\n<p><strong><em>Mardin\u2019in \u201cTur Abdin\u201d olarak nitelendirilen b\u00f6lgesinde bulunan Ge\u00e7 Antik ve Orta\u00e7a\u011f Kilise-Manast\u0131rlar\u0131n UNESCO D\u00fcnya Miras\u0131 Ge\u00e7ici Listesi\u2019ne girmesi kentte sevin\u00e7le kar\u015f\u0131land\u0131.<\/em><\/strong><\/p>\n<p><strong>Halil \u0130brahim Sincar,Selahattin Erol<\/strong><\/p>\n<p>K\u00fclt\u00fcr ve Turizm Bakanl\u0131\u011f\u0131nca, Mardin Midyat \u00c7evresi (Tur Abdin) Ge\u00e7 Antik ve Orta\u00e7a\u011f Kilise-Manast\u0131rlar\u0131n D\u00fcnya Miras\u0131 Ge\u00e7ici Listesi\u2019ne eklendi\u011finin a\u00e7\u0131klanmas\u0131 kentte heyecan yaratt\u0131.<\/p>\n<p>Kentte en b\u00fcy\u00fck beklenti D\u00fcnya Miras\u0131 Ge\u00e7ici Listesi\u2019ne eklenen Mor Sobo Kilisesi, Meryem Ana Kilisesi (Yoldath Aloho), Deyrulzafaran Manast\u0131r\u0131, Mor Gabriel Manast\u0131r\u0131, Mor Abai Manast\u0131r\u0131, Mor Loozor Manast\u0131r\u0131, Mor Yakup Manast\u0131r\u0131, Mor Quryaqos Kilisesi ve Mor Azozo Kilisesi\u2019nin daimi listeye de kabul edilmesi.<\/p>\n<p><strong>\u201cTurizme b\u00fcy\u00fck katk\u0131s\u0131 olacak\u201d<\/strong><\/p>\n<p>Midyat Belediye Ba\u015fkan\u0131 Veysi \u015eahin AA muhabirine yapt\u0131\u011f\u0131 a\u00e7\u0131klamada, ge\u00e7en y\u0131l K\u00fclt\u00fcr ve Turizm Bakanl\u0131\u011f\u0131yla yapt\u0131klar\u0131 \u00e7al\u0131\u015fmayla Ge\u00e7 Antik ve Orta\u00e7a\u011f\u2019a ait kilise ve manast\u0131rlar\u0131n UNESCO D\u00fcnya Miras\u0131 Ge\u00e7ici Listesi\u2019ne girdi\u011fini s\u00f6yledi.<\/p>\n<p>Midyat\u2019\u0131n diller ve dinler kenti oldu\u011funu, kadim bir \u015fehir kimli\u011fi ta\u015f\u0131d\u0131\u011f\u0131n\u0131 ifade eden \u015eahin, UNESCO D\u00fcnya Miras\u0131 Ge\u00e7ici Listesi\u2019ne al\u0131nan inan\u00e7 merkezlerinin il ve il\u00e7e turizmine b\u00fcy\u00fck katk\u0131s\u0131n\u0131n olaca\u011f\u0131n\u0131 belirtti.<\/p>\n<p>\u015eahin, Mardin\u2019in ayn\u0131 zamanda turizm ile ad\u0131ndan s\u00f6z ettiren bir kent oldu\u011funa i\u015faret ederek, inan\u00e7 ve k\u00fclt\u00fcr turizmi ile kentin b\u00f6lge turizmine de katk\u0131 sa\u011flad\u0131\u011f\u0131n\u0131 bildirdi.<\/p>\n<p>\u201cH\u00fck\u00fcmetten \u00e7ok b\u00fcy\u00fck destek almaktay\u0131z. Salg\u0131ndan sonra buraya b\u00fcy\u00fck bir turist ak\u0131n\u0131 olaca\u011f\u0131na inan\u0131yoruz. B\u00f6lgenin kalk\u0131nmas\u0131 ve refah\u0131 i\u00e7in k\u00fclt\u00fcr ve inan\u00e7 turizmini geli\u015ftirmemiz laz\u0131m.\u201d diyen \u015eahin, bu konuda \u00e7al\u0131\u015fmalar\u0131n devam edece\u011fini ifade etti.<\/p>\n<p><strong>\u201cB\u00f6yle yerlerin koruma alt\u0131na al\u0131nmas\u0131 g\u00fczel\u201d<\/strong><\/p>\n<p>Mor Yakup Manast\u0131r\u0131 Rahibi Edip Daniyel Savc\u0131 ise manast\u0131r ve kiliselerin din g\u00f6revlileri i\u00e7in \u00f6nemine de\u011findi.<\/p>\n<p>Savc\u0131, \u201cB\u00f6yle yerlerin koruma alt\u0131na al\u0131nmas\u0131 g\u00fczel bir \u015fey. Bizim de istedi\u011fimiz zaten bu. Burada kalma amac\u0131m\u0131z da budur. Onun i\u00e7in b\u00fct\u00fcn yetkililere te\u015fekk\u00fcr ediyoruz.\u201d dedi.<\/p>\n<p><strong>\u201cEme\u011fi ge\u00e7en herkese te\u015fekk\u00fcr ediyoruz\u201d<\/strong><\/p>\n<p>An\u0131tl\u0131 k\u00f6y\u00fc muhtar\u0131 ve Meryem Ana Kilisesi g\u00f6revlisi Habib Do\u011fan da b\u00f6lge i\u00e7in \u00e7ok \u00f6nemli bir k\u00fclt\u00fcr varl\u0131\u011f\u0131 olan kilise ve manast\u0131rlar\u0131n ge\u00e7ici listeye al\u0131nmas\u0131n\u0131n mutlulu\u011funu ya\u015fad\u0131klar\u0131n\u0131 belirtti.<\/p>\n<p>\u201cBu \u00e7ok sevindirici, Midyat\u2019\u0131m\u0131z, b\u00f6lgemiz ve \u00fclkemiz i\u00e7in olumlu oldu. \u0130nan\u0131yorum ki d\u00fcnyadaki b\u00fct\u00fcn S\u00fcryaniler duyar duymaz b\u00fcy\u00fck bir sevin\u00e7le kar\u015f\u0131layacak.\u201d ifadelerini kullanan Do\u011fan, bu karar ile b\u00f6lgeye ziyaretlerin daha da artaca\u011f\u0131n\u0131 dile getirdi.<\/p>\n<p>Do\u011fan, \u201cHepimiz i\u00e7in ger\u00e7ekten \u00e7ok \u00f6nemli bir olay. \u0130leride kal\u0131c\u0131 listeye de girer in\u015fallah. Eme\u011fi ge\u00e7en herkese \u00e7ok te\u015fekk\u00fcr ediyoruz.\u201d diye konu\u015ftu.<\/p>\n<hr \/>\n<p><em><strong><a href=\"https:\/\/www.aa.com.tr\/tr\/kultur-sanat\/mardinde-9-kilise-ve-manastirin-unesco-dunya-mirasi-gecici-listesine-girmesi-sevincle-karsilandi\/2227170\" target=\"_blank\" rel=\"noopener noreferrer\">AA<\/a>\u00a0<\/strong><\/em><\/p>\n","protected":false},"excerpt":{"rendered":"<p>Mardin\u2019in \u201cTur Abdin\u201d olarak nitelendirilen b\u00f6lgesinde bulunan Ge\u00e7 Antik ve Orta\u00e7a\u011f Kilise-Manast\u0131rlar\u0131n UNESCO D\u00fcnya Miras\u0131 Ge\u00e7ici Listesi\u2019ne girmesi kentte sevin\u00e7le kar\u015f\u0131land\u0131. Halil \u0130brahim Sincar,Selahattin Erol K\u00fclt\u00fcr ve Turizm Bakanl\u0131\u011f\u0131nca, Mardin Midyat \u00c7evresi (Tur Abdin) Ge\u00e7 Antik ve Orta\u00e7a\u011f Kilise-Manast\u0131rlar\u0131n D\u00fcnya Miras\u0131 Ge\u00e7ici Listesi\u2019ne eklendi\u011finin a\u00e7\u0131klanmas\u0131 kentte heyecan yaratt\u0131. Kentte en b\u00fcy\u00fck beklenti D\u00fcnya Miras\u0131 Ge\u00e7ici [&hellip;]<\/p>\n","protected":false},"author":7,"featured_media":62711,"comment_status":"open","ping_status":"open","sticky":false,"template":"","format":"standard","meta":{"footnotes":""},"categories":[1],"tags":[],"class_list":["post-62710","post","type-post","status-publish","format-standard","has-post-thumbnail","hentry","category-haberler"],"yoast_head":"<!-- This site is optimized with the Yoast SEO plugin v27.4 - https:\/\/yoast.com\/product\/yoast-seo-wordpress\/ -->\n<title>Mardin\u2019de 9 kilise ve manast\u0131r\u0131n UNESCO D\u00fcnya Miras\u0131 Ge\u00e7ici Listesi\u2019ne girmesi sevin\u00e7le kar\u015f\u0131land\u0131 - Bati Ermenistan Ve Bati Ermenileri Sorunlari Ara\u015ftirmalar Merkezi<\/title>\n<meta name=\"robots\" content=\"index, follow, max-snippet:-1, max-image-preview:large, max-video-preview:-1\" \/>\n<link rel=\"canonical\" href=\"https:\/\/akunq.net\/tr\/?p=62710\" \/>\n<meta property=\"og:locale\" content=\"en_US\" \/>\n<meta property=\"og:type\" content=\"article\" \/>\n<meta property=\"og:title\" content=\"Mardin\u2019de 9 kilise ve manast\u0131r\u0131n UNESCO D\u00fcnya Miras\u0131 Ge\u00e7ici Listesi\u2019ne girmesi sevin\u00e7le kar\u015f\u0131land\u0131 - Bati Ermenistan Ve Bati Ermenileri Sorunlari Ara\u015ftirmalar Merkezi\" \/>\n<meta property=\"og:description\" content=\"Mardin\u2019in \u201cTur Abdin\u201d olarak nitelendirilen b\u00f6lgesinde bulunan Ge\u00e7 Antik ve Orta\u00e7a\u011f Kilise-Manast\u0131rlar\u0131n UNESCO D\u00fcnya Miras\u0131 Ge\u00e7ici Listesi\u2019ne girmesi kentte sevin\u00e7le kar\u015f\u0131land\u0131. Halil \u0130brahim Sincar,Selahattin Erol K\u00fclt\u00fcr ve Turizm Bakanl\u0131\u011f\u0131nca, Mardin Midyat \u00c7evresi (Tur Abdin) Ge\u00e7 Antik ve Orta\u00e7a\u011f Kilise-Manast\u0131rlar\u0131n D\u00fcnya Miras\u0131 Ge\u00e7ici Listesi\u2019ne eklendi\u011finin a\u00e7\u0131klanmas\u0131 kentte heyecan yaratt\u0131. Kentte en b\u00fcy\u00fck beklenti D\u00fcnya Miras\u0131 Ge\u00e7ici [&hellip;]\" \/>\n<meta property=\"og:url\" content=\"https:\/\/akunq.net\/tr\/?p=62710\" \/>\n<meta property=\"og:site_name\" content=\"Bati Ermenistan Ve Bati Ermenileri Sorunlari Ara\u015ftirmalar Merkezi\" \/>\n<meta property=\"article:published_time\" content=\"2021-05-03T10:31:17+00:00\" \/>\n<meta property=\"og:image\" content=\"https:\/\/akunq.net\/tr\/wp-content\/uploads\/sites\/6\/2021\/05\/Mardin.jpg\" \/>\n\t<meta property=\"og:image:width\" content=\"864\" \/>\n\t<meta property=\"og:image:height\" content=\"486\" \/>\n\t<meta property=\"og:image:type\" content=\"image\/jpeg\" \/>\n<meta name=\"author\" content=\"admin\" \/>\n<meta name=\"twitter:card\" content=\"summary_large_image\" \/>\n<meta name=\"twitter:label1\" content=\"Written by\" \/>\n\t<meta name=\"twitter:data1\" content=\"admin\" \/>\n\t<meta name=\"twitter:label2\" content=\"Est. reading time\" \/>\n\t<meta name=\"twitter:data2\" content=\"3 minutes\" \/>\n<script type=\"application\/ld+json\" class=\"yoast-schema-graph\">{\"@context\":\"https:\\\/\\\/schema.org\",\"@graph\":[{\"@type\":\"Article\",\"@id\":\"https:\\\/\\\/akunq.net\\\/tr\\\/?p=62710#article\",\"isPartOf\":{\"@id\":\"https:\\\/\\\/akunq.net\\\/tr\\\/?p=62710\"},\"author\":{\"name\":\"admin\",\"@id\":\"https:\\\/\\\/akunq.net\\\/tr\\\/#\\\/schema\\\/person\\\/096f1d38a12cce57fb855b485ed24c9e\"},\"headline\":\"Mardin\u2019de 9 kilise ve manast\u0131r\u0131n UNESCO D\u00fcnya Miras\u0131 Ge\u00e7ici Listesi\u2019ne girmesi sevin\u00e7le kar\u015f\u0131land\u0131\",\"datePublished\":\"2021-05-03T10:31:17+00:00\",\"mainEntityOfPage\":{\"@id\":\"https:\\\/\\\/akunq.net\\\/tr\\\/?p=62710\"},\"wordCount\":545,\"commentCount\":0,\"image\":{\"@id\":\"https:\\\/\\\/akunq.net\\\/tr\\\/?p=62710#primaryimage\"},\"thumbnailUrl\":\"https:\\\/\\\/akunq.net\\\/tr\\\/wp-content\\\/uploads\\\/sites\\\/6\\\/2021\\\/05\\\/Mardin.jpg\",\"articleSection\":[\"Haberler\"],\"inLanguage\":\"en-US\",\"potentialAction\":[{\"@type\":\"CommentAction\",\"name\":\"Comment\",\"target\":[\"https:\\\/\\\/akunq.net\\\/tr\\\/?p=62710#respond\"]}]},{\"@type\":\"WebPage\",\"@id\":\"https:\\\/\\\/akunq.net\\\/tr\\\/?p=62710\",\"url\":\"https:\\\/\\\/akunq.net\\\/tr\\\/?p=62710\",\"name\":\"Mardin\u2019de 9 kilise ve manast\u0131r\u0131n UNESCO D\u00fcnya Miras\u0131 Ge\u00e7ici Listesi\u2019ne girmesi sevin\u00e7le kar\u015f\u0131land\u0131 - Bati Ermenistan Ve Bati Ermenileri Sorunlari Ara\u015ftirmalar Merkezi\",\"isPartOf\":{\"@id\":\"https:\\\/\\\/akunq.net\\\/tr\\\/#website\"},\"primaryImageOfPage\":{\"@id\":\"https:\\\/\\\/akunq.net\\\/tr\\\/?p=62710#primaryimage\"},\"image\":{\"@id\":\"https:\\\/\\\/akunq.net\\\/tr\\\/?p=62710#primaryimage\"},\"thumbnailUrl\":\"https:\\\/\\\/akunq.net\\\/tr\\\/wp-content\\\/uploads\\\/sites\\\/6\\\/2021\\\/05\\\/Mardin.jpg\",\"datePublished\":\"2021-05-03T10:31:17+00:00\",\"author\":{\"@id\":\"https:\\\/\\\/akunq.net\\\/tr\\\/#\\\/schema\\\/person\\\/096f1d38a12cce57fb855b485ed24c9e\"},\"breadcrumb\":{\"@id\":\"https:\\\/\\\/akunq.net\\\/tr\\\/?p=62710#breadcrumb\"},\"inLanguage\":\"en-US\",\"potentialAction\":[{\"@type\":\"ReadAction\",\"target\":[\"https:\\\/\\\/akunq.net\\\/tr\\\/?p=62710\"]}]},{\"@type\":\"ImageObject\",\"inLanguage\":\"en-US\",\"@id\":\"https:\\\/\\\/akunq.net\\\/tr\\\/?p=62710#primaryimage\",\"url\":\"https:\\\/\\\/akunq.net\\\/tr\\\/wp-content\\\/uploads\\\/sites\\\/6\\\/2021\\\/05\\\/Mardin.jpg\",\"contentUrl\":\"https:\\\/\\\/akunq.net\\\/tr\\\/wp-content\\\/uploads\\\/sites\\\/6\\\/2021\\\/05\\\/Mardin.jpg\",\"width\":864,\"height\":486},{\"@type\":\"BreadcrumbList\",\"@id\":\"https:\\\/\\\/akunq.net\\\/tr\\\/?p=62710#breadcrumb\",\"itemListElement\":[{\"@type\":\"ListItem\",\"position\":1,\"name\":\"Home\",\"item\":\"https:\\\/\\\/akunq.net\\\/tr\"},{\"@type\":\"ListItem\",\"position\":2,\"name\":\"Mardin\u2019de 9 kilise ve manast\u0131r\u0131n UNESCO D\u00fcnya Miras\u0131 Ge\u00e7ici Listesi\u2019ne girmesi sevin\u00e7le kar\u015f\u0131land\u0131\"}]},{\"@type\":\"WebSite\",\"@id\":\"https:\\\/\\\/akunq.net\\\/tr\\\/#website\",\"url\":\"https:\\\/\\\/akunq.net\\\/tr\\\/\",\"name\":\"Bati Ermenistan Ve Bati Ermenileri Sorunlari Ara\u015ftirmalar Merkezi\",\"description\":\"\",\"potentialAction\":[{\"@type\":\"SearchAction\",\"target\":{\"@type\":\"EntryPoint\",\"urlTemplate\":\"https:\\\/\\\/akunq.net\\\/tr\\\/?s={search_term_string}\"},\"query-input\":{\"@type\":\"PropertyValueSpecification\",\"valueRequired\":true,\"valueName\":\"search_term_string\"}}],\"inLanguage\":\"en-US\"},{\"@type\":\"Person\",\"@id\":\"https:\\\/\\\/akunq.net\\\/tr\\\/#\\\/schema\\\/person\\\/096f1d38a12cce57fb855b485ed24c9e\",\"name\":\"admin\",\"url\":\"https:\\\/\\\/akunq.net\\\/tr\\\/?author=7\"}]}<\/script>\n<!-- \/ Yoast SEO plugin. -->","yoast_head_json":{"title":"Mardin\u2019de 9 kilise ve manast\u0131r\u0131n UNESCO D\u00fcnya Miras\u0131 Ge\u00e7ici Listesi\u2019ne girmesi sevin\u00e7le kar\u015f\u0131land\u0131 - Bati Ermenistan Ve Bati Ermenileri Sorunlari Ara\u015ftirmalar Merkezi","robots":{"index":"index","follow":"follow","max-snippet":"max-snippet:-1","max-image-preview":"max-image-preview:large","max-video-preview":"max-video-preview:-1"},"canonical":"https:\/\/akunq.net\/tr\/?p=62710","og_locale":"en_US","og_type":"article","og_title":"Mardin\u2019de 9 kilise ve manast\u0131r\u0131n UNESCO D\u00fcnya Miras\u0131 Ge\u00e7ici Listesi\u2019ne girmesi sevin\u00e7le kar\u015f\u0131land\u0131 - Bati Ermenistan Ve Bati Ermenileri Sorunlari Ara\u015ftirmalar Merkezi","og_description":"Mardin\u2019in \u201cTur Abdin\u201d olarak nitelendirilen b\u00f6lgesinde bulunan Ge\u00e7 Antik ve Orta\u00e7a\u011f Kilise-Manast\u0131rlar\u0131n UNESCO D\u00fcnya Miras\u0131 Ge\u00e7ici Listesi\u2019ne girmesi kentte sevin\u00e7le kar\u015f\u0131land\u0131. Halil \u0130brahim Sincar,Selahattin Erol K\u00fclt\u00fcr ve Turizm Bakanl\u0131\u011f\u0131nca, Mardin Midyat \u00c7evresi (Tur Abdin) Ge\u00e7 Antik ve Orta\u00e7a\u011f Kilise-Manast\u0131rlar\u0131n D\u00fcnya Miras\u0131 Ge\u00e7ici Listesi\u2019ne eklendi\u011finin a\u00e7\u0131klanmas\u0131 kentte heyecan yaratt\u0131. Kentte en b\u00fcy\u00fck beklenti D\u00fcnya Miras\u0131 Ge\u00e7ici [&hellip;]","og_url":"https:\/\/akunq.net\/tr\/?p=62710","og_site_name":"Bati Ermenistan Ve Bati Ermenileri Sorunlari Ara\u015ftirmalar Merkezi","article_published_time":"2021-05-03T10:31:17+00:00","og_image":[{"width":864,"height":486,"url":"https:\/\/akunq.net\/tr\/wp-content\/uploads\/sites\/6\/2021\/05\/Mardin.jpg","type":"image\/jpeg"}],"author":"admin","twitter_card":"summary_large_image","twitter_misc":{"Written by":"admin","Est. reading time":"3 minutes"},"schema":{"@context":"https:\/\/schema.org","@graph":[{"@type":"Article","@id":"https:\/\/akunq.net\/tr\/?p=62710#article","isPartOf":{"@id":"https:\/\/akunq.net\/tr\/?p=62710"},"author":{"name":"admin","@id":"https:\/\/akunq.net\/tr\/#\/schema\/person\/096f1d38a12cce57fb855b485ed24c9e"},"headline":"Mardin\u2019de 9 kilise ve manast\u0131r\u0131n UNESCO D\u00fcnya Miras\u0131 Ge\u00e7ici Listesi\u2019ne girmesi sevin\u00e7le kar\u015f\u0131land\u0131","datePublished":"2021-05-03T10:31:17+00:00","mainEntityOfPage":{"@id":"https:\/\/akunq.net\/tr\/?p=62710"},"wordCount":545,"commentCount":0,"image":{"@id":"https:\/\/akunq.net\/tr\/?p=62710#primaryimage"},"thumbnailUrl":"https:\/\/akunq.net\/tr\/wp-content\/uploads\/sites\/6\/2021\/05\/Mardin.jpg","articleSection":["Haberler"],"inLanguage":"en-US","potentialAction":[{"@type":"CommentAction","name":"Comment","target":["https:\/\/akunq.net\/tr\/?p=62710#respond"]}]},{"@type":"WebPage","@id":"https:\/\/akunq.net\/tr\/?p=62710","url":"https:\/\/akunq.net\/tr\/?p=62710","name":"Mardin\u2019de 9 kilise ve manast\u0131r\u0131n UNESCO D\u00fcnya Miras\u0131 Ge\u00e7ici Listesi\u2019ne girmesi sevin\u00e7le kar\u015f\u0131land\u0131 - Bati Ermenistan Ve Bati Ermenileri Sorunlari Ara\u015ftirmalar Merkezi","isPartOf":{"@id":"https:\/\/akunq.net\/tr\/#website"},"primaryImageOfPage":{"@id":"https:\/\/akunq.net\/tr\/?p=62710#primaryimage"},"image":{"@id":"https:\/\/akunq.net\/tr\/?p=62710#primaryimage"},"thumbnailUrl":"https:\/\/akunq.net\/tr\/wp-content\/uploads\/sites\/6\/2021\/05\/Mardin.jpg","datePublished":"2021-05-03T10:31:17+00:00","author":{"@id":"https:\/\/akunq.net\/tr\/#\/schema\/person\/096f1d38a12cce57fb855b485ed24c9e"},"breadcrumb":{"@id":"https:\/\/akunq.net\/tr\/?p=62710#breadcrumb"},"inLanguage":"en-US","potentialAction":[{"@type":"ReadAction","target":["https:\/\/akunq.net\/tr\/?p=62710"]}]},{"@type":"ImageObject","inLanguage":"en-US","@id":"https:\/\/akunq.net\/tr\/?p=62710#primaryimage","url":"https:\/\/akunq.net\/tr\/wp-content\/uploads\/sites\/6\/2021\/05\/Mardin.jpg","contentUrl":"https:\/\/akunq.net\/tr\/wp-content\/uploads\/sites\/6\/2021\/05\/Mardin.jpg","width":864,"height":486},{"@type":"BreadcrumbList","@id":"https:\/\/akunq.net\/tr\/?p=62710#breadcrumb","itemListElement":[{"@type":"ListItem","position":1,"name":"Home","item":"https:\/\/akunq.net\/tr"},{"@type":"ListItem","position":2,"name":"Mardin\u2019de 9 kilise ve manast\u0131r\u0131n UNESCO D\u00fcnya Miras\u0131 Ge\u00e7ici Listesi\u2019ne girmesi sevin\u00e7le kar\u015f\u0131land\u0131"}]},{"@type":"WebSite","@id":"https:\/\/akunq.net\/tr\/#website","url":"https:\/\/akunq.net\/tr\/","name":"Bati Ermenistan Ve Bati Ermenileri Sorunlari Ara\u015ftirmalar Merkezi","description":"","potentialAction":[{"@type":"SearchAction","target":{"@type":"EntryPoint","urlTemplate":"https:\/\/akunq.net\/tr\/?s={search_term_string}"},"query-input":{"@type":"PropertyValueSpecification","valueRequired":true,"valueName":"search_term_string"}}],"inLanguage":"en-US"},{"@type":"Person","@id":"https:\/\/akunq.net\/tr\/#\/schema\/person\/096f1d38a12cce57fb855b485ed24c9e","name":"admin","url":"https:\/\/akunq.net\/tr\/?author=7"}]}},"_links":{"self":[{"href":"https:\/\/akunq.net\/tr\/index.php?rest_route=\/wp\/v2\/posts\/62710","targetHints":{"allow":["GET"]}}],"collection":[{"href":"https:\/\/akunq.net\/tr\/index.php?rest_route=\/wp\/v2\/posts"}],"about":[{"href":"https:\/\/akunq.net\/tr\/index.php?rest_route=\/wp\/v2\/types\/post"}],"author":[{"embeddable":true,"href":"https:\/\/akunq.net\/tr\/index.php?rest_route=\/wp\/v2\/users\/7"}],"replies":[{"embeddable":true,"href":"https:\/\/akunq.net\/tr\/index.php?rest_route=%2Fwp%2Fv2%2Fcomments&post=62710"}],"version-history":[{"count":1,"href":"https:\/\/akunq.net\/tr\/index.php?rest_route=\/wp\/v2\/posts\/62710\/revisions"}],"predecessor-version":[{"id":62712,"href":"https:\/\/akunq.net\/tr\/index.php?rest_route=\/wp\/v2\/posts\/62710\/revisions\/62712"}],"wp:featuredmedia":[{"embeddable":true,"href":"https:\/\/akunq.net\/tr\/index.php?rest_route=\/wp\/v2\/media\/62711"}],"wp:attachment":[{"href":"https:\/\/akunq.net\/tr\/index.php?rest_route=%2Fwp%2Fv2%2Fmedia&parent=62710"}],"wp:term":[{"taxonomy":"category","embeddable":true,"href":"https:\/\/akunq.net\/tr\/index.php?rest_route=%2Fwp%2Fv2%2Fcategories&post=62710"},{"taxonomy":"post_tag","embeddable":true,"href":"https:\/\/akunq.net\/tr\/index.php?rest_route=%2Fwp%2Fv2%2Ftags&post=62710"}],"curies":[{"name":"wp","href":"https:\/\/api.w.org\/{rel}","templated":true}]}}