{"id":62707,"date":"2021-05-03T04:20:23","date_gmt":"2021-05-03T09:20:23","guid":{"rendered":"https:\/\/akunq.net\/tr\/?p=62707"},"modified":"2021-05-03T04:20:23","modified_gmt":"2021-05-03T09:20:23","slug":"irak-parlamento-heyeti-ermeni-soykirimi-anit-kompleksini-ziyaret-etti-foto","status":"publish","type":"post","link":"https:\/\/akunq.net\/tr\/?p=62707","title":{"rendered":"Irak Parlamento heyeti, Ermeni Soyk\u0131r\u0131m\u0131 An\u0131t Kompleksi&#8217;ni ziyaret etti (foto)"},"content":{"rendered":"<div class=\"html-content\">\n<p><img loading=\"lazy\" decoding=\"async\" class=\"aligncenter size-medium wp-image-62708\" src=\"https:\/\/akunq.net\/tr\/wp-content\/uploads\/2021\/05\/Irak-Parlamento-heyeti-360x240.jpg\" alt=\"\" width=\"360\" height=\"240\" srcset=\"https:\/\/akunq.net\/tr\/wp-content\/uploads\/sites\/6\/2021\/05\/Irak-Parlamento-heyeti-360x240.jpg 360w, https:\/\/akunq.net\/tr\/wp-content\/uploads\/sites\/6\/2021\/05\/Irak-Parlamento-heyeti-768x513.jpg 768w, https:\/\/akunq.net\/tr\/wp-content\/uploads\/sites\/6\/2021\/05\/Irak-Parlamento-heyeti-560x374.jpg 560w, https:\/\/akunq.net\/tr\/wp-content\/uploads\/sites\/6\/2021\/05\/Irak-Parlamento-heyeti-260x174.jpg 260w, https:\/\/akunq.net\/tr\/wp-content\/uploads\/sites\/6\/2021\/05\/Irak-Parlamento-heyeti-160x107.jpg 160w, https:\/\/akunq.net\/tr\/wp-content\/uploads\/sites\/6\/2021\/05\/Irak-Parlamento-heyeti.jpg 800w\" sizes=\"auto, (max-width: 360px) 100vw, 360px\" \/><\/p>\n<p><strong><em>Yerevan\u2019da bulunan Irak Parlamentosu D\u0131\u015f \u0130li\u015fkiler Daimi Komisyonu heyeti, 1 May\u0131s tarihinde Ermeni Soyk\u0131r\u0131m\u0131 An\u0131t Kompleksi Tsitsernakaberd\u2019i ziyaret etti.<\/em><\/strong><br \/>\nErmenistan Parlamentosu Halkla \u0130li\u015fkiler Dairesi\u2019nden edinilen bilgiye g\u00f6re heyet \u00fcyeleri, Ermeni Soyk\u0131r\u0131m\u0131\u2019n\u0131n masum kurbanlar\u0131n\u0131n an\u0131s\u0131na ebedi ate\u015fin yan\u0131na \u00e7i\u00e7ek b\u0131rakt\u0131 ve bir dakikal\u0131k sessizlikle aziz kurbanlar\u0131n an\u0131s\u0131na sayg\u0131 duru\u015funda bulundu.<\/p>\n<p>M\u0131safirlere, Ermeni Soyk\u0131r\u0131m\u0131 M\u00fcze Enstit\u00fcs\u00fc\u2019nde 20. y\u00fczy\u0131l\u0131n ilk soyk\u0131r\u0131ma dair belge ve kan\u0131tlar tan\u0131t\u0131ld\u0131. Irak Parlamento temsilcileri, Ermenistan ziyaret kapsam\u0131nda eski\u00a0 \u00a0Ermeni el yazmalar\u0131 m\u00fczesi Matenadaran&#8217;\u0131 ve Yerevan&#8217;daki Mavi camiyi de ziyaret etti.<br \/>\n<img decoding=\"async\" src=\"https:\/\/www.ermenihaber.am\/files\/images\/iq_thumb.jpg\" alt=\"\" \/><\/p>\n<p><img decoding=\"async\" src=\"https:\/\/www.ermenihaber.am\/files\/images\/photo%20(2)(13).jpg\" alt=\"\" \/><\/p>\n<p><img decoding=\"async\" src=\"https:\/\/www.ermenihaber.am\/files\/images\/photo%20(3)(8).jpg\" alt=\"\" \/><\/p>\n<p><em><strong><img decoding=\"async\" src=\"https:\/\/www.ermenihaber.am\/files\/images\/photo(13).jpg\" alt=\"\" \/><\/strong><\/em><\/p>\n<\/div>\n<div class=\"current-author fl cb\"><em><strong><a class=\"a-none\" href=\"https:\/\/www.ermenihaber.am\/tr\/news\/2021\/05\/03\/Iran-Ermeni-Soyk%C4%B1r%C4%B1m%C4%B1\/207178\">Ermenihaber.am<\/a><\/strong><\/em><\/div>\n<div class=\"cb\"><\/div>\n<div class=\"current-socials\">\n<div id=\"st-1\" class=\"sharethis-inline-share-buttons st-left  st-inline-share-buttons st-animated\">\n<div class=\"st-btn\" data-network=\"email\"><\/div>\n<\/div>\n<\/div>\n","protected":false},"excerpt":{"rendered":"<p>Yerevan\u2019da bulunan Irak Parlamentosu D\u0131\u015f \u0130li\u015fkiler Daimi Komisyonu heyeti, 1 May\u0131s tarihinde Ermeni Soyk\u0131r\u0131m\u0131 An\u0131t Kompleksi Tsitsernakaberd\u2019i ziyaret etti. Ermenistan Parlamentosu Halkla \u0130li\u015fkiler Dairesi\u2019nden edinilen bilgiye g\u00f6re heyet \u00fcyeleri, Ermeni Soyk\u0131r\u0131m\u0131\u2019n\u0131n masum kurbanlar\u0131n\u0131n an\u0131s\u0131na ebedi ate\u015fin yan\u0131na \u00e7i\u00e7ek b\u0131rakt\u0131 ve bir dakikal\u0131k sessizlikle aziz kurbanlar\u0131n an\u0131s\u0131na sayg\u0131 duru\u015funda bulundu. M\u0131safirlere, Ermeni Soyk\u0131r\u0131m\u0131 M\u00fcze Enstit\u00fcs\u00fc\u2019nde 20. [&hellip;]<\/p>\n","protected":false},"author":7,"featured_media":62708,"comment_status":"open","ping_status":"open","sticky":false,"template":"","format":"standard","meta":{"footnotes":""},"categories":[44,1],"tags":[],"class_list":["post-62707","post","type-post","status-publish","format-standard","has-post-thumbnail","hentry","category-ermeni-soykirimi","category-haberler"],"yoast_head":"<!-- This site is optimized with the Yoast SEO plugin v27.4 - https:\/\/yoast.com\/product\/yoast-seo-wordpress\/ -->\n<title>Irak Parlamento heyeti, Ermeni Soyk\u0131r\u0131m\u0131 An\u0131t Kompleksi&#039;ni ziyaret etti (foto) - Bati Ermenistan Ve Bati Ermenileri Sorunlari Ara\u015ftirmalar Merkezi<\/title>\n<meta name=\"robots\" content=\"index, follow, max-snippet:-1, max-image-preview:large, max-video-preview:-1\" \/>\n<link rel=\"canonical\" href=\"https:\/\/akunq.net\/tr\/?p=62707\" \/>\n<meta property=\"og:locale\" content=\"en_US\" \/>\n<meta property=\"og:type\" content=\"article\" \/>\n<meta property=\"og:title\" content=\"Irak Parlamento heyeti, Ermeni Soyk\u0131r\u0131m\u0131 An\u0131t Kompleksi&#039;ni ziyaret etti (foto) - Bati Ermenistan Ve Bati Ermenileri Sorunlari Ara\u015ftirmalar Merkezi\" \/>\n<meta property=\"og:description\" content=\"Yerevan\u2019da bulunan Irak Parlamentosu D\u0131\u015f \u0130li\u015fkiler Daimi Komisyonu heyeti, 1 May\u0131s tarihinde Ermeni Soyk\u0131r\u0131m\u0131 An\u0131t Kompleksi Tsitsernakaberd\u2019i ziyaret etti. Ermenistan Parlamentosu Halkla \u0130li\u015fkiler Dairesi\u2019nden edinilen bilgiye g\u00f6re heyet \u00fcyeleri, Ermeni Soyk\u0131r\u0131m\u0131\u2019n\u0131n masum kurbanlar\u0131n\u0131n an\u0131s\u0131na ebedi ate\u015fin yan\u0131na \u00e7i\u00e7ek b\u0131rakt\u0131 ve bir dakikal\u0131k sessizlikle aziz kurbanlar\u0131n an\u0131s\u0131na sayg\u0131 duru\u015funda bulundu. M\u0131safirlere, Ermeni Soyk\u0131r\u0131m\u0131 M\u00fcze Enstit\u00fcs\u00fc\u2019nde 20. [&hellip;]\" \/>\n<meta property=\"og:url\" content=\"https:\/\/akunq.net\/tr\/?p=62707\" \/>\n<meta property=\"og:site_name\" content=\"Bati Ermenistan Ve Bati Ermenileri Sorunlari Ara\u015ftirmalar Merkezi\" \/>\n<meta property=\"article:published_time\" content=\"2021-05-03T09:20:23+00:00\" \/>\n<meta property=\"og:image\" content=\"https:\/\/akunq.net\/tr\/wp-content\/uploads\/sites\/6\/2021\/05\/Irak-Parlamento-heyeti.jpg\" \/>\n\t<meta property=\"og:image:width\" content=\"800\" \/>\n\t<meta property=\"og:image:height\" content=\"534\" \/>\n\t<meta property=\"og:image:type\" content=\"image\/jpeg\" \/>\n<meta name=\"author\" content=\"admin\" \/>\n<meta name=\"twitter:card\" content=\"summary_large_image\" \/>\n<meta name=\"twitter:label1\" content=\"Written by\" \/>\n\t<meta name=\"twitter:data1\" content=\"admin\" \/>\n\t<meta name=\"twitter:label2\" content=\"Est. reading time\" \/>\n\t<meta name=\"twitter:data2\" content=\"1 minute\" \/>\n<script type=\"application\/ld+json\" class=\"yoast-schema-graph\">{\"@context\":\"https:\\\/\\\/schema.org\",\"@graph\":[{\"@type\":\"Article\",\"@id\":\"https:\\\/\\\/akunq.net\\\/tr\\\/?p=62707#article\",\"isPartOf\":{\"@id\":\"https:\\\/\\\/akunq.net\\\/tr\\\/?p=62707\"},\"author\":{\"name\":\"admin\",\"@id\":\"https:\\\/\\\/akunq.net\\\/tr\\\/#\\\/schema\\\/person\\\/096f1d38a12cce57fb855b485ed24c9e\"},\"headline\":\"Irak Parlamento heyeti, Ermeni Soyk\u0131r\u0131m\u0131 An\u0131t Kompleksi&#8217;ni ziyaret etti (foto)\",\"datePublished\":\"2021-05-03T09:20:23+00:00\",\"mainEntityOfPage\":{\"@id\":\"https:\\\/\\\/akunq.net\\\/tr\\\/?p=62707\"},\"wordCount\":138,\"commentCount\":0,\"image\":{\"@id\":\"https:\\\/\\\/akunq.net\\\/tr\\\/?p=62707#primaryimage\"},\"thumbnailUrl\":\"https:\\\/\\\/akunq.net\\\/tr\\\/wp-content\\\/uploads\\\/sites\\\/6\\\/2021\\\/05\\\/Irak-Parlamento-heyeti.jpg\",\"articleSection\":[\"Ermeni Soyk\u0131r\u0131m\u0131\",\"Haberler\"],\"inLanguage\":\"en-US\",\"potentialAction\":[{\"@type\":\"CommentAction\",\"name\":\"Comment\",\"target\":[\"https:\\\/\\\/akunq.net\\\/tr\\\/?p=62707#respond\"]}]},{\"@type\":\"WebPage\",\"@id\":\"https:\\\/\\\/akunq.net\\\/tr\\\/?p=62707\",\"url\":\"https:\\\/\\\/akunq.net\\\/tr\\\/?p=62707\",\"name\":\"Irak Parlamento heyeti, Ermeni Soyk\u0131r\u0131m\u0131 An\u0131t Kompleksi'ni ziyaret etti (foto) - Bati Ermenistan Ve Bati Ermenileri Sorunlari Ara\u015ftirmalar Merkezi\",\"isPartOf\":{\"@id\":\"https:\\\/\\\/akunq.net\\\/tr\\\/#website\"},\"primaryImageOfPage\":{\"@id\":\"https:\\\/\\\/akunq.net\\\/tr\\\/?p=62707#primaryimage\"},\"image\":{\"@id\":\"https:\\\/\\\/akunq.net\\\/tr\\\/?p=62707#primaryimage\"},\"thumbnailUrl\":\"https:\\\/\\\/akunq.net\\\/tr\\\/wp-content\\\/uploads\\\/sites\\\/6\\\/2021\\\/05\\\/Irak-Parlamento-heyeti.jpg\",\"datePublished\":\"2021-05-03T09:20:23+00:00\",\"author\":{\"@id\":\"https:\\\/\\\/akunq.net\\\/tr\\\/#\\\/schema\\\/person\\\/096f1d38a12cce57fb855b485ed24c9e\"},\"breadcrumb\":{\"@id\":\"https:\\\/\\\/akunq.net\\\/tr\\\/?p=62707#breadcrumb\"},\"inLanguage\":\"en-US\",\"potentialAction\":[{\"@type\":\"ReadAction\",\"target\":[\"https:\\\/\\\/akunq.net\\\/tr\\\/?p=62707\"]}]},{\"@type\":\"ImageObject\",\"inLanguage\":\"en-US\",\"@id\":\"https:\\\/\\\/akunq.net\\\/tr\\\/?p=62707#primaryimage\",\"url\":\"https:\\\/\\\/akunq.net\\\/tr\\\/wp-content\\\/uploads\\\/sites\\\/6\\\/2021\\\/05\\\/Irak-Parlamento-heyeti.jpg\",\"contentUrl\":\"https:\\\/\\\/akunq.net\\\/tr\\\/wp-content\\\/uploads\\\/sites\\\/6\\\/2021\\\/05\\\/Irak-Parlamento-heyeti.jpg\",\"width\":800,\"height\":534},{\"@type\":\"BreadcrumbList\",\"@id\":\"https:\\\/\\\/akunq.net\\\/tr\\\/?p=62707#breadcrumb\",\"itemListElement\":[{\"@type\":\"ListItem\",\"position\":1,\"name\":\"Home\",\"item\":\"https:\\\/\\\/akunq.net\\\/tr\"},{\"@type\":\"ListItem\",\"position\":2,\"name\":\"Irak Parlamento heyeti, Ermeni Soyk\u0131r\u0131m\u0131 An\u0131t Kompleksi&#8217;ni ziyaret etti (foto)\"}]},{\"@type\":\"WebSite\",\"@id\":\"https:\\\/\\\/akunq.net\\\/tr\\\/#website\",\"url\":\"https:\\\/\\\/akunq.net\\\/tr\\\/\",\"name\":\"Bati Ermenistan Ve Bati Ermenileri Sorunlari Ara\u015ftirmalar Merkezi\",\"description\":\"\",\"potentialAction\":[{\"@type\":\"SearchAction\",\"target\":{\"@type\":\"EntryPoint\",\"urlTemplate\":\"https:\\\/\\\/akunq.net\\\/tr\\\/?s={search_term_string}\"},\"query-input\":{\"@type\":\"PropertyValueSpecification\",\"valueRequired\":true,\"valueName\":\"search_term_string\"}}],\"inLanguage\":\"en-US\"},{\"@type\":\"Person\",\"@id\":\"https:\\\/\\\/akunq.net\\\/tr\\\/#\\\/schema\\\/person\\\/096f1d38a12cce57fb855b485ed24c9e\",\"name\":\"admin\",\"url\":\"https:\\\/\\\/akunq.net\\\/tr\\\/?author=7\"}]}<\/script>\n<!-- \/ Yoast SEO plugin. -->","yoast_head_json":{"title":"Irak Parlamento heyeti, Ermeni Soyk\u0131r\u0131m\u0131 An\u0131t Kompleksi'ni ziyaret etti (foto) - Bati Ermenistan Ve Bati Ermenileri Sorunlari Ara\u015ftirmalar Merkezi","robots":{"index":"index","follow":"follow","max-snippet":"max-snippet:-1","max-image-preview":"max-image-preview:large","max-video-preview":"max-video-preview:-1"},"canonical":"https:\/\/akunq.net\/tr\/?p=62707","og_locale":"en_US","og_type":"article","og_title":"Irak Parlamento heyeti, Ermeni Soyk\u0131r\u0131m\u0131 An\u0131t Kompleksi'ni ziyaret etti (foto) - Bati Ermenistan Ve Bati Ermenileri Sorunlari Ara\u015ftirmalar Merkezi","og_description":"Yerevan\u2019da bulunan Irak Parlamentosu D\u0131\u015f \u0130li\u015fkiler Daimi Komisyonu heyeti, 1 May\u0131s tarihinde Ermeni Soyk\u0131r\u0131m\u0131 An\u0131t Kompleksi Tsitsernakaberd\u2019i ziyaret etti. Ermenistan Parlamentosu Halkla \u0130li\u015fkiler Dairesi\u2019nden edinilen bilgiye g\u00f6re heyet \u00fcyeleri, Ermeni Soyk\u0131r\u0131m\u0131\u2019n\u0131n masum kurbanlar\u0131n\u0131n an\u0131s\u0131na ebedi ate\u015fin yan\u0131na \u00e7i\u00e7ek b\u0131rakt\u0131 ve bir dakikal\u0131k sessizlikle aziz kurbanlar\u0131n an\u0131s\u0131na sayg\u0131 duru\u015funda bulundu. M\u0131safirlere, Ermeni Soyk\u0131r\u0131m\u0131 M\u00fcze Enstit\u00fcs\u00fc\u2019nde 20. [&hellip;]","og_url":"https:\/\/akunq.net\/tr\/?p=62707","og_site_name":"Bati Ermenistan Ve Bati Ermenileri Sorunlari Ara\u015ftirmalar Merkezi","article_published_time":"2021-05-03T09:20:23+00:00","og_image":[{"width":800,"height":534,"url":"https:\/\/akunq.net\/tr\/wp-content\/uploads\/sites\/6\/2021\/05\/Irak-Parlamento-heyeti.jpg","type":"image\/jpeg"}],"author":"admin","twitter_card":"summary_large_image","twitter_misc":{"Written by":"admin","Est. reading time":"1 minute"},"schema":{"@context":"https:\/\/schema.org","@graph":[{"@type":"Article","@id":"https:\/\/akunq.net\/tr\/?p=62707#article","isPartOf":{"@id":"https:\/\/akunq.net\/tr\/?p=62707"},"author":{"name":"admin","@id":"https:\/\/akunq.net\/tr\/#\/schema\/person\/096f1d38a12cce57fb855b485ed24c9e"},"headline":"Irak Parlamento heyeti, Ermeni Soyk\u0131r\u0131m\u0131 An\u0131t Kompleksi&#8217;ni ziyaret etti (foto)","datePublished":"2021-05-03T09:20:23+00:00","mainEntityOfPage":{"@id":"https:\/\/akunq.net\/tr\/?p=62707"},"wordCount":138,"commentCount":0,"image":{"@id":"https:\/\/akunq.net\/tr\/?p=62707#primaryimage"},"thumbnailUrl":"https:\/\/akunq.net\/tr\/wp-content\/uploads\/sites\/6\/2021\/05\/Irak-Parlamento-heyeti.jpg","articleSection":["Ermeni Soyk\u0131r\u0131m\u0131","Haberler"],"inLanguage":"en-US","potentialAction":[{"@type":"CommentAction","name":"Comment","target":["https:\/\/akunq.net\/tr\/?p=62707#respond"]}]},{"@type":"WebPage","@id":"https:\/\/akunq.net\/tr\/?p=62707","url":"https:\/\/akunq.net\/tr\/?p=62707","name":"Irak Parlamento heyeti, Ermeni Soyk\u0131r\u0131m\u0131 An\u0131t Kompleksi'ni ziyaret etti (foto) - Bati Ermenistan Ve Bati Ermenileri Sorunlari Ara\u015ftirmalar Merkezi","isPartOf":{"@id":"https:\/\/akunq.net\/tr\/#website"},"primaryImageOfPage":{"@id":"https:\/\/akunq.net\/tr\/?p=62707#primaryimage"},"image":{"@id":"https:\/\/akunq.net\/tr\/?p=62707#primaryimage"},"thumbnailUrl":"https:\/\/akunq.net\/tr\/wp-content\/uploads\/sites\/6\/2021\/05\/Irak-Parlamento-heyeti.jpg","datePublished":"2021-05-03T09:20:23+00:00","author":{"@id":"https:\/\/akunq.net\/tr\/#\/schema\/person\/096f1d38a12cce57fb855b485ed24c9e"},"breadcrumb":{"@id":"https:\/\/akunq.net\/tr\/?p=62707#breadcrumb"},"inLanguage":"en-US","potentialAction":[{"@type":"ReadAction","target":["https:\/\/akunq.net\/tr\/?p=62707"]}]},{"@type":"ImageObject","inLanguage":"en-US","@id":"https:\/\/akunq.net\/tr\/?p=62707#primaryimage","url":"https:\/\/akunq.net\/tr\/wp-content\/uploads\/sites\/6\/2021\/05\/Irak-Parlamento-heyeti.jpg","contentUrl":"https:\/\/akunq.net\/tr\/wp-content\/uploads\/sites\/6\/2021\/05\/Irak-Parlamento-heyeti.jpg","width":800,"height":534},{"@type":"BreadcrumbList","@id":"https:\/\/akunq.net\/tr\/?p=62707#breadcrumb","itemListElement":[{"@type":"ListItem","position":1,"name":"Home","item":"https:\/\/akunq.net\/tr"},{"@type":"ListItem","position":2,"name":"Irak Parlamento heyeti, Ermeni Soyk\u0131r\u0131m\u0131 An\u0131t Kompleksi&#8217;ni ziyaret etti (foto)"}]},{"@type":"WebSite","@id":"https:\/\/akunq.net\/tr\/#website","url":"https:\/\/akunq.net\/tr\/","name":"Bati Ermenistan Ve Bati Ermenileri Sorunlari Ara\u015ftirmalar Merkezi","description":"","potentialAction":[{"@type":"SearchAction","target":{"@type":"EntryPoint","urlTemplate":"https:\/\/akunq.net\/tr\/?s={search_term_string}"},"query-input":{"@type":"PropertyValueSpecification","valueRequired":true,"valueName":"search_term_string"}}],"inLanguage":"en-US"},{"@type":"Person","@id":"https:\/\/akunq.net\/tr\/#\/schema\/person\/096f1d38a12cce57fb855b485ed24c9e","name":"admin","url":"https:\/\/akunq.net\/tr\/?author=7"}]}},"_links":{"self":[{"href":"https:\/\/akunq.net\/tr\/index.php?rest_route=\/wp\/v2\/posts\/62707","targetHints":{"allow":["GET"]}}],"collection":[{"href":"https:\/\/akunq.net\/tr\/index.php?rest_route=\/wp\/v2\/posts"}],"about":[{"href":"https:\/\/akunq.net\/tr\/index.php?rest_route=\/wp\/v2\/types\/post"}],"author":[{"embeddable":true,"href":"https:\/\/akunq.net\/tr\/index.php?rest_route=\/wp\/v2\/users\/7"}],"replies":[{"embeddable":true,"href":"https:\/\/akunq.net\/tr\/index.php?rest_route=%2Fwp%2Fv2%2Fcomments&post=62707"}],"version-history":[{"count":1,"href":"https:\/\/akunq.net\/tr\/index.php?rest_route=\/wp\/v2\/posts\/62707\/revisions"}],"predecessor-version":[{"id":62709,"href":"https:\/\/akunq.net\/tr\/index.php?rest_route=\/wp\/v2\/posts\/62707\/revisions\/62709"}],"wp:featuredmedia":[{"embeddable":true,"href":"https:\/\/akunq.net\/tr\/index.php?rest_route=\/wp\/v2\/media\/62708"}],"wp:attachment":[{"href":"https:\/\/akunq.net\/tr\/index.php?rest_route=%2Fwp%2Fv2%2Fmedia&parent=62707"}],"wp:term":[{"taxonomy":"category","embeddable":true,"href":"https:\/\/akunq.net\/tr\/index.php?rest_route=%2Fwp%2Fv2%2Fcategories&post=62707"},{"taxonomy":"post_tag","embeddable":true,"href":"https:\/\/akunq.net\/tr\/index.php?rest_route=%2Fwp%2Fv2%2Ftags&post=62707"}],"curies":[{"name":"wp","href":"https:\/\/api.w.org\/{rel}","templated":true}]}}