{"id":62704,"date":"2021-05-03T03:06:17","date_gmt":"2021-05-03T08:06:17","guid":{"rendered":"https:\/\/akunq.net\/tr\/?p=62704"},"modified":"2021-05-03T03:06:17","modified_gmt":"2021-05-03T08:06:17","slug":"midyatta-suryaniler-paskalya-bayrami-kutladi","status":"publish","type":"post","link":"https:\/\/akunq.net\/tr\/?p=62704","title":{"rendered":"Midyat\u2019ta S\u00fcryaniler Paskalya Bayram\u0131 kutlad\u0131"},"content":{"rendered":"<p><img loading=\"lazy\" decoding=\"async\" class=\"aligncenter size-medium wp-image-62705\" src=\"https:\/\/akunq.net\/tr\/wp-content\/uploads\/2021\/05\/Midyat\u2019ta-S\u00fcryaniler-360x191.jpg\" alt=\"\" width=\"360\" height=\"191\" srcset=\"https:\/\/akunq.net\/tr\/wp-content\/uploads\/sites\/6\/2021\/05\/Midyat\u2019ta-S\u00fcryaniler-360x191.jpg 360w, https:\/\/akunq.net\/tr\/wp-content\/uploads\/sites\/6\/2021\/05\/Midyat\u2019ta-S\u00fcryaniler-560x296.jpg 560w, https:\/\/akunq.net\/tr\/wp-content\/uploads\/sites\/6\/2021\/05\/Midyat\u2019ta-S\u00fcryaniler-260x138.jpg 260w, https:\/\/akunq.net\/tr\/wp-content\/uploads\/sites\/6\/2021\/05\/Midyat\u2019ta-S\u00fcryaniler-160x85.jpg 160w, https:\/\/akunq.net\/tr\/wp-content\/uploads\/sites\/6\/2021\/05\/Midyat\u2019ta-S\u00fcryaniler.jpg 650w\" sizes=\"auto, (max-width: 360px) 100vw, 360px\" \/><\/p>\n<p><strong>MEHMET \u0130\u015e<\/strong><\/p>\n<p><em><strong>Mardin\u2019in Midyat il\u00e7esinde, S\u00fcryaniler koronavir\u00fcs g\u00f6lgesinde Paskalya Bayram\u0131n\u0131 kutlad\u0131.<\/strong><\/em><\/p>\n<p>S\u00fcryaniler, en b\u00fcy\u00fck bayramlar\u0131 olarak kabul edilen Paskalya (Dakyomto) Bayram\u0131\u2019n\u0131 d\u00fczenledikleri ayinle kutlad\u0131. Farkl\u0131 inan\u00e7lar\u0131n ve dillerin bir arada bar\u0131\u015f i\u00e7inde ya\u015fad\u0131\u011f\u0131 tarihi Midyat\u2019ta, S\u00fcryanilerin en b\u00fcy\u00fck bayram\u0131 olarak kabul edilen Paskalya (Dakyomto) Bayram\u0131 d\u00fczenlenen ayinlerle kutland\u0131.<\/p>\n<p>S\u00fcryanilerin paskalya kutlamalar\u0131, Mor Barsavmo Kilisesi\u2019nde Papaz \u0130shak Erg\u00fcn\u2019\u00fcn \u00f6nderli\u011finde d\u00fczenlenen ayinle ba\u015flad\u0131. Sabah\u0131n erken saatlerinde ailece kiliseye gelen S\u00fcryaniler, \u00e7ocuklar\u0131 ile birlikte kilise giri\u015finde mum yakarak dua etti. Ayin s\u00fcresince erkek ve k\u0131z ilahi korolar\u0131 ilahiler okuyarak ayine renk katt\u0131. Ard\u0131ndan \u00e7ocuklar, kilisenin i\u00e7inde z\u0131lg\u0131tlar \u00e7ekerek tur att\u0131. Ayinden sonra S\u00fcryani cemaati, kilise bah\u00e7esinde toplanarak sosyal mesafe kurallar\u0131 \u00e7er\u00e7evesinde bayramla\u015ft\u0131\u011f\u0131 kutlamalar, soka\u011fa \u00e7\u0131kma k\u0131s\u0131tlamas\u0131ndan dolay\u0131 evlerde devam edilecek. S\u00fcryani vatanda\u015flar, akrabalar\u0131 ve sevenleri ile telefon \u00fczerinden bayramla\u015facak. Bayram \u00fc\u00e7 g\u00fcn devam edecek. Kilisenin \u00e7\u0131k\u0131\u015f\u0131nda cemaate \u2018Yeni Ya\u015fam\u0131n ve Dirili\u015fin Simgesi\u2019 olan boyal\u0131 yumurtalar ve \u00e7\u00f6rek da\u011f\u0131t\u0131ld\u0131.<\/p>\n<p>Midyat Kiliseleri Papaz Yard\u0131mc\u0131s\u0131 Ayhan G\u00fcrkan, yapt\u0131\u011f\u0131 a\u00e7\u0131klamada, \u201cBiz S\u00fcryaniler i\u00e7in bug\u00fcn kutsal bir g\u00fcn Paskalya Bayram\u0131m\u0131z. Koronavir\u00fcs tedbirleri kapsam\u0131nda kilisede ayinimizi yapt\u0131k. T\u00fcm d\u00fcnyan\u0131n bar\u0131\u015f\u0131 ve huzur i\u00e7in, ayn\u0131 zamanda koronavir\u00fcs hastal\u0131\u011f\u0131n\u0131n da bitmesi i\u00e7in topluca dua ettik. Kilisedeki ayinden sonra bizler evlerimizde akrabalar\u0131m\u0131z\u0131n ve sevenlerimizin bayram\u0131n\u0131 telefonla kutlayaca\u011f\u0131z. Evlere bayramla\u015fma ziyaretleri olmayacak. Bu vesileyle t\u00fcm S\u00fcryanilerin Dakyomto Paskalya Bayram\u0131 kutlu olsun.\u201d dedi.<\/p>\n<hr \/>\n<p><em><strong><a href=\"https:\/\/www.sabah.com.tr\/yasam\/2021\/05\/02\/midyatta-suryaniler-paskalya-bayrami-kutladi\" target=\"_blank\" rel=\"noopener noreferrer\">Sabah Gazetesi<\/a>\u00a0<\/strong><\/em><\/p>\n","protected":false},"excerpt":{"rendered":"<p>MEHMET \u0130\u015e Mardin\u2019in Midyat il\u00e7esinde, S\u00fcryaniler koronavir\u00fcs g\u00f6lgesinde Paskalya Bayram\u0131n\u0131 kutlad\u0131. S\u00fcryaniler, en b\u00fcy\u00fck bayramlar\u0131 olarak kabul edilen Paskalya (Dakyomto) Bayram\u0131\u2019n\u0131 d\u00fczenledikleri ayinle kutlad\u0131. Farkl\u0131 inan\u00e7lar\u0131n ve dillerin bir arada bar\u0131\u015f i\u00e7inde ya\u015fad\u0131\u011f\u0131 tarihi Midyat\u2019ta, S\u00fcryanilerin en b\u00fcy\u00fck bayram\u0131 olarak kabul edilen Paskalya (Dakyomto) Bayram\u0131 d\u00fczenlenen ayinlerle kutland\u0131. S\u00fcryanilerin paskalya kutlamalar\u0131, Mor Barsavmo Kilisesi\u2019nde Papaz [&hellip;]<\/p>\n","protected":false},"author":7,"featured_media":62705,"comment_status":"open","ping_status":"open","sticky":false,"template":"","format":"standard","meta":{"footnotes":""},"categories":[1,53],"tags":[],"class_list":["post-62704","post","type-post","status-publish","format-standard","has-post-thumbnail","hentry","category-haberler","category-turkiyede-azinliklar"],"yoast_head":"<!-- This site is optimized with the Yoast SEO plugin v27.4 - https:\/\/yoast.com\/product\/yoast-seo-wordpress\/ -->\n<title>Midyat\u2019ta S\u00fcryaniler Paskalya Bayram\u0131 kutlad\u0131 - Bati Ermenistan Ve Bati Ermenileri Sorunlari Ara\u015ftirmalar Merkezi<\/title>\n<meta name=\"robots\" content=\"index, follow, max-snippet:-1, max-image-preview:large, max-video-preview:-1\" \/>\n<link rel=\"canonical\" href=\"https:\/\/akunq.net\/tr\/?p=62704\" \/>\n<meta property=\"og:locale\" content=\"en_US\" \/>\n<meta property=\"og:type\" content=\"article\" \/>\n<meta property=\"og:title\" content=\"Midyat\u2019ta S\u00fcryaniler Paskalya Bayram\u0131 kutlad\u0131 - Bati Ermenistan Ve Bati Ermenileri Sorunlari Ara\u015ftirmalar Merkezi\" \/>\n<meta property=\"og:description\" content=\"MEHMET \u0130\u015e Mardin\u2019in Midyat il\u00e7esinde, S\u00fcryaniler koronavir\u00fcs g\u00f6lgesinde Paskalya Bayram\u0131n\u0131 kutlad\u0131. S\u00fcryaniler, en b\u00fcy\u00fck bayramlar\u0131 olarak kabul edilen Paskalya (Dakyomto) Bayram\u0131\u2019n\u0131 d\u00fczenledikleri ayinle kutlad\u0131. Farkl\u0131 inan\u00e7lar\u0131n ve dillerin bir arada bar\u0131\u015f i\u00e7inde ya\u015fad\u0131\u011f\u0131 tarihi Midyat\u2019ta, S\u00fcryanilerin en b\u00fcy\u00fck bayram\u0131 olarak kabul edilen Paskalya (Dakyomto) Bayram\u0131 d\u00fczenlenen ayinlerle kutland\u0131. S\u00fcryanilerin paskalya kutlamalar\u0131, Mor Barsavmo Kilisesi\u2019nde Papaz [&hellip;]\" \/>\n<meta property=\"og:url\" content=\"https:\/\/akunq.net\/tr\/?p=62704\" \/>\n<meta property=\"og:site_name\" content=\"Bati Ermenistan Ve Bati Ermenileri Sorunlari Ara\u015ftirmalar Merkezi\" \/>\n<meta property=\"article:published_time\" content=\"2021-05-03T08:06:17+00:00\" \/>\n<meta property=\"og:image\" content=\"https:\/\/akunq.net\/tr\/wp-content\/uploads\/sites\/6\/2021\/05\/Midyat\u2019ta-S\u00fcryaniler.jpg\" \/>\n\t<meta property=\"og:image:width\" content=\"650\" \/>\n\t<meta property=\"og:image:height\" content=\"344\" \/>\n\t<meta property=\"og:image:type\" content=\"image\/jpeg\" \/>\n<meta name=\"author\" content=\"admin\" \/>\n<meta name=\"twitter:card\" content=\"summary_large_image\" \/>\n<meta name=\"twitter:label1\" content=\"Written by\" \/>\n\t<meta name=\"twitter:data1\" content=\"admin\" \/>\n\t<meta name=\"twitter:label2\" content=\"Est. reading time\" \/>\n\t<meta name=\"twitter:data2\" content=\"1 minute\" \/>\n<script type=\"application\/ld+json\" class=\"yoast-schema-graph\">{\"@context\":\"https:\\\/\\\/schema.org\",\"@graph\":[{\"@type\":\"Article\",\"@id\":\"https:\\\/\\\/akunq.net\\\/tr\\\/?p=62704#article\",\"isPartOf\":{\"@id\":\"https:\\\/\\\/akunq.net\\\/tr\\\/?p=62704\"},\"author\":{\"name\":\"admin\",\"@id\":\"https:\\\/\\\/akunq.net\\\/tr\\\/#\\\/schema\\\/person\\\/096f1d38a12cce57fb855b485ed24c9e\"},\"headline\":\"Midyat\u2019ta S\u00fcryaniler Paskalya Bayram\u0131 kutlad\u0131\",\"datePublished\":\"2021-05-03T08:06:17+00:00\",\"mainEntityOfPage\":{\"@id\":\"https:\\\/\\\/akunq.net\\\/tr\\\/?p=62704\"},\"wordCount\":299,\"commentCount\":0,\"image\":{\"@id\":\"https:\\\/\\\/akunq.net\\\/tr\\\/?p=62704#primaryimage\"},\"thumbnailUrl\":\"https:\\\/\\\/akunq.net\\\/tr\\\/wp-content\\\/uploads\\\/sites\\\/6\\\/2021\\\/05\\\/Midyat\u2019ta-S\u00fcryaniler.jpg\",\"articleSection\":[\"Haberler\",\"T\u00fcrkiye\u2019de Az\u0131nl\u0131klar\"],\"inLanguage\":\"en-US\",\"potentialAction\":[{\"@type\":\"CommentAction\",\"name\":\"Comment\",\"target\":[\"https:\\\/\\\/akunq.net\\\/tr\\\/?p=62704#respond\"]}]},{\"@type\":\"WebPage\",\"@id\":\"https:\\\/\\\/akunq.net\\\/tr\\\/?p=62704\",\"url\":\"https:\\\/\\\/akunq.net\\\/tr\\\/?p=62704\",\"name\":\"Midyat\u2019ta S\u00fcryaniler Paskalya Bayram\u0131 kutlad\u0131 - Bati Ermenistan Ve Bati Ermenileri Sorunlari Ara\u015ftirmalar Merkezi\",\"isPartOf\":{\"@id\":\"https:\\\/\\\/akunq.net\\\/tr\\\/#website\"},\"primaryImageOfPage\":{\"@id\":\"https:\\\/\\\/akunq.net\\\/tr\\\/?p=62704#primaryimage\"},\"image\":{\"@id\":\"https:\\\/\\\/akunq.net\\\/tr\\\/?p=62704#primaryimage\"},\"thumbnailUrl\":\"https:\\\/\\\/akunq.net\\\/tr\\\/wp-content\\\/uploads\\\/sites\\\/6\\\/2021\\\/05\\\/Midyat\u2019ta-S\u00fcryaniler.jpg\",\"datePublished\":\"2021-05-03T08:06:17+00:00\",\"author\":{\"@id\":\"https:\\\/\\\/akunq.net\\\/tr\\\/#\\\/schema\\\/person\\\/096f1d38a12cce57fb855b485ed24c9e\"},\"breadcrumb\":{\"@id\":\"https:\\\/\\\/akunq.net\\\/tr\\\/?p=62704#breadcrumb\"},\"inLanguage\":\"en-US\",\"potentialAction\":[{\"@type\":\"ReadAction\",\"target\":[\"https:\\\/\\\/akunq.net\\\/tr\\\/?p=62704\"]}]},{\"@type\":\"ImageObject\",\"inLanguage\":\"en-US\",\"@id\":\"https:\\\/\\\/akunq.net\\\/tr\\\/?p=62704#primaryimage\",\"url\":\"https:\\\/\\\/akunq.net\\\/tr\\\/wp-content\\\/uploads\\\/sites\\\/6\\\/2021\\\/05\\\/Midyat\u2019ta-S\u00fcryaniler.jpg\",\"contentUrl\":\"https:\\\/\\\/akunq.net\\\/tr\\\/wp-content\\\/uploads\\\/sites\\\/6\\\/2021\\\/05\\\/Midyat\u2019ta-S\u00fcryaniler.jpg\",\"width\":650,\"height\":344},{\"@type\":\"BreadcrumbList\",\"@id\":\"https:\\\/\\\/akunq.net\\\/tr\\\/?p=62704#breadcrumb\",\"itemListElement\":[{\"@type\":\"ListItem\",\"position\":1,\"name\":\"Home\",\"item\":\"https:\\\/\\\/akunq.net\\\/tr\"},{\"@type\":\"ListItem\",\"position\":2,\"name\":\"Midyat\u2019ta S\u00fcryaniler Paskalya Bayram\u0131 kutlad\u0131\"}]},{\"@type\":\"WebSite\",\"@id\":\"https:\\\/\\\/akunq.net\\\/tr\\\/#website\",\"url\":\"https:\\\/\\\/akunq.net\\\/tr\\\/\",\"name\":\"Bati Ermenistan Ve Bati Ermenileri Sorunlari Ara\u015ftirmalar Merkezi\",\"description\":\"\",\"potentialAction\":[{\"@type\":\"SearchAction\",\"target\":{\"@type\":\"EntryPoint\",\"urlTemplate\":\"https:\\\/\\\/akunq.net\\\/tr\\\/?s={search_term_string}\"},\"query-input\":{\"@type\":\"PropertyValueSpecification\",\"valueRequired\":true,\"valueName\":\"search_term_string\"}}],\"inLanguage\":\"en-US\"},{\"@type\":\"Person\",\"@id\":\"https:\\\/\\\/akunq.net\\\/tr\\\/#\\\/schema\\\/person\\\/096f1d38a12cce57fb855b485ed24c9e\",\"name\":\"admin\",\"url\":\"https:\\\/\\\/akunq.net\\\/tr\\\/?author=7\"}]}<\/script>\n<!-- \/ Yoast SEO plugin. -->","yoast_head_json":{"title":"Midyat\u2019ta S\u00fcryaniler Paskalya Bayram\u0131 kutlad\u0131 - Bati Ermenistan Ve Bati Ermenileri Sorunlari Ara\u015ftirmalar Merkezi","robots":{"index":"index","follow":"follow","max-snippet":"max-snippet:-1","max-image-preview":"max-image-preview:large","max-video-preview":"max-video-preview:-1"},"canonical":"https:\/\/akunq.net\/tr\/?p=62704","og_locale":"en_US","og_type":"article","og_title":"Midyat\u2019ta S\u00fcryaniler Paskalya Bayram\u0131 kutlad\u0131 - Bati Ermenistan Ve Bati Ermenileri Sorunlari Ara\u015ftirmalar Merkezi","og_description":"MEHMET \u0130\u015e Mardin\u2019in Midyat il\u00e7esinde, S\u00fcryaniler koronavir\u00fcs g\u00f6lgesinde Paskalya Bayram\u0131n\u0131 kutlad\u0131. S\u00fcryaniler, en b\u00fcy\u00fck bayramlar\u0131 olarak kabul edilen Paskalya (Dakyomto) Bayram\u0131\u2019n\u0131 d\u00fczenledikleri ayinle kutlad\u0131. Farkl\u0131 inan\u00e7lar\u0131n ve dillerin bir arada bar\u0131\u015f i\u00e7inde ya\u015fad\u0131\u011f\u0131 tarihi Midyat\u2019ta, S\u00fcryanilerin en b\u00fcy\u00fck bayram\u0131 olarak kabul edilen Paskalya (Dakyomto) Bayram\u0131 d\u00fczenlenen ayinlerle kutland\u0131. S\u00fcryanilerin paskalya kutlamalar\u0131, Mor Barsavmo Kilisesi\u2019nde Papaz [&hellip;]","og_url":"https:\/\/akunq.net\/tr\/?p=62704","og_site_name":"Bati Ermenistan Ve Bati Ermenileri Sorunlari Ara\u015ftirmalar Merkezi","article_published_time":"2021-05-03T08:06:17+00:00","og_image":[{"width":650,"height":344,"url":"https:\/\/akunq.net\/tr\/wp-content\/uploads\/sites\/6\/2021\/05\/Midyat\u2019ta-S\u00fcryaniler.jpg","type":"image\/jpeg"}],"author":"admin","twitter_card":"summary_large_image","twitter_misc":{"Written by":"admin","Est. reading time":"1 minute"},"schema":{"@context":"https:\/\/schema.org","@graph":[{"@type":"Article","@id":"https:\/\/akunq.net\/tr\/?p=62704#article","isPartOf":{"@id":"https:\/\/akunq.net\/tr\/?p=62704"},"author":{"name":"admin","@id":"https:\/\/akunq.net\/tr\/#\/schema\/person\/096f1d38a12cce57fb855b485ed24c9e"},"headline":"Midyat\u2019ta S\u00fcryaniler Paskalya Bayram\u0131 kutlad\u0131","datePublished":"2021-05-03T08:06:17+00:00","mainEntityOfPage":{"@id":"https:\/\/akunq.net\/tr\/?p=62704"},"wordCount":299,"commentCount":0,"image":{"@id":"https:\/\/akunq.net\/tr\/?p=62704#primaryimage"},"thumbnailUrl":"https:\/\/akunq.net\/tr\/wp-content\/uploads\/sites\/6\/2021\/05\/Midyat\u2019ta-S\u00fcryaniler.jpg","articleSection":["Haberler","T\u00fcrkiye\u2019de Az\u0131nl\u0131klar"],"inLanguage":"en-US","potentialAction":[{"@type":"CommentAction","name":"Comment","target":["https:\/\/akunq.net\/tr\/?p=62704#respond"]}]},{"@type":"WebPage","@id":"https:\/\/akunq.net\/tr\/?p=62704","url":"https:\/\/akunq.net\/tr\/?p=62704","name":"Midyat\u2019ta S\u00fcryaniler Paskalya Bayram\u0131 kutlad\u0131 - Bati Ermenistan Ve Bati Ermenileri Sorunlari Ara\u015ftirmalar Merkezi","isPartOf":{"@id":"https:\/\/akunq.net\/tr\/#website"},"primaryImageOfPage":{"@id":"https:\/\/akunq.net\/tr\/?p=62704#primaryimage"},"image":{"@id":"https:\/\/akunq.net\/tr\/?p=62704#primaryimage"},"thumbnailUrl":"https:\/\/akunq.net\/tr\/wp-content\/uploads\/sites\/6\/2021\/05\/Midyat\u2019ta-S\u00fcryaniler.jpg","datePublished":"2021-05-03T08:06:17+00:00","author":{"@id":"https:\/\/akunq.net\/tr\/#\/schema\/person\/096f1d38a12cce57fb855b485ed24c9e"},"breadcrumb":{"@id":"https:\/\/akunq.net\/tr\/?p=62704#breadcrumb"},"inLanguage":"en-US","potentialAction":[{"@type":"ReadAction","target":["https:\/\/akunq.net\/tr\/?p=62704"]}]},{"@type":"ImageObject","inLanguage":"en-US","@id":"https:\/\/akunq.net\/tr\/?p=62704#primaryimage","url":"https:\/\/akunq.net\/tr\/wp-content\/uploads\/sites\/6\/2021\/05\/Midyat\u2019ta-S\u00fcryaniler.jpg","contentUrl":"https:\/\/akunq.net\/tr\/wp-content\/uploads\/sites\/6\/2021\/05\/Midyat\u2019ta-S\u00fcryaniler.jpg","width":650,"height":344},{"@type":"BreadcrumbList","@id":"https:\/\/akunq.net\/tr\/?p=62704#breadcrumb","itemListElement":[{"@type":"ListItem","position":1,"name":"Home","item":"https:\/\/akunq.net\/tr"},{"@type":"ListItem","position":2,"name":"Midyat\u2019ta S\u00fcryaniler Paskalya Bayram\u0131 kutlad\u0131"}]},{"@type":"WebSite","@id":"https:\/\/akunq.net\/tr\/#website","url":"https:\/\/akunq.net\/tr\/","name":"Bati Ermenistan Ve Bati Ermenileri Sorunlari Ara\u015ftirmalar Merkezi","description":"","potentialAction":[{"@type":"SearchAction","target":{"@type":"EntryPoint","urlTemplate":"https:\/\/akunq.net\/tr\/?s={search_term_string}"},"query-input":{"@type":"PropertyValueSpecification","valueRequired":true,"valueName":"search_term_string"}}],"inLanguage":"en-US"},{"@type":"Person","@id":"https:\/\/akunq.net\/tr\/#\/schema\/person\/096f1d38a12cce57fb855b485ed24c9e","name":"admin","url":"https:\/\/akunq.net\/tr\/?author=7"}]}},"_links":{"self":[{"href":"https:\/\/akunq.net\/tr\/index.php?rest_route=\/wp\/v2\/posts\/62704","targetHints":{"allow":["GET"]}}],"collection":[{"href":"https:\/\/akunq.net\/tr\/index.php?rest_route=\/wp\/v2\/posts"}],"about":[{"href":"https:\/\/akunq.net\/tr\/index.php?rest_route=\/wp\/v2\/types\/post"}],"author":[{"embeddable":true,"href":"https:\/\/akunq.net\/tr\/index.php?rest_route=\/wp\/v2\/users\/7"}],"replies":[{"embeddable":true,"href":"https:\/\/akunq.net\/tr\/index.php?rest_route=%2Fwp%2Fv2%2Fcomments&post=62704"}],"version-history":[{"count":1,"href":"https:\/\/akunq.net\/tr\/index.php?rest_route=\/wp\/v2\/posts\/62704\/revisions"}],"predecessor-version":[{"id":62706,"href":"https:\/\/akunq.net\/tr\/index.php?rest_route=\/wp\/v2\/posts\/62704\/revisions\/62706"}],"wp:featuredmedia":[{"embeddable":true,"href":"https:\/\/akunq.net\/tr\/index.php?rest_route=\/wp\/v2\/media\/62705"}],"wp:attachment":[{"href":"https:\/\/akunq.net\/tr\/index.php?rest_route=%2Fwp%2Fv2%2Fmedia&parent=62704"}],"wp:term":[{"taxonomy":"category","embeddable":true,"href":"https:\/\/akunq.net\/tr\/index.php?rest_route=%2Fwp%2Fv2%2Fcategories&post=62704"},{"taxonomy":"post_tag","embeddable":true,"href":"https:\/\/akunq.net\/tr\/index.php?rest_route=%2Fwp%2Fv2%2Ftags&post=62704"}],"curies":[{"name":"wp","href":"https:\/\/api.w.org\/{rel}","templated":true}]}}